{"id":32741,"date":"2022-05-28T12:19:51","date_gmt":"2022-05-28T18:19:51","guid":{"rendered":"https:\/\/fuentesfidedignas.com.mx\/?p=32741"},"modified":"2022-05-28T12:21:30","modified_gmt":"2022-05-28T18:21:30","slug":"juez-ordena-suspender-las-corridas-en-la-plaza-de-toros-mexico","status":"publish","type":"post","link":"https:\/\/fuentesfidedignas.com.mx\/index.php\/2022\/05\/28\/juez-ordena-suspender-las-corridas-en-la-plaza-de-toros-mexico\/","title":{"rendered":"Juez ordena suspender las corridas en la Plaza de Toros M\u00e9xico"},"content":{"rendered":"\n<p><br><strong><em>Un juez federal orden\u00f3 la cancelaci\u00f3n \u201cde inmediato\u201d de las corridas en la Plaza de Toros M\u00e9xico al menos hasta el pr\u00f3ximo 2 de junio, cuando se celebre una nueva audiencia<\/em><\/strong> <\/p>\n\n\n\n<p>Ciudad de M\u00e9xico.  En seguimiento al juicio de amparo promovido por la organizaci\u00f3n civil Justicia Justa, un juez federal orden\u00f3 la cancelaci\u00f3n \u201cde inmediato\u201d de las corridas de toros en la alcald\u00eda Benito Ju\u00e1rez, por lo que qued\u00f3 suspendida, al menos hasta el pr\u00f3ximo 2 de junio, la llamada \u201cfiesta brava\u201d en la Plaza de Toros M\u00e9xico.<\/p>\n\n\n\n<p>El Juez Primero de Distrito en Materia Administrativa con sede en la Ciudad de M\u00e9xico, Jonathan Bass, tambi\u00e9n instruy\u00f3 la suspensi\u00f3n del otorgamiento de permisos para realizar dichos espect\u00e1culos en la plaza considerada la m\u00e1s importante de Latinoam\u00e9rica.<\/p>\n\n\n\n<p>Adem\u00e1s, pidi\u00f3 a las autoridades responsables le entreguen un informe en las siguientes 48 horas, en el cual le digan \u201csi son o no ciertos los actos reclamados que se les atribuyen y podr\u00e1n expresar las razones que estimen pertinentes sobre la procedencia o improcedencia de la suspensi\u00f3n\u201d.<\/p>\n\n\n\n<p>Tambi\u00e9n les indic\u00f3 \u201cproporcionar los datos que tengan a su alcance que permitan al \u00f3rgano establecer, en su caso, el monto de las garant\u00edas correspondientes\u201d.<\/p>\n\n\n\n<p>La medida provisional respondi\u00f3 al seguimiento de un juicio de amparo promovido por la organizaci\u00f3n civil Justicia Justa, presidida por el abogado Luis P\u00e9rez de Acha, en el que se pidi\u00f3 la protecci\u00f3n de la justicia federal.<\/p>\n\n\n\n<p>El argumento fue que, al autorizar los espect\u00e1culos taurinos, las autoridades capitalinas omiten \u201ccumplir y observar\u201d la Ley para la Reconstrucci\u00f3n Integral de la Ciudad de M\u00e9xico y la Ley de Acceso de las Mujeres a una Vida Libre de Violencia de la capital.<\/p>\n\n\n\n<p>Entre sus argumentos, se\u00f1ala que en esos espect\u00e1culos se da un \u201ctrato degradante\u201d a los toros y se viola el derecho a un medio ambiente sano.<\/p>\n\n\n\n<p>La autoridad marc\u00f3 el pr\u00f3ximo 2 de junio a las 9 horas para celebrar la audiencia incidental del caso, en el que las partes se\u00f1aladas podr\u00e1n comparecer y ofrecer pruebas documentales y de inspecci\u00f3n judicial que se hayan hecho para determinar si concede la suspensi\u00f3n definitiva a la organizaci\u00f3n.<\/p>\n\n\n\n<p>Ello, aclar\u00f3, no significa la cancelaci\u00f3n de las corridas de toros, sino la posibilidad de suspender por tiempo indefinido esos espect\u00e1culos, mientras el tribunal determina si procede o no el fondo de la demanda<\/p>\n","protected":false},"excerpt":{"rendered":"<p>Un juez federal orden\u00f3 la cancelaci\u00f3n \u201cde inmediato\u201d de las corridas en la Plaza de Toros M\u00e9xico al menos hasta el pr\u00f3ximo 2 de junio, cuando se celebre una nueva audiencia Ciudad de M\u00e9xico. En seguimiento al juicio de amparo promovido por la organizaci\u00f3n civil Justicia Justa, un juez federal orden\u00f3 la cancelaci\u00f3n \u201cde inmediato\u201d [&hellip;]<\/p>\n","protected":false},"author":50,"featured_media":32743,"comment_status":"open","ping_status":"open","sticky":false,"template":"","format":"standard","meta":{"tdm_status":"","tdm_grid_status":"","footnotes":""},"categories":[39],"tags":[],"class_list":{"0":"post-32741","1":"post","2":"type-post","3":"status-publish","4":"format-standard","5":"has-post-thumbnail","7":"category-noticias-nacionales"},"yoast_head":"<!-- This site is optimized with the Yoast SEO plugin v27.4 - https:\/\/yoast.com\/product\/yoast-seo-wordpress\/ -->\n<title>Juez ordena suspender las corridas en la Plaza de Toros M\u00e9xico - Fuentes Fidedignas<\/title>\n<meta name=\"robots\" content=\"index, follow, max-snippet:-1, max-image-preview:large, max-video-preview:-1\" \/>\n<link rel=\"canonical\" href=\"https:\/\/fuentesfidedignas.com.mx\/index.php\/2022\/05\/28\/juez-ordena-suspender-las-corridas-en-la-plaza-de-toros-mexico\/\" \/>\n<meta property=\"og:locale\" content=\"es_MX\" \/>\n<meta property=\"og:type\" content=\"article\" \/>\n<meta property=\"og:title\" content=\"Juez ordena suspender las corridas en la Plaza de Toros M\u00e9xico - Fuentes Fidedignas\" \/>\n<meta property=\"og:description\" content=\"Un juez federal orden\u00f3 la cancelaci\u00f3n \u201cde inmediato\u201d de las corridas en la Plaza de Toros M\u00e9xico al menos hasta el pr\u00f3ximo 2 de junio, cuando se celebre una nueva audiencia Ciudad de M\u00e9xico. En seguimiento al juicio de amparo promovido por la organizaci\u00f3n civil Justicia Justa, un juez federal orden\u00f3 la cancelaci\u00f3n \u201cde inmediato\u201d [&hellip;]\" \/>\n<meta property=\"og:url\" content=\"https:\/\/fuentesfidedignas.com.mx\/index.php\/2022\/05\/28\/juez-ordena-suspender-las-corridas-en-la-plaza-de-toros-mexico\/\" \/>\n<meta property=\"og:site_name\" content=\"Fuentes Fidedignas\" \/>\n<meta property=\"article:publisher\" content=\"https:\/\/www.facebook.com\/Fuentes-Fidedignas-368234489921644\" \/>\n<meta property=\"article:published_time\" content=\"2022-05-28T18:19:51+00:00\" \/>\n<meta property=\"article:modified_time\" content=\"2022-05-28T18:21:30+00:00\" \/>\n<meta property=\"og:image\" content=\"https:\/\/fuentesfidedignas.com.mx\/wp-content\/uploads\/2022\/05\/f608x342-155372_185095_15.jpg\" \/>\n\t<meta property=\"og:image:width\" content=\"608\" \/>\n\t<meta property=\"og:image:height\" content=\"342\" \/>\n\t<meta property=\"og:image:type\" content=\"image\/jpeg\" \/>\n<meta name=\"author\" content=\"Proceso\" \/>\n<meta name=\"twitter:card\" content=\"summary_large_image\" \/>\n<meta name=\"twitter:creator\" content=\"@fidedignas\" \/>\n<meta name=\"twitter:site\" content=\"@fidedignas\" \/>\n<meta name=\"twitter:label1\" content=\"Escrito por\" \/>\n\t<meta name=\"twitter:data1\" content=\"Proceso\" \/>\n\t<meta name=\"twitter:label2\" content=\"Tiempo de lectura\" \/>\n\t<meta name=\"twitter:data2\" content=\"2 minutos\" \/>\n<script type=\"application\/ld+json\" class=\"yoast-schema-graph\">{\"@context\":\"https:\\\/\\\/schema.org\",\"@graph\":[{\"@type\":\"Article\",\"@id\":\"https:\\\/\\\/fuentesfidedignas.com.mx\\\/index.php\\\/2022\\\/05\\\/28\\\/juez-ordena-suspender-las-corridas-en-la-plaza-de-toros-mexico\\\/#article\",\"isPartOf\":{\"@id\":\"https:\\\/\\\/fuentesfidedignas.com.mx\\\/index.php\\\/2022\\\/05\\\/28\\\/juez-ordena-suspender-las-corridas-en-la-plaza-de-toros-mexico\\\/\"},\"author\":{\"name\":\"Proceso\",\"@id\":\"https:\\\/\\\/fuentesfidedignas.com.mx\\\/#\\\/schema\\\/person\\\/eb72247ff123b3ce5e4cadc7f50ae372\"},\"headline\":\"Juez ordena suspender las corridas en la Plaza de Toros M\u00e9xico\",\"datePublished\":\"2022-05-28T18:19:51+00:00\",\"dateModified\":\"2022-05-28T18:21:30+00:00\",\"mainEntityOfPage\":{\"@id\":\"https:\\\/\\\/fuentesfidedignas.com.mx\\\/index.php\\\/2022\\\/05\\\/28\\\/juez-ordena-suspender-las-corridas-en-la-plaza-de-toros-mexico\\\/\"},\"wordCount\":433,\"commentCount\":0,\"publisher\":{\"@id\":\"https:\\\/\\\/fuentesfidedignas.com.mx\\\/#organization\"},\"image\":{\"@id\":\"https:\\\/\\\/fuentesfidedignas.com.mx\\\/index.php\\\/2022\\\/05\\\/28\\\/juez-ordena-suspender-las-corridas-en-la-plaza-de-toros-mexico\\\/#primaryimage\"},\"thumbnailUrl\":\"https:\\\/\\\/fuentesfidedignas.com.mx\\\/wp-content\\\/uploads\\\/2022\\\/05\\\/f608x342-155372_185095_15.jpg\",\"articleSection\":[\"NOTICIAS NACIONALES\"],\"inLanguage\":\"es\",\"potentialAction\":[{\"@type\":\"CommentAction\",\"name\":\"Comment\",\"target\":[\"https:\\\/\\\/fuentesfidedignas.com.mx\\\/index.php\\\/2022\\\/05\\\/28\\\/juez-ordena-suspender-las-corridas-en-la-plaza-de-toros-mexico\\\/#respond\"]}]},{\"@type\":\"WebPage\",\"@id\":\"https:\\\/\\\/fuentesfidedignas.com.mx\\\/index.php\\\/2022\\\/05\\\/28\\\/juez-ordena-suspender-las-corridas-en-la-plaza-de-toros-mexico\\\/\",\"url\":\"https:\\\/\\\/fuentesfidedignas.com.mx\\\/index.php\\\/2022\\\/05\\\/28\\\/juez-ordena-suspender-las-corridas-en-la-plaza-de-toros-mexico\\\/\",\"name\":\"Juez ordena suspender las corridas en la Plaza de Toros M\u00e9xico - Fuentes Fidedignas\",\"isPartOf\":{\"@id\":\"https:\\\/\\\/fuentesfidedignas.com.mx\\\/#website\"},\"primaryImageOfPage\":{\"@id\":\"https:\\\/\\\/fuentesfidedignas.com.mx\\\/index.php\\\/2022\\\/05\\\/28\\\/juez-ordena-suspender-las-corridas-en-la-plaza-de-toros-mexico\\\/#primaryimage\"},\"image\":{\"@id\":\"https:\\\/\\\/fuentesfidedignas.com.mx\\\/index.php\\\/2022\\\/05\\\/28\\\/juez-ordena-suspender-las-corridas-en-la-plaza-de-toros-mexico\\\/#primaryimage\"},\"thumbnailUrl\":\"https:\\\/\\\/fuentesfidedignas.com.mx\\\/wp-content\\\/uploads\\\/2022\\\/05\\\/f608x342-155372_185095_15.jpg\",\"datePublished\":\"2022-05-28T18:19:51+00:00\",\"dateModified\":\"2022-05-28T18:21:30+00:00\",\"breadcrumb\":{\"@id\":\"https:\\\/\\\/fuentesfidedignas.com.mx\\\/index.php\\\/2022\\\/05\\\/28\\\/juez-ordena-suspender-las-corridas-en-la-plaza-de-toros-mexico\\\/#breadcrumb\"},\"inLanguage\":\"es\",\"potentialAction\":[{\"@type\":\"ReadAction\",\"target\":[\"https:\\\/\\\/fuentesfidedignas.com.mx\\\/index.php\\\/2022\\\/05\\\/28\\\/juez-ordena-suspender-las-corridas-en-la-plaza-de-toros-mexico\\\/\"]}]},{\"@type\":\"ImageObject\",\"inLanguage\":\"es\",\"@id\":\"https:\\\/\\\/fuentesfidedignas.com.mx\\\/index.php\\\/2022\\\/05\\\/28\\\/juez-ordena-suspender-las-corridas-en-la-plaza-de-toros-mexico\\\/#primaryimage\",\"url\":\"https:\\\/\\\/fuentesfidedignas.com.mx\\\/wp-content\\\/uploads\\\/2022\\\/05\\\/f608x342-155372_185095_15.jpg\",\"contentUrl\":\"https:\\\/\\\/fuentesfidedignas.com.mx\\\/wp-content\\\/uploads\\\/2022\\\/05\\\/f608x342-155372_185095_15.jpg\",\"width\":608,\"height\":342},{\"@type\":\"BreadcrumbList\",\"@id\":\"https:\\\/\\\/fuentesfidedignas.com.mx\\\/index.php\\\/2022\\\/05\\\/28\\\/juez-ordena-suspender-las-corridas-en-la-plaza-de-toros-mexico\\\/#breadcrumb\",\"itemListElement\":[{\"@type\":\"ListItem\",\"position\":1,\"name\":\"Inicio\",\"item\":\"https:\\\/\\\/fuentesfidedignas.com.mx\\\/\"},{\"@type\":\"ListItem\",\"position\":2,\"name\":\"Juez ordena suspender las corridas en la Plaza de Toros M\u00e9xico\"}]},{\"@type\":\"WebSite\",\"@id\":\"https:\\\/\\\/fuentesfidedignas.com.mx\\\/#website\",\"url\":\"https:\\\/\\\/fuentesfidedignas.com.mx\\\/\",\"name\":\"Fuentes Fidedignas\",\"description\":\"Otro sitio realizado con WordPress\",\"publisher\":{\"@id\":\"https:\\\/\\\/fuentesfidedignas.com.mx\\\/#organization\"},\"potentialAction\":[{\"@type\":\"SearchAction\",\"target\":{\"@type\":\"EntryPoint\",\"urlTemplate\":\"https:\\\/\\\/fuentesfidedignas.com.mx\\\/?s={search_term_string}\"},\"query-input\":{\"@type\":\"PropertyValueSpecification\",\"valueRequired\":true,\"valueName\":\"search_term_string\"}}],\"inLanguage\":\"es\"},{\"@type\":\"Organization\",\"@id\":\"https:\\\/\\\/fuentesfidedignas.com.mx\\\/#organization\",\"name\":\"Fuentes Fidedignas\",\"url\":\"https:\\\/\\\/fuentesfidedignas.com.mx\\\/\",\"logo\":{\"@type\":\"ImageObject\",\"inLanguage\":\"es\",\"@id\":\"https:\\\/\\\/fuentesfidedignas.com.mx\\\/#\\\/schema\\\/logo\\\/image\\\/\",\"url\":\"https:\\\/\\\/fuentesfidedignas.com.mx\\\/wp-content\\\/uploads\\\/2021\\\/04\\\/logo-retina.png\",\"contentUrl\":\"https:\\\/\\\/fuentesfidedignas.com.mx\\\/wp-content\\\/uploads\\\/2021\\\/04\\\/logo-retina.png\",\"width\":280,\"height\":51,\"caption\":\"Fuentes Fidedignas\"},\"image\":{\"@id\":\"https:\\\/\\\/fuentesfidedignas.com.mx\\\/#\\\/schema\\\/logo\\\/image\\\/\"},\"sameAs\":[\"https:\\\/\\\/www.facebook.com\\\/Fuentes-Fidedignas-368234489921644\",\"https:\\\/\\\/x.com\\\/fidedignas\"]},{\"@type\":\"Person\",\"@id\":\"https:\\\/\\\/fuentesfidedignas.com.mx\\\/#\\\/schema\\\/person\\\/eb72247ff123b3ce5e4cadc7f50ae372\",\"name\":\"Proceso\",\"image\":{\"@type\":\"ImageObject\",\"inLanguage\":\"es\",\"@id\":\"https:\\\/\\\/secure.gravatar.com\\\/avatar\\\/0bb01ecb091d50a46122cbe5cc32ffea15a000f83628f1e40458e669d38ff2cd?s=96&d=mm&r=g\",\"url\":\"https:\\\/\\\/secure.gravatar.com\\\/avatar\\\/0bb01ecb091d50a46122cbe5cc32ffea15a000f83628f1e40458e669d38ff2cd?s=96&d=mm&r=g\",\"contentUrl\":\"https:\\\/\\\/secure.gravatar.com\\\/avatar\\\/0bb01ecb091d50a46122cbe5cc32ffea15a000f83628f1e40458e669d38ff2cd?s=96&d=mm&r=g\",\"caption\":\"Proceso\"},\"url\":\"https:\\\/\\\/fuentesfidedignas.com.mx\\\/index.php\\\/author\\\/proceso\\\/\"}]}<\/script>\n<!-- \/ Yoast SEO plugin. -->","yoast_head_json":{"title":"Juez ordena suspender las corridas en la Plaza de Toros M\u00e9xico - Fuentes Fidedignas","robots":{"index":"index","follow":"follow","max-snippet":"max-snippet:-1","max-image-preview":"max-image-preview:large","max-video-preview":"max-video-preview:-1"},"canonical":"https:\/\/fuentesfidedignas.com.mx\/index.php\/2022\/05\/28\/juez-ordena-suspender-las-corridas-en-la-plaza-de-toros-mexico\/","og_locale":"es_MX","og_type":"article","og_title":"Juez ordena suspender las corridas en la Plaza de Toros M\u00e9xico - Fuentes Fidedignas","og_description":"Un juez federal orden\u00f3 la cancelaci\u00f3n \u201cde inmediato\u201d de las corridas en la Plaza de Toros M\u00e9xico al menos hasta el pr\u00f3ximo 2 de junio, cuando se celebre una nueva audiencia Ciudad de M\u00e9xico. En seguimiento al juicio de amparo promovido por la organizaci\u00f3n civil Justicia Justa, un juez federal orden\u00f3 la cancelaci\u00f3n \u201cde inmediato\u201d [&hellip;]","og_url":"https:\/\/fuentesfidedignas.com.mx\/index.php\/2022\/05\/28\/juez-ordena-suspender-las-corridas-en-la-plaza-de-toros-mexico\/","og_site_name":"Fuentes Fidedignas","article_publisher":"https:\/\/www.facebook.com\/Fuentes-Fidedignas-368234489921644","article_published_time":"2022-05-28T18:19:51+00:00","article_modified_time":"2022-05-28T18:21:30+00:00","og_image":[{"width":608,"height":342,"url":"https:\/\/fuentesfidedignas.com.mx\/wp-content\/uploads\/2022\/05\/f608x342-155372_185095_15.jpg","type":"image\/jpeg"}],"author":"Proceso","twitter_card":"summary_large_image","twitter_creator":"@fidedignas","twitter_site":"@fidedignas","twitter_misc":{"Escrito por":"Proceso","Tiempo de lectura":"2 minutos"},"schema":{"@context":"https:\/\/schema.org","@graph":[{"@type":"Article","@id":"https:\/\/fuentesfidedignas.com.mx\/index.php\/2022\/05\/28\/juez-ordena-suspender-las-corridas-en-la-plaza-de-toros-mexico\/#article","isPartOf":{"@id":"https:\/\/fuentesfidedignas.com.mx\/index.php\/2022\/05\/28\/juez-ordena-suspender-las-corridas-en-la-plaza-de-toros-mexico\/"},"author":{"name":"Proceso","@id":"https:\/\/fuentesfidedignas.com.mx\/#\/schema\/person\/eb72247ff123b3ce5e4cadc7f50ae372"},"headline":"Juez ordena suspender las corridas en la Plaza de Toros M\u00e9xico","datePublished":"2022-05-28T18:19:51+00:00","dateModified":"2022-05-28T18:21:30+00:00","mainEntityOfPage":{"@id":"https:\/\/fuentesfidedignas.com.mx\/index.php\/2022\/05\/28\/juez-ordena-suspender-las-corridas-en-la-plaza-de-toros-mexico\/"},"wordCount":433,"commentCount":0,"publisher":{"@id":"https:\/\/fuentesfidedignas.com.mx\/#organization"},"image":{"@id":"https:\/\/fuentesfidedignas.com.mx\/index.php\/2022\/05\/28\/juez-ordena-suspender-las-corridas-en-la-plaza-de-toros-mexico\/#primaryimage"},"thumbnailUrl":"https:\/\/fuentesfidedignas.com.mx\/wp-content\/uploads\/2022\/05\/f608x342-155372_185095_15.jpg","articleSection":["NOTICIAS NACIONALES"],"inLanguage":"es","potentialAction":[{"@type":"CommentAction","name":"Comment","target":["https:\/\/fuentesfidedignas.com.mx\/index.php\/2022\/05\/28\/juez-ordena-suspender-las-corridas-en-la-plaza-de-toros-mexico\/#respond"]}]},{"@type":"WebPage","@id":"https:\/\/fuentesfidedignas.com.mx\/index.php\/2022\/05\/28\/juez-ordena-suspender-las-corridas-en-la-plaza-de-toros-mexico\/","url":"https:\/\/fuentesfidedignas.com.mx\/index.php\/2022\/05\/28\/juez-ordena-suspender-las-corridas-en-la-plaza-de-toros-mexico\/","name":"Juez ordena suspender las corridas en la Plaza de Toros M\u00e9xico - Fuentes Fidedignas","isPartOf":{"@id":"https:\/\/fuentesfidedignas.com.mx\/#website"},"primaryImageOfPage":{"@id":"https:\/\/fuentesfidedignas.com.mx\/index.php\/2022\/05\/28\/juez-ordena-suspender-las-corridas-en-la-plaza-de-toros-mexico\/#primaryimage"},"image":{"@id":"https:\/\/fuentesfidedignas.com.mx\/index.php\/2022\/05\/28\/juez-ordena-suspender-las-corridas-en-la-plaza-de-toros-mexico\/#primaryimage"},"thumbnailUrl":"https:\/\/fuentesfidedignas.com.mx\/wp-content\/uploads\/2022\/05\/f608x342-155372_185095_15.jpg","datePublished":"2022-05-28T18:19:51+00:00","dateModified":"2022-05-28T18:21:30+00:00","breadcrumb":{"@id":"https:\/\/fuentesfidedignas.com.mx\/index.php\/2022\/05\/28\/juez-ordena-suspender-las-corridas-en-la-plaza-de-toros-mexico\/#breadcrumb"},"inLanguage":"es","potentialAction":[{"@type":"ReadAction","target":["https:\/\/fuentesfidedignas.com.mx\/index.php\/2022\/05\/28\/juez-ordena-suspender-las-corridas-en-la-plaza-de-toros-mexico\/"]}]},{"@type":"ImageObject","inLanguage":"es","@id":"https:\/\/fuentesfidedignas.com.mx\/index.php\/2022\/05\/28\/juez-ordena-suspender-las-corridas-en-la-plaza-de-toros-mexico\/#primaryimage","url":"https:\/\/fuentesfidedignas.com.mx\/wp-content\/uploads\/2022\/05\/f608x342-155372_185095_15.jpg","contentUrl":"https:\/\/fuentesfidedignas.com.mx\/wp-content\/uploads\/2022\/05\/f608x342-155372_185095_15.jpg","width":608,"height":342},{"@type":"BreadcrumbList","@id":"https:\/\/fuentesfidedignas.com.mx\/index.php\/2022\/05\/28\/juez-ordena-suspender-las-corridas-en-la-plaza-de-toros-mexico\/#breadcrumb","itemListElement":[{"@type":"ListItem","position":1,"name":"Inicio","item":"https:\/\/fuentesfidedignas.com.mx\/"},{"@type":"ListItem","position":2,"name":"Juez ordena suspender las corridas en la Plaza de Toros M\u00e9xico"}]},{"@type":"WebSite","@id":"https:\/\/fuentesfidedignas.com.mx\/#website","url":"https:\/\/fuentesfidedignas.com.mx\/","name":"Fuentes Fidedignas","description":"Otro sitio realizado con WordPress","publisher":{"@id":"https:\/\/fuentesfidedignas.com.mx\/#organization"},"potentialAction":[{"@type":"SearchAction","target":{"@type":"EntryPoint","urlTemplate":"https:\/\/fuentesfidedignas.com.mx\/?s={search_term_string}"},"query-input":{"@type":"PropertyValueSpecification","valueRequired":true,"valueName":"search_term_string"}}],"inLanguage":"es"},{"@type":"Organization","@id":"https:\/\/fuentesfidedignas.com.mx\/#organization","name":"Fuentes Fidedignas","url":"https:\/\/fuentesfidedignas.com.mx\/","logo":{"@type":"ImageObject","inLanguage":"es","@id":"https:\/\/fuentesfidedignas.com.mx\/#\/schema\/logo\/image\/","url":"https:\/\/fuentesfidedignas.com.mx\/wp-content\/uploads\/2021\/04\/logo-retina.png","contentUrl":"https:\/\/fuentesfidedignas.com.mx\/wp-content\/uploads\/2021\/04\/logo-retina.png","width":280,"height":51,"caption":"Fuentes Fidedignas"},"image":{"@id":"https:\/\/fuentesfidedignas.com.mx\/#\/schema\/logo\/image\/"},"sameAs":["https:\/\/www.facebook.com\/Fuentes-Fidedignas-368234489921644","https:\/\/x.com\/fidedignas"]},{"@type":"Person","@id":"https:\/\/fuentesfidedignas.com.mx\/#\/schema\/person\/eb72247ff123b3ce5e4cadc7f50ae372","name":"Proceso","image":{"@type":"ImageObject","inLanguage":"es","@id":"https:\/\/secure.gravatar.com\/avatar\/0bb01ecb091d50a46122cbe5cc32ffea15a000f83628f1e40458e669d38ff2cd?s=96&d=mm&r=g","url":"https:\/\/secure.gravatar.com\/avatar\/0bb01ecb091d50a46122cbe5cc32ffea15a000f83628f1e40458e669d38ff2cd?s=96&d=mm&r=g","contentUrl":"https:\/\/secure.gravatar.com\/avatar\/0bb01ecb091d50a46122cbe5cc32ffea15a000f83628f1e40458e669d38ff2cd?s=96&d=mm&r=g","caption":"Proceso"},"url":"https:\/\/fuentesfidedignas.com.mx\/index.php\/author\/proceso\/"}]}},"_links":{"self":[{"href":"https:\/\/fuentesfidedignas.com.mx\/index.php\/wp-json\/wp\/v2\/posts\/32741","targetHints":{"allow":["GET"]}}],"collection":[{"href":"https:\/\/fuentesfidedignas.com.mx\/index.php\/wp-json\/wp\/v2\/posts"}],"about":[{"href":"https:\/\/fuentesfidedignas.com.mx\/index.php\/wp-json\/wp\/v2\/types\/post"}],"author":[{"embeddable":true,"href":"https:\/\/fuentesfidedignas.com.mx\/index.php\/wp-json\/wp\/v2\/users\/50"}],"replies":[{"embeddable":true,"href":"https:\/\/fuentesfidedignas.com.mx\/index.php\/wp-json\/wp\/v2\/comments?post=32741"}],"version-history":[{"count":2,"href":"https:\/\/fuentesfidedignas.com.mx\/index.php\/wp-json\/wp\/v2\/posts\/32741\/revisions"}],"predecessor-version":[{"id":32744,"href":"https:\/\/fuentesfidedignas.com.mx\/index.php\/wp-json\/wp\/v2\/posts\/32741\/revisions\/32744"}],"wp:featuredmedia":[{"embeddable":true,"href":"https:\/\/fuentesfidedignas.com.mx\/index.php\/wp-json\/wp\/v2\/media\/32743"}],"wp:attachment":[{"href":"https:\/\/fuentesfidedignas.com.mx\/index.php\/wp-json\/wp\/v2\/media?parent=32741"}],"wp:term":[{"taxonomy":"category","embeddable":true,"href":"https:\/\/fuentesfidedignas.com.mx\/index.php\/wp-json\/wp\/v2\/categories?post=32741"},{"taxonomy":"post_tag","embeddable":true,"href":"https:\/\/fuentesfidedignas.com.mx\/index.php\/wp-json\/wp\/v2\/tags?post=32741"}],"curies":[{"name":"wp","href":"https:\/\/api.w.org\/{rel}","templated":true}]}}