{"id":32656,"date":"2022-05-27T11:26:56","date_gmt":"2022-05-27T17:26:56","guid":{"rendered":"https:\/\/fuentesfidedignas.com.mx\/?p=32656"},"modified":"2022-05-27T13:17:46","modified_gmt":"2022-05-27T19:17:46","slug":"yo-di-la-orden-amlo-reitero-que-fue-el-responsable-de-liberar-a-ovidio-guzman-durante-el-culiacanazo","status":"publish","type":"post","link":"https:\/\/fuentesfidedignas.com.mx\/index.php\/2022\/05\/27\/yo-di-la-orden-amlo-reitero-que-fue-el-responsable-de-liberar-a-ovidio-guzman-durante-el-culiacanazo\/","title":{"rendered":"AMLO asume responsabilidad de liberaci\u00f3n de Ovidio Guzm\u00e1n&#8221; e informar\u00e1 del \u201cculiacanazo\u201d"},"content":{"rendered":"\n<p><strong><em>En su conferencia realizada en Culiac\u00e1n, Sinaloa, el mandatario federal fue cuestionado por un reportero sobre qui\u00e9nes fueron los encargados del fallido operativo del 17 de octubre de 2019<\/em><\/strong><\/p>\n\n\n\n<p>Culiac\u00e1n, Sin.- El presidente Andr\u00e9s Manuel L\u00f3pez Obrador (AMLO) insisti\u00f3 una vez m\u00e1s, que \u00e9l dio la orden de liberar a Ovidio Guzm\u00e1n, hijo del narcotraficante Joaqu\u00edn \u201cEl Chapo\u201d Guzm\u00e1n, hace dos a\u00f1os y medio en Culiac\u00e1n, Sinaloa, hecho fue es conocido popularmente como el \u201ccualiacanazo\u201d.<\/p>\n\n\n\n<p>Y es que al t\u00e9rmino de su conferencia ma\u00f1anera realizada este viernes en Culiac\u00e1n, el mandatario federal fue cuestionado por un periodista local si hay alguna investigaci\u00f3n interna para conocer qui\u00e9nes fueron los responsables de aquel operativo fallido del 17 de octubre de 2019, en el que sicarios del C\u00e1rtel de Sinaloa paralizaron a sangre y fuego la capital sinaloense para liberar al hijo del Chapo.<\/p>\n\n\n\n<p>En respuesta, L\u00f3pez Obrador reiter\u00f3 que \u00e9l fue quien dio la orden de detener el operativo y liberar a Ovidio Guzm\u00e1n.<\/p>\n\n\n\n<p>\u201cEs una informaci\u00f3n que ya se ha dado en el sentido de que se suspendi\u00f3 y se suspendi\u00f3 porque no quisimos poner en riesgo la vida de mucha gente. Y yo di la instrucci\u00f3n de que se detuviera el operativo porque lo que m\u00e1s me importa es la vida\u201d, enfatiz\u00f3 el presidente.<\/p>\n\n\n\n<p>Al ser cuestionado por el reportero de por qu\u00e9 no hay un responsable de ese operativo fallido, el jefe del Ejecutivo federal se comprometi\u00f3 a rendir un informe formal y p\u00fablico sobre el caso \u201cen una semana o 15 d\u00edas\u201d.<\/p>\n\n\n\n<p>\u201cVamos a informarlo bien cuando tengamos todos los elementos, es mi compromiso\u201d, sostuvo.<\/p>\n\n\n\n<p><em>-\u00bfPara cu\u00e1ndo puede ser?, insisti\u00f3 el reportero.<\/em><\/p>\n\n\n\n<p>-\u201dPues puede ser en una semana o 15 d\u00edas, si te parece para no hacerlo as\u00ed atropelladamente\u201d, finaliz\u00f3.<\/p>\n","protected":false},"excerpt":{"rendered":"<p>En su conferencia realizada en Culiac\u00e1n, Sinaloa, el mandatario federal fue cuestionado por un reportero sobre qui\u00e9nes fueron los encargados del fallido operativo del 17 de octubre de 2019 Culiac\u00e1n, Sin.- El presidente Andr\u00e9s Manuel L\u00f3pez Obrador (AMLO) insisti\u00f3 una vez m\u00e1s, que \u00e9l dio la orden de liberar a Ovidio Guzm\u00e1n, hijo del narcotraficante [&hellip;]<\/p>\n","protected":false},"author":41,"featured_media":32657,"comment_status":"open","ping_status":"open","sticky":false,"template":"","format":"standard","meta":{"tdm_status":"","tdm_grid_status":"","footnotes":""},"categories":[39],"tags":[],"class_list":{"0":"post-32656","1":"post","2":"type-post","3":"status-publish","4":"format-standard","5":"has-post-thumbnail","7":"category-noticias-nacionales"},"yoast_head":"<!-- This site is optimized with the Yoast SEO plugin v27.5 - https:\/\/yoast.com\/product\/yoast-seo-wordpress\/ -->\n<title>AMLO asume responsabilidad de liberaci\u00f3n de Ovidio Guzm\u00e1n&quot; e informar\u00e1 del \u201cculiacanazo\u201d - Fuentes Fidedignas<\/title>\n<meta name=\"robots\" content=\"index, follow, max-snippet:-1, max-image-preview:large, max-video-preview:-1\" \/>\n<link rel=\"canonical\" href=\"https:\/\/fuentesfidedignas.com.mx\/index.php\/2022\/05\/27\/yo-di-la-orden-amlo-reitero-que-fue-el-responsable-de-liberar-a-ovidio-guzman-durante-el-culiacanazo\/\" \/>\n<meta property=\"og:locale\" content=\"es_MX\" \/>\n<meta property=\"og:type\" content=\"article\" \/>\n<meta property=\"og:title\" content=\"AMLO asume responsabilidad de liberaci\u00f3n de Ovidio Guzm\u00e1n&quot; e informar\u00e1 del \u201cculiacanazo\u201d - Fuentes Fidedignas\" \/>\n<meta property=\"og:description\" content=\"En su conferencia realizada en Culiac\u00e1n, Sinaloa, el mandatario federal fue cuestionado por un reportero sobre qui\u00e9nes fueron los encargados del fallido operativo del 17 de octubre de 2019 Culiac\u00e1n, Sin.- El presidente Andr\u00e9s Manuel L\u00f3pez Obrador (AMLO) insisti\u00f3 una vez m\u00e1s, que \u00e9l dio la orden de liberar a Ovidio Guzm\u00e1n, hijo del narcotraficante [&hellip;]\" \/>\n<meta property=\"og:url\" content=\"https:\/\/fuentesfidedignas.com.mx\/index.php\/2022\/05\/27\/yo-di-la-orden-amlo-reitero-que-fue-el-responsable-de-liberar-a-ovidio-guzman-durante-el-culiacanazo\/\" \/>\n<meta property=\"og:site_name\" content=\"Fuentes Fidedignas\" \/>\n<meta property=\"article:publisher\" content=\"https:\/\/www.facebook.com\/Fuentes-Fidedignas-368234489921644\" \/>\n<meta property=\"article:published_time\" content=\"2022-05-27T17:26:56+00:00\" \/>\n<meta property=\"article:modified_time\" content=\"2022-05-27T19:17:46+00:00\" \/>\n<meta property=\"og:image\" content=\"https:\/\/fuentesfidedignas.com.mx\/wp-content\/uploads\/2022\/05\/AMLO_OVIDIO.jpg\" \/>\n\t<meta property=\"og:image:width\" content=\"942\" \/>\n\t<meta property=\"og:image:height\" content=\"526\" \/>\n\t<meta property=\"og:image:type\" content=\"image\/jpeg\" \/>\n<meta name=\"author\" content=\"Infobae\" \/>\n<meta name=\"twitter:card\" content=\"summary_large_image\" \/>\n<meta name=\"twitter:creator\" content=\"@fidedignas\" \/>\n<meta name=\"twitter:site\" content=\"@fidedignas\" \/>\n<meta name=\"twitter:label1\" content=\"Escrito por\" \/>\n\t<meta name=\"twitter:data1\" content=\"Infobae\" \/>\n\t<meta name=\"twitter:label2\" content=\"Tiempo de lectura\" \/>\n\t<meta name=\"twitter:data2\" content=\"2 minutos\" \/>\n<script type=\"application\/ld+json\" class=\"yoast-schema-graph\">{\"@context\":\"https:\\\/\\\/schema.org\",\"@graph\":[{\"@type\":\"Article\",\"@id\":\"https:\\\/\\\/fuentesfidedignas.com.mx\\\/index.php\\\/2022\\\/05\\\/27\\\/yo-di-la-orden-amlo-reitero-que-fue-el-responsable-de-liberar-a-ovidio-guzman-durante-el-culiacanazo\\\/#article\",\"isPartOf\":{\"@id\":\"https:\\\/\\\/fuentesfidedignas.com.mx\\\/index.php\\\/2022\\\/05\\\/27\\\/yo-di-la-orden-amlo-reitero-que-fue-el-responsable-de-liberar-a-ovidio-guzman-durante-el-culiacanazo\\\/\"},\"author\":{\"name\":\"Infobae\",\"@id\":\"https:\\\/\\\/fuentesfidedignas.com.mx\\\/#\\\/schema\\\/person\\\/8575896a7c1067d352f6c1cd6582c389\"},\"headline\":\"AMLO asume responsabilidad de liberaci\u00f3n de Ovidio Guzm\u00e1n&#8221; e informar\u00e1 del \u201cculiacanazo\u201d\",\"datePublished\":\"2022-05-27T17:26:56+00:00\",\"dateModified\":\"2022-05-27T19:17:46+00:00\",\"mainEntityOfPage\":{\"@id\":\"https:\\\/\\\/fuentesfidedignas.com.mx\\\/index.php\\\/2022\\\/05\\\/27\\\/yo-di-la-orden-amlo-reitero-que-fue-el-responsable-de-liberar-a-ovidio-guzman-durante-el-culiacanazo\\\/\"},\"wordCount\":329,\"commentCount\":0,\"publisher\":{\"@id\":\"https:\\\/\\\/fuentesfidedignas.com.mx\\\/#organization\"},\"image\":{\"@id\":\"https:\\\/\\\/fuentesfidedignas.com.mx\\\/index.php\\\/2022\\\/05\\\/27\\\/yo-di-la-orden-amlo-reitero-que-fue-el-responsable-de-liberar-a-ovidio-guzman-durante-el-culiacanazo\\\/#primaryimage\"},\"thumbnailUrl\":\"https:\\\/\\\/fuentesfidedignas.com.mx\\\/wp-content\\\/uploads\\\/2022\\\/05\\\/AMLO_OVIDIO.jpg\",\"articleSection\":[\"NOTICIAS NACIONALES\"],\"inLanguage\":\"es\",\"potentialAction\":[{\"@type\":\"CommentAction\",\"name\":\"Comment\",\"target\":[\"https:\\\/\\\/fuentesfidedignas.com.mx\\\/index.php\\\/2022\\\/05\\\/27\\\/yo-di-la-orden-amlo-reitero-que-fue-el-responsable-de-liberar-a-ovidio-guzman-durante-el-culiacanazo\\\/#respond\"]}]},{\"@type\":\"WebPage\",\"@id\":\"https:\\\/\\\/fuentesfidedignas.com.mx\\\/index.php\\\/2022\\\/05\\\/27\\\/yo-di-la-orden-amlo-reitero-que-fue-el-responsable-de-liberar-a-ovidio-guzman-durante-el-culiacanazo\\\/\",\"url\":\"https:\\\/\\\/fuentesfidedignas.com.mx\\\/index.php\\\/2022\\\/05\\\/27\\\/yo-di-la-orden-amlo-reitero-que-fue-el-responsable-de-liberar-a-ovidio-guzman-durante-el-culiacanazo\\\/\",\"name\":\"AMLO asume responsabilidad de liberaci\u00f3n de Ovidio Guzm\u00e1n\\\" e informar\u00e1 del \u201cculiacanazo\u201d - Fuentes Fidedignas\",\"isPartOf\":{\"@id\":\"https:\\\/\\\/fuentesfidedignas.com.mx\\\/#website\"},\"primaryImageOfPage\":{\"@id\":\"https:\\\/\\\/fuentesfidedignas.com.mx\\\/index.php\\\/2022\\\/05\\\/27\\\/yo-di-la-orden-amlo-reitero-que-fue-el-responsable-de-liberar-a-ovidio-guzman-durante-el-culiacanazo\\\/#primaryimage\"},\"image\":{\"@id\":\"https:\\\/\\\/fuentesfidedignas.com.mx\\\/index.php\\\/2022\\\/05\\\/27\\\/yo-di-la-orden-amlo-reitero-que-fue-el-responsable-de-liberar-a-ovidio-guzman-durante-el-culiacanazo\\\/#primaryimage\"},\"thumbnailUrl\":\"https:\\\/\\\/fuentesfidedignas.com.mx\\\/wp-content\\\/uploads\\\/2022\\\/05\\\/AMLO_OVIDIO.jpg\",\"datePublished\":\"2022-05-27T17:26:56+00:00\",\"dateModified\":\"2022-05-27T19:17:46+00:00\",\"breadcrumb\":{\"@id\":\"https:\\\/\\\/fuentesfidedignas.com.mx\\\/index.php\\\/2022\\\/05\\\/27\\\/yo-di-la-orden-amlo-reitero-que-fue-el-responsable-de-liberar-a-ovidio-guzman-durante-el-culiacanazo\\\/#breadcrumb\"},\"inLanguage\":\"es\",\"potentialAction\":[{\"@type\":\"ReadAction\",\"target\":[\"https:\\\/\\\/fuentesfidedignas.com.mx\\\/index.php\\\/2022\\\/05\\\/27\\\/yo-di-la-orden-amlo-reitero-que-fue-el-responsable-de-liberar-a-ovidio-guzman-durante-el-culiacanazo\\\/\"]}]},{\"@type\":\"ImageObject\",\"inLanguage\":\"es\",\"@id\":\"https:\\\/\\\/fuentesfidedignas.com.mx\\\/index.php\\\/2022\\\/05\\\/27\\\/yo-di-la-orden-amlo-reitero-que-fue-el-responsable-de-liberar-a-ovidio-guzman-durante-el-culiacanazo\\\/#primaryimage\",\"url\":\"https:\\\/\\\/fuentesfidedignas.com.mx\\\/wp-content\\\/uploads\\\/2022\\\/05\\\/AMLO_OVIDIO.jpg\",\"contentUrl\":\"https:\\\/\\\/fuentesfidedignas.com.mx\\\/wp-content\\\/uploads\\\/2022\\\/05\\\/AMLO_OVIDIO.jpg\",\"width\":942,\"height\":526},{\"@type\":\"BreadcrumbList\",\"@id\":\"https:\\\/\\\/fuentesfidedignas.com.mx\\\/index.php\\\/2022\\\/05\\\/27\\\/yo-di-la-orden-amlo-reitero-que-fue-el-responsable-de-liberar-a-ovidio-guzman-durante-el-culiacanazo\\\/#breadcrumb\",\"itemListElement\":[{\"@type\":\"ListItem\",\"position\":1,\"name\":\"Inicio\",\"item\":\"https:\\\/\\\/fuentesfidedignas.com.mx\\\/\"},{\"@type\":\"ListItem\",\"position\":2,\"name\":\"AMLO asume responsabilidad de liberaci\u00f3n de Ovidio Guzm\u00e1n&#8221; e informar\u00e1 del \u201cculiacanazo\u201d\"}]},{\"@type\":\"WebSite\",\"@id\":\"https:\\\/\\\/fuentesfidedignas.com.mx\\\/#website\",\"url\":\"https:\\\/\\\/fuentesfidedignas.com.mx\\\/\",\"name\":\"Fuentes Fidedignas\",\"description\":\"Otro sitio realizado con WordPress\",\"publisher\":{\"@id\":\"https:\\\/\\\/fuentesfidedignas.com.mx\\\/#organization\"},\"potentialAction\":[{\"@type\":\"SearchAction\",\"target\":{\"@type\":\"EntryPoint\",\"urlTemplate\":\"https:\\\/\\\/fuentesfidedignas.com.mx\\\/?s={search_term_string}\"},\"query-input\":{\"@type\":\"PropertyValueSpecification\",\"valueRequired\":true,\"valueName\":\"search_term_string\"}}],\"inLanguage\":\"es\"},{\"@type\":\"Organization\",\"@id\":\"https:\\\/\\\/fuentesfidedignas.com.mx\\\/#organization\",\"name\":\"Fuentes Fidedignas\",\"url\":\"https:\\\/\\\/fuentesfidedignas.com.mx\\\/\",\"logo\":{\"@type\":\"ImageObject\",\"inLanguage\":\"es\",\"@id\":\"https:\\\/\\\/fuentesfidedignas.com.mx\\\/#\\\/schema\\\/logo\\\/image\\\/\",\"url\":\"https:\\\/\\\/fuentesfidedignas.com.mx\\\/wp-content\\\/uploads\\\/2021\\\/04\\\/logo-retina.png\",\"contentUrl\":\"https:\\\/\\\/fuentesfidedignas.com.mx\\\/wp-content\\\/uploads\\\/2021\\\/04\\\/logo-retina.png\",\"width\":280,\"height\":51,\"caption\":\"Fuentes Fidedignas\"},\"image\":{\"@id\":\"https:\\\/\\\/fuentesfidedignas.com.mx\\\/#\\\/schema\\\/logo\\\/image\\\/\"},\"sameAs\":[\"https:\\\/\\\/www.facebook.com\\\/Fuentes-Fidedignas-368234489921644\",\"https:\\\/\\\/x.com\\\/fidedignas\"]},{\"@type\":\"Person\",\"@id\":\"https:\\\/\\\/fuentesfidedignas.com.mx\\\/#\\\/schema\\\/person\\\/8575896a7c1067d352f6c1cd6582c389\",\"name\":\"Infobae\",\"image\":{\"@type\":\"ImageObject\",\"inLanguage\":\"es\",\"@id\":\"https:\\\/\\\/secure.gravatar.com\\\/avatar\\\/e4ec95706f8d1670343f6526fdcec45474bab17475a851434a64ca12b5acba1c?s=96&d=mm&r=g\",\"url\":\"https:\\\/\\\/secure.gravatar.com\\\/avatar\\\/e4ec95706f8d1670343f6526fdcec45474bab17475a851434a64ca12b5acba1c?s=96&d=mm&r=g\",\"contentUrl\":\"https:\\\/\\\/secure.gravatar.com\\\/avatar\\\/e4ec95706f8d1670343f6526fdcec45474bab17475a851434a64ca12b5acba1c?s=96&d=mm&r=g\",\"caption\":\"Infobae\"},\"url\":\"https:\\\/\\\/fuentesfidedignas.com.mx\\\/index.php\\\/author\\\/infobae\\\/\"}]}<\/script>\n<!-- \/ Yoast SEO plugin. -->","yoast_head_json":{"title":"AMLO asume responsabilidad de liberaci\u00f3n de Ovidio Guzm\u00e1n\" e informar\u00e1 del \u201cculiacanazo\u201d - Fuentes Fidedignas","robots":{"index":"index","follow":"follow","max-snippet":"max-snippet:-1","max-image-preview":"max-image-preview:large","max-video-preview":"max-video-preview:-1"},"canonical":"https:\/\/fuentesfidedignas.com.mx\/index.php\/2022\/05\/27\/yo-di-la-orden-amlo-reitero-que-fue-el-responsable-de-liberar-a-ovidio-guzman-durante-el-culiacanazo\/","og_locale":"es_MX","og_type":"article","og_title":"AMLO asume responsabilidad de liberaci\u00f3n de Ovidio Guzm\u00e1n\" e informar\u00e1 del \u201cculiacanazo\u201d - Fuentes Fidedignas","og_description":"En su conferencia realizada en Culiac\u00e1n, Sinaloa, el mandatario federal fue cuestionado por un reportero sobre qui\u00e9nes fueron los encargados del fallido operativo del 17 de octubre de 2019 Culiac\u00e1n, Sin.- El presidente Andr\u00e9s Manuel L\u00f3pez Obrador (AMLO) insisti\u00f3 una vez m\u00e1s, que \u00e9l dio la orden de liberar a Ovidio Guzm\u00e1n, hijo del narcotraficante [&hellip;]","og_url":"https:\/\/fuentesfidedignas.com.mx\/index.php\/2022\/05\/27\/yo-di-la-orden-amlo-reitero-que-fue-el-responsable-de-liberar-a-ovidio-guzman-durante-el-culiacanazo\/","og_site_name":"Fuentes Fidedignas","article_publisher":"https:\/\/www.facebook.com\/Fuentes-Fidedignas-368234489921644","article_published_time":"2022-05-27T17:26:56+00:00","article_modified_time":"2022-05-27T19:17:46+00:00","og_image":[{"width":942,"height":526,"url":"https:\/\/fuentesfidedignas.com.mx\/wp-content\/uploads\/2022\/05\/AMLO_OVIDIO.jpg","type":"image\/jpeg"}],"author":"Infobae","twitter_card":"summary_large_image","twitter_creator":"@fidedignas","twitter_site":"@fidedignas","twitter_misc":{"Escrito por":"Infobae","Tiempo de lectura":"2 minutos"},"schema":{"@context":"https:\/\/schema.org","@graph":[{"@type":"Article","@id":"https:\/\/fuentesfidedignas.com.mx\/index.php\/2022\/05\/27\/yo-di-la-orden-amlo-reitero-que-fue-el-responsable-de-liberar-a-ovidio-guzman-durante-el-culiacanazo\/#article","isPartOf":{"@id":"https:\/\/fuentesfidedignas.com.mx\/index.php\/2022\/05\/27\/yo-di-la-orden-amlo-reitero-que-fue-el-responsable-de-liberar-a-ovidio-guzman-durante-el-culiacanazo\/"},"author":{"name":"Infobae","@id":"https:\/\/fuentesfidedignas.com.mx\/#\/schema\/person\/8575896a7c1067d352f6c1cd6582c389"},"headline":"AMLO asume responsabilidad de liberaci\u00f3n de Ovidio Guzm\u00e1n&#8221; e informar\u00e1 del \u201cculiacanazo\u201d","datePublished":"2022-05-27T17:26:56+00:00","dateModified":"2022-05-27T19:17:46+00:00","mainEntityOfPage":{"@id":"https:\/\/fuentesfidedignas.com.mx\/index.php\/2022\/05\/27\/yo-di-la-orden-amlo-reitero-que-fue-el-responsable-de-liberar-a-ovidio-guzman-durante-el-culiacanazo\/"},"wordCount":329,"commentCount":0,"publisher":{"@id":"https:\/\/fuentesfidedignas.com.mx\/#organization"},"image":{"@id":"https:\/\/fuentesfidedignas.com.mx\/index.php\/2022\/05\/27\/yo-di-la-orden-amlo-reitero-que-fue-el-responsable-de-liberar-a-ovidio-guzman-durante-el-culiacanazo\/#primaryimage"},"thumbnailUrl":"https:\/\/fuentesfidedignas.com.mx\/wp-content\/uploads\/2022\/05\/AMLO_OVIDIO.jpg","articleSection":["NOTICIAS NACIONALES"],"inLanguage":"es","potentialAction":[{"@type":"CommentAction","name":"Comment","target":["https:\/\/fuentesfidedignas.com.mx\/index.php\/2022\/05\/27\/yo-di-la-orden-amlo-reitero-que-fue-el-responsable-de-liberar-a-ovidio-guzman-durante-el-culiacanazo\/#respond"]}]},{"@type":"WebPage","@id":"https:\/\/fuentesfidedignas.com.mx\/index.php\/2022\/05\/27\/yo-di-la-orden-amlo-reitero-que-fue-el-responsable-de-liberar-a-ovidio-guzman-durante-el-culiacanazo\/","url":"https:\/\/fuentesfidedignas.com.mx\/index.php\/2022\/05\/27\/yo-di-la-orden-amlo-reitero-que-fue-el-responsable-de-liberar-a-ovidio-guzman-durante-el-culiacanazo\/","name":"AMLO asume responsabilidad de liberaci\u00f3n de Ovidio Guzm\u00e1n\" e informar\u00e1 del \u201cculiacanazo\u201d - Fuentes Fidedignas","isPartOf":{"@id":"https:\/\/fuentesfidedignas.com.mx\/#website"},"primaryImageOfPage":{"@id":"https:\/\/fuentesfidedignas.com.mx\/index.php\/2022\/05\/27\/yo-di-la-orden-amlo-reitero-que-fue-el-responsable-de-liberar-a-ovidio-guzman-durante-el-culiacanazo\/#primaryimage"},"image":{"@id":"https:\/\/fuentesfidedignas.com.mx\/index.php\/2022\/05\/27\/yo-di-la-orden-amlo-reitero-que-fue-el-responsable-de-liberar-a-ovidio-guzman-durante-el-culiacanazo\/#primaryimage"},"thumbnailUrl":"https:\/\/fuentesfidedignas.com.mx\/wp-content\/uploads\/2022\/05\/AMLO_OVIDIO.jpg","datePublished":"2022-05-27T17:26:56+00:00","dateModified":"2022-05-27T19:17:46+00:00","breadcrumb":{"@id":"https:\/\/fuentesfidedignas.com.mx\/index.php\/2022\/05\/27\/yo-di-la-orden-amlo-reitero-que-fue-el-responsable-de-liberar-a-ovidio-guzman-durante-el-culiacanazo\/#breadcrumb"},"inLanguage":"es","potentialAction":[{"@type":"ReadAction","target":["https:\/\/fuentesfidedignas.com.mx\/index.php\/2022\/05\/27\/yo-di-la-orden-amlo-reitero-que-fue-el-responsable-de-liberar-a-ovidio-guzman-durante-el-culiacanazo\/"]}]},{"@type":"ImageObject","inLanguage":"es","@id":"https:\/\/fuentesfidedignas.com.mx\/index.php\/2022\/05\/27\/yo-di-la-orden-amlo-reitero-que-fue-el-responsable-de-liberar-a-ovidio-guzman-durante-el-culiacanazo\/#primaryimage","url":"https:\/\/fuentesfidedignas.com.mx\/wp-content\/uploads\/2022\/05\/AMLO_OVIDIO.jpg","contentUrl":"https:\/\/fuentesfidedignas.com.mx\/wp-content\/uploads\/2022\/05\/AMLO_OVIDIO.jpg","width":942,"height":526},{"@type":"BreadcrumbList","@id":"https:\/\/fuentesfidedignas.com.mx\/index.php\/2022\/05\/27\/yo-di-la-orden-amlo-reitero-que-fue-el-responsable-de-liberar-a-ovidio-guzman-durante-el-culiacanazo\/#breadcrumb","itemListElement":[{"@type":"ListItem","position":1,"name":"Inicio","item":"https:\/\/fuentesfidedignas.com.mx\/"},{"@type":"ListItem","position":2,"name":"AMLO asume responsabilidad de liberaci\u00f3n de Ovidio Guzm\u00e1n&#8221; e informar\u00e1 del \u201cculiacanazo\u201d"}]},{"@type":"WebSite","@id":"https:\/\/fuentesfidedignas.com.mx\/#website","url":"https:\/\/fuentesfidedignas.com.mx\/","name":"Fuentes Fidedignas","description":"Otro sitio realizado con WordPress","publisher":{"@id":"https:\/\/fuentesfidedignas.com.mx\/#organization"},"potentialAction":[{"@type":"SearchAction","target":{"@type":"EntryPoint","urlTemplate":"https:\/\/fuentesfidedignas.com.mx\/?s={search_term_string}"},"query-input":{"@type":"PropertyValueSpecification","valueRequired":true,"valueName":"search_term_string"}}],"inLanguage":"es"},{"@type":"Organization","@id":"https:\/\/fuentesfidedignas.com.mx\/#organization","name":"Fuentes Fidedignas","url":"https:\/\/fuentesfidedignas.com.mx\/","logo":{"@type":"ImageObject","inLanguage":"es","@id":"https:\/\/fuentesfidedignas.com.mx\/#\/schema\/logo\/image\/","url":"https:\/\/fuentesfidedignas.com.mx\/wp-content\/uploads\/2021\/04\/logo-retina.png","contentUrl":"https:\/\/fuentesfidedignas.com.mx\/wp-content\/uploads\/2021\/04\/logo-retina.png","width":280,"height":51,"caption":"Fuentes Fidedignas"},"image":{"@id":"https:\/\/fuentesfidedignas.com.mx\/#\/schema\/logo\/image\/"},"sameAs":["https:\/\/www.facebook.com\/Fuentes-Fidedignas-368234489921644","https:\/\/x.com\/fidedignas"]},{"@type":"Person","@id":"https:\/\/fuentesfidedignas.com.mx\/#\/schema\/person\/8575896a7c1067d352f6c1cd6582c389","name":"Infobae","image":{"@type":"ImageObject","inLanguage":"es","@id":"https:\/\/secure.gravatar.com\/avatar\/e4ec95706f8d1670343f6526fdcec45474bab17475a851434a64ca12b5acba1c?s=96&d=mm&r=g","url":"https:\/\/secure.gravatar.com\/avatar\/e4ec95706f8d1670343f6526fdcec45474bab17475a851434a64ca12b5acba1c?s=96&d=mm&r=g","contentUrl":"https:\/\/secure.gravatar.com\/avatar\/e4ec95706f8d1670343f6526fdcec45474bab17475a851434a64ca12b5acba1c?s=96&d=mm&r=g","caption":"Infobae"},"url":"https:\/\/fuentesfidedignas.com.mx\/index.php\/author\/infobae\/"}]}},"_links":{"self":[{"href":"https:\/\/fuentesfidedignas.com.mx\/index.php\/wp-json\/wp\/v2\/posts\/32656","targetHints":{"allow":["GET"]}}],"collection":[{"href":"https:\/\/fuentesfidedignas.com.mx\/index.php\/wp-json\/wp\/v2\/posts"}],"about":[{"href":"https:\/\/fuentesfidedignas.com.mx\/index.php\/wp-json\/wp\/v2\/types\/post"}],"author":[{"embeddable":true,"href":"https:\/\/fuentesfidedignas.com.mx\/index.php\/wp-json\/wp\/v2\/users\/41"}],"replies":[{"embeddable":true,"href":"https:\/\/fuentesfidedignas.com.mx\/index.php\/wp-json\/wp\/v2\/comments?post=32656"}],"version-history":[{"count":2,"href":"https:\/\/fuentesfidedignas.com.mx\/index.php\/wp-json\/wp\/v2\/posts\/32656\/revisions"}],"predecessor-version":[{"id":32671,"href":"https:\/\/fuentesfidedignas.com.mx\/index.php\/wp-json\/wp\/v2\/posts\/32656\/revisions\/32671"}],"wp:featuredmedia":[{"embeddable":true,"href":"https:\/\/fuentesfidedignas.com.mx\/index.php\/wp-json\/wp\/v2\/media\/32657"}],"wp:attachment":[{"href":"https:\/\/fuentesfidedignas.com.mx\/index.php\/wp-json\/wp\/v2\/media?parent=32656"}],"wp:term":[{"taxonomy":"category","embeddable":true,"href":"https:\/\/fuentesfidedignas.com.mx\/index.php\/wp-json\/wp\/v2\/categories?post=32656"},{"taxonomy":"post_tag","embeddable":true,"href":"https:\/\/fuentesfidedignas.com.mx\/index.php\/wp-json\/wp\/v2\/tags?post=32656"}],"curies":[{"name":"wp","href":"https:\/\/api.w.org\/{rel}","templated":true}]}}