{"id":32641,"date":"2022-05-27T10:33:16","date_gmt":"2022-05-27T16:33:16","guid":{"rendered":"https:\/\/fuentesfidedignas.com.mx\/?p=32641"},"modified":"2022-05-27T10:33:17","modified_gmt":"2022-05-27T16:33:17","slug":"nace-bebe-con-la-cabeza-llena-de-pelo-y-se-hace-viral-tuve-muchos-ardores-y-acidez","status":"publish","type":"post","link":"https:\/\/fuentesfidedignas.com.mx\/index.php\/2022\/05\/27\/nace-bebe-con-la-cabeza-llena-de-pelo-y-se-hace-viral-tuve-muchos-ardores-y-acidez\/","title":{"rendered":"Nace beb\u00e9 con la cabeza llena de pelo y se hace viral: &#8220;tuve muchos ardores y acidez&#8221;"},"content":{"rendered":"\n<p><strong><em>Los familiares de la peque\u00f1a tambi\u00e9n se sorprendieron cuando la conocieron.<\/em><\/strong><\/p>\n\n\n\n<p>Kasia Masna, de 39 a\u00f1os, ha confirmado que sufri\u00f3 una terrible acidez de est\u00f3mago antes de que su hija Saoirse, de seis semanas, naciera con la cabeza llena de pelo. <\/p>\n\n\n\n<p>Kasia, que trabaja como enfermera, tuvo los mismos s\u00edntomas con el nacimiento de su primer hijo, Kaelan, de tres a\u00f1os. <\/p>\n\n\n\n<p>Ella y su pareja, Chris, de 46 a\u00f1os, tambi\u00e9n nacieron con pelo, pero no tanto como Saoirse.<\/p>\n\n\n\n<p> &#8220;Hay un mito que dice que si tienes muchos ardores durante el embarazo, es probable que tu beb\u00e9 nazca con pelo en la cabeza&#8221;, explic\u00f3 Kasia. <\/p>\n\n\n\n<p>&#8220;Durante mi embarazo, tuve muchos ardores y acidez. Sin embargo, jam\u00e1s pens\u00e9 que fuera a nacer con tant\u00edsimo pelo, es una locura&#8221;. <\/p>\n\n\n\n<p>Los familiares de la peque\u00f1a tambi\u00e9n se sorprendieron cuando la conocieron. En un video grabado por la reciente mam\u00e1, se puede observar la sorpresa de sus hermanos mayores cuando la conocen.<\/p>\n\n\n\n<p><\/p>\n","protected":false},"excerpt":{"rendered":"<p>Los familiares de la peque\u00f1a tambi\u00e9n se sorprendieron cuando la conocieron. Kasia Masna, de 39 a\u00f1os, ha confirmado que sufri\u00f3 una terrible acidez de est\u00f3mago antes de que su hija Saoirse, de seis semanas, naciera con la cabeza llena de pelo. Kasia, que trabaja como enfermera, tuvo los mismos s\u00edntomas con el nacimiento de su [&hellip;]<\/p>\n","protected":false},"author":9,"featured_media":32643,"comment_status":"open","ping_status":"open","sticky":false,"template":"","format":"standard","meta":{"tdm_status":"","tdm_grid_status":"","footnotes":""},"categories":[40],"tags":[290,193],"class_list":{"0":"post-32641","1":"post","2":"type-post","3":"status-publish","4":"format-standard","5":"has-post-thumbnail","7":"category-las-asombrosas","8":"tag-asombrosa","9":"tag-viral"},"yoast_head":"<!-- This site is optimized with the Yoast SEO plugin v27.5 - https:\/\/yoast.com\/product\/yoast-seo-wordpress\/ -->\n<title>Nace beb\u00e9 con la cabeza llena de pelo y se hace viral: &quot;tuve muchos ardores y acidez&quot; - Fuentes Fidedignas<\/title>\n<meta name=\"robots\" content=\"index, follow, max-snippet:-1, max-image-preview:large, max-video-preview:-1\" \/>\n<link rel=\"canonical\" href=\"https:\/\/fuentesfidedignas.com.mx\/index.php\/2022\/05\/27\/nace-bebe-con-la-cabeza-llena-de-pelo-y-se-hace-viral-tuve-muchos-ardores-y-acidez\/\" \/>\n<meta property=\"og:locale\" content=\"es_MX\" \/>\n<meta property=\"og:type\" content=\"article\" \/>\n<meta property=\"og:title\" content=\"Nace beb\u00e9 con la cabeza llena de pelo y se hace viral: &quot;tuve muchos ardores y acidez&quot; - Fuentes Fidedignas\" \/>\n<meta property=\"og:description\" content=\"Los familiares de la peque\u00f1a tambi\u00e9n se sorprendieron cuando la conocieron. Kasia Masna, de 39 a\u00f1os, ha confirmado que sufri\u00f3 una terrible acidez de est\u00f3mago antes de que su hija Saoirse, de seis semanas, naciera con la cabeza llena de pelo. Kasia, que trabaja como enfermera, tuvo los mismos s\u00edntomas con el nacimiento de su [&hellip;]\" \/>\n<meta property=\"og:url\" content=\"https:\/\/fuentesfidedignas.com.mx\/index.php\/2022\/05\/27\/nace-bebe-con-la-cabeza-llena-de-pelo-y-se-hace-viral-tuve-muchos-ardores-y-acidez\/\" \/>\n<meta property=\"og:site_name\" content=\"Fuentes Fidedignas\" \/>\n<meta property=\"article:publisher\" content=\"https:\/\/www.facebook.com\/Fuentes-Fidedignas-368234489921644\" \/>\n<meta property=\"article:published_time\" content=\"2022-05-27T16:33:16+00:00\" \/>\n<meta property=\"article:modified_time\" content=\"2022-05-27T16:33:17+00:00\" \/>\n<meta property=\"og:image\" content=\"https:\/\/fuentesfidedignas.com.mx\/wp-content\/uploads\/2022\/05\/BEBE_.jpg\" \/>\n\t<meta property=\"og:image:width\" content=\"1186\" \/>\n\t<meta property=\"og:image:height\" content=\"735\" \/>\n\t<meta property=\"og:image:type\" content=\"image\/jpeg\" \/>\n<meta name=\"author\" content=\"Milenio\" \/>\n<meta name=\"twitter:card\" content=\"summary_large_image\" \/>\n<meta name=\"twitter:creator\" content=\"@fidedignas\" \/>\n<meta name=\"twitter:site\" content=\"@fidedignas\" \/>\n<meta name=\"twitter:label1\" content=\"Escrito por\" \/>\n\t<meta name=\"twitter:data1\" content=\"Milenio\" \/>\n\t<meta name=\"twitter:label2\" content=\"Tiempo de lectura\" \/>\n\t<meta name=\"twitter:data2\" content=\"1 minuto\" \/>\n<script type=\"application\/ld+json\" class=\"yoast-schema-graph\">{\"@context\":\"https:\\\/\\\/schema.org\",\"@graph\":[{\"@type\":\"Article\",\"@id\":\"https:\\\/\\\/fuentesfidedignas.com.mx\\\/index.php\\\/2022\\\/05\\\/27\\\/nace-bebe-con-la-cabeza-llena-de-pelo-y-se-hace-viral-tuve-muchos-ardores-y-acidez\\\/#article\",\"isPartOf\":{\"@id\":\"https:\\\/\\\/fuentesfidedignas.com.mx\\\/index.php\\\/2022\\\/05\\\/27\\\/nace-bebe-con-la-cabeza-llena-de-pelo-y-se-hace-viral-tuve-muchos-ardores-y-acidez\\\/\"},\"author\":{\"name\":\"Milenio\",\"@id\":\"https:\\\/\\\/fuentesfidedignas.com.mx\\\/#\\\/schema\\\/person\\\/47ec0135738f4b0c7495f06a77a2c976\"},\"headline\":\"Nace beb\u00e9 con la cabeza llena de pelo y se hace viral: &#8220;tuve muchos ardores y acidez&#8221;\",\"datePublished\":\"2022-05-27T16:33:16+00:00\",\"dateModified\":\"2022-05-27T16:33:17+00:00\",\"mainEntityOfPage\":{\"@id\":\"https:\\\/\\\/fuentesfidedignas.com.mx\\\/index.php\\\/2022\\\/05\\\/27\\\/nace-bebe-con-la-cabeza-llena-de-pelo-y-se-hace-viral-tuve-muchos-ardores-y-acidez\\\/\"},\"wordCount\":184,\"commentCount\":0,\"publisher\":{\"@id\":\"https:\\\/\\\/fuentesfidedignas.com.mx\\\/#organization\"},\"image\":{\"@id\":\"https:\\\/\\\/fuentesfidedignas.com.mx\\\/index.php\\\/2022\\\/05\\\/27\\\/nace-bebe-con-la-cabeza-llena-de-pelo-y-se-hace-viral-tuve-muchos-ardores-y-acidez\\\/#primaryimage\"},\"thumbnailUrl\":\"https:\\\/\\\/fuentesfidedignas.com.mx\\\/wp-content\\\/uploads\\\/2022\\\/05\\\/BEBE_.jpg\",\"keywords\":[\"Asombrosa\",\"Viral\"],\"articleSection\":[\"LAS ASOMBROSAS\"],\"inLanguage\":\"es\",\"potentialAction\":[{\"@type\":\"CommentAction\",\"name\":\"Comment\",\"target\":[\"https:\\\/\\\/fuentesfidedignas.com.mx\\\/index.php\\\/2022\\\/05\\\/27\\\/nace-bebe-con-la-cabeza-llena-de-pelo-y-se-hace-viral-tuve-muchos-ardores-y-acidez\\\/#respond\"]}]},{\"@type\":\"WebPage\",\"@id\":\"https:\\\/\\\/fuentesfidedignas.com.mx\\\/index.php\\\/2022\\\/05\\\/27\\\/nace-bebe-con-la-cabeza-llena-de-pelo-y-se-hace-viral-tuve-muchos-ardores-y-acidez\\\/\",\"url\":\"https:\\\/\\\/fuentesfidedignas.com.mx\\\/index.php\\\/2022\\\/05\\\/27\\\/nace-bebe-con-la-cabeza-llena-de-pelo-y-se-hace-viral-tuve-muchos-ardores-y-acidez\\\/\",\"name\":\"Nace beb\u00e9 con la cabeza llena de pelo y se hace viral: \\\"tuve muchos ardores y acidez\\\" - Fuentes Fidedignas\",\"isPartOf\":{\"@id\":\"https:\\\/\\\/fuentesfidedignas.com.mx\\\/#website\"},\"primaryImageOfPage\":{\"@id\":\"https:\\\/\\\/fuentesfidedignas.com.mx\\\/index.php\\\/2022\\\/05\\\/27\\\/nace-bebe-con-la-cabeza-llena-de-pelo-y-se-hace-viral-tuve-muchos-ardores-y-acidez\\\/#primaryimage\"},\"image\":{\"@id\":\"https:\\\/\\\/fuentesfidedignas.com.mx\\\/index.php\\\/2022\\\/05\\\/27\\\/nace-bebe-con-la-cabeza-llena-de-pelo-y-se-hace-viral-tuve-muchos-ardores-y-acidez\\\/#primaryimage\"},\"thumbnailUrl\":\"https:\\\/\\\/fuentesfidedignas.com.mx\\\/wp-content\\\/uploads\\\/2022\\\/05\\\/BEBE_.jpg\",\"datePublished\":\"2022-05-27T16:33:16+00:00\",\"dateModified\":\"2022-05-27T16:33:17+00:00\",\"breadcrumb\":{\"@id\":\"https:\\\/\\\/fuentesfidedignas.com.mx\\\/index.php\\\/2022\\\/05\\\/27\\\/nace-bebe-con-la-cabeza-llena-de-pelo-y-se-hace-viral-tuve-muchos-ardores-y-acidez\\\/#breadcrumb\"},\"inLanguage\":\"es\",\"potentialAction\":[{\"@type\":\"ReadAction\",\"target\":[\"https:\\\/\\\/fuentesfidedignas.com.mx\\\/index.php\\\/2022\\\/05\\\/27\\\/nace-bebe-con-la-cabeza-llena-de-pelo-y-se-hace-viral-tuve-muchos-ardores-y-acidez\\\/\"]}]},{\"@type\":\"ImageObject\",\"inLanguage\":\"es\",\"@id\":\"https:\\\/\\\/fuentesfidedignas.com.mx\\\/index.php\\\/2022\\\/05\\\/27\\\/nace-bebe-con-la-cabeza-llena-de-pelo-y-se-hace-viral-tuve-muchos-ardores-y-acidez\\\/#primaryimage\",\"url\":\"https:\\\/\\\/fuentesfidedignas.com.mx\\\/wp-content\\\/uploads\\\/2022\\\/05\\\/BEBE_.jpg\",\"contentUrl\":\"https:\\\/\\\/fuentesfidedignas.com.mx\\\/wp-content\\\/uploads\\\/2022\\\/05\\\/BEBE_.jpg\",\"width\":1186,\"height\":735},{\"@type\":\"BreadcrumbList\",\"@id\":\"https:\\\/\\\/fuentesfidedignas.com.mx\\\/index.php\\\/2022\\\/05\\\/27\\\/nace-bebe-con-la-cabeza-llena-de-pelo-y-se-hace-viral-tuve-muchos-ardores-y-acidez\\\/#breadcrumb\",\"itemListElement\":[{\"@type\":\"ListItem\",\"position\":1,\"name\":\"Inicio\",\"item\":\"https:\\\/\\\/fuentesfidedignas.com.mx\\\/\"},{\"@type\":\"ListItem\",\"position\":2,\"name\":\"Nace beb\u00e9 con la cabeza llena de pelo y se hace viral: &#8220;tuve muchos ardores y acidez&#8221;\"}]},{\"@type\":\"WebSite\",\"@id\":\"https:\\\/\\\/fuentesfidedignas.com.mx\\\/#website\",\"url\":\"https:\\\/\\\/fuentesfidedignas.com.mx\\\/\",\"name\":\"Fuentes Fidedignas\",\"description\":\"Otro sitio realizado con WordPress\",\"publisher\":{\"@id\":\"https:\\\/\\\/fuentesfidedignas.com.mx\\\/#organization\"},\"potentialAction\":[{\"@type\":\"SearchAction\",\"target\":{\"@type\":\"EntryPoint\",\"urlTemplate\":\"https:\\\/\\\/fuentesfidedignas.com.mx\\\/?s={search_term_string}\"},\"query-input\":{\"@type\":\"PropertyValueSpecification\",\"valueRequired\":true,\"valueName\":\"search_term_string\"}}],\"inLanguage\":\"es\"},{\"@type\":\"Organization\",\"@id\":\"https:\\\/\\\/fuentesfidedignas.com.mx\\\/#organization\",\"name\":\"Fuentes Fidedignas\",\"url\":\"https:\\\/\\\/fuentesfidedignas.com.mx\\\/\",\"logo\":{\"@type\":\"ImageObject\",\"inLanguage\":\"es\",\"@id\":\"https:\\\/\\\/fuentesfidedignas.com.mx\\\/#\\\/schema\\\/logo\\\/image\\\/\",\"url\":\"https:\\\/\\\/fuentesfidedignas.com.mx\\\/wp-content\\\/uploads\\\/2021\\\/04\\\/logo-retina.png\",\"contentUrl\":\"https:\\\/\\\/fuentesfidedignas.com.mx\\\/wp-content\\\/uploads\\\/2021\\\/04\\\/logo-retina.png\",\"width\":280,\"height\":51,\"caption\":\"Fuentes Fidedignas\"},\"image\":{\"@id\":\"https:\\\/\\\/fuentesfidedignas.com.mx\\\/#\\\/schema\\\/logo\\\/image\\\/\"},\"sameAs\":[\"https:\\\/\\\/www.facebook.com\\\/Fuentes-Fidedignas-368234489921644\",\"https:\\\/\\\/x.com\\\/fidedignas\"]},{\"@type\":\"Person\",\"@id\":\"https:\\\/\\\/fuentesfidedignas.com.mx\\\/#\\\/schema\\\/person\\\/47ec0135738f4b0c7495f06a77a2c976\",\"name\":\"Milenio\",\"image\":{\"@type\":\"ImageObject\",\"inLanguage\":\"es\",\"@id\":\"https:\\\/\\\/secure.gravatar.com\\\/avatar\\\/acabf7b54753e51c2c76457954577c236b3b764789b19879565769739d1e4a75?s=96&d=mm&r=g\",\"url\":\"https:\\\/\\\/secure.gravatar.com\\\/avatar\\\/acabf7b54753e51c2c76457954577c236b3b764789b19879565769739d1e4a75?s=96&d=mm&r=g\",\"contentUrl\":\"https:\\\/\\\/secure.gravatar.com\\\/avatar\\\/acabf7b54753e51c2c76457954577c236b3b764789b19879565769739d1e4a75?s=96&d=mm&r=g\",\"caption\":\"Milenio\"},\"url\":\"https:\\\/\\\/fuentesfidedignas.com.mx\\\/index.php\\\/author\\\/milenio\\\/\"}]}<\/script>\n<!-- \/ Yoast SEO plugin. -->","yoast_head_json":{"title":"Nace beb\u00e9 con la cabeza llena de pelo y se hace viral: \"tuve muchos ardores y acidez\" - Fuentes Fidedignas","robots":{"index":"index","follow":"follow","max-snippet":"max-snippet:-1","max-image-preview":"max-image-preview:large","max-video-preview":"max-video-preview:-1"},"canonical":"https:\/\/fuentesfidedignas.com.mx\/index.php\/2022\/05\/27\/nace-bebe-con-la-cabeza-llena-de-pelo-y-se-hace-viral-tuve-muchos-ardores-y-acidez\/","og_locale":"es_MX","og_type":"article","og_title":"Nace beb\u00e9 con la cabeza llena de pelo y se hace viral: \"tuve muchos ardores y acidez\" - Fuentes Fidedignas","og_description":"Los familiares de la peque\u00f1a tambi\u00e9n se sorprendieron cuando la conocieron. Kasia Masna, de 39 a\u00f1os, ha confirmado que sufri\u00f3 una terrible acidez de est\u00f3mago antes de que su hija Saoirse, de seis semanas, naciera con la cabeza llena de pelo. Kasia, que trabaja como enfermera, tuvo los mismos s\u00edntomas con el nacimiento de su [&hellip;]","og_url":"https:\/\/fuentesfidedignas.com.mx\/index.php\/2022\/05\/27\/nace-bebe-con-la-cabeza-llena-de-pelo-y-se-hace-viral-tuve-muchos-ardores-y-acidez\/","og_site_name":"Fuentes Fidedignas","article_publisher":"https:\/\/www.facebook.com\/Fuentes-Fidedignas-368234489921644","article_published_time":"2022-05-27T16:33:16+00:00","article_modified_time":"2022-05-27T16:33:17+00:00","og_image":[{"width":1186,"height":735,"url":"https:\/\/fuentesfidedignas.com.mx\/wp-content\/uploads\/2022\/05\/BEBE_.jpg","type":"image\/jpeg"}],"author":"Milenio","twitter_card":"summary_large_image","twitter_creator":"@fidedignas","twitter_site":"@fidedignas","twitter_misc":{"Escrito por":"Milenio","Tiempo de lectura":"1 minuto"},"schema":{"@context":"https:\/\/schema.org","@graph":[{"@type":"Article","@id":"https:\/\/fuentesfidedignas.com.mx\/index.php\/2022\/05\/27\/nace-bebe-con-la-cabeza-llena-de-pelo-y-se-hace-viral-tuve-muchos-ardores-y-acidez\/#article","isPartOf":{"@id":"https:\/\/fuentesfidedignas.com.mx\/index.php\/2022\/05\/27\/nace-bebe-con-la-cabeza-llena-de-pelo-y-se-hace-viral-tuve-muchos-ardores-y-acidez\/"},"author":{"name":"Milenio","@id":"https:\/\/fuentesfidedignas.com.mx\/#\/schema\/person\/47ec0135738f4b0c7495f06a77a2c976"},"headline":"Nace beb\u00e9 con la cabeza llena de pelo y se hace viral: &#8220;tuve muchos ardores y acidez&#8221;","datePublished":"2022-05-27T16:33:16+00:00","dateModified":"2022-05-27T16:33:17+00:00","mainEntityOfPage":{"@id":"https:\/\/fuentesfidedignas.com.mx\/index.php\/2022\/05\/27\/nace-bebe-con-la-cabeza-llena-de-pelo-y-se-hace-viral-tuve-muchos-ardores-y-acidez\/"},"wordCount":184,"commentCount":0,"publisher":{"@id":"https:\/\/fuentesfidedignas.com.mx\/#organization"},"image":{"@id":"https:\/\/fuentesfidedignas.com.mx\/index.php\/2022\/05\/27\/nace-bebe-con-la-cabeza-llena-de-pelo-y-se-hace-viral-tuve-muchos-ardores-y-acidez\/#primaryimage"},"thumbnailUrl":"https:\/\/fuentesfidedignas.com.mx\/wp-content\/uploads\/2022\/05\/BEBE_.jpg","keywords":["Asombrosa","Viral"],"articleSection":["LAS ASOMBROSAS"],"inLanguage":"es","potentialAction":[{"@type":"CommentAction","name":"Comment","target":["https:\/\/fuentesfidedignas.com.mx\/index.php\/2022\/05\/27\/nace-bebe-con-la-cabeza-llena-de-pelo-y-se-hace-viral-tuve-muchos-ardores-y-acidez\/#respond"]}]},{"@type":"WebPage","@id":"https:\/\/fuentesfidedignas.com.mx\/index.php\/2022\/05\/27\/nace-bebe-con-la-cabeza-llena-de-pelo-y-se-hace-viral-tuve-muchos-ardores-y-acidez\/","url":"https:\/\/fuentesfidedignas.com.mx\/index.php\/2022\/05\/27\/nace-bebe-con-la-cabeza-llena-de-pelo-y-se-hace-viral-tuve-muchos-ardores-y-acidez\/","name":"Nace beb\u00e9 con la cabeza llena de pelo y se hace viral: \"tuve muchos ardores y acidez\" - Fuentes Fidedignas","isPartOf":{"@id":"https:\/\/fuentesfidedignas.com.mx\/#website"},"primaryImageOfPage":{"@id":"https:\/\/fuentesfidedignas.com.mx\/index.php\/2022\/05\/27\/nace-bebe-con-la-cabeza-llena-de-pelo-y-se-hace-viral-tuve-muchos-ardores-y-acidez\/#primaryimage"},"image":{"@id":"https:\/\/fuentesfidedignas.com.mx\/index.php\/2022\/05\/27\/nace-bebe-con-la-cabeza-llena-de-pelo-y-se-hace-viral-tuve-muchos-ardores-y-acidez\/#primaryimage"},"thumbnailUrl":"https:\/\/fuentesfidedignas.com.mx\/wp-content\/uploads\/2022\/05\/BEBE_.jpg","datePublished":"2022-05-27T16:33:16+00:00","dateModified":"2022-05-27T16:33:17+00:00","breadcrumb":{"@id":"https:\/\/fuentesfidedignas.com.mx\/index.php\/2022\/05\/27\/nace-bebe-con-la-cabeza-llena-de-pelo-y-se-hace-viral-tuve-muchos-ardores-y-acidez\/#breadcrumb"},"inLanguage":"es","potentialAction":[{"@type":"ReadAction","target":["https:\/\/fuentesfidedignas.com.mx\/index.php\/2022\/05\/27\/nace-bebe-con-la-cabeza-llena-de-pelo-y-se-hace-viral-tuve-muchos-ardores-y-acidez\/"]}]},{"@type":"ImageObject","inLanguage":"es","@id":"https:\/\/fuentesfidedignas.com.mx\/index.php\/2022\/05\/27\/nace-bebe-con-la-cabeza-llena-de-pelo-y-se-hace-viral-tuve-muchos-ardores-y-acidez\/#primaryimage","url":"https:\/\/fuentesfidedignas.com.mx\/wp-content\/uploads\/2022\/05\/BEBE_.jpg","contentUrl":"https:\/\/fuentesfidedignas.com.mx\/wp-content\/uploads\/2022\/05\/BEBE_.jpg","width":1186,"height":735},{"@type":"BreadcrumbList","@id":"https:\/\/fuentesfidedignas.com.mx\/index.php\/2022\/05\/27\/nace-bebe-con-la-cabeza-llena-de-pelo-y-se-hace-viral-tuve-muchos-ardores-y-acidez\/#breadcrumb","itemListElement":[{"@type":"ListItem","position":1,"name":"Inicio","item":"https:\/\/fuentesfidedignas.com.mx\/"},{"@type":"ListItem","position":2,"name":"Nace beb\u00e9 con la cabeza llena de pelo y se hace viral: &#8220;tuve muchos ardores y acidez&#8221;"}]},{"@type":"WebSite","@id":"https:\/\/fuentesfidedignas.com.mx\/#website","url":"https:\/\/fuentesfidedignas.com.mx\/","name":"Fuentes Fidedignas","description":"Otro sitio realizado con WordPress","publisher":{"@id":"https:\/\/fuentesfidedignas.com.mx\/#organization"},"potentialAction":[{"@type":"SearchAction","target":{"@type":"EntryPoint","urlTemplate":"https:\/\/fuentesfidedignas.com.mx\/?s={search_term_string}"},"query-input":{"@type":"PropertyValueSpecification","valueRequired":true,"valueName":"search_term_string"}}],"inLanguage":"es"},{"@type":"Organization","@id":"https:\/\/fuentesfidedignas.com.mx\/#organization","name":"Fuentes Fidedignas","url":"https:\/\/fuentesfidedignas.com.mx\/","logo":{"@type":"ImageObject","inLanguage":"es","@id":"https:\/\/fuentesfidedignas.com.mx\/#\/schema\/logo\/image\/","url":"https:\/\/fuentesfidedignas.com.mx\/wp-content\/uploads\/2021\/04\/logo-retina.png","contentUrl":"https:\/\/fuentesfidedignas.com.mx\/wp-content\/uploads\/2021\/04\/logo-retina.png","width":280,"height":51,"caption":"Fuentes Fidedignas"},"image":{"@id":"https:\/\/fuentesfidedignas.com.mx\/#\/schema\/logo\/image\/"},"sameAs":["https:\/\/www.facebook.com\/Fuentes-Fidedignas-368234489921644","https:\/\/x.com\/fidedignas"]},{"@type":"Person","@id":"https:\/\/fuentesfidedignas.com.mx\/#\/schema\/person\/47ec0135738f4b0c7495f06a77a2c976","name":"Milenio","image":{"@type":"ImageObject","inLanguage":"es","@id":"https:\/\/secure.gravatar.com\/avatar\/acabf7b54753e51c2c76457954577c236b3b764789b19879565769739d1e4a75?s=96&d=mm&r=g","url":"https:\/\/secure.gravatar.com\/avatar\/acabf7b54753e51c2c76457954577c236b3b764789b19879565769739d1e4a75?s=96&d=mm&r=g","contentUrl":"https:\/\/secure.gravatar.com\/avatar\/acabf7b54753e51c2c76457954577c236b3b764789b19879565769739d1e4a75?s=96&d=mm&r=g","caption":"Milenio"},"url":"https:\/\/fuentesfidedignas.com.mx\/index.php\/author\/milenio\/"}]}},"_links":{"self":[{"href":"https:\/\/fuentesfidedignas.com.mx\/index.php\/wp-json\/wp\/v2\/posts\/32641","targetHints":{"allow":["GET"]}}],"collection":[{"href":"https:\/\/fuentesfidedignas.com.mx\/index.php\/wp-json\/wp\/v2\/posts"}],"about":[{"href":"https:\/\/fuentesfidedignas.com.mx\/index.php\/wp-json\/wp\/v2\/types\/post"}],"author":[{"embeddable":true,"href":"https:\/\/fuentesfidedignas.com.mx\/index.php\/wp-json\/wp\/v2\/users\/9"}],"replies":[{"embeddable":true,"href":"https:\/\/fuentesfidedignas.com.mx\/index.php\/wp-json\/wp\/v2\/comments?post=32641"}],"version-history":[{"count":1,"href":"https:\/\/fuentesfidedignas.com.mx\/index.php\/wp-json\/wp\/v2\/posts\/32641\/revisions"}],"predecessor-version":[{"id":32645,"href":"https:\/\/fuentesfidedignas.com.mx\/index.php\/wp-json\/wp\/v2\/posts\/32641\/revisions\/32645"}],"wp:featuredmedia":[{"embeddable":true,"href":"https:\/\/fuentesfidedignas.com.mx\/index.php\/wp-json\/wp\/v2\/media\/32643"}],"wp:attachment":[{"href":"https:\/\/fuentesfidedignas.com.mx\/index.php\/wp-json\/wp\/v2\/media?parent=32641"}],"wp:term":[{"taxonomy":"category","embeddable":true,"href":"https:\/\/fuentesfidedignas.com.mx\/index.php\/wp-json\/wp\/v2\/categories?post=32641"},{"taxonomy":"post_tag","embeddable":true,"href":"https:\/\/fuentesfidedignas.com.mx\/index.php\/wp-json\/wp\/v2\/tags?post=32641"}],"curies":[{"name":"wp","href":"https:\/\/api.w.org\/{rel}","templated":true}]}}