{"id":32637,"date":"2022-05-27T10:32:59","date_gmt":"2022-05-27T16:32:59","guid":{"rendered":"https:\/\/fuentesfidedignas.com.mx\/?p=32637"},"modified":"2022-05-27T10:36:05","modified_gmt":"2022-05-27T16:36:05","slug":"instruccion-de-amlo-estrada-ferreiro-no-estara-en-ningun-evento-de-su-gira","status":"publish","type":"post","link":"https:\/\/fuentesfidedignas.com.mx\/index.php\/2022\/05\/27\/instruccion-de-amlo-estrada-ferreiro-no-estara-en-ningun-evento-de-su-gira\/","title":{"rendered":"Instrucci\u00f3n de AMLO, Estrada Ferreiro no estar\u00e1 en ning\u00fan evento de su gira"},"content":{"rendered":"\n<p>Por Vanessa F\u00e9lix<br>Twitter: @Jvanessafelix<\/p>\n\n\n\n<p>Mazazo para el alcalde que reci\u00e9n sacaba pecho por el amparo que le concedieron contra el <strong>Juicio Pol\u00edtico<\/strong> que enfrenta. En sus redes sociales, apenas ayer celebraba la suspensi\u00f3n definitiva que aplazaba la votaci\u00f3n del <strong>H. Congreso del Estado<\/strong> para removerlo del cargo.<\/p>\n\n\n\n<p><a href=\"https:\/\/fuentesfidedignas.com.mx\/index.php\/2022\/05\/27\/en-eso-yo-no-me-meto-dice-amlo-sobre-juicio-politico-contra-estrada-ferreiro\/\">La primera se\u00f1al de la visita de <strong>Andr\u00e9s Manuel L\u00f3pez Obrador<\/strong> a <strong>Sinaloa<\/strong> es demoledora pol\u00edticamente<\/a>. A petici\u00f3n expresa, negar la presencia al presidente municipal en eventos a los que usualmente era tomado en cuenta, es contundente.<\/p>\n\n\n\n<p><strong>Jes\u00fas Estrada se aferra a la v\u00eda legal para defender su nombramiento.&nbsp;<\/strong>Est\u00e1 en su derecho. Los culiacanenses le dieron<strong>&nbsp;el voto<\/strong>. Su realidad pol\u00edtica, dice otra cosa. Adelantaba en este espacio qu<strong>e s\u00f3lo el manto protector de AMLO pod\u00eda salvarlo.&nbsp;<\/strong>Su inquisidor, sentenciarlo. \u201cLo que diga mi dedito\u201d, es una frase de&nbsp;<strong>L\u00f3pez Obrador<\/strong>&nbsp;en la historia pol\u00edtica contempor\u00e1nea. Y el dedito le dijo \u201cNO\u201d a&nbsp;<strong>Estrada Ferreiro.<\/strong><\/p>\n\n\n\n<figure class=\"wp-block-image size-full\"><img decoding=\"async\" width=\"696\" height=\"522\" src=\"https:\/\/fuentesfidedignas.com.mx\/wp-content\/uploads\/2022\/05\/AMLOestrada-696x522-1.jpg\" alt=\"\" class=\"wp-image-32642\" srcset=\"https:\/\/fuentesfidedignas.com.mx\/wp-content\/uploads\/2022\/05\/AMLOestrada-696x522-1.jpg 696w, https:\/\/fuentesfidedignas.com.mx\/wp-content\/uploads\/2022\/05\/AMLOestrada-696x522-1-300x225.jpg 300w, https:\/\/fuentesfidedignas.com.mx\/wp-content\/uploads\/2022\/05\/AMLOestrada-696x522-1-560x420.jpg 560w, https:\/\/fuentesfidedignas.com.mx\/wp-content\/uploads\/2022\/05\/AMLOestrada-696x522-1-80x60.jpg 80w, https:\/\/fuentesfidedignas.com.mx\/wp-content\/uploads\/2022\/05\/AMLOestrada-696x522-1-265x198.jpg 265w\" sizes=\"(max-width: 696px) 100vw, 696px\" \/><\/figure>\n\n\n\n<h2 class=\"wp-block-heading\">\u00bfDe d\u00f3nde viene?<\/h2>\n\n\n\n<p>En su arribo a Culiac\u00e1n,<strong>&nbsp;L\u00f3pez Obrador fue abordado por un grupo de viudas de polic\u00edas<\/strong>. En el video que circula en redes sociales se aprecian las voces de desesperaci\u00f3n. Voces de sufrimiento de quienes perdieron a sus parejas en cumplimiento del deber. El deber de salvar vidas, de defender la soberan\u00eda del estado.&nbsp;<strong>\u201cEl alcalde de Culiac\u00e1n es injusto, se\u00f1or\u201d<\/strong>, le gritaba con desespero una mujer lacerada por el desd\u00e9n del edil.&nbsp;<strong>\u201cAy\u00fadenos por favor\u201d, rogaba al Presidente<\/strong>, quien al escuchar sobre<strong>&nbsp;Estrada Ferreiro&nbsp;<\/strong>que \u201ces muy inhumano y muy grosero, nos humilla se\u00f1or a las viudas, a los hu\u00e9rfanos, nos humilla a cada rato\u201d, Andr\u00e9s Manuel les dio su atenci\u00f3n. Pero fue a m\u00e1s. Cuando el mandatario nacional escuch\u00f3 que -el alcalde- \u201cDice que por la amistad que tiene con usted no va hacer caso a ninguna orden que le d\u00e9 ni el Congreso, ni el se\u00f1or gobernador\u201d, la situaci\u00f3n dio un vuelco.<\/p>\n\n\n\n<p>Las mujeres pasaron de ser escuchadas, a ser atendidas.&nbsp;<strong>\u201cVayan ma\u00f1ana tres a la reuni\u00f3n\u201d, les dijo AMLO.<\/strong>&nbsp;Ser\u00e1n escuchadas, tendr\u00e1n su momento con el Presidente para expresar su sentir. Para se\u00f1alar que, por una tozudez del&nbsp;<strong>alcalde de Culiac\u00e1n<\/strong>, injusticias se cometen contra familias que no reclaman otra cosa que no es lo que por ley les corresponde. La ecuaci\u00f3n es simple.<\/p>\n\n\n\n<h2 class=\"wp-block-heading\">Estrada Ferreiro no tiene el manto protector de AMLO<\/h2>\n\n\n\n<p><strong>Estrada Ferreiro le hizo guardia al l\u00edder de la Cuarta Transformaci\u00f3n en el hotel donde se hosped\u00f3<\/strong>. La reuni\u00f3n no se concret\u00f3.<strong>&nbsp;Andr\u00e9s Manuel mantiene un veto pol\u00edtico con el alcalde.<\/strong>&nbsp;Las dudas se disipan. En Sinaloa, quien manda, es<strong>&nbsp;Rub\u00e9n Rocha Moya.<\/strong>&nbsp;Manda, gobierna y opera con la venia del Presidente. Quien obra mal, mal acaba. El manto presidencial no alcanza para todos. A m\u00e1s de tres a\u00f1os de gobierno, ha sufrido desgaste. Al contrario. Es momento de entregar al pueblo culpables. Que paguen quienes tengan que pagar, por el bien de la legitimidad de la 4T. El primer edil culichi, va en esa ruta.<\/p>\n\n\n\n<p><strong>Sin el manto protector de AMLO, Estrada terminar\u00e1 y\u00e9ndose s\u00ed o s\u00ed.<\/strong><\/p>\n\n\n\n<p>Hoy habr\u00e1 m\u00e1s se\u00f1ales. Una m\u00e1s es que ni el \u201cQu\u00edmico\u201d Ben\u00edtez fue requerido en la gira por el sur de Sinaloa. Acaso \u00bfser\u00e1 el siguiente?<\/p>\n\n\n\n<p>Por otro lado, dec\u00edamos que el Presidente anunciar\u00eda buenas nuevas para Sinaloa. No por nada la comitiva que lo acompa\u00f1a es grande. La gira es inspecci\u00f3n de carreteras y lo acompa\u00f1a Jorge Arganis D\u00edaz-Leal, secretario de Comunicaciones y Transportes. La presencia del director del IMSS, Zo\u00e9 Robledo Aburto, indica el respaldo y certidumbre al sistema de salud estatal; tambi\u00e9n acompa\u00f1a a AMLO, Juan Pablo de Botton, subsecretario de Egresos de la Secretar\u00eda de Hacienda y Laura Vel\u00e1zquez, coordinadora nacional de Protecci\u00f3n Civil.<\/p>\n\n\n\n<p>Sin duda, el Presidente AMLO ve muy bien a Sinaloa.<\/p>\n","protected":false},"excerpt":{"rendered":"<p>Por Vanessa F\u00e9lixTwitter: @Jvanessafelix Mazazo para el alcalde que reci\u00e9n sacaba pecho por el amparo que le concedieron contra el Juicio Pol\u00edtico que enfrenta. En sus redes sociales, apenas ayer celebraba la suspensi\u00f3n definitiva que aplazaba la votaci\u00f3n del H. Congreso del Estado para removerlo del cargo. La primera se\u00f1al de la visita de Andr\u00e9s [&hellip;]<\/p>\n","protected":false},"author":96,"featured_media":32640,"comment_status":"open","ping_status":"open","sticky":false,"template":"","format":"standard","meta":{"tdm_status":"","tdm_grid_status":"","footnotes":""},"categories":[36],"tags":[],"class_list":{"0":"post-32637","1":"post","2":"type-post","3":"status-publish","4":"format-standard","5":"has-post-thumbnail","7":"category-semanales"},"yoast_head":"<!-- This site is optimized with the Yoast SEO plugin v27.5 - https:\/\/yoast.com\/product\/yoast-seo-wordpress\/ -->\n<title>Instrucci\u00f3n de AMLO, Estrada Ferreiro no estar\u00e1 en ning\u00fan evento de su gira - Fuentes Fidedignas<\/title>\n<meta name=\"robots\" content=\"index, follow, max-snippet:-1, max-image-preview:large, max-video-preview:-1\" \/>\n<link rel=\"canonical\" href=\"https:\/\/fuentesfidedignas.com.mx\/index.php\/2022\/05\/27\/instruccion-de-amlo-estrada-ferreiro-no-estara-en-ningun-evento-de-su-gira\/\" \/>\n<meta property=\"og:locale\" content=\"es_MX\" \/>\n<meta property=\"og:type\" content=\"article\" \/>\n<meta property=\"og:title\" content=\"Instrucci\u00f3n de AMLO, Estrada Ferreiro no estar\u00e1 en ning\u00fan evento de su gira - Fuentes Fidedignas\" \/>\n<meta property=\"og:description\" content=\"Por Vanessa F\u00e9lixTwitter: @Jvanessafelix Mazazo para el alcalde que reci\u00e9n sacaba pecho por el amparo que le concedieron contra el Juicio Pol\u00edtico que enfrenta. En sus redes sociales, apenas ayer celebraba la suspensi\u00f3n definitiva que aplazaba la votaci\u00f3n del H. Congreso del Estado para removerlo del cargo. La primera se\u00f1al de la visita de Andr\u00e9s [&hellip;]\" \/>\n<meta property=\"og:url\" content=\"https:\/\/fuentesfidedignas.com.mx\/index.php\/2022\/05\/27\/instruccion-de-amlo-estrada-ferreiro-no-estara-en-ningun-evento-de-su-gira\/\" \/>\n<meta property=\"og:site_name\" content=\"Fuentes Fidedignas\" \/>\n<meta property=\"article:publisher\" content=\"https:\/\/www.facebook.com\/Fuentes-Fidedignas-368234489921644\" \/>\n<meta property=\"article:published_time\" content=\"2022-05-27T16:32:59+00:00\" \/>\n<meta property=\"article:modified_time\" content=\"2022-05-27T16:36:05+00:00\" \/>\n<meta property=\"og:image\" content=\"https:\/\/fuentesfidedignas.com.mx\/wp-content\/uploads\/2022\/05\/vanessa-1.jpg\" \/>\n\t<meta property=\"og:image:width\" content=\"683\" \/>\n\t<meta property=\"og:image:height\" content=\"1024\" \/>\n\t<meta property=\"og:image:type\" content=\"image\/jpeg\" \/>\n<meta name=\"author\" content=\"Vanessa F\u00e9lix\" \/>\n<meta name=\"twitter:card\" content=\"summary_large_image\" \/>\n<meta name=\"twitter:creator\" content=\"@fidedignas\" \/>\n<meta name=\"twitter:site\" content=\"@fidedignas\" \/>\n<meta name=\"twitter:label1\" content=\"Escrito por\" \/>\n\t<meta name=\"twitter:data1\" content=\"Vanessa F\u00e9lix\" \/>\n\t<meta name=\"twitter:label2\" content=\"Tiempo de lectura\" \/>\n\t<meta name=\"twitter:data2\" content=\"4 minutos\" \/>\n<script type=\"application\/ld+json\" class=\"yoast-schema-graph\">{\"@context\":\"https:\\\/\\\/schema.org\",\"@graph\":[{\"@type\":\"Article\",\"@id\":\"https:\\\/\\\/fuentesfidedignas.com.mx\\\/index.php\\\/2022\\\/05\\\/27\\\/instruccion-de-amlo-estrada-ferreiro-no-estara-en-ningun-evento-de-su-gira\\\/#article\",\"isPartOf\":{\"@id\":\"https:\\\/\\\/fuentesfidedignas.com.mx\\\/index.php\\\/2022\\\/05\\\/27\\\/instruccion-de-amlo-estrada-ferreiro-no-estara-en-ningun-evento-de-su-gira\\\/\"},\"author\":{\"name\":\"Vanessa F\u00e9lix\",\"@id\":\"https:\\\/\\\/fuentesfidedignas.com.mx\\\/#\\\/schema\\\/person\\\/5df27dfb2ec8428a6df8e64a18157a55\"},\"headline\":\"Instrucci\u00f3n de AMLO, Estrada Ferreiro no estar\u00e1 en ning\u00fan evento de su gira\",\"datePublished\":\"2022-05-27T16:32:59+00:00\",\"dateModified\":\"2022-05-27T16:36:05+00:00\",\"mainEntityOfPage\":{\"@id\":\"https:\\\/\\\/fuentesfidedignas.com.mx\\\/index.php\\\/2022\\\/05\\\/27\\\/instruccion-de-amlo-estrada-ferreiro-no-estara-en-ningun-evento-de-su-gira\\\/\"},\"wordCount\":719,\"commentCount\":0,\"publisher\":{\"@id\":\"https:\\\/\\\/fuentesfidedignas.com.mx\\\/#organization\"},\"image\":{\"@id\":\"https:\\\/\\\/fuentesfidedignas.com.mx\\\/index.php\\\/2022\\\/05\\\/27\\\/instruccion-de-amlo-estrada-ferreiro-no-estara-en-ningun-evento-de-su-gira\\\/#primaryimage\"},\"thumbnailUrl\":\"https:\\\/\\\/fuentesfidedignas.com.mx\\\/wp-content\\\/uploads\\\/2022\\\/05\\\/vanessa-1.jpg\",\"articleSection\":[\"SEMANALES\"],\"inLanguage\":\"es\",\"potentialAction\":[{\"@type\":\"CommentAction\",\"name\":\"Comment\",\"target\":[\"https:\\\/\\\/fuentesfidedignas.com.mx\\\/index.php\\\/2022\\\/05\\\/27\\\/instruccion-de-amlo-estrada-ferreiro-no-estara-en-ningun-evento-de-su-gira\\\/#respond\"]}]},{\"@type\":\"WebPage\",\"@id\":\"https:\\\/\\\/fuentesfidedignas.com.mx\\\/index.php\\\/2022\\\/05\\\/27\\\/instruccion-de-amlo-estrada-ferreiro-no-estara-en-ningun-evento-de-su-gira\\\/\",\"url\":\"https:\\\/\\\/fuentesfidedignas.com.mx\\\/index.php\\\/2022\\\/05\\\/27\\\/instruccion-de-amlo-estrada-ferreiro-no-estara-en-ningun-evento-de-su-gira\\\/\",\"name\":\"Instrucci\u00f3n de AMLO, Estrada Ferreiro no estar\u00e1 en ning\u00fan evento de su gira - Fuentes Fidedignas\",\"isPartOf\":{\"@id\":\"https:\\\/\\\/fuentesfidedignas.com.mx\\\/#website\"},\"primaryImageOfPage\":{\"@id\":\"https:\\\/\\\/fuentesfidedignas.com.mx\\\/index.php\\\/2022\\\/05\\\/27\\\/instruccion-de-amlo-estrada-ferreiro-no-estara-en-ningun-evento-de-su-gira\\\/#primaryimage\"},\"image\":{\"@id\":\"https:\\\/\\\/fuentesfidedignas.com.mx\\\/index.php\\\/2022\\\/05\\\/27\\\/instruccion-de-amlo-estrada-ferreiro-no-estara-en-ningun-evento-de-su-gira\\\/#primaryimage\"},\"thumbnailUrl\":\"https:\\\/\\\/fuentesfidedignas.com.mx\\\/wp-content\\\/uploads\\\/2022\\\/05\\\/vanessa-1.jpg\",\"datePublished\":\"2022-05-27T16:32:59+00:00\",\"dateModified\":\"2022-05-27T16:36:05+00:00\",\"breadcrumb\":{\"@id\":\"https:\\\/\\\/fuentesfidedignas.com.mx\\\/index.php\\\/2022\\\/05\\\/27\\\/instruccion-de-amlo-estrada-ferreiro-no-estara-en-ningun-evento-de-su-gira\\\/#breadcrumb\"},\"inLanguage\":\"es\",\"potentialAction\":[{\"@type\":\"ReadAction\",\"target\":[\"https:\\\/\\\/fuentesfidedignas.com.mx\\\/index.php\\\/2022\\\/05\\\/27\\\/instruccion-de-amlo-estrada-ferreiro-no-estara-en-ningun-evento-de-su-gira\\\/\"]}]},{\"@type\":\"ImageObject\",\"inLanguage\":\"es\",\"@id\":\"https:\\\/\\\/fuentesfidedignas.com.mx\\\/index.php\\\/2022\\\/05\\\/27\\\/instruccion-de-amlo-estrada-ferreiro-no-estara-en-ningun-evento-de-su-gira\\\/#primaryimage\",\"url\":\"https:\\\/\\\/fuentesfidedignas.com.mx\\\/wp-content\\\/uploads\\\/2022\\\/05\\\/vanessa-1.jpg\",\"contentUrl\":\"https:\\\/\\\/fuentesfidedignas.com.mx\\\/wp-content\\\/uploads\\\/2022\\\/05\\\/vanessa-1.jpg\",\"width\":683,\"height\":1024},{\"@type\":\"BreadcrumbList\",\"@id\":\"https:\\\/\\\/fuentesfidedignas.com.mx\\\/index.php\\\/2022\\\/05\\\/27\\\/instruccion-de-amlo-estrada-ferreiro-no-estara-en-ningun-evento-de-su-gira\\\/#breadcrumb\",\"itemListElement\":[{\"@type\":\"ListItem\",\"position\":1,\"name\":\"Inicio\",\"item\":\"https:\\\/\\\/fuentesfidedignas.com.mx\\\/\"},{\"@type\":\"ListItem\",\"position\":2,\"name\":\"Instrucci\u00f3n de AMLO, Estrada Ferreiro no estar\u00e1 en ning\u00fan evento de su gira\"}]},{\"@type\":\"WebSite\",\"@id\":\"https:\\\/\\\/fuentesfidedignas.com.mx\\\/#website\",\"url\":\"https:\\\/\\\/fuentesfidedignas.com.mx\\\/\",\"name\":\"Fuentes Fidedignas\",\"description\":\"Otro sitio realizado con WordPress\",\"publisher\":{\"@id\":\"https:\\\/\\\/fuentesfidedignas.com.mx\\\/#organization\"},\"potentialAction\":[{\"@type\":\"SearchAction\",\"target\":{\"@type\":\"EntryPoint\",\"urlTemplate\":\"https:\\\/\\\/fuentesfidedignas.com.mx\\\/?s={search_term_string}\"},\"query-input\":{\"@type\":\"PropertyValueSpecification\",\"valueRequired\":true,\"valueName\":\"search_term_string\"}}],\"inLanguage\":\"es\"},{\"@type\":\"Organization\",\"@id\":\"https:\\\/\\\/fuentesfidedignas.com.mx\\\/#organization\",\"name\":\"Fuentes Fidedignas\",\"url\":\"https:\\\/\\\/fuentesfidedignas.com.mx\\\/\",\"logo\":{\"@type\":\"ImageObject\",\"inLanguage\":\"es\",\"@id\":\"https:\\\/\\\/fuentesfidedignas.com.mx\\\/#\\\/schema\\\/logo\\\/image\\\/\",\"url\":\"https:\\\/\\\/fuentesfidedignas.com.mx\\\/wp-content\\\/uploads\\\/2021\\\/04\\\/logo-retina.png\",\"contentUrl\":\"https:\\\/\\\/fuentesfidedignas.com.mx\\\/wp-content\\\/uploads\\\/2021\\\/04\\\/logo-retina.png\",\"width\":280,\"height\":51,\"caption\":\"Fuentes Fidedignas\"},\"image\":{\"@id\":\"https:\\\/\\\/fuentesfidedignas.com.mx\\\/#\\\/schema\\\/logo\\\/image\\\/\"},\"sameAs\":[\"https:\\\/\\\/www.facebook.com\\\/Fuentes-Fidedignas-368234489921644\",\"https:\\\/\\\/x.com\\\/fidedignas\"]},{\"@type\":\"Person\",\"@id\":\"https:\\\/\\\/fuentesfidedignas.com.mx\\\/#\\\/schema\\\/person\\\/5df27dfb2ec8428a6df8e64a18157a55\",\"name\":\"Vanessa F\u00e9lix\",\"image\":{\"@type\":\"ImageObject\",\"inLanguage\":\"es\",\"@id\":\"https:\\\/\\\/secure.gravatar.com\\\/avatar\\\/4c28391bd9a179e239bc05df42a3b230fe19eec9360748ffcab5fb13926068e4?s=96&d=mm&r=g\",\"url\":\"https:\\\/\\\/secure.gravatar.com\\\/avatar\\\/4c28391bd9a179e239bc05df42a3b230fe19eec9360748ffcab5fb13926068e4?s=96&d=mm&r=g\",\"contentUrl\":\"https:\\\/\\\/secure.gravatar.com\\\/avatar\\\/4c28391bd9a179e239bc05df42a3b230fe19eec9360748ffcab5fb13926068e4?s=96&d=mm&r=g\",\"caption\":\"Vanessa F\u00e9lix\"},\"url\":\"https:\\\/\\\/fuentesfidedignas.com.mx\\\/index.php\\\/author\\\/vanessa\\\/\"}]}<\/script>\n<!-- \/ Yoast SEO plugin. -->","yoast_head_json":{"title":"Instrucci\u00f3n de AMLO, Estrada Ferreiro no estar\u00e1 en ning\u00fan evento de su gira - Fuentes Fidedignas","robots":{"index":"index","follow":"follow","max-snippet":"max-snippet:-1","max-image-preview":"max-image-preview:large","max-video-preview":"max-video-preview:-1"},"canonical":"https:\/\/fuentesfidedignas.com.mx\/index.php\/2022\/05\/27\/instruccion-de-amlo-estrada-ferreiro-no-estara-en-ningun-evento-de-su-gira\/","og_locale":"es_MX","og_type":"article","og_title":"Instrucci\u00f3n de AMLO, Estrada Ferreiro no estar\u00e1 en ning\u00fan evento de su gira - Fuentes Fidedignas","og_description":"Por Vanessa F\u00e9lixTwitter: @Jvanessafelix Mazazo para el alcalde que reci\u00e9n sacaba pecho por el amparo que le concedieron contra el Juicio Pol\u00edtico que enfrenta. En sus redes sociales, apenas ayer celebraba la suspensi\u00f3n definitiva que aplazaba la votaci\u00f3n del H. Congreso del Estado para removerlo del cargo. La primera se\u00f1al de la visita de Andr\u00e9s [&hellip;]","og_url":"https:\/\/fuentesfidedignas.com.mx\/index.php\/2022\/05\/27\/instruccion-de-amlo-estrada-ferreiro-no-estara-en-ningun-evento-de-su-gira\/","og_site_name":"Fuentes Fidedignas","article_publisher":"https:\/\/www.facebook.com\/Fuentes-Fidedignas-368234489921644","article_published_time":"2022-05-27T16:32:59+00:00","article_modified_time":"2022-05-27T16:36:05+00:00","og_image":[{"width":683,"height":1024,"url":"https:\/\/fuentesfidedignas.com.mx\/wp-content\/uploads\/2022\/05\/vanessa-1.jpg","type":"image\/jpeg"}],"author":"Vanessa F\u00e9lix","twitter_card":"summary_large_image","twitter_creator":"@fidedignas","twitter_site":"@fidedignas","twitter_misc":{"Escrito por":"Vanessa F\u00e9lix","Tiempo de lectura":"4 minutos"},"schema":{"@context":"https:\/\/schema.org","@graph":[{"@type":"Article","@id":"https:\/\/fuentesfidedignas.com.mx\/index.php\/2022\/05\/27\/instruccion-de-amlo-estrada-ferreiro-no-estara-en-ningun-evento-de-su-gira\/#article","isPartOf":{"@id":"https:\/\/fuentesfidedignas.com.mx\/index.php\/2022\/05\/27\/instruccion-de-amlo-estrada-ferreiro-no-estara-en-ningun-evento-de-su-gira\/"},"author":{"name":"Vanessa F\u00e9lix","@id":"https:\/\/fuentesfidedignas.com.mx\/#\/schema\/person\/5df27dfb2ec8428a6df8e64a18157a55"},"headline":"Instrucci\u00f3n de AMLO, Estrada Ferreiro no estar\u00e1 en ning\u00fan evento de su gira","datePublished":"2022-05-27T16:32:59+00:00","dateModified":"2022-05-27T16:36:05+00:00","mainEntityOfPage":{"@id":"https:\/\/fuentesfidedignas.com.mx\/index.php\/2022\/05\/27\/instruccion-de-amlo-estrada-ferreiro-no-estara-en-ningun-evento-de-su-gira\/"},"wordCount":719,"commentCount":0,"publisher":{"@id":"https:\/\/fuentesfidedignas.com.mx\/#organization"},"image":{"@id":"https:\/\/fuentesfidedignas.com.mx\/index.php\/2022\/05\/27\/instruccion-de-amlo-estrada-ferreiro-no-estara-en-ningun-evento-de-su-gira\/#primaryimage"},"thumbnailUrl":"https:\/\/fuentesfidedignas.com.mx\/wp-content\/uploads\/2022\/05\/vanessa-1.jpg","articleSection":["SEMANALES"],"inLanguage":"es","potentialAction":[{"@type":"CommentAction","name":"Comment","target":["https:\/\/fuentesfidedignas.com.mx\/index.php\/2022\/05\/27\/instruccion-de-amlo-estrada-ferreiro-no-estara-en-ningun-evento-de-su-gira\/#respond"]}]},{"@type":"WebPage","@id":"https:\/\/fuentesfidedignas.com.mx\/index.php\/2022\/05\/27\/instruccion-de-amlo-estrada-ferreiro-no-estara-en-ningun-evento-de-su-gira\/","url":"https:\/\/fuentesfidedignas.com.mx\/index.php\/2022\/05\/27\/instruccion-de-amlo-estrada-ferreiro-no-estara-en-ningun-evento-de-su-gira\/","name":"Instrucci\u00f3n de AMLO, Estrada Ferreiro no estar\u00e1 en ning\u00fan evento de su gira - Fuentes Fidedignas","isPartOf":{"@id":"https:\/\/fuentesfidedignas.com.mx\/#website"},"primaryImageOfPage":{"@id":"https:\/\/fuentesfidedignas.com.mx\/index.php\/2022\/05\/27\/instruccion-de-amlo-estrada-ferreiro-no-estara-en-ningun-evento-de-su-gira\/#primaryimage"},"image":{"@id":"https:\/\/fuentesfidedignas.com.mx\/index.php\/2022\/05\/27\/instruccion-de-amlo-estrada-ferreiro-no-estara-en-ningun-evento-de-su-gira\/#primaryimage"},"thumbnailUrl":"https:\/\/fuentesfidedignas.com.mx\/wp-content\/uploads\/2022\/05\/vanessa-1.jpg","datePublished":"2022-05-27T16:32:59+00:00","dateModified":"2022-05-27T16:36:05+00:00","breadcrumb":{"@id":"https:\/\/fuentesfidedignas.com.mx\/index.php\/2022\/05\/27\/instruccion-de-amlo-estrada-ferreiro-no-estara-en-ningun-evento-de-su-gira\/#breadcrumb"},"inLanguage":"es","potentialAction":[{"@type":"ReadAction","target":["https:\/\/fuentesfidedignas.com.mx\/index.php\/2022\/05\/27\/instruccion-de-amlo-estrada-ferreiro-no-estara-en-ningun-evento-de-su-gira\/"]}]},{"@type":"ImageObject","inLanguage":"es","@id":"https:\/\/fuentesfidedignas.com.mx\/index.php\/2022\/05\/27\/instruccion-de-amlo-estrada-ferreiro-no-estara-en-ningun-evento-de-su-gira\/#primaryimage","url":"https:\/\/fuentesfidedignas.com.mx\/wp-content\/uploads\/2022\/05\/vanessa-1.jpg","contentUrl":"https:\/\/fuentesfidedignas.com.mx\/wp-content\/uploads\/2022\/05\/vanessa-1.jpg","width":683,"height":1024},{"@type":"BreadcrumbList","@id":"https:\/\/fuentesfidedignas.com.mx\/index.php\/2022\/05\/27\/instruccion-de-amlo-estrada-ferreiro-no-estara-en-ningun-evento-de-su-gira\/#breadcrumb","itemListElement":[{"@type":"ListItem","position":1,"name":"Inicio","item":"https:\/\/fuentesfidedignas.com.mx\/"},{"@type":"ListItem","position":2,"name":"Instrucci\u00f3n de AMLO, Estrada Ferreiro no estar\u00e1 en ning\u00fan evento de su gira"}]},{"@type":"WebSite","@id":"https:\/\/fuentesfidedignas.com.mx\/#website","url":"https:\/\/fuentesfidedignas.com.mx\/","name":"Fuentes Fidedignas","description":"Otro sitio realizado con WordPress","publisher":{"@id":"https:\/\/fuentesfidedignas.com.mx\/#organization"},"potentialAction":[{"@type":"SearchAction","target":{"@type":"EntryPoint","urlTemplate":"https:\/\/fuentesfidedignas.com.mx\/?s={search_term_string}"},"query-input":{"@type":"PropertyValueSpecification","valueRequired":true,"valueName":"search_term_string"}}],"inLanguage":"es"},{"@type":"Organization","@id":"https:\/\/fuentesfidedignas.com.mx\/#organization","name":"Fuentes Fidedignas","url":"https:\/\/fuentesfidedignas.com.mx\/","logo":{"@type":"ImageObject","inLanguage":"es","@id":"https:\/\/fuentesfidedignas.com.mx\/#\/schema\/logo\/image\/","url":"https:\/\/fuentesfidedignas.com.mx\/wp-content\/uploads\/2021\/04\/logo-retina.png","contentUrl":"https:\/\/fuentesfidedignas.com.mx\/wp-content\/uploads\/2021\/04\/logo-retina.png","width":280,"height":51,"caption":"Fuentes Fidedignas"},"image":{"@id":"https:\/\/fuentesfidedignas.com.mx\/#\/schema\/logo\/image\/"},"sameAs":["https:\/\/www.facebook.com\/Fuentes-Fidedignas-368234489921644","https:\/\/x.com\/fidedignas"]},{"@type":"Person","@id":"https:\/\/fuentesfidedignas.com.mx\/#\/schema\/person\/5df27dfb2ec8428a6df8e64a18157a55","name":"Vanessa F\u00e9lix","image":{"@type":"ImageObject","inLanguage":"es","@id":"https:\/\/secure.gravatar.com\/avatar\/4c28391bd9a179e239bc05df42a3b230fe19eec9360748ffcab5fb13926068e4?s=96&d=mm&r=g","url":"https:\/\/secure.gravatar.com\/avatar\/4c28391bd9a179e239bc05df42a3b230fe19eec9360748ffcab5fb13926068e4?s=96&d=mm&r=g","contentUrl":"https:\/\/secure.gravatar.com\/avatar\/4c28391bd9a179e239bc05df42a3b230fe19eec9360748ffcab5fb13926068e4?s=96&d=mm&r=g","caption":"Vanessa F\u00e9lix"},"url":"https:\/\/fuentesfidedignas.com.mx\/index.php\/author\/vanessa\/"}]}},"_links":{"self":[{"href":"https:\/\/fuentesfidedignas.com.mx\/index.php\/wp-json\/wp\/v2\/posts\/32637","targetHints":{"allow":["GET"]}}],"collection":[{"href":"https:\/\/fuentesfidedignas.com.mx\/index.php\/wp-json\/wp\/v2\/posts"}],"about":[{"href":"https:\/\/fuentesfidedignas.com.mx\/index.php\/wp-json\/wp\/v2\/types\/post"}],"author":[{"embeddable":true,"href":"https:\/\/fuentesfidedignas.com.mx\/index.php\/wp-json\/wp\/v2\/users\/96"}],"replies":[{"embeddable":true,"href":"https:\/\/fuentesfidedignas.com.mx\/index.php\/wp-json\/wp\/v2\/comments?post=32637"}],"version-history":[{"count":2,"href":"https:\/\/fuentesfidedignas.com.mx\/index.php\/wp-json\/wp\/v2\/posts\/32637\/revisions"}],"predecessor-version":[{"id":32646,"href":"https:\/\/fuentesfidedignas.com.mx\/index.php\/wp-json\/wp\/v2\/posts\/32637\/revisions\/32646"}],"wp:featuredmedia":[{"embeddable":true,"href":"https:\/\/fuentesfidedignas.com.mx\/index.php\/wp-json\/wp\/v2\/media\/32640"}],"wp:attachment":[{"href":"https:\/\/fuentesfidedignas.com.mx\/index.php\/wp-json\/wp\/v2\/media?parent=32637"}],"wp:term":[{"taxonomy":"category","embeddable":true,"href":"https:\/\/fuentesfidedignas.com.mx\/index.php\/wp-json\/wp\/v2\/categories?post=32637"},{"taxonomy":"post_tag","embeddable":true,"href":"https:\/\/fuentesfidedignas.com.mx\/index.php\/wp-json\/wp\/v2\/tags?post=32637"}],"curies":[{"name":"wp","href":"https:\/\/api.w.org\/{rel}","templated":true}]}}