{"id":32623,"date":"2022-05-27T09:53:51","date_gmt":"2022-05-27T15:53:51","guid":{"rendered":"https:\/\/fuentesfidedignas.com.mx\/?p=32623"},"modified":"2022-05-27T10:42:51","modified_gmt":"2022-05-27T16:42:51","slug":"federalizan-salud-en-sinaloa-imss-y-la-entidad-firman-convenio","status":"publish","type":"post","link":"https:\/\/fuentesfidedignas.com.mx\/index.php\/2022\/05\/27\/federalizan-salud-en-sinaloa-imss-y-la-entidad-firman-convenio\/","title":{"rendered":"Federalizan salud en Sinaloa; IMSS y la entidad firman convenio"},"content":{"rendered":"\n<p><strong><em>El Gobierno Federal invertir\u00e1 mil 800 millones de pesos para brindar servicios m\u00e9dicos gratuitos a todos los habitantes del estado.<\/em><\/strong><\/p>\n\n\n\n<p>Culiac\u00e1n, Sin.- A trav\u00e9s de la conferencia ma\u00f1anera del presidente Andr\u00e9s Manuel L\u00f3pez Obrador, se dio a conocer el acuerdo que el gobernador Rub\u00e9n Rocha Moya firm\u00f3, junto al dirigente del pa\u00eds y con el director del Seguro Social Zo\u00e9 Robledo, para federalizar los servicios de salud en el estado.<\/p>\n\n\n\n<p>Ante este acuerdo, el presidente L\u00f3pez Obrador resalt\u00f3 la importancia de federalizar la salud, ya que esto significar\u00e1 hacer cumplir el derecho de Sinaloa ante los temas m\u00e9dicos, de esta forma todas las personas del estado, explic\u00f3 \u201cvan a tener acceso a un sistema de salud de calidad que va a incluir m\u00e9dicos generales, especialistas, atenci\u00f3n las 24 horas en centros de salud, unidades m\u00e9dicas, hospitales, estudios cl\u00ednicos, medicamentos, no s\u00f3lo el llamado cuadro b\u00e1sico\u201d.<\/p>\n\n\n\n<p>AMLO inform\u00f3 que, aunque el sistema del IMSS Bienestar haya sido dise\u00f1ado especialmente para la atenci\u00f3n de quienes no cuentan con los servicios de seguridad social, \u00e9ste tambi\u00e9n se encargar\u00e1 de atender a la poblaci\u00f3n en general, incluidas todas aquellas personas que si tienen seguro pero que se encuentren lejos de estas instituciones de salud.<\/p>\n\n\n\n<p>\u201cEn el caso del plan IMSS Bienestar, es para los que no tienen seguridad social, que es la mitad de la poblaci\u00f3n, que no tiene ISSSTE que no tiene seguro pero tambi\u00e9n en el sistema IMSS bienestar se atender\u00e1 a quienes tienen ISSSTE y que tienen seguro, por ejemplo, hay maestros que trabajan en comunidades apartadas de Sinaloa y no hay cl\u00ednicas del ISSSTE, si acaso en las cabeceras municipales de los 18 municipios de Sinaloa, pero si hay unidades m\u00e9dicas rurales del IMSS bienestar y s\u00ed hay hospitales de especialidades IMSS bienestar, entonces ah\u00ed van a poder atenderse sin ser derechohabientes\u201d, dijo.<br>Sobre los sueldos a los m\u00e9dicos, el presidente mencion\u00f3 que los 21 millones de trabajadores inscritos al seguro social, tienen como sueldo promedio 480 pesos, lo que se traduce en 14 mil 500 pesos mensuales.<\/p>\n\n\n\n<p>Entonces en materia de salud es muy importante la firma del convenio, es un sistema de salud universal, atenci\u00f3n m\u00e9dica y medicamentos gratuitos, y es universal porque es para toda la poblaci\u00f3n, es un derecho.<\/p>\n\n\n\n<p>Por \u00faltimo, expres\u00f3 la importancia de la firma de este convenio, pues dio a conocer que de inicio la inversi\u00f3n para federalizar el sistema de salud sinaloense ser\u00e1 de 1,800 millones de pesos, de esta manera podr\u00e1n asegurar la calidad y gratuidad como parte del sistema IMSS Bienestar.<\/p>\n\n\n\n<p>Por su parte, el gobernador de Sinaloa, Rub\u00e9n Rocha Moya, dio a conocer que, con la ayuda del gobierno federal, se van a fortalecer y se incrementar\u00e1n los programas de Bienestar en el estado, siendo el primero en universalizar la pensi\u00f3n a las personas con discapacidad.<br>Rocha aclar\u00f3 que actualmente en Sinaloa se apoyan a 23 mil personas con discapacidad, sin embargo, expres\u00f3 cuatriplicar la cifra para llegar a ayudar a un n\u00famero que ascender\u00e1 las 84 mil personas.<\/p>\n\n\n\n<p>\u201cEn junio vamos a concluir ya el padr\u00f3n, cu\u00e1ntos se apoyan ahora, 23 mil personas, pues vamos a apoyar 84 mil, vamos a cuatriplicar el apoyo, porque vamos a apoyar a todas las personas con discapacidad permanente, este es un programa que apoya mucho el presidente y nosotros tambi\u00e9n\u201d, a\u00f1adi\u00f3.<\/p>\n\n\n\n<p>El mandatario estatal destac\u00f3 que en materia de bienestar importa mucho que se sepa que se est\u00e1 trabajando para beneficiar a las personas con mayores necesidades.<\/p>\n\n\n\n<p>Indic\u00f3 que Sinaloa no va a crear programas locales, sino que se apoyar\u00e1 con los ya existentes por parte de la Federaci\u00f3n, de esta forma tambi\u00e9n aplicar\u00e1 un programa para el sector pesquero de la entidad con un nuevo programa de Bienpesca, con esquema Pari Passu, para resolver, la problem\u00e1tica de los productores en cuanto al combustible.<\/p>\n\n\n\n<p>En otro tema, el gobernador explic\u00f3 que, en el tema de las escuelas, se encuentran trabajando para la atenci\u00f3n de las instituciones educativas que no se encuentran en condiciones para recibir a los alumnos, por lo que el gobierno estatal har\u00e1 una aportaci\u00f3n equivalente a la que est\u00e1 haciendo la federaci\u00f3n en el incremento del programa \u201cLa escuela es nuestra\u201d.<\/p>\n\n\n\n<p>\u201cEl tema de La escuela es nuestra, vea usted que las escuelas y ustedes lo saben, los periodistas de aqu\u00ed y los periodistas de todo, saben que un gran reclamo es que las escuelas est\u00e1n ca\u00eddas. Estamos trabajando en ello, vamos a incrementar, ya me dieron a conocer el n\u00famero de escuelas de La escuela es nuestra que vamos a atender este a\u00f1o, est\u00e1n muy incrementadas y nosotros vamos a hacer una aportaci\u00f3n equivalente a la que hace la Federaci\u00f3n en ese incremento de La escuela es nuestra, am\u00e9n de que vamos a poner recursos propios para que las escuelas salgan a delante\u201d, agreg\u00f3.<\/p>\n\n\n\n<figure class=\"wp-block-gallery has-nested-images columns-default is-cropped wp-block-gallery-1 is-layout-flex wp-block-gallery-is-layout-flex\">\n<figure class=\"wp-block-image size-large\"><img decoding=\"async\" width=\"1024\" height=\"682\" data-id=\"32649\" src=\"https:\/\/fuentesfidedignas.com.mx\/wp-content\/uploads\/2022\/05\/WhatsApp-Image-2022-05-27-at-10.34.57-AM-1024x682.jpeg\" alt=\"\" class=\"wp-image-32649\" srcset=\"https:\/\/fuentesfidedignas.com.mx\/wp-content\/uploads\/2022\/05\/WhatsApp-Image-2022-05-27-at-10.34.57-AM-1024x682.jpeg 1024w, https:\/\/fuentesfidedignas.com.mx\/wp-content\/uploads\/2022\/05\/WhatsApp-Image-2022-05-27-at-10.34.57-AM-300x200.jpeg 300w, https:\/\/fuentesfidedignas.com.mx\/wp-content\/uploads\/2022\/05\/WhatsApp-Image-2022-05-27-at-10.34.57-AM-768x511.jpeg 768w, https:\/\/fuentesfidedignas.com.mx\/wp-content\/uploads\/2022\/05\/WhatsApp-Image-2022-05-27-at-10.34.57-AM-696x463.jpeg 696w, https:\/\/fuentesfidedignas.com.mx\/wp-content\/uploads\/2022\/05\/WhatsApp-Image-2022-05-27-at-10.34.57-AM-1068x711.jpeg 1068w, https:\/\/fuentesfidedignas.com.mx\/wp-content\/uploads\/2022\/05\/WhatsApp-Image-2022-05-27-at-10.34.57-AM-631x420.jpeg 631w, https:\/\/fuentesfidedignas.com.mx\/wp-content\/uploads\/2022\/05\/WhatsApp-Image-2022-05-27-at-10.34.57-AM.jpeg 1280w\" sizes=\"(max-width: 1024px) 100vw, 1024px\" \/><\/figure>\n\n\n\n<figure class=\"wp-block-image size-large\"><img decoding=\"async\" data-id=\"32648\" src=\"https:\/\/fuentesfidedignas.com.mx\/wp-content\/uploads\/2022\/05\/WhatsApp-Image-2022-05-27-at-10.34.56-AM-1024x682.jpeg\" alt=\"\" class=\"wp-image-32648\"\/><\/figure>\n\n\n\n<figure class=\"wp-block-image size-large\"><img decoding=\"async\" data-id=\"32651\" src=\"https:\/\/fuentesfidedignas.com.mx\/wp-content\/uploads\/2022\/05\/WhatsApp-Image-2022-05-27-at-10.35.00-AM-1024x682.jpeg\" alt=\"\" class=\"wp-image-32651\"\/><\/figure>\n\n\n\n<figure class=\"wp-block-image size-large\"><img decoding=\"async\" width=\"1024\" height=\"682\" data-id=\"32650\" src=\"https:\/\/fuentesfidedignas.com.mx\/wp-content\/uploads\/2022\/05\/WhatsApp-Image-2022-05-27-at-10.34.58-AM-1024x682.jpeg\" alt=\"\" class=\"wp-image-32650\" srcset=\"https:\/\/fuentesfidedignas.com.mx\/wp-content\/uploads\/2022\/05\/WhatsApp-Image-2022-05-27-at-10.34.58-AM-1024x682.jpeg 1024w, https:\/\/fuentesfidedignas.com.mx\/wp-content\/uploads\/2022\/05\/WhatsApp-Image-2022-05-27-at-10.34.58-AM-300x200.jpeg 300w, https:\/\/fuentesfidedignas.com.mx\/wp-content\/uploads\/2022\/05\/WhatsApp-Image-2022-05-27-at-10.34.58-AM-768x511.jpeg 768w, https:\/\/fuentesfidedignas.com.mx\/wp-content\/uploads\/2022\/05\/WhatsApp-Image-2022-05-27-at-10.34.58-AM-696x463.jpeg 696w, https:\/\/fuentesfidedignas.com.mx\/wp-content\/uploads\/2022\/05\/WhatsApp-Image-2022-05-27-at-10.34.58-AM-1068x711.jpeg 1068w, https:\/\/fuentesfidedignas.com.mx\/wp-content\/uploads\/2022\/05\/WhatsApp-Image-2022-05-27-at-10.34.58-AM-631x420.jpeg 631w, https:\/\/fuentesfidedignas.com.mx\/wp-content\/uploads\/2022\/05\/WhatsApp-Image-2022-05-27-at-10.34.58-AM.jpeg 1280w\" sizes=\"(max-width: 1024px) 100vw, 1024px\" \/><\/figure>\n<\/figure>\n","protected":false},"excerpt":{"rendered":"<p>El Gobierno Federal invertir\u00e1 mil 800 millones de pesos para brindar servicios m\u00e9dicos gratuitos a todos los habitantes del estado. Culiac\u00e1n, Sin.- A trav\u00e9s de la conferencia ma\u00f1anera del presidente Andr\u00e9s Manuel L\u00f3pez Obrador, se dio a conocer el acuerdo que el gobernador Rub\u00e9n Rocha Moya firm\u00f3, junto al dirigente del pa\u00eds y con el [&hellip;]<\/p>\n","protected":false},"author":4,"featured_media":32650,"comment_status":"open","ping_status":"open","sticky":false,"template":"","format":"standard","meta":{"tdm_status":"","tdm_grid_status":"","footnotes":""},"categories":[38],"tags":[247,297,410,52,229,1568],"class_list":{"0":"post-32623","1":"post","2":"type-post","3":"status-publish","4":"format-standard","5":"has-post-thumbnail","7":"category-noticias-locales","8":"tag-amlo","9":"tag-andres-manuel-lopez-obrador","10":"tag-imss","11":"tag-ruben-rocha-moya","12":"tag-secretaria-de-salud-de-sinaloa","13":"tag-zoe-robledo-aburto"},"yoast_head":"<!-- This site is optimized with the Yoast SEO plugin v27.4 - https:\/\/yoast.com\/product\/yoast-seo-wordpress\/ -->\n<title>Federalizan salud en Sinaloa; IMSS y la entidad firman convenio - Fuentes Fidedignas<\/title>\n<meta name=\"robots\" content=\"index, follow, max-snippet:-1, max-image-preview:large, max-video-preview:-1\" \/>\n<link rel=\"canonical\" href=\"https:\/\/fuentesfidedignas.com.mx\/index.php\/2022\/05\/27\/federalizan-salud-en-sinaloa-imss-y-la-entidad-firman-convenio\/\" \/>\n<meta property=\"og:locale\" content=\"es_MX\" \/>\n<meta property=\"og:type\" content=\"article\" \/>\n<meta property=\"og:title\" content=\"Federalizan salud en Sinaloa; IMSS y la entidad firman convenio - Fuentes Fidedignas\" \/>\n<meta property=\"og:description\" content=\"El Gobierno Federal invertir\u00e1 mil 800 millones de pesos para brindar servicios m\u00e9dicos gratuitos a todos los habitantes del estado. Culiac\u00e1n, Sin.- A trav\u00e9s de la conferencia ma\u00f1anera del presidente Andr\u00e9s Manuel L\u00f3pez Obrador, se dio a conocer el acuerdo que el gobernador Rub\u00e9n Rocha Moya firm\u00f3, junto al dirigente del pa\u00eds y con el [&hellip;]\" \/>\n<meta property=\"og:url\" content=\"https:\/\/fuentesfidedignas.com.mx\/index.php\/2022\/05\/27\/federalizan-salud-en-sinaloa-imss-y-la-entidad-firman-convenio\/\" \/>\n<meta property=\"og:site_name\" content=\"Fuentes Fidedignas\" \/>\n<meta property=\"article:publisher\" content=\"https:\/\/www.facebook.com\/Fuentes-Fidedignas-368234489921644\" \/>\n<meta property=\"article:published_time\" content=\"2022-05-27T15:53:51+00:00\" \/>\n<meta property=\"article:modified_time\" content=\"2022-05-27T16:42:51+00:00\" \/>\n<meta property=\"og:image\" content=\"https:\/\/fuentesfidedignas.com.mx\/wp-content\/uploads\/2022\/05\/WhatsApp-Image-2022-05-27-at-10.34.58-AM.jpeg\" \/>\n\t<meta property=\"og:image:width\" content=\"1280\" \/>\n\t<meta property=\"og:image:height\" content=\"852\" \/>\n\t<meta property=\"og:image:type\" content=\"image\/jpeg\" \/>\n<meta name=\"author\" content=\"Redacci\u00f3n\" \/>\n<meta name=\"twitter:card\" content=\"summary_large_image\" \/>\n<meta name=\"twitter:creator\" content=\"@fidedignas\" \/>\n<meta name=\"twitter:site\" content=\"@fidedignas\" \/>\n<meta name=\"twitter:label1\" content=\"Escrito por\" \/>\n\t<meta name=\"twitter:data1\" content=\"Redacci\u00f3n\" \/>\n\t<meta name=\"twitter:label2\" content=\"Tiempo de lectura\" \/>\n\t<meta name=\"twitter:data2\" content=\"5 minutos\" \/>\n<script type=\"application\/ld+json\" class=\"yoast-schema-graph\">{\"@context\":\"https:\\\/\\\/schema.org\",\"@graph\":[{\"@type\":\"Article\",\"@id\":\"https:\\\/\\\/fuentesfidedignas.com.mx\\\/index.php\\\/2022\\\/05\\\/27\\\/federalizan-salud-en-sinaloa-imss-y-la-entidad-firman-convenio\\\/#article\",\"isPartOf\":{\"@id\":\"https:\\\/\\\/fuentesfidedignas.com.mx\\\/index.php\\\/2022\\\/05\\\/27\\\/federalizan-salud-en-sinaloa-imss-y-la-entidad-firman-convenio\\\/\"},\"author\":{\"name\":\"Redacci\u00f3n\",\"@id\":\"https:\\\/\\\/fuentesfidedignas.com.mx\\\/#\\\/schema\\\/person\\\/331be9283d37198e2acd5750279085b0\"},\"headline\":\"Federalizan salud en Sinaloa; IMSS y la entidad firman convenio\",\"datePublished\":\"2022-05-27T15:53:51+00:00\",\"dateModified\":\"2022-05-27T16:42:51+00:00\",\"mainEntityOfPage\":{\"@id\":\"https:\\\/\\\/fuentesfidedignas.com.mx\\\/index.php\\\/2022\\\/05\\\/27\\\/federalizan-salud-en-sinaloa-imss-y-la-entidad-firman-convenio\\\/\"},\"wordCount\":848,\"commentCount\":0,\"publisher\":{\"@id\":\"https:\\\/\\\/fuentesfidedignas.com.mx\\\/#organization\"},\"image\":{\"@id\":\"https:\\\/\\\/fuentesfidedignas.com.mx\\\/index.php\\\/2022\\\/05\\\/27\\\/federalizan-salud-en-sinaloa-imss-y-la-entidad-firman-convenio\\\/#primaryimage\"},\"thumbnailUrl\":\"https:\\\/\\\/fuentesfidedignas.com.mx\\\/wp-content\\\/uploads\\\/2022\\\/05\\\/WhatsApp-Image-2022-05-27-at-10.34.58-AM.jpeg\",\"keywords\":[\"AMLO\",\"Andr\u00e9s Manuel L\u00f3pez Obrador\",\"IMSS\",\"Rub\u00e9n Rocha Moya\",\"Secretar\u00eda de Salud de Sinaloa\",\"Zo\u00e9 Robledo Aburto\"],\"articleSection\":[\"NOTICIAS LOCALES\"],\"inLanguage\":\"es\",\"potentialAction\":[{\"@type\":\"CommentAction\",\"name\":\"Comment\",\"target\":[\"https:\\\/\\\/fuentesfidedignas.com.mx\\\/index.php\\\/2022\\\/05\\\/27\\\/federalizan-salud-en-sinaloa-imss-y-la-entidad-firman-convenio\\\/#respond\"]}]},{\"@type\":\"WebPage\",\"@id\":\"https:\\\/\\\/fuentesfidedignas.com.mx\\\/index.php\\\/2022\\\/05\\\/27\\\/federalizan-salud-en-sinaloa-imss-y-la-entidad-firman-convenio\\\/\",\"url\":\"https:\\\/\\\/fuentesfidedignas.com.mx\\\/index.php\\\/2022\\\/05\\\/27\\\/federalizan-salud-en-sinaloa-imss-y-la-entidad-firman-convenio\\\/\",\"name\":\"Federalizan salud en Sinaloa; IMSS y la entidad firman convenio - Fuentes Fidedignas\",\"isPartOf\":{\"@id\":\"https:\\\/\\\/fuentesfidedignas.com.mx\\\/#website\"},\"primaryImageOfPage\":{\"@id\":\"https:\\\/\\\/fuentesfidedignas.com.mx\\\/index.php\\\/2022\\\/05\\\/27\\\/federalizan-salud-en-sinaloa-imss-y-la-entidad-firman-convenio\\\/#primaryimage\"},\"image\":{\"@id\":\"https:\\\/\\\/fuentesfidedignas.com.mx\\\/index.php\\\/2022\\\/05\\\/27\\\/federalizan-salud-en-sinaloa-imss-y-la-entidad-firman-convenio\\\/#primaryimage\"},\"thumbnailUrl\":\"https:\\\/\\\/fuentesfidedignas.com.mx\\\/wp-content\\\/uploads\\\/2022\\\/05\\\/WhatsApp-Image-2022-05-27-at-10.34.58-AM.jpeg\",\"datePublished\":\"2022-05-27T15:53:51+00:00\",\"dateModified\":\"2022-05-27T16:42:51+00:00\",\"breadcrumb\":{\"@id\":\"https:\\\/\\\/fuentesfidedignas.com.mx\\\/index.php\\\/2022\\\/05\\\/27\\\/federalizan-salud-en-sinaloa-imss-y-la-entidad-firman-convenio\\\/#breadcrumb\"},\"inLanguage\":\"es\",\"potentialAction\":[{\"@type\":\"ReadAction\",\"target\":[\"https:\\\/\\\/fuentesfidedignas.com.mx\\\/index.php\\\/2022\\\/05\\\/27\\\/federalizan-salud-en-sinaloa-imss-y-la-entidad-firman-convenio\\\/\"]}]},{\"@type\":\"ImageObject\",\"inLanguage\":\"es\",\"@id\":\"https:\\\/\\\/fuentesfidedignas.com.mx\\\/index.php\\\/2022\\\/05\\\/27\\\/federalizan-salud-en-sinaloa-imss-y-la-entidad-firman-convenio\\\/#primaryimage\",\"url\":\"https:\\\/\\\/fuentesfidedignas.com.mx\\\/wp-content\\\/uploads\\\/2022\\\/05\\\/WhatsApp-Image-2022-05-27-at-10.34.58-AM.jpeg\",\"contentUrl\":\"https:\\\/\\\/fuentesfidedignas.com.mx\\\/wp-content\\\/uploads\\\/2022\\\/05\\\/WhatsApp-Image-2022-05-27-at-10.34.58-AM.jpeg\",\"width\":1280,\"height\":852},{\"@type\":\"BreadcrumbList\",\"@id\":\"https:\\\/\\\/fuentesfidedignas.com.mx\\\/index.php\\\/2022\\\/05\\\/27\\\/federalizan-salud-en-sinaloa-imss-y-la-entidad-firman-convenio\\\/#breadcrumb\",\"itemListElement\":[{\"@type\":\"ListItem\",\"position\":1,\"name\":\"Inicio\",\"item\":\"https:\\\/\\\/fuentesfidedignas.com.mx\\\/\"},{\"@type\":\"ListItem\",\"position\":2,\"name\":\"Federalizan salud en Sinaloa; IMSS y la entidad firman convenio\"}]},{\"@type\":\"WebSite\",\"@id\":\"https:\\\/\\\/fuentesfidedignas.com.mx\\\/#website\",\"url\":\"https:\\\/\\\/fuentesfidedignas.com.mx\\\/\",\"name\":\"Fuentes Fidedignas\",\"description\":\"Otro sitio realizado con WordPress\",\"publisher\":{\"@id\":\"https:\\\/\\\/fuentesfidedignas.com.mx\\\/#organization\"},\"potentialAction\":[{\"@type\":\"SearchAction\",\"target\":{\"@type\":\"EntryPoint\",\"urlTemplate\":\"https:\\\/\\\/fuentesfidedignas.com.mx\\\/?s={search_term_string}\"},\"query-input\":{\"@type\":\"PropertyValueSpecification\",\"valueRequired\":true,\"valueName\":\"search_term_string\"}}],\"inLanguage\":\"es\"},{\"@type\":\"Organization\",\"@id\":\"https:\\\/\\\/fuentesfidedignas.com.mx\\\/#organization\",\"name\":\"Fuentes Fidedignas\",\"url\":\"https:\\\/\\\/fuentesfidedignas.com.mx\\\/\",\"logo\":{\"@type\":\"ImageObject\",\"inLanguage\":\"es\",\"@id\":\"https:\\\/\\\/fuentesfidedignas.com.mx\\\/#\\\/schema\\\/logo\\\/image\\\/\",\"url\":\"https:\\\/\\\/fuentesfidedignas.com.mx\\\/wp-content\\\/uploads\\\/2021\\\/04\\\/logo-retina.png\",\"contentUrl\":\"https:\\\/\\\/fuentesfidedignas.com.mx\\\/wp-content\\\/uploads\\\/2021\\\/04\\\/logo-retina.png\",\"width\":280,\"height\":51,\"caption\":\"Fuentes Fidedignas\"},\"image\":{\"@id\":\"https:\\\/\\\/fuentesfidedignas.com.mx\\\/#\\\/schema\\\/logo\\\/image\\\/\"},\"sameAs\":[\"https:\\\/\\\/www.facebook.com\\\/Fuentes-Fidedignas-368234489921644\",\"https:\\\/\\\/x.com\\\/fidedignas\"]},{\"@type\":\"Person\",\"@id\":\"https:\\\/\\\/fuentesfidedignas.com.mx\\\/#\\\/schema\\\/person\\\/331be9283d37198e2acd5750279085b0\",\"name\":\"Redacci\u00f3n\",\"image\":{\"@type\":\"ImageObject\",\"inLanguage\":\"es\",\"@id\":\"https:\\\/\\\/secure.gravatar.com\\\/avatar\\\/f6d8782c11d12b2d4ad3fbb6931aeab5309937a4d6cd2fc9cfaa28a6396a5aec?s=96&d=mm&r=g\",\"url\":\"https:\\\/\\\/secure.gravatar.com\\\/avatar\\\/f6d8782c11d12b2d4ad3fbb6931aeab5309937a4d6cd2fc9cfaa28a6396a5aec?s=96&d=mm&r=g\",\"contentUrl\":\"https:\\\/\\\/secure.gravatar.com\\\/avatar\\\/f6d8782c11d12b2d4ad3fbb6931aeab5309937a4d6cd2fc9cfaa28a6396a5aec?s=96&d=mm&r=g\",\"caption\":\"Redacci\u00f3n\"},\"url\":\"https:\\\/\\\/fuentesfidedignas.com.mx\\\/index.php\\\/author\\\/redaccion\\\/\"}]}<\/script>\n<!-- \/ Yoast SEO plugin. -->","yoast_head_json":{"title":"Federalizan salud en Sinaloa; IMSS y la entidad firman convenio - Fuentes Fidedignas","robots":{"index":"index","follow":"follow","max-snippet":"max-snippet:-1","max-image-preview":"max-image-preview:large","max-video-preview":"max-video-preview:-1"},"canonical":"https:\/\/fuentesfidedignas.com.mx\/index.php\/2022\/05\/27\/federalizan-salud-en-sinaloa-imss-y-la-entidad-firman-convenio\/","og_locale":"es_MX","og_type":"article","og_title":"Federalizan salud en Sinaloa; IMSS y la entidad firman convenio - Fuentes Fidedignas","og_description":"El Gobierno Federal invertir\u00e1 mil 800 millones de pesos para brindar servicios m\u00e9dicos gratuitos a todos los habitantes del estado. Culiac\u00e1n, Sin.- A trav\u00e9s de la conferencia ma\u00f1anera del presidente Andr\u00e9s Manuel L\u00f3pez Obrador, se dio a conocer el acuerdo que el gobernador Rub\u00e9n Rocha Moya firm\u00f3, junto al dirigente del pa\u00eds y con el [&hellip;]","og_url":"https:\/\/fuentesfidedignas.com.mx\/index.php\/2022\/05\/27\/federalizan-salud-en-sinaloa-imss-y-la-entidad-firman-convenio\/","og_site_name":"Fuentes Fidedignas","article_publisher":"https:\/\/www.facebook.com\/Fuentes-Fidedignas-368234489921644","article_published_time":"2022-05-27T15:53:51+00:00","article_modified_time":"2022-05-27T16:42:51+00:00","og_image":[{"width":1280,"height":852,"url":"https:\/\/fuentesfidedignas.com.mx\/wp-content\/uploads\/2022\/05\/WhatsApp-Image-2022-05-27-at-10.34.58-AM.jpeg","type":"image\/jpeg"}],"author":"Redacci\u00f3n","twitter_card":"summary_large_image","twitter_creator":"@fidedignas","twitter_site":"@fidedignas","twitter_misc":{"Escrito por":"Redacci\u00f3n","Tiempo de lectura":"5 minutos"},"schema":{"@context":"https:\/\/schema.org","@graph":[{"@type":"Article","@id":"https:\/\/fuentesfidedignas.com.mx\/index.php\/2022\/05\/27\/federalizan-salud-en-sinaloa-imss-y-la-entidad-firman-convenio\/#article","isPartOf":{"@id":"https:\/\/fuentesfidedignas.com.mx\/index.php\/2022\/05\/27\/federalizan-salud-en-sinaloa-imss-y-la-entidad-firman-convenio\/"},"author":{"name":"Redacci\u00f3n","@id":"https:\/\/fuentesfidedignas.com.mx\/#\/schema\/person\/331be9283d37198e2acd5750279085b0"},"headline":"Federalizan salud en Sinaloa; IMSS y la entidad firman convenio","datePublished":"2022-05-27T15:53:51+00:00","dateModified":"2022-05-27T16:42:51+00:00","mainEntityOfPage":{"@id":"https:\/\/fuentesfidedignas.com.mx\/index.php\/2022\/05\/27\/federalizan-salud-en-sinaloa-imss-y-la-entidad-firman-convenio\/"},"wordCount":848,"commentCount":0,"publisher":{"@id":"https:\/\/fuentesfidedignas.com.mx\/#organization"},"image":{"@id":"https:\/\/fuentesfidedignas.com.mx\/index.php\/2022\/05\/27\/federalizan-salud-en-sinaloa-imss-y-la-entidad-firman-convenio\/#primaryimage"},"thumbnailUrl":"https:\/\/fuentesfidedignas.com.mx\/wp-content\/uploads\/2022\/05\/WhatsApp-Image-2022-05-27-at-10.34.58-AM.jpeg","keywords":["AMLO","Andr\u00e9s Manuel L\u00f3pez Obrador","IMSS","Rub\u00e9n Rocha Moya","Secretar\u00eda de Salud de Sinaloa","Zo\u00e9 Robledo Aburto"],"articleSection":["NOTICIAS LOCALES"],"inLanguage":"es","potentialAction":[{"@type":"CommentAction","name":"Comment","target":["https:\/\/fuentesfidedignas.com.mx\/index.php\/2022\/05\/27\/federalizan-salud-en-sinaloa-imss-y-la-entidad-firman-convenio\/#respond"]}]},{"@type":"WebPage","@id":"https:\/\/fuentesfidedignas.com.mx\/index.php\/2022\/05\/27\/federalizan-salud-en-sinaloa-imss-y-la-entidad-firman-convenio\/","url":"https:\/\/fuentesfidedignas.com.mx\/index.php\/2022\/05\/27\/federalizan-salud-en-sinaloa-imss-y-la-entidad-firman-convenio\/","name":"Federalizan salud en Sinaloa; IMSS y la entidad firman convenio - Fuentes Fidedignas","isPartOf":{"@id":"https:\/\/fuentesfidedignas.com.mx\/#website"},"primaryImageOfPage":{"@id":"https:\/\/fuentesfidedignas.com.mx\/index.php\/2022\/05\/27\/federalizan-salud-en-sinaloa-imss-y-la-entidad-firman-convenio\/#primaryimage"},"image":{"@id":"https:\/\/fuentesfidedignas.com.mx\/index.php\/2022\/05\/27\/federalizan-salud-en-sinaloa-imss-y-la-entidad-firman-convenio\/#primaryimage"},"thumbnailUrl":"https:\/\/fuentesfidedignas.com.mx\/wp-content\/uploads\/2022\/05\/WhatsApp-Image-2022-05-27-at-10.34.58-AM.jpeg","datePublished":"2022-05-27T15:53:51+00:00","dateModified":"2022-05-27T16:42:51+00:00","breadcrumb":{"@id":"https:\/\/fuentesfidedignas.com.mx\/index.php\/2022\/05\/27\/federalizan-salud-en-sinaloa-imss-y-la-entidad-firman-convenio\/#breadcrumb"},"inLanguage":"es","potentialAction":[{"@type":"ReadAction","target":["https:\/\/fuentesfidedignas.com.mx\/index.php\/2022\/05\/27\/federalizan-salud-en-sinaloa-imss-y-la-entidad-firman-convenio\/"]}]},{"@type":"ImageObject","inLanguage":"es","@id":"https:\/\/fuentesfidedignas.com.mx\/index.php\/2022\/05\/27\/federalizan-salud-en-sinaloa-imss-y-la-entidad-firman-convenio\/#primaryimage","url":"https:\/\/fuentesfidedignas.com.mx\/wp-content\/uploads\/2022\/05\/WhatsApp-Image-2022-05-27-at-10.34.58-AM.jpeg","contentUrl":"https:\/\/fuentesfidedignas.com.mx\/wp-content\/uploads\/2022\/05\/WhatsApp-Image-2022-05-27-at-10.34.58-AM.jpeg","width":1280,"height":852},{"@type":"BreadcrumbList","@id":"https:\/\/fuentesfidedignas.com.mx\/index.php\/2022\/05\/27\/federalizan-salud-en-sinaloa-imss-y-la-entidad-firman-convenio\/#breadcrumb","itemListElement":[{"@type":"ListItem","position":1,"name":"Inicio","item":"https:\/\/fuentesfidedignas.com.mx\/"},{"@type":"ListItem","position":2,"name":"Federalizan salud en Sinaloa; IMSS y la entidad firman convenio"}]},{"@type":"WebSite","@id":"https:\/\/fuentesfidedignas.com.mx\/#website","url":"https:\/\/fuentesfidedignas.com.mx\/","name":"Fuentes Fidedignas","description":"Otro sitio realizado con WordPress","publisher":{"@id":"https:\/\/fuentesfidedignas.com.mx\/#organization"},"potentialAction":[{"@type":"SearchAction","target":{"@type":"EntryPoint","urlTemplate":"https:\/\/fuentesfidedignas.com.mx\/?s={search_term_string}"},"query-input":{"@type":"PropertyValueSpecification","valueRequired":true,"valueName":"search_term_string"}}],"inLanguage":"es"},{"@type":"Organization","@id":"https:\/\/fuentesfidedignas.com.mx\/#organization","name":"Fuentes Fidedignas","url":"https:\/\/fuentesfidedignas.com.mx\/","logo":{"@type":"ImageObject","inLanguage":"es","@id":"https:\/\/fuentesfidedignas.com.mx\/#\/schema\/logo\/image\/","url":"https:\/\/fuentesfidedignas.com.mx\/wp-content\/uploads\/2021\/04\/logo-retina.png","contentUrl":"https:\/\/fuentesfidedignas.com.mx\/wp-content\/uploads\/2021\/04\/logo-retina.png","width":280,"height":51,"caption":"Fuentes Fidedignas"},"image":{"@id":"https:\/\/fuentesfidedignas.com.mx\/#\/schema\/logo\/image\/"},"sameAs":["https:\/\/www.facebook.com\/Fuentes-Fidedignas-368234489921644","https:\/\/x.com\/fidedignas"]},{"@type":"Person","@id":"https:\/\/fuentesfidedignas.com.mx\/#\/schema\/person\/331be9283d37198e2acd5750279085b0","name":"Redacci\u00f3n","image":{"@type":"ImageObject","inLanguage":"es","@id":"https:\/\/secure.gravatar.com\/avatar\/f6d8782c11d12b2d4ad3fbb6931aeab5309937a4d6cd2fc9cfaa28a6396a5aec?s=96&d=mm&r=g","url":"https:\/\/secure.gravatar.com\/avatar\/f6d8782c11d12b2d4ad3fbb6931aeab5309937a4d6cd2fc9cfaa28a6396a5aec?s=96&d=mm&r=g","contentUrl":"https:\/\/secure.gravatar.com\/avatar\/f6d8782c11d12b2d4ad3fbb6931aeab5309937a4d6cd2fc9cfaa28a6396a5aec?s=96&d=mm&r=g","caption":"Redacci\u00f3n"},"url":"https:\/\/fuentesfidedignas.com.mx\/index.php\/author\/redaccion\/"}]}},"_links":{"self":[{"href":"https:\/\/fuentesfidedignas.com.mx\/index.php\/wp-json\/wp\/v2\/posts\/32623","targetHints":{"allow":["GET"]}}],"collection":[{"href":"https:\/\/fuentesfidedignas.com.mx\/index.php\/wp-json\/wp\/v2\/posts"}],"about":[{"href":"https:\/\/fuentesfidedignas.com.mx\/index.php\/wp-json\/wp\/v2\/types\/post"}],"author":[{"embeddable":true,"href":"https:\/\/fuentesfidedignas.com.mx\/index.php\/wp-json\/wp\/v2\/users\/4"}],"replies":[{"embeddable":true,"href":"https:\/\/fuentesfidedignas.com.mx\/index.php\/wp-json\/wp\/v2\/comments?post=32623"}],"version-history":[{"count":2,"href":"https:\/\/fuentesfidedignas.com.mx\/index.php\/wp-json\/wp\/v2\/posts\/32623\/revisions"}],"predecessor-version":[{"id":32652,"href":"https:\/\/fuentesfidedignas.com.mx\/index.php\/wp-json\/wp\/v2\/posts\/32623\/revisions\/32652"}],"wp:featuredmedia":[{"embeddable":true,"href":"https:\/\/fuentesfidedignas.com.mx\/index.php\/wp-json\/wp\/v2\/media\/32650"}],"wp:attachment":[{"href":"https:\/\/fuentesfidedignas.com.mx\/index.php\/wp-json\/wp\/v2\/media?parent=32623"}],"wp:term":[{"taxonomy":"category","embeddable":true,"href":"https:\/\/fuentesfidedignas.com.mx\/index.php\/wp-json\/wp\/v2\/categories?post=32623"},{"taxonomy":"post_tag","embeddable":true,"href":"https:\/\/fuentesfidedignas.com.mx\/index.php\/wp-json\/wp\/v2\/tags?post=32623"}],"curies":[{"name":"wp","href":"https:\/\/api.w.org\/{rel}","templated":true}]}}