{"id":32536,"date":"2022-05-26T12:18:02","date_gmt":"2022-05-26T18:18:02","guid":{"rendered":"https:\/\/fuentesfidedignas.com.mx\/?p=32536"},"modified":"2022-05-26T12:18:02","modified_gmt":"2022-05-26T18:18:02","slug":"por-onda-de-calor-emiten-declaratoria-de-emergencia-para-seis-municipios-de-sinaloa","status":"publish","type":"post","link":"https:\/\/fuentesfidedignas.com.mx\/index.php\/2022\/05\/26\/por-onda-de-calor-emiten-declaratoria-de-emergencia-para-seis-municipios-de-sinaloa\/","title":{"rendered":"Por onda de calor, emiten declaratoria de emergencia para seis municipios de Sinaloa"},"content":{"rendered":"\n<p><strong><em>Con esta acci\u00f3n se activan los recursos del Programa para la Atenci\u00f3n de Emergencias por Amenazas Naturales.<\/em><\/strong><\/p>\n\n\n\n<p>Culiac\u00e1n, Sin.- En atenci\u00f3n a la petici\u00f3n realizada por el Gobernador del Estado, Rub\u00e9n Rocha Moya, en el marco de la instalaci\u00f3n del Consejo Estatal de Protecci\u00f3n Civil, celebrada el pasado 2 de mayo, la Coordinaci\u00f3n Nacional de Protecci\u00f3n Civil, emiti\u00f3 el d\u00eda de ayer la Declaratoria de Emergencia en el Estado de Sinaloa, para los municipios de Angostura, Choix, Cosal\u00e1, El Fuerte, Salvador Alvarado y San Ignacio, por la presencia de onda de calor ocurrida del 05 al 18 de mayo de 2022.<\/p>\n\n\n\n<p>Al respecto, H\u00e9ctor Modesto F\u00e9lix Carrillo, Director del Instituto Estatal de Protecci\u00f3n Civil, precis\u00f3 que despu\u00e9s de una serie de estudios realizados por la Comisi\u00f3n Nacional del Agua y el Sistema Meteorol\u00f3gico Nacional, se autoriz\u00f3 la Declaratoria de Emergencia para estos seis municipios, que presentaron una temperatura muy por encima de los est\u00e1ndares tradicionales y que super\u00f3 los 43 grados cent\u00edgrados, lo cual beneficiar\u00e1 a un total de 46,952 habitantes.<\/p>\n\n\n\n<p>\u201cEn este sentido, se hizo la solicitud el mismo d\u00eda de ayer de 5 potabilizadoras, las cuales podr\u00e1n suministrar en un momento dado, agua para este n\u00famero de personas. Estamos solicitando que sean instaladas dos en la zona sur del estado, una en la zona centro y otras dos en la zona norte. Estamos en espera de que entre el d\u00eda de hoy y ma\u00f1ana, ya nos lo autoricen, para que a la brevedad, tal vez para la semana que entra, ya se est\u00e9n estableciendo estas potabilizadoras en el Estado de Sinaloa y de esa manera, ya poderles llevar el agua a estas comunidades que est\u00e1n afectadas.\u201d, indic\u00f3 F\u00e9lix Carrillo.<\/p>\n\n\n\n<p>El Director de Protecci\u00f3n Civil destac\u00f3 que se mantienen en coordinaci\u00f3n y comunicaci\u00f3n con las instancias federales para bajar a la brevedad los recursos.<\/p>\n","protected":false},"excerpt":{"rendered":"<p>Con esta acci\u00f3n se activan los recursos del Programa para la Atenci\u00f3n de Emergencias por Amenazas Naturales. Culiac\u00e1n, Sin.- En atenci\u00f3n a la petici\u00f3n realizada por el Gobernador del Estado, Rub\u00e9n Rocha Moya, en el marco de la instalaci\u00f3n del Consejo Estatal de Protecci\u00f3n Civil, celebrada el pasado 2 de mayo, la Coordinaci\u00f3n Nacional de [&hellip;]<\/p>\n","protected":false},"author":4,"featured_media":32537,"comment_status":"open","ping_status":"open","sticky":false,"template":"","format":"standard","meta":{"tdm_status":"","tdm_grid_status":"","footnotes":""},"categories":[37],"tags":[440,691,439,2409,593,322,939,723,2126],"class_list":{"0":"post-32536","1":"post","2":"type-post","3":"status-publish","4":"format-standard","5":"has-post-thumbnail","7":"category-nota-principal","8":"tag-altas-temperaturas","9":"tag-angostura","10":"tag-calor","11":"tag-choix","12":"tag-cosala","13":"tag-el-fuerte","14":"tag-proteccion-civil","15":"tag-salvador-alvarado","16":"tag-san-ignacio"},"yoast_head":"<!-- This site is optimized with the Yoast SEO plugin v27.5 - https:\/\/yoast.com\/product\/yoast-seo-wordpress\/ -->\n<title>Por onda de calor, emiten declaratoria de emergencia para seis municipios de Sinaloa - Fuentes Fidedignas<\/title>\n<meta name=\"robots\" content=\"index, follow, max-snippet:-1, max-image-preview:large, max-video-preview:-1\" \/>\n<link rel=\"canonical\" href=\"https:\/\/fuentesfidedignas.com.mx\/index.php\/2022\/05\/26\/por-onda-de-calor-emiten-declaratoria-de-emergencia-para-seis-municipios-de-sinaloa\/\" \/>\n<meta property=\"og:locale\" content=\"es_MX\" \/>\n<meta property=\"og:type\" content=\"article\" \/>\n<meta property=\"og:title\" content=\"Por onda de calor, emiten declaratoria de emergencia para seis municipios de Sinaloa - Fuentes Fidedignas\" \/>\n<meta property=\"og:description\" content=\"Con esta acci\u00f3n se activan los recursos del Programa para la Atenci\u00f3n de Emergencias por Amenazas Naturales. Culiac\u00e1n, Sin.- En atenci\u00f3n a la petici\u00f3n realizada por el Gobernador del Estado, Rub\u00e9n Rocha Moya, en el marco de la instalaci\u00f3n del Consejo Estatal de Protecci\u00f3n Civil, celebrada el pasado 2 de mayo, la Coordinaci\u00f3n Nacional de [&hellip;]\" \/>\n<meta property=\"og:url\" content=\"https:\/\/fuentesfidedignas.com.mx\/index.php\/2022\/05\/26\/por-onda-de-calor-emiten-declaratoria-de-emergencia-para-seis-municipios-de-sinaloa\/\" \/>\n<meta property=\"og:site_name\" content=\"Fuentes Fidedignas\" \/>\n<meta property=\"article:publisher\" content=\"https:\/\/www.facebook.com\/Fuentes-Fidedignas-368234489921644\" \/>\n<meta property=\"article:published_time\" content=\"2022-05-26T18:18:02+00:00\" \/>\n<meta property=\"og:image\" content=\"https:\/\/fuentesfidedignas.com.mx\/wp-content\/uploads\/2022\/05\/golpe-de-calor.jpg\" \/>\n\t<meta property=\"og:image:width\" content=\"1030\" \/>\n\t<meta property=\"og:image:height\" content=\"600\" \/>\n\t<meta property=\"og:image:type\" content=\"image\/jpeg\" \/>\n<meta name=\"author\" content=\"Redacci\u00f3n\" \/>\n<meta name=\"twitter:card\" content=\"summary_large_image\" \/>\n<meta name=\"twitter:creator\" content=\"@fidedignas\" \/>\n<meta name=\"twitter:site\" content=\"@fidedignas\" \/>\n<meta name=\"twitter:label1\" content=\"Escrito por\" \/>\n\t<meta name=\"twitter:data1\" content=\"Redacci\u00f3n\" \/>\n\t<meta name=\"twitter:label2\" content=\"Tiempo de lectura\" \/>\n\t<meta name=\"twitter:data2\" content=\"2 minutos\" \/>\n<script type=\"application\/ld+json\" class=\"yoast-schema-graph\">{\"@context\":\"https:\\\/\\\/schema.org\",\"@graph\":[{\"@type\":\"Article\",\"@id\":\"https:\\\/\\\/fuentesfidedignas.com.mx\\\/index.php\\\/2022\\\/05\\\/26\\\/por-onda-de-calor-emiten-declaratoria-de-emergencia-para-seis-municipios-de-sinaloa\\\/#article\",\"isPartOf\":{\"@id\":\"https:\\\/\\\/fuentesfidedignas.com.mx\\\/index.php\\\/2022\\\/05\\\/26\\\/por-onda-de-calor-emiten-declaratoria-de-emergencia-para-seis-municipios-de-sinaloa\\\/\"},\"author\":{\"name\":\"Redacci\u00f3n\",\"@id\":\"https:\\\/\\\/fuentesfidedignas.com.mx\\\/#\\\/schema\\\/person\\\/331be9283d37198e2acd5750279085b0\"},\"headline\":\"Por onda de calor, emiten declaratoria de emergencia para seis municipios de Sinaloa\",\"datePublished\":\"2022-05-26T18:18:02+00:00\",\"mainEntityOfPage\":{\"@id\":\"https:\\\/\\\/fuentesfidedignas.com.mx\\\/index.php\\\/2022\\\/05\\\/26\\\/por-onda-de-calor-emiten-declaratoria-de-emergencia-para-seis-municipios-de-sinaloa\\\/\"},\"wordCount\":342,\"commentCount\":0,\"publisher\":{\"@id\":\"https:\\\/\\\/fuentesfidedignas.com.mx\\\/#organization\"},\"image\":{\"@id\":\"https:\\\/\\\/fuentesfidedignas.com.mx\\\/index.php\\\/2022\\\/05\\\/26\\\/por-onda-de-calor-emiten-declaratoria-de-emergencia-para-seis-municipios-de-sinaloa\\\/#primaryimage\"},\"thumbnailUrl\":\"https:\\\/\\\/fuentesfidedignas.com.mx\\\/wp-content\\\/uploads\\\/2022\\\/05\\\/golpe-de-calor.jpg\",\"keywords\":[\"altas temperaturas\",\"Angostura\",\"Calor\",\"Choix\",\"Cosal\u00e1\",\"El Fuerte\",\"Protecci\u00f3n Civil\",\"Salvador Alvarado\",\"San Ignacio\"],\"articleSection\":[\"NOTA PRINCIPAL\"],\"inLanguage\":\"es\",\"potentialAction\":[{\"@type\":\"CommentAction\",\"name\":\"Comment\",\"target\":[\"https:\\\/\\\/fuentesfidedignas.com.mx\\\/index.php\\\/2022\\\/05\\\/26\\\/por-onda-de-calor-emiten-declaratoria-de-emergencia-para-seis-municipios-de-sinaloa\\\/#respond\"]}]},{\"@type\":\"WebPage\",\"@id\":\"https:\\\/\\\/fuentesfidedignas.com.mx\\\/index.php\\\/2022\\\/05\\\/26\\\/por-onda-de-calor-emiten-declaratoria-de-emergencia-para-seis-municipios-de-sinaloa\\\/\",\"url\":\"https:\\\/\\\/fuentesfidedignas.com.mx\\\/index.php\\\/2022\\\/05\\\/26\\\/por-onda-de-calor-emiten-declaratoria-de-emergencia-para-seis-municipios-de-sinaloa\\\/\",\"name\":\"Por onda de calor, emiten declaratoria de emergencia para seis municipios de Sinaloa - Fuentes Fidedignas\",\"isPartOf\":{\"@id\":\"https:\\\/\\\/fuentesfidedignas.com.mx\\\/#website\"},\"primaryImageOfPage\":{\"@id\":\"https:\\\/\\\/fuentesfidedignas.com.mx\\\/index.php\\\/2022\\\/05\\\/26\\\/por-onda-de-calor-emiten-declaratoria-de-emergencia-para-seis-municipios-de-sinaloa\\\/#primaryimage\"},\"image\":{\"@id\":\"https:\\\/\\\/fuentesfidedignas.com.mx\\\/index.php\\\/2022\\\/05\\\/26\\\/por-onda-de-calor-emiten-declaratoria-de-emergencia-para-seis-municipios-de-sinaloa\\\/#primaryimage\"},\"thumbnailUrl\":\"https:\\\/\\\/fuentesfidedignas.com.mx\\\/wp-content\\\/uploads\\\/2022\\\/05\\\/golpe-de-calor.jpg\",\"datePublished\":\"2022-05-26T18:18:02+00:00\",\"breadcrumb\":{\"@id\":\"https:\\\/\\\/fuentesfidedignas.com.mx\\\/index.php\\\/2022\\\/05\\\/26\\\/por-onda-de-calor-emiten-declaratoria-de-emergencia-para-seis-municipios-de-sinaloa\\\/#breadcrumb\"},\"inLanguage\":\"es\",\"potentialAction\":[{\"@type\":\"ReadAction\",\"target\":[\"https:\\\/\\\/fuentesfidedignas.com.mx\\\/index.php\\\/2022\\\/05\\\/26\\\/por-onda-de-calor-emiten-declaratoria-de-emergencia-para-seis-municipios-de-sinaloa\\\/\"]}]},{\"@type\":\"ImageObject\",\"inLanguage\":\"es\",\"@id\":\"https:\\\/\\\/fuentesfidedignas.com.mx\\\/index.php\\\/2022\\\/05\\\/26\\\/por-onda-de-calor-emiten-declaratoria-de-emergencia-para-seis-municipios-de-sinaloa\\\/#primaryimage\",\"url\":\"https:\\\/\\\/fuentesfidedignas.com.mx\\\/wp-content\\\/uploads\\\/2022\\\/05\\\/golpe-de-calor.jpg\",\"contentUrl\":\"https:\\\/\\\/fuentesfidedignas.com.mx\\\/wp-content\\\/uploads\\\/2022\\\/05\\\/golpe-de-calor.jpg\",\"width\":1030,\"height\":600},{\"@type\":\"BreadcrumbList\",\"@id\":\"https:\\\/\\\/fuentesfidedignas.com.mx\\\/index.php\\\/2022\\\/05\\\/26\\\/por-onda-de-calor-emiten-declaratoria-de-emergencia-para-seis-municipios-de-sinaloa\\\/#breadcrumb\",\"itemListElement\":[{\"@type\":\"ListItem\",\"position\":1,\"name\":\"Inicio\",\"item\":\"https:\\\/\\\/fuentesfidedignas.com.mx\\\/\"},{\"@type\":\"ListItem\",\"position\":2,\"name\":\"Por onda de calor, emiten declaratoria de emergencia para seis municipios de Sinaloa\"}]},{\"@type\":\"WebSite\",\"@id\":\"https:\\\/\\\/fuentesfidedignas.com.mx\\\/#website\",\"url\":\"https:\\\/\\\/fuentesfidedignas.com.mx\\\/\",\"name\":\"Fuentes Fidedignas\",\"description\":\"Otro sitio realizado con WordPress\",\"publisher\":{\"@id\":\"https:\\\/\\\/fuentesfidedignas.com.mx\\\/#organization\"},\"potentialAction\":[{\"@type\":\"SearchAction\",\"target\":{\"@type\":\"EntryPoint\",\"urlTemplate\":\"https:\\\/\\\/fuentesfidedignas.com.mx\\\/?s={search_term_string}\"},\"query-input\":{\"@type\":\"PropertyValueSpecification\",\"valueRequired\":true,\"valueName\":\"search_term_string\"}}],\"inLanguage\":\"es\"},{\"@type\":\"Organization\",\"@id\":\"https:\\\/\\\/fuentesfidedignas.com.mx\\\/#organization\",\"name\":\"Fuentes Fidedignas\",\"url\":\"https:\\\/\\\/fuentesfidedignas.com.mx\\\/\",\"logo\":{\"@type\":\"ImageObject\",\"inLanguage\":\"es\",\"@id\":\"https:\\\/\\\/fuentesfidedignas.com.mx\\\/#\\\/schema\\\/logo\\\/image\\\/\",\"url\":\"https:\\\/\\\/fuentesfidedignas.com.mx\\\/wp-content\\\/uploads\\\/2021\\\/04\\\/logo-retina.png\",\"contentUrl\":\"https:\\\/\\\/fuentesfidedignas.com.mx\\\/wp-content\\\/uploads\\\/2021\\\/04\\\/logo-retina.png\",\"width\":280,\"height\":51,\"caption\":\"Fuentes Fidedignas\"},\"image\":{\"@id\":\"https:\\\/\\\/fuentesfidedignas.com.mx\\\/#\\\/schema\\\/logo\\\/image\\\/\"},\"sameAs\":[\"https:\\\/\\\/www.facebook.com\\\/Fuentes-Fidedignas-368234489921644\",\"https:\\\/\\\/x.com\\\/fidedignas\"]},{\"@type\":\"Person\",\"@id\":\"https:\\\/\\\/fuentesfidedignas.com.mx\\\/#\\\/schema\\\/person\\\/331be9283d37198e2acd5750279085b0\",\"name\":\"Redacci\u00f3n\",\"image\":{\"@type\":\"ImageObject\",\"inLanguage\":\"es\",\"@id\":\"https:\\\/\\\/secure.gravatar.com\\\/avatar\\\/f6d8782c11d12b2d4ad3fbb6931aeab5309937a4d6cd2fc9cfaa28a6396a5aec?s=96&d=mm&r=g\",\"url\":\"https:\\\/\\\/secure.gravatar.com\\\/avatar\\\/f6d8782c11d12b2d4ad3fbb6931aeab5309937a4d6cd2fc9cfaa28a6396a5aec?s=96&d=mm&r=g\",\"contentUrl\":\"https:\\\/\\\/secure.gravatar.com\\\/avatar\\\/f6d8782c11d12b2d4ad3fbb6931aeab5309937a4d6cd2fc9cfaa28a6396a5aec?s=96&d=mm&r=g\",\"caption\":\"Redacci\u00f3n\"},\"url\":\"https:\\\/\\\/fuentesfidedignas.com.mx\\\/index.php\\\/author\\\/redaccion\\\/\"}]}<\/script>\n<!-- \/ Yoast SEO plugin. -->","yoast_head_json":{"title":"Por onda de calor, emiten declaratoria de emergencia para seis municipios de Sinaloa - Fuentes Fidedignas","robots":{"index":"index","follow":"follow","max-snippet":"max-snippet:-1","max-image-preview":"max-image-preview:large","max-video-preview":"max-video-preview:-1"},"canonical":"https:\/\/fuentesfidedignas.com.mx\/index.php\/2022\/05\/26\/por-onda-de-calor-emiten-declaratoria-de-emergencia-para-seis-municipios-de-sinaloa\/","og_locale":"es_MX","og_type":"article","og_title":"Por onda de calor, emiten declaratoria de emergencia para seis municipios de Sinaloa - Fuentes Fidedignas","og_description":"Con esta acci\u00f3n se activan los recursos del Programa para la Atenci\u00f3n de Emergencias por Amenazas Naturales. Culiac\u00e1n, Sin.- En atenci\u00f3n a la petici\u00f3n realizada por el Gobernador del Estado, Rub\u00e9n Rocha Moya, en el marco de la instalaci\u00f3n del Consejo Estatal de Protecci\u00f3n Civil, celebrada el pasado 2 de mayo, la Coordinaci\u00f3n Nacional de [&hellip;]","og_url":"https:\/\/fuentesfidedignas.com.mx\/index.php\/2022\/05\/26\/por-onda-de-calor-emiten-declaratoria-de-emergencia-para-seis-municipios-de-sinaloa\/","og_site_name":"Fuentes Fidedignas","article_publisher":"https:\/\/www.facebook.com\/Fuentes-Fidedignas-368234489921644","article_published_time":"2022-05-26T18:18:02+00:00","og_image":[{"width":1030,"height":600,"url":"https:\/\/fuentesfidedignas.com.mx\/wp-content\/uploads\/2022\/05\/golpe-de-calor.jpg","type":"image\/jpeg"}],"author":"Redacci\u00f3n","twitter_card":"summary_large_image","twitter_creator":"@fidedignas","twitter_site":"@fidedignas","twitter_misc":{"Escrito por":"Redacci\u00f3n","Tiempo de lectura":"2 minutos"},"schema":{"@context":"https:\/\/schema.org","@graph":[{"@type":"Article","@id":"https:\/\/fuentesfidedignas.com.mx\/index.php\/2022\/05\/26\/por-onda-de-calor-emiten-declaratoria-de-emergencia-para-seis-municipios-de-sinaloa\/#article","isPartOf":{"@id":"https:\/\/fuentesfidedignas.com.mx\/index.php\/2022\/05\/26\/por-onda-de-calor-emiten-declaratoria-de-emergencia-para-seis-municipios-de-sinaloa\/"},"author":{"name":"Redacci\u00f3n","@id":"https:\/\/fuentesfidedignas.com.mx\/#\/schema\/person\/331be9283d37198e2acd5750279085b0"},"headline":"Por onda de calor, emiten declaratoria de emergencia para seis municipios de Sinaloa","datePublished":"2022-05-26T18:18:02+00:00","mainEntityOfPage":{"@id":"https:\/\/fuentesfidedignas.com.mx\/index.php\/2022\/05\/26\/por-onda-de-calor-emiten-declaratoria-de-emergencia-para-seis-municipios-de-sinaloa\/"},"wordCount":342,"commentCount":0,"publisher":{"@id":"https:\/\/fuentesfidedignas.com.mx\/#organization"},"image":{"@id":"https:\/\/fuentesfidedignas.com.mx\/index.php\/2022\/05\/26\/por-onda-de-calor-emiten-declaratoria-de-emergencia-para-seis-municipios-de-sinaloa\/#primaryimage"},"thumbnailUrl":"https:\/\/fuentesfidedignas.com.mx\/wp-content\/uploads\/2022\/05\/golpe-de-calor.jpg","keywords":["altas temperaturas","Angostura","Calor","Choix","Cosal\u00e1","El Fuerte","Protecci\u00f3n Civil","Salvador Alvarado","San Ignacio"],"articleSection":["NOTA PRINCIPAL"],"inLanguage":"es","potentialAction":[{"@type":"CommentAction","name":"Comment","target":["https:\/\/fuentesfidedignas.com.mx\/index.php\/2022\/05\/26\/por-onda-de-calor-emiten-declaratoria-de-emergencia-para-seis-municipios-de-sinaloa\/#respond"]}]},{"@type":"WebPage","@id":"https:\/\/fuentesfidedignas.com.mx\/index.php\/2022\/05\/26\/por-onda-de-calor-emiten-declaratoria-de-emergencia-para-seis-municipios-de-sinaloa\/","url":"https:\/\/fuentesfidedignas.com.mx\/index.php\/2022\/05\/26\/por-onda-de-calor-emiten-declaratoria-de-emergencia-para-seis-municipios-de-sinaloa\/","name":"Por onda de calor, emiten declaratoria de emergencia para seis municipios de Sinaloa - Fuentes Fidedignas","isPartOf":{"@id":"https:\/\/fuentesfidedignas.com.mx\/#website"},"primaryImageOfPage":{"@id":"https:\/\/fuentesfidedignas.com.mx\/index.php\/2022\/05\/26\/por-onda-de-calor-emiten-declaratoria-de-emergencia-para-seis-municipios-de-sinaloa\/#primaryimage"},"image":{"@id":"https:\/\/fuentesfidedignas.com.mx\/index.php\/2022\/05\/26\/por-onda-de-calor-emiten-declaratoria-de-emergencia-para-seis-municipios-de-sinaloa\/#primaryimage"},"thumbnailUrl":"https:\/\/fuentesfidedignas.com.mx\/wp-content\/uploads\/2022\/05\/golpe-de-calor.jpg","datePublished":"2022-05-26T18:18:02+00:00","breadcrumb":{"@id":"https:\/\/fuentesfidedignas.com.mx\/index.php\/2022\/05\/26\/por-onda-de-calor-emiten-declaratoria-de-emergencia-para-seis-municipios-de-sinaloa\/#breadcrumb"},"inLanguage":"es","potentialAction":[{"@type":"ReadAction","target":["https:\/\/fuentesfidedignas.com.mx\/index.php\/2022\/05\/26\/por-onda-de-calor-emiten-declaratoria-de-emergencia-para-seis-municipios-de-sinaloa\/"]}]},{"@type":"ImageObject","inLanguage":"es","@id":"https:\/\/fuentesfidedignas.com.mx\/index.php\/2022\/05\/26\/por-onda-de-calor-emiten-declaratoria-de-emergencia-para-seis-municipios-de-sinaloa\/#primaryimage","url":"https:\/\/fuentesfidedignas.com.mx\/wp-content\/uploads\/2022\/05\/golpe-de-calor.jpg","contentUrl":"https:\/\/fuentesfidedignas.com.mx\/wp-content\/uploads\/2022\/05\/golpe-de-calor.jpg","width":1030,"height":600},{"@type":"BreadcrumbList","@id":"https:\/\/fuentesfidedignas.com.mx\/index.php\/2022\/05\/26\/por-onda-de-calor-emiten-declaratoria-de-emergencia-para-seis-municipios-de-sinaloa\/#breadcrumb","itemListElement":[{"@type":"ListItem","position":1,"name":"Inicio","item":"https:\/\/fuentesfidedignas.com.mx\/"},{"@type":"ListItem","position":2,"name":"Por onda de calor, emiten declaratoria de emergencia para seis municipios de Sinaloa"}]},{"@type":"WebSite","@id":"https:\/\/fuentesfidedignas.com.mx\/#website","url":"https:\/\/fuentesfidedignas.com.mx\/","name":"Fuentes Fidedignas","description":"Otro sitio realizado con WordPress","publisher":{"@id":"https:\/\/fuentesfidedignas.com.mx\/#organization"},"potentialAction":[{"@type":"SearchAction","target":{"@type":"EntryPoint","urlTemplate":"https:\/\/fuentesfidedignas.com.mx\/?s={search_term_string}"},"query-input":{"@type":"PropertyValueSpecification","valueRequired":true,"valueName":"search_term_string"}}],"inLanguage":"es"},{"@type":"Organization","@id":"https:\/\/fuentesfidedignas.com.mx\/#organization","name":"Fuentes Fidedignas","url":"https:\/\/fuentesfidedignas.com.mx\/","logo":{"@type":"ImageObject","inLanguage":"es","@id":"https:\/\/fuentesfidedignas.com.mx\/#\/schema\/logo\/image\/","url":"https:\/\/fuentesfidedignas.com.mx\/wp-content\/uploads\/2021\/04\/logo-retina.png","contentUrl":"https:\/\/fuentesfidedignas.com.mx\/wp-content\/uploads\/2021\/04\/logo-retina.png","width":280,"height":51,"caption":"Fuentes Fidedignas"},"image":{"@id":"https:\/\/fuentesfidedignas.com.mx\/#\/schema\/logo\/image\/"},"sameAs":["https:\/\/www.facebook.com\/Fuentes-Fidedignas-368234489921644","https:\/\/x.com\/fidedignas"]},{"@type":"Person","@id":"https:\/\/fuentesfidedignas.com.mx\/#\/schema\/person\/331be9283d37198e2acd5750279085b0","name":"Redacci\u00f3n","image":{"@type":"ImageObject","inLanguage":"es","@id":"https:\/\/secure.gravatar.com\/avatar\/f6d8782c11d12b2d4ad3fbb6931aeab5309937a4d6cd2fc9cfaa28a6396a5aec?s=96&d=mm&r=g","url":"https:\/\/secure.gravatar.com\/avatar\/f6d8782c11d12b2d4ad3fbb6931aeab5309937a4d6cd2fc9cfaa28a6396a5aec?s=96&d=mm&r=g","contentUrl":"https:\/\/secure.gravatar.com\/avatar\/f6d8782c11d12b2d4ad3fbb6931aeab5309937a4d6cd2fc9cfaa28a6396a5aec?s=96&d=mm&r=g","caption":"Redacci\u00f3n"},"url":"https:\/\/fuentesfidedignas.com.mx\/index.php\/author\/redaccion\/"}]}},"_links":{"self":[{"href":"https:\/\/fuentesfidedignas.com.mx\/index.php\/wp-json\/wp\/v2\/posts\/32536","targetHints":{"allow":["GET"]}}],"collection":[{"href":"https:\/\/fuentesfidedignas.com.mx\/index.php\/wp-json\/wp\/v2\/posts"}],"about":[{"href":"https:\/\/fuentesfidedignas.com.mx\/index.php\/wp-json\/wp\/v2\/types\/post"}],"author":[{"embeddable":true,"href":"https:\/\/fuentesfidedignas.com.mx\/index.php\/wp-json\/wp\/v2\/users\/4"}],"replies":[{"embeddable":true,"href":"https:\/\/fuentesfidedignas.com.mx\/index.php\/wp-json\/wp\/v2\/comments?post=32536"}],"version-history":[{"count":1,"href":"https:\/\/fuentesfidedignas.com.mx\/index.php\/wp-json\/wp\/v2\/posts\/32536\/revisions"}],"predecessor-version":[{"id":32538,"href":"https:\/\/fuentesfidedignas.com.mx\/index.php\/wp-json\/wp\/v2\/posts\/32536\/revisions\/32538"}],"wp:featuredmedia":[{"embeddable":true,"href":"https:\/\/fuentesfidedignas.com.mx\/index.php\/wp-json\/wp\/v2\/media\/32537"}],"wp:attachment":[{"href":"https:\/\/fuentesfidedignas.com.mx\/index.php\/wp-json\/wp\/v2\/media?parent=32536"}],"wp:term":[{"taxonomy":"category","embeddable":true,"href":"https:\/\/fuentesfidedignas.com.mx\/index.php\/wp-json\/wp\/v2\/categories?post=32536"},{"taxonomy":"post_tag","embeddable":true,"href":"https:\/\/fuentesfidedignas.com.mx\/index.php\/wp-json\/wp\/v2\/tags?post=32536"}],"curies":[{"name":"wp","href":"https:\/\/api.w.org\/{rel}","templated":true}]}}