{"id":32518,"date":"2022-05-26T10:35:37","date_gmt":"2022-05-26T16:35:37","guid":{"rendered":"https:\/\/fuentesfidedignas.com.mx\/?p=32518"},"modified":"2022-05-26T10:39:09","modified_gmt":"2022-05-26T16:39:09","slug":"tribunal-superior-agrario-mantendra-en-operacion-su-sede-en-culiacan-mario-zamora","status":"publish","type":"post","link":"https:\/\/fuentesfidedignas.com.mx\/index.php\/2022\/05\/26\/tribunal-superior-agrario-mantendra-en-operacion-su-sede-en-culiacan-mario-zamora\/","title":{"rendered":"Tribunal Superior Agrario mantendr\u00e1 en operaci\u00f3n su sede en Culiac\u00e1n: Mario Zamora"},"content":{"rendered":"\n<p><strong><em>La tarde de este mi\u00e9rcoles, el Senador sinaloense se reuni\u00f3 con la presidenta del Tribunal Superior Agrario, Maribel M\u00e9ndez de Lara<\/em><\/strong><\/p>\n\n\n\n<p>Ciudad de M\u00e9xico.- El legislador sinaloense expres\u00f3 a la presidenta del Tribunal que no se suspendieran actividades en el Tribunal Unitario Agrario del Distrito 26, toda ves que pudiera traer implicaciones de mayores costos para los ejidatarios y comuneros, as\u00ed como podr\u00eda ponerse en riesgo el acceso a la justicia agraria.<br>\u00a0<br>La tarde de este mi\u00e9rcoles, el Senador sinaloense se reuni\u00f3 con la presidenta del Tribunal Superior Agrario, Maribel M\u00e9ndez de Lara, a fin de plantear la preocupaci\u00f3n del sector agrario de Sinaloa luego de la resoluci\u00f3n del pleno Tribunal Superior de desaparecer el tribunal con sede en el Distrito 26, en Culiac\u00e1n.<br>\u00a0<br>La presidenta manifest\u00f3 que esta medida obedece a la baja demanda que tienen estas oficinas con respecto a las dem\u00e1s que est\u00e1n presentes en el estado adem\u00e1s de representar un gasto oneroso en su operatividad, por lo que el Pleno del Tribunal tomo esa decisi\u00f3n con base al desarrollo hist\u00f3rico de dichas oficinas.<br>\u00a0<br>Ante ello, Mario Zamora expres\u00f3 que, a pesar de la disminuci\u00f3n de la presentaci\u00f3n de demandas, es necesario se considerara la importancia estrat\u00e9gica del tribunal en la capital del estado, ya que derivado de las diligencias de los litigios, a veces es necesario notificar a otras dependencias como el RAN que tiene la sede de su delegaci\u00f3n en la capital. En suma, a que dichos cambios pueden impactar en el bolsillo de ejidatarios y comuneros al tener que trasladarse a una mayor distancia.<br>\u00a0<br>Por lo que la presidenta se comprometi\u00f3 a buscar una alternativa que permita mantener en operaci\u00f3n de dichas oficinas del tribunal, la cual someter\u00e1 a consideraci\u00f3n del pleno del Tribunal Superior Agrario; asimismo, revel\u00f3 que incluso el propio gobernador de Sinaloa est\u00e1 interesado en mantener la operatividad de la sede.<\/p>\n\n\n\n<figure class=\"wp-block-embed is-type-rich is-provider-twitter wp-block-embed-twitter\"><div class=\"wp-block-embed__wrapper\">\n<blockquote class=\"twitter-tweet\" data-width=\"550\" data-dnt=\"true\"><p lang=\"es\" dir=\"ltr\">Me reun\u00ed con la presidenta del Tribunal Superior Agrario, Maribel M\u00e9ndez de Lara, a fin de plantearle la preocupaci\u00f3n del sector agrario sinaloense por la decisi\u00f3n de desaparecer el Tribunal Unitario Agrario del Distrito 26 en Culiac\u00e1n. <a href=\"https:\/\/t.co\/9h6LIVB8yA\">pic.twitter.com\/9h6LIVB8yA<\/a><\/p>&mdash; Mario Zamora (@MarioZamoraG) <a href=\"https:\/\/twitter.com\/MarioZamoraG\/status\/1529671234220343298?ref_src=twsrc%5Etfw\">May 26, 2022<\/a><\/blockquote><script async src=\"https:\/\/platform.twitter.com\/widgets.js\" charset=\"utf-8\"><\/script>\n<\/div><\/figure>\n","protected":false},"excerpt":{"rendered":"<p>La tarde de este mi\u00e9rcoles, el Senador sinaloense se reuni\u00f3 con la presidenta del Tribunal Superior Agrario, Maribel M\u00e9ndez de Lara Ciudad de M\u00e9xico.- El legislador sinaloense expres\u00f3 a la presidenta del Tribunal que no se suspendieran actividades en el Tribunal Unitario Agrario del Distrito 26, toda ves que pudiera traer implicaciones de mayores costos [&hellip;]<\/p>\n","protected":false},"author":4,"featured_media":32521,"comment_status":"open","ping_status":"open","sticky":false,"template":"","format":"standard","meta":{"tdm_status":"","tdm_grid_status":"","footnotes":""},"categories":[38],"tags":[64],"class_list":{"0":"post-32518","1":"post","2":"type-post","3":"status-publish","4":"format-standard","5":"has-post-thumbnail","7":"category-noticias-locales","8":"tag-mario-zamora"},"yoast_head":"<!-- This site is optimized with the Yoast SEO plugin v27.5 - https:\/\/yoast.com\/product\/yoast-seo-wordpress\/ -->\n<title>Tribunal Superior Agrario mantendr\u00e1 en operaci\u00f3n su sede en Culiac\u00e1n: Mario Zamora - Fuentes Fidedignas<\/title>\n<meta name=\"robots\" content=\"index, follow, max-snippet:-1, max-image-preview:large, max-video-preview:-1\" \/>\n<link rel=\"canonical\" href=\"https:\/\/fuentesfidedignas.com.mx\/index.php\/2022\/05\/26\/tribunal-superior-agrario-mantendra-en-operacion-su-sede-en-culiacan-mario-zamora\/\" \/>\n<meta property=\"og:locale\" content=\"es_MX\" \/>\n<meta property=\"og:type\" content=\"article\" \/>\n<meta property=\"og:title\" content=\"Tribunal Superior Agrario mantendr\u00e1 en operaci\u00f3n su sede en Culiac\u00e1n: Mario Zamora - Fuentes Fidedignas\" \/>\n<meta property=\"og:description\" content=\"La tarde de este mi\u00e9rcoles, el Senador sinaloense se reuni\u00f3 con la presidenta del Tribunal Superior Agrario, Maribel M\u00e9ndez de Lara Ciudad de M\u00e9xico.- El legislador sinaloense expres\u00f3 a la presidenta del Tribunal que no se suspendieran actividades en el Tribunal Unitario Agrario del Distrito 26, toda ves que pudiera traer implicaciones de mayores costos [&hellip;]\" \/>\n<meta property=\"og:url\" content=\"https:\/\/fuentesfidedignas.com.mx\/index.php\/2022\/05\/26\/tribunal-superior-agrario-mantendra-en-operacion-su-sede-en-culiacan-mario-zamora\/\" \/>\n<meta property=\"og:site_name\" content=\"Fuentes Fidedignas\" \/>\n<meta property=\"article:publisher\" content=\"https:\/\/www.facebook.com\/Fuentes-Fidedignas-368234489921644\" \/>\n<meta property=\"article:published_time\" content=\"2022-05-26T16:35:37+00:00\" \/>\n<meta property=\"article:modified_time\" content=\"2022-05-26T16:39:09+00:00\" \/>\n<meta property=\"og:image\" content=\"https:\/\/fuentesfidedignas.com.mx\/wp-content\/uploads\/2022\/05\/ZAMORA_MARIBEL.jpg\" \/>\n\t<meta property=\"og:image:width\" content=\"1620\" \/>\n\t<meta property=\"og:image:height\" content=\"765\" \/>\n\t<meta property=\"og:image:type\" content=\"image\/jpeg\" \/>\n<meta name=\"author\" content=\"Redacci\u00f3n\" \/>\n<meta name=\"twitter:card\" content=\"summary_large_image\" \/>\n<meta name=\"twitter:creator\" content=\"@fidedignas\" \/>\n<meta name=\"twitter:site\" content=\"@fidedignas\" \/>\n<meta name=\"twitter:label1\" content=\"Escrito por\" \/>\n\t<meta name=\"twitter:data1\" content=\"Redacci\u00f3n\" \/>\n\t<meta name=\"twitter:label2\" content=\"Tiempo de lectura\" \/>\n\t<meta name=\"twitter:data2\" content=\"2 minutos\" \/>\n<script type=\"application\/ld+json\" class=\"yoast-schema-graph\">{\"@context\":\"https:\\\/\\\/schema.org\",\"@graph\":[{\"@type\":\"Article\",\"@id\":\"https:\\\/\\\/fuentesfidedignas.com.mx\\\/index.php\\\/2022\\\/05\\\/26\\\/tribunal-superior-agrario-mantendra-en-operacion-su-sede-en-culiacan-mario-zamora\\\/#article\",\"isPartOf\":{\"@id\":\"https:\\\/\\\/fuentesfidedignas.com.mx\\\/index.php\\\/2022\\\/05\\\/26\\\/tribunal-superior-agrario-mantendra-en-operacion-su-sede-en-culiacan-mario-zamora\\\/\"},\"author\":{\"name\":\"Redacci\u00f3n\",\"@id\":\"https:\\\/\\\/fuentesfidedignas.com.mx\\\/#\\\/schema\\\/person\\\/331be9283d37198e2acd5750279085b0\"},\"headline\":\"Tribunal Superior Agrario mantendr\u00e1 en operaci\u00f3n su sede en Culiac\u00e1n: Mario Zamora\",\"datePublished\":\"2022-05-26T16:35:37+00:00\",\"dateModified\":\"2022-05-26T16:39:09+00:00\",\"mainEntityOfPage\":{\"@id\":\"https:\\\/\\\/fuentesfidedignas.com.mx\\\/index.php\\\/2022\\\/05\\\/26\\\/tribunal-superior-agrario-mantendra-en-operacion-su-sede-en-culiacan-mario-zamora\\\/\"},\"wordCount\":348,\"commentCount\":0,\"publisher\":{\"@id\":\"https:\\\/\\\/fuentesfidedignas.com.mx\\\/#organization\"},\"image\":{\"@id\":\"https:\\\/\\\/fuentesfidedignas.com.mx\\\/index.php\\\/2022\\\/05\\\/26\\\/tribunal-superior-agrario-mantendra-en-operacion-su-sede-en-culiacan-mario-zamora\\\/#primaryimage\"},\"thumbnailUrl\":\"https:\\\/\\\/fuentesfidedignas.com.mx\\\/wp-content\\\/uploads\\\/2022\\\/05\\\/ZAMORA_MARIBEL.jpg\",\"keywords\":[\"Mario Zamora\"],\"articleSection\":[\"NOTICIAS LOCALES\"],\"inLanguage\":\"es\",\"potentialAction\":[{\"@type\":\"CommentAction\",\"name\":\"Comment\",\"target\":[\"https:\\\/\\\/fuentesfidedignas.com.mx\\\/index.php\\\/2022\\\/05\\\/26\\\/tribunal-superior-agrario-mantendra-en-operacion-su-sede-en-culiacan-mario-zamora\\\/#respond\"]}]},{\"@type\":\"WebPage\",\"@id\":\"https:\\\/\\\/fuentesfidedignas.com.mx\\\/index.php\\\/2022\\\/05\\\/26\\\/tribunal-superior-agrario-mantendra-en-operacion-su-sede-en-culiacan-mario-zamora\\\/\",\"url\":\"https:\\\/\\\/fuentesfidedignas.com.mx\\\/index.php\\\/2022\\\/05\\\/26\\\/tribunal-superior-agrario-mantendra-en-operacion-su-sede-en-culiacan-mario-zamora\\\/\",\"name\":\"Tribunal Superior Agrario mantendr\u00e1 en operaci\u00f3n su sede en Culiac\u00e1n: Mario Zamora - Fuentes Fidedignas\",\"isPartOf\":{\"@id\":\"https:\\\/\\\/fuentesfidedignas.com.mx\\\/#website\"},\"primaryImageOfPage\":{\"@id\":\"https:\\\/\\\/fuentesfidedignas.com.mx\\\/index.php\\\/2022\\\/05\\\/26\\\/tribunal-superior-agrario-mantendra-en-operacion-su-sede-en-culiacan-mario-zamora\\\/#primaryimage\"},\"image\":{\"@id\":\"https:\\\/\\\/fuentesfidedignas.com.mx\\\/index.php\\\/2022\\\/05\\\/26\\\/tribunal-superior-agrario-mantendra-en-operacion-su-sede-en-culiacan-mario-zamora\\\/#primaryimage\"},\"thumbnailUrl\":\"https:\\\/\\\/fuentesfidedignas.com.mx\\\/wp-content\\\/uploads\\\/2022\\\/05\\\/ZAMORA_MARIBEL.jpg\",\"datePublished\":\"2022-05-26T16:35:37+00:00\",\"dateModified\":\"2022-05-26T16:39:09+00:00\",\"breadcrumb\":{\"@id\":\"https:\\\/\\\/fuentesfidedignas.com.mx\\\/index.php\\\/2022\\\/05\\\/26\\\/tribunal-superior-agrario-mantendra-en-operacion-su-sede-en-culiacan-mario-zamora\\\/#breadcrumb\"},\"inLanguage\":\"es\",\"potentialAction\":[{\"@type\":\"ReadAction\",\"target\":[\"https:\\\/\\\/fuentesfidedignas.com.mx\\\/index.php\\\/2022\\\/05\\\/26\\\/tribunal-superior-agrario-mantendra-en-operacion-su-sede-en-culiacan-mario-zamora\\\/\"]}]},{\"@type\":\"ImageObject\",\"inLanguage\":\"es\",\"@id\":\"https:\\\/\\\/fuentesfidedignas.com.mx\\\/index.php\\\/2022\\\/05\\\/26\\\/tribunal-superior-agrario-mantendra-en-operacion-su-sede-en-culiacan-mario-zamora\\\/#primaryimage\",\"url\":\"https:\\\/\\\/fuentesfidedignas.com.mx\\\/wp-content\\\/uploads\\\/2022\\\/05\\\/ZAMORA_MARIBEL.jpg\",\"contentUrl\":\"https:\\\/\\\/fuentesfidedignas.com.mx\\\/wp-content\\\/uploads\\\/2022\\\/05\\\/ZAMORA_MARIBEL.jpg\",\"width\":1620,\"height\":765},{\"@type\":\"BreadcrumbList\",\"@id\":\"https:\\\/\\\/fuentesfidedignas.com.mx\\\/index.php\\\/2022\\\/05\\\/26\\\/tribunal-superior-agrario-mantendra-en-operacion-su-sede-en-culiacan-mario-zamora\\\/#breadcrumb\",\"itemListElement\":[{\"@type\":\"ListItem\",\"position\":1,\"name\":\"Inicio\",\"item\":\"https:\\\/\\\/fuentesfidedignas.com.mx\\\/\"},{\"@type\":\"ListItem\",\"position\":2,\"name\":\"Tribunal Superior Agrario mantendr\u00e1 en operaci\u00f3n su sede en Culiac\u00e1n: Mario Zamora\"}]},{\"@type\":\"WebSite\",\"@id\":\"https:\\\/\\\/fuentesfidedignas.com.mx\\\/#website\",\"url\":\"https:\\\/\\\/fuentesfidedignas.com.mx\\\/\",\"name\":\"Fuentes Fidedignas\",\"description\":\"Otro sitio realizado con WordPress\",\"publisher\":{\"@id\":\"https:\\\/\\\/fuentesfidedignas.com.mx\\\/#organization\"},\"potentialAction\":[{\"@type\":\"SearchAction\",\"target\":{\"@type\":\"EntryPoint\",\"urlTemplate\":\"https:\\\/\\\/fuentesfidedignas.com.mx\\\/?s={search_term_string}\"},\"query-input\":{\"@type\":\"PropertyValueSpecification\",\"valueRequired\":true,\"valueName\":\"search_term_string\"}}],\"inLanguage\":\"es\"},{\"@type\":\"Organization\",\"@id\":\"https:\\\/\\\/fuentesfidedignas.com.mx\\\/#organization\",\"name\":\"Fuentes Fidedignas\",\"url\":\"https:\\\/\\\/fuentesfidedignas.com.mx\\\/\",\"logo\":{\"@type\":\"ImageObject\",\"inLanguage\":\"es\",\"@id\":\"https:\\\/\\\/fuentesfidedignas.com.mx\\\/#\\\/schema\\\/logo\\\/image\\\/\",\"url\":\"https:\\\/\\\/fuentesfidedignas.com.mx\\\/wp-content\\\/uploads\\\/2021\\\/04\\\/logo-retina.png\",\"contentUrl\":\"https:\\\/\\\/fuentesfidedignas.com.mx\\\/wp-content\\\/uploads\\\/2021\\\/04\\\/logo-retina.png\",\"width\":280,\"height\":51,\"caption\":\"Fuentes Fidedignas\"},\"image\":{\"@id\":\"https:\\\/\\\/fuentesfidedignas.com.mx\\\/#\\\/schema\\\/logo\\\/image\\\/\"},\"sameAs\":[\"https:\\\/\\\/www.facebook.com\\\/Fuentes-Fidedignas-368234489921644\",\"https:\\\/\\\/x.com\\\/fidedignas\"]},{\"@type\":\"Person\",\"@id\":\"https:\\\/\\\/fuentesfidedignas.com.mx\\\/#\\\/schema\\\/person\\\/331be9283d37198e2acd5750279085b0\",\"name\":\"Redacci\u00f3n\",\"image\":{\"@type\":\"ImageObject\",\"inLanguage\":\"es\",\"@id\":\"https:\\\/\\\/secure.gravatar.com\\\/avatar\\\/f6d8782c11d12b2d4ad3fbb6931aeab5309937a4d6cd2fc9cfaa28a6396a5aec?s=96&d=mm&r=g\",\"url\":\"https:\\\/\\\/secure.gravatar.com\\\/avatar\\\/f6d8782c11d12b2d4ad3fbb6931aeab5309937a4d6cd2fc9cfaa28a6396a5aec?s=96&d=mm&r=g\",\"contentUrl\":\"https:\\\/\\\/secure.gravatar.com\\\/avatar\\\/f6d8782c11d12b2d4ad3fbb6931aeab5309937a4d6cd2fc9cfaa28a6396a5aec?s=96&d=mm&r=g\",\"caption\":\"Redacci\u00f3n\"},\"url\":\"https:\\\/\\\/fuentesfidedignas.com.mx\\\/index.php\\\/author\\\/redaccion\\\/\"}]}<\/script>\n<!-- \/ Yoast SEO plugin. -->","yoast_head_json":{"title":"Tribunal Superior Agrario mantendr\u00e1 en operaci\u00f3n su sede en Culiac\u00e1n: Mario Zamora - Fuentes Fidedignas","robots":{"index":"index","follow":"follow","max-snippet":"max-snippet:-1","max-image-preview":"max-image-preview:large","max-video-preview":"max-video-preview:-1"},"canonical":"https:\/\/fuentesfidedignas.com.mx\/index.php\/2022\/05\/26\/tribunal-superior-agrario-mantendra-en-operacion-su-sede-en-culiacan-mario-zamora\/","og_locale":"es_MX","og_type":"article","og_title":"Tribunal Superior Agrario mantendr\u00e1 en operaci\u00f3n su sede en Culiac\u00e1n: Mario Zamora - Fuentes Fidedignas","og_description":"La tarde de este mi\u00e9rcoles, el Senador sinaloense se reuni\u00f3 con la presidenta del Tribunal Superior Agrario, Maribel M\u00e9ndez de Lara Ciudad de M\u00e9xico.- El legislador sinaloense expres\u00f3 a la presidenta del Tribunal que no se suspendieran actividades en el Tribunal Unitario Agrario del Distrito 26, toda ves que pudiera traer implicaciones de mayores costos [&hellip;]","og_url":"https:\/\/fuentesfidedignas.com.mx\/index.php\/2022\/05\/26\/tribunal-superior-agrario-mantendra-en-operacion-su-sede-en-culiacan-mario-zamora\/","og_site_name":"Fuentes Fidedignas","article_publisher":"https:\/\/www.facebook.com\/Fuentes-Fidedignas-368234489921644","article_published_time":"2022-05-26T16:35:37+00:00","article_modified_time":"2022-05-26T16:39:09+00:00","og_image":[{"width":1620,"height":765,"url":"https:\/\/fuentesfidedignas.com.mx\/wp-content\/uploads\/2022\/05\/ZAMORA_MARIBEL.jpg","type":"image\/jpeg"}],"author":"Redacci\u00f3n","twitter_card":"summary_large_image","twitter_creator":"@fidedignas","twitter_site":"@fidedignas","twitter_misc":{"Escrito por":"Redacci\u00f3n","Tiempo de lectura":"2 minutos"},"schema":{"@context":"https:\/\/schema.org","@graph":[{"@type":"Article","@id":"https:\/\/fuentesfidedignas.com.mx\/index.php\/2022\/05\/26\/tribunal-superior-agrario-mantendra-en-operacion-su-sede-en-culiacan-mario-zamora\/#article","isPartOf":{"@id":"https:\/\/fuentesfidedignas.com.mx\/index.php\/2022\/05\/26\/tribunal-superior-agrario-mantendra-en-operacion-su-sede-en-culiacan-mario-zamora\/"},"author":{"name":"Redacci\u00f3n","@id":"https:\/\/fuentesfidedignas.com.mx\/#\/schema\/person\/331be9283d37198e2acd5750279085b0"},"headline":"Tribunal Superior Agrario mantendr\u00e1 en operaci\u00f3n su sede en Culiac\u00e1n: Mario Zamora","datePublished":"2022-05-26T16:35:37+00:00","dateModified":"2022-05-26T16:39:09+00:00","mainEntityOfPage":{"@id":"https:\/\/fuentesfidedignas.com.mx\/index.php\/2022\/05\/26\/tribunal-superior-agrario-mantendra-en-operacion-su-sede-en-culiacan-mario-zamora\/"},"wordCount":348,"commentCount":0,"publisher":{"@id":"https:\/\/fuentesfidedignas.com.mx\/#organization"},"image":{"@id":"https:\/\/fuentesfidedignas.com.mx\/index.php\/2022\/05\/26\/tribunal-superior-agrario-mantendra-en-operacion-su-sede-en-culiacan-mario-zamora\/#primaryimage"},"thumbnailUrl":"https:\/\/fuentesfidedignas.com.mx\/wp-content\/uploads\/2022\/05\/ZAMORA_MARIBEL.jpg","keywords":["Mario Zamora"],"articleSection":["NOTICIAS LOCALES"],"inLanguage":"es","potentialAction":[{"@type":"CommentAction","name":"Comment","target":["https:\/\/fuentesfidedignas.com.mx\/index.php\/2022\/05\/26\/tribunal-superior-agrario-mantendra-en-operacion-su-sede-en-culiacan-mario-zamora\/#respond"]}]},{"@type":"WebPage","@id":"https:\/\/fuentesfidedignas.com.mx\/index.php\/2022\/05\/26\/tribunal-superior-agrario-mantendra-en-operacion-su-sede-en-culiacan-mario-zamora\/","url":"https:\/\/fuentesfidedignas.com.mx\/index.php\/2022\/05\/26\/tribunal-superior-agrario-mantendra-en-operacion-su-sede-en-culiacan-mario-zamora\/","name":"Tribunal Superior Agrario mantendr\u00e1 en operaci\u00f3n su sede en Culiac\u00e1n: Mario Zamora - Fuentes Fidedignas","isPartOf":{"@id":"https:\/\/fuentesfidedignas.com.mx\/#website"},"primaryImageOfPage":{"@id":"https:\/\/fuentesfidedignas.com.mx\/index.php\/2022\/05\/26\/tribunal-superior-agrario-mantendra-en-operacion-su-sede-en-culiacan-mario-zamora\/#primaryimage"},"image":{"@id":"https:\/\/fuentesfidedignas.com.mx\/index.php\/2022\/05\/26\/tribunal-superior-agrario-mantendra-en-operacion-su-sede-en-culiacan-mario-zamora\/#primaryimage"},"thumbnailUrl":"https:\/\/fuentesfidedignas.com.mx\/wp-content\/uploads\/2022\/05\/ZAMORA_MARIBEL.jpg","datePublished":"2022-05-26T16:35:37+00:00","dateModified":"2022-05-26T16:39:09+00:00","breadcrumb":{"@id":"https:\/\/fuentesfidedignas.com.mx\/index.php\/2022\/05\/26\/tribunal-superior-agrario-mantendra-en-operacion-su-sede-en-culiacan-mario-zamora\/#breadcrumb"},"inLanguage":"es","potentialAction":[{"@type":"ReadAction","target":["https:\/\/fuentesfidedignas.com.mx\/index.php\/2022\/05\/26\/tribunal-superior-agrario-mantendra-en-operacion-su-sede-en-culiacan-mario-zamora\/"]}]},{"@type":"ImageObject","inLanguage":"es","@id":"https:\/\/fuentesfidedignas.com.mx\/index.php\/2022\/05\/26\/tribunal-superior-agrario-mantendra-en-operacion-su-sede-en-culiacan-mario-zamora\/#primaryimage","url":"https:\/\/fuentesfidedignas.com.mx\/wp-content\/uploads\/2022\/05\/ZAMORA_MARIBEL.jpg","contentUrl":"https:\/\/fuentesfidedignas.com.mx\/wp-content\/uploads\/2022\/05\/ZAMORA_MARIBEL.jpg","width":1620,"height":765},{"@type":"BreadcrumbList","@id":"https:\/\/fuentesfidedignas.com.mx\/index.php\/2022\/05\/26\/tribunal-superior-agrario-mantendra-en-operacion-su-sede-en-culiacan-mario-zamora\/#breadcrumb","itemListElement":[{"@type":"ListItem","position":1,"name":"Inicio","item":"https:\/\/fuentesfidedignas.com.mx\/"},{"@type":"ListItem","position":2,"name":"Tribunal Superior Agrario mantendr\u00e1 en operaci\u00f3n su sede en Culiac\u00e1n: Mario Zamora"}]},{"@type":"WebSite","@id":"https:\/\/fuentesfidedignas.com.mx\/#website","url":"https:\/\/fuentesfidedignas.com.mx\/","name":"Fuentes Fidedignas","description":"Otro sitio realizado con WordPress","publisher":{"@id":"https:\/\/fuentesfidedignas.com.mx\/#organization"},"potentialAction":[{"@type":"SearchAction","target":{"@type":"EntryPoint","urlTemplate":"https:\/\/fuentesfidedignas.com.mx\/?s={search_term_string}"},"query-input":{"@type":"PropertyValueSpecification","valueRequired":true,"valueName":"search_term_string"}}],"inLanguage":"es"},{"@type":"Organization","@id":"https:\/\/fuentesfidedignas.com.mx\/#organization","name":"Fuentes Fidedignas","url":"https:\/\/fuentesfidedignas.com.mx\/","logo":{"@type":"ImageObject","inLanguage":"es","@id":"https:\/\/fuentesfidedignas.com.mx\/#\/schema\/logo\/image\/","url":"https:\/\/fuentesfidedignas.com.mx\/wp-content\/uploads\/2021\/04\/logo-retina.png","contentUrl":"https:\/\/fuentesfidedignas.com.mx\/wp-content\/uploads\/2021\/04\/logo-retina.png","width":280,"height":51,"caption":"Fuentes Fidedignas"},"image":{"@id":"https:\/\/fuentesfidedignas.com.mx\/#\/schema\/logo\/image\/"},"sameAs":["https:\/\/www.facebook.com\/Fuentes-Fidedignas-368234489921644","https:\/\/x.com\/fidedignas"]},{"@type":"Person","@id":"https:\/\/fuentesfidedignas.com.mx\/#\/schema\/person\/331be9283d37198e2acd5750279085b0","name":"Redacci\u00f3n","image":{"@type":"ImageObject","inLanguage":"es","@id":"https:\/\/secure.gravatar.com\/avatar\/f6d8782c11d12b2d4ad3fbb6931aeab5309937a4d6cd2fc9cfaa28a6396a5aec?s=96&d=mm&r=g","url":"https:\/\/secure.gravatar.com\/avatar\/f6d8782c11d12b2d4ad3fbb6931aeab5309937a4d6cd2fc9cfaa28a6396a5aec?s=96&d=mm&r=g","contentUrl":"https:\/\/secure.gravatar.com\/avatar\/f6d8782c11d12b2d4ad3fbb6931aeab5309937a4d6cd2fc9cfaa28a6396a5aec?s=96&d=mm&r=g","caption":"Redacci\u00f3n"},"url":"https:\/\/fuentesfidedignas.com.mx\/index.php\/author\/redaccion\/"}]}},"_links":{"self":[{"href":"https:\/\/fuentesfidedignas.com.mx\/index.php\/wp-json\/wp\/v2\/posts\/32518","targetHints":{"allow":["GET"]}}],"collection":[{"href":"https:\/\/fuentesfidedignas.com.mx\/index.php\/wp-json\/wp\/v2\/posts"}],"about":[{"href":"https:\/\/fuentesfidedignas.com.mx\/index.php\/wp-json\/wp\/v2\/types\/post"}],"author":[{"embeddable":true,"href":"https:\/\/fuentesfidedignas.com.mx\/index.php\/wp-json\/wp\/v2\/users\/4"}],"replies":[{"embeddable":true,"href":"https:\/\/fuentesfidedignas.com.mx\/index.php\/wp-json\/wp\/v2\/comments?post=32518"}],"version-history":[{"count":3,"href":"https:\/\/fuentesfidedignas.com.mx\/index.php\/wp-json\/wp\/v2\/posts\/32518\/revisions"}],"predecessor-version":[{"id":32525,"href":"https:\/\/fuentesfidedignas.com.mx\/index.php\/wp-json\/wp\/v2\/posts\/32518\/revisions\/32525"}],"wp:featuredmedia":[{"embeddable":true,"href":"https:\/\/fuentesfidedignas.com.mx\/index.php\/wp-json\/wp\/v2\/media\/32521"}],"wp:attachment":[{"href":"https:\/\/fuentesfidedignas.com.mx\/index.php\/wp-json\/wp\/v2\/media?parent=32518"}],"wp:term":[{"taxonomy":"category","embeddable":true,"href":"https:\/\/fuentesfidedignas.com.mx\/index.php\/wp-json\/wp\/v2\/categories?post=32518"},{"taxonomy":"post_tag","embeddable":true,"href":"https:\/\/fuentesfidedignas.com.mx\/index.php\/wp-json\/wp\/v2\/tags?post=32518"}],"curies":[{"name":"wp","href":"https:\/\/api.w.org\/{rel}","templated":true}]}}