{"id":32513,"date":"2022-05-26T10:27:07","date_gmt":"2022-05-26T16:27:07","guid":{"rendered":"https:\/\/fuentesfidedignas.com.mx\/?p=32513"},"modified":"2022-05-26T10:27:08","modified_gmt":"2022-05-26T16:27:08","slug":"kevin-spacey-acusado-de-abuso-sexual-contra-tres-hombres","status":"publish","type":"post","link":"https:\/\/fuentesfidedignas.com.mx\/index.php\/2022\/05\/26\/kevin-spacey-acusado-de-abuso-sexual-contra-tres-hombres\/","title":{"rendered":"Kevin Spacey, acusado de abuso sexual contra tres hombres"},"content":{"rendered":"\n<p><strong><em>El actor estadounidense es acusado de cuatro delitos sexuales cometidos contra tres hombres entre 2005 y 2013<\/em><\/strong><\/p>\n\n\n\n<p>Ciudad de M\u00e9xico.- El actor estadounidense Kevin Spacey, de 62 a\u00f1os, ha sido acusado por la Fiscal\u00eda brit\u00e1nica de cuatro delitos de abuso sexual contra tres hombres cometidos en el Reino Unido entre 2005 y 2013.<\/p>\n\n\n\n<p>La directora de la divisi\u00f3n especial de crimen de la fiscal\u00eda, Rosemary Ainslie, se\u00f1ala en un comunicado que tambi\u00e9n \u201cha sido acusado de hacer que una persona participe en una actividad sexual con penetraci\u00f3n sin su consentimiento\u201d.<\/p>\n\n\n\n<p>Los cargos comprenden dos agresiones sexuales en marzo de 2005 en Londres contra un hombre (referido como demandante n\u00famero 1) y una tercera en agosto de 2008 contra el \u201cdemandante n\u00famero 2\u201d, que le acusa asimismo de hacerle participar en una actividad penetrativa sin consentimiento.<\/p>\n\n\n\n<p>La cuarta agresi\u00f3n sexual, contra el demandante n\u00famero 3, se produjo supuestamente en abril de 2013 en el condado ingl\u00e9s de Gloucestershire.<\/p>\n\n\n\n<p>Ainslie precisa en la nota que los cargos se le imputan tras revisar los datos recabados en una investigaci\u00f3n por la Polic\u00eda Metropolitana de Londres, tambi\u00e9n conocida como Scotland Yard.<\/p>\n\n\n\n<p>\u201cEl Servicio de Fiscal\u00eda de la Corona recuerda a todos los interesados que los procesos penales contra Spacey est\u00e1n activos y tiene derecho a un juicio justo\u201d, afirma la fiscal, para subrayar que solo un tribunal puede determinar eventualmente su inocencia o culpabilidad.<\/p>\n\n\n\n<p>Ainslie avisa que es \u201cmuy importante\u201d que no se difundan informaciones en la prensa o por internet que puedan levantar prejuicios sobre este caso.<\/p>\n\n\n\n<p>El actor estadounidense residi\u00f3 durante varios a\u00f1os en Londres, donde ocup\u00f3 el puesto de director art\u00edstico del teatro The Old Vic entre 2004 y 2015.<\/p>\n\n\n\n<p>Los responsables de esa emblem\u00e1tica sala londinense indicaron en 2017 que hab\u00edan recibido quejas de 20 personas que aseguraron que fueron acosadas sexualmente por Spacey, quien tambi\u00e9n afront\u00f3 cargos por este tipo de delitos en Estados Unidos.<\/p>\n","protected":false},"excerpt":{"rendered":"<p>El actor estadounidense es acusado de cuatro delitos sexuales cometidos contra tres hombres entre 2005 y 2013 Ciudad de M\u00e9xico.- El actor estadounidense Kevin Spacey, de 62 a\u00f1os, ha sido acusado por la Fiscal\u00eda brit\u00e1nica de cuatro delitos de abuso sexual contra tres hombres cometidos en el Reino Unido entre 2005 y 2013. La directora [&hellip;]<\/p>\n","protected":false},"author":46,"featured_media":32514,"comment_status":"open","ping_status":"open","sticky":false,"template":"","format":"standard","meta":{"tdm_status":"","tdm_grid_status":"","footnotes":""},"categories":[39],"tags":[],"class_list":{"0":"post-32513","1":"post","2":"type-post","3":"status-publish","4":"format-standard","5":"has-post-thumbnail","7":"category-noticias-nacionales"},"yoast_head":"<!-- This site is optimized with the Yoast SEO plugin v27.5 - https:\/\/yoast.com\/product\/yoast-seo-wordpress\/ -->\n<title>Kevin Spacey, acusado de abuso sexual contra tres hombres - Fuentes Fidedignas<\/title>\n<meta name=\"robots\" content=\"index, follow, max-snippet:-1, max-image-preview:large, max-video-preview:-1\" \/>\n<link rel=\"canonical\" href=\"https:\/\/fuentesfidedignas.com.mx\/index.php\/2022\/05\/26\/kevin-spacey-acusado-de-abuso-sexual-contra-tres-hombres\/\" \/>\n<meta property=\"og:locale\" content=\"es_MX\" \/>\n<meta property=\"og:type\" content=\"article\" \/>\n<meta property=\"og:title\" content=\"Kevin Spacey, acusado de abuso sexual contra tres hombres - Fuentes Fidedignas\" \/>\n<meta property=\"og:description\" content=\"El actor estadounidense es acusado de cuatro delitos sexuales cometidos contra tres hombres entre 2005 y 2013 Ciudad de M\u00e9xico.- El actor estadounidense Kevin Spacey, de 62 a\u00f1os, ha sido acusado por la Fiscal\u00eda brit\u00e1nica de cuatro delitos de abuso sexual contra tres hombres cometidos en el Reino Unido entre 2005 y 2013. La directora [&hellip;]\" \/>\n<meta property=\"og:url\" content=\"https:\/\/fuentesfidedignas.com.mx\/index.php\/2022\/05\/26\/kevin-spacey-acusado-de-abuso-sexual-contra-tres-hombres\/\" \/>\n<meta property=\"og:site_name\" content=\"Fuentes Fidedignas\" \/>\n<meta property=\"article:publisher\" content=\"https:\/\/www.facebook.com\/Fuentes-Fidedignas-368234489921644\" \/>\n<meta property=\"article:published_time\" content=\"2022-05-26T16:27:07+00:00\" \/>\n<meta property=\"article:modified_time\" content=\"2022-05-26T16:27:08+00:00\" \/>\n<meta property=\"og:image\" content=\"https:\/\/fuentesfidedignas.com.mx\/wp-content\/uploads\/2022\/05\/KEVIN.jpg\" \/>\n\t<meta property=\"og:image:width\" content=\"1200\" \/>\n\t<meta property=\"og:image:height\" content=\"675\" \/>\n\t<meta property=\"og:image:type\" content=\"image\/jpeg\" \/>\n<meta name=\"author\" content=\"Noticieros Televisa\" \/>\n<meta name=\"twitter:card\" content=\"summary_large_image\" \/>\n<meta name=\"twitter:creator\" content=\"@fidedignas\" \/>\n<meta name=\"twitter:site\" content=\"@fidedignas\" \/>\n<meta name=\"twitter:label1\" content=\"Escrito por\" \/>\n\t<meta name=\"twitter:data1\" content=\"Noticieros Televisa\" \/>\n\t<meta name=\"twitter:label2\" content=\"Tiempo de lectura\" \/>\n\t<meta name=\"twitter:data2\" content=\"2 minutos\" \/>\n<script type=\"application\/ld+json\" class=\"yoast-schema-graph\">{\"@context\":\"https:\\\/\\\/schema.org\",\"@graph\":[{\"@type\":\"Article\",\"@id\":\"https:\\\/\\\/fuentesfidedignas.com.mx\\\/index.php\\\/2022\\\/05\\\/26\\\/kevin-spacey-acusado-de-abuso-sexual-contra-tres-hombres\\\/#article\",\"isPartOf\":{\"@id\":\"https:\\\/\\\/fuentesfidedignas.com.mx\\\/index.php\\\/2022\\\/05\\\/26\\\/kevin-spacey-acusado-de-abuso-sexual-contra-tres-hombres\\\/\"},\"author\":{\"name\":\"Noticieros Televisa\",\"@id\":\"https:\\\/\\\/fuentesfidedignas.com.mx\\\/#\\\/schema\\\/person\\\/f030e42657a5a464a8bbd891b1aab6ee\"},\"headline\":\"Kevin Spacey, acusado de abuso sexual contra tres hombres\",\"datePublished\":\"2022-05-26T16:27:07+00:00\",\"dateModified\":\"2022-05-26T16:27:08+00:00\",\"mainEntityOfPage\":{\"@id\":\"https:\\\/\\\/fuentesfidedignas.com.mx\\\/index.php\\\/2022\\\/05\\\/26\\\/kevin-spacey-acusado-de-abuso-sexual-contra-tres-hombres\\\/\"},\"wordCount\":335,\"commentCount\":0,\"publisher\":{\"@id\":\"https:\\\/\\\/fuentesfidedignas.com.mx\\\/#organization\"},\"image\":{\"@id\":\"https:\\\/\\\/fuentesfidedignas.com.mx\\\/index.php\\\/2022\\\/05\\\/26\\\/kevin-spacey-acusado-de-abuso-sexual-contra-tres-hombres\\\/#primaryimage\"},\"thumbnailUrl\":\"https:\\\/\\\/fuentesfidedignas.com.mx\\\/wp-content\\\/uploads\\\/2022\\\/05\\\/KEVIN.jpg\",\"articleSection\":[\"NOTICIAS NACIONALES\"],\"inLanguage\":\"es\",\"potentialAction\":[{\"@type\":\"CommentAction\",\"name\":\"Comment\",\"target\":[\"https:\\\/\\\/fuentesfidedignas.com.mx\\\/index.php\\\/2022\\\/05\\\/26\\\/kevin-spacey-acusado-de-abuso-sexual-contra-tres-hombres\\\/#respond\"]}]},{\"@type\":\"WebPage\",\"@id\":\"https:\\\/\\\/fuentesfidedignas.com.mx\\\/index.php\\\/2022\\\/05\\\/26\\\/kevin-spacey-acusado-de-abuso-sexual-contra-tres-hombres\\\/\",\"url\":\"https:\\\/\\\/fuentesfidedignas.com.mx\\\/index.php\\\/2022\\\/05\\\/26\\\/kevin-spacey-acusado-de-abuso-sexual-contra-tres-hombres\\\/\",\"name\":\"Kevin Spacey, acusado de abuso sexual contra tres hombres - Fuentes Fidedignas\",\"isPartOf\":{\"@id\":\"https:\\\/\\\/fuentesfidedignas.com.mx\\\/#website\"},\"primaryImageOfPage\":{\"@id\":\"https:\\\/\\\/fuentesfidedignas.com.mx\\\/index.php\\\/2022\\\/05\\\/26\\\/kevin-spacey-acusado-de-abuso-sexual-contra-tres-hombres\\\/#primaryimage\"},\"image\":{\"@id\":\"https:\\\/\\\/fuentesfidedignas.com.mx\\\/index.php\\\/2022\\\/05\\\/26\\\/kevin-spacey-acusado-de-abuso-sexual-contra-tres-hombres\\\/#primaryimage\"},\"thumbnailUrl\":\"https:\\\/\\\/fuentesfidedignas.com.mx\\\/wp-content\\\/uploads\\\/2022\\\/05\\\/KEVIN.jpg\",\"datePublished\":\"2022-05-26T16:27:07+00:00\",\"dateModified\":\"2022-05-26T16:27:08+00:00\",\"breadcrumb\":{\"@id\":\"https:\\\/\\\/fuentesfidedignas.com.mx\\\/index.php\\\/2022\\\/05\\\/26\\\/kevin-spacey-acusado-de-abuso-sexual-contra-tres-hombres\\\/#breadcrumb\"},\"inLanguage\":\"es\",\"potentialAction\":[{\"@type\":\"ReadAction\",\"target\":[\"https:\\\/\\\/fuentesfidedignas.com.mx\\\/index.php\\\/2022\\\/05\\\/26\\\/kevin-spacey-acusado-de-abuso-sexual-contra-tres-hombres\\\/\"]}]},{\"@type\":\"ImageObject\",\"inLanguage\":\"es\",\"@id\":\"https:\\\/\\\/fuentesfidedignas.com.mx\\\/index.php\\\/2022\\\/05\\\/26\\\/kevin-spacey-acusado-de-abuso-sexual-contra-tres-hombres\\\/#primaryimage\",\"url\":\"https:\\\/\\\/fuentesfidedignas.com.mx\\\/wp-content\\\/uploads\\\/2022\\\/05\\\/KEVIN.jpg\",\"contentUrl\":\"https:\\\/\\\/fuentesfidedignas.com.mx\\\/wp-content\\\/uploads\\\/2022\\\/05\\\/KEVIN.jpg\",\"width\":1200,\"height\":675},{\"@type\":\"BreadcrumbList\",\"@id\":\"https:\\\/\\\/fuentesfidedignas.com.mx\\\/index.php\\\/2022\\\/05\\\/26\\\/kevin-spacey-acusado-de-abuso-sexual-contra-tres-hombres\\\/#breadcrumb\",\"itemListElement\":[{\"@type\":\"ListItem\",\"position\":1,\"name\":\"Inicio\",\"item\":\"https:\\\/\\\/fuentesfidedignas.com.mx\\\/\"},{\"@type\":\"ListItem\",\"position\":2,\"name\":\"Kevin Spacey, acusado de abuso sexual contra tres hombres\"}]},{\"@type\":\"WebSite\",\"@id\":\"https:\\\/\\\/fuentesfidedignas.com.mx\\\/#website\",\"url\":\"https:\\\/\\\/fuentesfidedignas.com.mx\\\/\",\"name\":\"Fuentes Fidedignas\",\"description\":\"Otro sitio realizado con WordPress\",\"publisher\":{\"@id\":\"https:\\\/\\\/fuentesfidedignas.com.mx\\\/#organization\"},\"potentialAction\":[{\"@type\":\"SearchAction\",\"target\":{\"@type\":\"EntryPoint\",\"urlTemplate\":\"https:\\\/\\\/fuentesfidedignas.com.mx\\\/?s={search_term_string}\"},\"query-input\":{\"@type\":\"PropertyValueSpecification\",\"valueRequired\":true,\"valueName\":\"search_term_string\"}}],\"inLanguage\":\"es\"},{\"@type\":\"Organization\",\"@id\":\"https:\\\/\\\/fuentesfidedignas.com.mx\\\/#organization\",\"name\":\"Fuentes Fidedignas\",\"url\":\"https:\\\/\\\/fuentesfidedignas.com.mx\\\/\",\"logo\":{\"@type\":\"ImageObject\",\"inLanguage\":\"es\",\"@id\":\"https:\\\/\\\/fuentesfidedignas.com.mx\\\/#\\\/schema\\\/logo\\\/image\\\/\",\"url\":\"https:\\\/\\\/fuentesfidedignas.com.mx\\\/wp-content\\\/uploads\\\/2021\\\/04\\\/logo-retina.png\",\"contentUrl\":\"https:\\\/\\\/fuentesfidedignas.com.mx\\\/wp-content\\\/uploads\\\/2021\\\/04\\\/logo-retina.png\",\"width\":280,\"height\":51,\"caption\":\"Fuentes Fidedignas\"},\"image\":{\"@id\":\"https:\\\/\\\/fuentesfidedignas.com.mx\\\/#\\\/schema\\\/logo\\\/image\\\/\"},\"sameAs\":[\"https:\\\/\\\/www.facebook.com\\\/Fuentes-Fidedignas-368234489921644\",\"https:\\\/\\\/x.com\\\/fidedignas\"]},{\"@type\":\"Person\",\"@id\":\"https:\\\/\\\/fuentesfidedignas.com.mx\\\/#\\\/schema\\\/person\\\/f030e42657a5a464a8bbd891b1aab6ee\",\"name\":\"Noticieros Televisa\",\"image\":{\"@type\":\"ImageObject\",\"inLanguage\":\"es\",\"@id\":\"https:\\\/\\\/secure.gravatar.com\\\/avatar\\\/0e47b9e785a628831b8fd9eaf15e090e106760a879abbd4a3306f128ef5d43a9?s=96&d=mm&r=g\",\"url\":\"https:\\\/\\\/secure.gravatar.com\\\/avatar\\\/0e47b9e785a628831b8fd9eaf15e090e106760a879abbd4a3306f128ef5d43a9?s=96&d=mm&r=g\",\"contentUrl\":\"https:\\\/\\\/secure.gravatar.com\\\/avatar\\\/0e47b9e785a628831b8fd9eaf15e090e106760a879abbd4a3306f128ef5d43a9?s=96&d=mm&r=g\",\"caption\":\"Noticieros Televisa\"},\"url\":\"https:\\\/\\\/fuentesfidedignas.com.mx\\\/index.php\\\/author\\\/noticieros-televisa\\\/\"}]}<\/script>\n<!-- \/ Yoast SEO plugin. -->","yoast_head_json":{"title":"Kevin Spacey, acusado de abuso sexual contra tres hombres - Fuentes Fidedignas","robots":{"index":"index","follow":"follow","max-snippet":"max-snippet:-1","max-image-preview":"max-image-preview:large","max-video-preview":"max-video-preview:-1"},"canonical":"https:\/\/fuentesfidedignas.com.mx\/index.php\/2022\/05\/26\/kevin-spacey-acusado-de-abuso-sexual-contra-tres-hombres\/","og_locale":"es_MX","og_type":"article","og_title":"Kevin Spacey, acusado de abuso sexual contra tres hombres - Fuentes Fidedignas","og_description":"El actor estadounidense es acusado de cuatro delitos sexuales cometidos contra tres hombres entre 2005 y 2013 Ciudad de M\u00e9xico.- El actor estadounidense Kevin Spacey, de 62 a\u00f1os, ha sido acusado por la Fiscal\u00eda brit\u00e1nica de cuatro delitos de abuso sexual contra tres hombres cometidos en el Reino Unido entre 2005 y 2013. La directora [&hellip;]","og_url":"https:\/\/fuentesfidedignas.com.mx\/index.php\/2022\/05\/26\/kevin-spacey-acusado-de-abuso-sexual-contra-tres-hombres\/","og_site_name":"Fuentes Fidedignas","article_publisher":"https:\/\/www.facebook.com\/Fuentes-Fidedignas-368234489921644","article_published_time":"2022-05-26T16:27:07+00:00","article_modified_time":"2022-05-26T16:27:08+00:00","og_image":[{"width":1200,"height":675,"url":"https:\/\/fuentesfidedignas.com.mx\/wp-content\/uploads\/2022\/05\/KEVIN.jpg","type":"image\/jpeg"}],"author":"Noticieros Televisa","twitter_card":"summary_large_image","twitter_creator":"@fidedignas","twitter_site":"@fidedignas","twitter_misc":{"Escrito por":"Noticieros Televisa","Tiempo de lectura":"2 minutos"},"schema":{"@context":"https:\/\/schema.org","@graph":[{"@type":"Article","@id":"https:\/\/fuentesfidedignas.com.mx\/index.php\/2022\/05\/26\/kevin-spacey-acusado-de-abuso-sexual-contra-tres-hombres\/#article","isPartOf":{"@id":"https:\/\/fuentesfidedignas.com.mx\/index.php\/2022\/05\/26\/kevin-spacey-acusado-de-abuso-sexual-contra-tres-hombres\/"},"author":{"name":"Noticieros Televisa","@id":"https:\/\/fuentesfidedignas.com.mx\/#\/schema\/person\/f030e42657a5a464a8bbd891b1aab6ee"},"headline":"Kevin Spacey, acusado de abuso sexual contra tres hombres","datePublished":"2022-05-26T16:27:07+00:00","dateModified":"2022-05-26T16:27:08+00:00","mainEntityOfPage":{"@id":"https:\/\/fuentesfidedignas.com.mx\/index.php\/2022\/05\/26\/kevin-spacey-acusado-de-abuso-sexual-contra-tres-hombres\/"},"wordCount":335,"commentCount":0,"publisher":{"@id":"https:\/\/fuentesfidedignas.com.mx\/#organization"},"image":{"@id":"https:\/\/fuentesfidedignas.com.mx\/index.php\/2022\/05\/26\/kevin-spacey-acusado-de-abuso-sexual-contra-tres-hombres\/#primaryimage"},"thumbnailUrl":"https:\/\/fuentesfidedignas.com.mx\/wp-content\/uploads\/2022\/05\/KEVIN.jpg","articleSection":["NOTICIAS NACIONALES"],"inLanguage":"es","potentialAction":[{"@type":"CommentAction","name":"Comment","target":["https:\/\/fuentesfidedignas.com.mx\/index.php\/2022\/05\/26\/kevin-spacey-acusado-de-abuso-sexual-contra-tres-hombres\/#respond"]}]},{"@type":"WebPage","@id":"https:\/\/fuentesfidedignas.com.mx\/index.php\/2022\/05\/26\/kevin-spacey-acusado-de-abuso-sexual-contra-tres-hombres\/","url":"https:\/\/fuentesfidedignas.com.mx\/index.php\/2022\/05\/26\/kevin-spacey-acusado-de-abuso-sexual-contra-tres-hombres\/","name":"Kevin Spacey, acusado de abuso sexual contra tres hombres - Fuentes Fidedignas","isPartOf":{"@id":"https:\/\/fuentesfidedignas.com.mx\/#website"},"primaryImageOfPage":{"@id":"https:\/\/fuentesfidedignas.com.mx\/index.php\/2022\/05\/26\/kevin-spacey-acusado-de-abuso-sexual-contra-tres-hombres\/#primaryimage"},"image":{"@id":"https:\/\/fuentesfidedignas.com.mx\/index.php\/2022\/05\/26\/kevin-spacey-acusado-de-abuso-sexual-contra-tres-hombres\/#primaryimage"},"thumbnailUrl":"https:\/\/fuentesfidedignas.com.mx\/wp-content\/uploads\/2022\/05\/KEVIN.jpg","datePublished":"2022-05-26T16:27:07+00:00","dateModified":"2022-05-26T16:27:08+00:00","breadcrumb":{"@id":"https:\/\/fuentesfidedignas.com.mx\/index.php\/2022\/05\/26\/kevin-spacey-acusado-de-abuso-sexual-contra-tres-hombres\/#breadcrumb"},"inLanguage":"es","potentialAction":[{"@type":"ReadAction","target":["https:\/\/fuentesfidedignas.com.mx\/index.php\/2022\/05\/26\/kevin-spacey-acusado-de-abuso-sexual-contra-tres-hombres\/"]}]},{"@type":"ImageObject","inLanguage":"es","@id":"https:\/\/fuentesfidedignas.com.mx\/index.php\/2022\/05\/26\/kevin-spacey-acusado-de-abuso-sexual-contra-tres-hombres\/#primaryimage","url":"https:\/\/fuentesfidedignas.com.mx\/wp-content\/uploads\/2022\/05\/KEVIN.jpg","contentUrl":"https:\/\/fuentesfidedignas.com.mx\/wp-content\/uploads\/2022\/05\/KEVIN.jpg","width":1200,"height":675},{"@type":"BreadcrumbList","@id":"https:\/\/fuentesfidedignas.com.mx\/index.php\/2022\/05\/26\/kevin-spacey-acusado-de-abuso-sexual-contra-tres-hombres\/#breadcrumb","itemListElement":[{"@type":"ListItem","position":1,"name":"Inicio","item":"https:\/\/fuentesfidedignas.com.mx\/"},{"@type":"ListItem","position":2,"name":"Kevin Spacey, acusado de abuso sexual contra tres hombres"}]},{"@type":"WebSite","@id":"https:\/\/fuentesfidedignas.com.mx\/#website","url":"https:\/\/fuentesfidedignas.com.mx\/","name":"Fuentes Fidedignas","description":"Otro sitio realizado con WordPress","publisher":{"@id":"https:\/\/fuentesfidedignas.com.mx\/#organization"},"potentialAction":[{"@type":"SearchAction","target":{"@type":"EntryPoint","urlTemplate":"https:\/\/fuentesfidedignas.com.mx\/?s={search_term_string}"},"query-input":{"@type":"PropertyValueSpecification","valueRequired":true,"valueName":"search_term_string"}}],"inLanguage":"es"},{"@type":"Organization","@id":"https:\/\/fuentesfidedignas.com.mx\/#organization","name":"Fuentes Fidedignas","url":"https:\/\/fuentesfidedignas.com.mx\/","logo":{"@type":"ImageObject","inLanguage":"es","@id":"https:\/\/fuentesfidedignas.com.mx\/#\/schema\/logo\/image\/","url":"https:\/\/fuentesfidedignas.com.mx\/wp-content\/uploads\/2021\/04\/logo-retina.png","contentUrl":"https:\/\/fuentesfidedignas.com.mx\/wp-content\/uploads\/2021\/04\/logo-retina.png","width":280,"height":51,"caption":"Fuentes Fidedignas"},"image":{"@id":"https:\/\/fuentesfidedignas.com.mx\/#\/schema\/logo\/image\/"},"sameAs":["https:\/\/www.facebook.com\/Fuentes-Fidedignas-368234489921644","https:\/\/x.com\/fidedignas"]},{"@type":"Person","@id":"https:\/\/fuentesfidedignas.com.mx\/#\/schema\/person\/f030e42657a5a464a8bbd891b1aab6ee","name":"Noticieros Televisa","image":{"@type":"ImageObject","inLanguage":"es","@id":"https:\/\/secure.gravatar.com\/avatar\/0e47b9e785a628831b8fd9eaf15e090e106760a879abbd4a3306f128ef5d43a9?s=96&d=mm&r=g","url":"https:\/\/secure.gravatar.com\/avatar\/0e47b9e785a628831b8fd9eaf15e090e106760a879abbd4a3306f128ef5d43a9?s=96&d=mm&r=g","contentUrl":"https:\/\/secure.gravatar.com\/avatar\/0e47b9e785a628831b8fd9eaf15e090e106760a879abbd4a3306f128ef5d43a9?s=96&d=mm&r=g","caption":"Noticieros Televisa"},"url":"https:\/\/fuentesfidedignas.com.mx\/index.php\/author\/noticieros-televisa\/"}]}},"_links":{"self":[{"href":"https:\/\/fuentesfidedignas.com.mx\/index.php\/wp-json\/wp\/v2\/posts\/32513","targetHints":{"allow":["GET"]}}],"collection":[{"href":"https:\/\/fuentesfidedignas.com.mx\/index.php\/wp-json\/wp\/v2\/posts"}],"about":[{"href":"https:\/\/fuentesfidedignas.com.mx\/index.php\/wp-json\/wp\/v2\/types\/post"}],"author":[{"embeddable":true,"href":"https:\/\/fuentesfidedignas.com.mx\/index.php\/wp-json\/wp\/v2\/users\/46"}],"replies":[{"embeddable":true,"href":"https:\/\/fuentesfidedignas.com.mx\/index.php\/wp-json\/wp\/v2\/comments?post=32513"}],"version-history":[{"count":1,"href":"https:\/\/fuentesfidedignas.com.mx\/index.php\/wp-json\/wp\/v2\/posts\/32513\/revisions"}],"predecessor-version":[{"id":32515,"href":"https:\/\/fuentesfidedignas.com.mx\/index.php\/wp-json\/wp\/v2\/posts\/32513\/revisions\/32515"}],"wp:featuredmedia":[{"embeddable":true,"href":"https:\/\/fuentesfidedignas.com.mx\/index.php\/wp-json\/wp\/v2\/media\/32514"}],"wp:attachment":[{"href":"https:\/\/fuentesfidedignas.com.mx\/index.php\/wp-json\/wp\/v2\/media?parent=32513"}],"wp:term":[{"taxonomy":"category","embeddable":true,"href":"https:\/\/fuentesfidedignas.com.mx\/index.php\/wp-json\/wp\/v2\/categories?post=32513"},{"taxonomy":"post_tag","embeddable":true,"href":"https:\/\/fuentesfidedignas.com.mx\/index.php\/wp-json\/wp\/v2\/tags?post=32513"}],"curies":[{"name":"wp","href":"https:\/\/api.w.org\/{rel}","templated":true}]}}