{"id":32455,"date":"2022-05-25T14:43:49","date_gmt":"2022-05-25T20:43:49","guid":{"rendered":"https:\/\/fuentesfidedignas.com.mx\/?p=32455"},"modified":"2022-05-25T15:22:32","modified_gmt":"2022-05-25T21:22:32","slug":"video-cjng-exhibio-su-ejercito-y-arremetio-contra-mandos-de-la-guardia-nacional","status":"publish","type":"post","link":"https:\/\/fuentesfidedignas.com.mx\/index.php\/2022\/05\/25\/video-cjng-exhibio-su-ejercito-y-arremetio-contra-mandos-de-la-guardia-nacional\/","title":{"rendered":"VIDEO: CJNG exhibi\u00f3 su ej\u00e9rcito y arremeti\u00f3 contra mandos de la Guardia Nacional"},"content":{"rendered":"\n<p><strong><em>El grupo criminal del \u201cMencho\u201d acus\u00f3 protecci\u00f3n a sus rivales en la zona de Teocaltiche y Villa Hidalgo, en la frontera de Jalisco<\/em><\/strong><\/p>\n\n\n\n<p><iframe loading=\"lazy\" src=\"\/\/content.jwplatform.com\/players\/c6lLeg7r-K1xKryq0.html\" width=\"640\" height=\"360\" frameborder=\"0\" scrolling=\"auto\"><\/iframe><\/p>\n\n\n\n<p>Ciudad de M\u00e9xico.- El C\u00e1rtel Jalisco Nueva Generaci\u00f3n (CJNG) volvi\u00f3 a mostrar su poder\u00edo de fuego con decenas de integrantes armados que acusaron protecci\u00f3n a sus rivales por parte de mandos de la Guardia Nacional, contra la cual suscitaron enfrentamientos que dejaron tres agentes muertos y seis heridos.<\/p>\n\n\n\n<p>Luego de los ataques en Villa Hidalgo y Teocaltiche el pasado 16 de mayo, los comandados por Nemesio Oseguera Cervantes, el Mencho, se deslindaron de haber atacado a la corporaci\u00f3n federal, aunque reconocieron que sus huestes s\u00ed participaron en pugnas criminales en esa zona el mismo d\u00eda.<\/p>\n\n\n\n<p>Las acusaciones se difundieron en un video donde se muestra al menos a 100 hombres con equipo t\u00e1ctico, armas de uso reservado a militares, equipo t\u00e1ctico, chalecos y cascos. Una tropa de su peque\u00f1o ej\u00e9rcito de sicarios exhibieron el grado de fuerza de uno de los grupos delictivos m\u00e1s peligrosos del planeta.<\/p>\n\n\n\n<p>\u201cSi bien la empresa tuvo enfrentamientos en estos municipios, fue \u00fanicamente contra las lacras de Mario Gonz\u00e1lez y su hermano Ram\u00f3n\u201d, acus\u00f3 el vocero respaldado por sujetos fuertemente armados.<\/p>\n\n\n\n<p>&#8220;Queremos recalcar que las cuatro letras se deslinda totalmente de los ataques a la Guardia Nacional, nuestra guerra no es con ellos, nunca ha sido contra el gobierno&#8221;.<\/p>\n\n\n\n<p>Los hermanos Gonz\u00e1lez Mart\u00ednez ya han sido amenazados anteriormente por el CJNG en Teocaltiche en supuestas complicidades con autoridades de la regi\u00f3n. En marzo pasado, por ejemplo, cientos de volantes fueron lanzados desde una avioneta que cruz\u00f3 el cielo del municipio para advertir que la batalla era contra el operador del C\u00e1rtel de Sinaloa.<\/p>\n\n\n\n<p>Ahora, las fuerzas del Mencho aseguraron que cuentan con pruebas videogr\u00e1ficas sobre la colusi\u00f3n entre polic\u00edas de Villa Hidalgo y sus enemigos. De ah\u00ed el llamado para dejar fuera a las autoridades de la narcoguerra.<\/p>\n\n\n\n<p>\u201cTenemos evidencias y videos que corroboran que despu\u00e9s de los enfrentamientos, la polic\u00eda municipal de Villa Hidalgo llegan conjunto con los pistoleros y que ellos les pagan por protegerlos\u201d, a\u00f1adi\u00f3 el vocero con un corrido de fondo.<\/p>\n\n\n\n<p>Adem\u00e1s de los agentes municipales, el CJNG identific\u00f3 a presuntos subinspectores de la Guardia Nacional, a quienes acus\u00f3 de colaborar con el C\u00e1rtel de Sinaloa. Entre ellos destac\u00f3 a Francisco Javier Garc\u00eda Escamilla, Ismael Videla Hern\u00e1ndez, Jairo Bartolo Beltr\u00e1n y Rafael Ojeda Castro.<\/p>\n\n\n\n<p>&#8220;Lo \u00fanico que est\u00e1n haciendo es hacer m\u00e1s grande esta guerra por su corrupci\u00f3n y protecci\u00f3n, queremos dejar claro a toda la gente civil que ya estamos aqu\u00ed y llegamos para cuidarlos&#8221;.<\/p>\n\n\n\n<p>De acuerdo con la Guardia Nacional, las agresiones contra su personal comenz\u00f3 alrededor de las 19:30 horas del pasado lunes y en la refriega tambi\u00e9n abatieron a uno de los sicarios del CJNG. El enfrentamiento se prolong\u00f3 por m\u00e1s de cinco horas en la frontera de Jalisco.<\/p>\n\n\n\n<p>El primer ataque ocurri\u00f3 durante labores de patrullaje en las inmediaciones del poblado Rancho Nuevo, en el municipio de Teocaltiche. Los civiles armados viajaban a bordo de camionetas por la zona y abrieron fuego cuando interceptaron a los uniformados.<\/p>\n\n\n\n<p>Como resultado, tres agentes fueron heridos por impactos de bala y fueron trasladados al hospital sin que se reportara en estado de gravedad. Pero entonces solicitaron apoyo del Ej\u00e9rcito y la polic\u00eda estatal para dar con los responsables, por lo que se desplegaron hasta San Gaspar, municipio de Jalostotitl\u00e1n.<\/p>\n\n\n\n<p>Ah\u00ed ingresaron a un domicilio y se refugiaron para seguir con la disputa. El enfrentamiento finaliz\u00f3 despu\u00e9s de las 23:30 horas con tres agentes heridos y tres m\u00e1s ca\u00eddos en el cumplimiento de funciones: el subagente Segundo Mart\u00ednez, el subagente Herrera Mart\u00ednez y el Guardia Jim\u00e9nez Acevedo.<\/p>\n\n\n\n<p>El norte de Jalisco es territorio en disputa entre el CJNG contra el C\u00e1rtel de Sinaloa. En ese l\u00edmite fronterizo se han registrado enfrentamientos en los \u00faltimos meses, pues las fuerzas de Nemesio Oseguera Cervantes incursionaron en Zacatecas y los de Ismael Zambada Garc\u00eda, el Mayo, han querido frenar ese avance.<\/p>\n\n\n\n<p>Centenas de familias ya han sido desplazadas por la pugna de los grupos criminales en comunidades de Teocaltiche y otros agentes de seguridad han sido atacados, pero la violencia no para.<\/p>\n\n\n\n<p><\/p>\n","protected":false},"excerpt":{"rendered":"<p>El grupo criminal del \u201cMencho\u201d acus\u00f3 protecci\u00f3n a sus rivales en la zona de Teocaltiche y Villa Hidalgo, en la frontera de Jalisco Ciudad de M\u00e9xico.- El C\u00e1rtel Jalisco Nueva Generaci\u00f3n (CJNG) volvi\u00f3 a mostrar su poder\u00edo de fuego con decenas de integrantes armados que acusaron protecci\u00f3n a sus rivales por parte de mandos de [&hellip;]<\/p>\n","protected":false},"author":41,"featured_media":32457,"comment_status":"open","ping_status":"open","sticky":false,"template":"","format":"standard","meta":{"tdm_status":"","tdm_grid_status":"","footnotes":""},"categories":[39],"tags":[],"class_list":{"0":"post-32455","1":"post","2":"type-post","3":"status-publish","4":"format-standard","5":"has-post-thumbnail","7":"category-noticias-nacionales"},"yoast_head":"<!-- This site is optimized with the Yoast SEO plugin v27.5 - https:\/\/yoast.com\/product\/yoast-seo-wordpress\/ -->\n<title>VIDEO: CJNG exhibi\u00f3 su ej\u00e9rcito y arremeti\u00f3 contra mandos de la Guardia Nacional - Fuentes Fidedignas<\/title>\n<meta name=\"robots\" content=\"index, follow, max-snippet:-1, max-image-preview:large, max-video-preview:-1\" \/>\n<link rel=\"canonical\" href=\"https:\/\/fuentesfidedignas.com.mx\/index.php\/2022\/05\/25\/video-cjng-exhibio-su-ejercito-y-arremetio-contra-mandos-de-la-guardia-nacional\/\" \/>\n<meta property=\"og:locale\" content=\"es_MX\" \/>\n<meta property=\"og:type\" content=\"article\" \/>\n<meta property=\"og:title\" content=\"VIDEO: CJNG exhibi\u00f3 su ej\u00e9rcito y arremeti\u00f3 contra mandos de la Guardia Nacional - Fuentes Fidedignas\" \/>\n<meta property=\"og:description\" content=\"El grupo criminal del \u201cMencho\u201d acus\u00f3 protecci\u00f3n a sus rivales en la zona de Teocaltiche y Villa Hidalgo, en la frontera de Jalisco Ciudad de M\u00e9xico.- El C\u00e1rtel Jalisco Nueva Generaci\u00f3n (CJNG) volvi\u00f3 a mostrar su poder\u00edo de fuego con decenas de integrantes armados que acusaron protecci\u00f3n a sus rivales por parte de mandos de [&hellip;]\" \/>\n<meta property=\"og:url\" content=\"https:\/\/fuentesfidedignas.com.mx\/index.php\/2022\/05\/25\/video-cjng-exhibio-su-ejercito-y-arremetio-contra-mandos-de-la-guardia-nacional\/\" \/>\n<meta property=\"og:site_name\" content=\"Fuentes Fidedignas\" \/>\n<meta property=\"article:publisher\" content=\"https:\/\/www.facebook.com\/Fuentes-Fidedignas-368234489921644\" \/>\n<meta property=\"article:published_time\" content=\"2022-05-25T20:43:49+00:00\" \/>\n<meta property=\"article:modified_time\" content=\"2022-05-25T21:22:32+00:00\" \/>\n<meta property=\"og:image\" content=\"https:\/\/fuentesfidedignas.com.mx\/wp-content\/uploads\/2022\/05\/CARTEL_JNG.jpg\" \/>\n\t<meta property=\"og:image:width\" content=\"1733\" \/>\n\t<meta property=\"og:image:height\" content=\"961\" \/>\n\t<meta property=\"og:image:type\" content=\"image\/jpeg\" \/>\n<meta name=\"author\" content=\"Infobae\" \/>\n<meta name=\"twitter:card\" content=\"summary_large_image\" \/>\n<meta name=\"twitter:creator\" content=\"@fidedignas\" \/>\n<meta name=\"twitter:site\" content=\"@fidedignas\" \/>\n<meta name=\"twitter:label1\" content=\"Escrito por\" \/>\n\t<meta name=\"twitter:data1\" content=\"Infobae\" \/>\n\t<meta name=\"twitter:label2\" content=\"Tiempo de lectura\" \/>\n\t<meta name=\"twitter:data2\" content=\"4 minutos\" \/>\n<script type=\"application\/ld+json\" class=\"yoast-schema-graph\">{\"@context\":\"https:\\\/\\\/schema.org\",\"@graph\":[{\"@type\":\"Article\",\"@id\":\"https:\\\/\\\/fuentesfidedignas.com.mx\\\/index.php\\\/2022\\\/05\\\/25\\\/video-cjng-exhibio-su-ejercito-y-arremetio-contra-mandos-de-la-guardia-nacional\\\/#article\",\"isPartOf\":{\"@id\":\"https:\\\/\\\/fuentesfidedignas.com.mx\\\/index.php\\\/2022\\\/05\\\/25\\\/video-cjng-exhibio-su-ejercito-y-arremetio-contra-mandos-de-la-guardia-nacional\\\/\"},\"author\":{\"name\":\"Infobae\",\"@id\":\"https:\\\/\\\/fuentesfidedignas.com.mx\\\/#\\\/schema\\\/person\\\/8575896a7c1067d352f6c1cd6582c389\"},\"headline\":\"VIDEO: CJNG exhibi\u00f3 su ej\u00e9rcito y arremeti\u00f3 contra mandos de la Guardia Nacional\",\"datePublished\":\"2022-05-25T20:43:49+00:00\",\"dateModified\":\"2022-05-25T21:22:32+00:00\",\"mainEntityOfPage\":{\"@id\":\"https:\\\/\\\/fuentesfidedignas.com.mx\\\/index.php\\\/2022\\\/05\\\/25\\\/video-cjng-exhibio-su-ejercito-y-arremetio-contra-mandos-de-la-guardia-nacional\\\/\"},\"wordCount\":751,\"commentCount\":0,\"publisher\":{\"@id\":\"https:\\\/\\\/fuentesfidedignas.com.mx\\\/#organization\"},\"image\":{\"@id\":\"https:\\\/\\\/fuentesfidedignas.com.mx\\\/index.php\\\/2022\\\/05\\\/25\\\/video-cjng-exhibio-su-ejercito-y-arremetio-contra-mandos-de-la-guardia-nacional\\\/#primaryimage\"},\"thumbnailUrl\":\"https:\\\/\\\/fuentesfidedignas.com.mx\\\/wp-content\\\/uploads\\\/2022\\\/05\\\/CARTEL_JNG.jpg\",\"articleSection\":[\"NOTICIAS NACIONALES\"],\"inLanguage\":\"es\",\"potentialAction\":[{\"@type\":\"CommentAction\",\"name\":\"Comment\",\"target\":[\"https:\\\/\\\/fuentesfidedignas.com.mx\\\/index.php\\\/2022\\\/05\\\/25\\\/video-cjng-exhibio-su-ejercito-y-arremetio-contra-mandos-de-la-guardia-nacional\\\/#respond\"]}]},{\"@type\":\"WebPage\",\"@id\":\"https:\\\/\\\/fuentesfidedignas.com.mx\\\/index.php\\\/2022\\\/05\\\/25\\\/video-cjng-exhibio-su-ejercito-y-arremetio-contra-mandos-de-la-guardia-nacional\\\/\",\"url\":\"https:\\\/\\\/fuentesfidedignas.com.mx\\\/index.php\\\/2022\\\/05\\\/25\\\/video-cjng-exhibio-su-ejercito-y-arremetio-contra-mandos-de-la-guardia-nacional\\\/\",\"name\":\"VIDEO: CJNG exhibi\u00f3 su ej\u00e9rcito y arremeti\u00f3 contra mandos de la Guardia Nacional - Fuentes Fidedignas\",\"isPartOf\":{\"@id\":\"https:\\\/\\\/fuentesfidedignas.com.mx\\\/#website\"},\"primaryImageOfPage\":{\"@id\":\"https:\\\/\\\/fuentesfidedignas.com.mx\\\/index.php\\\/2022\\\/05\\\/25\\\/video-cjng-exhibio-su-ejercito-y-arremetio-contra-mandos-de-la-guardia-nacional\\\/#primaryimage\"},\"image\":{\"@id\":\"https:\\\/\\\/fuentesfidedignas.com.mx\\\/index.php\\\/2022\\\/05\\\/25\\\/video-cjng-exhibio-su-ejercito-y-arremetio-contra-mandos-de-la-guardia-nacional\\\/#primaryimage\"},\"thumbnailUrl\":\"https:\\\/\\\/fuentesfidedignas.com.mx\\\/wp-content\\\/uploads\\\/2022\\\/05\\\/CARTEL_JNG.jpg\",\"datePublished\":\"2022-05-25T20:43:49+00:00\",\"dateModified\":\"2022-05-25T21:22:32+00:00\",\"breadcrumb\":{\"@id\":\"https:\\\/\\\/fuentesfidedignas.com.mx\\\/index.php\\\/2022\\\/05\\\/25\\\/video-cjng-exhibio-su-ejercito-y-arremetio-contra-mandos-de-la-guardia-nacional\\\/#breadcrumb\"},\"inLanguage\":\"es\",\"potentialAction\":[{\"@type\":\"ReadAction\",\"target\":[\"https:\\\/\\\/fuentesfidedignas.com.mx\\\/index.php\\\/2022\\\/05\\\/25\\\/video-cjng-exhibio-su-ejercito-y-arremetio-contra-mandos-de-la-guardia-nacional\\\/\"]}]},{\"@type\":\"ImageObject\",\"inLanguage\":\"es\",\"@id\":\"https:\\\/\\\/fuentesfidedignas.com.mx\\\/index.php\\\/2022\\\/05\\\/25\\\/video-cjng-exhibio-su-ejercito-y-arremetio-contra-mandos-de-la-guardia-nacional\\\/#primaryimage\",\"url\":\"https:\\\/\\\/fuentesfidedignas.com.mx\\\/wp-content\\\/uploads\\\/2022\\\/05\\\/CARTEL_JNG.jpg\",\"contentUrl\":\"https:\\\/\\\/fuentesfidedignas.com.mx\\\/wp-content\\\/uploads\\\/2022\\\/05\\\/CARTEL_JNG.jpg\",\"width\":1733,\"height\":961},{\"@type\":\"BreadcrumbList\",\"@id\":\"https:\\\/\\\/fuentesfidedignas.com.mx\\\/index.php\\\/2022\\\/05\\\/25\\\/video-cjng-exhibio-su-ejercito-y-arremetio-contra-mandos-de-la-guardia-nacional\\\/#breadcrumb\",\"itemListElement\":[{\"@type\":\"ListItem\",\"position\":1,\"name\":\"Inicio\",\"item\":\"https:\\\/\\\/fuentesfidedignas.com.mx\\\/\"},{\"@type\":\"ListItem\",\"position\":2,\"name\":\"VIDEO: CJNG exhibi\u00f3 su ej\u00e9rcito y arremeti\u00f3 contra mandos de la Guardia Nacional\"}]},{\"@type\":\"WebSite\",\"@id\":\"https:\\\/\\\/fuentesfidedignas.com.mx\\\/#website\",\"url\":\"https:\\\/\\\/fuentesfidedignas.com.mx\\\/\",\"name\":\"Fuentes Fidedignas\",\"description\":\"Otro sitio realizado con WordPress\",\"publisher\":{\"@id\":\"https:\\\/\\\/fuentesfidedignas.com.mx\\\/#organization\"},\"potentialAction\":[{\"@type\":\"SearchAction\",\"target\":{\"@type\":\"EntryPoint\",\"urlTemplate\":\"https:\\\/\\\/fuentesfidedignas.com.mx\\\/?s={search_term_string}\"},\"query-input\":{\"@type\":\"PropertyValueSpecification\",\"valueRequired\":true,\"valueName\":\"search_term_string\"}}],\"inLanguage\":\"es\"},{\"@type\":\"Organization\",\"@id\":\"https:\\\/\\\/fuentesfidedignas.com.mx\\\/#organization\",\"name\":\"Fuentes Fidedignas\",\"url\":\"https:\\\/\\\/fuentesfidedignas.com.mx\\\/\",\"logo\":{\"@type\":\"ImageObject\",\"inLanguage\":\"es\",\"@id\":\"https:\\\/\\\/fuentesfidedignas.com.mx\\\/#\\\/schema\\\/logo\\\/image\\\/\",\"url\":\"https:\\\/\\\/fuentesfidedignas.com.mx\\\/wp-content\\\/uploads\\\/2021\\\/04\\\/logo-retina.png\",\"contentUrl\":\"https:\\\/\\\/fuentesfidedignas.com.mx\\\/wp-content\\\/uploads\\\/2021\\\/04\\\/logo-retina.png\",\"width\":280,\"height\":51,\"caption\":\"Fuentes Fidedignas\"},\"image\":{\"@id\":\"https:\\\/\\\/fuentesfidedignas.com.mx\\\/#\\\/schema\\\/logo\\\/image\\\/\"},\"sameAs\":[\"https:\\\/\\\/www.facebook.com\\\/Fuentes-Fidedignas-368234489921644\",\"https:\\\/\\\/x.com\\\/fidedignas\"]},{\"@type\":\"Person\",\"@id\":\"https:\\\/\\\/fuentesfidedignas.com.mx\\\/#\\\/schema\\\/person\\\/8575896a7c1067d352f6c1cd6582c389\",\"name\":\"Infobae\",\"image\":{\"@type\":\"ImageObject\",\"inLanguage\":\"es\",\"@id\":\"https:\\\/\\\/secure.gravatar.com\\\/avatar\\\/e4ec95706f8d1670343f6526fdcec45474bab17475a851434a64ca12b5acba1c?s=96&d=mm&r=g\",\"url\":\"https:\\\/\\\/secure.gravatar.com\\\/avatar\\\/e4ec95706f8d1670343f6526fdcec45474bab17475a851434a64ca12b5acba1c?s=96&d=mm&r=g\",\"contentUrl\":\"https:\\\/\\\/secure.gravatar.com\\\/avatar\\\/e4ec95706f8d1670343f6526fdcec45474bab17475a851434a64ca12b5acba1c?s=96&d=mm&r=g\",\"caption\":\"Infobae\"},\"url\":\"https:\\\/\\\/fuentesfidedignas.com.mx\\\/index.php\\\/author\\\/infobae\\\/\"}]}<\/script>\n<!-- \/ Yoast SEO plugin. -->","yoast_head_json":{"title":"VIDEO: CJNG exhibi\u00f3 su ej\u00e9rcito y arremeti\u00f3 contra mandos de la Guardia Nacional - Fuentes Fidedignas","robots":{"index":"index","follow":"follow","max-snippet":"max-snippet:-1","max-image-preview":"max-image-preview:large","max-video-preview":"max-video-preview:-1"},"canonical":"https:\/\/fuentesfidedignas.com.mx\/index.php\/2022\/05\/25\/video-cjng-exhibio-su-ejercito-y-arremetio-contra-mandos-de-la-guardia-nacional\/","og_locale":"es_MX","og_type":"article","og_title":"VIDEO: CJNG exhibi\u00f3 su ej\u00e9rcito y arremeti\u00f3 contra mandos de la Guardia Nacional - Fuentes Fidedignas","og_description":"El grupo criminal del \u201cMencho\u201d acus\u00f3 protecci\u00f3n a sus rivales en la zona de Teocaltiche y Villa Hidalgo, en la frontera de Jalisco Ciudad de M\u00e9xico.- El C\u00e1rtel Jalisco Nueva Generaci\u00f3n (CJNG) volvi\u00f3 a mostrar su poder\u00edo de fuego con decenas de integrantes armados que acusaron protecci\u00f3n a sus rivales por parte de mandos de [&hellip;]","og_url":"https:\/\/fuentesfidedignas.com.mx\/index.php\/2022\/05\/25\/video-cjng-exhibio-su-ejercito-y-arremetio-contra-mandos-de-la-guardia-nacional\/","og_site_name":"Fuentes Fidedignas","article_publisher":"https:\/\/www.facebook.com\/Fuentes-Fidedignas-368234489921644","article_published_time":"2022-05-25T20:43:49+00:00","article_modified_time":"2022-05-25T21:22:32+00:00","og_image":[{"width":1733,"height":961,"url":"https:\/\/fuentesfidedignas.com.mx\/wp-content\/uploads\/2022\/05\/CARTEL_JNG.jpg","type":"image\/jpeg"}],"author":"Infobae","twitter_card":"summary_large_image","twitter_creator":"@fidedignas","twitter_site":"@fidedignas","twitter_misc":{"Escrito por":"Infobae","Tiempo de lectura":"4 minutos"},"schema":{"@context":"https:\/\/schema.org","@graph":[{"@type":"Article","@id":"https:\/\/fuentesfidedignas.com.mx\/index.php\/2022\/05\/25\/video-cjng-exhibio-su-ejercito-y-arremetio-contra-mandos-de-la-guardia-nacional\/#article","isPartOf":{"@id":"https:\/\/fuentesfidedignas.com.mx\/index.php\/2022\/05\/25\/video-cjng-exhibio-su-ejercito-y-arremetio-contra-mandos-de-la-guardia-nacional\/"},"author":{"name":"Infobae","@id":"https:\/\/fuentesfidedignas.com.mx\/#\/schema\/person\/8575896a7c1067d352f6c1cd6582c389"},"headline":"VIDEO: CJNG exhibi\u00f3 su ej\u00e9rcito y arremeti\u00f3 contra mandos de la Guardia Nacional","datePublished":"2022-05-25T20:43:49+00:00","dateModified":"2022-05-25T21:22:32+00:00","mainEntityOfPage":{"@id":"https:\/\/fuentesfidedignas.com.mx\/index.php\/2022\/05\/25\/video-cjng-exhibio-su-ejercito-y-arremetio-contra-mandos-de-la-guardia-nacional\/"},"wordCount":751,"commentCount":0,"publisher":{"@id":"https:\/\/fuentesfidedignas.com.mx\/#organization"},"image":{"@id":"https:\/\/fuentesfidedignas.com.mx\/index.php\/2022\/05\/25\/video-cjng-exhibio-su-ejercito-y-arremetio-contra-mandos-de-la-guardia-nacional\/#primaryimage"},"thumbnailUrl":"https:\/\/fuentesfidedignas.com.mx\/wp-content\/uploads\/2022\/05\/CARTEL_JNG.jpg","articleSection":["NOTICIAS NACIONALES"],"inLanguage":"es","potentialAction":[{"@type":"CommentAction","name":"Comment","target":["https:\/\/fuentesfidedignas.com.mx\/index.php\/2022\/05\/25\/video-cjng-exhibio-su-ejercito-y-arremetio-contra-mandos-de-la-guardia-nacional\/#respond"]}]},{"@type":"WebPage","@id":"https:\/\/fuentesfidedignas.com.mx\/index.php\/2022\/05\/25\/video-cjng-exhibio-su-ejercito-y-arremetio-contra-mandos-de-la-guardia-nacional\/","url":"https:\/\/fuentesfidedignas.com.mx\/index.php\/2022\/05\/25\/video-cjng-exhibio-su-ejercito-y-arremetio-contra-mandos-de-la-guardia-nacional\/","name":"VIDEO: CJNG exhibi\u00f3 su ej\u00e9rcito y arremeti\u00f3 contra mandos de la Guardia Nacional - Fuentes Fidedignas","isPartOf":{"@id":"https:\/\/fuentesfidedignas.com.mx\/#website"},"primaryImageOfPage":{"@id":"https:\/\/fuentesfidedignas.com.mx\/index.php\/2022\/05\/25\/video-cjng-exhibio-su-ejercito-y-arremetio-contra-mandos-de-la-guardia-nacional\/#primaryimage"},"image":{"@id":"https:\/\/fuentesfidedignas.com.mx\/index.php\/2022\/05\/25\/video-cjng-exhibio-su-ejercito-y-arremetio-contra-mandos-de-la-guardia-nacional\/#primaryimage"},"thumbnailUrl":"https:\/\/fuentesfidedignas.com.mx\/wp-content\/uploads\/2022\/05\/CARTEL_JNG.jpg","datePublished":"2022-05-25T20:43:49+00:00","dateModified":"2022-05-25T21:22:32+00:00","breadcrumb":{"@id":"https:\/\/fuentesfidedignas.com.mx\/index.php\/2022\/05\/25\/video-cjng-exhibio-su-ejercito-y-arremetio-contra-mandos-de-la-guardia-nacional\/#breadcrumb"},"inLanguage":"es","potentialAction":[{"@type":"ReadAction","target":["https:\/\/fuentesfidedignas.com.mx\/index.php\/2022\/05\/25\/video-cjng-exhibio-su-ejercito-y-arremetio-contra-mandos-de-la-guardia-nacional\/"]}]},{"@type":"ImageObject","inLanguage":"es","@id":"https:\/\/fuentesfidedignas.com.mx\/index.php\/2022\/05\/25\/video-cjng-exhibio-su-ejercito-y-arremetio-contra-mandos-de-la-guardia-nacional\/#primaryimage","url":"https:\/\/fuentesfidedignas.com.mx\/wp-content\/uploads\/2022\/05\/CARTEL_JNG.jpg","contentUrl":"https:\/\/fuentesfidedignas.com.mx\/wp-content\/uploads\/2022\/05\/CARTEL_JNG.jpg","width":1733,"height":961},{"@type":"BreadcrumbList","@id":"https:\/\/fuentesfidedignas.com.mx\/index.php\/2022\/05\/25\/video-cjng-exhibio-su-ejercito-y-arremetio-contra-mandos-de-la-guardia-nacional\/#breadcrumb","itemListElement":[{"@type":"ListItem","position":1,"name":"Inicio","item":"https:\/\/fuentesfidedignas.com.mx\/"},{"@type":"ListItem","position":2,"name":"VIDEO: CJNG exhibi\u00f3 su ej\u00e9rcito y arremeti\u00f3 contra mandos de la Guardia Nacional"}]},{"@type":"WebSite","@id":"https:\/\/fuentesfidedignas.com.mx\/#website","url":"https:\/\/fuentesfidedignas.com.mx\/","name":"Fuentes Fidedignas","description":"Otro sitio realizado con WordPress","publisher":{"@id":"https:\/\/fuentesfidedignas.com.mx\/#organization"},"potentialAction":[{"@type":"SearchAction","target":{"@type":"EntryPoint","urlTemplate":"https:\/\/fuentesfidedignas.com.mx\/?s={search_term_string}"},"query-input":{"@type":"PropertyValueSpecification","valueRequired":true,"valueName":"search_term_string"}}],"inLanguage":"es"},{"@type":"Organization","@id":"https:\/\/fuentesfidedignas.com.mx\/#organization","name":"Fuentes Fidedignas","url":"https:\/\/fuentesfidedignas.com.mx\/","logo":{"@type":"ImageObject","inLanguage":"es","@id":"https:\/\/fuentesfidedignas.com.mx\/#\/schema\/logo\/image\/","url":"https:\/\/fuentesfidedignas.com.mx\/wp-content\/uploads\/2021\/04\/logo-retina.png","contentUrl":"https:\/\/fuentesfidedignas.com.mx\/wp-content\/uploads\/2021\/04\/logo-retina.png","width":280,"height":51,"caption":"Fuentes Fidedignas"},"image":{"@id":"https:\/\/fuentesfidedignas.com.mx\/#\/schema\/logo\/image\/"},"sameAs":["https:\/\/www.facebook.com\/Fuentes-Fidedignas-368234489921644","https:\/\/x.com\/fidedignas"]},{"@type":"Person","@id":"https:\/\/fuentesfidedignas.com.mx\/#\/schema\/person\/8575896a7c1067d352f6c1cd6582c389","name":"Infobae","image":{"@type":"ImageObject","inLanguage":"es","@id":"https:\/\/secure.gravatar.com\/avatar\/e4ec95706f8d1670343f6526fdcec45474bab17475a851434a64ca12b5acba1c?s=96&d=mm&r=g","url":"https:\/\/secure.gravatar.com\/avatar\/e4ec95706f8d1670343f6526fdcec45474bab17475a851434a64ca12b5acba1c?s=96&d=mm&r=g","contentUrl":"https:\/\/secure.gravatar.com\/avatar\/e4ec95706f8d1670343f6526fdcec45474bab17475a851434a64ca12b5acba1c?s=96&d=mm&r=g","caption":"Infobae"},"url":"https:\/\/fuentesfidedignas.com.mx\/index.php\/author\/infobae\/"}]}},"_links":{"self":[{"href":"https:\/\/fuentesfidedignas.com.mx\/index.php\/wp-json\/wp\/v2\/posts\/32455","targetHints":{"allow":["GET"]}}],"collection":[{"href":"https:\/\/fuentesfidedignas.com.mx\/index.php\/wp-json\/wp\/v2\/posts"}],"about":[{"href":"https:\/\/fuentesfidedignas.com.mx\/index.php\/wp-json\/wp\/v2\/types\/post"}],"author":[{"embeddable":true,"href":"https:\/\/fuentesfidedignas.com.mx\/index.php\/wp-json\/wp\/v2\/users\/41"}],"replies":[{"embeddable":true,"href":"https:\/\/fuentesfidedignas.com.mx\/index.php\/wp-json\/wp\/v2\/comments?post=32455"}],"version-history":[{"count":3,"href":"https:\/\/fuentesfidedignas.com.mx\/index.php\/wp-json\/wp\/v2\/posts\/32455\/revisions"}],"predecessor-version":[{"id":32460,"href":"https:\/\/fuentesfidedignas.com.mx\/index.php\/wp-json\/wp\/v2\/posts\/32455\/revisions\/32460"}],"wp:featuredmedia":[{"embeddable":true,"href":"https:\/\/fuentesfidedignas.com.mx\/index.php\/wp-json\/wp\/v2\/media\/32457"}],"wp:attachment":[{"href":"https:\/\/fuentesfidedignas.com.mx\/index.php\/wp-json\/wp\/v2\/media?parent=32455"}],"wp:term":[{"taxonomy":"category","embeddable":true,"href":"https:\/\/fuentesfidedignas.com.mx\/index.php\/wp-json\/wp\/v2\/categories?post=32455"},{"taxonomy":"post_tag","embeddable":true,"href":"https:\/\/fuentesfidedignas.com.mx\/index.php\/wp-json\/wp\/v2\/tags?post=32455"}],"curies":[{"name":"wp","href":"https:\/\/api.w.org\/{rel}","templated":true}]}}