{"id":32441,"date":"2022-05-25T13:02:05","date_gmt":"2022-05-25T19:02:05","guid":{"rendered":"https:\/\/fuentesfidedignas.com.mx\/?p=32441"},"modified":"2022-05-25T13:03:12","modified_gmt":"2022-05-25T19:03:12","slug":"seis-muertos-y-15-heridos-deja-volcadura-de-autobus-que-trasladaba-migrantes-en-slp","status":"publish","type":"post","link":"https:\/\/fuentesfidedignas.com.mx\/index.php\/2022\/05\/25\/seis-muertos-y-15-heridos-deja-volcadura-de-autobus-que-trasladaba-migrantes-en-slp\/","title":{"rendered":"Seis muertos y 15 heridos deja volcadura de autob\u00fas que trasladaba migrantes en SLP"},"content":{"rendered":"\n<p><strong><em>Un autob\u00fas de pasajeros volc\u00f3 en el municipio de Mexquitic de Carmona, dejando un saldo de por lo menos seis personas sin vida y decenas de heridos, todos migrantes.<\/em><\/strong><\/p>\n\n\n\n<p>Ciudad de M\u00e9xico.- Cerca del mediod\u00eda de este 25 de mayo se report\u00f3 un accidente carretero que dej\u00f3 al menos a seis personas fallecidas y m\u00e1s de 30 heridos.<\/p>\n\n\n\n<p>Los hechos se dieron tras la volcadura de un autob\u00fas de pasajeros que se sali\u00f3 de la carpeta asf\u00e1ltica y cay\u00f3 a un barranco en a carretera San Luis Potos\u00ed-Zacatecas, a la altura de la localidad de Milpillas, en el municipio de Mexquitic de Carmona.<\/p>\n\n\n\n<p>De acuerdo con medios locales, las v\u00edctimas mortales y lesionados eran migrantes indocumentados procedentes de El Salvador, Honduras y Cuba.<\/p>\n\n\n\n<p>Al lugar acudieron cuerpos de rescate municipales, as\u00ed como del gobierno de San Luis Potos\u00ed, para realizar las labores de rescate. Los lesionados fueron trasladadas al Hospital Central de la capital potosina; cuatro de ellos se encuentran en estado grave.<\/p>\n\n\n\n<figure class=\"wp-block-image\"><img decoding=\"async\" src=\"https:\/\/cloudfront-us-east-1.images.arcpublishing.com\/infobae\/UDVCQBUKGRBRPI5NAOJBBSX3JM.jpg\" alt=\"Se presume que en el autob\u00fas viajaban inmigrantes indocumentados (Foto: Twitter @GN_Carreteras)\"\/><\/figure>\n\n\n\n<p>Alrededor de las 12:15 de la ma\u00f1ana, la Guardia Nacional (GN) inform\u00f3 que sus elementos, junto con cuerpos de emergencia, ya se encontraban en el lugar de los hechos.<\/p>\n\n\n\n<p>Mismo caso con, Seguridad P\u00fablica y Tr\u00e1nsito Municipal confirm\u00f3 el incidente en redes sociales, detallando que la unidad habr\u00eda ca\u00eddo desde una altura de 30 a 50 metros de altura; agreg\u00f3 que la hab\u00eda partido desde Zacatepec, en Estado de M\u00e9xico (Edomex) con rumbo a los Estados Unidos.<\/p>\n\n\n\n<p>Cabe se\u00f1alar que hace tres d\u00edas, el 22 de mayo pasado, tambi\u00e9n se report\u00f3 un accidente de tr\u00e1nsito, en Chiapas, en el que murieron seis migrantes y 16 personas resultaron heridas.<\/p>\n\n\n\n<p>El accidente tuvo lugar pasada la medianoche en el municipio de San Juan Chamula, una zona monta\u00f1osa de los Altos de Chiapas, que es una de las rutas de tr\u00e1fico de migrantes hacia Estados Unidos.<\/p>\n\n\n\n<p>Seg\u00fan el informe de la Fiscal\u00eda General del Estado (FGE), las cuatro v\u00edctimas mortales eran masculinos, pero no se indic\u00f3 la nacionalidad. Mientras que de las personas heridas, nueve eran de Honduras, cuatro de Guatemala, una de Nicaragua y otra de Ecuador. Todas fueron trasladadas a hospitales de la zona, aunque una de ellas ingres\u00f3 en calidad desconocida. <\/p>\n\n\n\n<p>Los traficantes de migrantes pueden trasladar peque\u00f1os grupos o a veces hasta 20 o 30 personas hacinadas en este tipo de veh\u00edculos que son los m\u00e1s utilizados para mover a los migrantes por las estrechas carreteras de monta\u00f1a. Algunos siguen en ellos en todo el trayecto hasta la frontera con Estados Unidos y otros son transportados parte del camino en grandes trailers.<\/p>\n\n\n\n<p>Uno de esos grandes camiones protagoniz\u00f3 el pasado mes de diciembre el accidente de migrantes m\u00e1s grave de la historia reciente, ya que el trailer con m\u00e1s de 150 personas a bordo \u2014en su mayor\u00eda guatemaltecos\u2014 volc\u00f3 en otra carretera de Chiapas, cerca de la capital Tuxtla Guti\u00e9rrez, dejando 56 muertos, 46 que perdieron la vida en el lugar y el resto en los hospitales.<\/p>\n\n\n\n<p>Chiapas, estado fronterizo con Guatemala, es una de las principales rutas de entrada de migrantes que quieren llegar a Estados Unidos y para ello los traficantes los transportan por todas las v\u00edas posibles: en grandes trailers, en peque\u00f1as furgonetas, en camiones de todo tipo camuflados a veces como veh\u00edculos oficiales, en taxis e incluso en falsas ambulancias o hasta en motocicleta.<\/p>\n","protected":false},"excerpt":{"rendered":"<p>Un autob\u00fas de pasajeros volc\u00f3 en el municipio de Mexquitic de Carmona, dejando un saldo de por lo menos seis personas sin vida y decenas de heridos, todos migrantes. Ciudad de M\u00e9xico.- Cerca del mediod\u00eda de este 25 de mayo se report\u00f3 un accidente carretero que dej\u00f3 al menos a seis personas fallecidas y m\u00e1s [&hellip;]<\/p>\n","protected":false},"author":41,"featured_media":32442,"comment_status":"open","ping_status":"open","sticky":false,"template":"","format":"standard","meta":{"tdm_status":"","tdm_grid_status":"","footnotes":""},"categories":[39],"tags":[],"class_list":{"0":"post-32441","1":"post","2":"type-post","3":"status-publish","4":"format-standard","5":"has-post-thumbnail","7":"category-noticias-nacionales"},"yoast_head":"<!-- This site is optimized with the Yoast SEO plugin v27.5 - https:\/\/yoast.com\/product\/yoast-seo-wordpress\/ -->\n<title>Seis muertos y 15 heridos deja volcadura de autob\u00fas que trasladaba migrantes en SLP - Fuentes Fidedignas<\/title>\n<meta name=\"robots\" content=\"index, follow, max-snippet:-1, max-image-preview:large, max-video-preview:-1\" \/>\n<link rel=\"canonical\" href=\"https:\/\/fuentesfidedignas.com.mx\/index.php\/2022\/05\/25\/seis-muertos-y-15-heridos-deja-volcadura-de-autobus-que-trasladaba-migrantes-en-slp\/\" \/>\n<meta property=\"og:locale\" content=\"es_MX\" \/>\n<meta property=\"og:type\" content=\"article\" \/>\n<meta property=\"og:title\" content=\"Seis muertos y 15 heridos deja volcadura de autob\u00fas que trasladaba migrantes en SLP - Fuentes Fidedignas\" \/>\n<meta property=\"og:description\" content=\"Un autob\u00fas de pasajeros volc\u00f3 en el municipio de Mexquitic de Carmona, dejando un saldo de por lo menos seis personas sin vida y decenas de heridos, todos migrantes. Ciudad de M\u00e9xico.- Cerca del mediod\u00eda de este 25 de mayo se report\u00f3 un accidente carretero que dej\u00f3 al menos a seis personas fallecidas y m\u00e1s [&hellip;]\" \/>\n<meta property=\"og:url\" content=\"https:\/\/fuentesfidedignas.com.mx\/index.php\/2022\/05\/25\/seis-muertos-y-15-heridos-deja-volcadura-de-autobus-que-trasladaba-migrantes-en-slp\/\" \/>\n<meta property=\"og:site_name\" content=\"Fuentes Fidedignas\" \/>\n<meta property=\"article:publisher\" content=\"https:\/\/www.facebook.com\/Fuentes-Fidedignas-368234489921644\" \/>\n<meta property=\"article:published_time\" content=\"2022-05-25T19:02:05+00:00\" \/>\n<meta property=\"article:modified_time\" content=\"2022-05-25T19:03:12+00:00\" \/>\n<meta property=\"og:image\" content=\"https:\/\/fuentesfidedignas.com.mx\/wp-content\/uploads\/2022\/05\/ACCIDENTE_ZCT.jpg\" \/>\n\t<meta property=\"og:image:width\" content=\"800\" \/>\n\t<meta property=\"og:image:height\" content=\"600\" \/>\n\t<meta property=\"og:image:type\" content=\"image\/jpeg\" \/>\n<meta name=\"author\" content=\"Infobae\" \/>\n<meta name=\"twitter:card\" content=\"summary_large_image\" \/>\n<meta name=\"twitter:creator\" content=\"@fidedignas\" \/>\n<meta name=\"twitter:site\" content=\"@fidedignas\" \/>\n<meta name=\"twitter:label1\" content=\"Escrito por\" \/>\n\t<meta name=\"twitter:data1\" content=\"Infobae\" \/>\n\t<meta name=\"twitter:label2\" content=\"Tiempo de lectura\" \/>\n\t<meta name=\"twitter:data2\" content=\"3 minutos\" \/>\n<script type=\"application\/ld+json\" class=\"yoast-schema-graph\">{\"@context\":\"https:\\\/\\\/schema.org\",\"@graph\":[{\"@type\":\"Article\",\"@id\":\"https:\\\/\\\/fuentesfidedignas.com.mx\\\/index.php\\\/2022\\\/05\\\/25\\\/seis-muertos-y-15-heridos-deja-volcadura-de-autobus-que-trasladaba-migrantes-en-slp\\\/#article\",\"isPartOf\":{\"@id\":\"https:\\\/\\\/fuentesfidedignas.com.mx\\\/index.php\\\/2022\\\/05\\\/25\\\/seis-muertos-y-15-heridos-deja-volcadura-de-autobus-que-trasladaba-migrantes-en-slp\\\/\"},\"author\":{\"name\":\"Infobae\",\"@id\":\"https:\\\/\\\/fuentesfidedignas.com.mx\\\/#\\\/schema\\\/person\\\/8575896a7c1067d352f6c1cd6582c389\"},\"headline\":\"Seis muertos y 15 heridos deja volcadura de autob\u00fas que trasladaba migrantes en SLP\",\"datePublished\":\"2022-05-25T19:02:05+00:00\",\"dateModified\":\"2022-05-25T19:03:12+00:00\",\"mainEntityOfPage\":{\"@id\":\"https:\\\/\\\/fuentesfidedignas.com.mx\\\/index.php\\\/2022\\\/05\\\/25\\\/seis-muertos-y-15-heridos-deja-volcadura-de-autobus-que-trasladaba-migrantes-en-slp\\\/\"},\"wordCount\":590,\"commentCount\":0,\"publisher\":{\"@id\":\"https:\\\/\\\/fuentesfidedignas.com.mx\\\/#organization\"},\"image\":{\"@id\":\"https:\\\/\\\/fuentesfidedignas.com.mx\\\/index.php\\\/2022\\\/05\\\/25\\\/seis-muertos-y-15-heridos-deja-volcadura-de-autobus-que-trasladaba-migrantes-en-slp\\\/#primaryimage\"},\"thumbnailUrl\":\"https:\\\/\\\/fuentesfidedignas.com.mx\\\/wp-content\\\/uploads\\\/2022\\\/05\\\/ACCIDENTE_ZCT.jpg\",\"articleSection\":[\"NOTICIAS NACIONALES\"],\"inLanguage\":\"es\",\"potentialAction\":[{\"@type\":\"CommentAction\",\"name\":\"Comment\",\"target\":[\"https:\\\/\\\/fuentesfidedignas.com.mx\\\/index.php\\\/2022\\\/05\\\/25\\\/seis-muertos-y-15-heridos-deja-volcadura-de-autobus-que-trasladaba-migrantes-en-slp\\\/#respond\"]}]},{\"@type\":\"WebPage\",\"@id\":\"https:\\\/\\\/fuentesfidedignas.com.mx\\\/index.php\\\/2022\\\/05\\\/25\\\/seis-muertos-y-15-heridos-deja-volcadura-de-autobus-que-trasladaba-migrantes-en-slp\\\/\",\"url\":\"https:\\\/\\\/fuentesfidedignas.com.mx\\\/index.php\\\/2022\\\/05\\\/25\\\/seis-muertos-y-15-heridos-deja-volcadura-de-autobus-que-trasladaba-migrantes-en-slp\\\/\",\"name\":\"Seis muertos y 15 heridos deja volcadura de autob\u00fas que trasladaba migrantes en SLP - Fuentes Fidedignas\",\"isPartOf\":{\"@id\":\"https:\\\/\\\/fuentesfidedignas.com.mx\\\/#website\"},\"primaryImageOfPage\":{\"@id\":\"https:\\\/\\\/fuentesfidedignas.com.mx\\\/index.php\\\/2022\\\/05\\\/25\\\/seis-muertos-y-15-heridos-deja-volcadura-de-autobus-que-trasladaba-migrantes-en-slp\\\/#primaryimage\"},\"image\":{\"@id\":\"https:\\\/\\\/fuentesfidedignas.com.mx\\\/index.php\\\/2022\\\/05\\\/25\\\/seis-muertos-y-15-heridos-deja-volcadura-de-autobus-que-trasladaba-migrantes-en-slp\\\/#primaryimage\"},\"thumbnailUrl\":\"https:\\\/\\\/fuentesfidedignas.com.mx\\\/wp-content\\\/uploads\\\/2022\\\/05\\\/ACCIDENTE_ZCT.jpg\",\"datePublished\":\"2022-05-25T19:02:05+00:00\",\"dateModified\":\"2022-05-25T19:03:12+00:00\",\"breadcrumb\":{\"@id\":\"https:\\\/\\\/fuentesfidedignas.com.mx\\\/index.php\\\/2022\\\/05\\\/25\\\/seis-muertos-y-15-heridos-deja-volcadura-de-autobus-que-trasladaba-migrantes-en-slp\\\/#breadcrumb\"},\"inLanguage\":\"es\",\"potentialAction\":[{\"@type\":\"ReadAction\",\"target\":[\"https:\\\/\\\/fuentesfidedignas.com.mx\\\/index.php\\\/2022\\\/05\\\/25\\\/seis-muertos-y-15-heridos-deja-volcadura-de-autobus-que-trasladaba-migrantes-en-slp\\\/\"]}]},{\"@type\":\"ImageObject\",\"inLanguage\":\"es\",\"@id\":\"https:\\\/\\\/fuentesfidedignas.com.mx\\\/index.php\\\/2022\\\/05\\\/25\\\/seis-muertos-y-15-heridos-deja-volcadura-de-autobus-que-trasladaba-migrantes-en-slp\\\/#primaryimage\",\"url\":\"https:\\\/\\\/fuentesfidedignas.com.mx\\\/wp-content\\\/uploads\\\/2022\\\/05\\\/ACCIDENTE_ZCT.jpg\",\"contentUrl\":\"https:\\\/\\\/fuentesfidedignas.com.mx\\\/wp-content\\\/uploads\\\/2022\\\/05\\\/ACCIDENTE_ZCT.jpg\",\"width\":800,\"height\":600},{\"@type\":\"BreadcrumbList\",\"@id\":\"https:\\\/\\\/fuentesfidedignas.com.mx\\\/index.php\\\/2022\\\/05\\\/25\\\/seis-muertos-y-15-heridos-deja-volcadura-de-autobus-que-trasladaba-migrantes-en-slp\\\/#breadcrumb\",\"itemListElement\":[{\"@type\":\"ListItem\",\"position\":1,\"name\":\"Inicio\",\"item\":\"https:\\\/\\\/fuentesfidedignas.com.mx\\\/\"},{\"@type\":\"ListItem\",\"position\":2,\"name\":\"Seis muertos y 15 heridos deja volcadura de autob\u00fas que trasladaba migrantes en SLP\"}]},{\"@type\":\"WebSite\",\"@id\":\"https:\\\/\\\/fuentesfidedignas.com.mx\\\/#website\",\"url\":\"https:\\\/\\\/fuentesfidedignas.com.mx\\\/\",\"name\":\"Fuentes Fidedignas\",\"description\":\"Otro sitio realizado con WordPress\",\"publisher\":{\"@id\":\"https:\\\/\\\/fuentesfidedignas.com.mx\\\/#organization\"},\"potentialAction\":[{\"@type\":\"SearchAction\",\"target\":{\"@type\":\"EntryPoint\",\"urlTemplate\":\"https:\\\/\\\/fuentesfidedignas.com.mx\\\/?s={search_term_string}\"},\"query-input\":{\"@type\":\"PropertyValueSpecification\",\"valueRequired\":true,\"valueName\":\"search_term_string\"}}],\"inLanguage\":\"es\"},{\"@type\":\"Organization\",\"@id\":\"https:\\\/\\\/fuentesfidedignas.com.mx\\\/#organization\",\"name\":\"Fuentes Fidedignas\",\"url\":\"https:\\\/\\\/fuentesfidedignas.com.mx\\\/\",\"logo\":{\"@type\":\"ImageObject\",\"inLanguage\":\"es\",\"@id\":\"https:\\\/\\\/fuentesfidedignas.com.mx\\\/#\\\/schema\\\/logo\\\/image\\\/\",\"url\":\"https:\\\/\\\/fuentesfidedignas.com.mx\\\/wp-content\\\/uploads\\\/2021\\\/04\\\/logo-retina.png\",\"contentUrl\":\"https:\\\/\\\/fuentesfidedignas.com.mx\\\/wp-content\\\/uploads\\\/2021\\\/04\\\/logo-retina.png\",\"width\":280,\"height\":51,\"caption\":\"Fuentes Fidedignas\"},\"image\":{\"@id\":\"https:\\\/\\\/fuentesfidedignas.com.mx\\\/#\\\/schema\\\/logo\\\/image\\\/\"},\"sameAs\":[\"https:\\\/\\\/www.facebook.com\\\/Fuentes-Fidedignas-368234489921644\",\"https:\\\/\\\/x.com\\\/fidedignas\"]},{\"@type\":\"Person\",\"@id\":\"https:\\\/\\\/fuentesfidedignas.com.mx\\\/#\\\/schema\\\/person\\\/8575896a7c1067d352f6c1cd6582c389\",\"name\":\"Infobae\",\"image\":{\"@type\":\"ImageObject\",\"inLanguage\":\"es\",\"@id\":\"https:\\\/\\\/secure.gravatar.com\\\/avatar\\\/e4ec95706f8d1670343f6526fdcec45474bab17475a851434a64ca12b5acba1c?s=96&d=mm&r=g\",\"url\":\"https:\\\/\\\/secure.gravatar.com\\\/avatar\\\/e4ec95706f8d1670343f6526fdcec45474bab17475a851434a64ca12b5acba1c?s=96&d=mm&r=g\",\"contentUrl\":\"https:\\\/\\\/secure.gravatar.com\\\/avatar\\\/e4ec95706f8d1670343f6526fdcec45474bab17475a851434a64ca12b5acba1c?s=96&d=mm&r=g\",\"caption\":\"Infobae\"},\"url\":\"https:\\\/\\\/fuentesfidedignas.com.mx\\\/index.php\\\/author\\\/infobae\\\/\"}]}<\/script>\n<!-- \/ Yoast SEO plugin. -->","yoast_head_json":{"title":"Seis muertos y 15 heridos deja volcadura de autob\u00fas que trasladaba migrantes en SLP - Fuentes Fidedignas","robots":{"index":"index","follow":"follow","max-snippet":"max-snippet:-1","max-image-preview":"max-image-preview:large","max-video-preview":"max-video-preview:-1"},"canonical":"https:\/\/fuentesfidedignas.com.mx\/index.php\/2022\/05\/25\/seis-muertos-y-15-heridos-deja-volcadura-de-autobus-que-trasladaba-migrantes-en-slp\/","og_locale":"es_MX","og_type":"article","og_title":"Seis muertos y 15 heridos deja volcadura de autob\u00fas que trasladaba migrantes en SLP - Fuentes Fidedignas","og_description":"Un autob\u00fas de pasajeros volc\u00f3 en el municipio de Mexquitic de Carmona, dejando un saldo de por lo menos seis personas sin vida y decenas de heridos, todos migrantes. Ciudad de M\u00e9xico.- Cerca del mediod\u00eda de este 25 de mayo se report\u00f3 un accidente carretero que dej\u00f3 al menos a seis personas fallecidas y m\u00e1s [&hellip;]","og_url":"https:\/\/fuentesfidedignas.com.mx\/index.php\/2022\/05\/25\/seis-muertos-y-15-heridos-deja-volcadura-de-autobus-que-trasladaba-migrantes-en-slp\/","og_site_name":"Fuentes Fidedignas","article_publisher":"https:\/\/www.facebook.com\/Fuentes-Fidedignas-368234489921644","article_published_time":"2022-05-25T19:02:05+00:00","article_modified_time":"2022-05-25T19:03:12+00:00","og_image":[{"width":800,"height":600,"url":"https:\/\/fuentesfidedignas.com.mx\/wp-content\/uploads\/2022\/05\/ACCIDENTE_ZCT.jpg","type":"image\/jpeg"}],"author":"Infobae","twitter_card":"summary_large_image","twitter_creator":"@fidedignas","twitter_site":"@fidedignas","twitter_misc":{"Escrito por":"Infobae","Tiempo de lectura":"3 minutos"},"schema":{"@context":"https:\/\/schema.org","@graph":[{"@type":"Article","@id":"https:\/\/fuentesfidedignas.com.mx\/index.php\/2022\/05\/25\/seis-muertos-y-15-heridos-deja-volcadura-de-autobus-que-trasladaba-migrantes-en-slp\/#article","isPartOf":{"@id":"https:\/\/fuentesfidedignas.com.mx\/index.php\/2022\/05\/25\/seis-muertos-y-15-heridos-deja-volcadura-de-autobus-que-trasladaba-migrantes-en-slp\/"},"author":{"name":"Infobae","@id":"https:\/\/fuentesfidedignas.com.mx\/#\/schema\/person\/8575896a7c1067d352f6c1cd6582c389"},"headline":"Seis muertos y 15 heridos deja volcadura de autob\u00fas que trasladaba migrantes en SLP","datePublished":"2022-05-25T19:02:05+00:00","dateModified":"2022-05-25T19:03:12+00:00","mainEntityOfPage":{"@id":"https:\/\/fuentesfidedignas.com.mx\/index.php\/2022\/05\/25\/seis-muertos-y-15-heridos-deja-volcadura-de-autobus-que-trasladaba-migrantes-en-slp\/"},"wordCount":590,"commentCount":0,"publisher":{"@id":"https:\/\/fuentesfidedignas.com.mx\/#organization"},"image":{"@id":"https:\/\/fuentesfidedignas.com.mx\/index.php\/2022\/05\/25\/seis-muertos-y-15-heridos-deja-volcadura-de-autobus-que-trasladaba-migrantes-en-slp\/#primaryimage"},"thumbnailUrl":"https:\/\/fuentesfidedignas.com.mx\/wp-content\/uploads\/2022\/05\/ACCIDENTE_ZCT.jpg","articleSection":["NOTICIAS NACIONALES"],"inLanguage":"es","potentialAction":[{"@type":"CommentAction","name":"Comment","target":["https:\/\/fuentesfidedignas.com.mx\/index.php\/2022\/05\/25\/seis-muertos-y-15-heridos-deja-volcadura-de-autobus-que-trasladaba-migrantes-en-slp\/#respond"]}]},{"@type":"WebPage","@id":"https:\/\/fuentesfidedignas.com.mx\/index.php\/2022\/05\/25\/seis-muertos-y-15-heridos-deja-volcadura-de-autobus-que-trasladaba-migrantes-en-slp\/","url":"https:\/\/fuentesfidedignas.com.mx\/index.php\/2022\/05\/25\/seis-muertos-y-15-heridos-deja-volcadura-de-autobus-que-trasladaba-migrantes-en-slp\/","name":"Seis muertos y 15 heridos deja volcadura de autob\u00fas que trasladaba migrantes en SLP - Fuentes Fidedignas","isPartOf":{"@id":"https:\/\/fuentesfidedignas.com.mx\/#website"},"primaryImageOfPage":{"@id":"https:\/\/fuentesfidedignas.com.mx\/index.php\/2022\/05\/25\/seis-muertos-y-15-heridos-deja-volcadura-de-autobus-que-trasladaba-migrantes-en-slp\/#primaryimage"},"image":{"@id":"https:\/\/fuentesfidedignas.com.mx\/index.php\/2022\/05\/25\/seis-muertos-y-15-heridos-deja-volcadura-de-autobus-que-trasladaba-migrantes-en-slp\/#primaryimage"},"thumbnailUrl":"https:\/\/fuentesfidedignas.com.mx\/wp-content\/uploads\/2022\/05\/ACCIDENTE_ZCT.jpg","datePublished":"2022-05-25T19:02:05+00:00","dateModified":"2022-05-25T19:03:12+00:00","breadcrumb":{"@id":"https:\/\/fuentesfidedignas.com.mx\/index.php\/2022\/05\/25\/seis-muertos-y-15-heridos-deja-volcadura-de-autobus-que-trasladaba-migrantes-en-slp\/#breadcrumb"},"inLanguage":"es","potentialAction":[{"@type":"ReadAction","target":["https:\/\/fuentesfidedignas.com.mx\/index.php\/2022\/05\/25\/seis-muertos-y-15-heridos-deja-volcadura-de-autobus-que-trasladaba-migrantes-en-slp\/"]}]},{"@type":"ImageObject","inLanguage":"es","@id":"https:\/\/fuentesfidedignas.com.mx\/index.php\/2022\/05\/25\/seis-muertos-y-15-heridos-deja-volcadura-de-autobus-que-trasladaba-migrantes-en-slp\/#primaryimage","url":"https:\/\/fuentesfidedignas.com.mx\/wp-content\/uploads\/2022\/05\/ACCIDENTE_ZCT.jpg","contentUrl":"https:\/\/fuentesfidedignas.com.mx\/wp-content\/uploads\/2022\/05\/ACCIDENTE_ZCT.jpg","width":800,"height":600},{"@type":"BreadcrumbList","@id":"https:\/\/fuentesfidedignas.com.mx\/index.php\/2022\/05\/25\/seis-muertos-y-15-heridos-deja-volcadura-de-autobus-que-trasladaba-migrantes-en-slp\/#breadcrumb","itemListElement":[{"@type":"ListItem","position":1,"name":"Inicio","item":"https:\/\/fuentesfidedignas.com.mx\/"},{"@type":"ListItem","position":2,"name":"Seis muertos y 15 heridos deja volcadura de autob\u00fas que trasladaba migrantes en SLP"}]},{"@type":"WebSite","@id":"https:\/\/fuentesfidedignas.com.mx\/#website","url":"https:\/\/fuentesfidedignas.com.mx\/","name":"Fuentes Fidedignas","description":"Otro sitio realizado con WordPress","publisher":{"@id":"https:\/\/fuentesfidedignas.com.mx\/#organization"},"potentialAction":[{"@type":"SearchAction","target":{"@type":"EntryPoint","urlTemplate":"https:\/\/fuentesfidedignas.com.mx\/?s={search_term_string}"},"query-input":{"@type":"PropertyValueSpecification","valueRequired":true,"valueName":"search_term_string"}}],"inLanguage":"es"},{"@type":"Organization","@id":"https:\/\/fuentesfidedignas.com.mx\/#organization","name":"Fuentes Fidedignas","url":"https:\/\/fuentesfidedignas.com.mx\/","logo":{"@type":"ImageObject","inLanguage":"es","@id":"https:\/\/fuentesfidedignas.com.mx\/#\/schema\/logo\/image\/","url":"https:\/\/fuentesfidedignas.com.mx\/wp-content\/uploads\/2021\/04\/logo-retina.png","contentUrl":"https:\/\/fuentesfidedignas.com.mx\/wp-content\/uploads\/2021\/04\/logo-retina.png","width":280,"height":51,"caption":"Fuentes Fidedignas"},"image":{"@id":"https:\/\/fuentesfidedignas.com.mx\/#\/schema\/logo\/image\/"},"sameAs":["https:\/\/www.facebook.com\/Fuentes-Fidedignas-368234489921644","https:\/\/x.com\/fidedignas"]},{"@type":"Person","@id":"https:\/\/fuentesfidedignas.com.mx\/#\/schema\/person\/8575896a7c1067d352f6c1cd6582c389","name":"Infobae","image":{"@type":"ImageObject","inLanguage":"es","@id":"https:\/\/secure.gravatar.com\/avatar\/e4ec95706f8d1670343f6526fdcec45474bab17475a851434a64ca12b5acba1c?s=96&d=mm&r=g","url":"https:\/\/secure.gravatar.com\/avatar\/e4ec95706f8d1670343f6526fdcec45474bab17475a851434a64ca12b5acba1c?s=96&d=mm&r=g","contentUrl":"https:\/\/secure.gravatar.com\/avatar\/e4ec95706f8d1670343f6526fdcec45474bab17475a851434a64ca12b5acba1c?s=96&d=mm&r=g","caption":"Infobae"},"url":"https:\/\/fuentesfidedignas.com.mx\/index.php\/author\/infobae\/"}]}},"_links":{"self":[{"href":"https:\/\/fuentesfidedignas.com.mx\/index.php\/wp-json\/wp\/v2\/posts\/32441","targetHints":{"allow":["GET"]}}],"collection":[{"href":"https:\/\/fuentesfidedignas.com.mx\/index.php\/wp-json\/wp\/v2\/posts"}],"about":[{"href":"https:\/\/fuentesfidedignas.com.mx\/index.php\/wp-json\/wp\/v2\/types\/post"}],"author":[{"embeddable":true,"href":"https:\/\/fuentesfidedignas.com.mx\/index.php\/wp-json\/wp\/v2\/users\/41"}],"replies":[{"embeddable":true,"href":"https:\/\/fuentesfidedignas.com.mx\/index.php\/wp-json\/wp\/v2\/comments?post=32441"}],"version-history":[{"count":3,"href":"https:\/\/fuentesfidedignas.com.mx\/index.php\/wp-json\/wp\/v2\/posts\/32441\/revisions"}],"predecessor-version":[{"id":32445,"href":"https:\/\/fuentesfidedignas.com.mx\/index.php\/wp-json\/wp\/v2\/posts\/32441\/revisions\/32445"}],"wp:featuredmedia":[{"embeddable":true,"href":"https:\/\/fuentesfidedignas.com.mx\/index.php\/wp-json\/wp\/v2\/media\/32442"}],"wp:attachment":[{"href":"https:\/\/fuentesfidedignas.com.mx\/index.php\/wp-json\/wp\/v2\/media?parent=32441"}],"wp:term":[{"taxonomy":"category","embeddable":true,"href":"https:\/\/fuentesfidedignas.com.mx\/index.php\/wp-json\/wp\/v2\/categories?post=32441"},{"taxonomy":"post_tag","embeddable":true,"href":"https:\/\/fuentesfidedignas.com.mx\/index.php\/wp-json\/wp\/v2\/tags?post=32441"}],"curies":[{"name":"wp","href":"https:\/\/api.w.org\/{rel}","templated":true}]}}