{"id":32397,"date":"2022-05-25T10:48:46","date_gmt":"2022-05-25T16:48:46","guid":{"rendered":"https:\/\/fuentesfidedignas.com.mx\/?p=32397"},"modified":"2022-05-25T10:48:47","modified_gmt":"2022-05-25T16:48:47","slug":"asesinan-al-activista-humberto-valdovino-fuentes-en-oaxaca","status":"publish","type":"post","link":"https:\/\/fuentesfidedignas.com.mx\/index.php\/2022\/05\/25\/asesinan-al-activista-humberto-valdovino-fuentes-en-oaxaca\/","title":{"rendered":"Asesinan al activista Humberto Valdovino Fuentes en Oaxaca"},"content":{"rendered":"\n<p><strong><em>El <\/em><\/strong><em><strong>defensor del territorio y l\u00edder fundador de la Uni\u00f3n C\u00edvica Democr\u00e1tica de Barrios, Colonias y Comunidades, Humberto Valdovino Fuentes, fue ejecutado en Pinotepa Nacional<\/strong><\/em><\/p>\n\n\n\n<p>Oaxaca.- El defensor del territorio y l\u00edder fundador de la Uni\u00f3n C\u00edvica Democr\u00e1tica de Barrios, Colonias y Comunidades (UCIDEBACC), Humberto Valdovino Fuentes, fue ejecutado cuando viajaba en su motocicleta en el Barrio El Zapote de Pinotepa Nacional, confirmaron fuentes oficiales.<\/p>\n\n\n\n<p>Los hechos ocurrieron el lunes 23 de mayo alrededor de las 11:55 horas en la calle 5 Oriente esquina 12 Sur de la colonia el Zapote, perteneciente al municipio de Pinotepa Nacional, en la regi\u00f3n de la Costa.<\/p>\n\n\n\n<p>En un comunicado, la UCIDEBACC inform\u00f3 que el l\u00edder de su organizaci\u00f3n y defensor de los derechos de los pueblos ind\u00edgenas y afrodescendientes de la regi\u00f3n, sali\u00f3 de una reuni\u00f3n de trabajo cuando fue cobardemente asesinado por sujetos desconocidos.<\/p>\n\n\n\n<p>Hicieron un llamado urgente \u201ca todos y cada uno de quienes nos han acompa\u00f1ado en esta lucha justa y digna por nuestros derechos a que se mantengan alerta, ya que la embestida del Estado, sus cuerpos represores y los grupos criminales que act\u00faan como brazo operativo del gobierno han asesinado est\u00e1 ma\u00f1ana a nuestro hermano de lucha y tememos por la vida y la integridad de otros y otras dirigentes de nuestra organizaci\u00f3n\u201d.<\/p>\n\n\n\n<p>Por lo pronto, exigieron al gobierno estatal y federal castigo a los asesinos de Humberto Valdovino Fuentes y alto a la represi\u00f3n en contra de integrantes de la UCIDEBACC.<\/p>\n\n\n\n<p>Una de las dirigentes de la UCIDEBACC, Eva Lucero Rivero Ortiz, mencion\u00f3 que desde 2013 existe un hostigamiento sistem\u00e1tico en contra de los integrantes de esta organizaci\u00f3n con detenciones y ahora asesinatos.<\/p>\n\n\n\n<p>Resalt\u00f3 que este asesinato obedece a intereses del Estado porque en dos momentos anteriores, el 14 y 20 de mayo, ya se hab\u00edan implementado operativos de la polic\u00eda municipal y federal en la colonia UCIDEBACC en donde no solo colocaron filtros, sino que ingresaron para fotograf\u00edar a la gente.<\/p>\n\n\n\n<p>Hizo hincapi\u00e9 que Humberto Valdovino ha estado en la lucha de frente, es l\u00edder fundador de la UCIDEBACC y estuvo en los procesos organizativos y asumi\u00f3 responsabilidades importantes cuando fueron detenidos otros dirigentes, en s\u00edntesis, ha dado la cara y acompa\u00f1amiento de las comunidades.<\/p>\n","protected":false},"excerpt":{"rendered":"<p>El defensor del territorio y l\u00edder fundador de la Uni\u00f3n C\u00edvica Democr\u00e1tica de Barrios, Colonias y Comunidades, Humberto Valdovino Fuentes, fue ejecutado en Pinotepa Nacional Oaxaca.- El defensor del territorio y l\u00edder fundador de la Uni\u00f3n C\u00edvica Democr\u00e1tica de Barrios, Colonias y Comunidades (UCIDEBACC), Humberto Valdovino Fuentes, fue ejecutado cuando viajaba en su motocicleta en [&hellip;]<\/p>\n","protected":false},"author":50,"featured_media":32398,"comment_status":"open","ping_status":"open","sticky":false,"template":"","format":"standard","meta":{"tdm_status":"","tdm_grid_status":"","footnotes":""},"categories":[39],"tags":[],"class_list":{"0":"post-32397","1":"post","2":"type-post","3":"status-publish","4":"format-standard","5":"has-post-thumbnail","7":"category-noticias-nacionales"},"yoast_head":"<!-- This site is optimized with the Yoast SEO plugin v27.4 - https:\/\/yoast.com\/product\/yoast-seo-wordpress\/ -->\n<title>Asesinan al activista Humberto Valdovino Fuentes en Oaxaca - Fuentes Fidedignas<\/title>\n<meta name=\"robots\" content=\"index, follow, max-snippet:-1, max-image-preview:large, max-video-preview:-1\" \/>\n<link rel=\"canonical\" href=\"https:\/\/fuentesfidedignas.com.mx\/index.php\/2022\/05\/25\/asesinan-al-activista-humberto-valdovino-fuentes-en-oaxaca\/\" \/>\n<meta property=\"og:locale\" content=\"es_MX\" \/>\n<meta property=\"og:type\" content=\"article\" \/>\n<meta property=\"og:title\" content=\"Asesinan al activista Humberto Valdovino Fuentes en Oaxaca - Fuentes Fidedignas\" \/>\n<meta property=\"og:description\" content=\"El defensor del territorio y l\u00edder fundador de la Uni\u00f3n C\u00edvica Democr\u00e1tica de Barrios, Colonias y Comunidades, Humberto Valdovino Fuentes, fue ejecutado en Pinotepa Nacional Oaxaca.- El defensor del territorio y l\u00edder fundador de la Uni\u00f3n C\u00edvica Democr\u00e1tica de Barrios, Colonias y Comunidades (UCIDEBACC), Humberto Valdovino Fuentes, fue ejecutado cuando viajaba en su motocicleta en [&hellip;]\" \/>\n<meta property=\"og:url\" content=\"https:\/\/fuentesfidedignas.com.mx\/index.php\/2022\/05\/25\/asesinan-al-activista-humberto-valdovino-fuentes-en-oaxaca\/\" \/>\n<meta property=\"og:site_name\" content=\"Fuentes Fidedignas\" \/>\n<meta property=\"article:publisher\" content=\"https:\/\/www.facebook.com\/Fuentes-Fidedignas-368234489921644\" \/>\n<meta property=\"article:published_time\" content=\"2022-05-25T16:48:46+00:00\" \/>\n<meta property=\"article:modified_time\" content=\"2022-05-25T16:48:47+00:00\" \/>\n<meta property=\"og:image\" content=\"https:\/\/fuentesfidedignas.com.mx\/wp-content\/uploads\/2022\/05\/f800x450-155238_206684_4961.jpg\" \/>\n\t<meta property=\"og:image:width\" content=\"800\" \/>\n\t<meta property=\"og:image:height\" content=\"450\" \/>\n\t<meta property=\"og:image:type\" content=\"image\/jpeg\" \/>\n<meta name=\"author\" content=\"Proceso\" \/>\n<meta name=\"twitter:card\" content=\"summary_large_image\" \/>\n<meta name=\"twitter:creator\" content=\"@fidedignas\" \/>\n<meta name=\"twitter:site\" content=\"@fidedignas\" \/>\n<meta name=\"twitter:label1\" content=\"Escrito por\" \/>\n\t<meta name=\"twitter:data1\" content=\"Proceso\" \/>\n\t<meta name=\"twitter:label2\" content=\"Tiempo de lectura\" \/>\n\t<meta name=\"twitter:data2\" content=\"2 minutos\" \/>\n<script type=\"application\/ld+json\" class=\"yoast-schema-graph\">{\"@context\":\"https:\\\/\\\/schema.org\",\"@graph\":[{\"@type\":\"Article\",\"@id\":\"https:\\\/\\\/fuentesfidedignas.com.mx\\\/index.php\\\/2022\\\/05\\\/25\\\/asesinan-al-activista-humberto-valdovino-fuentes-en-oaxaca\\\/#article\",\"isPartOf\":{\"@id\":\"https:\\\/\\\/fuentesfidedignas.com.mx\\\/index.php\\\/2022\\\/05\\\/25\\\/asesinan-al-activista-humberto-valdovino-fuentes-en-oaxaca\\\/\"},\"author\":{\"name\":\"Proceso\",\"@id\":\"https:\\\/\\\/fuentesfidedignas.com.mx\\\/#\\\/schema\\\/person\\\/eb72247ff123b3ce5e4cadc7f50ae372\"},\"headline\":\"Asesinan al activista Humberto Valdovino Fuentes en Oaxaca\",\"datePublished\":\"2022-05-25T16:48:46+00:00\",\"dateModified\":\"2022-05-25T16:48:47+00:00\",\"mainEntityOfPage\":{\"@id\":\"https:\\\/\\\/fuentesfidedignas.com.mx\\\/index.php\\\/2022\\\/05\\\/25\\\/asesinan-al-activista-humberto-valdovino-fuentes-en-oaxaca\\\/\"},\"wordCount\":398,\"commentCount\":0,\"publisher\":{\"@id\":\"https:\\\/\\\/fuentesfidedignas.com.mx\\\/#organization\"},\"image\":{\"@id\":\"https:\\\/\\\/fuentesfidedignas.com.mx\\\/index.php\\\/2022\\\/05\\\/25\\\/asesinan-al-activista-humberto-valdovino-fuentes-en-oaxaca\\\/#primaryimage\"},\"thumbnailUrl\":\"https:\\\/\\\/fuentesfidedignas.com.mx\\\/wp-content\\\/uploads\\\/2022\\\/05\\\/f800x450-155238_206684_4961.jpg\",\"articleSection\":[\"NOTICIAS NACIONALES\"],\"inLanguage\":\"es\",\"potentialAction\":[{\"@type\":\"CommentAction\",\"name\":\"Comment\",\"target\":[\"https:\\\/\\\/fuentesfidedignas.com.mx\\\/index.php\\\/2022\\\/05\\\/25\\\/asesinan-al-activista-humberto-valdovino-fuentes-en-oaxaca\\\/#respond\"]}]},{\"@type\":\"WebPage\",\"@id\":\"https:\\\/\\\/fuentesfidedignas.com.mx\\\/index.php\\\/2022\\\/05\\\/25\\\/asesinan-al-activista-humberto-valdovino-fuentes-en-oaxaca\\\/\",\"url\":\"https:\\\/\\\/fuentesfidedignas.com.mx\\\/index.php\\\/2022\\\/05\\\/25\\\/asesinan-al-activista-humberto-valdovino-fuentes-en-oaxaca\\\/\",\"name\":\"Asesinan al activista Humberto Valdovino Fuentes en Oaxaca - Fuentes Fidedignas\",\"isPartOf\":{\"@id\":\"https:\\\/\\\/fuentesfidedignas.com.mx\\\/#website\"},\"primaryImageOfPage\":{\"@id\":\"https:\\\/\\\/fuentesfidedignas.com.mx\\\/index.php\\\/2022\\\/05\\\/25\\\/asesinan-al-activista-humberto-valdovino-fuentes-en-oaxaca\\\/#primaryimage\"},\"image\":{\"@id\":\"https:\\\/\\\/fuentesfidedignas.com.mx\\\/index.php\\\/2022\\\/05\\\/25\\\/asesinan-al-activista-humberto-valdovino-fuentes-en-oaxaca\\\/#primaryimage\"},\"thumbnailUrl\":\"https:\\\/\\\/fuentesfidedignas.com.mx\\\/wp-content\\\/uploads\\\/2022\\\/05\\\/f800x450-155238_206684_4961.jpg\",\"datePublished\":\"2022-05-25T16:48:46+00:00\",\"dateModified\":\"2022-05-25T16:48:47+00:00\",\"breadcrumb\":{\"@id\":\"https:\\\/\\\/fuentesfidedignas.com.mx\\\/index.php\\\/2022\\\/05\\\/25\\\/asesinan-al-activista-humberto-valdovino-fuentes-en-oaxaca\\\/#breadcrumb\"},\"inLanguage\":\"es\",\"potentialAction\":[{\"@type\":\"ReadAction\",\"target\":[\"https:\\\/\\\/fuentesfidedignas.com.mx\\\/index.php\\\/2022\\\/05\\\/25\\\/asesinan-al-activista-humberto-valdovino-fuentes-en-oaxaca\\\/\"]}]},{\"@type\":\"ImageObject\",\"inLanguage\":\"es\",\"@id\":\"https:\\\/\\\/fuentesfidedignas.com.mx\\\/index.php\\\/2022\\\/05\\\/25\\\/asesinan-al-activista-humberto-valdovino-fuentes-en-oaxaca\\\/#primaryimage\",\"url\":\"https:\\\/\\\/fuentesfidedignas.com.mx\\\/wp-content\\\/uploads\\\/2022\\\/05\\\/f800x450-155238_206684_4961.jpg\",\"contentUrl\":\"https:\\\/\\\/fuentesfidedignas.com.mx\\\/wp-content\\\/uploads\\\/2022\\\/05\\\/f800x450-155238_206684_4961.jpg\",\"width\":800,\"height\":450},{\"@type\":\"BreadcrumbList\",\"@id\":\"https:\\\/\\\/fuentesfidedignas.com.mx\\\/index.php\\\/2022\\\/05\\\/25\\\/asesinan-al-activista-humberto-valdovino-fuentes-en-oaxaca\\\/#breadcrumb\",\"itemListElement\":[{\"@type\":\"ListItem\",\"position\":1,\"name\":\"Inicio\",\"item\":\"https:\\\/\\\/fuentesfidedignas.com.mx\\\/\"},{\"@type\":\"ListItem\",\"position\":2,\"name\":\"Asesinan al activista Humberto Valdovino Fuentes en Oaxaca\"}]},{\"@type\":\"WebSite\",\"@id\":\"https:\\\/\\\/fuentesfidedignas.com.mx\\\/#website\",\"url\":\"https:\\\/\\\/fuentesfidedignas.com.mx\\\/\",\"name\":\"Fuentes Fidedignas\",\"description\":\"Otro sitio realizado con WordPress\",\"publisher\":{\"@id\":\"https:\\\/\\\/fuentesfidedignas.com.mx\\\/#organization\"},\"potentialAction\":[{\"@type\":\"SearchAction\",\"target\":{\"@type\":\"EntryPoint\",\"urlTemplate\":\"https:\\\/\\\/fuentesfidedignas.com.mx\\\/?s={search_term_string}\"},\"query-input\":{\"@type\":\"PropertyValueSpecification\",\"valueRequired\":true,\"valueName\":\"search_term_string\"}}],\"inLanguage\":\"es\"},{\"@type\":\"Organization\",\"@id\":\"https:\\\/\\\/fuentesfidedignas.com.mx\\\/#organization\",\"name\":\"Fuentes Fidedignas\",\"url\":\"https:\\\/\\\/fuentesfidedignas.com.mx\\\/\",\"logo\":{\"@type\":\"ImageObject\",\"inLanguage\":\"es\",\"@id\":\"https:\\\/\\\/fuentesfidedignas.com.mx\\\/#\\\/schema\\\/logo\\\/image\\\/\",\"url\":\"https:\\\/\\\/fuentesfidedignas.com.mx\\\/wp-content\\\/uploads\\\/2021\\\/04\\\/logo-retina.png\",\"contentUrl\":\"https:\\\/\\\/fuentesfidedignas.com.mx\\\/wp-content\\\/uploads\\\/2021\\\/04\\\/logo-retina.png\",\"width\":280,\"height\":51,\"caption\":\"Fuentes Fidedignas\"},\"image\":{\"@id\":\"https:\\\/\\\/fuentesfidedignas.com.mx\\\/#\\\/schema\\\/logo\\\/image\\\/\"},\"sameAs\":[\"https:\\\/\\\/www.facebook.com\\\/Fuentes-Fidedignas-368234489921644\",\"https:\\\/\\\/x.com\\\/fidedignas\"]},{\"@type\":\"Person\",\"@id\":\"https:\\\/\\\/fuentesfidedignas.com.mx\\\/#\\\/schema\\\/person\\\/eb72247ff123b3ce5e4cadc7f50ae372\",\"name\":\"Proceso\",\"image\":{\"@type\":\"ImageObject\",\"inLanguage\":\"es\",\"@id\":\"https:\\\/\\\/secure.gravatar.com\\\/avatar\\\/0bb01ecb091d50a46122cbe5cc32ffea15a000f83628f1e40458e669d38ff2cd?s=96&d=mm&r=g\",\"url\":\"https:\\\/\\\/secure.gravatar.com\\\/avatar\\\/0bb01ecb091d50a46122cbe5cc32ffea15a000f83628f1e40458e669d38ff2cd?s=96&d=mm&r=g\",\"contentUrl\":\"https:\\\/\\\/secure.gravatar.com\\\/avatar\\\/0bb01ecb091d50a46122cbe5cc32ffea15a000f83628f1e40458e669d38ff2cd?s=96&d=mm&r=g\",\"caption\":\"Proceso\"},\"url\":\"https:\\\/\\\/fuentesfidedignas.com.mx\\\/index.php\\\/author\\\/proceso\\\/\"}]}<\/script>\n<!-- \/ Yoast SEO plugin. -->","yoast_head_json":{"title":"Asesinan al activista Humberto Valdovino Fuentes en Oaxaca - Fuentes Fidedignas","robots":{"index":"index","follow":"follow","max-snippet":"max-snippet:-1","max-image-preview":"max-image-preview:large","max-video-preview":"max-video-preview:-1"},"canonical":"https:\/\/fuentesfidedignas.com.mx\/index.php\/2022\/05\/25\/asesinan-al-activista-humberto-valdovino-fuentes-en-oaxaca\/","og_locale":"es_MX","og_type":"article","og_title":"Asesinan al activista Humberto Valdovino Fuentes en Oaxaca - Fuentes Fidedignas","og_description":"El defensor del territorio y l\u00edder fundador de la Uni\u00f3n C\u00edvica Democr\u00e1tica de Barrios, Colonias y Comunidades, Humberto Valdovino Fuentes, fue ejecutado en Pinotepa Nacional Oaxaca.- El defensor del territorio y l\u00edder fundador de la Uni\u00f3n C\u00edvica Democr\u00e1tica de Barrios, Colonias y Comunidades (UCIDEBACC), Humberto Valdovino Fuentes, fue ejecutado cuando viajaba en su motocicleta en [&hellip;]","og_url":"https:\/\/fuentesfidedignas.com.mx\/index.php\/2022\/05\/25\/asesinan-al-activista-humberto-valdovino-fuentes-en-oaxaca\/","og_site_name":"Fuentes Fidedignas","article_publisher":"https:\/\/www.facebook.com\/Fuentes-Fidedignas-368234489921644","article_published_time":"2022-05-25T16:48:46+00:00","article_modified_time":"2022-05-25T16:48:47+00:00","og_image":[{"width":800,"height":450,"url":"https:\/\/fuentesfidedignas.com.mx\/wp-content\/uploads\/2022\/05\/f800x450-155238_206684_4961.jpg","type":"image\/jpeg"}],"author":"Proceso","twitter_card":"summary_large_image","twitter_creator":"@fidedignas","twitter_site":"@fidedignas","twitter_misc":{"Escrito por":"Proceso","Tiempo de lectura":"2 minutos"},"schema":{"@context":"https:\/\/schema.org","@graph":[{"@type":"Article","@id":"https:\/\/fuentesfidedignas.com.mx\/index.php\/2022\/05\/25\/asesinan-al-activista-humberto-valdovino-fuentes-en-oaxaca\/#article","isPartOf":{"@id":"https:\/\/fuentesfidedignas.com.mx\/index.php\/2022\/05\/25\/asesinan-al-activista-humberto-valdovino-fuentes-en-oaxaca\/"},"author":{"name":"Proceso","@id":"https:\/\/fuentesfidedignas.com.mx\/#\/schema\/person\/eb72247ff123b3ce5e4cadc7f50ae372"},"headline":"Asesinan al activista Humberto Valdovino Fuentes en Oaxaca","datePublished":"2022-05-25T16:48:46+00:00","dateModified":"2022-05-25T16:48:47+00:00","mainEntityOfPage":{"@id":"https:\/\/fuentesfidedignas.com.mx\/index.php\/2022\/05\/25\/asesinan-al-activista-humberto-valdovino-fuentes-en-oaxaca\/"},"wordCount":398,"commentCount":0,"publisher":{"@id":"https:\/\/fuentesfidedignas.com.mx\/#organization"},"image":{"@id":"https:\/\/fuentesfidedignas.com.mx\/index.php\/2022\/05\/25\/asesinan-al-activista-humberto-valdovino-fuentes-en-oaxaca\/#primaryimage"},"thumbnailUrl":"https:\/\/fuentesfidedignas.com.mx\/wp-content\/uploads\/2022\/05\/f800x450-155238_206684_4961.jpg","articleSection":["NOTICIAS NACIONALES"],"inLanguage":"es","potentialAction":[{"@type":"CommentAction","name":"Comment","target":["https:\/\/fuentesfidedignas.com.mx\/index.php\/2022\/05\/25\/asesinan-al-activista-humberto-valdovino-fuentes-en-oaxaca\/#respond"]}]},{"@type":"WebPage","@id":"https:\/\/fuentesfidedignas.com.mx\/index.php\/2022\/05\/25\/asesinan-al-activista-humberto-valdovino-fuentes-en-oaxaca\/","url":"https:\/\/fuentesfidedignas.com.mx\/index.php\/2022\/05\/25\/asesinan-al-activista-humberto-valdovino-fuentes-en-oaxaca\/","name":"Asesinan al activista Humberto Valdovino Fuentes en Oaxaca - Fuentes Fidedignas","isPartOf":{"@id":"https:\/\/fuentesfidedignas.com.mx\/#website"},"primaryImageOfPage":{"@id":"https:\/\/fuentesfidedignas.com.mx\/index.php\/2022\/05\/25\/asesinan-al-activista-humberto-valdovino-fuentes-en-oaxaca\/#primaryimage"},"image":{"@id":"https:\/\/fuentesfidedignas.com.mx\/index.php\/2022\/05\/25\/asesinan-al-activista-humberto-valdovino-fuentes-en-oaxaca\/#primaryimage"},"thumbnailUrl":"https:\/\/fuentesfidedignas.com.mx\/wp-content\/uploads\/2022\/05\/f800x450-155238_206684_4961.jpg","datePublished":"2022-05-25T16:48:46+00:00","dateModified":"2022-05-25T16:48:47+00:00","breadcrumb":{"@id":"https:\/\/fuentesfidedignas.com.mx\/index.php\/2022\/05\/25\/asesinan-al-activista-humberto-valdovino-fuentes-en-oaxaca\/#breadcrumb"},"inLanguage":"es","potentialAction":[{"@type":"ReadAction","target":["https:\/\/fuentesfidedignas.com.mx\/index.php\/2022\/05\/25\/asesinan-al-activista-humberto-valdovino-fuentes-en-oaxaca\/"]}]},{"@type":"ImageObject","inLanguage":"es","@id":"https:\/\/fuentesfidedignas.com.mx\/index.php\/2022\/05\/25\/asesinan-al-activista-humberto-valdovino-fuentes-en-oaxaca\/#primaryimage","url":"https:\/\/fuentesfidedignas.com.mx\/wp-content\/uploads\/2022\/05\/f800x450-155238_206684_4961.jpg","contentUrl":"https:\/\/fuentesfidedignas.com.mx\/wp-content\/uploads\/2022\/05\/f800x450-155238_206684_4961.jpg","width":800,"height":450},{"@type":"BreadcrumbList","@id":"https:\/\/fuentesfidedignas.com.mx\/index.php\/2022\/05\/25\/asesinan-al-activista-humberto-valdovino-fuentes-en-oaxaca\/#breadcrumb","itemListElement":[{"@type":"ListItem","position":1,"name":"Inicio","item":"https:\/\/fuentesfidedignas.com.mx\/"},{"@type":"ListItem","position":2,"name":"Asesinan al activista Humberto Valdovino Fuentes en Oaxaca"}]},{"@type":"WebSite","@id":"https:\/\/fuentesfidedignas.com.mx\/#website","url":"https:\/\/fuentesfidedignas.com.mx\/","name":"Fuentes Fidedignas","description":"Otro sitio realizado con WordPress","publisher":{"@id":"https:\/\/fuentesfidedignas.com.mx\/#organization"},"potentialAction":[{"@type":"SearchAction","target":{"@type":"EntryPoint","urlTemplate":"https:\/\/fuentesfidedignas.com.mx\/?s={search_term_string}"},"query-input":{"@type":"PropertyValueSpecification","valueRequired":true,"valueName":"search_term_string"}}],"inLanguage":"es"},{"@type":"Organization","@id":"https:\/\/fuentesfidedignas.com.mx\/#organization","name":"Fuentes Fidedignas","url":"https:\/\/fuentesfidedignas.com.mx\/","logo":{"@type":"ImageObject","inLanguage":"es","@id":"https:\/\/fuentesfidedignas.com.mx\/#\/schema\/logo\/image\/","url":"https:\/\/fuentesfidedignas.com.mx\/wp-content\/uploads\/2021\/04\/logo-retina.png","contentUrl":"https:\/\/fuentesfidedignas.com.mx\/wp-content\/uploads\/2021\/04\/logo-retina.png","width":280,"height":51,"caption":"Fuentes Fidedignas"},"image":{"@id":"https:\/\/fuentesfidedignas.com.mx\/#\/schema\/logo\/image\/"},"sameAs":["https:\/\/www.facebook.com\/Fuentes-Fidedignas-368234489921644","https:\/\/x.com\/fidedignas"]},{"@type":"Person","@id":"https:\/\/fuentesfidedignas.com.mx\/#\/schema\/person\/eb72247ff123b3ce5e4cadc7f50ae372","name":"Proceso","image":{"@type":"ImageObject","inLanguage":"es","@id":"https:\/\/secure.gravatar.com\/avatar\/0bb01ecb091d50a46122cbe5cc32ffea15a000f83628f1e40458e669d38ff2cd?s=96&d=mm&r=g","url":"https:\/\/secure.gravatar.com\/avatar\/0bb01ecb091d50a46122cbe5cc32ffea15a000f83628f1e40458e669d38ff2cd?s=96&d=mm&r=g","contentUrl":"https:\/\/secure.gravatar.com\/avatar\/0bb01ecb091d50a46122cbe5cc32ffea15a000f83628f1e40458e669d38ff2cd?s=96&d=mm&r=g","caption":"Proceso"},"url":"https:\/\/fuentesfidedignas.com.mx\/index.php\/author\/proceso\/"}]}},"_links":{"self":[{"href":"https:\/\/fuentesfidedignas.com.mx\/index.php\/wp-json\/wp\/v2\/posts\/32397","targetHints":{"allow":["GET"]}}],"collection":[{"href":"https:\/\/fuentesfidedignas.com.mx\/index.php\/wp-json\/wp\/v2\/posts"}],"about":[{"href":"https:\/\/fuentesfidedignas.com.mx\/index.php\/wp-json\/wp\/v2\/types\/post"}],"author":[{"embeddable":true,"href":"https:\/\/fuentesfidedignas.com.mx\/index.php\/wp-json\/wp\/v2\/users\/50"}],"replies":[{"embeddable":true,"href":"https:\/\/fuentesfidedignas.com.mx\/index.php\/wp-json\/wp\/v2\/comments?post=32397"}],"version-history":[{"count":1,"href":"https:\/\/fuentesfidedignas.com.mx\/index.php\/wp-json\/wp\/v2\/posts\/32397\/revisions"}],"predecessor-version":[{"id":32399,"href":"https:\/\/fuentesfidedignas.com.mx\/index.php\/wp-json\/wp\/v2\/posts\/32397\/revisions\/32399"}],"wp:featuredmedia":[{"embeddable":true,"href":"https:\/\/fuentesfidedignas.com.mx\/index.php\/wp-json\/wp\/v2\/media\/32398"}],"wp:attachment":[{"href":"https:\/\/fuentesfidedignas.com.mx\/index.php\/wp-json\/wp\/v2\/media?parent=32397"}],"wp:term":[{"taxonomy":"category","embeddable":true,"href":"https:\/\/fuentesfidedignas.com.mx\/index.php\/wp-json\/wp\/v2\/categories?post=32397"},{"taxonomy":"post_tag","embeddable":true,"href":"https:\/\/fuentesfidedignas.com.mx\/index.php\/wp-json\/wp\/v2\/tags?post=32397"}],"curies":[{"name":"wp","href":"https:\/\/api.w.org\/{rel}","templated":true}]}}