{"id":32389,"date":"2022-05-25T09:24:36","date_gmt":"2022-05-25T15:24:36","guid":{"rendered":"https:\/\/fuentesfidedignas.com.mx\/?p=32389"},"modified":"2022-05-25T09:29:26","modified_gmt":"2022-05-25T15:29:26","slug":"quien-era-el-autor-del-tiroteo-en-texas-que-dejo-21-muertos","status":"publish","type":"post","link":"https:\/\/fuentesfidedignas.com.mx\/index.php\/2022\/05\/25\/quien-era-el-autor-del-tiroteo-en-texas-que-dejo-21-muertos\/","title":{"rendered":"\u00bfQui\u00e9n era el autor del tiroteo en Texas que dej\u00f3 21 muertos?"},"content":{"rendered":"\n<p><br><em><strong>El joven ten\u00eda 18 a\u00f1os y era estudiante de la Uvalde High School. Seg\u00fan medios locales, antes de realizar el tiroteo en la escuela bale\u00f3 a su abuela<\/strong><\/em><\/p>\n\n\n\n<p>Estados Unidos.- El autor del tiroteo mortal en una primaria de Uvalde, Texas, fue identificado como Salvador Ramos, de 18 a\u00f1os, quien falleci\u00f3 al parecer a manos de los agentes que respondieron el ataque, de acuerdo con el gobernador de Texas, Greg Abbott.<\/p>\n\n\n\n<p>&#8220;Se cree que los agentes que respondieron lo mataron&#8221;, dijo Abbott.<\/p>\n\n\n\n<p>El joven&nbsp;ten\u00eda 18 a\u00f1os y era estudiante de la&nbsp;<strong>Uvalde High School<\/strong>. Seg\u00fan medios locales, antes de realizar el tiroteo en la escuela&nbsp;<strong>bale\u00f3 a su abuela<\/strong>.<\/p>\n\n\n\n<p>&#8220;No tengo m\u00e1s informaci\u00f3n sobre la conexi\u00f3n entre esos dos tiroteos&#8221;, concluy\u00f3 Abbott, que no ofreci\u00f3 detalles sobre el estado de salud de la familiar del agresor.&nbsp;<\/p>\n\n\n\n<p>Adri\u00e1n Mendes, gerente de un restaurante Wendy&#8217;s se\u00f1al\u00f3 a la cadena CNN que Ramos trabajaba all\u00ed, en el turno de d\u00eda. &#8220;Era un tipo reservado&#8221;, afirm\u00f3. &#8220;No socializaba con otros empleados. Trabajaba, se le pagaba y ven\u00eda por su cheque&#8221;.<\/p>\n\n\n\n<p><strong>&#8220;Grosero&#8221;, as\u00ed califican al atacante del tiroteo en primaria de Texas<\/strong><\/p>\n\n\n\n<p>Una mujer que trabaj\u00f3 con Ramos hasta marzo pasado en Wendy&#8217;s cont\u00f3 a The Daily Beast que el joven &#8220;a veces era muy grosero con las chicas y con uno de los cocineros. Los amenazaba pregunt\u00e1ndoles: &#8216;\u00bfSabes qui\u00e9n soy?&#8217; Y tambi\u00e9n enviaba mensajes de texto inapropiados a las se\u00f1oras&#8221;.<\/p>\n\n\n\n<p>&#8220;En el parque, hab\u00eda v\u00eddeos en los que intentaba pelear con la gente con guantes de boxeo. Los llevaba consigo&#8221;, narr\u00f3 la mujer.<\/p>\n\n\n\n<figure class=\"wp-block-image size-full\"><img decoding=\"async\" width=\"259\" height=\"194\" src=\"https:\/\/fuentesfidedignas.com.mx\/wp-content\/uploads\/2022\/05\/images-1.jpg\" alt=\"\" class=\"wp-image-32391\" srcset=\"https:\/\/fuentesfidedignas.com.mx\/wp-content\/uploads\/2022\/05\/images-1.jpg 259w, https:\/\/fuentesfidedignas.com.mx\/wp-content\/uploads\/2022\/05\/images-1-80x60.jpg 80w\" sizes=\"(max-width: 259px) 100vw, 259px\" \/><\/figure>\n\n\n\n<h2 class=\"wp-block-heading\"><strong>Qu\u00e9 dice un amigo del atacante<\/strong><\/h2>\n\n\n\n<p>&nbsp;Un excompa\u00f1ero de clases dijo a la cadena CNN que Ramos le envi\u00f3 un mensaje de texto con fotos de un arma de fuego que ten\u00eda y una bolsa llena de munici\u00f3n d\u00edas antes del ataque.<\/p>\n\n\n\n<p>El amigo, que no quiso ser identificado por su nombre, dijo que era algo &#8220;cercano&#8221; a Ramos y que de vez en cuando jugaban &nbsp;Xbox.<\/p>\n\n\n\n<p>&#8220;Me mandaba mensajes de vez en cuando y hace cuatro d\u00edas me envi\u00f3 una foto del rifle AR que estaba usando&#8230; y una mochila llena de cartuchos del 5.56, probablemente como siete cargadores&#8221;. El amigo dijo que le pregunt\u00f3 a Ramos por qu\u00e9 ten\u00eda todo eso y que \u00e9ste le respondi\u00f3: &nbsp;&#8220;No te preocupes por eso&#8221;.<\/p>\n\n\n\n<p>Tambi\u00e9n le envi\u00f3 un mensaje de texto diciendo: &#8220;Me veo muy diferente ahora. No me reconocer\u00edas&#8221;.<\/p>\n\n\n\n<p>El amigo dijo que los dem\u00e1s se burlaban de Ramos en la escuela por la ropa que llevaba y por la situaci\u00f3n econ\u00f3mica de su familia, y finalmente se le ve\u00eda menos en clase. &#8220;No iba a la escuela&#8230; y poco a poco fue abandonando&#8221;.<\/p>\n\n\n\n<h2 class=\"wp-block-heading\"><strong>Qu\u00e9 hizo el atacante&nbsp;antes del tiroteo<\/strong><\/h2>\n\n\n\n<p>Seg\u00fan el gobernador de Texas, Gregg Abbott, el tirador lleg\u00f3 hasta el colegio en un auto y entr\u00f3 a la primaria.&nbsp;<\/p>\n\n\n\n<p>\u201cSe cree que abandon\u00f3 su veh\u00edculo e ingres\u00f3 al colegio primario en Uvalde con un&nbsp;<strong>arma y un rifle<\/strong>\u201d, inform\u00f3 Abbott.<\/p>\n\n\n\n<p>\u201cDispar\u00f3 y mat\u00f3 horr\u00edficamente, incomprensiblemente a<strong>&nbsp;14 estudiantes<\/strong>&nbsp;y mat\u00f3 a un docente\u201d.<br>&nbsp;<br>El jefe de polic\u00eda del Distrito Escolar Independiente Consolidado de Uvalde, Pete Arredondo, dijo en una conferencia de prensa que el atacante actu\u00f3 solo.<\/p>\n\n\n\n<h2 class=\"wp-block-heading\"><strong>Exhibi\u00f3 fotos de armas en redes<\/strong><\/h2>\n\n\n\n<p>Cuatro d\u00edas antes de cometer la masacre, el joven de 18 a\u00f1os&nbsp;public\u00f3 en Instagram una imagen de dos&nbsp;<strong>armas largas<\/strong>&nbsp;y etiquet\u00f3 al usuario @epnupues, al que no conoc\u00eda, inform\u00f3 el canal&nbsp;Todo Noticias.<\/p>\n\n\n\n<p>Las redes sociales de Ramos estaban llenas de fotos de armas y le envi\u00f3 un mensaje a una extra\u00f1a en Instagram, etiquet\u00e1ndola en una foto de las armas: &#8220;Tengo un peque\u00f1o secreto.&nbsp;Quiero dec\u00edrtelo&#8221;, dec\u00eda un mensaje. &#8220;Agradece que te etiquet\u00e9&#8221;, escribi\u00f3.&nbsp;<\/p>\n\n\n\n<p>El lunes, Salvador Ramos la salud\u00f3 y le escribi\u00f3: \u201cEstoy a punto de\u201d. \u201c\u00bfA punto de qu\u00e9?\u201d, respondi\u00f3 ella, Ramo le dijo: \u201cTe lo dir\u00e9 antes de las 11\u201d.<\/p>\n\n\n\n<p>Este martes a las 7 de la ma\u00f1ana, antes de cometer la masacre, Ramos volvi\u00f3 a contactarse: \u201cTe voy a escribir en una hora, pero tienes que responder. Es un secretito y te lo voy a contar\u201d. La joven primero respondi\u00f3 \u201cOk\u201d y luego le avis\u00f3 que no se sent\u00eda bien y eso podr\u00eda generar que no le responda, indic\u00f3 Todo Noticias.<\/p>\n\n\n\n<p>&#8220;Voy a salir al aire\u201d, le escribi\u00f3 a las 9.16 de la ma\u00f1ana. La respuesta nunca lleg\u00f3.<\/p>\n\n\n\n<p>Arredondo indic\u00f3 que el ataque contra el centro Robb Elementary School, donde estudian menores de entre 7 y 10 a\u00f1os, se produjo sobre las 11.37 hora local (16.37 hora GMT).<\/p>\n\n\n\n<p>El gobernador agreg\u00f3 que, de acuerdo con los datos disponibles, el joven era estadounidense y estudiante del instituto de secundaria de Uvalde.<\/p>\n\n\n\n<p>Se trata del tiroteo escolar con mayor n\u00famero de muertos en la historia de Texas, y se produjo cuatro a\u00f1os despu\u00e9s de que una persona asesinara a 10 personas en la Escuela Secundaria Santa Fe, en el \u00e1rea metropolitana de Houston, report\u00f3 AP.<\/p>\n\n\n\n<p>La secretaria de prensa de la Casa Blanca, Karine Jean-Pierre, dijo que el presidente Joe Biden fue informado del tiroteo mientras volaba de regreso de una gira de cinco d\u00edas por Asia y seguir\u00e1 recibiendo actualizaciones. Jean-Pierre coment\u00f3 que el mandatario har\u00e1 declaraciones la tarde del martes desde la Casa Blanca.<\/p>\n\n\n\n<p>Hace menos de dos semanas, un hombre armado mat\u00f3 a tiros a 10 compradores y trabajadores de raza negra en un supermercado de Buffalo, Nueva York, en lo que las autoridades han descrito como un crimen de odio.<\/p>\n\n\n\n<p>Uvalde tiene unos 16 mil habitantes y es la sede del gobierno del condado de Uvalde. La ciudad est\u00e1 a unos 120 kil\u00f3metros (75 millas) de la frontera con M\u00e9xico. La escuela primaria Robb se encuentra en un barrio mayoritariamente residencial de casas modestas.<\/p>\n","protected":false},"excerpt":{"rendered":"<p>El joven ten\u00eda 18 a\u00f1os y era estudiante de la Uvalde High School. Seg\u00fan medios locales, antes de realizar el tiroteo en la escuela bale\u00f3 a su abuela Estados Unidos.- El autor del tiroteo mortal en una primaria de Uvalde, Texas, fue identificado como Salvador Ramos, de 18 a\u00f1os, quien falleci\u00f3 al parecer a manos [&hellip;]<\/p>\n","protected":false},"author":39,"featured_media":32390,"comment_status":"open","ping_status":"open","sticky":false,"template":"","format":"standard","meta":{"tdm_status":"","tdm_grid_status":"","footnotes":""},"categories":[39],"tags":[],"class_list":{"0":"post-32389","1":"post","2":"type-post","3":"status-publish","4":"format-standard","5":"has-post-thumbnail","7":"category-noticias-nacionales"},"yoast_head":"<!-- This site is optimized with the Yoast SEO plugin v27.4 - https:\/\/yoast.com\/product\/yoast-seo-wordpress\/ -->\n<title>\u00bfQui\u00e9n era el autor del tiroteo en Texas que dej\u00f3 21 muertos? - Fuentes Fidedignas<\/title>\n<meta name=\"robots\" content=\"index, follow, max-snippet:-1, max-image-preview:large, max-video-preview:-1\" \/>\n<link rel=\"canonical\" href=\"https:\/\/fuentesfidedignas.com.mx\/index.php\/2022\/05\/25\/quien-era-el-autor-del-tiroteo-en-texas-que-dejo-21-muertos\/\" \/>\n<meta property=\"og:locale\" content=\"es_MX\" \/>\n<meta property=\"og:type\" content=\"article\" \/>\n<meta property=\"og:title\" content=\"\u00bfQui\u00e9n era el autor del tiroteo en Texas que dej\u00f3 21 muertos? - Fuentes Fidedignas\" \/>\n<meta property=\"og:description\" content=\"El joven ten\u00eda 18 a\u00f1os y era estudiante de la Uvalde High School. Seg\u00fan medios locales, antes de realizar el tiroteo en la escuela bale\u00f3 a su abuela Estados Unidos.- El autor del tiroteo mortal en una primaria de Uvalde, Texas, fue identificado como Salvador Ramos, de 18 a\u00f1os, quien falleci\u00f3 al parecer a manos [&hellip;]\" \/>\n<meta property=\"og:url\" content=\"https:\/\/fuentesfidedignas.com.mx\/index.php\/2022\/05\/25\/quien-era-el-autor-del-tiroteo-en-texas-que-dejo-21-muertos\/\" \/>\n<meta property=\"og:site_name\" content=\"Fuentes Fidedignas\" \/>\n<meta property=\"article:publisher\" content=\"https:\/\/www.facebook.com\/Fuentes-Fidedignas-368234489921644\" \/>\n<meta property=\"article:published_time\" content=\"2022-05-25T15:24:36+00:00\" \/>\n<meta property=\"article:modified_time\" content=\"2022-05-25T15:29:26+00:00\" \/>\n<meta property=\"og:image\" content=\"https:\/\/fuentesfidedignas.com.mx\/wp-content\/uploads\/2022\/05\/salvadorramos.jpg\" \/>\n\t<meta property=\"og:image:width\" content=\"1280\" \/>\n\t<meta property=\"og:image:height\" content=\"720\" \/>\n\t<meta property=\"og:image:type\" content=\"image\/jpeg\" \/>\n<meta name=\"author\" content=\"El Universal\" \/>\n<meta name=\"twitter:card\" content=\"summary_large_image\" \/>\n<meta name=\"twitter:creator\" content=\"@fidedignas\" \/>\n<meta name=\"twitter:site\" content=\"@fidedignas\" \/>\n<meta name=\"twitter:label1\" content=\"Escrito por\" \/>\n\t<meta name=\"twitter:data1\" content=\"El Universal\" \/>\n\t<meta name=\"twitter:label2\" content=\"Tiempo de lectura\" \/>\n\t<meta name=\"twitter:data2\" content=\"5 minutos\" \/>\n<script type=\"application\/ld+json\" class=\"yoast-schema-graph\">{\"@context\":\"https:\\\/\\\/schema.org\",\"@graph\":[{\"@type\":\"Article\",\"@id\":\"https:\\\/\\\/fuentesfidedignas.com.mx\\\/index.php\\\/2022\\\/05\\\/25\\\/quien-era-el-autor-del-tiroteo-en-texas-que-dejo-21-muertos\\\/#article\",\"isPartOf\":{\"@id\":\"https:\\\/\\\/fuentesfidedignas.com.mx\\\/index.php\\\/2022\\\/05\\\/25\\\/quien-era-el-autor-del-tiroteo-en-texas-que-dejo-21-muertos\\\/\"},\"author\":{\"name\":\"El Universal\",\"@id\":\"https:\\\/\\\/fuentesfidedignas.com.mx\\\/#\\\/schema\\\/person\\\/fee3882e65fd0510d292c43a346d35d7\"},\"headline\":\"\u00bfQui\u00e9n era el autor del tiroteo en Texas que dej\u00f3 21 muertos?\",\"datePublished\":\"2022-05-25T15:24:36+00:00\",\"dateModified\":\"2022-05-25T15:29:26+00:00\",\"mainEntityOfPage\":{\"@id\":\"https:\\\/\\\/fuentesfidedignas.com.mx\\\/index.php\\\/2022\\\/05\\\/25\\\/quien-era-el-autor-del-tiroteo-en-texas-que-dejo-21-muertos\\\/\"},\"wordCount\":1020,\"commentCount\":0,\"publisher\":{\"@id\":\"https:\\\/\\\/fuentesfidedignas.com.mx\\\/#organization\"},\"image\":{\"@id\":\"https:\\\/\\\/fuentesfidedignas.com.mx\\\/index.php\\\/2022\\\/05\\\/25\\\/quien-era-el-autor-del-tiroteo-en-texas-que-dejo-21-muertos\\\/#primaryimage\"},\"thumbnailUrl\":\"https:\\\/\\\/fuentesfidedignas.com.mx\\\/wp-content\\\/uploads\\\/2022\\\/05\\\/salvadorramos.jpg\",\"articleSection\":[\"NOTICIAS NACIONALES\"],\"inLanguage\":\"es\",\"potentialAction\":[{\"@type\":\"CommentAction\",\"name\":\"Comment\",\"target\":[\"https:\\\/\\\/fuentesfidedignas.com.mx\\\/index.php\\\/2022\\\/05\\\/25\\\/quien-era-el-autor-del-tiroteo-en-texas-que-dejo-21-muertos\\\/#respond\"]}]},{\"@type\":\"WebPage\",\"@id\":\"https:\\\/\\\/fuentesfidedignas.com.mx\\\/index.php\\\/2022\\\/05\\\/25\\\/quien-era-el-autor-del-tiroteo-en-texas-que-dejo-21-muertos\\\/\",\"url\":\"https:\\\/\\\/fuentesfidedignas.com.mx\\\/index.php\\\/2022\\\/05\\\/25\\\/quien-era-el-autor-del-tiroteo-en-texas-que-dejo-21-muertos\\\/\",\"name\":\"\u00bfQui\u00e9n era el autor del tiroteo en Texas que dej\u00f3 21 muertos? - Fuentes Fidedignas\",\"isPartOf\":{\"@id\":\"https:\\\/\\\/fuentesfidedignas.com.mx\\\/#website\"},\"primaryImageOfPage\":{\"@id\":\"https:\\\/\\\/fuentesfidedignas.com.mx\\\/index.php\\\/2022\\\/05\\\/25\\\/quien-era-el-autor-del-tiroteo-en-texas-que-dejo-21-muertos\\\/#primaryimage\"},\"image\":{\"@id\":\"https:\\\/\\\/fuentesfidedignas.com.mx\\\/index.php\\\/2022\\\/05\\\/25\\\/quien-era-el-autor-del-tiroteo-en-texas-que-dejo-21-muertos\\\/#primaryimage\"},\"thumbnailUrl\":\"https:\\\/\\\/fuentesfidedignas.com.mx\\\/wp-content\\\/uploads\\\/2022\\\/05\\\/salvadorramos.jpg\",\"datePublished\":\"2022-05-25T15:24:36+00:00\",\"dateModified\":\"2022-05-25T15:29:26+00:00\",\"breadcrumb\":{\"@id\":\"https:\\\/\\\/fuentesfidedignas.com.mx\\\/index.php\\\/2022\\\/05\\\/25\\\/quien-era-el-autor-del-tiroteo-en-texas-que-dejo-21-muertos\\\/#breadcrumb\"},\"inLanguage\":\"es\",\"potentialAction\":[{\"@type\":\"ReadAction\",\"target\":[\"https:\\\/\\\/fuentesfidedignas.com.mx\\\/index.php\\\/2022\\\/05\\\/25\\\/quien-era-el-autor-del-tiroteo-en-texas-que-dejo-21-muertos\\\/\"]}]},{\"@type\":\"ImageObject\",\"inLanguage\":\"es\",\"@id\":\"https:\\\/\\\/fuentesfidedignas.com.mx\\\/index.php\\\/2022\\\/05\\\/25\\\/quien-era-el-autor-del-tiroteo-en-texas-que-dejo-21-muertos\\\/#primaryimage\",\"url\":\"https:\\\/\\\/fuentesfidedignas.com.mx\\\/wp-content\\\/uploads\\\/2022\\\/05\\\/salvadorramos.jpg\",\"contentUrl\":\"https:\\\/\\\/fuentesfidedignas.com.mx\\\/wp-content\\\/uploads\\\/2022\\\/05\\\/salvadorramos.jpg\",\"width\":1280,\"height\":720},{\"@type\":\"BreadcrumbList\",\"@id\":\"https:\\\/\\\/fuentesfidedignas.com.mx\\\/index.php\\\/2022\\\/05\\\/25\\\/quien-era-el-autor-del-tiroteo-en-texas-que-dejo-21-muertos\\\/#breadcrumb\",\"itemListElement\":[{\"@type\":\"ListItem\",\"position\":1,\"name\":\"Inicio\",\"item\":\"https:\\\/\\\/fuentesfidedignas.com.mx\\\/\"},{\"@type\":\"ListItem\",\"position\":2,\"name\":\"\u00bfQui\u00e9n era el autor del tiroteo en Texas que dej\u00f3 21 muertos?\"}]},{\"@type\":\"WebSite\",\"@id\":\"https:\\\/\\\/fuentesfidedignas.com.mx\\\/#website\",\"url\":\"https:\\\/\\\/fuentesfidedignas.com.mx\\\/\",\"name\":\"Fuentes Fidedignas\",\"description\":\"Otro sitio realizado con WordPress\",\"publisher\":{\"@id\":\"https:\\\/\\\/fuentesfidedignas.com.mx\\\/#organization\"},\"potentialAction\":[{\"@type\":\"SearchAction\",\"target\":{\"@type\":\"EntryPoint\",\"urlTemplate\":\"https:\\\/\\\/fuentesfidedignas.com.mx\\\/?s={search_term_string}\"},\"query-input\":{\"@type\":\"PropertyValueSpecification\",\"valueRequired\":true,\"valueName\":\"search_term_string\"}}],\"inLanguage\":\"es\"},{\"@type\":\"Organization\",\"@id\":\"https:\\\/\\\/fuentesfidedignas.com.mx\\\/#organization\",\"name\":\"Fuentes Fidedignas\",\"url\":\"https:\\\/\\\/fuentesfidedignas.com.mx\\\/\",\"logo\":{\"@type\":\"ImageObject\",\"inLanguage\":\"es\",\"@id\":\"https:\\\/\\\/fuentesfidedignas.com.mx\\\/#\\\/schema\\\/logo\\\/image\\\/\",\"url\":\"https:\\\/\\\/fuentesfidedignas.com.mx\\\/wp-content\\\/uploads\\\/2021\\\/04\\\/logo-retina.png\",\"contentUrl\":\"https:\\\/\\\/fuentesfidedignas.com.mx\\\/wp-content\\\/uploads\\\/2021\\\/04\\\/logo-retina.png\",\"width\":280,\"height\":51,\"caption\":\"Fuentes Fidedignas\"},\"image\":{\"@id\":\"https:\\\/\\\/fuentesfidedignas.com.mx\\\/#\\\/schema\\\/logo\\\/image\\\/\"},\"sameAs\":[\"https:\\\/\\\/www.facebook.com\\\/Fuentes-Fidedignas-368234489921644\",\"https:\\\/\\\/x.com\\\/fidedignas\"]},{\"@type\":\"Person\",\"@id\":\"https:\\\/\\\/fuentesfidedignas.com.mx\\\/#\\\/schema\\\/person\\\/fee3882e65fd0510d292c43a346d35d7\",\"name\":\"El Universal\",\"image\":{\"@type\":\"ImageObject\",\"inLanguage\":\"es\",\"@id\":\"https:\\\/\\\/secure.gravatar.com\\\/avatar\\\/1ebc94d82b6c3c081781f73e5b76a0d0c1ac7bf8e57426f18802246eeaa2747c?s=96&d=mm&r=g\",\"url\":\"https:\\\/\\\/secure.gravatar.com\\\/avatar\\\/1ebc94d82b6c3c081781f73e5b76a0d0c1ac7bf8e57426f18802246eeaa2747c?s=96&d=mm&r=g\",\"contentUrl\":\"https:\\\/\\\/secure.gravatar.com\\\/avatar\\\/1ebc94d82b6c3c081781f73e5b76a0d0c1ac7bf8e57426f18802246eeaa2747c?s=96&d=mm&r=g\",\"caption\":\"El Universal\"},\"url\":\"https:\\\/\\\/fuentesfidedignas.com.mx\\\/index.php\\\/author\\\/el-universal\\\/\"}]}<\/script>\n<!-- \/ Yoast SEO plugin. -->","yoast_head_json":{"title":"\u00bfQui\u00e9n era el autor del tiroteo en Texas que dej\u00f3 21 muertos? - Fuentes Fidedignas","robots":{"index":"index","follow":"follow","max-snippet":"max-snippet:-1","max-image-preview":"max-image-preview:large","max-video-preview":"max-video-preview:-1"},"canonical":"https:\/\/fuentesfidedignas.com.mx\/index.php\/2022\/05\/25\/quien-era-el-autor-del-tiroteo-en-texas-que-dejo-21-muertos\/","og_locale":"es_MX","og_type":"article","og_title":"\u00bfQui\u00e9n era el autor del tiroteo en Texas que dej\u00f3 21 muertos? - Fuentes Fidedignas","og_description":"El joven ten\u00eda 18 a\u00f1os y era estudiante de la Uvalde High School. Seg\u00fan medios locales, antes de realizar el tiroteo en la escuela bale\u00f3 a su abuela Estados Unidos.- El autor del tiroteo mortal en una primaria de Uvalde, Texas, fue identificado como Salvador Ramos, de 18 a\u00f1os, quien falleci\u00f3 al parecer a manos [&hellip;]","og_url":"https:\/\/fuentesfidedignas.com.mx\/index.php\/2022\/05\/25\/quien-era-el-autor-del-tiroteo-en-texas-que-dejo-21-muertos\/","og_site_name":"Fuentes Fidedignas","article_publisher":"https:\/\/www.facebook.com\/Fuentes-Fidedignas-368234489921644","article_published_time":"2022-05-25T15:24:36+00:00","article_modified_time":"2022-05-25T15:29:26+00:00","og_image":[{"width":1280,"height":720,"url":"https:\/\/fuentesfidedignas.com.mx\/wp-content\/uploads\/2022\/05\/salvadorramos.jpg","type":"image\/jpeg"}],"author":"El Universal","twitter_card":"summary_large_image","twitter_creator":"@fidedignas","twitter_site":"@fidedignas","twitter_misc":{"Escrito por":"El Universal","Tiempo de lectura":"5 minutos"},"schema":{"@context":"https:\/\/schema.org","@graph":[{"@type":"Article","@id":"https:\/\/fuentesfidedignas.com.mx\/index.php\/2022\/05\/25\/quien-era-el-autor-del-tiroteo-en-texas-que-dejo-21-muertos\/#article","isPartOf":{"@id":"https:\/\/fuentesfidedignas.com.mx\/index.php\/2022\/05\/25\/quien-era-el-autor-del-tiroteo-en-texas-que-dejo-21-muertos\/"},"author":{"name":"El Universal","@id":"https:\/\/fuentesfidedignas.com.mx\/#\/schema\/person\/fee3882e65fd0510d292c43a346d35d7"},"headline":"\u00bfQui\u00e9n era el autor del tiroteo en Texas que dej\u00f3 21 muertos?","datePublished":"2022-05-25T15:24:36+00:00","dateModified":"2022-05-25T15:29:26+00:00","mainEntityOfPage":{"@id":"https:\/\/fuentesfidedignas.com.mx\/index.php\/2022\/05\/25\/quien-era-el-autor-del-tiroteo-en-texas-que-dejo-21-muertos\/"},"wordCount":1020,"commentCount":0,"publisher":{"@id":"https:\/\/fuentesfidedignas.com.mx\/#organization"},"image":{"@id":"https:\/\/fuentesfidedignas.com.mx\/index.php\/2022\/05\/25\/quien-era-el-autor-del-tiroteo-en-texas-que-dejo-21-muertos\/#primaryimage"},"thumbnailUrl":"https:\/\/fuentesfidedignas.com.mx\/wp-content\/uploads\/2022\/05\/salvadorramos.jpg","articleSection":["NOTICIAS NACIONALES"],"inLanguage":"es","potentialAction":[{"@type":"CommentAction","name":"Comment","target":["https:\/\/fuentesfidedignas.com.mx\/index.php\/2022\/05\/25\/quien-era-el-autor-del-tiroteo-en-texas-que-dejo-21-muertos\/#respond"]}]},{"@type":"WebPage","@id":"https:\/\/fuentesfidedignas.com.mx\/index.php\/2022\/05\/25\/quien-era-el-autor-del-tiroteo-en-texas-que-dejo-21-muertos\/","url":"https:\/\/fuentesfidedignas.com.mx\/index.php\/2022\/05\/25\/quien-era-el-autor-del-tiroteo-en-texas-que-dejo-21-muertos\/","name":"\u00bfQui\u00e9n era el autor del tiroteo en Texas que dej\u00f3 21 muertos? - Fuentes Fidedignas","isPartOf":{"@id":"https:\/\/fuentesfidedignas.com.mx\/#website"},"primaryImageOfPage":{"@id":"https:\/\/fuentesfidedignas.com.mx\/index.php\/2022\/05\/25\/quien-era-el-autor-del-tiroteo-en-texas-que-dejo-21-muertos\/#primaryimage"},"image":{"@id":"https:\/\/fuentesfidedignas.com.mx\/index.php\/2022\/05\/25\/quien-era-el-autor-del-tiroteo-en-texas-que-dejo-21-muertos\/#primaryimage"},"thumbnailUrl":"https:\/\/fuentesfidedignas.com.mx\/wp-content\/uploads\/2022\/05\/salvadorramos.jpg","datePublished":"2022-05-25T15:24:36+00:00","dateModified":"2022-05-25T15:29:26+00:00","breadcrumb":{"@id":"https:\/\/fuentesfidedignas.com.mx\/index.php\/2022\/05\/25\/quien-era-el-autor-del-tiroteo-en-texas-que-dejo-21-muertos\/#breadcrumb"},"inLanguage":"es","potentialAction":[{"@type":"ReadAction","target":["https:\/\/fuentesfidedignas.com.mx\/index.php\/2022\/05\/25\/quien-era-el-autor-del-tiroteo-en-texas-que-dejo-21-muertos\/"]}]},{"@type":"ImageObject","inLanguage":"es","@id":"https:\/\/fuentesfidedignas.com.mx\/index.php\/2022\/05\/25\/quien-era-el-autor-del-tiroteo-en-texas-que-dejo-21-muertos\/#primaryimage","url":"https:\/\/fuentesfidedignas.com.mx\/wp-content\/uploads\/2022\/05\/salvadorramos.jpg","contentUrl":"https:\/\/fuentesfidedignas.com.mx\/wp-content\/uploads\/2022\/05\/salvadorramos.jpg","width":1280,"height":720},{"@type":"BreadcrumbList","@id":"https:\/\/fuentesfidedignas.com.mx\/index.php\/2022\/05\/25\/quien-era-el-autor-del-tiroteo-en-texas-que-dejo-21-muertos\/#breadcrumb","itemListElement":[{"@type":"ListItem","position":1,"name":"Inicio","item":"https:\/\/fuentesfidedignas.com.mx\/"},{"@type":"ListItem","position":2,"name":"\u00bfQui\u00e9n era el autor del tiroteo en Texas que dej\u00f3 21 muertos?"}]},{"@type":"WebSite","@id":"https:\/\/fuentesfidedignas.com.mx\/#website","url":"https:\/\/fuentesfidedignas.com.mx\/","name":"Fuentes Fidedignas","description":"Otro sitio realizado con WordPress","publisher":{"@id":"https:\/\/fuentesfidedignas.com.mx\/#organization"},"potentialAction":[{"@type":"SearchAction","target":{"@type":"EntryPoint","urlTemplate":"https:\/\/fuentesfidedignas.com.mx\/?s={search_term_string}"},"query-input":{"@type":"PropertyValueSpecification","valueRequired":true,"valueName":"search_term_string"}}],"inLanguage":"es"},{"@type":"Organization","@id":"https:\/\/fuentesfidedignas.com.mx\/#organization","name":"Fuentes Fidedignas","url":"https:\/\/fuentesfidedignas.com.mx\/","logo":{"@type":"ImageObject","inLanguage":"es","@id":"https:\/\/fuentesfidedignas.com.mx\/#\/schema\/logo\/image\/","url":"https:\/\/fuentesfidedignas.com.mx\/wp-content\/uploads\/2021\/04\/logo-retina.png","contentUrl":"https:\/\/fuentesfidedignas.com.mx\/wp-content\/uploads\/2021\/04\/logo-retina.png","width":280,"height":51,"caption":"Fuentes Fidedignas"},"image":{"@id":"https:\/\/fuentesfidedignas.com.mx\/#\/schema\/logo\/image\/"},"sameAs":["https:\/\/www.facebook.com\/Fuentes-Fidedignas-368234489921644","https:\/\/x.com\/fidedignas"]},{"@type":"Person","@id":"https:\/\/fuentesfidedignas.com.mx\/#\/schema\/person\/fee3882e65fd0510d292c43a346d35d7","name":"El Universal","image":{"@type":"ImageObject","inLanguage":"es","@id":"https:\/\/secure.gravatar.com\/avatar\/1ebc94d82b6c3c081781f73e5b76a0d0c1ac7bf8e57426f18802246eeaa2747c?s=96&d=mm&r=g","url":"https:\/\/secure.gravatar.com\/avatar\/1ebc94d82b6c3c081781f73e5b76a0d0c1ac7bf8e57426f18802246eeaa2747c?s=96&d=mm&r=g","contentUrl":"https:\/\/secure.gravatar.com\/avatar\/1ebc94d82b6c3c081781f73e5b76a0d0c1ac7bf8e57426f18802246eeaa2747c?s=96&d=mm&r=g","caption":"El Universal"},"url":"https:\/\/fuentesfidedignas.com.mx\/index.php\/author\/el-universal\/"}]}},"_links":{"self":[{"href":"https:\/\/fuentesfidedignas.com.mx\/index.php\/wp-json\/wp\/v2\/posts\/32389","targetHints":{"allow":["GET"]}}],"collection":[{"href":"https:\/\/fuentesfidedignas.com.mx\/index.php\/wp-json\/wp\/v2\/posts"}],"about":[{"href":"https:\/\/fuentesfidedignas.com.mx\/index.php\/wp-json\/wp\/v2\/types\/post"}],"author":[{"embeddable":true,"href":"https:\/\/fuentesfidedignas.com.mx\/index.php\/wp-json\/wp\/v2\/users\/39"}],"replies":[{"embeddable":true,"href":"https:\/\/fuentesfidedignas.com.mx\/index.php\/wp-json\/wp\/v2\/comments?post=32389"}],"version-history":[{"count":2,"href":"https:\/\/fuentesfidedignas.com.mx\/index.php\/wp-json\/wp\/v2\/posts\/32389\/revisions"}],"predecessor-version":[{"id":32393,"href":"https:\/\/fuentesfidedignas.com.mx\/index.php\/wp-json\/wp\/v2\/posts\/32389\/revisions\/32393"}],"wp:featuredmedia":[{"embeddable":true,"href":"https:\/\/fuentesfidedignas.com.mx\/index.php\/wp-json\/wp\/v2\/media\/32390"}],"wp:attachment":[{"href":"https:\/\/fuentesfidedignas.com.mx\/index.php\/wp-json\/wp\/v2\/media?parent=32389"}],"wp:term":[{"taxonomy":"category","embeddable":true,"href":"https:\/\/fuentesfidedignas.com.mx\/index.php\/wp-json\/wp\/v2\/categories?post=32389"},{"taxonomy":"post_tag","embeddable":true,"href":"https:\/\/fuentesfidedignas.com.mx\/index.php\/wp-json\/wp\/v2\/tags?post=32389"}],"curies":[{"name":"wp","href":"https:\/\/api.w.org\/{rel}","templated":true}]}}