{"id":32381,"date":"2022-05-25T06:36:59","date_gmt":"2022-05-25T12:36:59","guid":{"rendered":"https:\/\/fuentesfidedignas.com.mx\/?p=32381"},"modified":"2022-05-25T06:37:27","modified_gmt":"2022-05-25T12:37:27","slug":"martes-24-de-mayo-el-dia-mas-violento-del-ano-con-118-homicidios-dolosos","status":"publish","type":"post","link":"https:\/\/fuentesfidedignas.com.mx\/index.php\/2022\/05\/25\/martes-24-de-mayo-el-dia-mas-violento-del-ano-con-118-homicidios-dolosos\/","title":{"rendered":"Martes 24 de mayo, el d\u00eda m\u00e1s violento del a\u00f1o con 118 homicidios dolosos"},"content":{"rendered":"\n<p><strong><em>M\u00e9xico registr\u00f3 ayer la cifra m\u00e1s alta de este a\u00f1o y la segunda en el hist\u00f3rico del sexenio del presidente Andr\u00e9s Manuel L\u00f3pez Obrador<\/em><\/strong><\/p>\n\n\n\n<p>Ciudad de M\u00e9xico.- M\u00e9xico registr\u00f3 este martes 24 de mayo 118 v\u00edctimas de homicidio doloso, la cifra m\u00e1s alta de este a\u00f1o y la segunda en el hist\u00f3rico del sexenio del presidente Andr\u00e9s Manuel L\u00f3pez Obrador.<\/p>\n\n\n\n<p>En la recta final, mayo, que se perfila para ser el mes m\u00e1s violento de la primera mitad de 2022, acumula cuatro d\u00edas con 100 o m\u00e1s asesinatos en un d\u00eda, seg\u00fan las estad\u00edsticas del reporte diario de este delito de alto impacto elaborado por el Gabinete de Seguridad federal.<\/p>\n\n\n\n<p>Estos son: 1 de mayo, 112<br>-15 de mayo, 105<br>-22 de mayo, 107<br>-24 de mayo, 118.<\/p>\n\n\n\n<p>De acuerdo con el informe, Guanajuato registr\u00f3 ayer 19 muertes intencionales; Estado de M\u00e9xico, 11; Chihuahua, 7; Morelos, 7; Nuevo Le\u00f3n, 7; Sonora, 7; Ciudad de M\u00e9xico, 6; Jalisco, 6; Michoac\u00e1n, 6.<\/p>\n\n\n\n<p>En lo que va de este mes, suman mil 980 v\u00edctimas de homicidio doloso, un promedio de 82 diarias, conforme al conteo diario.<\/p>\n\n\n\n<p>Cabe destacar que durante la gesti\u00f3n de L\u00f3pez Obrador se tienen r\u00e9cords hist\u00f3ricos de v\u00edctimas de violencia homicida y feminicida en el pa\u00eds, as\u00ed como en el promedio de asesinatos diarios.<\/p>\n\n\n\n<p>Por ejemplo, acumula 12 meses con 3 mil o m\u00e1s v\u00edctimas de homicidio doloso y feminicidio contra los tres que se registraron en todo el sexenio del priista, Enrique Pe\u00f1a Nieto, seg\u00fan el hist\u00f3rico estad\u00edstico del Secretariado Ejecutivo del Sistema Nacional de Seguridad P\u00fablica (SESNSP).<\/p>\n\n\n\n<p>A la fecha, acumula 22 d\u00edas con 100 o m\u00e1s asesinatos en 24 horas, esto de acuerdo con el reporte del conteo diario de v\u00edctimas de homicidio doloso elaborado por el Gabinete de Seguridad y que diario revisa el presidente L\u00f3pez Obrador, en la reuni\u00f3n de gabinete de seguridad en Palacio Nacional.<\/p>\n\n\n\n<p>El 1 de diciembre del 2019 se mantiene como el d\u00eda m\u00e1s violento del sexenio con 127 homicidios dolosos, seguido por el 24 de mayo de 2022 con 118, el 7 de junio del 2020 con 117; el 25 abril y 4 de julio del 2021 con 115 asesinatos, por cada d\u00eda; el 20 de abril y el 11 de octubre del 2020 se contabilizaron 114 v\u00edctimas por cada d\u00eda, mientras que en lo que va del 2022, el 1 de mayo sumaron 112, el 22 de mayo 107 y el 15 de mayo se registraron 105 asesinatos.<\/p>\n","protected":false},"excerpt":{"rendered":"<p>M\u00e9xico registr\u00f3 ayer la cifra m\u00e1s alta de este a\u00f1o y la segunda en el hist\u00f3rico del sexenio del presidente Andr\u00e9s Manuel L\u00f3pez Obrador Ciudad de M\u00e9xico.- M\u00e9xico registr\u00f3 este martes 24 de mayo 118 v\u00edctimas de homicidio doloso, la cifra m\u00e1s alta de este a\u00f1o y la segunda en el hist\u00f3rico del sexenio del [&hellip;]<\/p>\n","protected":false},"author":39,"featured_media":32382,"comment_status":"open","ping_status":"open","sticky":false,"template":"","format":"standard","meta":{"tdm_status":"","tdm_grid_status":"","footnotes":""},"categories":[39],"tags":[2847,2846,115],"class_list":{"0":"post-32381","1":"post","2":"type-post","3":"status-publish","4":"format-standard","5":"has-post-thumbnail","7":"category-noticias-nacionales","8":"tag-homicidios-dolosos","9":"tag-mayo","10":"tag-violencia"},"yoast_head":"<!-- This site is optimized with the Yoast SEO plugin v27.4 - https:\/\/yoast.com\/product\/yoast-seo-wordpress\/ -->\n<title>Martes 24 de mayo, el d\u00eda m\u00e1s violento del a\u00f1o con 118 homicidios dolosos - Fuentes Fidedignas<\/title>\n<meta name=\"robots\" content=\"index, follow, max-snippet:-1, max-image-preview:large, max-video-preview:-1\" \/>\n<link rel=\"canonical\" href=\"https:\/\/fuentesfidedignas.com.mx\/index.php\/2022\/05\/25\/martes-24-de-mayo-el-dia-mas-violento-del-ano-con-118-homicidios-dolosos\/\" \/>\n<meta property=\"og:locale\" content=\"es_MX\" \/>\n<meta property=\"og:type\" content=\"article\" \/>\n<meta property=\"og:title\" content=\"Martes 24 de mayo, el d\u00eda m\u00e1s violento del a\u00f1o con 118 homicidios dolosos - Fuentes Fidedignas\" \/>\n<meta property=\"og:description\" content=\"M\u00e9xico registr\u00f3 ayer la cifra m\u00e1s alta de este a\u00f1o y la segunda en el hist\u00f3rico del sexenio del presidente Andr\u00e9s Manuel L\u00f3pez Obrador Ciudad de M\u00e9xico.- M\u00e9xico registr\u00f3 este martes 24 de mayo 118 v\u00edctimas de homicidio doloso, la cifra m\u00e1s alta de este a\u00f1o y la segunda en el hist\u00f3rico del sexenio del [&hellip;]\" \/>\n<meta property=\"og:url\" content=\"https:\/\/fuentesfidedignas.com.mx\/index.php\/2022\/05\/25\/martes-24-de-mayo-el-dia-mas-violento-del-ano-con-118-homicidios-dolosos\/\" \/>\n<meta property=\"og:site_name\" content=\"Fuentes Fidedignas\" \/>\n<meta property=\"article:publisher\" content=\"https:\/\/www.facebook.com\/Fuentes-Fidedignas-368234489921644\" \/>\n<meta property=\"article:published_time\" content=\"2022-05-25T12:36:59+00:00\" \/>\n<meta property=\"article:modified_time\" content=\"2022-05-25T12:37:27+00:00\" \/>\n<meta property=\"og:image\" content=\"https:\/\/fuentesfidedignas.com.mx\/wp-content\/uploads\/2022\/05\/SEGURIDAD.jpg\" \/>\n\t<meta property=\"og:image:width\" content=\"1337\" \/>\n\t<meta property=\"og:image:height\" content=\"765\" \/>\n\t<meta property=\"og:image:type\" content=\"image\/jpeg\" \/>\n<meta name=\"author\" content=\"El Universal\" \/>\n<meta name=\"twitter:card\" content=\"summary_large_image\" \/>\n<meta name=\"twitter:creator\" content=\"@fidedignas\" \/>\n<meta name=\"twitter:site\" content=\"@fidedignas\" \/>\n<meta name=\"twitter:label1\" content=\"Escrito por\" \/>\n\t<meta name=\"twitter:data1\" content=\"El Universal\" \/>\n\t<meta name=\"twitter:label2\" content=\"Tiempo de lectura\" \/>\n\t<meta name=\"twitter:data2\" content=\"2 minutos\" \/>\n<script type=\"application\/ld+json\" class=\"yoast-schema-graph\">{\"@context\":\"https:\\\/\\\/schema.org\",\"@graph\":[{\"@type\":\"Article\",\"@id\":\"https:\\\/\\\/fuentesfidedignas.com.mx\\\/index.php\\\/2022\\\/05\\\/25\\\/martes-24-de-mayo-el-dia-mas-violento-del-ano-con-118-homicidios-dolosos\\\/#article\",\"isPartOf\":{\"@id\":\"https:\\\/\\\/fuentesfidedignas.com.mx\\\/index.php\\\/2022\\\/05\\\/25\\\/martes-24-de-mayo-el-dia-mas-violento-del-ano-con-118-homicidios-dolosos\\\/\"},\"author\":{\"name\":\"El Universal\",\"@id\":\"https:\\\/\\\/fuentesfidedignas.com.mx\\\/#\\\/schema\\\/person\\\/fee3882e65fd0510d292c43a346d35d7\"},\"headline\":\"Martes 24 de mayo, el d\u00eda m\u00e1s violento del a\u00f1o con 118 homicidios dolosos\",\"datePublished\":\"2022-05-25T12:36:59+00:00\",\"dateModified\":\"2022-05-25T12:37:27+00:00\",\"mainEntityOfPage\":{\"@id\":\"https:\\\/\\\/fuentesfidedignas.com.mx\\\/index.php\\\/2022\\\/05\\\/25\\\/martes-24-de-mayo-el-dia-mas-violento-del-ano-con-118-homicidios-dolosos\\\/\"},\"wordCount\":424,\"commentCount\":0,\"publisher\":{\"@id\":\"https:\\\/\\\/fuentesfidedignas.com.mx\\\/#organization\"},\"image\":{\"@id\":\"https:\\\/\\\/fuentesfidedignas.com.mx\\\/index.php\\\/2022\\\/05\\\/25\\\/martes-24-de-mayo-el-dia-mas-violento-del-ano-con-118-homicidios-dolosos\\\/#primaryimage\"},\"thumbnailUrl\":\"https:\\\/\\\/fuentesfidedignas.com.mx\\\/wp-content\\\/uploads\\\/2022\\\/05\\\/SEGURIDAD.jpg\",\"keywords\":[\"Homicidios dolosos\",\"Mayo\",\"violencia\"],\"articleSection\":[\"NOTICIAS NACIONALES\"],\"inLanguage\":\"es\",\"potentialAction\":[{\"@type\":\"CommentAction\",\"name\":\"Comment\",\"target\":[\"https:\\\/\\\/fuentesfidedignas.com.mx\\\/index.php\\\/2022\\\/05\\\/25\\\/martes-24-de-mayo-el-dia-mas-violento-del-ano-con-118-homicidios-dolosos\\\/#respond\"]}]},{\"@type\":\"WebPage\",\"@id\":\"https:\\\/\\\/fuentesfidedignas.com.mx\\\/index.php\\\/2022\\\/05\\\/25\\\/martes-24-de-mayo-el-dia-mas-violento-del-ano-con-118-homicidios-dolosos\\\/\",\"url\":\"https:\\\/\\\/fuentesfidedignas.com.mx\\\/index.php\\\/2022\\\/05\\\/25\\\/martes-24-de-mayo-el-dia-mas-violento-del-ano-con-118-homicidios-dolosos\\\/\",\"name\":\"Martes 24 de mayo, el d\u00eda m\u00e1s violento del a\u00f1o con 118 homicidios dolosos - Fuentes Fidedignas\",\"isPartOf\":{\"@id\":\"https:\\\/\\\/fuentesfidedignas.com.mx\\\/#website\"},\"primaryImageOfPage\":{\"@id\":\"https:\\\/\\\/fuentesfidedignas.com.mx\\\/index.php\\\/2022\\\/05\\\/25\\\/martes-24-de-mayo-el-dia-mas-violento-del-ano-con-118-homicidios-dolosos\\\/#primaryimage\"},\"image\":{\"@id\":\"https:\\\/\\\/fuentesfidedignas.com.mx\\\/index.php\\\/2022\\\/05\\\/25\\\/martes-24-de-mayo-el-dia-mas-violento-del-ano-con-118-homicidios-dolosos\\\/#primaryimage\"},\"thumbnailUrl\":\"https:\\\/\\\/fuentesfidedignas.com.mx\\\/wp-content\\\/uploads\\\/2022\\\/05\\\/SEGURIDAD.jpg\",\"datePublished\":\"2022-05-25T12:36:59+00:00\",\"dateModified\":\"2022-05-25T12:37:27+00:00\",\"breadcrumb\":{\"@id\":\"https:\\\/\\\/fuentesfidedignas.com.mx\\\/index.php\\\/2022\\\/05\\\/25\\\/martes-24-de-mayo-el-dia-mas-violento-del-ano-con-118-homicidios-dolosos\\\/#breadcrumb\"},\"inLanguage\":\"es\",\"potentialAction\":[{\"@type\":\"ReadAction\",\"target\":[\"https:\\\/\\\/fuentesfidedignas.com.mx\\\/index.php\\\/2022\\\/05\\\/25\\\/martes-24-de-mayo-el-dia-mas-violento-del-ano-con-118-homicidios-dolosos\\\/\"]}]},{\"@type\":\"ImageObject\",\"inLanguage\":\"es\",\"@id\":\"https:\\\/\\\/fuentesfidedignas.com.mx\\\/index.php\\\/2022\\\/05\\\/25\\\/martes-24-de-mayo-el-dia-mas-violento-del-ano-con-118-homicidios-dolosos\\\/#primaryimage\",\"url\":\"https:\\\/\\\/fuentesfidedignas.com.mx\\\/wp-content\\\/uploads\\\/2022\\\/05\\\/SEGURIDAD.jpg\",\"contentUrl\":\"https:\\\/\\\/fuentesfidedignas.com.mx\\\/wp-content\\\/uploads\\\/2022\\\/05\\\/SEGURIDAD.jpg\",\"width\":1337,\"height\":765},{\"@type\":\"BreadcrumbList\",\"@id\":\"https:\\\/\\\/fuentesfidedignas.com.mx\\\/index.php\\\/2022\\\/05\\\/25\\\/martes-24-de-mayo-el-dia-mas-violento-del-ano-con-118-homicidios-dolosos\\\/#breadcrumb\",\"itemListElement\":[{\"@type\":\"ListItem\",\"position\":1,\"name\":\"Inicio\",\"item\":\"https:\\\/\\\/fuentesfidedignas.com.mx\\\/\"},{\"@type\":\"ListItem\",\"position\":2,\"name\":\"Martes 24 de mayo, el d\u00eda m\u00e1s violento del a\u00f1o con 118 homicidios dolosos\"}]},{\"@type\":\"WebSite\",\"@id\":\"https:\\\/\\\/fuentesfidedignas.com.mx\\\/#website\",\"url\":\"https:\\\/\\\/fuentesfidedignas.com.mx\\\/\",\"name\":\"Fuentes Fidedignas\",\"description\":\"Otro sitio realizado con WordPress\",\"publisher\":{\"@id\":\"https:\\\/\\\/fuentesfidedignas.com.mx\\\/#organization\"},\"potentialAction\":[{\"@type\":\"SearchAction\",\"target\":{\"@type\":\"EntryPoint\",\"urlTemplate\":\"https:\\\/\\\/fuentesfidedignas.com.mx\\\/?s={search_term_string}\"},\"query-input\":{\"@type\":\"PropertyValueSpecification\",\"valueRequired\":true,\"valueName\":\"search_term_string\"}}],\"inLanguage\":\"es\"},{\"@type\":\"Organization\",\"@id\":\"https:\\\/\\\/fuentesfidedignas.com.mx\\\/#organization\",\"name\":\"Fuentes Fidedignas\",\"url\":\"https:\\\/\\\/fuentesfidedignas.com.mx\\\/\",\"logo\":{\"@type\":\"ImageObject\",\"inLanguage\":\"es\",\"@id\":\"https:\\\/\\\/fuentesfidedignas.com.mx\\\/#\\\/schema\\\/logo\\\/image\\\/\",\"url\":\"https:\\\/\\\/fuentesfidedignas.com.mx\\\/wp-content\\\/uploads\\\/2021\\\/04\\\/logo-retina.png\",\"contentUrl\":\"https:\\\/\\\/fuentesfidedignas.com.mx\\\/wp-content\\\/uploads\\\/2021\\\/04\\\/logo-retina.png\",\"width\":280,\"height\":51,\"caption\":\"Fuentes Fidedignas\"},\"image\":{\"@id\":\"https:\\\/\\\/fuentesfidedignas.com.mx\\\/#\\\/schema\\\/logo\\\/image\\\/\"},\"sameAs\":[\"https:\\\/\\\/www.facebook.com\\\/Fuentes-Fidedignas-368234489921644\",\"https:\\\/\\\/x.com\\\/fidedignas\"]},{\"@type\":\"Person\",\"@id\":\"https:\\\/\\\/fuentesfidedignas.com.mx\\\/#\\\/schema\\\/person\\\/fee3882e65fd0510d292c43a346d35d7\",\"name\":\"El Universal\",\"image\":{\"@type\":\"ImageObject\",\"inLanguage\":\"es\",\"@id\":\"https:\\\/\\\/secure.gravatar.com\\\/avatar\\\/1ebc94d82b6c3c081781f73e5b76a0d0c1ac7bf8e57426f18802246eeaa2747c?s=96&d=mm&r=g\",\"url\":\"https:\\\/\\\/secure.gravatar.com\\\/avatar\\\/1ebc94d82b6c3c081781f73e5b76a0d0c1ac7bf8e57426f18802246eeaa2747c?s=96&d=mm&r=g\",\"contentUrl\":\"https:\\\/\\\/secure.gravatar.com\\\/avatar\\\/1ebc94d82b6c3c081781f73e5b76a0d0c1ac7bf8e57426f18802246eeaa2747c?s=96&d=mm&r=g\",\"caption\":\"El Universal\"},\"url\":\"https:\\\/\\\/fuentesfidedignas.com.mx\\\/index.php\\\/author\\\/el-universal\\\/\"}]}<\/script>\n<!-- \/ Yoast SEO plugin. -->","yoast_head_json":{"title":"Martes 24 de mayo, el d\u00eda m\u00e1s violento del a\u00f1o con 118 homicidios dolosos - Fuentes Fidedignas","robots":{"index":"index","follow":"follow","max-snippet":"max-snippet:-1","max-image-preview":"max-image-preview:large","max-video-preview":"max-video-preview:-1"},"canonical":"https:\/\/fuentesfidedignas.com.mx\/index.php\/2022\/05\/25\/martes-24-de-mayo-el-dia-mas-violento-del-ano-con-118-homicidios-dolosos\/","og_locale":"es_MX","og_type":"article","og_title":"Martes 24 de mayo, el d\u00eda m\u00e1s violento del a\u00f1o con 118 homicidios dolosos - Fuentes Fidedignas","og_description":"M\u00e9xico registr\u00f3 ayer la cifra m\u00e1s alta de este a\u00f1o y la segunda en el hist\u00f3rico del sexenio del presidente Andr\u00e9s Manuel L\u00f3pez Obrador Ciudad de M\u00e9xico.- M\u00e9xico registr\u00f3 este martes 24 de mayo 118 v\u00edctimas de homicidio doloso, la cifra m\u00e1s alta de este a\u00f1o y la segunda en el hist\u00f3rico del sexenio del [&hellip;]","og_url":"https:\/\/fuentesfidedignas.com.mx\/index.php\/2022\/05\/25\/martes-24-de-mayo-el-dia-mas-violento-del-ano-con-118-homicidios-dolosos\/","og_site_name":"Fuentes Fidedignas","article_publisher":"https:\/\/www.facebook.com\/Fuentes-Fidedignas-368234489921644","article_published_time":"2022-05-25T12:36:59+00:00","article_modified_time":"2022-05-25T12:37:27+00:00","og_image":[{"width":1337,"height":765,"url":"https:\/\/fuentesfidedignas.com.mx\/wp-content\/uploads\/2022\/05\/SEGURIDAD.jpg","type":"image\/jpeg"}],"author":"El Universal","twitter_card":"summary_large_image","twitter_creator":"@fidedignas","twitter_site":"@fidedignas","twitter_misc":{"Escrito por":"El Universal","Tiempo de lectura":"2 minutos"},"schema":{"@context":"https:\/\/schema.org","@graph":[{"@type":"Article","@id":"https:\/\/fuentesfidedignas.com.mx\/index.php\/2022\/05\/25\/martes-24-de-mayo-el-dia-mas-violento-del-ano-con-118-homicidios-dolosos\/#article","isPartOf":{"@id":"https:\/\/fuentesfidedignas.com.mx\/index.php\/2022\/05\/25\/martes-24-de-mayo-el-dia-mas-violento-del-ano-con-118-homicidios-dolosos\/"},"author":{"name":"El Universal","@id":"https:\/\/fuentesfidedignas.com.mx\/#\/schema\/person\/fee3882e65fd0510d292c43a346d35d7"},"headline":"Martes 24 de mayo, el d\u00eda m\u00e1s violento del a\u00f1o con 118 homicidios dolosos","datePublished":"2022-05-25T12:36:59+00:00","dateModified":"2022-05-25T12:37:27+00:00","mainEntityOfPage":{"@id":"https:\/\/fuentesfidedignas.com.mx\/index.php\/2022\/05\/25\/martes-24-de-mayo-el-dia-mas-violento-del-ano-con-118-homicidios-dolosos\/"},"wordCount":424,"commentCount":0,"publisher":{"@id":"https:\/\/fuentesfidedignas.com.mx\/#organization"},"image":{"@id":"https:\/\/fuentesfidedignas.com.mx\/index.php\/2022\/05\/25\/martes-24-de-mayo-el-dia-mas-violento-del-ano-con-118-homicidios-dolosos\/#primaryimage"},"thumbnailUrl":"https:\/\/fuentesfidedignas.com.mx\/wp-content\/uploads\/2022\/05\/SEGURIDAD.jpg","keywords":["Homicidios dolosos","Mayo","violencia"],"articleSection":["NOTICIAS NACIONALES"],"inLanguage":"es","potentialAction":[{"@type":"CommentAction","name":"Comment","target":["https:\/\/fuentesfidedignas.com.mx\/index.php\/2022\/05\/25\/martes-24-de-mayo-el-dia-mas-violento-del-ano-con-118-homicidios-dolosos\/#respond"]}]},{"@type":"WebPage","@id":"https:\/\/fuentesfidedignas.com.mx\/index.php\/2022\/05\/25\/martes-24-de-mayo-el-dia-mas-violento-del-ano-con-118-homicidios-dolosos\/","url":"https:\/\/fuentesfidedignas.com.mx\/index.php\/2022\/05\/25\/martes-24-de-mayo-el-dia-mas-violento-del-ano-con-118-homicidios-dolosos\/","name":"Martes 24 de mayo, el d\u00eda m\u00e1s violento del a\u00f1o con 118 homicidios dolosos - Fuentes Fidedignas","isPartOf":{"@id":"https:\/\/fuentesfidedignas.com.mx\/#website"},"primaryImageOfPage":{"@id":"https:\/\/fuentesfidedignas.com.mx\/index.php\/2022\/05\/25\/martes-24-de-mayo-el-dia-mas-violento-del-ano-con-118-homicidios-dolosos\/#primaryimage"},"image":{"@id":"https:\/\/fuentesfidedignas.com.mx\/index.php\/2022\/05\/25\/martes-24-de-mayo-el-dia-mas-violento-del-ano-con-118-homicidios-dolosos\/#primaryimage"},"thumbnailUrl":"https:\/\/fuentesfidedignas.com.mx\/wp-content\/uploads\/2022\/05\/SEGURIDAD.jpg","datePublished":"2022-05-25T12:36:59+00:00","dateModified":"2022-05-25T12:37:27+00:00","breadcrumb":{"@id":"https:\/\/fuentesfidedignas.com.mx\/index.php\/2022\/05\/25\/martes-24-de-mayo-el-dia-mas-violento-del-ano-con-118-homicidios-dolosos\/#breadcrumb"},"inLanguage":"es","potentialAction":[{"@type":"ReadAction","target":["https:\/\/fuentesfidedignas.com.mx\/index.php\/2022\/05\/25\/martes-24-de-mayo-el-dia-mas-violento-del-ano-con-118-homicidios-dolosos\/"]}]},{"@type":"ImageObject","inLanguage":"es","@id":"https:\/\/fuentesfidedignas.com.mx\/index.php\/2022\/05\/25\/martes-24-de-mayo-el-dia-mas-violento-del-ano-con-118-homicidios-dolosos\/#primaryimage","url":"https:\/\/fuentesfidedignas.com.mx\/wp-content\/uploads\/2022\/05\/SEGURIDAD.jpg","contentUrl":"https:\/\/fuentesfidedignas.com.mx\/wp-content\/uploads\/2022\/05\/SEGURIDAD.jpg","width":1337,"height":765},{"@type":"BreadcrumbList","@id":"https:\/\/fuentesfidedignas.com.mx\/index.php\/2022\/05\/25\/martes-24-de-mayo-el-dia-mas-violento-del-ano-con-118-homicidios-dolosos\/#breadcrumb","itemListElement":[{"@type":"ListItem","position":1,"name":"Inicio","item":"https:\/\/fuentesfidedignas.com.mx\/"},{"@type":"ListItem","position":2,"name":"Martes 24 de mayo, el d\u00eda m\u00e1s violento del a\u00f1o con 118 homicidios dolosos"}]},{"@type":"WebSite","@id":"https:\/\/fuentesfidedignas.com.mx\/#website","url":"https:\/\/fuentesfidedignas.com.mx\/","name":"Fuentes Fidedignas","description":"Otro sitio realizado con WordPress","publisher":{"@id":"https:\/\/fuentesfidedignas.com.mx\/#organization"},"potentialAction":[{"@type":"SearchAction","target":{"@type":"EntryPoint","urlTemplate":"https:\/\/fuentesfidedignas.com.mx\/?s={search_term_string}"},"query-input":{"@type":"PropertyValueSpecification","valueRequired":true,"valueName":"search_term_string"}}],"inLanguage":"es"},{"@type":"Organization","@id":"https:\/\/fuentesfidedignas.com.mx\/#organization","name":"Fuentes Fidedignas","url":"https:\/\/fuentesfidedignas.com.mx\/","logo":{"@type":"ImageObject","inLanguage":"es","@id":"https:\/\/fuentesfidedignas.com.mx\/#\/schema\/logo\/image\/","url":"https:\/\/fuentesfidedignas.com.mx\/wp-content\/uploads\/2021\/04\/logo-retina.png","contentUrl":"https:\/\/fuentesfidedignas.com.mx\/wp-content\/uploads\/2021\/04\/logo-retina.png","width":280,"height":51,"caption":"Fuentes Fidedignas"},"image":{"@id":"https:\/\/fuentesfidedignas.com.mx\/#\/schema\/logo\/image\/"},"sameAs":["https:\/\/www.facebook.com\/Fuentes-Fidedignas-368234489921644","https:\/\/x.com\/fidedignas"]},{"@type":"Person","@id":"https:\/\/fuentesfidedignas.com.mx\/#\/schema\/person\/fee3882e65fd0510d292c43a346d35d7","name":"El Universal","image":{"@type":"ImageObject","inLanguage":"es","@id":"https:\/\/secure.gravatar.com\/avatar\/1ebc94d82b6c3c081781f73e5b76a0d0c1ac7bf8e57426f18802246eeaa2747c?s=96&d=mm&r=g","url":"https:\/\/secure.gravatar.com\/avatar\/1ebc94d82b6c3c081781f73e5b76a0d0c1ac7bf8e57426f18802246eeaa2747c?s=96&d=mm&r=g","contentUrl":"https:\/\/secure.gravatar.com\/avatar\/1ebc94d82b6c3c081781f73e5b76a0d0c1ac7bf8e57426f18802246eeaa2747c?s=96&d=mm&r=g","caption":"El Universal"},"url":"https:\/\/fuentesfidedignas.com.mx\/index.php\/author\/el-universal\/"}]}},"_links":{"self":[{"href":"https:\/\/fuentesfidedignas.com.mx\/index.php\/wp-json\/wp\/v2\/posts\/32381","targetHints":{"allow":["GET"]}}],"collection":[{"href":"https:\/\/fuentesfidedignas.com.mx\/index.php\/wp-json\/wp\/v2\/posts"}],"about":[{"href":"https:\/\/fuentesfidedignas.com.mx\/index.php\/wp-json\/wp\/v2\/types\/post"}],"author":[{"embeddable":true,"href":"https:\/\/fuentesfidedignas.com.mx\/index.php\/wp-json\/wp\/v2\/users\/39"}],"replies":[{"embeddable":true,"href":"https:\/\/fuentesfidedignas.com.mx\/index.php\/wp-json\/wp\/v2\/comments?post=32381"}],"version-history":[{"count":1,"href":"https:\/\/fuentesfidedignas.com.mx\/index.php\/wp-json\/wp\/v2\/posts\/32381\/revisions"}],"predecessor-version":[{"id":32383,"href":"https:\/\/fuentesfidedignas.com.mx\/index.php\/wp-json\/wp\/v2\/posts\/32381\/revisions\/32383"}],"wp:featuredmedia":[{"embeddable":true,"href":"https:\/\/fuentesfidedignas.com.mx\/index.php\/wp-json\/wp\/v2\/media\/32382"}],"wp:attachment":[{"href":"https:\/\/fuentesfidedignas.com.mx\/index.php\/wp-json\/wp\/v2\/media?parent=32381"}],"wp:term":[{"taxonomy":"category","embeddable":true,"href":"https:\/\/fuentesfidedignas.com.mx\/index.php\/wp-json\/wp\/v2\/categories?post=32381"},{"taxonomy":"post_tag","embeddable":true,"href":"https:\/\/fuentesfidedignas.com.mx\/index.php\/wp-json\/wp\/v2\/tags?post=32381"}],"curies":[{"name":"wp","href":"https:\/\/api.w.org\/{rel}","templated":true}]}}