{"id":32165,"date":"2022-05-23T11:29:23","date_gmt":"2022-05-23T17:29:23","guid":{"rendered":"https:\/\/fuentesfidedignas.com.mx\/?p=32165"},"modified":"2022-05-23T11:29:25","modified_gmt":"2022-05-23T17:29:25","slug":"ahome-reconoce-a-estudiantes-con-excelente-desempeno","status":"publish","type":"post","link":"https:\/\/fuentesfidedignas.com.mx\/index.php\/2022\/05\/23\/ahome-reconoce-a-estudiantes-con-excelente-desempeno\/","title":{"rendered":"Ahome reconoce a estudiantes con excelente desempe\u00f1o"},"content":{"rendered":"\n<p>Gerardo Vargas Landeros, presidente municipal entreg\u00f3 los galardones en ceremonia c\u00edvica conmemorativa del 132 aniversario de nacimiento del Gral. Rafael Buelna Tenorio y del D\u00eda del Estudiante<\/p>\n\n\n\n<p>Ahome, Sin.- En el marco del 132 aniversario del nacimiento del insigne sinaloense Gral. Rafael Buelna Tenorio, \u201cEl Granito de Oro\u201d, el Presidente Municipal, Gerardo Vargas Landero entreg\u00f3 reconocimiento a estudiantes ahomenses que se distinguen por su excelente desempe\u00f1o.<\/p>\n\n\n\n<p><br>Quienes recibieron las distinciones son los j\u00f3venes Axel Flores Fonseca; Jos\u00e9 Enrique Castro \u00c1vila; Jes\u00fas Gilberto Flores Rivas; Miguel \u00c1ngel Ram\u00edrez Garrido; Mar\u00eda Fernanda Montoya L\u00f3pez; Irene Escudero C\u00e1zares y Marcela Aguirre Valdez, quien emiti\u00f3 un mensaje en el que invit\u00f3 a la ciudadan\u00eda a reflexionar sobre el significado de ser estudiante.<\/p>\n\n\n\n<p>\u201cEs aprender y conocerse a uno mismo, para ser mejores personas y construir una vida mejor. Los invito, compa\u00f1eros estudiantes a ser la voz de los ni\u00f1os y j\u00f3venes, y a los adultos y gobernantes a que nos escuchen\u201d, expres\u00f3 la estudiante.<\/p>\n\n\n\n<p>Sobre el devenir hist\u00f3rico del Gral. Rafael Buelna Tenorio, habl\u00f3 el profesor Juan Antonio Hern\u00e1ndez Cruz, presidente de la Asociaci\u00f3n Pol\u00edtica Gral. Rafael Buelna Tenorio, quien exalt\u00f3 la val\u00eda del General m\u00e1s joven de la Revoluci\u00f3n, conocido como El Granito de Oro, originario de Mocorito.<\/p>\n\n\n\n<p>Resalt\u00f3 que en 1964 fue declarado Hijo predilecto de Sinaloa y se inscribi\u00f3 su nombre con letras de oro en el Congreso del Estado, y el 23 de Mayo de 1970 la Universidad Aut\u00f3noma de Sinaloa UAS, decret\u00f3 la fecha como D\u00eda del Estudiante, que se retom\u00f3 para todo el pa\u00eds. Tambi\u00e9n invit\u00f3 a la poblaci\u00f3n a ver la pel\u00edcula Ciudadano Buelna, que est\u00e1 disponible en Internet.<\/p>\n\n\n\n<p>El evento c\u00edvico, celebrado en la explanada de Palacio Municipal, estuvo engalanado por la Escolta y Banda de Guerra de la Secretar\u00eda de Seguridad y Protecci\u00f3n Ciudadana, en tanto que el Himno Nacional fue entonado por el ni\u00f1o Jeremy Armenta Islas, de la Academia de canto Pilar del Roc\u00edo. Tambi\u00e9n se cont\u00f3 con la presencia de agrupamiento de la Marina y el Ej\u00e9rcito Mexicano.<\/p>\n\n\n\n<p>Entre los invitados especiales del Alcalde a este evento, estuvieron los mandos militares y policiales, as\u00ed como representantes de la SEPyC, Inter camaral, Regidores, Funcionarios, familiares de los estudiantes galardonados, entre otros ciudadanos.<\/p>\n","protected":false},"excerpt":{"rendered":"<p>Gerardo Vargas Landeros, presidente municipal entreg\u00f3 los galardones en ceremonia c\u00edvica conmemorativa del 132 aniversario de nacimiento del Gral. Rafael Buelna Tenorio y del D\u00eda del Estudiante Ahome, Sin.- En el marco del 132 aniversario del nacimiento del insigne sinaloense Gral. Rafael Buelna Tenorio, \u201cEl Granito de Oro\u201d, el Presidente Municipal, Gerardo Vargas Landero entreg\u00f3 [&hellip;]<\/p>\n","protected":false},"author":4,"featured_media":32166,"comment_status":"open","ping_status":"open","sticky":false,"template":"","format":"standard","meta":{"tdm_status":"","tdm_grid_status":"","footnotes":""},"categories":[38],"tags":[278,1715,2190,1654],"class_list":{"0":"post-32165","1":"post","2":"type-post","3":"status-publish","4":"format-standard","5":"has-post-thumbnail","7":"category-noticias-locales","8":"tag-ahome","9":"tag-ayuntamiento-de-ahome","10":"tag-estudiantes","11":"tag-gerardo-vargas-landeros"},"yoast_head":"<!-- This site is optimized with the Yoast SEO plugin v27.5 - https:\/\/yoast.com\/product\/yoast-seo-wordpress\/ -->\n<title>Ahome reconoce a estudiantes con excelente desempe\u00f1o - Fuentes Fidedignas<\/title>\n<meta name=\"robots\" content=\"index, follow, max-snippet:-1, max-image-preview:large, max-video-preview:-1\" \/>\n<link rel=\"canonical\" href=\"https:\/\/fuentesfidedignas.com.mx\/index.php\/2022\/05\/23\/ahome-reconoce-a-estudiantes-con-excelente-desempeno\/\" \/>\n<meta property=\"og:locale\" content=\"es_MX\" \/>\n<meta property=\"og:type\" content=\"article\" \/>\n<meta property=\"og:title\" content=\"Ahome reconoce a estudiantes con excelente desempe\u00f1o - Fuentes Fidedignas\" \/>\n<meta property=\"og:description\" content=\"Gerardo Vargas Landeros, presidente municipal entreg\u00f3 los galardones en ceremonia c\u00edvica conmemorativa del 132 aniversario de nacimiento del Gral. Rafael Buelna Tenorio y del D\u00eda del Estudiante Ahome, Sin.- En el marco del 132 aniversario del nacimiento del insigne sinaloense Gral. Rafael Buelna Tenorio, \u201cEl Granito de Oro\u201d, el Presidente Municipal, Gerardo Vargas Landero entreg\u00f3 [&hellip;]\" \/>\n<meta property=\"og:url\" content=\"https:\/\/fuentesfidedignas.com.mx\/index.php\/2022\/05\/23\/ahome-reconoce-a-estudiantes-con-excelente-desempeno\/\" \/>\n<meta property=\"og:site_name\" content=\"Fuentes Fidedignas\" \/>\n<meta property=\"article:publisher\" content=\"https:\/\/www.facebook.com\/Fuentes-Fidedignas-368234489921644\" \/>\n<meta property=\"article:published_time\" content=\"2022-05-23T17:29:23+00:00\" \/>\n<meta property=\"article:modified_time\" content=\"2022-05-23T17:29:25+00:00\" \/>\n<meta property=\"og:image\" content=\"https:\/\/fuentesfidedignas.com.mx\/wp-content\/uploads\/2022\/05\/732e7632-c393-4270-8961-1633f698ee90.jpg\" \/>\n\t<meta property=\"og:image:width\" content=\"1599\" \/>\n\t<meta property=\"og:image:height\" content=\"1066\" \/>\n\t<meta property=\"og:image:type\" content=\"image\/jpeg\" \/>\n<meta name=\"author\" content=\"Redacci\u00f3n\" \/>\n<meta name=\"twitter:card\" content=\"summary_large_image\" \/>\n<meta name=\"twitter:creator\" content=\"@fidedignas\" \/>\n<meta name=\"twitter:site\" content=\"@fidedignas\" \/>\n<meta name=\"twitter:label1\" content=\"Escrito por\" \/>\n\t<meta name=\"twitter:data1\" content=\"Redacci\u00f3n\" \/>\n\t<meta name=\"twitter:label2\" content=\"Tiempo de lectura\" \/>\n\t<meta name=\"twitter:data2\" content=\"2 minutos\" \/>\n<script type=\"application\/ld+json\" class=\"yoast-schema-graph\">{\"@context\":\"https:\\\/\\\/schema.org\",\"@graph\":[{\"@type\":\"Article\",\"@id\":\"https:\\\/\\\/fuentesfidedignas.com.mx\\\/index.php\\\/2022\\\/05\\\/23\\\/ahome-reconoce-a-estudiantes-con-excelente-desempeno\\\/#article\",\"isPartOf\":{\"@id\":\"https:\\\/\\\/fuentesfidedignas.com.mx\\\/index.php\\\/2022\\\/05\\\/23\\\/ahome-reconoce-a-estudiantes-con-excelente-desempeno\\\/\"},\"author\":{\"name\":\"Redacci\u00f3n\",\"@id\":\"https:\\\/\\\/fuentesfidedignas.com.mx\\\/#\\\/schema\\\/person\\\/331be9283d37198e2acd5750279085b0\"},\"headline\":\"Ahome reconoce a estudiantes con excelente desempe\u00f1o\",\"datePublished\":\"2022-05-23T17:29:23+00:00\",\"dateModified\":\"2022-05-23T17:29:25+00:00\",\"mainEntityOfPage\":{\"@id\":\"https:\\\/\\\/fuentesfidedignas.com.mx\\\/index.php\\\/2022\\\/05\\\/23\\\/ahome-reconoce-a-estudiantes-con-excelente-desempeno\\\/\"},\"wordCount\":406,\"commentCount\":0,\"publisher\":{\"@id\":\"https:\\\/\\\/fuentesfidedignas.com.mx\\\/#organization\"},\"image\":{\"@id\":\"https:\\\/\\\/fuentesfidedignas.com.mx\\\/index.php\\\/2022\\\/05\\\/23\\\/ahome-reconoce-a-estudiantes-con-excelente-desempeno\\\/#primaryimage\"},\"thumbnailUrl\":\"https:\\\/\\\/fuentesfidedignas.com.mx\\\/wp-content\\\/uploads\\\/2022\\\/05\\\/732e7632-c393-4270-8961-1633f698ee90.jpg\",\"keywords\":[\"Ahome\",\"Ayuntamiento de Ahome\",\"Estudiantes\",\"Gerardo Vargas Landeros\"],\"articleSection\":[\"NOTICIAS LOCALES\"],\"inLanguage\":\"es\",\"potentialAction\":[{\"@type\":\"CommentAction\",\"name\":\"Comment\",\"target\":[\"https:\\\/\\\/fuentesfidedignas.com.mx\\\/index.php\\\/2022\\\/05\\\/23\\\/ahome-reconoce-a-estudiantes-con-excelente-desempeno\\\/#respond\"]}]},{\"@type\":\"WebPage\",\"@id\":\"https:\\\/\\\/fuentesfidedignas.com.mx\\\/index.php\\\/2022\\\/05\\\/23\\\/ahome-reconoce-a-estudiantes-con-excelente-desempeno\\\/\",\"url\":\"https:\\\/\\\/fuentesfidedignas.com.mx\\\/index.php\\\/2022\\\/05\\\/23\\\/ahome-reconoce-a-estudiantes-con-excelente-desempeno\\\/\",\"name\":\"Ahome reconoce a estudiantes con excelente desempe\u00f1o - Fuentes Fidedignas\",\"isPartOf\":{\"@id\":\"https:\\\/\\\/fuentesfidedignas.com.mx\\\/#website\"},\"primaryImageOfPage\":{\"@id\":\"https:\\\/\\\/fuentesfidedignas.com.mx\\\/index.php\\\/2022\\\/05\\\/23\\\/ahome-reconoce-a-estudiantes-con-excelente-desempeno\\\/#primaryimage\"},\"image\":{\"@id\":\"https:\\\/\\\/fuentesfidedignas.com.mx\\\/index.php\\\/2022\\\/05\\\/23\\\/ahome-reconoce-a-estudiantes-con-excelente-desempeno\\\/#primaryimage\"},\"thumbnailUrl\":\"https:\\\/\\\/fuentesfidedignas.com.mx\\\/wp-content\\\/uploads\\\/2022\\\/05\\\/732e7632-c393-4270-8961-1633f698ee90.jpg\",\"datePublished\":\"2022-05-23T17:29:23+00:00\",\"dateModified\":\"2022-05-23T17:29:25+00:00\",\"breadcrumb\":{\"@id\":\"https:\\\/\\\/fuentesfidedignas.com.mx\\\/index.php\\\/2022\\\/05\\\/23\\\/ahome-reconoce-a-estudiantes-con-excelente-desempeno\\\/#breadcrumb\"},\"inLanguage\":\"es\",\"potentialAction\":[{\"@type\":\"ReadAction\",\"target\":[\"https:\\\/\\\/fuentesfidedignas.com.mx\\\/index.php\\\/2022\\\/05\\\/23\\\/ahome-reconoce-a-estudiantes-con-excelente-desempeno\\\/\"]}]},{\"@type\":\"ImageObject\",\"inLanguage\":\"es\",\"@id\":\"https:\\\/\\\/fuentesfidedignas.com.mx\\\/index.php\\\/2022\\\/05\\\/23\\\/ahome-reconoce-a-estudiantes-con-excelente-desempeno\\\/#primaryimage\",\"url\":\"https:\\\/\\\/fuentesfidedignas.com.mx\\\/wp-content\\\/uploads\\\/2022\\\/05\\\/732e7632-c393-4270-8961-1633f698ee90.jpg\",\"contentUrl\":\"https:\\\/\\\/fuentesfidedignas.com.mx\\\/wp-content\\\/uploads\\\/2022\\\/05\\\/732e7632-c393-4270-8961-1633f698ee90.jpg\",\"width\":1599,\"height\":1066},{\"@type\":\"BreadcrumbList\",\"@id\":\"https:\\\/\\\/fuentesfidedignas.com.mx\\\/index.php\\\/2022\\\/05\\\/23\\\/ahome-reconoce-a-estudiantes-con-excelente-desempeno\\\/#breadcrumb\",\"itemListElement\":[{\"@type\":\"ListItem\",\"position\":1,\"name\":\"Inicio\",\"item\":\"https:\\\/\\\/fuentesfidedignas.com.mx\\\/\"},{\"@type\":\"ListItem\",\"position\":2,\"name\":\"Ahome reconoce a estudiantes con excelente desempe\u00f1o\"}]},{\"@type\":\"WebSite\",\"@id\":\"https:\\\/\\\/fuentesfidedignas.com.mx\\\/#website\",\"url\":\"https:\\\/\\\/fuentesfidedignas.com.mx\\\/\",\"name\":\"Fuentes Fidedignas\",\"description\":\"Otro sitio realizado con WordPress\",\"publisher\":{\"@id\":\"https:\\\/\\\/fuentesfidedignas.com.mx\\\/#organization\"},\"potentialAction\":[{\"@type\":\"SearchAction\",\"target\":{\"@type\":\"EntryPoint\",\"urlTemplate\":\"https:\\\/\\\/fuentesfidedignas.com.mx\\\/?s={search_term_string}\"},\"query-input\":{\"@type\":\"PropertyValueSpecification\",\"valueRequired\":true,\"valueName\":\"search_term_string\"}}],\"inLanguage\":\"es\"},{\"@type\":\"Organization\",\"@id\":\"https:\\\/\\\/fuentesfidedignas.com.mx\\\/#organization\",\"name\":\"Fuentes Fidedignas\",\"url\":\"https:\\\/\\\/fuentesfidedignas.com.mx\\\/\",\"logo\":{\"@type\":\"ImageObject\",\"inLanguage\":\"es\",\"@id\":\"https:\\\/\\\/fuentesfidedignas.com.mx\\\/#\\\/schema\\\/logo\\\/image\\\/\",\"url\":\"https:\\\/\\\/fuentesfidedignas.com.mx\\\/wp-content\\\/uploads\\\/2021\\\/04\\\/logo-retina.png\",\"contentUrl\":\"https:\\\/\\\/fuentesfidedignas.com.mx\\\/wp-content\\\/uploads\\\/2021\\\/04\\\/logo-retina.png\",\"width\":280,\"height\":51,\"caption\":\"Fuentes Fidedignas\"},\"image\":{\"@id\":\"https:\\\/\\\/fuentesfidedignas.com.mx\\\/#\\\/schema\\\/logo\\\/image\\\/\"},\"sameAs\":[\"https:\\\/\\\/www.facebook.com\\\/Fuentes-Fidedignas-368234489921644\",\"https:\\\/\\\/x.com\\\/fidedignas\"]},{\"@type\":\"Person\",\"@id\":\"https:\\\/\\\/fuentesfidedignas.com.mx\\\/#\\\/schema\\\/person\\\/331be9283d37198e2acd5750279085b0\",\"name\":\"Redacci\u00f3n\",\"image\":{\"@type\":\"ImageObject\",\"inLanguage\":\"es\",\"@id\":\"https:\\\/\\\/secure.gravatar.com\\\/avatar\\\/f6d8782c11d12b2d4ad3fbb6931aeab5309937a4d6cd2fc9cfaa28a6396a5aec?s=96&d=mm&r=g\",\"url\":\"https:\\\/\\\/secure.gravatar.com\\\/avatar\\\/f6d8782c11d12b2d4ad3fbb6931aeab5309937a4d6cd2fc9cfaa28a6396a5aec?s=96&d=mm&r=g\",\"contentUrl\":\"https:\\\/\\\/secure.gravatar.com\\\/avatar\\\/f6d8782c11d12b2d4ad3fbb6931aeab5309937a4d6cd2fc9cfaa28a6396a5aec?s=96&d=mm&r=g\",\"caption\":\"Redacci\u00f3n\"},\"url\":\"https:\\\/\\\/fuentesfidedignas.com.mx\\\/index.php\\\/author\\\/redaccion\\\/\"}]}<\/script>\n<!-- \/ Yoast SEO plugin. -->","yoast_head_json":{"title":"Ahome reconoce a estudiantes con excelente desempe\u00f1o - Fuentes Fidedignas","robots":{"index":"index","follow":"follow","max-snippet":"max-snippet:-1","max-image-preview":"max-image-preview:large","max-video-preview":"max-video-preview:-1"},"canonical":"https:\/\/fuentesfidedignas.com.mx\/index.php\/2022\/05\/23\/ahome-reconoce-a-estudiantes-con-excelente-desempeno\/","og_locale":"es_MX","og_type":"article","og_title":"Ahome reconoce a estudiantes con excelente desempe\u00f1o - Fuentes Fidedignas","og_description":"Gerardo Vargas Landeros, presidente municipal entreg\u00f3 los galardones en ceremonia c\u00edvica conmemorativa del 132 aniversario de nacimiento del Gral. Rafael Buelna Tenorio y del D\u00eda del Estudiante Ahome, Sin.- En el marco del 132 aniversario del nacimiento del insigne sinaloense Gral. Rafael Buelna Tenorio, \u201cEl Granito de Oro\u201d, el Presidente Municipal, Gerardo Vargas Landero entreg\u00f3 [&hellip;]","og_url":"https:\/\/fuentesfidedignas.com.mx\/index.php\/2022\/05\/23\/ahome-reconoce-a-estudiantes-con-excelente-desempeno\/","og_site_name":"Fuentes Fidedignas","article_publisher":"https:\/\/www.facebook.com\/Fuentes-Fidedignas-368234489921644","article_published_time":"2022-05-23T17:29:23+00:00","article_modified_time":"2022-05-23T17:29:25+00:00","og_image":[{"width":1599,"height":1066,"url":"https:\/\/fuentesfidedignas.com.mx\/wp-content\/uploads\/2022\/05\/732e7632-c393-4270-8961-1633f698ee90.jpg","type":"image\/jpeg"}],"author":"Redacci\u00f3n","twitter_card":"summary_large_image","twitter_creator":"@fidedignas","twitter_site":"@fidedignas","twitter_misc":{"Escrito por":"Redacci\u00f3n","Tiempo de lectura":"2 minutos"},"schema":{"@context":"https:\/\/schema.org","@graph":[{"@type":"Article","@id":"https:\/\/fuentesfidedignas.com.mx\/index.php\/2022\/05\/23\/ahome-reconoce-a-estudiantes-con-excelente-desempeno\/#article","isPartOf":{"@id":"https:\/\/fuentesfidedignas.com.mx\/index.php\/2022\/05\/23\/ahome-reconoce-a-estudiantes-con-excelente-desempeno\/"},"author":{"name":"Redacci\u00f3n","@id":"https:\/\/fuentesfidedignas.com.mx\/#\/schema\/person\/331be9283d37198e2acd5750279085b0"},"headline":"Ahome reconoce a estudiantes con excelente desempe\u00f1o","datePublished":"2022-05-23T17:29:23+00:00","dateModified":"2022-05-23T17:29:25+00:00","mainEntityOfPage":{"@id":"https:\/\/fuentesfidedignas.com.mx\/index.php\/2022\/05\/23\/ahome-reconoce-a-estudiantes-con-excelente-desempeno\/"},"wordCount":406,"commentCount":0,"publisher":{"@id":"https:\/\/fuentesfidedignas.com.mx\/#organization"},"image":{"@id":"https:\/\/fuentesfidedignas.com.mx\/index.php\/2022\/05\/23\/ahome-reconoce-a-estudiantes-con-excelente-desempeno\/#primaryimage"},"thumbnailUrl":"https:\/\/fuentesfidedignas.com.mx\/wp-content\/uploads\/2022\/05\/732e7632-c393-4270-8961-1633f698ee90.jpg","keywords":["Ahome","Ayuntamiento de Ahome","Estudiantes","Gerardo Vargas Landeros"],"articleSection":["NOTICIAS LOCALES"],"inLanguage":"es","potentialAction":[{"@type":"CommentAction","name":"Comment","target":["https:\/\/fuentesfidedignas.com.mx\/index.php\/2022\/05\/23\/ahome-reconoce-a-estudiantes-con-excelente-desempeno\/#respond"]}]},{"@type":"WebPage","@id":"https:\/\/fuentesfidedignas.com.mx\/index.php\/2022\/05\/23\/ahome-reconoce-a-estudiantes-con-excelente-desempeno\/","url":"https:\/\/fuentesfidedignas.com.mx\/index.php\/2022\/05\/23\/ahome-reconoce-a-estudiantes-con-excelente-desempeno\/","name":"Ahome reconoce a estudiantes con excelente desempe\u00f1o - Fuentes Fidedignas","isPartOf":{"@id":"https:\/\/fuentesfidedignas.com.mx\/#website"},"primaryImageOfPage":{"@id":"https:\/\/fuentesfidedignas.com.mx\/index.php\/2022\/05\/23\/ahome-reconoce-a-estudiantes-con-excelente-desempeno\/#primaryimage"},"image":{"@id":"https:\/\/fuentesfidedignas.com.mx\/index.php\/2022\/05\/23\/ahome-reconoce-a-estudiantes-con-excelente-desempeno\/#primaryimage"},"thumbnailUrl":"https:\/\/fuentesfidedignas.com.mx\/wp-content\/uploads\/2022\/05\/732e7632-c393-4270-8961-1633f698ee90.jpg","datePublished":"2022-05-23T17:29:23+00:00","dateModified":"2022-05-23T17:29:25+00:00","breadcrumb":{"@id":"https:\/\/fuentesfidedignas.com.mx\/index.php\/2022\/05\/23\/ahome-reconoce-a-estudiantes-con-excelente-desempeno\/#breadcrumb"},"inLanguage":"es","potentialAction":[{"@type":"ReadAction","target":["https:\/\/fuentesfidedignas.com.mx\/index.php\/2022\/05\/23\/ahome-reconoce-a-estudiantes-con-excelente-desempeno\/"]}]},{"@type":"ImageObject","inLanguage":"es","@id":"https:\/\/fuentesfidedignas.com.mx\/index.php\/2022\/05\/23\/ahome-reconoce-a-estudiantes-con-excelente-desempeno\/#primaryimage","url":"https:\/\/fuentesfidedignas.com.mx\/wp-content\/uploads\/2022\/05\/732e7632-c393-4270-8961-1633f698ee90.jpg","contentUrl":"https:\/\/fuentesfidedignas.com.mx\/wp-content\/uploads\/2022\/05\/732e7632-c393-4270-8961-1633f698ee90.jpg","width":1599,"height":1066},{"@type":"BreadcrumbList","@id":"https:\/\/fuentesfidedignas.com.mx\/index.php\/2022\/05\/23\/ahome-reconoce-a-estudiantes-con-excelente-desempeno\/#breadcrumb","itemListElement":[{"@type":"ListItem","position":1,"name":"Inicio","item":"https:\/\/fuentesfidedignas.com.mx\/"},{"@type":"ListItem","position":2,"name":"Ahome reconoce a estudiantes con excelente desempe\u00f1o"}]},{"@type":"WebSite","@id":"https:\/\/fuentesfidedignas.com.mx\/#website","url":"https:\/\/fuentesfidedignas.com.mx\/","name":"Fuentes Fidedignas","description":"Otro sitio realizado con WordPress","publisher":{"@id":"https:\/\/fuentesfidedignas.com.mx\/#organization"},"potentialAction":[{"@type":"SearchAction","target":{"@type":"EntryPoint","urlTemplate":"https:\/\/fuentesfidedignas.com.mx\/?s={search_term_string}"},"query-input":{"@type":"PropertyValueSpecification","valueRequired":true,"valueName":"search_term_string"}}],"inLanguage":"es"},{"@type":"Organization","@id":"https:\/\/fuentesfidedignas.com.mx\/#organization","name":"Fuentes Fidedignas","url":"https:\/\/fuentesfidedignas.com.mx\/","logo":{"@type":"ImageObject","inLanguage":"es","@id":"https:\/\/fuentesfidedignas.com.mx\/#\/schema\/logo\/image\/","url":"https:\/\/fuentesfidedignas.com.mx\/wp-content\/uploads\/2021\/04\/logo-retina.png","contentUrl":"https:\/\/fuentesfidedignas.com.mx\/wp-content\/uploads\/2021\/04\/logo-retina.png","width":280,"height":51,"caption":"Fuentes Fidedignas"},"image":{"@id":"https:\/\/fuentesfidedignas.com.mx\/#\/schema\/logo\/image\/"},"sameAs":["https:\/\/www.facebook.com\/Fuentes-Fidedignas-368234489921644","https:\/\/x.com\/fidedignas"]},{"@type":"Person","@id":"https:\/\/fuentesfidedignas.com.mx\/#\/schema\/person\/331be9283d37198e2acd5750279085b0","name":"Redacci\u00f3n","image":{"@type":"ImageObject","inLanguage":"es","@id":"https:\/\/secure.gravatar.com\/avatar\/f6d8782c11d12b2d4ad3fbb6931aeab5309937a4d6cd2fc9cfaa28a6396a5aec?s=96&d=mm&r=g","url":"https:\/\/secure.gravatar.com\/avatar\/f6d8782c11d12b2d4ad3fbb6931aeab5309937a4d6cd2fc9cfaa28a6396a5aec?s=96&d=mm&r=g","contentUrl":"https:\/\/secure.gravatar.com\/avatar\/f6d8782c11d12b2d4ad3fbb6931aeab5309937a4d6cd2fc9cfaa28a6396a5aec?s=96&d=mm&r=g","caption":"Redacci\u00f3n"},"url":"https:\/\/fuentesfidedignas.com.mx\/index.php\/author\/redaccion\/"}]}},"_links":{"self":[{"href":"https:\/\/fuentesfidedignas.com.mx\/index.php\/wp-json\/wp\/v2\/posts\/32165","targetHints":{"allow":["GET"]}}],"collection":[{"href":"https:\/\/fuentesfidedignas.com.mx\/index.php\/wp-json\/wp\/v2\/posts"}],"about":[{"href":"https:\/\/fuentesfidedignas.com.mx\/index.php\/wp-json\/wp\/v2\/types\/post"}],"author":[{"embeddable":true,"href":"https:\/\/fuentesfidedignas.com.mx\/index.php\/wp-json\/wp\/v2\/users\/4"}],"replies":[{"embeddable":true,"href":"https:\/\/fuentesfidedignas.com.mx\/index.php\/wp-json\/wp\/v2\/comments?post=32165"}],"version-history":[{"count":1,"href":"https:\/\/fuentesfidedignas.com.mx\/index.php\/wp-json\/wp\/v2\/posts\/32165\/revisions"}],"predecessor-version":[{"id":32167,"href":"https:\/\/fuentesfidedignas.com.mx\/index.php\/wp-json\/wp\/v2\/posts\/32165\/revisions\/32167"}],"wp:featuredmedia":[{"embeddable":true,"href":"https:\/\/fuentesfidedignas.com.mx\/index.php\/wp-json\/wp\/v2\/media\/32166"}],"wp:attachment":[{"href":"https:\/\/fuentesfidedignas.com.mx\/index.php\/wp-json\/wp\/v2\/media?parent=32165"}],"wp:term":[{"taxonomy":"category","embeddable":true,"href":"https:\/\/fuentesfidedignas.com.mx\/index.php\/wp-json\/wp\/v2\/categories?post=32165"},{"taxonomy":"post_tag","embeddable":true,"href":"https:\/\/fuentesfidedignas.com.mx\/index.php\/wp-json\/wp\/v2\/tags?post=32165"}],"curies":[{"name":"wp","href":"https:\/\/api.w.org\/{rel}","templated":true}]}}