{"id":3215,"date":"2021-05-26T12:58:58","date_gmt":"2021-05-26T19:58:58","guid":{"rendered":"https:\/\/fuentesfidedignas.com.mx\/?p=3215"},"modified":"2021-05-26T12:59:00","modified_gmt":"2021-05-26T19:59:00","slug":"atacan-a-balazos-a-candidato-de-fuerza-por-mexico-a-alcaldia-de-acapulco","status":"publish","type":"post","link":"https:\/\/fuentesfidedignas.com.mx\/index.php\/2021\/05\/26\/atacan-a-balazos-a-candidato-de-fuerza-por-mexico-a-alcaldia-de-acapulco\/","title":{"rendered":"Atacan a balazos a candidato de Fuerza por M\u00e9xico a alcald\u00eda de Acapulco"},"content":{"rendered":"\n<p><strong><em>Se dirig\u00eda a un acto de campa\u00f1a tras salir de su casa en el fraccionamiento Club Deportivo; lo reportan estable<\/em><\/strong><\/p>\n\n\n\n<p><br>Guerrero.- Jos\u00e9 Alberto Alonso Guti\u00e9rrez, candidato de Fuerza por M\u00e9xico a la alcald\u00eda de Acapulco, Guerrero, fue atacado a balazos cuando se dirig\u00eda a un acto de campa\u00f1a tras salir de su casa.<\/p>\n\n\n\n<p>Los hechos ocurrieron aproximadamente a las 08:00 horas entre las calles Calteca y Rocasola, del fraccionamiento Club Deportivo en el puerto de Acapulco.<\/p>\n\n\n\n<p><br>El G\u00fcero, como es conocido, viajaba con su escolta cuando al dar la vuelta a costera Vieja, el conductor dijo que les dispararon al parecer desde una motocicleta con dos personas a bordo.<\/p>\n\n\n\n<p>&#8220;\u00c9l entr\u00f3 en un shock, en p\u00e1nico y gracias a Dios est\u00e1 bien, estable y le pusieron un suero con medicamento para tranquilizarlo&#8221;, explic\u00f3 Fernando Manuel Haces Barba, dirigente estatal en Guerrero de Fuerza por M\u00e9xico.<\/p>\n\n\n\n<p><br>El l\u00edder estatal de Fuerza por M\u00e9xico, Haces Barba, dijo que pedir\u00e1n a las autoridades municipales que preside la edil Adela Rom\u00e1n Ocampo, que brindes medidas de seguridad de los candidatos.<\/p>\n\n\n\n<p><br>Roberto Nieto, coordinador de campa\u00f1a del candidato, dijo en entrevista con Samuel Cuervo para MILENIO Televisi\u00f3n que El G\u00fcero se encuentra estable y bajo observaci\u00f3n m\u00e9dica.<\/p>\n\n\n\n<p>&#8220;Se encuentra estable, iba saliendo de su casa y en un entronque se acercaron unas personas que atacaron a balazos el veh\u00edculo; hubo reacci\u00f3n de su escolta y el auto qued\u00f3 baleado por todos lados&#8221;.<\/p>\n\n\n\n<p><br>La camioneta, marca Nissan tipo Xtrail, presenta al menos nueve impactos de arma de grueso calibre.<\/p>\n\n\n\n<p>Al respecto, la Fiscal\u00eda General del Estado, inform\u00f3 que investiga la agresi\u00f3n a Jos\u00e9 Alberto, quien recibe atenci\u00f3n m\u00e9dica en un hospital del puerto de Acapulco.<\/p>\n","protected":false},"excerpt":{"rendered":"<p>Se dirig\u00eda a un acto de campa\u00f1a tras salir de su casa en el fraccionamiento Club Deportivo; lo reportan estable Guerrero.- Jos\u00e9 Alberto Alonso Guti\u00e9rrez, candidato de Fuerza por M\u00e9xico a la alcald\u00eda de Acapulco, Guerrero, fue atacado a balazos cuando se dirig\u00eda a un acto de campa\u00f1a tras salir de su casa. Los hechos [&hellip;]<\/p>\n","protected":false},"author":9,"featured_media":3216,"comment_status":"open","ping_status":"open","sticky":false,"template":"","format":"standard","meta":{"tdm_status":"","tdm_grid_status":"","footnotes":""},"categories":[39],"tags":[567,276,337,175],"class_list":{"0":"post-3215","1":"post","2":"type-post","3":"status-publish","4":"format-standard","5":"has-post-thumbnail","7":"category-noticias-nacionales","8":"tag-acapulco","9":"tag-elecciones-2021","10":"tag-fuerza-por-mexico","11":"tag-guerrero"},"yoast_head":"<!-- This site is optimized with the Yoast SEO plugin v27.4 - https:\/\/yoast.com\/product\/yoast-seo-wordpress\/ -->\n<title>Atacan a balazos a candidato de Fuerza por M\u00e9xico a alcald\u00eda de Acapulco - Fuentes Fidedignas<\/title>\n<meta name=\"robots\" content=\"index, follow, max-snippet:-1, max-image-preview:large, max-video-preview:-1\" \/>\n<link rel=\"canonical\" href=\"https:\/\/fuentesfidedignas.com.mx\/index.php\/2021\/05\/26\/atacan-a-balazos-a-candidato-de-fuerza-por-mexico-a-alcaldia-de-acapulco\/\" \/>\n<meta property=\"og:locale\" content=\"es_MX\" \/>\n<meta property=\"og:type\" content=\"article\" \/>\n<meta property=\"og:title\" content=\"Atacan a balazos a candidato de Fuerza por M\u00e9xico a alcald\u00eda de Acapulco - Fuentes Fidedignas\" \/>\n<meta property=\"og:description\" content=\"Se dirig\u00eda a un acto de campa\u00f1a tras salir de su casa en el fraccionamiento Club Deportivo; lo reportan estable Guerrero.- Jos\u00e9 Alberto Alonso Guti\u00e9rrez, candidato de Fuerza por M\u00e9xico a la alcald\u00eda de Acapulco, Guerrero, fue atacado a balazos cuando se dirig\u00eda a un acto de campa\u00f1a tras salir de su casa. Los hechos [&hellip;]\" \/>\n<meta property=\"og:url\" content=\"https:\/\/fuentesfidedignas.com.mx\/index.php\/2021\/05\/26\/atacan-a-balazos-a-candidato-de-fuerza-por-mexico-a-alcaldia-de-acapulco\/\" \/>\n<meta property=\"og:site_name\" content=\"Fuentes Fidedignas\" \/>\n<meta property=\"article:publisher\" content=\"https:\/\/www.facebook.com\/Fuentes-Fidedignas-368234489921644\" \/>\n<meta property=\"article:published_time\" content=\"2021-05-26T19:58:58+00:00\" \/>\n<meta property=\"article:modified_time\" content=\"2021-05-26T19:59:00+00:00\" \/>\n<meta property=\"og:image\" content=\"https:\/\/fuentesfidedignas.com.mx\/wp-content\/uploads\/2021\/05\/Jose-Alberto-Alonso.jpg\" \/>\n\t<meta property=\"og:image:width\" content=\"1280\" \/>\n\t<meta property=\"og:image:height\" content=\"720\" \/>\n\t<meta property=\"og:image:type\" content=\"image\/jpeg\" \/>\n<meta name=\"author\" content=\"Milenio\" \/>\n<meta name=\"twitter:card\" content=\"summary_large_image\" \/>\n<meta name=\"twitter:creator\" content=\"@fidedignas\" \/>\n<meta name=\"twitter:site\" content=\"@fidedignas\" \/>\n<meta name=\"twitter:label1\" content=\"Escrito por\" \/>\n\t<meta name=\"twitter:data1\" content=\"Milenio\" \/>\n\t<meta name=\"twitter:label2\" content=\"Tiempo de lectura\" \/>\n\t<meta name=\"twitter:data2\" content=\"2 minutos\" \/>\n<script type=\"application\/ld+json\" class=\"yoast-schema-graph\">{\"@context\":\"https:\\\/\\\/schema.org\",\"@graph\":[{\"@type\":\"Article\",\"@id\":\"https:\\\/\\\/fuentesfidedignas.com.mx\\\/index.php\\\/2021\\\/05\\\/26\\\/atacan-a-balazos-a-candidato-de-fuerza-por-mexico-a-alcaldia-de-acapulco\\\/#article\",\"isPartOf\":{\"@id\":\"https:\\\/\\\/fuentesfidedignas.com.mx\\\/index.php\\\/2021\\\/05\\\/26\\\/atacan-a-balazos-a-candidato-de-fuerza-por-mexico-a-alcaldia-de-acapulco\\\/\"},\"author\":{\"name\":\"Milenio\",\"@id\":\"https:\\\/\\\/fuentesfidedignas.com.mx\\\/#\\\/schema\\\/person\\\/47ec0135738f4b0c7495f06a77a2c976\"},\"headline\":\"Atacan a balazos a candidato de Fuerza por M\u00e9xico a alcald\u00eda de Acapulco\",\"datePublished\":\"2021-05-26T19:58:58+00:00\",\"dateModified\":\"2021-05-26T19:59:00+00:00\",\"mainEntityOfPage\":{\"@id\":\"https:\\\/\\\/fuentesfidedignas.com.mx\\\/index.php\\\/2021\\\/05\\\/26\\\/atacan-a-balazos-a-candidato-de-fuerza-por-mexico-a-alcaldia-de-acapulco\\\/\"},\"wordCount\":319,\"commentCount\":0,\"publisher\":{\"@id\":\"https:\\\/\\\/fuentesfidedignas.com.mx\\\/#organization\"},\"image\":{\"@id\":\"https:\\\/\\\/fuentesfidedignas.com.mx\\\/index.php\\\/2021\\\/05\\\/26\\\/atacan-a-balazos-a-candidato-de-fuerza-por-mexico-a-alcaldia-de-acapulco\\\/#primaryimage\"},\"thumbnailUrl\":\"https:\\\/\\\/fuentesfidedignas.com.mx\\\/wp-content\\\/uploads\\\/2021\\\/05\\\/Jose-Alberto-Alonso.jpg\",\"keywords\":[\"Acapulco\",\"Elecciones 2021\",\"Fuerza por M\u00e9xico\",\"Guerrero\"],\"articleSection\":[\"NOTICIAS NACIONALES\"],\"inLanguage\":\"es\",\"potentialAction\":[{\"@type\":\"CommentAction\",\"name\":\"Comment\",\"target\":[\"https:\\\/\\\/fuentesfidedignas.com.mx\\\/index.php\\\/2021\\\/05\\\/26\\\/atacan-a-balazos-a-candidato-de-fuerza-por-mexico-a-alcaldia-de-acapulco\\\/#respond\"]}]},{\"@type\":\"WebPage\",\"@id\":\"https:\\\/\\\/fuentesfidedignas.com.mx\\\/index.php\\\/2021\\\/05\\\/26\\\/atacan-a-balazos-a-candidato-de-fuerza-por-mexico-a-alcaldia-de-acapulco\\\/\",\"url\":\"https:\\\/\\\/fuentesfidedignas.com.mx\\\/index.php\\\/2021\\\/05\\\/26\\\/atacan-a-balazos-a-candidato-de-fuerza-por-mexico-a-alcaldia-de-acapulco\\\/\",\"name\":\"Atacan a balazos a candidato de Fuerza por M\u00e9xico a alcald\u00eda de Acapulco - Fuentes Fidedignas\",\"isPartOf\":{\"@id\":\"https:\\\/\\\/fuentesfidedignas.com.mx\\\/#website\"},\"primaryImageOfPage\":{\"@id\":\"https:\\\/\\\/fuentesfidedignas.com.mx\\\/index.php\\\/2021\\\/05\\\/26\\\/atacan-a-balazos-a-candidato-de-fuerza-por-mexico-a-alcaldia-de-acapulco\\\/#primaryimage\"},\"image\":{\"@id\":\"https:\\\/\\\/fuentesfidedignas.com.mx\\\/index.php\\\/2021\\\/05\\\/26\\\/atacan-a-balazos-a-candidato-de-fuerza-por-mexico-a-alcaldia-de-acapulco\\\/#primaryimage\"},\"thumbnailUrl\":\"https:\\\/\\\/fuentesfidedignas.com.mx\\\/wp-content\\\/uploads\\\/2021\\\/05\\\/Jose-Alberto-Alonso.jpg\",\"datePublished\":\"2021-05-26T19:58:58+00:00\",\"dateModified\":\"2021-05-26T19:59:00+00:00\",\"breadcrumb\":{\"@id\":\"https:\\\/\\\/fuentesfidedignas.com.mx\\\/index.php\\\/2021\\\/05\\\/26\\\/atacan-a-balazos-a-candidato-de-fuerza-por-mexico-a-alcaldia-de-acapulco\\\/#breadcrumb\"},\"inLanguage\":\"es\",\"potentialAction\":[{\"@type\":\"ReadAction\",\"target\":[\"https:\\\/\\\/fuentesfidedignas.com.mx\\\/index.php\\\/2021\\\/05\\\/26\\\/atacan-a-balazos-a-candidato-de-fuerza-por-mexico-a-alcaldia-de-acapulco\\\/\"]}]},{\"@type\":\"ImageObject\",\"inLanguage\":\"es\",\"@id\":\"https:\\\/\\\/fuentesfidedignas.com.mx\\\/index.php\\\/2021\\\/05\\\/26\\\/atacan-a-balazos-a-candidato-de-fuerza-por-mexico-a-alcaldia-de-acapulco\\\/#primaryimage\",\"url\":\"https:\\\/\\\/fuentesfidedignas.com.mx\\\/wp-content\\\/uploads\\\/2021\\\/05\\\/Jose-Alberto-Alonso.jpg\",\"contentUrl\":\"https:\\\/\\\/fuentesfidedignas.com.mx\\\/wp-content\\\/uploads\\\/2021\\\/05\\\/Jose-Alberto-Alonso.jpg\",\"width\":1280,\"height\":720},{\"@type\":\"BreadcrumbList\",\"@id\":\"https:\\\/\\\/fuentesfidedignas.com.mx\\\/index.php\\\/2021\\\/05\\\/26\\\/atacan-a-balazos-a-candidato-de-fuerza-por-mexico-a-alcaldia-de-acapulco\\\/#breadcrumb\",\"itemListElement\":[{\"@type\":\"ListItem\",\"position\":1,\"name\":\"Inicio\",\"item\":\"https:\\\/\\\/fuentesfidedignas.com.mx\\\/\"},{\"@type\":\"ListItem\",\"position\":2,\"name\":\"Atacan a balazos a candidato de Fuerza por M\u00e9xico a alcald\u00eda de Acapulco\"}]},{\"@type\":\"WebSite\",\"@id\":\"https:\\\/\\\/fuentesfidedignas.com.mx\\\/#website\",\"url\":\"https:\\\/\\\/fuentesfidedignas.com.mx\\\/\",\"name\":\"Fuentes Fidedignas\",\"description\":\"Otro sitio realizado con WordPress\",\"publisher\":{\"@id\":\"https:\\\/\\\/fuentesfidedignas.com.mx\\\/#organization\"},\"potentialAction\":[{\"@type\":\"SearchAction\",\"target\":{\"@type\":\"EntryPoint\",\"urlTemplate\":\"https:\\\/\\\/fuentesfidedignas.com.mx\\\/?s={search_term_string}\"},\"query-input\":{\"@type\":\"PropertyValueSpecification\",\"valueRequired\":true,\"valueName\":\"search_term_string\"}}],\"inLanguage\":\"es\"},{\"@type\":\"Organization\",\"@id\":\"https:\\\/\\\/fuentesfidedignas.com.mx\\\/#organization\",\"name\":\"Fuentes Fidedignas\",\"url\":\"https:\\\/\\\/fuentesfidedignas.com.mx\\\/\",\"logo\":{\"@type\":\"ImageObject\",\"inLanguage\":\"es\",\"@id\":\"https:\\\/\\\/fuentesfidedignas.com.mx\\\/#\\\/schema\\\/logo\\\/image\\\/\",\"url\":\"https:\\\/\\\/fuentesfidedignas.com.mx\\\/wp-content\\\/uploads\\\/2021\\\/04\\\/logo-retina.png\",\"contentUrl\":\"https:\\\/\\\/fuentesfidedignas.com.mx\\\/wp-content\\\/uploads\\\/2021\\\/04\\\/logo-retina.png\",\"width\":280,\"height\":51,\"caption\":\"Fuentes Fidedignas\"},\"image\":{\"@id\":\"https:\\\/\\\/fuentesfidedignas.com.mx\\\/#\\\/schema\\\/logo\\\/image\\\/\"},\"sameAs\":[\"https:\\\/\\\/www.facebook.com\\\/Fuentes-Fidedignas-368234489921644\",\"https:\\\/\\\/x.com\\\/fidedignas\"]},{\"@type\":\"Person\",\"@id\":\"https:\\\/\\\/fuentesfidedignas.com.mx\\\/#\\\/schema\\\/person\\\/47ec0135738f4b0c7495f06a77a2c976\",\"name\":\"Milenio\",\"image\":{\"@type\":\"ImageObject\",\"inLanguage\":\"es\",\"@id\":\"https:\\\/\\\/secure.gravatar.com\\\/avatar\\\/acabf7b54753e51c2c76457954577c236b3b764789b19879565769739d1e4a75?s=96&d=mm&r=g\",\"url\":\"https:\\\/\\\/secure.gravatar.com\\\/avatar\\\/acabf7b54753e51c2c76457954577c236b3b764789b19879565769739d1e4a75?s=96&d=mm&r=g\",\"contentUrl\":\"https:\\\/\\\/secure.gravatar.com\\\/avatar\\\/acabf7b54753e51c2c76457954577c236b3b764789b19879565769739d1e4a75?s=96&d=mm&r=g\",\"caption\":\"Milenio\"},\"url\":\"https:\\\/\\\/fuentesfidedignas.com.mx\\\/index.php\\\/author\\\/milenio\\\/\"}]}<\/script>\n<!-- \/ Yoast SEO plugin. -->","yoast_head_json":{"title":"Atacan a balazos a candidato de Fuerza por M\u00e9xico a alcald\u00eda de Acapulco - Fuentes Fidedignas","robots":{"index":"index","follow":"follow","max-snippet":"max-snippet:-1","max-image-preview":"max-image-preview:large","max-video-preview":"max-video-preview:-1"},"canonical":"https:\/\/fuentesfidedignas.com.mx\/index.php\/2021\/05\/26\/atacan-a-balazos-a-candidato-de-fuerza-por-mexico-a-alcaldia-de-acapulco\/","og_locale":"es_MX","og_type":"article","og_title":"Atacan a balazos a candidato de Fuerza por M\u00e9xico a alcald\u00eda de Acapulco - Fuentes Fidedignas","og_description":"Se dirig\u00eda a un acto de campa\u00f1a tras salir de su casa en el fraccionamiento Club Deportivo; lo reportan estable Guerrero.- Jos\u00e9 Alberto Alonso Guti\u00e9rrez, candidato de Fuerza por M\u00e9xico a la alcald\u00eda de Acapulco, Guerrero, fue atacado a balazos cuando se dirig\u00eda a un acto de campa\u00f1a tras salir de su casa. Los hechos [&hellip;]","og_url":"https:\/\/fuentesfidedignas.com.mx\/index.php\/2021\/05\/26\/atacan-a-balazos-a-candidato-de-fuerza-por-mexico-a-alcaldia-de-acapulco\/","og_site_name":"Fuentes Fidedignas","article_publisher":"https:\/\/www.facebook.com\/Fuentes-Fidedignas-368234489921644","article_published_time":"2021-05-26T19:58:58+00:00","article_modified_time":"2021-05-26T19:59:00+00:00","og_image":[{"width":1280,"height":720,"url":"https:\/\/fuentesfidedignas.com.mx\/wp-content\/uploads\/2021\/05\/Jose-Alberto-Alonso.jpg","type":"image\/jpeg"}],"author":"Milenio","twitter_card":"summary_large_image","twitter_creator":"@fidedignas","twitter_site":"@fidedignas","twitter_misc":{"Escrito por":"Milenio","Tiempo de lectura":"2 minutos"},"schema":{"@context":"https:\/\/schema.org","@graph":[{"@type":"Article","@id":"https:\/\/fuentesfidedignas.com.mx\/index.php\/2021\/05\/26\/atacan-a-balazos-a-candidato-de-fuerza-por-mexico-a-alcaldia-de-acapulco\/#article","isPartOf":{"@id":"https:\/\/fuentesfidedignas.com.mx\/index.php\/2021\/05\/26\/atacan-a-balazos-a-candidato-de-fuerza-por-mexico-a-alcaldia-de-acapulco\/"},"author":{"name":"Milenio","@id":"https:\/\/fuentesfidedignas.com.mx\/#\/schema\/person\/47ec0135738f4b0c7495f06a77a2c976"},"headline":"Atacan a balazos a candidato de Fuerza por M\u00e9xico a alcald\u00eda de Acapulco","datePublished":"2021-05-26T19:58:58+00:00","dateModified":"2021-05-26T19:59:00+00:00","mainEntityOfPage":{"@id":"https:\/\/fuentesfidedignas.com.mx\/index.php\/2021\/05\/26\/atacan-a-balazos-a-candidato-de-fuerza-por-mexico-a-alcaldia-de-acapulco\/"},"wordCount":319,"commentCount":0,"publisher":{"@id":"https:\/\/fuentesfidedignas.com.mx\/#organization"},"image":{"@id":"https:\/\/fuentesfidedignas.com.mx\/index.php\/2021\/05\/26\/atacan-a-balazos-a-candidato-de-fuerza-por-mexico-a-alcaldia-de-acapulco\/#primaryimage"},"thumbnailUrl":"https:\/\/fuentesfidedignas.com.mx\/wp-content\/uploads\/2021\/05\/Jose-Alberto-Alonso.jpg","keywords":["Acapulco","Elecciones 2021","Fuerza por M\u00e9xico","Guerrero"],"articleSection":["NOTICIAS NACIONALES"],"inLanguage":"es","potentialAction":[{"@type":"CommentAction","name":"Comment","target":["https:\/\/fuentesfidedignas.com.mx\/index.php\/2021\/05\/26\/atacan-a-balazos-a-candidato-de-fuerza-por-mexico-a-alcaldia-de-acapulco\/#respond"]}]},{"@type":"WebPage","@id":"https:\/\/fuentesfidedignas.com.mx\/index.php\/2021\/05\/26\/atacan-a-balazos-a-candidato-de-fuerza-por-mexico-a-alcaldia-de-acapulco\/","url":"https:\/\/fuentesfidedignas.com.mx\/index.php\/2021\/05\/26\/atacan-a-balazos-a-candidato-de-fuerza-por-mexico-a-alcaldia-de-acapulco\/","name":"Atacan a balazos a candidato de Fuerza por M\u00e9xico a alcald\u00eda de Acapulco - Fuentes Fidedignas","isPartOf":{"@id":"https:\/\/fuentesfidedignas.com.mx\/#website"},"primaryImageOfPage":{"@id":"https:\/\/fuentesfidedignas.com.mx\/index.php\/2021\/05\/26\/atacan-a-balazos-a-candidato-de-fuerza-por-mexico-a-alcaldia-de-acapulco\/#primaryimage"},"image":{"@id":"https:\/\/fuentesfidedignas.com.mx\/index.php\/2021\/05\/26\/atacan-a-balazos-a-candidato-de-fuerza-por-mexico-a-alcaldia-de-acapulco\/#primaryimage"},"thumbnailUrl":"https:\/\/fuentesfidedignas.com.mx\/wp-content\/uploads\/2021\/05\/Jose-Alberto-Alonso.jpg","datePublished":"2021-05-26T19:58:58+00:00","dateModified":"2021-05-26T19:59:00+00:00","breadcrumb":{"@id":"https:\/\/fuentesfidedignas.com.mx\/index.php\/2021\/05\/26\/atacan-a-balazos-a-candidato-de-fuerza-por-mexico-a-alcaldia-de-acapulco\/#breadcrumb"},"inLanguage":"es","potentialAction":[{"@type":"ReadAction","target":["https:\/\/fuentesfidedignas.com.mx\/index.php\/2021\/05\/26\/atacan-a-balazos-a-candidato-de-fuerza-por-mexico-a-alcaldia-de-acapulco\/"]}]},{"@type":"ImageObject","inLanguage":"es","@id":"https:\/\/fuentesfidedignas.com.mx\/index.php\/2021\/05\/26\/atacan-a-balazos-a-candidato-de-fuerza-por-mexico-a-alcaldia-de-acapulco\/#primaryimage","url":"https:\/\/fuentesfidedignas.com.mx\/wp-content\/uploads\/2021\/05\/Jose-Alberto-Alonso.jpg","contentUrl":"https:\/\/fuentesfidedignas.com.mx\/wp-content\/uploads\/2021\/05\/Jose-Alberto-Alonso.jpg","width":1280,"height":720},{"@type":"BreadcrumbList","@id":"https:\/\/fuentesfidedignas.com.mx\/index.php\/2021\/05\/26\/atacan-a-balazos-a-candidato-de-fuerza-por-mexico-a-alcaldia-de-acapulco\/#breadcrumb","itemListElement":[{"@type":"ListItem","position":1,"name":"Inicio","item":"https:\/\/fuentesfidedignas.com.mx\/"},{"@type":"ListItem","position":2,"name":"Atacan a balazos a candidato de Fuerza por M\u00e9xico a alcald\u00eda de Acapulco"}]},{"@type":"WebSite","@id":"https:\/\/fuentesfidedignas.com.mx\/#website","url":"https:\/\/fuentesfidedignas.com.mx\/","name":"Fuentes Fidedignas","description":"Otro sitio realizado con WordPress","publisher":{"@id":"https:\/\/fuentesfidedignas.com.mx\/#organization"},"potentialAction":[{"@type":"SearchAction","target":{"@type":"EntryPoint","urlTemplate":"https:\/\/fuentesfidedignas.com.mx\/?s={search_term_string}"},"query-input":{"@type":"PropertyValueSpecification","valueRequired":true,"valueName":"search_term_string"}}],"inLanguage":"es"},{"@type":"Organization","@id":"https:\/\/fuentesfidedignas.com.mx\/#organization","name":"Fuentes Fidedignas","url":"https:\/\/fuentesfidedignas.com.mx\/","logo":{"@type":"ImageObject","inLanguage":"es","@id":"https:\/\/fuentesfidedignas.com.mx\/#\/schema\/logo\/image\/","url":"https:\/\/fuentesfidedignas.com.mx\/wp-content\/uploads\/2021\/04\/logo-retina.png","contentUrl":"https:\/\/fuentesfidedignas.com.mx\/wp-content\/uploads\/2021\/04\/logo-retina.png","width":280,"height":51,"caption":"Fuentes Fidedignas"},"image":{"@id":"https:\/\/fuentesfidedignas.com.mx\/#\/schema\/logo\/image\/"},"sameAs":["https:\/\/www.facebook.com\/Fuentes-Fidedignas-368234489921644","https:\/\/x.com\/fidedignas"]},{"@type":"Person","@id":"https:\/\/fuentesfidedignas.com.mx\/#\/schema\/person\/47ec0135738f4b0c7495f06a77a2c976","name":"Milenio","image":{"@type":"ImageObject","inLanguage":"es","@id":"https:\/\/secure.gravatar.com\/avatar\/acabf7b54753e51c2c76457954577c236b3b764789b19879565769739d1e4a75?s=96&d=mm&r=g","url":"https:\/\/secure.gravatar.com\/avatar\/acabf7b54753e51c2c76457954577c236b3b764789b19879565769739d1e4a75?s=96&d=mm&r=g","contentUrl":"https:\/\/secure.gravatar.com\/avatar\/acabf7b54753e51c2c76457954577c236b3b764789b19879565769739d1e4a75?s=96&d=mm&r=g","caption":"Milenio"},"url":"https:\/\/fuentesfidedignas.com.mx\/index.php\/author\/milenio\/"}]}},"_links":{"self":[{"href":"https:\/\/fuentesfidedignas.com.mx\/index.php\/wp-json\/wp\/v2\/posts\/3215","targetHints":{"allow":["GET"]}}],"collection":[{"href":"https:\/\/fuentesfidedignas.com.mx\/index.php\/wp-json\/wp\/v2\/posts"}],"about":[{"href":"https:\/\/fuentesfidedignas.com.mx\/index.php\/wp-json\/wp\/v2\/types\/post"}],"author":[{"embeddable":true,"href":"https:\/\/fuentesfidedignas.com.mx\/index.php\/wp-json\/wp\/v2\/users\/9"}],"replies":[{"embeddable":true,"href":"https:\/\/fuentesfidedignas.com.mx\/index.php\/wp-json\/wp\/v2\/comments?post=3215"}],"version-history":[{"count":1,"href":"https:\/\/fuentesfidedignas.com.mx\/index.php\/wp-json\/wp\/v2\/posts\/3215\/revisions"}],"predecessor-version":[{"id":3217,"href":"https:\/\/fuentesfidedignas.com.mx\/index.php\/wp-json\/wp\/v2\/posts\/3215\/revisions\/3217"}],"wp:featuredmedia":[{"embeddable":true,"href":"https:\/\/fuentesfidedignas.com.mx\/index.php\/wp-json\/wp\/v2\/media\/3216"}],"wp:attachment":[{"href":"https:\/\/fuentesfidedignas.com.mx\/index.php\/wp-json\/wp\/v2\/media?parent=3215"}],"wp:term":[{"taxonomy":"category","embeddable":true,"href":"https:\/\/fuentesfidedignas.com.mx\/index.php\/wp-json\/wp\/v2\/categories?post=3215"},{"taxonomy":"post_tag","embeddable":true,"href":"https:\/\/fuentesfidedignas.com.mx\/index.php\/wp-json\/wp\/v2\/tags?post=3215"}],"curies":[{"name":"wp","href":"https:\/\/api.w.org\/{rel}","templated":true}]}}