{"id":32148,"date":"2022-05-23T06:38:19","date_gmt":"2022-05-23T12:38:19","guid":{"rendered":"https:\/\/fuentesfidedignas.com.mx\/?p=32148"},"modified":"2022-05-23T06:39:51","modified_gmt":"2022-05-23T12:39:51","slug":"dan-cadena-perpetua-a-primer-soldado-ruso-juzgado-por-crimenes-de-guerra","status":"publish","type":"post","link":"https:\/\/fuentesfidedignas.com.mx\/index.php\/2022\/05\/23\/dan-cadena-perpetua-a-primer-soldado-ruso-juzgado-por-crimenes-de-guerra\/","title":{"rendered":"Dan cadena perpetua a primer soldado ruso juzgado por cr\u00edmenes de guerra"},"content":{"rendered":"\n<p><strong><em>Shishimarin, de 21 a\u00f1os, se hab\u00eda declarado culpable en la apertura de su juicio<\/em><\/strong><\/p>\n\n\n\n<p>Ucrania.  Un&nbsp;<strong>tribunal de Kiev conden\u00f3<\/strong>&nbsp;este lunes a&nbsp;<strong>cadena perpetua a&nbsp;<\/strong>Vadim Shishimarin, el primer soldado ruso&nbsp;de 21 a\u00f1os hallado&nbsp;<strong>culpable de cr\u00edmenes de guerra,<\/strong>&nbsp;en el&nbsp;<strong>primer veredicto de este tipo en Ucrania<\/strong>&nbsp;desde el inicio de la invasi\u00f3n lanzada por Mosc\u00fa el 24 de febrero.<\/p>\n\n\n\n<p><em>\u201cEl tribunal hall\u00f3 que Vadim Shishimarin es culpable y lo sentenci\u00f3 a cadena perpetua\u201d,<\/em> dijo el juez Sergiy Agafonov.<\/p>\n\n\n\n<p>Shishimarin, de 21 a\u00f1os, se hab\u00eda declarado culpable en la apertura de su juicio, la pasada semana, por la muerte de un civil ocurrida el pasado 28 de febrero, cuatro d\u00edas despu\u00e9s del inicio de la invasi\u00f3n rusa.<\/p>\n\n\n\n<p>El Tribunal del Distrito de Solomianski, en Kiev, declar\u00f3 culpable al procesado de acuerdo al art\u00edculo 438 del C\u00f3digo Penal de Ucrania, relativo al maltrato o muerte de prisioneros de guerra o civiles.<\/p>\n\n\n\n<p>Consider\u00f3, adem\u00e1s, que el soldado hab\u00eda incurrido en homicidio premeditado y le aplic\u00f3 la m\u00e1xima pena prevista para este cargo, la de cadena perpetua.<\/p>\n\n\n\n<p>El abogado hab\u00eda pedido para su defendido la libre absoluci\u00f3n y alegado una serie de atenuantes debidas a las circunstancias de la intervenci\u00f3n armada.<\/p>\n\n\n\n<p>La fiscal\u00eda, por su parte, argument\u00f3 que<strong>&nbsp;el soldado actu\u00f3 en plena consciencia de sus actos y solicit\u00f3 para \u00e9l la m\u00e1xima pena prevista.<\/strong><\/p>\n\n\n\n<p>El militar, comandante de la unidad 32010 de la cuarta divisi\u00f3n acorazada de la Guardia Kantemirovskaya de la regi\u00f3n de Mosc\u00fa, ofreci\u00f3 en el juicio una declaraci\u00f3n completa de lo ocurrido, incluido c\u00f3mo dispar\u00f3 a su v\u00edctima, un hombre de 62 a\u00f1os.<\/p>\n\n\n\n<p>La fiscal\u00eda argument\u00f3 en su imputaci\u00f3n que el procesado hab\u00eda matado a un hombre desarmado que iba en bicicleta por la carretera en la localidad de Chupajivka.<\/p>\n\n\n\n<p><strong>Tras un ataque del Ej\u00e9rcito ucraniano, la columna de la que formaba parte el comandante se hab\u00eda desbandado<\/strong>&nbsp;y el acusado, en compa\u00f1\u00eda de otros cuatro soldados, se dio a la fuga en un veh\u00edculo civil confiscado.<\/p>\n\n\n\n<p>Al llegar a Chupajivka, se encontraron con la v\u00edctima, que iba hablando por tel\u00e9fono, y Shishimarin le dispar\u00f3 a la cabeza con una ametralladora para evitar que les delatara a las tropas ucranianas, seg\u00fan la fiscal\u00eda.<\/p>\n\n\n\n<p>M\u00e1s tarde,&nbsp;<strong>el comandante fue capturado por las fuerzas de Kiev, y el pasado 4 de mayo el Servicio de Seguridad de Ucrania<\/strong>&nbsp;(SBU) public\u00f3 un v\u00eddeo en el que confesaba haber disparado contra un civil.<\/p>\n","protected":false},"excerpt":{"rendered":"<p>Shishimarin, de 21 a\u00f1os, se hab\u00eda declarado culpable en la apertura de su juicio Ucrania. Un&nbsp;tribunal de Kiev conden\u00f3&nbsp;este lunes a&nbsp;cadena perpetua a&nbsp;Vadim Shishimarin, el primer soldado ruso&nbsp;de 21 a\u00f1os hallado&nbsp;culpable de cr\u00edmenes de guerra,&nbsp;en el&nbsp;primer veredicto de este tipo en Ucrania&nbsp;desde el inicio de la invasi\u00f3n lanzada por Mosc\u00fa el 24 de febrero. \u201cEl [&hellip;]<\/p>\n","protected":false},"author":12,"featured_media":32150,"comment_status":"open","ping_status":"open","sticky":false,"template":"","format":"standard","meta":{"tdm_status":"","tdm_grid_status":"","footnotes":""},"categories":[39],"tags":[141,2362],"class_list":{"0":"post-32148","1":"post","2":"type-post","3":"status-publish","4":"format-standard","5":"has-post-thumbnail","7":"category-noticias-nacionales","8":"tag-rusia","9":"tag-ucrania"},"yoast_head":"<!-- This site is optimized with the Yoast SEO plugin v27.4 - https:\/\/yoast.com\/product\/yoast-seo-wordpress\/ -->\n<title>Dan cadena perpetua a primer soldado ruso juzgado por cr\u00edmenes de guerra - Fuentes Fidedignas<\/title>\n<meta name=\"robots\" content=\"index, follow, max-snippet:-1, max-image-preview:large, max-video-preview:-1\" \/>\n<link rel=\"canonical\" href=\"https:\/\/fuentesfidedignas.com.mx\/index.php\/2022\/05\/23\/dan-cadena-perpetua-a-primer-soldado-ruso-juzgado-por-crimenes-de-guerra\/\" \/>\n<meta property=\"og:locale\" content=\"es_MX\" \/>\n<meta property=\"og:type\" content=\"article\" \/>\n<meta property=\"og:title\" content=\"Dan cadena perpetua a primer soldado ruso juzgado por cr\u00edmenes de guerra - Fuentes Fidedignas\" \/>\n<meta property=\"og:description\" content=\"Shishimarin, de 21 a\u00f1os, se hab\u00eda declarado culpable en la apertura de su juicio Ucrania. Un&nbsp;tribunal de Kiev conden\u00f3&nbsp;este lunes a&nbsp;cadena perpetua a&nbsp;Vadim Shishimarin, el primer soldado ruso&nbsp;de 21 a\u00f1os hallado&nbsp;culpable de cr\u00edmenes de guerra,&nbsp;en el&nbsp;primer veredicto de este tipo en Ucrania&nbsp;desde el inicio de la invasi\u00f3n lanzada por Mosc\u00fa el 24 de febrero. \u201cEl [&hellip;]\" \/>\n<meta property=\"og:url\" content=\"https:\/\/fuentesfidedignas.com.mx\/index.php\/2022\/05\/23\/dan-cadena-perpetua-a-primer-soldado-ruso-juzgado-por-crimenes-de-guerra\/\" \/>\n<meta property=\"og:site_name\" content=\"Fuentes Fidedignas\" \/>\n<meta property=\"article:publisher\" content=\"https:\/\/www.facebook.com\/Fuentes-Fidedignas-368234489921644\" \/>\n<meta property=\"article:published_time\" content=\"2022-05-23T12:38:19+00:00\" \/>\n<meta property=\"article:modified_time\" content=\"2022-05-23T12:39:51+00:00\" \/>\n<meta property=\"og:image\" content=\"https:\/\/fuentesfidedignas.com.mx\/wp-content\/uploads\/2022\/05\/el-soldado-ruso-vadim-shishimarin.jpg\" \/>\n\t<meta property=\"og:image:width\" content=\"1920\" \/>\n\t<meta property=\"og:image:height\" content=\"1282\" \/>\n\t<meta property=\"og:image:type\" content=\"image\/jpeg\" \/>\n<meta name=\"author\" content=\"AFP\" \/>\n<meta name=\"twitter:card\" content=\"summary_large_image\" \/>\n<meta name=\"twitter:creator\" content=\"@fidedignas\" \/>\n<meta name=\"twitter:site\" content=\"@fidedignas\" \/>\n<meta name=\"twitter:label1\" content=\"Escrito por\" \/>\n\t<meta name=\"twitter:data1\" content=\"AFP\" \/>\n\t<meta name=\"twitter:label2\" content=\"Tiempo de lectura\" \/>\n\t<meta name=\"twitter:data2\" content=\"2 minutos\" \/>\n<script type=\"application\/ld+json\" class=\"yoast-schema-graph\">{\"@context\":\"https:\\\/\\\/schema.org\",\"@graph\":[{\"@type\":\"Article\",\"@id\":\"https:\\\/\\\/fuentesfidedignas.com.mx\\\/index.php\\\/2022\\\/05\\\/23\\\/dan-cadena-perpetua-a-primer-soldado-ruso-juzgado-por-crimenes-de-guerra\\\/#article\",\"isPartOf\":{\"@id\":\"https:\\\/\\\/fuentesfidedignas.com.mx\\\/index.php\\\/2022\\\/05\\\/23\\\/dan-cadena-perpetua-a-primer-soldado-ruso-juzgado-por-crimenes-de-guerra\\\/\"},\"author\":{\"name\":\"AFP\",\"@id\":\"https:\\\/\\\/fuentesfidedignas.com.mx\\\/#\\\/schema\\\/person\\\/1827b38c6cf89e1d6cc7d78ca3fae732\"},\"headline\":\"Dan cadena perpetua a primer soldado ruso juzgado por cr\u00edmenes de guerra\",\"datePublished\":\"2022-05-23T12:38:19+00:00\",\"dateModified\":\"2022-05-23T12:39:51+00:00\",\"mainEntityOfPage\":{\"@id\":\"https:\\\/\\\/fuentesfidedignas.com.mx\\\/index.php\\\/2022\\\/05\\\/23\\\/dan-cadena-perpetua-a-primer-soldado-ruso-juzgado-por-crimenes-de-guerra\\\/\"},\"wordCount\":459,\"commentCount\":0,\"publisher\":{\"@id\":\"https:\\\/\\\/fuentesfidedignas.com.mx\\\/#organization\"},\"image\":{\"@id\":\"https:\\\/\\\/fuentesfidedignas.com.mx\\\/index.php\\\/2022\\\/05\\\/23\\\/dan-cadena-perpetua-a-primer-soldado-ruso-juzgado-por-crimenes-de-guerra\\\/#primaryimage\"},\"thumbnailUrl\":\"https:\\\/\\\/fuentesfidedignas.com.mx\\\/wp-content\\\/uploads\\\/2022\\\/05\\\/el-soldado-ruso-vadim-shishimarin.jpg\",\"keywords\":[\"Rusia\",\"Ucrania\"],\"articleSection\":[\"NOTICIAS NACIONALES\"],\"inLanguage\":\"es\",\"potentialAction\":[{\"@type\":\"CommentAction\",\"name\":\"Comment\",\"target\":[\"https:\\\/\\\/fuentesfidedignas.com.mx\\\/index.php\\\/2022\\\/05\\\/23\\\/dan-cadena-perpetua-a-primer-soldado-ruso-juzgado-por-crimenes-de-guerra\\\/#respond\"]}]},{\"@type\":\"WebPage\",\"@id\":\"https:\\\/\\\/fuentesfidedignas.com.mx\\\/index.php\\\/2022\\\/05\\\/23\\\/dan-cadena-perpetua-a-primer-soldado-ruso-juzgado-por-crimenes-de-guerra\\\/\",\"url\":\"https:\\\/\\\/fuentesfidedignas.com.mx\\\/index.php\\\/2022\\\/05\\\/23\\\/dan-cadena-perpetua-a-primer-soldado-ruso-juzgado-por-crimenes-de-guerra\\\/\",\"name\":\"Dan cadena perpetua a primer soldado ruso juzgado por cr\u00edmenes de guerra - Fuentes Fidedignas\",\"isPartOf\":{\"@id\":\"https:\\\/\\\/fuentesfidedignas.com.mx\\\/#website\"},\"primaryImageOfPage\":{\"@id\":\"https:\\\/\\\/fuentesfidedignas.com.mx\\\/index.php\\\/2022\\\/05\\\/23\\\/dan-cadena-perpetua-a-primer-soldado-ruso-juzgado-por-crimenes-de-guerra\\\/#primaryimage\"},\"image\":{\"@id\":\"https:\\\/\\\/fuentesfidedignas.com.mx\\\/index.php\\\/2022\\\/05\\\/23\\\/dan-cadena-perpetua-a-primer-soldado-ruso-juzgado-por-crimenes-de-guerra\\\/#primaryimage\"},\"thumbnailUrl\":\"https:\\\/\\\/fuentesfidedignas.com.mx\\\/wp-content\\\/uploads\\\/2022\\\/05\\\/el-soldado-ruso-vadim-shishimarin.jpg\",\"datePublished\":\"2022-05-23T12:38:19+00:00\",\"dateModified\":\"2022-05-23T12:39:51+00:00\",\"breadcrumb\":{\"@id\":\"https:\\\/\\\/fuentesfidedignas.com.mx\\\/index.php\\\/2022\\\/05\\\/23\\\/dan-cadena-perpetua-a-primer-soldado-ruso-juzgado-por-crimenes-de-guerra\\\/#breadcrumb\"},\"inLanguage\":\"es\",\"potentialAction\":[{\"@type\":\"ReadAction\",\"target\":[\"https:\\\/\\\/fuentesfidedignas.com.mx\\\/index.php\\\/2022\\\/05\\\/23\\\/dan-cadena-perpetua-a-primer-soldado-ruso-juzgado-por-crimenes-de-guerra\\\/\"]}]},{\"@type\":\"ImageObject\",\"inLanguage\":\"es\",\"@id\":\"https:\\\/\\\/fuentesfidedignas.com.mx\\\/index.php\\\/2022\\\/05\\\/23\\\/dan-cadena-perpetua-a-primer-soldado-ruso-juzgado-por-crimenes-de-guerra\\\/#primaryimage\",\"url\":\"https:\\\/\\\/fuentesfidedignas.com.mx\\\/wp-content\\\/uploads\\\/2022\\\/05\\\/el-soldado-ruso-vadim-shishimarin.jpg\",\"contentUrl\":\"https:\\\/\\\/fuentesfidedignas.com.mx\\\/wp-content\\\/uploads\\\/2022\\\/05\\\/el-soldado-ruso-vadim-shishimarin.jpg\",\"width\":1920,\"height\":1282},{\"@type\":\"BreadcrumbList\",\"@id\":\"https:\\\/\\\/fuentesfidedignas.com.mx\\\/index.php\\\/2022\\\/05\\\/23\\\/dan-cadena-perpetua-a-primer-soldado-ruso-juzgado-por-crimenes-de-guerra\\\/#breadcrumb\",\"itemListElement\":[{\"@type\":\"ListItem\",\"position\":1,\"name\":\"Inicio\",\"item\":\"https:\\\/\\\/fuentesfidedignas.com.mx\\\/\"},{\"@type\":\"ListItem\",\"position\":2,\"name\":\"Dan cadena perpetua a primer soldado ruso juzgado por cr\u00edmenes de guerra\"}]},{\"@type\":\"WebSite\",\"@id\":\"https:\\\/\\\/fuentesfidedignas.com.mx\\\/#website\",\"url\":\"https:\\\/\\\/fuentesfidedignas.com.mx\\\/\",\"name\":\"Fuentes Fidedignas\",\"description\":\"Otro sitio realizado con WordPress\",\"publisher\":{\"@id\":\"https:\\\/\\\/fuentesfidedignas.com.mx\\\/#organization\"},\"potentialAction\":[{\"@type\":\"SearchAction\",\"target\":{\"@type\":\"EntryPoint\",\"urlTemplate\":\"https:\\\/\\\/fuentesfidedignas.com.mx\\\/?s={search_term_string}\"},\"query-input\":{\"@type\":\"PropertyValueSpecification\",\"valueRequired\":true,\"valueName\":\"search_term_string\"}}],\"inLanguage\":\"es\"},{\"@type\":\"Organization\",\"@id\":\"https:\\\/\\\/fuentesfidedignas.com.mx\\\/#organization\",\"name\":\"Fuentes Fidedignas\",\"url\":\"https:\\\/\\\/fuentesfidedignas.com.mx\\\/\",\"logo\":{\"@type\":\"ImageObject\",\"inLanguage\":\"es\",\"@id\":\"https:\\\/\\\/fuentesfidedignas.com.mx\\\/#\\\/schema\\\/logo\\\/image\\\/\",\"url\":\"https:\\\/\\\/fuentesfidedignas.com.mx\\\/wp-content\\\/uploads\\\/2021\\\/04\\\/logo-retina.png\",\"contentUrl\":\"https:\\\/\\\/fuentesfidedignas.com.mx\\\/wp-content\\\/uploads\\\/2021\\\/04\\\/logo-retina.png\",\"width\":280,\"height\":51,\"caption\":\"Fuentes Fidedignas\"},\"image\":{\"@id\":\"https:\\\/\\\/fuentesfidedignas.com.mx\\\/#\\\/schema\\\/logo\\\/image\\\/\"},\"sameAs\":[\"https:\\\/\\\/www.facebook.com\\\/Fuentes-Fidedignas-368234489921644\",\"https:\\\/\\\/x.com\\\/fidedignas\"]},{\"@type\":\"Person\",\"@id\":\"https:\\\/\\\/fuentesfidedignas.com.mx\\\/#\\\/schema\\\/person\\\/1827b38c6cf89e1d6cc7d78ca3fae732\",\"name\":\"AFP\",\"image\":{\"@type\":\"ImageObject\",\"inLanguage\":\"es\",\"@id\":\"https:\\\/\\\/secure.gravatar.com\\\/avatar\\\/236827d2ee9bf15e1ea99e0c1cd1b467cffa55e324d177638d0f8de7950cbae6?s=96&d=mm&r=g\",\"url\":\"https:\\\/\\\/secure.gravatar.com\\\/avatar\\\/236827d2ee9bf15e1ea99e0c1cd1b467cffa55e324d177638d0f8de7950cbae6?s=96&d=mm&r=g\",\"contentUrl\":\"https:\\\/\\\/secure.gravatar.com\\\/avatar\\\/236827d2ee9bf15e1ea99e0c1cd1b467cffa55e324d177638d0f8de7950cbae6?s=96&d=mm&r=g\",\"caption\":\"AFP\"},\"url\":\"https:\\\/\\\/fuentesfidedignas.com.mx\\\/index.php\\\/author\\\/afp\\\/\"}]}<\/script>\n<!-- \/ Yoast SEO plugin. -->","yoast_head_json":{"title":"Dan cadena perpetua a primer soldado ruso juzgado por cr\u00edmenes de guerra - Fuentes Fidedignas","robots":{"index":"index","follow":"follow","max-snippet":"max-snippet:-1","max-image-preview":"max-image-preview:large","max-video-preview":"max-video-preview:-1"},"canonical":"https:\/\/fuentesfidedignas.com.mx\/index.php\/2022\/05\/23\/dan-cadena-perpetua-a-primer-soldado-ruso-juzgado-por-crimenes-de-guerra\/","og_locale":"es_MX","og_type":"article","og_title":"Dan cadena perpetua a primer soldado ruso juzgado por cr\u00edmenes de guerra - Fuentes Fidedignas","og_description":"Shishimarin, de 21 a\u00f1os, se hab\u00eda declarado culpable en la apertura de su juicio Ucrania. Un&nbsp;tribunal de Kiev conden\u00f3&nbsp;este lunes a&nbsp;cadena perpetua a&nbsp;Vadim Shishimarin, el primer soldado ruso&nbsp;de 21 a\u00f1os hallado&nbsp;culpable de cr\u00edmenes de guerra,&nbsp;en el&nbsp;primer veredicto de este tipo en Ucrania&nbsp;desde el inicio de la invasi\u00f3n lanzada por Mosc\u00fa el 24 de febrero. \u201cEl [&hellip;]","og_url":"https:\/\/fuentesfidedignas.com.mx\/index.php\/2022\/05\/23\/dan-cadena-perpetua-a-primer-soldado-ruso-juzgado-por-crimenes-de-guerra\/","og_site_name":"Fuentes Fidedignas","article_publisher":"https:\/\/www.facebook.com\/Fuentes-Fidedignas-368234489921644","article_published_time":"2022-05-23T12:38:19+00:00","article_modified_time":"2022-05-23T12:39:51+00:00","og_image":[{"width":1920,"height":1282,"url":"https:\/\/fuentesfidedignas.com.mx\/wp-content\/uploads\/2022\/05\/el-soldado-ruso-vadim-shishimarin.jpg","type":"image\/jpeg"}],"author":"AFP","twitter_card":"summary_large_image","twitter_creator":"@fidedignas","twitter_site":"@fidedignas","twitter_misc":{"Escrito por":"AFP","Tiempo de lectura":"2 minutos"},"schema":{"@context":"https:\/\/schema.org","@graph":[{"@type":"Article","@id":"https:\/\/fuentesfidedignas.com.mx\/index.php\/2022\/05\/23\/dan-cadena-perpetua-a-primer-soldado-ruso-juzgado-por-crimenes-de-guerra\/#article","isPartOf":{"@id":"https:\/\/fuentesfidedignas.com.mx\/index.php\/2022\/05\/23\/dan-cadena-perpetua-a-primer-soldado-ruso-juzgado-por-crimenes-de-guerra\/"},"author":{"name":"AFP","@id":"https:\/\/fuentesfidedignas.com.mx\/#\/schema\/person\/1827b38c6cf89e1d6cc7d78ca3fae732"},"headline":"Dan cadena perpetua a primer soldado ruso juzgado por cr\u00edmenes de guerra","datePublished":"2022-05-23T12:38:19+00:00","dateModified":"2022-05-23T12:39:51+00:00","mainEntityOfPage":{"@id":"https:\/\/fuentesfidedignas.com.mx\/index.php\/2022\/05\/23\/dan-cadena-perpetua-a-primer-soldado-ruso-juzgado-por-crimenes-de-guerra\/"},"wordCount":459,"commentCount":0,"publisher":{"@id":"https:\/\/fuentesfidedignas.com.mx\/#organization"},"image":{"@id":"https:\/\/fuentesfidedignas.com.mx\/index.php\/2022\/05\/23\/dan-cadena-perpetua-a-primer-soldado-ruso-juzgado-por-crimenes-de-guerra\/#primaryimage"},"thumbnailUrl":"https:\/\/fuentesfidedignas.com.mx\/wp-content\/uploads\/2022\/05\/el-soldado-ruso-vadim-shishimarin.jpg","keywords":["Rusia","Ucrania"],"articleSection":["NOTICIAS NACIONALES"],"inLanguage":"es","potentialAction":[{"@type":"CommentAction","name":"Comment","target":["https:\/\/fuentesfidedignas.com.mx\/index.php\/2022\/05\/23\/dan-cadena-perpetua-a-primer-soldado-ruso-juzgado-por-crimenes-de-guerra\/#respond"]}]},{"@type":"WebPage","@id":"https:\/\/fuentesfidedignas.com.mx\/index.php\/2022\/05\/23\/dan-cadena-perpetua-a-primer-soldado-ruso-juzgado-por-crimenes-de-guerra\/","url":"https:\/\/fuentesfidedignas.com.mx\/index.php\/2022\/05\/23\/dan-cadena-perpetua-a-primer-soldado-ruso-juzgado-por-crimenes-de-guerra\/","name":"Dan cadena perpetua a primer soldado ruso juzgado por cr\u00edmenes de guerra - Fuentes Fidedignas","isPartOf":{"@id":"https:\/\/fuentesfidedignas.com.mx\/#website"},"primaryImageOfPage":{"@id":"https:\/\/fuentesfidedignas.com.mx\/index.php\/2022\/05\/23\/dan-cadena-perpetua-a-primer-soldado-ruso-juzgado-por-crimenes-de-guerra\/#primaryimage"},"image":{"@id":"https:\/\/fuentesfidedignas.com.mx\/index.php\/2022\/05\/23\/dan-cadena-perpetua-a-primer-soldado-ruso-juzgado-por-crimenes-de-guerra\/#primaryimage"},"thumbnailUrl":"https:\/\/fuentesfidedignas.com.mx\/wp-content\/uploads\/2022\/05\/el-soldado-ruso-vadim-shishimarin.jpg","datePublished":"2022-05-23T12:38:19+00:00","dateModified":"2022-05-23T12:39:51+00:00","breadcrumb":{"@id":"https:\/\/fuentesfidedignas.com.mx\/index.php\/2022\/05\/23\/dan-cadena-perpetua-a-primer-soldado-ruso-juzgado-por-crimenes-de-guerra\/#breadcrumb"},"inLanguage":"es","potentialAction":[{"@type":"ReadAction","target":["https:\/\/fuentesfidedignas.com.mx\/index.php\/2022\/05\/23\/dan-cadena-perpetua-a-primer-soldado-ruso-juzgado-por-crimenes-de-guerra\/"]}]},{"@type":"ImageObject","inLanguage":"es","@id":"https:\/\/fuentesfidedignas.com.mx\/index.php\/2022\/05\/23\/dan-cadena-perpetua-a-primer-soldado-ruso-juzgado-por-crimenes-de-guerra\/#primaryimage","url":"https:\/\/fuentesfidedignas.com.mx\/wp-content\/uploads\/2022\/05\/el-soldado-ruso-vadim-shishimarin.jpg","contentUrl":"https:\/\/fuentesfidedignas.com.mx\/wp-content\/uploads\/2022\/05\/el-soldado-ruso-vadim-shishimarin.jpg","width":1920,"height":1282},{"@type":"BreadcrumbList","@id":"https:\/\/fuentesfidedignas.com.mx\/index.php\/2022\/05\/23\/dan-cadena-perpetua-a-primer-soldado-ruso-juzgado-por-crimenes-de-guerra\/#breadcrumb","itemListElement":[{"@type":"ListItem","position":1,"name":"Inicio","item":"https:\/\/fuentesfidedignas.com.mx\/"},{"@type":"ListItem","position":2,"name":"Dan cadena perpetua a primer soldado ruso juzgado por cr\u00edmenes de guerra"}]},{"@type":"WebSite","@id":"https:\/\/fuentesfidedignas.com.mx\/#website","url":"https:\/\/fuentesfidedignas.com.mx\/","name":"Fuentes Fidedignas","description":"Otro sitio realizado con WordPress","publisher":{"@id":"https:\/\/fuentesfidedignas.com.mx\/#organization"},"potentialAction":[{"@type":"SearchAction","target":{"@type":"EntryPoint","urlTemplate":"https:\/\/fuentesfidedignas.com.mx\/?s={search_term_string}"},"query-input":{"@type":"PropertyValueSpecification","valueRequired":true,"valueName":"search_term_string"}}],"inLanguage":"es"},{"@type":"Organization","@id":"https:\/\/fuentesfidedignas.com.mx\/#organization","name":"Fuentes Fidedignas","url":"https:\/\/fuentesfidedignas.com.mx\/","logo":{"@type":"ImageObject","inLanguage":"es","@id":"https:\/\/fuentesfidedignas.com.mx\/#\/schema\/logo\/image\/","url":"https:\/\/fuentesfidedignas.com.mx\/wp-content\/uploads\/2021\/04\/logo-retina.png","contentUrl":"https:\/\/fuentesfidedignas.com.mx\/wp-content\/uploads\/2021\/04\/logo-retina.png","width":280,"height":51,"caption":"Fuentes Fidedignas"},"image":{"@id":"https:\/\/fuentesfidedignas.com.mx\/#\/schema\/logo\/image\/"},"sameAs":["https:\/\/www.facebook.com\/Fuentes-Fidedignas-368234489921644","https:\/\/x.com\/fidedignas"]},{"@type":"Person","@id":"https:\/\/fuentesfidedignas.com.mx\/#\/schema\/person\/1827b38c6cf89e1d6cc7d78ca3fae732","name":"AFP","image":{"@type":"ImageObject","inLanguage":"es","@id":"https:\/\/secure.gravatar.com\/avatar\/236827d2ee9bf15e1ea99e0c1cd1b467cffa55e324d177638d0f8de7950cbae6?s=96&d=mm&r=g","url":"https:\/\/secure.gravatar.com\/avatar\/236827d2ee9bf15e1ea99e0c1cd1b467cffa55e324d177638d0f8de7950cbae6?s=96&d=mm&r=g","contentUrl":"https:\/\/secure.gravatar.com\/avatar\/236827d2ee9bf15e1ea99e0c1cd1b467cffa55e324d177638d0f8de7950cbae6?s=96&d=mm&r=g","caption":"AFP"},"url":"https:\/\/fuentesfidedignas.com.mx\/index.php\/author\/afp\/"}]}},"_links":{"self":[{"href":"https:\/\/fuentesfidedignas.com.mx\/index.php\/wp-json\/wp\/v2\/posts\/32148","targetHints":{"allow":["GET"]}}],"collection":[{"href":"https:\/\/fuentesfidedignas.com.mx\/index.php\/wp-json\/wp\/v2\/posts"}],"about":[{"href":"https:\/\/fuentesfidedignas.com.mx\/index.php\/wp-json\/wp\/v2\/types\/post"}],"author":[{"embeddable":true,"href":"https:\/\/fuentesfidedignas.com.mx\/index.php\/wp-json\/wp\/v2\/users\/12"}],"replies":[{"embeddable":true,"href":"https:\/\/fuentesfidedignas.com.mx\/index.php\/wp-json\/wp\/v2\/comments?post=32148"}],"version-history":[{"count":2,"href":"https:\/\/fuentesfidedignas.com.mx\/index.php\/wp-json\/wp\/v2\/posts\/32148\/revisions"}],"predecessor-version":[{"id":32151,"href":"https:\/\/fuentesfidedignas.com.mx\/index.php\/wp-json\/wp\/v2\/posts\/32148\/revisions\/32151"}],"wp:featuredmedia":[{"embeddable":true,"href":"https:\/\/fuentesfidedignas.com.mx\/index.php\/wp-json\/wp\/v2\/media\/32150"}],"wp:attachment":[{"href":"https:\/\/fuentesfidedignas.com.mx\/index.php\/wp-json\/wp\/v2\/media?parent=32148"}],"wp:term":[{"taxonomy":"category","embeddable":true,"href":"https:\/\/fuentesfidedignas.com.mx\/index.php\/wp-json\/wp\/v2\/categories?post=32148"},{"taxonomy":"post_tag","embeddable":true,"href":"https:\/\/fuentesfidedignas.com.mx\/index.php\/wp-json\/wp\/v2\/tags?post=32148"}],"curies":[{"name":"wp","href":"https:\/\/api.w.org\/{rel}","templated":true}]}}