{"id":32025,"date":"2022-05-21T10:15:01","date_gmt":"2022-05-21T16:15:01","guid":{"rendered":"https:\/\/fuentesfidedignas.com.mx\/?p=32025"},"modified":"2022-05-21T12:11:53","modified_gmt":"2022-05-21T18:11:53","slug":"autoridades-conmemoran-el-102-aniversario-luctuoso-de-venustiano-carranza","status":"publish","type":"post","link":"https:\/\/fuentesfidedignas.com.mx\/index.php\/2022\/05\/21\/autoridades-conmemoran-el-102-aniversario-luctuoso-de-venustiano-carranza\/","title":{"rendered":"Autoridades conmemoran el 102 aniversario luctuoso de Venustiano Carranza"},"content":{"rendered":"\n<p><strong><em>Se ley\u00f3 una peque\u00f1a semblanza a quien dio cuerpo jur\u00eddico a la revoluci\u00f3n con la constituci\u00f3n de 1917<\/em><\/strong><\/p>\n\n\n\n<p>Culiac\u00e1n, Sin.- Autoridades civiles y militares conmemoraron el aniversario luctuoso n\u00famero 102 de Venustiano Carranza con un izamiento de bandera a media asta y con los Honores de Ordenanza en la plaza c\u00edvica de Palacio de Gobierno.<\/p>\n\n\n\n<p>Tras concluir el izamiento del l\u00e1baro patrio y escuchar las gloriosas notas del himno nacional mexicano, las autoridades presentes se desplazaron al monumento a Don Venustiano Carranza en el cual, montaron una Guardia de Honor, donde se ley\u00f3 una peque\u00f1a semblanza a quien dio cuerpo jur\u00eddico a la revoluci\u00f3n con la constituci\u00f3n de 1917.<\/p>\n\n\n\n<figure class=\"wp-block-image size-full\"><img decoding=\"async\" width=\"1024\" height=\"682\" src=\"https:\/\/fuentesfidedignas.com.mx\/wp-content\/uploads\/2022\/05\/IMG-20220521-WA0008.jpg\" alt=\"\" class=\"wp-image-32026\" srcset=\"https:\/\/fuentesfidedignas.com.mx\/wp-content\/uploads\/2022\/05\/IMG-20220521-WA0008.jpg 1024w, https:\/\/fuentesfidedignas.com.mx\/wp-content\/uploads\/2022\/05\/IMG-20220521-WA0008-300x200.jpg 300w, https:\/\/fuentesfidedignas.com.mx\/wp-content\/uploads\/2022\/05\/IMG-20220521-WA0008-768x512.jpg 768w\" sizes=\"(max-width: 1024px) 100vw, 1024px\" \/><\/figure>\n\n\n\n<p>Dicha ceremonia culmin\u00f3 con el toque Silencio por parte la Banda de Guerra del 94 Batall\u00f3n de Infanter\u00eda.<\/p>\n\n\n\n<p>En representaci\u00f3n del gobernador Rub\u00e9n Rocha Moya, fue el secretario de Obras P\u00fablicas Jos\u00e9 Luis Zavala Cabanillas acompa\u00f1ado del presidente de la Mesa Directiva del H. Congreso del Estado de Sinaloa Gene Ren\u00e9 Boj\u00f3rquez Ruiz, el presidente del Supremo Tribunal de Justicia del Estado Jes\u00fas Iv\u00e1n Ch\u00e1vez Rangel, asimismo el comandante del 94\/o Batall\u00f3n de Infanter\u00eda Omar Alberto Cabello Zarz\u00faa y el jefe de Estado Mayor Base A\u00e9rea Militar No. 10 Jos\u00e9 Luis Moreno Aguirre.<\/p>\n","protected":false},"excerpt":{"rendered":"<p>Se ley\u00f3 una peque\u00f1a semblanza a quien dio cuerpo jur\u00eddico a la revoluci\u00f3n con la constituci\u00f3n de 1917 Culiac\u00e1n, Sin.- Autoridades civiles y militares conmemoraron el aniversario luctuoso n\u00famero 102 de Venustiano Carranza con un izamiento de bandera a media asta y con los Honores de Ordenanza en la plaza c\u00edvica de Palacio de Gobierno. [&hellip;]<\/p>\n","protected":false},"author":4,"featured_media":32028,"comment_status":"open","ping_status":"open","sticky":false,"template":"","format":"standard","meta":{"tdm_status":"","tdm_grid_status":"","footnotes":""},"categories":[38],"tags":[],"class_list":{"0":"post-32025","1":"post","2":"type-post","3":"status-publish","4":"format-standard","5":"has-post-thumbnail","7":"category-noticias-locales"},"yoast_head":"<!-- This site is optimized with the Yoast SEO plugin v27.5 - https:\/\/yoast.com\/product\/yoast-seo-wordpress\/ -->\n<title>Autoridades conmemoran el 102 aniversario luctuoso de Venustiano Carranza - Fuentes Fidedignas<\/title>\n<meta name=\"robots\" content=\"index, follow, max-snippet:-1, max-image-preview:large, max-video-preview:-1\" \/>\n<link rel=\"canonical\" href=\"https:\/\/fuentesfidedignas.com.mx\/index.php\/2022\/05\/21\/autoridades-conmemoran-el-102-aniversario-luctuoso-de-venustiano-carranza\/\" \/>\n<meta property=\"og:locale\" content=\"es_MX\" \/>\n<meta property=\"og:type\" content=\"article\" \/>\n<meta property=\"og:title\" content=\"Autoridades conmemoran el 102 aniversario luctuoso de Venustiano Carranza - Fuentes Fidedignas\" \/>\n<meta property=\"og:description\" content=\"Se ley\u00f3 una peque\u00f1a semblanza a quien dio cuerpo jur\u00eddico a la revoluci\u00f3n con la constituci\u00f3n de 1917 Culiac\u00e1n, Sin.- Autoridades civiles y militares conmemoraron el aniversario luctuoso n\u00famero 102 de Venustiano Carranza con un izamiento de bandera a media asta y con los Honores de Ordenanza en la plaza c\u00edvica de Palacio de Gobierno. [&hellip;]\" \/>\n<meta property=\"og:url\" content=\"https:\/\/fuentesfidedignas.com.mx\/index.php\/2022\/05\/21\/autoridades-conmemoran-el-102-aniversario-luctuoso-de-venustiano-carranza\/\" \/>\n<meta property=\"og:site_name\" content=\"Fuentes Fidedignas\" \/>\n<meta property=\"article:publisher\" content=\"https:\/\/www.facebook.com\/Fuentes-Fidedignas-368234489921644\" \/>\n<meta property=\"article:published_time\" content=\"2022-05-21T16:15:01+00:00\" \/>\n<meta property=\"article:modified_time\" content=\"2022-05-21T18:11:53+00:00\" \/>\n<meta property=\"og:image\" content=\"https:\/\/fuentesfidedignas.com.mx\/wp-content\/uploads\/2022\/05\/IMG-20220521-WA0009.jpg\" \/>\n\t<meta property=\"og:image:width\" content=\"1280\" \/>\n\t<meta property=\"og:image:height\" content=\"853\" \/>\n\t<meta property=\"og:image:type\" content=\"image\/jpeg\" \/>\n<meta name=\"author\" content=\"Redacci\u00f3n\" \/>\n<meta name=\"twitter:card\" content=\"summary_large_image\" \/>\n<meta name=\"twitter:creator\" content=\"@fidedignas\" \/>\n<meta name=\"twitter:site\" content=\"@fidedignas\" \/>\n<meta name=\"twitter:label1\" content=\"Escrito por\" \/>\n\t<meta name=\"twitter:data1\" content=\"Redacci\u00f3n\" \/>\n\t<meta name=\"twitter:label2\" content=\"Tiempo de lectura\" \/>\n\t<meta name=\"twitter:data2\" content=\"2 minutos\" \/>\n<script type=\"application\/ld+json\" class=\"yoast-schema-graph\">{\"@context\":\"https:\\\/\\\/schema.org\",\"@graph\":[{\"@type\":\"Article\",\"@id\":\"https:\\\/\\\/fuentesfidedignas.com.mx\\\/index.php\\\/2022\\\/05\\\/21\\\/autoridades-conmemoran-el-102-aniversario-luctuoso-de-venustiano-carranza\\\/#article\",\"isPartOf\":{\"@id\":\"https:\\\/\\\/fuentesfidedignas.com.mx\\\/index.php\\\/2022\\\/05\\\/21\\\/autoridades-conmemoran-el-102-aniversario-luctuoso-de-venustiano-carranza\\\/\"},\"author\":{\"name\":\"Redacci\u00f3n\",\"@id\":\"https:\\\/\\\/fuentesfidedignas.com.mx\\\/#\\\/schema\\\/person\\\/331be9283d37198e2acd5750279085b0\"},\"headline\":\"Autoridades conmemoran el 102 aniversario luctuoso de Venustiano Carranza\",\"datePublished\":\"2022-05-21T16:15:01+00:00\",\"dateModified\":\"2022-05-21T18:11:53+00:00\",\"mainEntityOfPage\":{\"@id\":\"https:\\\/\\\/fuentesfidedignas.com.mx\\\/index.php\\\/2022\\\/05\\\/21\\\/autoridades-conmemoran-el-102-aniversario-luctuoso-de-venustiano-carranza\\\/\"},\"wordCount\":232,\"commentCount\":0,\"publisher\":{\"@id\":\"https:\\\/\\\/fuentesfidedignas.com.mx\\\/#organization\"},\"image\":{\"@id\":\"https:\\\/\\\/fuentesfidedignas.com.mx\\\/index.php\\\/2022\\\/05\\\/21\\\/autoridades-conmemoran-el-102-aniversario-luctuoso-de-venustiano-carranza\\\/#primaryimage\"},\"thumbnailUrl\":\"https:\\\/\\\/fuentesfidedignas.com.mx\\\/wp-content\\\/uploads\\\/2022\\\/05\\\/IMG-20220521-WA0009.jpg\",\"articleSection\":[\"NOTICIAS LOCALES\"],\"inLanguage\":\"es\",\"potentialAction\":[{\"@type\":\"CommentAction\",\"name\":\"Comment\",\"target\":[\"https:\\\/\\\/fuentesfidedignas.com.mx\\\/index.php\\\/2022\\\/05\\\/21\\\/autoridades-conmemoran-el-102-aniversario-luctuoso-de-venustiano-carranza\\\/#respond\"]}]},{\"@type\":\"WebPage\",\"@id\":\"https:\\\/\\\/fuentesfidedignas.com.mx\\\/index.php\\\/2022\\\/05\\\/21\\\/autoridades-conmemoran-el-102-aniversario-luctuoso-de-venustiano-carranza\\\/\",\"url\":\"https:\\\/\\\/fuentesfidedignas.com.mx\\\/index.php\\\/2022\\\/05\\\/21\\\/autoridades-conmemoran-el-102-aniversario-luctuoso-de-venustiano-carranza\\\/\",\"name\":\"Autoridades conmemoran el 102 aniversario luctuoso de Venustiano Carranza - Fuentes Fidedignas\",\"isPartOf\":{\"@id\":\"https:\\\/\\\/fuentesfidedignas.com.mx\\\/#website\"},\"primaryImageOfPage\":{\"@id\":\"https:\\\/\\\/fuentesfidedignas.com.mx\\\/index.php\\\/2022\\\/05\\\/21\\\/autoridades-conmemoran-el-102-aniversario-luctuoso-de-venustiano-carranza\\\/#primaryimage\"},\"image\":{\"@id\":\"https:\\\/\\\/fuentesfidedignas.com.mx\\\/index.php\\\/2022\\\/05\\\/21\\\/autoridades-conmemoran-el-102-aniversario-luctuoso-de-venustiano-carranza\\\/#primaryimage\"},\"thumbnailUrl\":\"https:\\\/\\\/fuentesfidedignas.com.mx\\\/wp-content\\\/uploads\\\/2022\\\/05\\\/IMG-20220521-WA0009.jpg\",\"datePublished\":\"2022-05-21T16:15:01+00:00\",\"dateModified\":\"2022-05-21T18:11:53+00:00\",\"breadcrumb\":{\"@id\":\"https:\\\/\\\/fuentesfidedignas.com.mx\\\/index.php\\\/2022\\\/05\\\/21\\\/autoridades-conmemoran-el-102-aniversario-luctuoso-de-venustiano-carranza\\\/#breadcrumb\"},\"inLanguage\":\"es\",\"potentialAction\":[{\"@type\":\"ReadAction\",\"target\":[\"https:\\\/\\\/fuentesfidedignas.com.mx\\\/index.php\\\/2022\\\/05\\\/21\\\/autoridades-conmemoran-el-102-aniversario-luctuoso-de-venustiano-carranza\\\/\"]}]},{\"@type\":\"ImageObject\",\"inLanguage\":\"es\",\"@id\":\"https:\\\/\\\/fuentesfidedignas.com.mx\\\/index.php\\\/2022\\\/05\\\/21\\\/autoridades-conmemoran-el-102-aniversario-luctuoso-de-venustiano-carranza\\\/#primaryimage\",\"url\":\"https:\\\/\\\/fuentesfidedignas.com.mx\\\/wp-content\\\/uploads\\\/2022\\\/05\\\/IMG-20220521-WA0009.jpg\",\"contentUrl\":\"https:\\\/\\\/fuentesfidedignas.com.mx\\\/wp-content\\\/uploads\\\/2022\\\/05\\\/IMG-20220521-WA0009.jpg\",\"width\":1280,\"height\":853},{\"@type\":\"BreadcrumbList\",\"@id\":\"https:\\\/\\\/fuentesfidedignas.com.mx\\\/index.php\\\/2022\\\/05\\\/21\\\/autoridades-conmemoran-el-102-aniversario-luctuoso-de-venustiano-carranza\\\/#breadcrumb\",\"itemListElement\":[{\"@type\":\"ListItem\",\"position\":1,\"name\":\"Inicio\",\"item\":\"https:\\\/\\\/fuentesfidedignas.com.mx\\\/\"},{\"@type\":\"ListItem\",\"position\":2,\"name\":\"Autoridades conmemoran el 102 aniversario luctuoso de Venustiano Carranza\"}]},{\"@type\":\"WebSite\",\"@id\":\"https:\\\/\\\/fuentesfidedignas.com.mx\\\/#website\",\"url\":\"https:\\\/\\\/fuentesfidedignas.com.mx\\\/\",\"name\":\"Fuentes Fidedignas\",\"description\":\"Otro sitio realizado con WordPress\",\"publisher\":{\"@id\":\"https:\\\/\\\/fuentesfidedignas.com.mx\\\/#organization\"},\"potentialAction\":[{\"@type\":\"SearchAction\",\"target\":{\"@type\":\"EntryPoint\",\"urlTemplate\":\"https:\\\/\\\/fuentesfidedignas.com.mx\\\/?s={search_term_string}\"},\"query-input\":{\"@type\":\"PropertyValueSpecification\",\"valueRequired\":true,\"valueName\":\"search_term_string\"}}],\"inLanguage\":\"es\"},{\"@type\":\"Organization\",\"@id\":\"https:\\\/\\\/fuentesfidedignas.com.mx\\\/#organization\",\"name\":\"Fuentes Fidedignas\",\"url\":\"https:\\\/\\\/fuentesfidedignas.com.mx\\\/\",\"logo\":{\"@type\":\"ImageObject\",\"inLanguage\":\"es\",\"@id\":\"https:\\\/\\\/fuentesfidedignas.com.mx\\\/#\\\/schema\\\/logo\\\/image\\\/\",\"url\":\"https:\\\/\\\/fuentesfidedignas.com.mx\\\/wp-content\\\/uploads\\\/2021\\\/04\\\/logo-retina.png\",\"contentUrl\":\"https:\\\/\\\/fuentesfidedignas.com.mx\\\/wp-content\\\/uploads\\\/2021\\\/04\\\/logo-retina.png\",\"width\":280,\"height\":51,\"caption\":\"Fuentes Fidedignas\"},\"image\":{\"@id\":\"https:\\\/\\\/fuentesfidedignas.com.mx\\\/#\\\/schema\\\/logo\\\/image\\\/\"},\"sameAs\":[\"https:\\\/\\\/www.facebook.com\\\/Fuentes-Fidedignas-368234489921644\",\"https:\\\/\\\/x.com\\\/fidedignas\"]},{\"@type\":\"Person\",\"@id\":\"https:\\\/\\\/fuentesfidedignas.com.mx\\\/#\\\/schema\\\/person\\\/331be9283d37198e2acd5750279085b0\",\"name\":\"Redacci\u00f3n\",\"image\":{\"@type\":\"ImageObject\",\"inLanguage\":\"es\",\"@id\":\"https:\\\/\\\/secure.gravatar.com\\\/avatar\\\/f6d8782c11d12b2d4ad3fbb6931aeab5309937a4d6cd2fc9cfaa28a6396a5aec?s=96&d=mm&r=g\",\"url\":\"https:\\\/\\\/secure.gravatar.com\\\/avatar\\\/f6d8782c11d12b2d4ad3fbb6931aeab5309937a4d6cd2fc9cfaa28a6396a5aec?s=96&d=mm&r=g\",\"contentUrl\":\"https:\\\/\\\/secure.gravatar.com\\\/avatar\\\/f6d8782c11d12b2d4ad3fbb6931aeab5309937a4d6cd2fc9cfaa28a6396a5aec?s=96&d=mm&r=g\",\"caption\":\"Redacci\u00f3n\"},\"url\":\"https:\\\/\\\/fuentesfidedignas.com.mx\\\/index.php\\\/author\\\/redaccion\\\/\"}]}<\/script>\n<!-- \/ Yoast SEO plugin. -->","yoast_head_json":{"title":"Autoridades conmemoran el 102 aniversario luctuoso de Venustiano Carranza - Fuentes Fidedignas","robots":{"index":"index","follow":"follow","max-snippet":"max-snippet:-1","max-image-preview":"max-image-preview:large","max-video-preview":"max-video-preview:-1"},"canonical":"https:\/\/fuentesfidedignas.com.mx\/index.php\/2022\/05\/21\/autoridades-conmemoran-el-102-aniversario-luctuoso-de-venustiano-carranza\/","og_locale":"es_MX","og_type":"article","og_title":"Autoridades conmemoran el 102 aniversario luctuoso de Venustiano Carranza - Fuentes Fidedignas","og_description":"Se ley\u00f3 una peque\u00f1a semblanza a quien dio cuerpo jur\u00eddico a la revoluci\u00f3n con la constituci\u00f3n de 1917 Culiac\u00e1n, Sin.- Autoridades civiles y militares conmemoraron el aniversario luctuoso n\u00famero 102 de Venustiano Carranza con un izamiento de bandera a media asta y con los Honores de Ordenanza en la plaza c\u00edvica de Palacio de Gobierno. [&hellip;]","og_url":"https:\/\/fuentesfidedignas.com.mx\/index.php\/2022\/05\/21\/autoridades-conmemoran-el-102-aniversario-luctuoso-de-venustiano-carranza\/","og_site_name":"Fuentes Fidedignas","article_publisher":"https:\/\/www.facebook.com\/Fuentes-Fidedignas-368234489921644","article_published_time":"2022-05-21T16:15:01+00:00","article_modified_time":"2022-05-21T18:11:53+00:00","og_image":[{"width":1280,"height":853,"url":"https:\/\/fuentesfidedignas.com.mx\/wp-content\/uploads\/2022\/05\/IMG-20220521-WA0009.jpg","type":"image\/jpeg"}],"author":"Redacci\u00f3n","twitter_card":"summary_large_image","twitter_creator":"@fidedignas","twitter_site":"@fidedignas","twitter_misc":{"Escrito por":"Redacci\u00f3n","Tiempo de lectura":"2 minutos"},"schema":{"@context":"https:\/\/schema.org","@graph":[{"@type":"Article","@id":"https:\/\/fuentesfidedignas.com.mx\/index.php\/2022\/05\/21\/autoridades-conmemoran-el-102-aniversario-luctuoso-de-venustiano-carranza\/#article","isPartOf":{"@id":"https:\/\/fuentesfidedignas.com.mx\/index.php\/2022\/05\/21\/autoridades-conmemoran-el-102-aniversario-luctuoso-de-venustiano-carranza\/"},"author":{"name":"Redacci\u00f3n","@id":"https:\/\/fuentesfidedignas.com.mx\/#\/schema\/person\/331be9283d37198e2acd5750279085b0"},"headline":"Autoridades conmemoran el 102 aniversario luctuoso de Venustiano Carranza","datePublished":"2022-05-21T16:15:01+00:00","dateModified":"2022-05-21T18:11:53+00:00","mainEntityOfPage":{"@id":"https:\/\/fuentesfidedignas.com.mx\/index.php\/2022\/05\/21\/autoridades-conmemoran-el-102-aniversario-luctuoso-de-venustiano-carranza\/"},"wordCount":232,"commentCount":0,"publisher":{"@id":"https:\/\/fuentesfidedignas.com.mx\/#organization"},"image":{"@id":"https:\/\/fuentesfidedignas.com.mx\/index.php\/2022\/05\/21\/autoridades-conmemoran-el-102-aniversario-luctuoso-de-venustiano-carranza\/#primaryimage"},"thumbnailUrl":"https:\/\/fuentesfidedignas.com.mx\/wp-content\/uploads\/2022\/05\/IMG-20220521-WA0009.jpg","articleSection":["NOTICIAS LOCALES"],"inLanguage":"es","potentialAction":[{"@type":"CommentAction","name":"Comment","target":["https:\/\/fuentesfidedignas.com.mx\/index.php\/2022\/05\/21\/autoridades-conmemoran-el-102-aniversario-luctuoso-de-venustiano-carranza\/#respond"]}]},{"@type":"WebPage","@id":"https:\/\/fuentesfidedignas.com.mx\/index.php\/2022\/05\/21\/autoridades-conmemoran-el-102-aniversario-luctuoso-de-venustiano-carranza\/","url":"https:\/\/fuentesfidedignas.com.mx\/index.php\/2022\/05\/21\/autoridades-conmemoran-el-102-aniversario-luctuoso-de-venustiano-carranza\/","name":"Autoridades conmemoran el 102 aniversario luctuoso de Venustiano Carranza - Fuentes Fidedignas","isPartOf":{"@id":"https:\/\/fuentesfidedignas.com.mx\/#website"},"primaryImageOfPage":{"@id":"https:\/\/fuentesfidedignas.com.mx\/index.php\/2022\/05\/21\/autoridades-conmemoran-el-102-aniversario-luctuoso-de-venustiano-carranza\/#primaryimage"},"image":{"@id":"https:\/\/fuentesfidedignas.com.mx\/index.php\/2022\/05\/21\/autoridades-conmemoran-el-102-aniversario-luctuoso-de-venustiano-carranza\/#primaryimage"},"thumbnailUrl":"https:\/\/fuentesfidedignas.com.mx\/wp-content\/uploads\/2022\/05\/IMG-20220521-WA0009.jpg","datePublished":"2022-05-21T16:15:01+00:00","dateModified":"2022-05-21T18:11:53+00:00","breadcrumb":{"@id":"https:\/\/fuentesfidedignas.com.mx\/index.php\/2022\/05\/21\/autoridades-conmemoran-el-102-aniversario-luctuoso-de-venustiano-carranza\/#breadcrumb"},"inLanguage":"es","potentialAction":[{"@type":"ReadAction","target":["https:\/\/fuentesfidedignas.com.mx\/index.php\/2022\/05\/21\/autoridades-conmemoran-el-102-aniversario-luctuoso-de-venustiano-carranza\/"]}]},{"@type":"ImageObject","inLanguage":"es","@id":"https:\/\/fuentesfidedignas.com.mx\/index.php\/2022\/05\/21\/autoridades-conmemoran-el-102-aniversario-luctuoso-de-venustiano-carranza\/#primaryimage","url":"https:\/\/fuentesfidedignas.com.mx\/wp-content\/uploads\/2022\/05\/IMG-20220521-WA0009.jpg","contentUrl":"https:\/\/fuentesfidedignas.com.mx\/wp-content\/uploads\/2022\/05\/IMG-20220521-WA0009.jpg","width":1280,"height":853},{"@type":"BreadcrumbList","@id":"https:\/\/fuentesfidedignas.com.mx\/index.php\/2022\/05\/21\/autoridades-conmemoran-el-102-aniversario-luctuoso-de-venustiano-carranza\/#breadcrumb","itemListElement":[{"@type":"ListItem","position":1,"name":"Inicio","item":"https:\/\/fuentesfidedignas.com.mx\/"},{"@type":"ListItem","position":2,"name":"Autoridades conmemoran el 102 aniversario luctuoso de Venustiano Carranza"}]},{"@type":"WebSite","@id":"https:\/\/fuentesfidedignas.com.mx\/#website","url":"https:\/\/fuentesfidedignas.com.mx\/","name":"Fuentes Fidedignas","description":"Otro sitio realizado con WordPress","publisher":{"@id":"https:\/\/fuentesfidedignas.com.mx\/#organization"},"potentialAction":[{"@type":"SearchAction","target":{"@type":"EntryPoint","urlTemplate":"https:\/\/fuentesfidedignas.com.mx\/?s={search_term_string}"},"query-input":{"@type":"PropertyValueSpecification","valueRequired":true,"valueName":"search_term_string"}}],"inLanguage":"es"},{"@type":"Organization","@id":"https:\/\/fuentesfidedignas.com.mx\/#organization","name":"Fuentes Fidedignas","url":"https:\/\/fuentesfidedignas.com.mx\/","logo":{"@type":"ImageObject","inLanguage":"es","@id":"https:\/\/fuentesfidedignas.com.mx\/#\/schema\/logo\/image\/","url":"https:\/\/fuentesfidedignas.com.mx\/wp-content\/uploads\/2021\/04\/logo-retina.png","contentUrl":"https:\/\/fuentesfidedignas.com.mx\/wp-content\/uploads\/2021\/04\/logo-retina.png","width":280,"height":51,"caption":"Fuentes Fidedignas"},"image":{"@id":"https:\/\/fuentesfidedignas.com.mx\/#\/schema\/logo\/image\/"},"sameAs":["https:\/\/www.facebook.com\/Fuentes-Fidedignas-368234489921644","https:\/\/x.com\/fidedignas"]},{"@type":"Person","@id":"https:\/\/fuentesfidedignas.com.mx\/#\/schema\/person\/331be9283d37198e2acd5750279085b0","name":"Redacci\u00f3n","image":{"@type":"ImageObject","inLanguage":"es","@id":"https:\/\/secure.gravatar.com\/avatar\/f6d8782c11d12b2d4ad3fbb6931aeab5309937a4d6cd2fc9cfaa28a6396a5aec?s=96&d=mm&r=g","url":"https:\/\/secure.gravatar.com\/avatar\/f6d8782c11d12b2d4ad3fbb6931aeab5309937a4d6cd2fc9cfaa28a6396a5aec?s=96&d=mm&r=g","contentUrl":"https:\/\/secure.gravatar.com\/avatar\/f6d8782c11d12b2d4ad3fbb6931aeab5309937a4d6cd2fc9cfaa28a6396a5aec?s=96&d=mm&r=g","caption":"Redacci\u00f3n"},"url":"https:\/\/fuentesfidedignas.com.mx\/index.php\/author\/redaccion\/"}]}},"_links":{"self":[{"href":"https:\/\/fuentesfidedignas.com.mx\/index.php\/wp-json\/wp\/v2\/posts\/32025","targetHints":{"allow":["GET"]}}],"collection":[{"href":"https:\/\/fuentesfidedignas.com.mx\/index.php\/wp-json\/wp\/v2\/posts"}],"about":[{"href":"https:\/\/fuentesfidedignas.com.mx\/index.php\/wp-json\/wp\/v2\/types\/post"}],"author":[{"embeddable":true,"href":"https:\/\/fuentesfidedignas.com.mx\/index.php\/wp-json\/wp\/v2\/users\/4"}],"replies":[{"embeddable":true,"href":"https:\/\/fuentesfidedignas.com.mx\/index.php\/wp-json\/wp\/v2\/comments?post=32025"}],"version-history":[{"count":1,"href":"https:\/\/fuentesfidedignas.com.mx\/index.php\/wp-json\/wp\/v2\/posts\/32025\/revisions"}],"predecessor-version":[{"id":32027,"href":"https:\/\/fuentesfidedignas.com.mx\/index.php\/wp-json\/wp\/v2\/posts\/32025\/revisions\/32027"}],"wp:featuredmedia":[{"embeddable":true,"href":"https:\/\/fuentesfidedignas.com.mx\/index.php\/wp-json\/wp\/v2\/media\/32028"}],"wp:attachment":[{"href":"https:\/\/fuentesfidedignas.com.mx\/index.php\/wp-json\/wp\/v2\/media?parent=32025"}],"wp:term":[{"taxonomy":"category","embeddable":true,"href":"https:\/\/fuentesfidedignas.com.mx\/index.php\/wp-json\/wp\/v2\/categories?post=32025"},{"taxonomy":"post_tag","embeddable":true,"href":"https:\/\/fuentesfidedignas.com.mx\/index.php\/wp-json\/wp\/v2\/tags?post=32025"}],"curies":[{"name":"wp","href":"https:\/\/api.w.org\/{rel}","templated":true}]}}