{"id":3189,"date":"2021-05-26T10:01:12","date_gmt":"2021-05-26T17:01:12","guid":{"rendered":"https:\/\/fuentesfidedignas.com.mx\/?p=3189"},"modified":"2021-05-26T10:11:27","modified_gmt":"2021-05-26T17:11:27","slug":"llego-la-hora-con-zamora","status":"publish","type":"post","link":"https:\/\/fuentesfidedignas.com.mx\/index.php\/2021\/05\/26\/llego-la-hora-con-zamora\/","title":{"rendered":"\u00bfLleg\u00f3 la hora con Zamora?"},"content":{"rendered":"\n<figure class=\"wp-block-embed is-type-video is-provider-youtube wp-block-embed-youtube wp-embed-aspect-16-9 wp-has-aspect-ratio\"><div class=\"wp-block-embed__wrapper\">\n<div class=\"youtube-embed\" data-video_id=\"me_l2z_jr6Q\"><iframe loading=\"lazy\" title=\"\u00bfLleg\u00f3 la hora con Zamora?\" width=\"696\" height=\"392\" src=\"https:\/\/www.youtube.com\/embed\/me_l2z_jr6Q?feature=oembed&#038;enablejsapi=1\" frameborder=\"0\" allow=\"accelerometer; autoplay; clipboard-write; encrypted-media; gyroscope; picture-in-picture\" allowfullscreen><\/iframe><\/div>\n<\/div><\/figure>\n\n\n\n<p>Mario Zamora nos cuenta c\u00f3mo su experiencia y vitalidad pueden beneficiar a Sinaloa si llegara a ser el pr\u00f3ximo Gobernador.<\/p>\n\n\n\n<p>\u00bfEs demasiado joven para ser Gobernador? \u00bfC\u00f3mo pretende aplicar una administraci\u00f3n amigable con los sinaloenses? De eso y m\u00e1s hablamos con el candidato del PRI-PAN-PRD.<\/p>\n","protected":false},"excerpt":{"rendered":"<p>Mario Zamora nos cuenta c\u00f3mo su experiencia y vitalidad pueden beneficiar a Sinaloa si llegara a ser el pr\u00f3ximo Gobernador. \u00bfEs demasiado joven para ser Gobernador? \u00bfC\u00f3mo pretende aplicar una administraci\u00f3n amigable con los sinaloenses? De eso y m\u00e1s hablamos con el candidato del PRI-PAN-PRD.<\/p>\n","protected":false},"author":49,"featured_media":3193,"comment_status":"open","ping_status":"open","sticky":true,"template":"","format":"video","meta":{"tdm_status":"","tdm_grid_status":"","footnotes":""},"categories":[307],"tags":[549,554,552,553,551,550],"class_list":{"0":"post-3189","1":"post","2":"type-post","3":"status-publish","4":"format-video","5":"has-post-thumbnail","7":"category-ruleteando","8":"tag-entrevistamariozamora","9":"tag-mariozamora","10":"tag-mariozamoraruletenado","11":"tag-mariozamorasinaloa","12":"tag-relex","13":"tag-rulexzamora","14":"post_format-post-format-video"},"yoast_head":"<!-- This site is optimized with the Yoast SEO plugin v27.5 - https:\/\/yoast.com\/product\/yoast-seo-wordpress\/ -->\n<title>\u00bfLleg\u00f3 la hora con Zamora? - Fuentes Fidedignas<\/title>\n<meta name=\"robots\" content=\"index, follow, max-snippet:-1, max-image-preview:large, max-video-preview:-1\" \/>\n<link rel=\"canonical\" href=\"https:\/\/fuentesfidedignas.com.mx\/index.php\/2021\/05\/26\/llego-la-hora-con-zamora\/\" \/>\n<meta property=\"og:locale\" content=\"es_MX\" \/>\n<meta property=\"og:type\" content=\"article\" \/>\n<meta property=\"og:title\" content=\"\u00bfLleg\u00f3 la hora con Zamora? - Fuentes Fidedignas\" \/>\n<meta property=\"og:description\" content=\"Mario Zamora nos cuenta c\u00f3mo su experiencia y vitalidad pueden beneficiar a Sinaloa si llegara a ser el pr\u00f3ximo Gobernador. \u00bfEs demasiado joven para ser Gobernador? \u00bfC\u00f3mo pretende aplicar una administraci\u00f3n amigable con los sinaloenses? De eso y m\u00e1s hablamos con el candidato del PRI-PAN-PRD.\" \/>\n<meta property=\"og:url\" content=\"https:\/\/fuentesfidedignas.com.mx\/index.php\/2021\/05\/26\/llego-la-hora-con-zamora\/\" \/>\n<meta property=\"og:site_name\" content=\"Fuentes Fidedignas\" \/>\n<meta property=\"article:publisher\" content=\"https:\/\/www.facebook.com\/Fuentes-Fidedignas-368234489921644\" \/>\n<meta property=\"article:published_time\" content=\"2021-05-26T17:01:12+00:00\" \/>\n<meta property=\"article:modified_time\" content=\"2021-05-26T17:11:27+00:00\" \/>\n<meta property=\"og:image\" content=\"https:\/\/fuentesfidedignas.com.mx\/wp-content\/uploads\/2021\/05\/mariozamora-entrevistafuentesfidedignas-1024x593.png\" \/>\n\t<meta property=\"og:image:width\" content=\"1024\" \/>\n\t<meta property=\"og:image:height\" content=\"593\" \/>\n\t<meta property=\"og:image:type\" content=\"image\/png\" \/>\n<meta name=\"author\" content=\"Rulex EO\" \/>\n<meta name=\"twitter:card\" content=\"summary_large_image\" \/>\n<meta name=\"twitter:creator\" content=\"@fidedignas\" \/>\n<meta name=\"twitter:site\" content=\"@fidedignas\" \/>\n<meta name=\"twitter:label1\" content=\"Escrito por\" \/>\n\t<meta name=\"twitter:data1\" content=\"Rulex EO\" \/>\n\t<meta name=\"twitter:label2\" content=\"Tiempo de lectura\" \/>\n\t<meta name=\"twitter:data2\" content=\"1 minuto\" \/>\n<script type=\"application\/ld+json\" class=\"yoast-schema-graph\">{\"@context\":\"https:\\\/\\\/schema.org\",\"@graph\":[{\"@type\":\"Article\",\"@id\":\"https:\\\/\\\/fuentesfidedignas.com.mx\\\/index.php\\\/2021\\\/05\\\/26\\\/llego-la-hora-con-zamora\\\/#article\",\"isPartOf\":{\"@id\":\"https:\\\/\\\/fuentesfidedignas.com.mx\\\/index.php\\\/2021\\\/05\\\/26\\\/llego-la-hora-con-zamora\\\/\"},\"author\":{\"name\":\"Rulex EO\",\"@id\":\"https:\\\/\\\/fuentesfidedignas.com.mx\\\/#\\\/schema\\\/person\\\/20930f43e3dc1a7d8e6694fc9e20787c\"},\"headline\":\"\u00bfLleg\u00f3 la hora con Zamora?\",\"datePublished\":\"2021-05-26T17:01:12+00:00\",\"dateModified\":\"2021-05-26T17:11:27+00:00\",\"mainEntityOfPage\":{\"@id\":\"https:\\\/\\\/fuentesfidedignas.com.mx\\\/index.php\\\/2021\\\/05\\\/26\\\/llego-la-hora-con-zamora\\\/\"},\"wordCount\":66,\"commentCount\":0,\"publisher\":{\"@id\":\"https:\\\/\\\/fuentesfidedignas.com.mx\\\/#organization\"},\"image\":{\"@id\":\"https:\\\/\\\/fuentesfidedignas.com.mx\\\/index.php\\\/2021\\\/05\\\/26\\\/llego-la-hora-con-zamora\\\/#primaryimage\"},\"thumbnailUrl\":\"https:\\\/\\\/fuentesfidedignas.com.mx\\\/wp-content\\\/uploads\\\/2021\\\/05\\\/mariozamora-entrevistafuentesfidedignas.png\",\"keywords\":[\"entrevistamariozamora\",\"mariozamora\",\"mariozamoraruletenado\",\"mariozamorasinaloa\",\"relex\",\"rulexzamora\"],\"articleSection\":[\"RULETEANDO\"],\"inLanguage\":\"es\",\"potentialAction\":[{\"@type\":\"CommentAction\",\"name\":\"Comment\",\"target\":[\"https:\\\/\\\/fuentesfidedignas.com.mx\\\/index.php\\\/2021\\\/05\\\/26\\\/llego-la-hora-con-zamora\\\/#respond\"]}]},{\"@type\":\"WebPage\",\"@id\":\"https:\\\/\\\/fuentesfidedignas.com.mx\\\/index.php\\\/2021\\\/05\\\/26\\\/llego-la-hora-con-zamora\\\/\",\"url\":\"https:\\\/\\\/fuentesfidedignas.com.mx\\\/index.php\\\/2021\\\/05\\\/26\\\/llego-la-hora-con-zamora\\\/\",\"name\":\"\u00bfLleg\u00f3 la hora con Zamora? - Fuentes Fidedignas\",\"isPartOf\":{\"@id\":\"https:\\\/\\\/fuentesfidedignas.com.mx\\\/#website\"},\"primaryImageOfPage\":{\"@id\":\"https:\\\/\\\/fuentesfidedignas.com.mx\\\/index.php\\\/2021\\\/05\\\/26\\\/llego-la-hora-con-zamora\\\/#primaryimage\"},\"image\":{\"@id\":\"https:\\\/\\\/fuentesfidedignas.com.mx\\\/index.php\\\/2021\\\/05\\\/26\\\/llego-la-hora-con-zamora\\\/#primaryimage\"},\"thumbnailUrl\":\"https:\\\/\\\/fuentesfidedignas.com.mx\\\/wp-content\\\/uploads\\\/2021\\\/05\\\/mariozamora-entrevistafuentesfidedignas.png\",\"datePublished\":\"2021-05-26T17:01:12+00:00\",\"dateModified\":\"2021-05-26T17:11:27+00:00\",\"breadcrumb\":{\"@id\":\"https:\\\/\\\/fuentesfidedignas.com.mx\\\/index.php\\\/2021\\\/05\\\/26\\\/llego-la-hora-con-zamora\\\/#breadcrumb\"},\"inLanguage\":\"es\",\"potentialAction\":[{\"@type\":\"ReadAction\",\"target\":[\"https:\\\/\\\/fuentesfidedignas.com.mx\\\/index.php\\\/2021\\\/05\\\/26\\\/llego-la-hora-con-zamora\\\/\"]}]},{\"@type\":\"ImageObject\",\"inLanguage\":\"es\",\"@id\":\"https:\\\/\\\/fuentesfidedignas.com.mx\\\/index.php\\\/2021\\\/05\\\/26\\\/llego-la-hora-con-zamora\\\/#primaryimage\",\"url\":\"https:\\\/\\\/fuentesfidedignas.com.mx\\\/wp-content\\\/uploads\\\/2021\\\/05\\\/mariozamora-entrevistafuentesfidedignas.png\",\"contentUrl\":\"https:\\\/\\\/fuentesfidedignas.com.mx\\\/wp-content\\\/uploads\\\/2021\\\/05\\\/mariozamora-entrevistafuentesfidedignas.png\",\"width\":1391,\"height\":805},{\"@type\":\"BreadcrumbList\",\"@id\":\"https:\\\/\\\/fuentesfidedignas.com.mx\\\/index.php\\\/2021\\\/05\\\/26\\\/llego-la-hora-con-zamora\\\/#breadcrumb\",\"itemListElement\":[{\"@type\":\"ListItem\",\"position\":1,\"name\":\"Inicio\",\"item\":\"https:\\\/\\\/fuentesfidedignas.com.mx\\\/\"},{\"@type\":\"ListItem\",\"position\":2,\"name\":\"\u00bfLleg\u00f3 la hora con Zamora?\"}]},{\"@type\":\"WebSite\",\"@id\":\"https:\\\/\\\/fuentesfidedignas.com.mx\\\/#website\",\"url\":\"https:\\\/\\\/fuentesfidedignas.com.mx\\\/\",\"name\":\"Fuentes Fidedignas\",\"description\":\"Otro sitio realizado con WordPress\",\"publisher\":{\"@id\":\"https:\\\/\\\/fuentesfidedignas.com.mx\\\/#organization\"},\"potentialAction\":[{\"@type\":\"SearchAction\",\"target\":{\"@type\":\"EntryPoint\",\"urlTemplate\":\"https:\\\/\\\/fuentesfidedignas.com.mx\\\/?s={search_term_string}\"},\"query-input\":{\"@type\":\"PropertyValueSpecification\",\"valueRequired\":true,\"valueName\":\"search_term_string\"}}],\"inLanguage\":\"es\"},{\"@type\":\"Organization\",\"@id\":\"https:\\\/\\\/fuentesfidedignas.com.mx\\\/#organization\",\"name\":\"Fuentes Fidedignas\",\"url\":\"https:\\\/\\\/fuentesfidedignas.com.mx\\\/\",\"logo\":{\"@type\":\"ImageObject\",\"inLanguage\":\"es\",\"@id\":\"https:\\\/\\\/fuentesfidedignas.com.mx\\\/#\\\/schema\\\/logo\\\/image\\\/\",\"url\":\"https:\\\/\\\/fuentesfidedignas.com.mx\\\/wp-content\\\/uploads\\\/2021\\\/04\\\/logo-retina.png\",\"contentUrl\":\"https:\\\/\\\/fuentesfidedignas.com.mx\\\/wp-content\\\/uploads\\\/2021\\\/04\\\/logo-retina.png\",\"width\":280,\"height\":51,\"caption\":\"Fuentes Fidedignas\"},\"image\":{\"@id\":\"https:\\\/\\\/fuentesfidedignas.com.mx\\\/#\\\/schema\\\/logo\\\/image\\\/\"},\"sameAs\":[\"https:\\\/\\\/www.facebook.com\\\/Fuentes-Fidedignas-368234489921644\",\"https:\\\/\\\/x.com\\\/fidedignas\"]},{\"@type\":\"Person\",\"@id\":\"https:\\\/\\\/fuentesfidedignas.com.mx\\\/#\\\/schema\\\/person\\\/20930f43e3dc1a7d8e6694fc9e20787c\",\"name\":\"Rulex EO\",\"image\":{\"@type\":\"ImageObject\",\"inLanguage\":\"es\",\"@id\":\"https:\\\/\\\/secure.gravatar.com\\\/avatar\\\/6be06fb154aa204107056e0710d80d02ae63a7acd89e3027e6621e33b06b5311?s=96&d=mm&r=g\",\"url\":\"https:\\\/\\\/secure.gravatar.com\\\/avatar\\\/6be06fb154aa204107056e0710d80d02ae63a7acd89e3027e6621e33b06b5311?s=96&d=mm&r=g\",\"contentUrl\":\"https:\\\/\\\/secure.gravatar.com\\\/avatar\\\/6be06fb154aa204107056e0710d80d02ae63a7acd89e3027e6621e33b06b5311?s=96&d=mm&r=g\",\"caption\":\"Rulex EO\"},\"url\":\"https:\\\/\\\/fuentesfidedignas.com.mx\\\/index.php\\\/author\\\/rulex\\\/\"}]}<\/script>\n<!-- \/ Yoast SEO plugin. -->","yoast_head_json":{"title":"\u00bfLleg\u00f3 la hora con Zamora? - Fuentes Fidedignas","robots":{"index":"index","follow":"follow","max-snippet":"max-snippet:-1","max-image-preview":"max-image-preview:large","max-video-preview":"max-video-preview:-1"},"canonical":"https:\/\/fuentesfidedignas.com.mx\/index.php\/2021\/05\/26\/llego-la-hora-con-zamora\/","og_locale":"es_MX","og_type":"article","og_title":"\u00bfLleg\u00f3 la hora con Zamora? - Fuentes Fidedignas","og_description":"Mario Zamora nos cuenta c\u00f3mo su experiencia y vitalidad pueden beneficiar a Sinaloa si llegara a ser el pr\u00f3ximo Gobernador. \u00bfEs demasiado joven para ser Gobernador? \u00bfC\u00f3mo pretende aplicar una administraci\u00f3n amigable con los sinaloenses? De eso y m\u00e1s hablamos con el candidato del PRI-PAN-PRD.","og_url":"https:\/\/fuentesfidedignas.com.mx\/index.php\/2021\/05\/26\/llego-la-hora-con-zamora\/","og_site_name":"Fuentes Fidedignas","article_publisher":"https:\/\/www.facebook.com\/Fuentes-Fidedignas-368234489921644","article_published_time":"2021-05-26T17:01:12+00:00","article_modified_time":"2021-05-26T17:11:27+00:00","og_image":[{"width":1024,"height":593,"url":"https:\/\/fuentesfidedignas.com.mx\/wp-content\/uploads\/2021\/05\/mariozamora-entrevistafuentesfidedignas-1024x593.png","type":"image\/png"}],"author":"Rulex EO","twitter_card":"summary_large_image","twitter_creator":"@fidedignas","twitter_site":"@fidedignas","twitter_misc":{"Escrito por":"Rulex EO","Tiempo de lectura":"1 minuto"},"schema":{"@context":"https:\/\/schema.org","@graph":[{"@type":"Article","@id":"https:\/\/fuentesfidedignas.com.mx\/index.php\/2021\/05\/26\/llego-la-hora-con-zamora\/#article","isPartOf":{"@id":"https:\/\/fuentesfidedignas.com.mx\/index.php\/2021\/05\/26\/llego-la-hora-con-zamora\/"},"author":{"name":"Rulex EO","@id":"https:\/\/fuentesfidedignas.com.mx\/#\/schema\/person\/20930f43e3dc1a7d8e6694fc9e20787c"},"headline":"\u00bfLleg\u00f3 la hora con Zamora?","datePublished":"2021-05-26T17:01:12+00:00","dateModified":"2021-05-26T17:11:27+00:00","mainEntityOfPage":{"@id":"https:\/\/fuentesfidedignas.com.mx\/index.php\/2021\/05\/26\/llego-la-hora-con-zamora\/"},"wordCount":66,"commentCount":0,"publisher":{"@id":"https:\/\/fuentesfidedignas.com.mx\/#organization"},"image":{"@id":"https:\/\/fuentesfidedignas.com.mx\/index.php\/2021\/05\/26\/llego-la-hora-con-zamora\/#primaryimage"},"thumbnailUrl":"https:\/\/fuentesfidedignas.com.mx\/wp-content\/uploads\/2021\/05\/mariozamora-entrevistafuentesfidedignas.png","keywords":["entrevistamariozamora","mariozamora","mariozamoraruletenado","mariozamorasinaloa","relex","rulexzamora"],"articleSection":["RULETEANDO"],"inLanguage":"es","potentialAction":[{"@type":"CommentAction","name":"Comment","target":["https:\/\/fuentesfidedignas.com.mx\/index.php\/2021\/05\/26\/llego-la-hora-con-zamora\/#respond"]}]},{"@type":"WebPage","@id":"https:\/\/fuentesfidedignas.com.mx\/index.php\/2021\/05\/26\/llego-la-hora-con-zamora\/","url":"https:\/\/fuentesfidedignas.com.mx\/index.php\/2021\/05\/26\/llego-la-hora-con-zamora\/","name":"\u00bfLleg\u00f3 la hora con Zamora? - Fuentes Fidedignas","isPartOf":{"@id":"https:\/\/fuentesfidedignas.com.mx\/#website"},"primaryImageOfPage":{"@id":"https:\/\/fuentesfidedignas.com.mx\/index.php\/2021\/05\/26\/llego-la-hora-con-zamora\/#primaryimage"},"image":{"@id":"https:\/\/fuentesfidedignas.com.mx\/index.php\/2021\/05\/26\/llego-la-hora-con-zamora\/#primaryimage"},"thumbnailUrl":"https:\/\/fuentesfidedignas.com.mx\/wp-content\/uploads\/2021\/05\/mariozamora-entrevistafuentesfidedignas.png","datePublished":"2021-05-26T17:01:12+00:00","dateModified":"2021-05-26T17:11:27+00:00","breadcrumb":{"@id":"https:\/\/fuentesfidedignas.com.mx\/index.php\/2021\/05\/26\/llego-la-hora-con-zamora\/#breadcrumb"},"inLanguage":"es","potentialAction":[{"@type":"ReadAction","target":["https:\/\/fuentesfidedignas.com.mx\/index.php\/2021\/05\/26\/llego-la-hora-con-zamora\/"]}]},{"@type":"ImageObject","inLanguage":"es","@id":"https:\/\/fuentesfidedignas.com.mx\/index.php\/2021\/05\/26\/llego-la-hora-con-zamora\/#primaryimage","url":"https:\/\/fuentesfidedignas.com.mx\/wp-content\/uploads\/2021\/05\/mariozamora-entrevistafuentesfidedignas.png","contentUrl":"https:\/\/fuentesfidedignas.com.mx\/wp-content\/uploads\/2021\/05\/mariozamora-entrevistafuentesfidedignas.png","width":1391,"height":805},{"@type":"BreadcrumbList","@id":"https:\/\/fuentesfidedignas.com.mx\/index.php\/2021\/05\/26\/llego-la-hora-con-zamora\/#breadcrumb","itemListElement":[{"@type":"ListItem","position":1,"name":"Inicio","item":"https:\/\/fuentesfidedignas.com.mx\/"},{"@type":"ListItem","position":2,"name":"\u00bfLleg\u00f3 la hora con Zamora?"}]},{"@type":"WebSite","@id":"https:\/\/fuentesfidedignas.com.mx\/#website","url":"https:\/\/fuentesfidedignas.com.mx\/","name":"Fuentes Fidedignas","description":"Otro sitio realizado con WordPress","publisher":{"@id":"https:\/\/fuentesfidedignas.com.mx\/#organization"},"potentialAction":[{"@type":"SearchAction","target":{"@type":"EntryPoint","urlTemplate":"https:\/\/fuentesfidedignas.com.mx\/?s={search_term_string}"},"query-input":{"@type":"PropertyValueSpecification","valueRequired":true,"valueName":"search_term_string"}}],"inLanguage":"es"},{"@type":"Organization","@id":"https:\/\/fuentesfidedignas.com.mx\/#organization","name":"Fuentes Fidedignas","url":"https:\/\/fuentesfidedignas.com.mx\/","logo":{"@type":"ImageObject","inLanguage":"es","@id":"https:\/\/fuentesfidedignas.com.mx\/#\/schema\/logo\/image\/","url":"https:\/\/fuentesfidedignas.com.mx\/wp-content\/uploads\/2021\/04\/logo-retina.png","contentUrl":"https:\/\/fuentesfidedignas.com.mx\/wp-content\/uploads\/2021\/04\/logo-retina.png","width":280,"height":51,"caption":"Fuentes Fidedignas"},"image":{"@id":"https:\/\/fuentesfidedignas.com.mx\/#\/schema\/logo\/image\/"},"sameAs":["https:\/\/www.facebook.com\/Fuentes-Fidedignas-368234489921644","https:\/\/x.com\/fidedignas"]},{"@type":"Person","@id":"https:\/\/fuentesfidedignas.com.mx\/#\/schema\/person\/20930f43e3dc1a7d8e6694fc9e20787c","name":"Rulex EO","image":{"@type":"ImageObject","inLanguage":"es","@id":"https:\/\/secure.gravatar.com\/avatar\/6be06fb154aa204107056e0710d80d02ae63a7acd89e3027e6621e33b06b5311?s=96&d=mm&r=g","url":"https:\/\/secure.gravatar.com\/avatar\/6be06fb154aa204107056e0710d80d02ae63a7acd89e3027e6621e33b06b5311?s=96&d=mm&r=g","contentUrl":"https:\/\/secure.gravatar.com\/avatar\/6be06fb154aa204107056e0710d80d02ae63a7acd89e3027e6621e33b06b5311?s=96&d=mm&r=g","caption":"Rulex EO"},"url":"https:\/\/fuentesfidedignas.com.mx\/index.php\/author\/rulex\/"}]}},"_links":{"self":[{"href":"https:\/\/fuentesfidedignas.com.mx\/index.php\/wp-json\/wp\/v2\/posts\/3189","targetHints":{"allow":["GET"]}}],"collection":[{"href":"https:\/\/fuentesfidedignas.com.mx\/index.php\/wp-json\/wp\/v2\/posts"}],"about":[{"href":"https:\/\/fuentesfidedignas.com.mx\/index.php\/wp-json\/wp\/v2\/types\/post"}],"author":[{"embeddable":true,"href":"https:\/\/fuentesfidedignas.com.mx\/index.php\/wp-json\/wp\/v2\/users\/49"}],"replies":[{"embeddable":true,"href":"https:\/\/fuentesfidedignas.com.mx\/index.php\/wp-json\/wp\/v2\/comments?post=3189"}],"version-history":[{"count":2,"href":"https:\/\/fuentesfidedignas.com.mx\/index.php\/wp-json\/wp\/v2\/posts\/3189\/revisions"}],"predecessor-version":[{"id":3192,"href":"https:\/\/fuentesfidedignas.com.mx\/index.php\/wp-json\/wp\/v2\/posts\/3189\/revisions\/3192"}],"wp:featuredmedia":[{"embeddable":true,"href":"https:\/\/fuentesfidedignas.com.mx\/index.php\/wp-json\/wp\/v2\/media\/3193"}],"wp:attachment":[{"href":"https:\/\/fuentesfidedignas.com.mx\/index.php\/wp-json\/wp\/v2\/media?parent=3189"}],"wp:term":[{"taxonomy":"category","embeddable":true,"href":"https:\/\/fuentesfidedignas.com.mx\/index.php\/wp-json\/wp\/v2\/categories?post=3189"},{"taxonomy":"post_tag","embeddable":true,"href":"https:\/\/fuentesfidedignas.com.mx\/index.php\/wp-json\/wp\/v2\/tags?post=3189"}],"curies":[{"name":"wp","href":"https:\/\/api.w.org\/{rel}","templated":true}]}}