{"id":31841,"date":"2022-05-19T14:01:02","date_gmt":"2022-05-19T20:01:02","guid":{"rendered":"https:\/\/fuentesfidedignas.com.mx\/?p=31841"},"modified":"2022-05-19T14:01:04","modified_gmt":"2022-05-19T20:01:04","slug":"sepyc-y-cruz-roja-dan-banderazo-de-inicio-a-colecta-escolar-2022","status":"publish","type":"post","link":"https:\/\/fuentesfidedignas.com.mx\/index.php\/2022\/05\/19\/sepyc-y-cruz-roja-dan-banderazo-de-inicio-a-colecta-escolar-2022\/","title":{"rendered":"SEPyC y Cruz Roja dan banderazo de inicio a colecta escolar 2022"},"content":{"rendered":"\n<p>L<em><strong>a meta es recabar es de 5 millones de pesos; cantidad recabada en 2019<\/strong><\/em><\/p>\n\n\n\n<p>Culiac\u00e1n, Sin.- Al poner en marcha la Colecta Escolar de Cruz Roja en los planteles de educaci\u00f3n b\u00e1sica de Sinaloa, evento realizado en la secundaria STASE de esta capital, Graciela Dom\u00ednguez Nava, titular de la Secretar\u00eda de Educaci\u00f3n P\u00fablica y Cultura (SEPyC), invit\u00f3 a la sociedad en general a colaborar en esta colecta y hacer de este, un esfuerzo extraordinario y con mucho \u00e9xito para fortalecer a la Cruz Roja en nuestras comunidades y en nuestro pa\u00eds\u201d.<\/p>\n\n\n\n<p>En el acto, en el que se dijo que la meta es reunir 5 millones de pesos, cifra similar a la lograda en 2019, durante la \u00faltima colecta, realizada previo a la suspensi\u00f3n de actividades por la pandemia, la titular de SEPyC felicit\u00f3 a la estructura educativa, sin cuyo esfuerzo y participaci\u00f3n no ser\u00eda posible colaborar. Dom\u00ednguez Nava, quien estuvo acompa\u00f1ada de funcionarios, supervisores escolares y colaboradores de la dependencia, realiz\u00f3 su aportaci\u00f3n e indic\u00f3 la importancia de apoyar a la noble instituci\u00f3n.<\/p>\n\n\n\n<p>\u201cLa mayor\u00eda de todos nosotros ya hemos necesitado a la Cruz Roja, y no solo en lo individual sino como colectivos, como sociedad, como comunidad y como pa\u00eds y, en ese sentido nuestro reconocimiento a todos los que hacen un trabajo voluntario por sostener a esta instituci\u00f3n que representa los esfuerzos de millones de personas unidas bajo el ideal de servir a los dem\u00e1s\u201d, dijo.<\/p>\n\n\n\n<p>Record\u00f3 que, desde 1910, la Cruz Roja es reconocida oficialmente en nuestro pa\u00eds, y ha estado presente en muchos episodios de nuestra historia, como en la Revoluci\u00f3n, y ha desarrollado su labor humanitaria y campa\u00f1as de informaci\u00f3n y prevenci\u00f3n en brotes epid\u00e9micos de tifoidea, influenza y por supuesto de Covid, participando activamente en la remoci\u00f3n de escombros, de evacuaci\u00f3n y ayuda a la poblaci\u00f3n v\u00edctima de desastres naturales en todo nuestro pa\u00eds.<\/p>\n\n\n\n<p>\u201cEs importante que apoyemos a la Cruz Roja durante esta colecta anual, para que se fortalezcan sus servicios, en base a sus valores y principios fundamentales de humanismo, imparcialidad, neutralidad, independencia, voluntad, unidad y universalidad (\u2026). Que con nuestra donaci\u00f3n libre y voluntaria, vaya nuestro agradecimiento a esta emblem\u00e1tica instituci\u00f3n, a esta labor que realiza la Cruz Roja en Sinaloa, por estar en los momentos dif\u00edciles cuando m\u00e1s la hemos necesitado\u201d, coment\u00f3.<\/p>\n\n\n\n<p>Presente en el acto, Carlos Bloch Artola, delegado estatal de Cruz Roja, expres\u00f3 su emoci\u00f3n por volver a las colectas escolares, y dijo que esta es una Instituci\u00f3n de Asistencia Privada, que trabaja de la mano con el Gobierno para cuidar a la sociedad. Record\u00f3 que la Cruz Roja se fund\u00f3 en 1859, en Italia y lleg\u00f3 a M\u00e9xico en 1910, y en mayo pr\u00f3ximo cumple 80 a\u00f1os de haber llegado a Sinaloa, donde se fund\u00f3 en 1942.<\/p>\n\n\n\n<p>Por su parte, Flavio L\u00f3pez, director del plantel llam\u00f3 a colaborar con una aportaci\u00f3n en esta colecta, y a apoyar para que sea exitosa.<\/p>\n\n\n\n<p>\u201cApoyemos a la Cruz Roja, es para nosotros; porque lo que se da, de alguna manera se nos va a regresar\u201d, coment\u00f3 el director del plantel.<\/p>\n","protected":false},"excerpt":{"rendered":"<p>La meta es recabar es de 5 millones de pesos; cantidad recabada en 2019 Culiac\u00e1n, Sin.- Al poner en marcha la Colecta Escolar de Cruz Roja en los planteles de educaci\u00f3n b\u00e1sica de Sinaloa, evento realizado en la secundaria STASE de esta capital, Graciela Dom\u00ednguez Nava, titular de la Secretar\u00eda de Educaci\u00f3n P\u00fablica y Cultura [&hellip;]<\/p>\n","protected":false},"author":11,"featured_media":31842,"comment_status":"open","ping_status":"open","sticky":false,"template":"","format":"standard","meta":{"tdm_status":"","tdm_grid_status":"","footnotes":""},"categories":[38],"tags":[],"class_list":{"0":"post-31841","1":"post","2":"type-post","3":"status-publish","4":"format-standard","5":"has-post-thumbnail","7":"category-noticias-locales"},"yoast_head":"<!-- This site is optimized with the Yoast SEO plugin v27.5 - https:\/\/yoast.com\/product\/yoast-seo-wordpress\/ -->\n<title>SEPyC y Cruz Roja dan banderazo de inicio a colecta escolar 2022 - Fuentes Fidedignas<\/title>\n<meta name=\"robots\" content=\"index, follow, max-snippet:-1, max-image-preview:large, max-video-preview:-1\" \/>\n<link rel=\"canonical\" href=\"https:\/\/fuentesfidedignas.com.mx\/index.php\/2022\/05\/19\/sepyc-y-cruz-roja-dan-banderazo-de-inicio-a-colecta-escolar-2022\/\" \/>\n<meta property=\"og:locale\" content=\"es_MX\" \/>\n<meta property=\"og:type\" content=\"article\" \/>\n<meta property=\"og:title\" content=\"SEPyC y Cruz Roja dan banderazo de inicio a colecta escolar 2022 - Fuentes Fidedignas\" \/>\n<meta property=\"og:description\" content=\"La meta es recabar es de 5 millones de pesos; cantidad recabada en 2019 Culiac\u00e1n, Sin.- Al poner en marcha la Colecta Escolar de Cruz Roja en los planteles de educaci\u00f3n b\u00e1sica de Sinaloa, evento realizado en la secundaria STASE de esta capital, Graciela Dom\u00ednguez Nava, titular de la Secretar\u00eda de Educaci\u00f3n P\u00fablica y Cultura [&hellip;]\" \/>\n<meta property=\"og:url\" content=\"https:\/\/fuentesfidedignas.com.mx\/index.php\/2022\/05\/19\/sepyc-y-cruz-roja-dan-banderazo-de-inicio-a-colecta-escolar-2022\/\" \/>\n<meta property=\"og:site_name\" content=\"Fuentes Fidedignas\" \/>\n<meta property=\"article:publisher\" content=\"https:\/\/www.facebook.com\/Fuentes-Fidedignas-368234489921644\" \/>\n<meta property=\"article:published_time\" content=\"2022-05-19T20:01:02+00:00\" \/>\n<meta property=\"article:modified_time\" content=\"2022-05-19T20:01:04+00:00\" \/>\n<meta property=\"og:image\" content=\"https:\/\/fuentesfidedignas.com.mx\/wp-content\/uploads\/2022\/05\/56715f09-f58d-400c-8036-6c81a2cf17da.jpg\" \/>\n\t<meta property=\"og:image:width\" content=\"1280\" \/>\n\t<meta property=\"og:image:height\" content=\"853\" \/>\n\t<meta property=\"og:image:type\" content=\"image\/jpeg\" \/>\n<meta name=\"author\" content=\"Marissa Palafox\" \/>\n<meta name=\"twitter:card\" content=\"summary_large_image\" \/>\n<meta name=\"twitter:creator\" content=\"@fidedignas\" \/>\n<meta name=\"twitter:site\" content=\"@fidedignas\" \/>\n<meta name=\"twitter:label1\" content=\"Escrito por\" \/>\n\t<meta name=\"twitter:data1\" content=\"Marissa Palafox\" \/>\n\t<meta name=\"twitter:label2\" content=\"Tiempo de lectura\" \/>\n\t<meta name=\"twitter:data2\" content=\"3 minutos\" \/>\n<script type=\"application\/ld+json\" class=\"yoast-schema-graph\">{\"@context\":\"https:\\\/\\\/schema.org\",\"@graph\":[{\"@type\":\"Article\",\"@id\":\"https:\\\/\\\/fuentesfidedignas.com.mx\\\/index.php\\\/2022\\\/05\\\/19\\\/sepyc-y-cruz-roja-dan-banderazo-de-inicio-a-colecta-escolar-2022\\\/#article\",\"isPartOf\":{\"@id\":\"https:\\\/\\\/fuentesfidedignas.com.mx\\\/index.php\\\/2022\\\/05\\\/19\\\/sepyc-y-cruz-roja-dan-banderazo-de-inicio-a-colecta-escolar-2022\\\/\"},\"author\":{\"name\":\"Marissa Palafox\",\"@id\":\"https:\\\/\\\/fuentesfidedignas.com.mx\\\/#\\\/schema\\\/person\\\/2c10028b4a30078c05a056a215342ab9\"},\"headline\":\"SEPyC y Cruz Roja dan banderazo de inicio a colecta escolar 2022\",\"datePublished\":\"2022-05-19T20:01:02+00:00\",\"dateModified\":\"2022-05-19T20:01:04+00:00\",\"mainEntityOfPage\":{\"@id\":\"https:\\\/\\\/fuentesfidedignas.com.mx\\\/index.php\\\/2022\\\/05\\\/19\\\/sepyc-y-cruz-roja-dan-banderazo-de-inicio-a-colecta-escolar-2022\\\/\"},\"wordCount\":556,\"commentCount\":0,\"publisher\":{\"@id\":\"https:\\\/\\\/fuentesfidedignas.com.mx\\\/#organization\"},\"image\":{\"@id\":\"https:\\\/\\\/fuentesfidedignas.com.mx\\\/index.php\\\/2022\\\/05\\\/19\\\/sepyc-y-cruz-roja-dan-banderazo-de-inicio-a-colecta-escolar-2022\\\/#primaryimage\"},\"thumbnailUrl\":\"https:\\\/\\\/fuentesfidedignas.com.mx\\\/wp-content\\\/uploads\\\/2022\\\/05\\\/56715f09-f58d-400c-8036-6c81a2cf17da.jpg\",\"articleSection\":[\"NOTICIAS LOCALES\"],\"inLanguage\":\"es\",\"potentialAction\":[{\"@type\":\"CommentAction\",\"name\":\"Comment\",\"target\":[\"https:\\\/\\\/fuentesfidedignas.com.mx\\\/index.php\\\/2022\\\/05\\\/19\\\/sepyc-y-cruz-roja-dan-banderazo-de-inicio-a-colecta-escolar-2022\\\/#respond\"]}]},{\"@type\":\"WebPage\",\"@id\":\"https:\\\/\\\/fuentesfidedignas.com.mx\\\/index.php\\\/2022\\\/05\\\/19\\\/sepyc-y-cruz-roja-dan-banderazo-de-inicio-a-colecta-escolar-2022\\\/\",\"url\":\"https:\\\/\\\/fuentesfidedignas.com.mx\\\/index.php\\\/2022\\\/05\\\/19\\\/sepyc-y-cruz-roja-dan-banderazo-de-inicio-a-colecta-escolar-2022\\\/\",\"name\":\"SEPyC y Cruz Roja dan banderazo de inicio a colecta escolar 2022 - Fuentes Fidedignas\",\"isPartOf\":{\"@id\":\"https:\\\/\\\/fuentesfidedignas.com.mx\\\/#website\"},\"primaryImageOfPage\":{\"@id\":\"https:\\\/\\\/fuentesfidedignas.com.mx\\\/index.php\\\/2022\\\/05\\\/19\\\/sepyc-y-cruz-roja-dan-banderazo-de-inicio-a-colecta-escolar-2022\\\/#primaryimage\"},\"image\":{\"@id\":\"https:\\\/\\\/fuentesfidedignas.com.mx\\\/index.php\\\/2022\\\/05\\\/19\\\/sepyc-y-cruz-roja-dan-banderazo-de-inicio-a-colecta-escolar-2022\\\/#primaryimage\"},\"thumbnailUrl\":\"https:\\\/\\\/fuentesfidedignas.com.mx\\\/wp-content\\\/uploads\\\/2022\\\/05\\\/56715f09-f58d-400c-8036-6c81a2cf17da.jpg\",\"datePublished\":\"2022-05-19T20:01:02+00:00\",\"dateModified\":\"2022-05-19T20:01:04+00:00\",\"breadcrumb\":{\"@id\":\"https:\\\/\\\/fuentesfidedignas.com.mx\\\/index.php\\\/2022\\\/05\\\/19\\\/sepyc-y-cruz-roja-dan-banderazo-de-inicio-a-colecta-escolar-2022\\\/#breadcrumb\"},\"inLanguage\":\"es\",\"potentialAction\":[{\"@type\":\"ReadAction\",\"target\":[\"https:\\\/\\\/fuentesfidedignas.com.mx\\\/index.php\\\/2022\\\/05\\\/19\\\/sepyc-y-cruz-roja-dan-banderazo-de-inicio-a-colecta-escolar-2022\\\/\"]}]},{\"@type\":\"ImageObject\",\"inLanguage\":\"es\",\"@id\":\"https:\\\/\\\/fuentesfidedignas.com.mx\\\/index.php\\\/2022\\\/05\\\/19\\\/sepyc-y-cruz-roja-dan-banderazo-de-inicio-a-colecta-escolar-2022\\\/#primaryimage\",\"url\":\"https:\\\/\\\/fuentesfidedignas.com.mx\\\/wp-content\\\/uploads\\\/2022\\\/05\\\/56715f09-f58d-400c-8036-6c81a2cf17da.jpg\",\"contentUrl\":\"https:\\\/\\\/fuentesfidedignas.com.mx\\\/wp-content\\\/uploads\\\/2022\\\/05\\\/56715f09-f58d-400c-8036-6c81a2cf17da.jpg\",\"width\":1280,\"height\":853},{\"@type\":\"BreadcrumbList\",\"@id\":\"https:\\\/\\\/fuentesfidedignas.com.mx\\\/index.php\\\/2022\\\/05\\\/19\\\/sepyc-y-cruz-roja-dan-banderazo-de-inicio-a-colecta-escolar-2022\\\/#breadcrumb\",\"itemListElement\":[{\"@type\":\"ListItem\",\"position\":1,\"name\":\"Inicio\",\"item\":\"https:\\\/\\\/fuentesfidedignas.com.mx\\\/\"},{\"@type\":\"ListItem\",\"position\":2,\"name\":\"SEPyC y Cruz Roja dan banderazo de inicio a colecta escolar 2022\"}]},{\"@type\":\"WebSite\",\"@id\":\"https:\\\/\\\/fuentesfidedignas.com.mx\\\/#website\",\"url\":\"https:\\\/\\\/fuentesfidedignas.com.mx\\\/\",\"name\":\"Fuentes Fidedignas\",\"description\":\"Otro sitio realizado con WordPress\",\"publisher\":{\"@id\":\"https:\\\/\\\/fuentesfidedignas.com.mx\\\/#organization\"},\"potentialAction\":[{\"@type\":\"SearchAction\",\"target\":{\"@type\":\"EntryPoint\",\"urlTemplate\":\"https:\\\/\\\/fuentesfidedignas.com.mx\\\/?s={search_term_string}\"},\"query-input\":{\"@type\":\"PropertyValueSpecification\",\"valueRequired\":true,\"valueName\":\"search_term_string\"}}],\"inLanguage\":\"es\"},{\"@type\":\"Organization\",\"@id\":\"https:\\\/\\\/fuentesfidedignas.com.mx\\\/#organization\",\"name\":\"Fuentes Fidedignas\",\"url\":\"https:\\\/\\\/fuentesfidedignas.com.mx\\\/\",\"logo\":{\"@type\":\"ImageObject\",\"inLanguage\":\"es\",\"@id\":\"https:\\\/\\\/fuentesfidedignas.com.mx\\\/#\\\/schema\\\/logo\\\/image\\\/\",\"url\":\"https:\\\/\\\/fuentesfidedignas.com.mx\\\/wp-content\\\/uploads\\\/2021\\\/04\\\/logo-retina.png\",\"contentUrl\":\"https:\\\/\\\/fuentesfidedignas.com.mx\\\/wp-content\\\/uploads\\\/2021\\\/04\\\/logo-retina.png\",\"width\":280,\"height\":51,\"caption\":\"Fuentes Fidedignas\"},\"image\":{\"@id\":\"https:\\\/\\\/fuentesfidedignas.com.mx\\\/#\\\/schema\\\/logo\\\/image\\\/\"},\"sameAs\":[\"https:\\\/\\\/www.facebook.com\\\/Fuentes-Fidedignas-368234489921644\",\"https:\\\/\\\/x.com\\\/fidedignas\"]},{\"@type\":\"Person\",\"@id\":\"https:\\\/\\\/fuentesfidedignas.com.mx\\\/#\\\/schema\\\/person\\\/2c10028b4a30078c05a056a215342ab9\",\"name\":\"Marissa Palafox\",\"image\":{\"@type\":\"ImageObject\",\"inLanguage\":\"es\",\"@id\":\"https:\\\/\\\/secure.gravatar.com\\\/avatar\\\/20a43bdb2f2db10f20b22d4e98b96eb027faf98f7f76d29854dc5fab46d1cf71?s=96&d=mm&r=g\",\"url\":\"https:\\\/\\\/secure.gravatar.com\\\/avatar\\\/20a43bdb2f2db10f20b22d4e98b96eb027faf98f7f76d29854dc5fab46d1cf71?s=96&d=mm&r=g\",\"contentUrl\":\"https:\\\/\\\/secure.gravatar.com\\\/avatar\\\/20a43bdb2f2db10f20b22d4e98b96eb027faf98f7f76d29854dc5fab46d1cf71?s=96&d=mm&r=g\",\"caption\":\"Marissa Palafox\"},\"url\":\"https:\\\/\\\/fuentesfidedignas.com.mx\\\/index.php\\\/author\\\/marissa\\\/\"}]}<\/script>\n<!-- \/ Yoast SEO plugin. -->","yoast_head_json":{"title":"SEPyC y Cruz Roja dan banderazo de inicio a colecta escolar 2022 - Fuentes Fidedignas","robots":{"index":"index","follow":"follow","max-snippet":"max-snippet:-1","max-image-preview":"max-image-preview:large","max-video-preview":"max-video-preview:-1"},"canonical":"https:\/\/fuentesfidedignas.com.mx\/index.php\/2022\/05\/19\/sepyc-y-cruz-roja-dan-banderazo-de-inicio-a-colecta-escolar-2022\/","og_locale":"es_MX","og_type":"article","og_title":"SEPyC y Cruz Roja dan banderazo de inicio a colecta escolar 2022 - Fuentes Fidedignas","og_description":"La meta es recabar es de 5 millones de pesos; cantidad recabada en 2019 Culiac\u00e1n, Sin.- Al poner en marcha la Colecta Escolar de Cruz Roja en los planteles de educaci\u00f3n b\u00e1sica de Sinaloa, evento realizado en la secundaria STASE de esta capital, Graciela Dom\u00ednguez Nava, titular de la Secretar\u00eda de Educaci\u00f3n P\u00fablica y Cultura [&hellip;]","og_url":"https:\/\/fuentesfidedignas.com.mx\/index.php\/2022\/05\/19\/sepyc-y-cruz-roja-dan-banderazo-de-inicio-a-colecta-escolar-2022\/","og_site_name":"Fuentes Fidedignas","article_publisher":"https:\/\/www.facebook.com\/Fuentes-Fidedignas-368234489921644","article_published_time":"2022-05-19T20:01:02+00:00","article_modified_time":"2022-05-19T20:01:04+00:00","og_image":[{"width":1280,"height":853,"url":"https:\/\/fuentesfidedignas.com.mx\/wp-content\/uploads\/2022\/05\/56715f09-f58d-400c-8036-6c81a2cf17da.jpg","type":"image\/jpeg"}],"author":"Marissa Palafox","twitter_card":"summary_large_image","twitter_creator":"@fidedignas","twitter_site":"@fidedignas","twitter_misc":{"Escrito por":"Marissa Palafox","Tiempo de lectura":"3 minutos"},"schema":{"@context":"https:\/\/schema.org","@graph":[{"@type":"Article","@id":"https:\/\/fuentesfidedignas.com.mx\/index.php\/2022\/05\/19\/sepyc-y-cruz-roja-dan-banderazo-de-inicio-a-colecta-escolar-2022\/#article","isPartOf":{"@id":"https:\/\/fuentesfidedignas.com.mx\/index.php\/2022\/05\/19\/sepyc-y-cruz-roja-dan-banderazo-de-inicio-a-colecta-escolar-2022\/"},"author":{"name":"Marissa Palafox","@id":"https:\/\/fuentesfidedignas.com.mx\/#\/schema\/person\/2c10028b4a30078c05a056a215342ab9"},"headline":"SEPyC y Cruz Roja dan banderazo de inicio a colecta escolar 2022","datePublished":"2022-05-19T20:01:02+00:00","dateModified":"2022-05-19T20:01:04+00:00","mainEntityOfPage":{"@id":"https:\/\/fuentesfidedignas.com.mx\/index.php\/2022\/05\/19\/sepyc-y-cruz-roja-dan-banderazo-de-inicio-a-colecta-escolar-2022\/"},"wordCount":556,"commentCount":0,"publisher":{"@id":"https:\/\/fuentesfidedignas.com.mx\/#organization"},"image":{"@id":"https:\/\/fuentesfidedignas.com.mx\/index.php\/2022\/05\/19\/sepyc-y-cruz-roja-dan-banderazo-de-inicio-a-colecta-escolar-2022\/#primaryimage"},"thumbnailUrl":"https:\/\/fuentesfidedignas.com.mx\/wp-content\/uploads\/2022\/05\/56715f09-f58d-400c-8036-6c81a2cf17da.jpg","articleSection":["NOTICIAS LOCALES"],"inLanguage":"es","potentialAction":[{"@type":"CommentAction","name":"Comment","target":["https:\/\/fuentesfidedignas.com.mx\/index.php\/2022\/05\/19\/sepyc-y-cruz-roja-dan-banderazo-de-inicio-a-colecta-escolar-2022\/#respond"]}]},{"@type":"WebPage","@id":"https:\/\/fuentesfidedignas.com.mx\/index.php\/2022\/05\/19\/sepyc-y-cruz-roja-dan-banderazo-de-inicio-a-colecta-escolar-2022\/","url":"https:\/\/fuentesfidedignas.com.mx\/index.php\/2022\/05\/19\/sepyc-y-cruz-roja-dan-banderazo-de-inicio-a-colecta-escolar-2022\/","name":"SEPyC y Cruz Roja dan banderazo de inicio a colecta escolar 2022 - Fuentes Fidedignas","isPartOf":{"@id":"https:\/\/fuentesfidedignas.com.mx\/#website"},"primaryImageOfPage":{"@id":"https:\/\/fuentesfidedignas.com.mx\/index.php\/2022\/05\/19\/sepyc-y-cruz-roja-dan-banderazo-de-inicio-a-colecta-escolar-2022\/#primaryimage"},"image":{"@id":"https:\/\/fuentesfidedignas.com.mx\/index.php\/2022\/05\/19\/sepyc-y-cruz-roja-dan-banderazo-de-inicio-a-colecta-escolar-2022\/#primaryimage"},"thumbnailUrl":"https:\/\/fuentesfidedignas.com.mx\/wp-content\/uploads\/2022\/05\/56715f09-f58d-400c-8036-6c81a2cf17da.jpg","datePublished":"2022-05-19T20:01:02+00:00","dateModified":"2022-05-19T20:01:04+00:00","breadcrumb":{"@id":"https:\/\/fuentesfidedignas.com.mx\/index.php\/2022\/05\/19\/sepyc-y-cruz-roja-dan-banderazo-de-inicio-a-colecta-escolar-2022\/#breadcrumb"},"inLanguage":"es","potentialAction":[{"@type":"ReadAction","target":["https:\/\/fuentesfidedignas.com.mx\/index.php\/2022\/05\/19\/sepyc-y-cruz-roja-dan-banderazo-de-inicio-a-colecta-escolar-2022\/"]}]},{"@type":"ImageObject","inLanguage":"es","@id":"https:\/\/fuentesfidedignas.com.mx\/index.php\/2022\/05\/19\/sepyc-y-cruz-roja-dan-banderazo-de-inicio-a-colecta-escolar-2022\/#primaryimage","url":"https:\/\/fuentesfidedignas.com.mx\/wp-content\/uploads\/2022\/05\/56715f09-f58d-400c-8036-6c81a2cf17da.jpg","contentUrl":"https:\/\/fuentesfidedignas.com.mx\/wp-content\/uploads\/2022\/05\/56715f09-f58d-400c-8036-6c81a2cf17da.jpg","width":1280,"height":853},{"@type":"BreadcrumbList","@id":"https:\/\/fuentesfidedignas.com.mx\/index.php\/2022\/05\/19\/sepyc-y-cruz-roja-dan-banderazo-de-inicio-a-colecta-escolar-2022\/#breadcrumb","itemListElement":[{"@type":"ListItem","position":1,"name":"Inicio","item":"https:\/\/fuentesfidedignas.com.mx\/"},{"@type":"ListItem","position":2,"name":"SEPyC y Cruz Roja dan banderazo de inicio a colecta escolar 2022"}]},{"@type":"WebSite","@id":"https:\/\/fuentesfidedignas.com.mx\/#website","url":"https:\/\/fuentesfidedignas.com.mx\/","name":"Fuentes Fidedignas","description":"Otro sitio realizado con WordPress","publisher":{"@id":"https:\/\/fuentesfidedignas.com.mx\/#organization"},"potentialAction":[{"@type":"SearchAction","target":{"@type":"EntryPoint","urlTemplate":"https:\/\/fuentesfidedignas.com.mx\/?s={search_term_string}"},"query-input":{"@type":"PropertyValueSpecification","valueRequired":true,"valueName":"search_term_string"}}],"inLanguage":"es"},{"@type":"Organization","@id":"https:\/\/fuentesfidedignas.com.mx\/#organization","name":"Fuentes Fidedignas","url":"https:\/\/fuentesfidedignas.com.mx\/","logo":{"@type":"ImageObject","inLanguage":"es","@id":"https:\/\/fuentesfidedignas.com.mx\/#\/schema\/logo\/image\/","url":"https:\/\/fuentesfidedignas.com.mx\/wp-content\/uploads\/2021\/04\/logo-retina.png","contentUrl":"https:\/\/fuentesfidedignas.com.mx\/wp-content\/uploads\/2021\/04\/logo-retina.png","width":280,"height":51,"caption":"Fuentes Fidedignas"},"image":{"@id":"https:\/\/fuentesfidedignas.com.mx\/#\/schema\/logo\/image\/"},"sameAs":["https:\/\/www.facebook.com\/Fuentes-Fidedignas-368234489921644","https:\/\/x.com\/fidedignas"]},{"@type":"Person","@id":"https:\/\/fuentesfidedignas.com.mx\/#\/schema\/person\/2c10028b4a30078c05a056a215342ab9","name":"Marissa Palafox","image":{"@type":"ImageObject","inLanguage":"es","@id":"https:\/\/secure.gravatar.com\/avatar\/20a43bdb2f2db10f20b22d4e98b96eb027faf98f7f76d29854dc5fab46d1cf71?s=96&d=mm&r=g","url":"https:\/\/secure.gravatar.com\/avatar\/20a43bdb2f2db10f20b22d4e98b96eb027faf98f7f76d29854dc5fab46d1cf71?s=96&d=mm&r=g","contentUrl":"https:\/\/secure.gravatar.com\/avatar\/20a43bdb2f2db10f20b22d4e98b96eb027faf98f7f76d29854dc5fab46d1cf71?s=96&d=mm&r=g","caption":"Marissa Palafox"},"url":"https:\/\/fuentesfidedignas.com.mx\/index.php\/author\/marissa\/"}]}},"_links":{"self":[{"href":"https:\/\/fuentesfidedignas.com.mx\/index.php\/wp-json\/wp\/v2\/posts\/31841","targetHints":{"allow":["GET"]}}],"collection":[{"href":"https:\/\/fuentesfidedignas.com.mx\/index.php\/wp-json\/wp\/v2\/posts"}],"about":[{"href":"https:\/\/fuentesfidedignas.com.mx\/index.php\/wp-json\/wp\/v2\/types\/post"}],"author":[{"embeddable":true,"href":"https:\/\/fuentesfidedignas.com.mx\/index.php\/wp-json\/wp\/v2\/users\/11"}],"replies":[{"embeddable":true,"href":"https:\/\/fuentesfidedignas.com.mx\/index.php\/wp-json\/wp\/v2\/comments?post=31841"}],"version-history":[{"count":1,"href":"https:\/\/fuentesfidedignas.com.mx\/index.php\/wp-json\/wp\/v2\/posts\/31841\/revisions"}],"predecessor-version":[{"id":31843,"href":"https:\/\/fuentesfidedignas.com.mx\/index.php\/wp-json\/wp\/v2\/posts\/31841\/revisions\/31843"}],"wp:featuredmedia":[{"embeddable":true,"href":"https:\/\/fuentesfidedignas.com.mx\/index.php\/wp-json\/wp\/v2\/media\/31842"}],"wp:attachment":[{"href":"https:\/\/fuentesfidedignas.com.mx\/index.php\/wp-json\/wp\/v2\/media?parent=31841"}],"wp:term":[{"taxonomy":"category","embeddable":true,"href":"https:\/\/fuentesfidedignas.com.mx\/index.php\/wp-json\/wp\/v2\/categories?post=31841"},{"taxonomy":"post_tag","embeddable":true,"href":"https:\/\/fuentesfidedignas.com.mx\/index.php\/wp-json\/wp\/v2\/tags?post=31841"}],"curies":[{"name":"wp","href":"https:\/\/api.w.org\/{rel}","templated":true}]}}