{"id":3169,"date":"2021-05-26T06:15:35","date_gmt":"2021-05-26T13:15:35","guid":{"rendered":"https:\/\/fuentesfidedignas.com.mx\/?p=3169"},"modified":"2021-05-26T06:15:36","modified_gmt":"2021-05-26T13:15:36","slug":"quintana-roo-vive-una-tercera-ola-de-covid-ssa","status":"publish","type":"post","link":"https:\/\/fuentesfidedignas.com.mx\/index.php\/2021\/05\/26\/quintana-roo-vive-una-tercera-ola-de-covid-ssa\/","title":{"rendered":"Quintana Roo vive una tercera ola de covid: Ssa"},"content":{"rendered":"\n<p><strong><em>Hugo L\u00f3pez-Gatell, subsecretario de Salud, se\u00f1al\u00f3 que el avance de la vacunaci\u00f3n contra covid-19 no obedece a un calendario electoral<\/em><\/strong><\/p>\n\n\n\n<p>Ciudad de M\u00e9xico.- Quintana Roo vive una tercera ola de covid-19, a pesar que el pa\u00eds alcanz\u00f3 19 semanas consecutivas de reducci\u00f3n de la pandemia, se\u00f1al\u00f3 Jos\u00e9 Luis Alom\u00eda Zegarra, director general de Epidemiolog\u00eda.<\/p>\n\n\n\n<p>Con una tendencia ascendente contin\u00faa, que pr\u00e1cticamente representa ya un tercer periodo epid\u00e9mico o una tercera ola, si lo queremos llamar de esa manera, est\u00e1 Quintana Roo.<\/p>\n\n\n\n<p>&#8220;Las autoridades locales han estado emitiendo mensajes a su poblaci\u00f3n para volver a implementar de manera m\u00e1s estricta y m\u00e1s apegada las diferentes acciones de restricci\u00f3n a la movilidad en los espacios p\u00fablicos y en su momento poder priorizar actividades que en su momento s\u00ed pueden continuar desarroll\u00e1ndose\u201d, explic\u00f3.<\/p>\n\n\n\n<p><strong>VACUNAS NO SE APLICAN POR CALENDARIO ELECTORAL<\/strong><\/p>\n\n\n\n<p>Hugo L\u00f3pez-Gatell Ram\u00edrez, subsecretario de Prevenci\u00f3n y Promoci\u00f3n de la Salud, se\u00f1al\u00f3 que el avance de la vacunaci\u00f3n contra covid-19 no obedece a un calendario electoral, ya que su aplicaci\u00f3n responde al Plan Nacional de Vacunaci\u00f3n.<\/p>\n\n\n\n<p>A\u00f1adi\u00f3 que dos tercios de la poblaci\u00f3n inmunizada ya tiene completo su esquema de vacunaci\u00f3n y el resto lo tendr\u00e1 cuando se cumpla el plazo para aplicar la segunda dosis.<\/p>\n\n\n\n<p>&#8220;Cuando llegue su momento recibir\u00e1n la segunda dosis. \u00bfCu\u00e1l es ese momento? No tiene nada que ver con calendarios pol\u00edticos o electorales, tiene que ver con las caracter\u00edsticas de la vacuna\u201d, indic\u00f3.<\/p>\n\n\n\n<p>Al corte del 24 de mayo se han aplicado 26 millones 953 mil 788 dosis contra covid-19, las cuales han sido aplicadas a 18 millones 610 mil 667 personas, lo que equivale al 21 por ciento del total de adultos mayores de 18 a\u00f1os en el pa\u00eds.<\/p>\n\n\n\n<p>Asimismo, 11 millones 832 mil 208 son personas que ya tienen el esquema completo de vacunaci\u00f3n y 6 millones 778 mil 459 cuenta con medio esquema. Adem\u00e1s se han vacunado a 66 mil 134 mujeres embarazadas.<\/p>\n\n\n\n<p>Cabe se\u00f1alar que tras el convenio entre M\u00e9xico y Argentina para que el pa\u00eds sudamericano reciba vacunas de Astrazeneca contra covid-19 envasadas en nuestro territorio, Carla Vizzotti, ministra de Salud de la Rep\u00fablica Argentina, se\u00f1al\u00f3 que ambas naciones seguir\u00e1n trabajando en conjunto para enfrentar la emergencia sanitaria y aclar\u00f3 que ser\u00e1 la farmac\u00e9utica Brit\u00e1nica -de acuerdo a sus contratos de compra-la que definir\u00e1 los pa\u00edses de Am\u00e9rica Latina que tambi\u00e9n recibir\u00e1n sus biol\u00f3gicos.<\/p>\n\n\n\n<p>&#8220;Seguimos trabajando en conjunto para seguir avanzando en la respuesta a la pandemia y avanzar en cada uno de los desaf\u00edos que sigan en salud p\u00fablica. Nadie puede dudar que la salud es una prioridad para el desarrollo de la econom\u00eda\u201d, se\u00f1al\u00f3.<\/p>\n","protected":false},"excerpt":{"rendered":"<p>Hugo L\u00f3pez-Gatell, subsecretario de Salud, se\u00f1al\u00f3 que el avance de la vacunaci\u00f3n contra covid-19 no obedece a un calendario electoral Ciudad de M\u00e9xico.- Quintana Roo vive una tercera ola de covid-19, a pesar que el pa\u00eds alcanz\u00f3 19 semanas consecutivas de reducci\u00f3n de la pandemia, se\u00f1al\u00f3 Jos\u00e9 Luis Alom\u00eda Zegarra, director general de Epidemiolog\u00eda. Con [&hellip;]<\/p>\n","protected":false},"author":7,"featured_media":3170,"comment_status":"open","ping_status":"open","sticky":false,"template":"","format":"standard","meta":{"tdm_status":"","tdm_grid_status":"","footnotes":""},"categories":[39],"tags":[296,274,228,60],"class_list":{"0":"post-3169","1":"post","2":"type-post","3":"status-publish","4":"format-standard","5":"has-post-thumbnail","7":"category-noticias-nacionales","8":"tag-hugo-lopez-gatell","9":"tag-secretaria-de-salud","10":"tag-ssa","11":"tag-vacunacion"},"yoast_head":"<!-- This site is optimized with the Yoast SEO plugin v27.4 - https:\/\/yoast.com\/product\/yoast-seo-wordpress\/ -->\n<title>Quintana Roo vive una tercera ola de covid: Ssa - Fuentes Fidedignas<\/title>\n<meta name=\"robots\" content=\"index, follow, max-snippet:-1, max-image-preview:large, max-video-preview:-1\" \/>\n<link rel=\"canonical\" href=\"https:\/\/fuentesfidedignas.com.mx\/index.php\/2021\/05\/26\/quintana-roo-vive-una-tercera-ola-de-covid-ssa\/\" \/>\n<meta property=\"og:locale\" content=\"es_MX\" \/>\n<meta property=\"og:type\" content=\"article\" \/>\n<meta property=\"og:title\" content=\"Quintana Roo vive una tercera ola de covid: Ssa - Fuentes Fidedignas\" \/>\n<meta property=\"og:description\" content=\"Hugo L\u00f3pez-Gatell, subsecretario de Salud, se\u00f1al\u00f3 que el avance de la vacunaci\u00f3n contra covid-19 no obedece a un calendario electoral Ciudad de M\u00e9xico.- Quintana Roo vive una tercera ola de covid-19, a pesar que el pa\u00eds alcanz\u00f3 19 semanas consecutivas de reducci\u00f3n de la pandemia, se\u00f1al\u00f3 Jos\u00e9 Luis Alom\u00eda Zegarra, director general de Epidemiolog\u00eda. Con [&hellip;]\" \/>\n<meta property=\"og:url\" content=\"https:\/\/fuentesfidedignas.com.mx\/index.php\/2021\/05\/26\/quintana-roo-vive-una-tercera-ola-de-covid-ssa\/\" \/>\n<meta property=\"og:site_name\" content=\"Fuentes Fidedignas\" \/>\n<meta property=\"article:publisher\" content=\"https:\/\/www.facebook.com\/Fuentes-Fidedignas-368234489921644\" \/>\n<meta property=\"article:published_time\" content=\"2021-05-26T13:15:35+00:00\" \/>\n<meta property=\"article:modified_time\" content=\"2021-05-26T13:15:36+00:00\" \/>\n<meta property=\"og:image\" content=\"https:\/\/fuentesfidedignas.com.mx\/wp-content\/uploads\/2021\/05\/QUINTANA_ROO.jpg\" \/>\n\t<meta property=\"og:image:width\" content=\"800\" \/>\n\t<meta property=\"og:image:height\" content=\"600\" \/>\n\t<meta property=\"og:image:type\" content=\"image\/jpeg\" \/>\n<meta name=\"author\" content=\"Exc\u00e9lsior\" \/>\n<meta name=\"twitter:card\" content=\"summary_large_image\" \/>\n<meta name=\"twitter:creator\" content=\"@fidedignas\" \/>\n<meta name=\"twitter:site\" content=\"@fidedignas\" \/>\n<meta name=\"twitter:label1\" content=\"Escrito por\" \/>\n\t<meta name=\"twitter:data1\" content=\"Exc\u00e9lsior\" \/>\n\t<meta name=\"twitter:label2\" content=\"Tiempo de lectura\" \/>\n\t<meta name=\"twitter:data2\" content=\"2 minutos\" \/>\n<script type=\"application\/ld+json\" class=\"yoast-schema-graph\">{\"@context\":\"https:\\\/\\\/schema.org\",\"@graph\":[{\"@type\":\"Article\",\"@id\":\"https:\\\/\\\/fuentesfidedignas.com.mx\\\/index.php\\\/2021\\\/05\\\/26\\\/quintana-roo-vive-una-tercera-ola-de-covid-ssa\\\/#article\",\"isPartOf\":{\"@id\":\"https:\\\/\\\/fuentesfidedignas.com.mx\\\/index.php\\\/2021\\\/05\\\/26\\\/quintana-roo-vive-una-tercera-ola-de-covid-ssa\\\/\"},\"author\":{\"name\":\"Exc\u00e9lsior\",\"@id\":\"https:\\\/\\\/fuentesfidedignas.com.mx\\\/#\\\/schema\\\/person\\\/ec4edd1fbf5efa3e44fce34fe2787780\"},\"headline\":\"Quintana Roo vive una tercera ola de covid: Ssa\",\"datePublished\":\"2021-05-26T13:15:35+00:00\",\"dateModified\":\"2021-05-26T13:15:36+00:00\",\"mainEntityOfPage\":{\"@id\":\"https:\\\/\\\/fuentesfidedignas.com.mx\\\/index.php\\\/2021\\\/05\\\/26\\\/quintana-roo-vive-una-tercera-ola-de-covid-ssa\\\/\"},\"wordCount\":479,\"commentCount\":0,\"publisher\":{\"@id\":\"https:\\\/\\\/fuentesfidedignas.com.mx\\\/#organization\"},\"image\":{\"@id\":\"https:\\\/\\\/fuentesfidedignas.com.mx\\\/index.php\\\/2021\\\/05\\\/26\\\/quintana-roo-vive-una-tercera-ola-de-covid-ssa\\\/#primaryimage\"},\"thumbnailUrl\":\"https:\\\/\\\/fuentesfidedignas.com.mx\\\/wp-content\\\/uploads\\\/2021\\\/05\\\/QUINTANA_ROO.jpg\",\"keywords\":[\"Hugo L\u00f3pez-Gatell\",\"Secretar\u00eda de Salud\",\"SSA\",\"Vacunaci\u00f3n\"],\"articleSection\":[\"NOTICIAS NACIONALES\"],\"inLanguage\":\"es\",\"potentialAction\":[{\"@type\":\"CommentAction\",\"name\":\"Comment\",\"target\":[\"https:\\\/\\\/fuentesfidedignas.com.mx\\\/index.php\\\/2021\\\/05\\\/26\\\/quintana-roo-vive-una-tercera-ola-de-covid-ssa\\\/#respond\"]}]},{\"@type\":\"WebPage\",\"@id\":\"https:\\\/\\\/fuentesfidedignas.com.mx\\\/index.php\\\/2021\\\/05\\\/26\\\/quintana-roo-vive-una-tercera-ola-de-covid-ssa\\\/\",\"url\":\"https:\\\/\\\/fuentesfidedignas.com.mx\\\/index.php\\\/2021\\\/05\\\/26\\\/quintana-roo-vive-una-tercera-ola-de-covid-ssa\\\/\",\"name\":\"Quintana Roo vive una tercera ola de covid: Ssa - Fuentes Fidedignas\",\"isPartOf\":{\"@id\":\"https:\\\/\\\/fuentesfidedignas.com.mx\\\/#website\"},\"primaryImageOfPage\":{\"@id\":\"https:\\\/\\\/fuentesfidedignas.com.mx\\\/index.php\\\/2021\\\/05\\\/26\\\/quintana-roo-vive-una-tercera-ola-de-covid-ssa\\\/#primaryimage\"},\"image\":{\"@id\":\"https:\\\/\\\/fuentesfidedignas.com.mx\\\/index.php\\\/2021\\\/05\\\/26\\\/quintana-roo-vive-una-tercera-ola-de-covid-ssa\\\/#primaryimage\"},\"thumbnailUrl\":\"https:\\\/\\\/fuentesfidedignas.com.mx\\\/wp-content\\\/uploads\\\/2021\\\/05\\\/QUINTANA_ROO.jpg\",\"datePublished\":\"2021-05-26T13:15:35+00:00\",\"dateModified\":\"2021-05-26T13:15:36+00:00\",\"breadcrumb\":{\"@id\":\"https:\\\/\\\/fuentesfidedignas.com.mx\\\/index.php\\\/2021\\\/05\\\/26\\\/quintana-roo-vive-una-tercera-ola-de-covid-ssa\\\/#breadcrumb\"},\"inLanguage\":\"es\",\"potentialAction\":[{\"@type\":\"ReadAction\",\"target\":[\"https:\\\/\\\/fuentesfidedignas.com.mx\\\/index.php\\\/2021\\\/05\\\/26\\\/quintana-roo-vive-una-tercera-ola-de-covid-ssa\\\/\"]}]},{\"@type\":\"ImageObject\",\"inLanguage\":\"es\",\"@id\":\"https:\\\/\\\/fuentesfidedignas.com.mx\\\/index.php\\\/2021\\\/05\\\/26\\\/quintana-roo-vive-una-tercera-ola-de-covid-ssa\\\/#primaryimage\",\"url\":\"https:\\\/\\\/fuentesfidedignas.com.mx\\\/wp-content\\\/uploads\\\/2021\\\/05\\\/QUINTANA_ROO.jpg\",\"contentUrl\":\"https:\\\/\\\/fuentesfidedignas.com.mx\\\/wp-content\\\/uploads\\\/2021\\\/05\\\/QUINTANA_ROO.jpg\",\"width\":800,\"height\":600},{\"@type\":\"BreadcrumbList\",\"@id\":\"https:\\\/\\\/fuentesfidedignas.com.mx\\\/index.php\\\/2021\\\/05\\\/26\\\/quintana-roo-vive-una-tercera-ola-de-covid-ssa\\\/#breadcrumb\",\"itemListElement\":[{\"@type\":\"ListItem\",\"position\":1,\"name\":\"Inicio\",\"item\":\"https:\\\/\\\/fuentesfidedignas.com.mx\\\/\"},{\"@type\":\"ListItem\",\"position\":2,\"name\":\"Quintana Roo vive una tercera ola de covid: Ssa\"}]},{\"@type\":\"WebSite\",\"@id\":\"https:\\\/\\\/fuentesfidedignas.com.mx\\\/#website\",\"url\":\"https:\\\/\\\/fuentesfidedignas.com.mx\\\/\",\"name\":\"Fuentes Fidedignas\",\"description\":\"Otro sitio realizado con WordPress\",\"publisher\":{\"@id\":\"https:\\\/\\\/fuentesfidedignas.com.mx\\\/#organization\"},\"potentialAction\":[{\"@type\":\"SearchAction\",\"target\":{\"@type\":\"EntryPoint\",\"urlTemplate\":\"https:\\\/\\\/fuentesfidedignas.com.mx\\\/?s={search_term_string}\"},\"query-input\":{\"@type\":\"PropertyValueSpecification\",\"valueRequired\":true,\"valueName\":\"search_term_string\"}}],\"inLanguage\":\"es\"},{\"@type\":\"Organization\",\"@id\":\"https:\\\/\\\/fuentesfidedignas.com.mx\\\/#organization\",\"name\":\"Fuentes Fidedignas\",\"url\":\"https:\\\/\\\/fuentesfidedignas.com.mx\\\/\",\"logo\":{\"@type\":\"ImageObject\",\"inLanguage\":\"es\",\"@id\":\"https:\\\/\\\/fuentesfidedignas.com.mx\\\/#\\\/schema\\\/logo\\\/image\\\/\",\"url\":\"https:\\\/\\\/fuentesfidedignas.com.mx\\\/wp-content\\\/uploads\\\/2021\\\/04\\\/logo-retina.png\",\"contentUrl\":\"https:\\\/\\\/fuentesfidedignas.com.mx\\\/wp-content\\\/uploads\\\/2021\\\/04\\\/logo-retina.png\",\"width\":280,\"height\":51,\"caption\":\"Fuentes Fidedignas\"},\"image\":{\"@id\":\"https:\\\/\\\/fuentesfidedignas.com.mx\\\/#\\\/schema\\\/logo\\\/image\\\/\"},\"sameAs\":[\"https:\\\/\\\/www.facebook.com\\\/Fuentes-Fidedignas-368234489921644\",\"https:\\\/\\\/x.com\\\/fidedignas\"]},{\"@type\":\"Person\",\"@id\":\"https:\\\/\\\/fuentesfidedignas.com.mx\\\/#\\\/schema\\\/person\\\/ec4edd1fbf5efa3e44fce34fe2787780\",\"name\":\"Exc\u00e9lsior\",\"image\":{\"@type\":\"ImageObject\",\"inLanguage\":\"es\",\"@id\":\"https:\\\/\\\/secure.gravatar.com\\\/avatar\\\/4b7ee9206b48be08447852b3f0814dbc7c0f3b51541b164f1464a2725614020b?s=96&d=mm&r=g\",\"url\":\"https:\\\/\\\/secure.gravatar.com\\\/avatar\\\/4b7ee9206b48be08447852b3f0814dbc7c0f3b51541b164f1464a2725614020b?s=96&d=mm&r=g\",\"contentUrl\":\"https:\\\/\\\/secure.gravatar.com\\\/avatar\\\/4b7ee9206b48be08447852b3f0814dbc7c0f3b51541b164f1464a2725614020b?s=96&d=mm&r=g\",\"caption\":\"Exc\u00e9lsior\"},\"url\":\"https:\\\/\\\/fuentesfidedignas.com.mx\\\/index.php\\\/author\\\/excelsior\\\/\"}]}<\/script>\n<!-- \/ Yoast SEO plugin. -->","yoast_head_json":{"title":"Quintana Roo vive una tercera ola de covid: Ssa - Fuentes Fidedignas","robots":{"index":"index","follow":"follow","max-snippet":"max-snippet:-1","max-image-preview":"max-image-preview:large","max-video-preview":"max-video-preview:-1"},"canonical":"https:\/\/fuentesfidedignas.com.mx\/index.php\/2021\/05\/26\/quintana-roo-vive-una-tercera-ola-de-covid-ssa\/","og_locale":"es_MX","og_type":"article","og_title":"Quintana Roo vive una tercera ola de covid: Ssa - Fuentes Fidedignas","og_description":"Hugo L\u00f3pez-Gatell, subsecretario de Salud, se\u00f1al\u00f3 que el avance de la vacunaci\u00f3n contra covid-19 no obedece a un calendario electoral Ciudad de M\u00e9xico.- Quintana Roo vive una tercera ola de covid-19, a pesar que el pa\u00eds alcanz\u00f3 19 semanas consecutivas de reducci\u00f3n de la pandemia, se\u00f1al\u00f3 Jos\u00e9 Luis Alom\u00eda Zegarra, director general de Epidemiolog\u00eda. Con [&hellip;]","og_url":"https:\/\/fuentesfidedignas.com.mx\/index.php\/2021\/05\/26\/quintana-roo-vive-una-tercera-ola-de-covid-ssa\/","og_site_name":"Fuentes Fidedignas","article_publisher":"https:\/\/www.facebook.com\/Fuentes-Fidedignas-368234489921644","article_published_time":"2021-05-26T13:15:35+00:00","article_modified_time":"2021-05-26T13:15:36+00:00","og_image":[{"width":800,"height":600,"url":"https:\/\/fuentesfidedignas.com.mx\/wp-content\/uploads\/2021\/05\/QUINTANA_ROO.jpg","type":"image\/jpeg"}],"author":"Exc\u00e9lsior","twitter_card":"summary_large_image","twitter_creator":"@fidedignas","twitter_site":"@fidedignas","twitter_misc":{"Escrito por":"Exc\u00e9lsior","Tiempo de lectura":"2 minutos"},"schema":{"@context":"https:\/\/schema.org","@graph":[{"@type":"Article","@id":"https:\/\/fuentesfidedignas.com.mx\/index.php\/2021\/05\/26\/quintana-roo-vive-una-tercera-ola-de-covid-ssa\/#article","isPartOf":{"@id":"https:\/\/fuentesfidedignas.com.mx\/index.php\/2021\/05\/26\/quintana-roo-vive-una-tercera-ola-de-covid-ssa\/"},"author":{"name":"Exc\u00e9lsior","@id":"https:\/\/fuentesfidedignas.com.mx\/#\/schema\/person\/ec4edd1fbf5efa3e44fce34fe2787780"},"headline":"Quintana Roo vive una tercera ola de covid: Ssa","datePublished":"2021-05-26T13:15:35+00:00","dateModified":"2021-05-26T13:15:36+00:00","mainEntityOfPage":{"@id":"https:\/\/fuentesfidedignas.com.mx\/index.php\/2021\/05\/26\/quintana-roo-vive-una-tercera-ola-de-covid-ssa\/"},"wordCount":479,"commentCount":0,"publisher":{"@id":"https:\/\/fuentesfidedignas.com.mx\/#organization"},"image":{"@id":"https:\/\/fuentesfidedignas.com.mx\/index.php\/2021\/05\/26\/quintana-roo-vive-una-tercera-ola-de-covid-ssa\/#primaryimage"},"thumbnailUrl":"https:\/\/fuentesfidedignas.com.mx\/wp-content\/uploads\/2021\/05\/QUINTANA_ROO.jpg","keywords":["Hugo L\u00f3pez-Gatell","Secretar\u00eda de Salud","SSA","Vacunaci\u00f3n"],"articleSection":["NOTICIAS NACIONALES"],"inLanguage":"es","potentialAction":[{"@type":"CommentAction","name":"Comment","target":["https:\/\/fuentesfidedignas.com.mx\/index.php\/2021\/05\/26\/quintana-roo-vive-una-tercera-ola-de-covid-ssa\/#respond"]}]},{"@type":"WebPage","@id":"https:\/\/fuentesfidedignas.com.mx\/index.php\/2021\/05\/26\/quintana-roo-vive-una-tercera-ola-de-covid-ssa\/","url":"https:\/\/fuentesfidedignas.com.mx\/index.php\/2021\/05\/26\/quintana-roo-vive-una-tercera-ola-de-covid-ssa\/","name":"Quintana Roo vive una tercera ola de covid: Ssa - Fuentes Fidedignas","isPartOf":{"@id":"https:\/\/fuentesfidedignas.com.mx\/#website"},"primaryImageOfPage":{"@id":"https:\/\/fuentesfidedignas.com.mx\/index.php\/2021\/05\/26\/quintana-roo-vive-una-tercera-ola-de-covid-ssa\/#primaryimage"},"image":{"@id":"https:\/\/fuentesfidedignas.com.mx\/index.php\/2021\/05\/26\/quintana-roo-vive-una-tercera-ola-de-covid-ssa\/#primaryimage"},"thumbnailUrl":"https:\/\/fuentesfidedignas.com.mx\/wp-content\/uploads\/2021\/05\/QUINTANA_ROO.jpg","datePublished":"2021-05-26T13:15:35+00:00","dateModified":"2021-05-26T13:15:36+00:00","breadcrumb":{"@id":"https:\/\/fuentesfidedignas.com.mx\/index.php\/2021\/05\/26\/quintana-roo-vive-una-tercera-ola-de-covid-ssa\/#breadcrumb"},"inLanguage":"es","potentialAction":[{"@type":"ReadAction","target":["https:\/\/fuentesfidedignas.com.mx\/index.php\/2021\/05\/26\/quintana-roo-vive-una-tercera-ola-de-covid-ssa\/"]}]},{"@type":"ImageObject","inLanguage":"es","@id":"https:\/\/fuentesfidedignas.com.mx\/index.php\/2021\/05\/26\/quintana-roo-vive-una-tercera-ola-de-covid-ssa\/#primaryimage","url":"https:\/\/fuentesfidedignas.com.mx\/wp-content\/uploads\/2021\/05\/QUINTANA_ROO.jpg","contentUrl":"https:\/\/fuentesfidedignas.com.mx\/wp-content\/uploads\/2021\/05\/QUINTANA_ROO.jpg","width":800,"height":600},{"@type":"BreadcrumbList","@id":"https:\/\/fuentesfidedignas.com.mx\/index.php\/2021\/05\/26\/quintana-roo-vive-una-tercera-ola-de-covid-ssa\/#breadcrumb","itemListElement":[{"@type":"ListItem","position":1,"name":"Inicio","item":"https:\/\/fuentesfidedignas.com.mx\/"},{"@type":"ListItem","position":2,"name":"Quintana Roo vive una tercera ola de covid: Ssa"}]},{"@type":"WebSite","@id":"https:\/\/fuentesfidedignas.com.mx\/#website","url":"https:\/\/fuentesfidedignas.com.mx\/","name":"Fuentes Fidedignas","description":"Otro sitio realizado con WordPress","publisher":{"@id":"https:\/\/fuentesfidedignas.com.mx\/#organization"},"potentialAction":[{"@type":"SearchAction","target":{"@type":"EntryPoint","urlTemplate":"https:\/\/fuentesfidedignas.com.mx\/?s={search_term_string}"},"query-input":{"@type":"PropertyValueSpecification","valueRequired":true,"valueName":"search_term_string"}}],"inLanguage":"es"},{"@type":"Organization","@id":"https:\/\/fuentesfidedignas.com.mx\/#organization","name":"Fuentes Fidedignas","url":"https:\/\/fuentesfidedignas.com.mx\/","logo":{"@type":"ImageObject","inLanguage":"es","@id":"https:\/\/fuentesfidedignas.com.mx\/#\/schema\/logo\/image\/","url":"https:\/\/fuentesfidedignas.com.mx\/wp-content\/uploads\/2021\/04\/logo-retina.png","contentUrl":"https:\/\/fuentesfidedignas.com.mx\/wp-content\/uploads\/2021\/04\/logo-retina.png","width":280,"height":51,"caption":"Fuentes Fidedignas"},"image":{"@id":"https:\/\/fuentesfidedignas.com.mx\/#\/schema\/logo\/image\/"},"sameAs":["https:\/\/www.facebook.com\/Fuentes-Fidedignas-368234489921644","https:\/\/x.com\/fidedignas"]},{"@type":"Person","@id":"https:\/\/fuentesfidedignas.com.mx\/#\/schema\/person\/ec4edd1fbf5efa3e44fce34fe2787780","name":"Exc\u00e9lsior","image":{"@type":"ImageObject","inLanguage":"es","@id":"https:\/\/secure.gravatar.com\/avatar\/4b7ee9206b48be08447852b3f0814dbc7c0f3b51541b164f1464a2725614020b?s=96&d=mm&r=g","url":"https:\/\/secure.gravatar.com\/avatar\/4b7ee9206b48be08447852b3f0814dbc7c0f3b51541b164f1464a2725614020b?s=96&d=mm&r=g","contentUrl":"https:\/\/secure.gravatar.com\/avatar\/4b7ee9206b48be08447852b3f0814dbc7c0f3b51541b164f1464a2725614020b?s=96&d=mm&r=g","caption":"Exc\u00e9lsior"},"url":"https:\/\/fuentesfidedignas.com.mx\/index.php\/author\/excelsior\/"}]}},"_links":{"self":[{"href":"https:\/\/fuentesfidedignas.com.mx\/index.php\/wp-json\/wp\/v2\/posts\/3169","targetHints":{"allow":["GET"]}}],"collection":[{"href":"https:\/\/fuentesfidedignas.com.mx\/index.php\/wp-json\/wp\/v2\/posts"}],"about":[{"href":"https:\/\/fuentesfidedignas.com.mx\/index.php\/wp-json\/wp\/v2\/types\/post"}],"author":[{"embeddable":true,"href":"https:\/\/fuentesfidedignas.com.mx\/index.php\/wp-json\/wp\/v2\/users\/7"}],"replies":[{"embeddable":true,"href":"https:\/\/fuentesfidedignas.com.mx\/index.php\/wp-json\/wp\/v2\/comments?post=3169"}],"version-history":[{"count":1,"href":"https:\/\/fuentesfidedignas.com.mx\/index.php\/wp-json\/wp\/v2\/posts\/3169\/revisions"}],"predecessor-version":[{"id":3171,"href":"https:\/\/fuentesfidedignas.com.mx\/index.php\/wp-json\/wp\/v2\/posts\/3169\/revisions\/3171"}],"wp:featuredmedia":[{"embeddable":true,"href":"https:\/\/fuentesfidedignas.com.mx\/index.php\/wp-json\/wp\/v2\/media\/3170"}],"wp:attachment":[{"href":"https:\/\/fuentesfidedignas.com.mx\/index.php\/wp-json\/wp\/v2\/media?parent=3169"}],"wp:term":[{"taxonomy":"category","embeddable":true,"href":"https:\/\/fuentesfidedignas.com.mx\/index.php\/wp-json\/wp\/v2\/categories?post=3169"},{"taxonomy":"post_tag","embeddable":true,"href":"https:\/\/fuentesfidedignas.com.mx\/index.php\/wp-json\/wp\/v2\/tags?post=3169"}],"curies":[{"name":"wp","href":"https:\/\/api.w.org\/{rel}","templated":true}]}}