{"id":31643,"date":"2022-05-17T19:03:23","date_gmt":"2022-05-18T01:03:23","guid":{"rendered":"https:\/\/fuentesfidedignas.com.mx\/?p=31643"},"modified":"2022-05-17T19:03:37","modified_gmt":"2022-05-18T01:03:37","slug":"en-sinaloa-piden-apoyo-para-encontrar-a-padres-de-joven-localizada-en-nayarit","status":"publish","type":"post","link":"https:\/\/fuentesfidedignas.com.mx\/index.php\/2022\/05\/17\/en-sinaloa-piden-apoyo-para-encontrar-a-padres-de-joven-localizada-en-nayarit\/","title":{"rendered":"En Sinaloa piden apoyo para encontrar a padres de joven localizada en Nayarit"},"content":{"rendered":"\n<p><strong><em>Se trata de una pesquisa en apoyo a reunir a Carol Osuna Ruiz con sus padres<\/em><\/strong><\/p>\n\n\n\n<p>Culiac\u00e1n, Sin.- En apoyo a la Fiscal\u00eda General de Nayarit , la Fiscal\u00eda General del Estado solicita la colaboraci\u00f3n ciudadana para encontrar al se\u00f1or Humberto Osuna Aguirre y a Mar\u00eda de Jes\u00fas Ruiz L\u00f3pez.<\/p>\n\n\n\n<p>Ambos, son padres de la joven Carol Osuna Ruiz, de 23 a\u00f1os de edad, quien se encuentra en el estado de Nayarit bajo efectos de alguna enfermedad que la mantiene desorientada por lo que desconoce d\u00f3nde viven sus padres, s\u00f3lo que son del estado de Sinaloa.<\/p>\n\n\n\n<p>Quien conozca a las personas antes mencionadas pueden llamar a los tel\u00e9fonos de la Fiscal\u00eda Especializada en Desaparici\u00f3n de Personas en Sinaloa, 6677602947 para apoyar en el encuentro de esta familia.<\/p>\n\n\n\n<p>La joven se encuentra resguardada en la Polic\u00eda Municipal de Tepic, en tanto se localiza a alguno de sus familiares.<\/p>\n","protected":false},"excerpt":{"rendered":"<p>Se trata de una pesquisa en apoyo a reunir a Carol Osuna Ruiz con sus padres Culiac\u00e1n, Sin.- En apoyo a la Fiscal\u00eda General de Nayarit , la Fiscal\u00eda General del Estado solicita la colaboraci\u00f3n ciudadana para encontrar al se\u00f1or Humberto Osuna Aguirre y a Mar\u00eda de Jes\u00fas Ruiz L\u00f3pez. Ambos, son padres de la [&hellip;]<\/p>\n","protected":false},"author":4,"featured_media":31645,"comment_status":"open","ping_status":"open","sticky":false,"template":"","format":"standard","meta":{"tdm_status":"","tdm_grid_status":"","footnotes":""},"categories":[38],"tags":[],"class_list":{"0":"post-31643","1":"post","2":"type-post","3":"status-publish","4":"format-standard","5":"has-post-thumbnail","7":"category-noticias-locales"},"yoast_head":"<!-- This site is optimized with the Yoast SEO plugin v27.5 - https:\/\/yoast.com\/product\/yoast-seo-wordpress\/ -->\n<title>En Sinaloa piden apoyo para encontrar a padres de joven localizada en Nayarit - Fuentes Fidedignas<\/title>\n<meta name=\"robots\" content=\"index, follow, max-snippet:-1, max-image-preview:large, max-video-preview:-1\" \/>\n<link rel=\"canonical\" href=\"https:\/\/fuentesfidedignas.com.mx\/index.php\/2022\/05\/17\/en-sinaloa-piden-apoyo-para-encontrar-a-padres-de-joven-localizada-en-nayarit\/\" \/>\n<meta property=\"og:locale\" content=\"es_MX\" \/>\n<meta property=\"og:type\" content=\"article\" \/>\n<meta property=\"og:title\" content=\"En Sinaloa piden apoyo para encontrar a padres de joven localizada en Nayarit - Fuentes Fidedignas\" \/>\n<meta property=\"og:description\" content=\"Se trata de una pesquisa en apoyo a reunir a Carol Osuna Ruiz con sus padres Culiac\u00e1n, Sin.- En apoyo a la Fiscal\u00eda General de Nayarit , la Fiscal\u00eda General del Estado solicita la colaboraci\u00f3n ciudadana para encontrar al se\u00f1or Humberto Osuna Aguirre y a Mar\u00eda de Jes\u00fas Ruiz L\u00f3pez. Ambos, son padres de la [&hellip;]\" \/>\n<meta property=\"og:url\" content=\"https:\/\/fuentesfidedignas.com.mx\/index.php\/2022\/05\/17\/en-sinaloa-piden-apoyo-para-encontrar-a-padres-de-joven-localizada-en-nayarit\/\" \/>\n<meta property=\"og:site_name\" content=\"Fuentes Fidedignas\" \/>\n<meta property=\"article:publisher\" content=\"https:\/\/www.facebook.com\/Fuentes-Fidedignas-368234489921644\" \/>\n<meta property=\"article:published_time\" content=\"2022-05-18T01:03:23+00:00\" \/>\n<meta property=\"article:modified_time\" content=\"2022-05-18T01:03:37+00:00\" \/>\n<meta property=\"og:image\" content=\"https:\/\/fuentesfidedignas.com.mx\/wp-content\/uploads\/2022\/05\/IMG-20220517-WA0037.jpg\" \/>\n\t<meta property=\"og:image:width\" content=\"1146\" \/>\n\t<meta property=\"og:image:height\" content=\"1280\" \/>\n\t<meta property=\"og:image:type\" content=\"image\/jpeg\" \/>\n<meta name=\"author\" content=\"Redacci\u00f3n\" \/>\n<meta name=\"twitter:card\" content=\"summary_large_image\" \/>\n<meta name=\"twitter:creator\" content=\"@fidedignas\" \/>\n<meta name=\"twitter:site\" content=\"@fidedignas\" \/>\n<meta name=\"twitter:label1\" content=\"Escrito por\" \/>\n\t<meta name=\"twitter:data1\" content=\"Redacci\u00f3n\" \/>\n\t<meta name=\"twitter:label2\" content=\"Tiempo de lectura\" \/>\n\t<meta name=\"twitter:data2\" content=\"1 minuto\" \/>\n<script type=\"application\/ld+json\" class=\"yoast-schema-graph\">{\"@context\":\"https:\\\/\\\/schema.org\",\"@graph\":[{\"@type\":\"Article\",\"@id\":\"https:\\\/\\\/fuentesfidedignas.com.mx\\\/index.php\\\/2022\\\/05\\\/17\\\/en-sinaloa-piden-apoyo-para-encontrar-a-padres-de-joven-localizada-en-nayarit\\\/#article\",\"isPartOf\":{\"@id\":\"https:\\\/\\\/fuentesfidedignas.com.mx\\\/index.php\\\/2022\\\/05\\\/17\\\/en-sinaloa-piden-apoyo-para-encontrar-a-padres-de-joven-localizada-en-nayarit\\\/\"},\"author\":{\"name\":\"Redacci\u00f3n\",\"@id\":\"https:\\\/\\\/fuentesfidedignas.com.mx\\\/#\\\/schema\\\/person\\\/331be9283d37198e2acd5750279085b0\"},\"headline\":\"En Sinaloa piden apoyo para encontrar a padres de joven localizada en Nayarit\",\"datePublished\":\"2022-05-18T01:03:23+00:00\",\"dateModified\":\"2022-05-18T01:03:37+00:00\",\"mainEntityOfPage\":{\"@id\":\"https:\\\/\\\/fuentesfidedignas.com.mx\\\/index.php\\\/2022\\\/05\\\/17\\\/en-sinaloa-piden-apoyo-para-encontrar-a-padres-de-joven-localizada-en-nayarit\\\/\"},\"wordCount\":173,\"commentCount\":0,\"publisher\":{\"@id\":\"https:\\\/\\\/fuentesfidedignas.com.mx\\\/#organization\"},\"image\":{\"@id\":\"https:\\\/\\\/fuentesfidedignas.com.mx\\\/index.php\\\/2022\\\/05\\\/17\\\/en-sinaloa-piden-apoyo-para-encontrar-a-padres-de-joven-localizada-en-nayarit\\\/#primaryimage\"},\"thumbnailUrl\":\"https:\\\/\\\/fuentesfidedignas.com.mx\\\/wp-content\\\/uploads\\\/2022\\\/05\\\/IMG-20220517-WA0037.jpg\",\"articleSection\":[\"NOTICIAS LOCALES\"],\"inLanguage\":\"es\",\"potentialAction\":[{\"@type\":\"CommentAction\",\"name\":\"Comment\",\"target\":[\"https:\\\/\\\/fuentesfidedignas.com.mx\\\/index.php\\\/2022\\\/05\\\/17\\\/en-sinaloa-piden-apoyo-para-encontrar-a-padres-de-joven-localizada-en-nayarit\\\/#respond\"]}]},{\"@type\":\"WebPage\",\"@id\":\"https:\\\/\\\/fuentesfidedignas.com.mx\\\/index.php\\\/2022\\\/05\\\/17\\\/en-sinaloa-piden-apoyo-para-encontrar-a-padres-de-joven-localizada-en-nayarit\\\/\",\"url\":\"https:\\\/\\\/fuentesfidedignas.com.mx\\\/index.php\\\/2022\\\/05\\\/17\\\/en-sinaloa-piden-apoyo-para-encontrar-a-padres-de-joven-localizada-en-nayarit\\\/\",\"name\":\"En Sinaloa piden apoyo para encontrar a padres de joven localizada en Nayarit - Fuentes Fidedignas\",\"isPartOf\":{\"@id\":\"https:\\\/\\\/fuentesfidedignas.com.mx\\\/#website\"},\"primaryImageOfPage\":{\"@id\":\"https:\\\/\\\/fuentesfidedignas.com.mx\\\/index.php\\\/2022\\\/05\\\/17\\\/en-sinaloa-piden-apoyo-para-encontrar-a-padres-de-joven-localizada-en-nayarit\\\/#primaryimage\"},\"image\":{\"@id\":\"https:\\\/\\\/fuentesfidedignas.com.mx\\\/index.php\\\/2022\\\/05\\\/17\\\/en-sinaloa-piden-apoyo-para-encontrar-a-padres-de-joven-localizada-en-nayarit\\\/#primaryimage\"},\"thumbnailUrl\":\"https:\\\/\\\/fuentesfidedignas.com.mx\\\/wp-content\\\/uploads\\\/2022\\\/05\\\/IMG-20220517-WA0037.jpg\",\"datePublished\":\"2022-05-18T01:03:23+00:00\",\"dateModified\":\"2022-05-18T01:03:37+00:00\",\"breadcrumb\":{\"@id\":\"https:\\\/\\\/fuentesfidedignas.com.mx\\\/index.php\\\/2022\\\/05\\\/17\\\/en-sinaloa-piden-apoyo-para-encontrar-a-padres-de-joven-localizada-en-nayarit\\\/#breadcrumb\"},\"inLanguage\":\"es\",\"potentialAction\":[{\"@type\":\"ReadAction\",\"target\":[\"https:\\\/\\\/fuentesfidedignas.com.mx\\\/index.php\\\/2022\\\/05\\\/17\\\/en-sinaloa-piden-apoyo-para-encontrar-a-padres-de-joven-localizada-en-nayarit\\\/\"]}]},{\"@type\":\"ImageObject\",\"inLanguage\":\"es\",\"@id\":\"https:\\\/\\\/fuentesfidedignas.com.mx\\\/index.php\\\/2022\\\/05\\\/17\\\/en-sinaloa-piden-apoyo-para-encontrar-a-padres-de-joven-localizada-en-nayarit\\\/#primaryimage\",\"url\":\"https:\\\/\\\/fuentesfidedignas.com.mx\\\/wp-content\\\/uploads\\\/2022\\\/05\\\/IMG-20220517-WA0037.jpg\",\"contentUrl\":\"https:\\\/\\\/fuentesfidedignas.com.mx\\\/wp-content\\\/uploads\\\/2022\\\/05\\\/IMG-20220517-WA0037.jpg\",\"width\":1146,\"height\":1280},{\"@type\":\"BreadcrumbList\",\"@id\":\"https:\\\/\\\/fuentesfidedignas.com.mx\\\/index.php\\\/2022\\\/05\\\/17\\\/en-sinaloa-piden-apoyo-para-encontrar-a-padres-de-joven-localizada-en-nayarit\\\/#breadcrumb\",\"itemListElement\":[{\"@type\":\"ListItem\",\"position\":1,\"name\":\"Inicio\",\"item\":\"https:\\\/\\\/fuentesfidedignas.com.mx\\\/\"},{\"@type\":\"ListItem\",\"position\":2,\"name\":\"En Sinaloa piden apoyo para encontrar a padres de joven localizada en Nayarit\"}]},{\"@type\":\"WebSite\",\"@id\":\"https:\\\/\\\/fuentesfidedignas.com.mx\\\/#website\",\"url\":\"https:\\\/\\\/fuentesfidedignas.com.mx\\\/\",\"name\":\"Fuentes Fidedignas\",\"description\":\"Otro sitio realizado con WordPress\",\"publisher\":{\"@id\":\"https:\\\/\\\/fuentesfidedignas.com.mx\\\/#organization\"},\"potentialAction\":[{\"@type\":\"SearchAction\",\"target\":{\"@type\":\"EntryPoint\",\"urlTemplate\":\"https:\\\/\\\/fuentesfidedignas.com.mx\\\/?s={search_term_string}\"},\"query-input\":{\"@type\":\"PropertyValueSpecification\",\"valueRequired\":true,\"valueName\":\"search_term_string\"}}],\"inLanguage\":\"es\"},{\"@type\":\"Organization\",\"@id\":\"https:\\\/\\\/fuentesfidedignas.com.mx\\\/#organization\",\"name\":\"Fuentes Fidedignas\",\"url\":\"https:\\\/\\\/fuentesfidedignas.com.mx\\\/\",\"logo\":{\"@type\":\"ImageObject\",\"inLanguage\":\"es\",\"@id\":\"https:\\\/\\\/fuentesfidedignas.com.mx\\\/#\\\/schema\\\/logo\\\/image\\\/\",\"url\":\"https:\\\/\\\/fuentesfidedignas.com.mx\\\/wp-content\\\/uploads\\\/2021\\\/04\\\/logo-retina.png\",\"contentUrl\":\"https:\\\/\\\/fuentesfidedignas.com.mx\\\/wp-content\\\/uploads\\\/2021\\\/04\\\/logo-retina.png\",\"width\":280,\"height\":51,\"caption\":\"Fuentes Fidedignas\"},\"image\":{\"@id\":\"https:\\\/\\\/fuentesfidedignas.com.mx\\\/#\\\/schema\\\/logo\\\/image\\\/\"},\"sameAs\":[\"https:\\\/\\\/www.facebook.com\\\/Fuentes-Fidedignas-368234489921644\",\"https:\\\/\\\/x.com\\\/fidedignas\"]},{\"@type\":\"Person\",\"@id\":\"https:\\\/\\\/fuentesfidedignas.com.mx\\\/#\\\/schema\\\/person\\\/331be9283d37198e2acd5750279085b0\",\"name\":\"Redacci\u00f3n\",\"image\":{\"@type\":\"ImageObject\",\"inLanguage\":\"es\",\"@id\":\"https:\\\/\\\/secure.gravatar.com\\\/avatar\\\/f6d8782c11d12b2d4ad3fbb6931aeab5309937a4d6cd2fc9cfaa28a6396a5aec?s=96&d=mm&r=g\",\"url\":\"https:\\\/\\\/secure.gravatar.com\\\/avatar\\\/f6d8782c11d12b2d4ad3fbb6931aeab5309937a4d6cd2fc9cfaa28a6396a5aec?s=96&d=mm&r=g\",\"contentUrl\":\"https:\\\/\\\/secure.gravatar.com\\\/avatar\\\/f6d8782c11d12b2d4ad3fbb6931aeab5309937a4d6cd2fc9cfaa28a6396a5aec?s=96&d=mm&r=g\",\"caption\":\"Redacci\u00f3n\"},\"url\":\"https:\\\/\\\/fuentesfidedignas.com.mx\\\/index.php\\\/author\\\/redaccion\\\/\"}]}<\/script>\n<!-- \/ Yoast SEO plugin. -->","yoast_head_json":{"title":"En Sinaloa piden apoyo para encontrar a padres de joven localizada en Nayarit - Fuentes Fidedignas","robots":{"index":"index","follow":"follow","max-snippet":"max-snippet:-1","max-image-preview":"max-image-preview:large","max-video-preview":"max-video-preview:-1"},"canonical":"https:\/\/fuentesfidedignas.com.mx\/index.php\/2022\/05\/17\/en-sinaloa-piden-apoyo-para-encontrar-a-padres-de-joven-localizada-en-nayarit\/","og_locale":"es_MX","og_type":"article","og_title":"En Sinaloa piden apoyo para encontrar a padres de joven localizada en Nayarit - Fuentes Fidedignas","og_description":"Se trata de una pesquisa en apoyo a reunir a Carol Osuna Ruiz con sus padres Culiac\u00e1n, Sin.- En apoyo a la Fiscal\u00eda General de Nayarit , la Fiscal\u00eda General del Estado solicita la colaboraci\u00f3n ciudadana para encontrar al se\u00f1or Humberto Osuna Aguirre y a Mar\u00eda de Jes\u00fas Ruiz L\u00f3pez. Ambos, son padres de la [&hellip;]","og_url":"https:\/\/fuentesfidedignas.com.mx\/index.php\/2022\/05\/17\/en-sinaloa-piden-apoyo-para-encontrar-a-padres-de-joven-localizada-en-nayarit\/","og_site_name":"Fuentes Fidedignas","article_publisher":"https:\/\/www.facebook.com\/Fuentes-Fidedignas-368234489921644","article_published_time":"2022-05-18T01:03:23+00:00","article_modified_time":"2022-05-18T01:03:37+00:00","og_image":[{"width":1146,"height":1280,"url":"https:\/\/fuentesfidedignas.com.mx\/wp-content\/uploads\/2022\/05\/IMG-20220517-WA0037.jpg","type":"image\/jpeg"}],"author":"Redacci\u00f3n","twitter_card":"summary_large_image","twitter_creator":"@fidedignas","twitter_site":"@fidedignas","twitter_misc":{"Escrito por":"Redacci\u00f3n","Tiempo de lectura":"1 minuto"},"schema":{"@context":"https:\/\/schema.org","@graph":[{"@type":"Article","@id":"https:\/\/fuentesfidedignas.com.mx\/index.php\/2022\/05\/17\/en-sinaloa-piden-apoyo-para-encontrar-a-padres-de-joven-localizada-en-nayarit\/#article","isPartOf":{"@id":"https:\/\/fuentesfidedignas.com.mx\/index.php\/2022\/05\/17\/en-sinaloa-piden-apoyo-para-encontrar-a-padres-de-joven-localizada-en-nayarit\/"},"author":{"name":"Redacci\u00f3n","@id":"https:\/\/fuentesfidedignas.com.mx\/#\/schema\/person\/331be9283d37198e2acd5750279085b0"},"headline":"En Sinaloa piden apoyo para encontrar a padres de joven localizada en Nayarit","datePublished":"2022-05-18T01:03:23+00:00","dateModified":"2022-05-18T01:03:37+00:00","mainEntityOfPage":{"@id":"https:\/\/fuentesfidedignas.com.mx\/index.php\/2022\/05\/17\/en-sinaloa-piden-apoyo-para-encontrar-a-padres-de-joven-localizada-en-nayarit\/"},"wordCount":173,"commentCount":0,"publisher":{"@id":"https:\/\/fuentesfidedignas.com.mx\/#organization"},"image":{"@id":"https:\/\/fuentesfidedignas.com.mx\/index.php\/2022\/05\/17\/en-sinaloa-piden-apoyo-para-encontrar-a-padres-de-joven-localizada-en-nayarit\/#primaryimage"},"thumbnailUrl":"https:\/\/fuentesfidedignas.com.mx\/wp-content\/uploads\/2022\/05\/IMG-20220517-WA0037.jpg","articleSection":["NOTICIAS LOCALES"],"inLanguage":"es","potentialAction":[{"@type":"CommentAction","name":"Comment","target":["https:\/\/fuentesfidedignas.com.mx\/index.php\/2022\/05\/17\/en-sinaloa-piden-apoyo-para-encontrar-a-padres-de-joven-localizada-en-nayarit\/#respond"]}]},{"@type":"WebPage","@id":"https:\/\/fuentesfidedignas.com.mx\/index.php\/2022\/05\/17\/en-sinaloa-piden-apoyo-para-encontrar-a-padres-de-joven-localizada-en-nayarit\/","url":"https:\/\/fuentesfidedignas.com.mx\/index.php\/2022\/05\/17\/en-sinaloa-piden-apoyo-para-encontrar-a-padres-de-joven-localizada-en-nayarit\/","name":"En Sinaloa piden apoyo para encontrar a padres de joven localizada en Nayarit - Fuentes Fidedignas","isPartOf":{"@id":"https:\/\/fuentesfidedignas.com.mx\/#website"},"primaryImageOfPage":{"@id":"https:\/\/fuentesfidedignas.com.mx\/index.php\/2022\/05\/17\/en-sinaloa-piden-apoyo-para-encontrar-a-padres-de-joven-localizada-en-nayarit\/#primaryimage"},"image":{"@id":"https:\/\/fuentesfidedignas.com.mx\/index.php\/2022\/05\/17\/en-sinaloa-piden-apoyo-para-encontrar-a-padres-de-joven-localizada-en-nayarit\/#primaryimage"},"thumbnailUrl":"https:\/\/fuentesfidedignas.com.mx\/wp-content\/uploads\/2022\/05\/IMG-20220517-WA0037.jpg","datePublished":"2022-05-18T01:03:23+00:00","dateModified":"2022-05-18T01:03:37+00:00","breadcrumb":{"@id":"https:\/\/fuentesfidedignas.com.mx\/index.php\/2022\/05\/17\/en-sinaloa-piden-apoyo-para-encontrar-a-padres-de-joven-localizada-en-nayarit\/#breadcrumb"},"inLanguage":"es","potentialAction":[{"@type":"ReadAction","target":["https:\/\/fuentesfidedignas.com.mx\/index.php\/2022\/05\/17\/en-sinaloa-piden-apoyo-para-encontrar-a-padres-de-joven-localizada-en-nayarit\/"]}]},{"@type":"ImageObject","inLanguage":"es","@id":"https:\/\/fuentesfidedignas.com.mx\/index.php\/2022\/05\/17\/en-sinaloa-piden-apoyo-para-encontrar-a-padres-de-joven-localizada-en-nayarit\/#primaryimage","url":"https:\/\/fuentesfidedignas.com.mx\/wp-content\/uploads\/2022\/05\/IMG-20220517-WA0037.jpg","contentUrl":"https:\/\/fuentesfidedignas.com.mx\/wp-content\/uploads\/2022\/05\/IMG-20220517-WA0037.jpg","width":1146,"height":1280},{"@type":"BreadcrumbList","@id":"https:\/\/fuentesfidedignas.com.mx\/index.php\/2022\/05\/17\/en-sinaloa-piden-apoyo-para-encontrar-a-padres-de-joven-localizada-en-nayarit\/#breadcrumb","itemListElement":[{"@type":"ListItem","position":1,"name":"Inicio","item":"https:\/\/fuentesfidedignas.com.mx\/"},{"@type":"ListItem","position":2,"name":"En Sinaloa piden apoyo para encontrar a padres de joven localizada en Nayarit"}]},{"@type":"WebSite","@id":"https:\/\/fuentesfidedignas.com.mx\/#website","url":"https:\/\/fuentesfidedignas.com.mx\/","name":"Fuentes Fidedignas","description":"Otro sitio realizado con WordPress","publisher":{"@id":"https:\/\/fuentesfidedignas.com.mx\/#organization"},"potentialAction":[{"@type":"SearchAction","target":{"@type":"EntryPoint","urlTemplate":"https:\/\/fuentesfidedignas.com.mx\/?s={search_term_string}"},"query-input":{"@type":"PropertyValueSpecification","valueRequired":true,"valueName":"search_term_string"}}],"inLanguage":"es"},{"@type":"Organization","@id":"https:\/\/fuentesfidedignas.com.mx\/#organization","name":"Fuentes Fidedignas","url":"https:\/\/fuentesfidedignas.com.mx\/","logo":{"@type":"ImageObject","inLanguage":"es","@id":"https:\/\/fuentesfidedignas.com.mx\/#\/schema\/logo\/image\/","url":"https:\/\/fuentesfidedignas.com.mx\/wp-content\/uploads\/2021\/04\/logo-retina.png","contentUrl":"https:\/\/fuentesfidedignas.com.mx\/wp-content\/uploads\/2021\/04\/logo-retina.png","width":280,"height":51,"caption":"Fuentes Fidedignas"},"image":{"@id":"https:\/\/fuentesfidedignas.com.mx\/#\/schema\/logo\/image\/"},"sameAs":["https:\/\/www.facebook.com\/Fuentes-Fidedignas-368234489921644","https:\/\/x.com\/fidedignas"]},{"@type":"Person","@id":"https:\/\/fuentesfidedignas.com.mx\/#\/schema\/person\/331be9283d37198e2acd5750279085b0","name":"Redacci\u00f3n","image":{"@type":"ImageObject","inLanguage":"es","@id":"https:\/\/secure.gravatar.com\/avatar\/f6d8782c11d12b2d4ad3fbb6931aeab5309937a4d6cd2fc9cfaa28a6396a5aec?s=96&d=mm&r=g","url":"https:\/\/secure.gravatar.com\/avatar\/f6d8782c11d12b2d4ad3fbb6931aeab5309937a4d6cd2fc9cfaa28a6396a5aec?s=96&d=mm&r=g","contentUrl":"https:\/\/secure.gravatar.com\/avatar\/f6d8782c11d12b2d4ad3fbb6931aeab5309937a4d6cd2fc9cfaa28a6396a5aec?s=96&d=mm&r=g","caption":"Redacci\u00f3n"},"url":"https:\/\/fuentesfidedignas.com.mx\/index.php\/author\/redaccion\/"}]}},"_links":{"self":[{"href":"https:\/\/fuentesfidedignas.com.mx\/index.php\/wp-json\/wp\/v2\/posts\/31643","targetHints":{"allow":["GET"]}}],"collection":[{"href":"https:\/\/fuentesfidedignas.com.mx\/index.php\/wp-json\/wp\/v2\/posts"}],"about":[{"href":"https:\/\/fuentesfidedignas.com.mx\/index.php\/wp-json\/wp\/v2\/types\/post"}],"author":[{"embeddable":true,"href":"https:\/\/fuentesfidedignas.com.mx\/index.php\/wp-json\/wp\/v2\/users\/4"}],"replies":[{"embeddable":true,"href":"https:\/\/fuentesfidedignas.com.mx\/index.php\/wp-json\/wp\/v2\/comments?post=31643"}],"version-history":[{"count":1,"href":"https:\/\/fuentesfidedignas.com.mx\/index.php\/wp-json\/wp\/v2\/posts\/31643\/revisions"}],"predecessor-version":[{"id":31644,"href":"https:\/\/fuentesfidedignas.com.mx\/index.php\/wp-json\/wp\/v2\/posts\/31643\/revisions\/31644"}],"wp:featuredmedia":[{"embeddable":true,"href":"https:\/\/fuentesfidedignas.com.mx\/index.php\/wp-json\/wp\/v2\/media\/31645"}],"wp:attachment":[{"href":"https:\/\/fuentesfidedignas.com.mx\/index.php\/wp-json\/wp\/v2\/media?parent=31643"}],"wp:term":[{"taxonomy":"category","embeddable":true,"href":"https:\/\/fuentesfidedignas.com.mx\/index.php\/wp-json\/wp\/v2\/categories?post=31643"},{"taxonomy":"post_tag","embeddable":true,"href":"https:\/\/fuentesfidedignas.com.mx\/index.php\/wp-json\/wp\/v2\/tags?post=31643"}],"curies":[{"name":"wp","href":"https:\/\/api.w.org\/{rel}","templated":true}]}}