{"id":31415,"date":"2022-05-16T06:23:18","date_gmt":"2022-05-16T12:23:18","guid":{"rendered":"https:\/\/fuentesfidedignas.com.mx\/?p=31415"},"modified":"2022-05-16T06:23:19","modified_gmt":"2022-05-16T12:23:19","slug":"lo-viste-la-luna-se-tino-de-rojo-en-un-espectacular-eclipse-total-lunar","status":"publish","type":"post","link":"https:\/\/fuentesfidedignas.com.mx\/index.php\/2022\/05\/16\/lo-viste-la-luna-se-tino-de-rojo-en-un-espectacular-eclipse-total-lunar\/","title":{"rendered":"\u00bfLo viste? La Luna se ti\u00f1\u00f3 de rojo en un espectacular eclipse total lunar"},"content":{"rendered":"\n<p><strong><em>El espect\u00e1culo astron\u00f3mico cautiv\u00f3 a millones personas donde la sombra de la Tierra tap\u00f3 nuestro sat\u00e9lite natural. Se pudo observar en casi toda Am\u00e9rica, parte de Europa y \u00c1frica<\/em><\/strong><\/p>\n\n\n\n<figure class=\"wp-block-embed is-type-video is-provider-youtube wp-block-embed-youtube wp-embed-aspect-16-9 wp-has-aspect-ratio\"><div class=\"wp-block-embed__wrapper\">\n<iframe loading=\"lazy\" title=\"Blood Moon Lunar Eclipse Live via Slooh&#039;s Online Telescope\" width=\"696\" height=\"392\" src=\"https:\/\/www.youtube.com\/embed\/jhPK6j3N0Dc?feature=oembed\" frameborder=\"0\" allow=\"accelerometer; autoplay; clipboard-write; encrypted-media; gyroscope; picture-in-picture\" allowfullscreen><\/iframe>\n<\/div><\/figure>\n\n\n\n<p>Ciudad de M\u00e9xico.- El eclipse lunar total asombr\u00f3 a quienes tienen la oportunidad de disfrutarlo desde la mayor parte del continente americano, como as\u00ed tambi\u00e9n en los confines occidentales de Europa y \u00c1frica y el lado oriental del Pac\u00edfico.<\/p>\n\n\n\n<p>El eclipse fue total porque la Luna va a entrar en la sombra que proyecta la Tierra atravesando tres fases: penumbra, parcialidad y totalidad. La Luna se fue oscureciendo parcialmente hasta quedar con un tono rojizo inconfundible. Se mantendr\u00e1 en ese estado durante 1 hora 20 minutos y despu\u00e9s empezar\u00e1 a descubrirse a medida que sale del cono de sombra que emite la Tierra. El fen\u00f3meno arranc\u00f3 a las 22:32 y terminar\u00e1 el 16 de mayo a las 3.50 de la ma\u00f1ana. Tendr\u00e1 una duraci\u00f3n de aproximadamente 5 horas y 19 minutos.<\/p>\n\n\n\n<figure class=\"wp-block-image\"><img decoding=\"async\" src=\"https:\/\/www.infobae.com\/new-resizer\/yDF94LjiuOragP_oUSLcE39ocp0=\/arc-anglerfish-arc2-prod-infobae\/public\/DAJDLJTRBVD4FLCGV7WXWD4IIA.jpg\" alt=\"infografia\"\/><\/figure>\n\n\n\n<p>A las 22:32 empez\u00f3 la primera fase del fen\u00f3meno astron\u00f3mico, cuando la Luna entr\u00f3 en la penumbra de la Tierra. A las 23:28 dio inicio el eclipse parcial donde nuestro sat\u00e9lite natural comenz\u00f3 a oscurecerse cada vez m\u00e1s, al no recibir la luz solar en forma directa, lo que provoca que comience a te\u00f1irse de un color rojizo.<\/p>\n\n\n\n<p>All\u00ed la Luna adopt\u00f3 un tono de anaranjado a rojizo. Esto se debe a que la atm\u00f3sfera de la Tierra empieza a desviar los rayos azules, y permite ver los rayos en los tonos rojos. El color rojizo que adopta la Luna se explica por el hecho de que la atm\u00f3sfera terrestre desv\u00eda los rayos rojos de la luz solar hacia el interior del cono de sombra, y la Luna puede reflejarlos. Desde las 0:29 el eclipse fue total y ti\u00f1o la Luna de rojo.<\/p>\n\n\n\n<p>A las 22:32 empez\u00f3 la primera fase del fen\u00f3meno astron\u00f3mico, cuando la Luna entr\u00f3 en la penumbra de la Tierra. A las 23:28 dio inicio el eclipse parcial donde nuestro sat\u00e9lite natural comenz\u00f3 a oscurecerse cada vez m\u00e1s, al no recibir la luz solar en forma directa, lo que provoca que comience a te\u00f1irse de un color rojizo.<\/p>\n\n\n\n<p>All\u00ed la Luna adopt\u00f3 un tono de anaranjado a rojizo. Esto se debe a que la atm\u00f3sfera de la Tierra empieza a desviar los rayos azules, y permite ver los rayos en los tonos rojos. El color rojizo que adopta la Luna se explica por el hecho de que la atm\u00f3sfera terrestre desv\u00eda los rayos rojos de la luz solar hacia el interior del cono de sombra, y la Luna puede reflejarlos. Desde las 0:29 el eclipse fue total y ti\u00f1o la Luna de rojo.<\/p>\n\n\n\n<figure class=\"wp-block-image\"><img decoding=\"async\" src=\"https:\/\/cloudfront-us-east-1.images.arcpublishing.com\/infobae\/UDFQAP7LKNFGBBGZA3LRLVTZRA.JPG\" alt=\"El eclipse ser\u00e1 visible desde la mayor parte del continente americano y la Ant\u00e1rtida, como as\u00ed tambi\u00e9n en los confines occidentales de Europa y \u00c1frica y el lado oriental del Pac\u00edfico\"\/><\/figure>\n\n\n\n<p>A diferencia de un eclipse total de sol, que a menudo requiere un largo viaje hasta el camino de la totalidad, los eclipses de Luna generalmente se pueden observar desde cualquier lugar. El paso de la luna llena a trav\u00e9s de la sombra de la Tierra es igualmente visible desde todos los lugares del hemisferio donde la Luna est\u00e1 sobre el horizonte. Y a diferencia de un eclipse solar, que requiere precauciones especiales de visualizaci\u00f3n para evitar da\u00f1os en los ojos, un eclipse lunar es perfectamente seguro de observar. Todo lo que necesitar\u00e1s son tus ojos, pero los binoculares o un telescopio te dar\u00e1n una vista mucho mejor.<\/p>\n\n\n\n<figure class=\"wp-block-image\"><img decoding=\"async\" src=\"https:\/\/cloudfront-us-east-1.images.arcpublishing.com\/infobae\/EZLX3UYXMBANXB7RLCQBBR43HU.jpg\" alt=\"Eclipse lunar en mayo: luna de sangre podr\u00e1 ser vista en varios pa\u00edses de Am\u00e9rica. (Foto: Captura)\"\/><\/figure>\n\n\n\n<p>Hay tres tipos de eclipses lunares: penumbral, parcial y total. En un eclipse penumbral, la luna atraviesa la parte exterior de la sombra de la Tierra, que es bastante difusa, por lo que solo hay un ligero oscurecimiento de la superficie de la luna. Un eclipse parcial es cuando parte de la luna entra en la sombra m\u00e1s oscura de la Tierra, o la umbra, lo que hace que parte de la luna se oscurezca significativamente. Y un eclipse total, como uno podr\u00eda haber adivinado, es cuando la luna entera entra en la parte m\u00e1s oscura de la sombra de la Tierra. Un eclipse total tambi\u00e9n incluye fases penumbrales y parciales a medida que la luna se abre camino hacia la umbra. El pr\u00f3ximo eclipse lunar del 15 al 16 de mayo ser\u00e1 un eclipse lunar total.<\/p>\n","protected":false},"excerpt":{"rendered":"<p>El espect\u00e1culo astron\u00f3mico cautiv\u00f3 a millones personas donde la sombra de la Tierra tap\u00f3 nuestro sat\u00e9lite natural. Se pudo observar en casi toda Am\u00e9rica, parte de Europa y \u00c1frica Ciudad de M\u00e9xico.- El eclipse lunar total asombr\u00f3 a quienes tienen la oportunidad de disfrutarlo desde la mayor parte del continente americano, como as\u00ed tambi\u00e9n en [&hellip;]<\/p>\n","protected":false},"author":41,"featured_media":31416,"comment_status":"open","ping_status":"open","sticky":false,"template":"","format":"standard","meta":{"tdm_status":"","tdm_grid_status":"","footnotes":""},"categories":[39],"tags":[2785,2786],"class_list":{"0":"post-31415","1":"post","2":"type-post","3":"status-publish","4":"format-standard","5":"has-post-thumbnail","7":"category-noticias-nacionales","8":"tag-eclipse","9":"tag-luna"},"yoast_head":"<!-- This site is optimized with the Yoast SEO plugin v27.5 - https:\/\/yoast.com\/product\/yoast-seo-wordpress\/ -->\n<title>\u00bfLo viste? La Luna se ti\u00f1\u00f3 de rojo en un espectacular eclipse total lunar - Fuentes Fidedignas<\/title>\n<meta name=\"robots\" content=\"index, follow, max-snippet:-1, max-image-preview:large, max-video-preview:-1\" \/>\n<link rel=\"canonical\" href=\"https:\/\/fuentesfidedignas.com.mx\/index.php\/2022\/05\/16\/lo-viste-la-luna-se-tino-de-rojo-en-un-espectacular-eclipse-total-lunar\/\" \/>\n<meta property=\"og:locale\" content=\"es_MX\" \/>\n<meta property=\"og:type\" content=\"article\" \/>\n<meta property=\"og:title\" content=\"\u00bfLo viste? La Luna se ti\u00f1\u00f3 de rojo en un espectacular eclipse total lunar - Fuentes Fidedignas\" \/>\n<meta property=\"og:description\" content=\"El espect\u00e1culo astron\u00f3mico cautiv\u00f3 a millones personas donde la sombra de la Tierra tap\u00f3 nuestro sat\u00e9lite natural. Se pudo observar en casi toda Am\u00e9rica, parte de Europa y \u00c1frica Ciudad de M\u00e9xico.- El eclipse lunar total asombr\u00f3 a quienes tienen la oportunidad de disfrutarlo desde la mayor parte del continente americano, como as\u00ed tambi\u00e9n en [&hellip;]\" \/>\n<meta property=\"og:url\" content=\"https:\/\/fuentesfidedignas.com.mx\/index.php\/2022\/05\/16\/lo-viste-la-luna-se-tino-de-rojo-en-un-espectacular-eclipse-total-lunar\/\" \/>\n<meta property=\"og:site_name\" content=\"Fuentes Fidedignas\" \/>\n<meta property=\"article:publisher\" content=\"https:\/\/www.facebook.com\/Fuentes-Fidedignas-368234489921644\" \/>\n<meta property=\"article:published_time\" content=\"2022-05-16T12:23:18+00:00\" \/>\n<meta property=\"article:modified_time\" content=\"2022-05-16T12:23:19+00:00\" \/>\n<meta property=\"og:image\" content=\"https:\/\/fuentesfidedignas.com.mx\/wp-content\/uploads\/2022\/05\/ECLIPSE_LUNA.jpg\" \/>\n\t<meta property=\"og:image:width\" content=\"1200\" \/>\n\t<meta property=\"og:image:height\" content=\"900\" \/>\n\t<meta property=\"og:image:type\" content=\"image\/jpeg\" \/>\n<meta name=\"author\" content=\"Infobae\" \/>\n<meta name=\"twitter:card\" content=\"summary_large_image\" \/>\n<meta name=\"twitter:creator\" content=\"@fidedignas\" \/>\n<meta name=\"twitter:site\" content=\"@fidedignas\" \/>\n<meta name=\"twitter:label1\" content=\"Escrito por\" \/>\n\t<meta name=\"twitter:data1\" content=\"Infobae\" \/>\n\t<meta name=\"twitter:label2\" content=\"Tiempo de lectura\" \/>\n\t<meta name=\"twitter:data2\" content=\"4 minutos\" \/>\n<script type=\"application\/ld+json\" class=\"yoast-schema-graph\">{\"@context\":\"https:\\\/\\\/schema.org\",\"@graph\":[{\"@type\":\"Article\",\"@id\":\"https:\\\/\\\/fuentesfidedignas.com.mx\\\/index.php\\\/2022\\\/05\\\/16\\\/lo-viste-la-luna-se-tino-de-rojo-en-un-espectacular-eclipse-total-lunar\\\/#article\",\"isPartOf\":{\"@id\":\"https:\\\/\\\/fuentesfidedignas.com.mx\\\/index.php\\\/2022\\\/05\\\/16\\\/lo-viste-la-luna-se-tino-de-rojo-en-un-espectacular-eclipse-total-lunar\\\/\"},\"author\":{\"name\":\"Infobae\",\"@id\":\"https:\\\/\\\/fuentesfidedignas.com.mx\\\/#\\\/schema\\\/person\\\/8575896a7c1067d352f6c1cd6582c389\"},\"headline\":\"\u00bfLo viste? La Luna se ti\u00f1\u00f3 de rojo en un espectacular eclipse total lunar\",\"datePublished\":\"2022-05-16T12:23:18+00:00\",\"dateModified\":\"2022-05-16T12:23:19+00:00\",\"mainEntityOfPage\":{\"@id\":\"https:\\\/\\\/fuentesfidedignas.com.mx\\\/index.php\\\/2022\\\/05\\\/16\\\/lo-viste-la-luna-se-tino-de-rojo-en-un-espectacular-eclipse-total-lunar\\\/\"},\"wordCount\":737,\"commentCount\":0,\"publisher\":{\"@id\":\"https:\\\/\\\/fuentesfidedignas.com.mx\\\/#organization\"},\"image\":{\"@id\":\"https:\\\/\\\/fuentesfidedignas.com.mx\\\/index.php\\\/2022\\\/05\\\/16\\\/lo-viste-la-luna-se-tino-de-rojo-en-un-espectacular-eclipse-total-lunar\\\/#primaryimage\"},\"thumbnailUrl\":\"https:\\\/\\\/fuentesfidedignas.com.mx\\\/wp-content\\\/uploads\\\/2022\\\/05\\\/ECLIPSE_LUNA.jpg\",\"keywords\":[\"Eclipse\",\"Luna\"],\"articleSection\":[\"NOTICIAS NACIONALES\"],\"inLanguage\":\"es\",\"potentialAction\":[{\"@type\":\"CommentAction\",\"name\":\"Comment\",\"target\":[\"https:\\\/\\\/fuentesfidedignas.com.mx\\\/index.php\\\/2022\\\/05\\\/16\\\/lo-viste-la-luna-se-tino-de-rojo-en-un-espectacular-eclipse-total-lunar\\\/#respond\"]}]},{\"@type\":\"WebPage\",\"@id\":\"https:\\\/\\\/fuentesfidedignas.com.mx\\\/index.php\\\/2022\\\/05\\\/16\\\/lo-viste-la-luna-se-tino-de-rojo-en-un-espectacular-eclipse-total-lunar\\\/\",\"url\":\"https:\\\/\\\/fuentesfidedignas.com.mx\\\/index.php\\\/2022\\\/05\\\/16\\\/lo-viste-la-luna-se-tino-de-rojo-en-un-espectacular-eclipse-total-lunar\\\/\",\"name\":\"\u00bfLo viste? La Luna se ti\u00f1\u00f3 de rojo en un espectacular eclipse total lunar - Fuentes Fidedignas\",\"isPartOf\":{\"@id\":\"https:\\\/\\\/fuentesfidedignas.com.mx\\\/#website\"},\"primaryImageOfPage\":{\"@id\":\"https:\\\/\\\/fuentesfidedignas.com.mx\\\/index.php\\\/2022\\\/05\\\/16\\\/lo-viste-la-luna-se-tino-de-rojo-en-un-espectacular-eclipse-total-lunar\\\/#primaryimage\"},\"image\":{\"@id\":\"https:\\\/\\\/fuentesfidedignas.com.mx\\\/index.php\\\/2022\\\/05\\\/16\\\/lo-viste-la-luna-se-tino-de-rojo-en-un-espectacular-eclipse-total-lunar\\\/#primaryimage\"},\"thumbnailUrl\":\"https:\\\/\\\/fuentesfidedignas.com.mx\\\/wp-content\\\/uploads\\\/2022\\\/05\\\/ECLIPSE_LUNA.jpg\",\"datePublished\":\"2022-05-16T12:23:18+00:00\",\"dateModified\":\"2022-05-16T12:23:19+00:00\",\"breadcrumb\":{\"@id\":\"https:\\\/\\\/fuentesfidedignas.com.mx\\\/index.php\\\/2022\\\/05\\\/16\\\/lo-viste-la-luna-se-tino-de-rojo-en-un-espectacular-eclipse-total-lunar\\\/#breadcrumb\"},\"inLanguage\":\"es\",\"potentialAction\":[{\"@type\":\"ReadAction\",\"target\":[\"https:\\\/\\\/fuentesfidedignas.com.mx\\\/index.php\\\/2022\\\/05\\\/16\\\/lo-viste-la-luna-se-tino-de-rojo-en-un-espectacular-eclipse-total-lunar\\\/\"]}]},{\"@type\":\"ImageObject\",\"inLanguage\":\"es\",\"@id\":\"https:\\\/\\\/fuentesfidedignas.com.mx\\\/index.php\\\/2022\\\/05\\\/16\\\/lo-viste-la-luna-se-tino-de-rojo-en-un-espectacular-eclipse-total-lunar\\\/#primaryimage\",\"url\":\"https:\\\/\\\/fuentesfidedignas.com.mx\\\/wp-content\\\/uploads\\\/2022\\\/05\\\/ECLIPSE_LUNA.jpg\",\"contentUrl\":\"https:\\\/\\\/fuentesfidedignas.com.mx\\\/wp-content\\\/uploads\\\/2022\\\/05\\\/ECLIPSE_LUNA.jpg\",\"width\":1200,\"height\":900},{\"@type\":\"BreadcrumbList\",\"@id\":\"https:\\\/\\\/fuentesfidedignas.com.mx\\\/index.php\\\/2022\\\/05\\\/16\\\/lo-viste-la-luna-se-tino-de-rojo-en-un-espectacular-eclipse-total-lunar\\\/#breadcrumb\",\"itemListElement\":[{\"@type\":\"ListItem\",\"position\":1,\"name\":\"Inicio\",\"item\":\"https:\\\/\\\/fuentesfidedignas.com.mx\\\/\"},{\"@type\":\"ListItem\",\"position\":2,\"name\":\"\u00bfLo viste? La Luna se ti\u00f1\u00f3 de rojo en un espectacular eclipse total lunar\"}]},{\"@type\":\"WebSite\",\"@id\":\"https:\\\/\\\/fuentesfidedignas.com.mx\\\/#website\",\"url\":\"https:\\\/\\\/fuentesfidedignas.com.mx\\\/\",\"name\":\"Fuentes Fidedignas\",\"description\":\"Otro sitio realizado con WordPress\",\"publisher\":{\"@id\":\"https:\\\/\\\/fuentesfidedignas.com.mx\\\/#organization\"},\"potentialAction\":[{\"@type\":\"SearchAction\",\"target\":{\"@type\":\"EntryPoint\",\"urlTemplate\":\"https:\\\/\\\/fuentesfidedignas.com.mx\\\/?s={search_term_string}\"},\"query-input\":{\"@type\":\"PropertyValueSpecification\",\"valueRequired\":true,\"valueName\":\"search_term_string\"}}],\"inLanguage\":\"es\"},{\"@type\":\"Organization\",\"@id\":\"https:\\\/\\\/fuentesfidedignas.com.mx\\\/#organization\",\"name\":\"Fuentes Fidedignas\",\"url\":\"https:\\\/\\\/fuentesfidedignas.com.mx\\\/\",\"logo\":{\"@type\":\"ImageObject\",\"inLanguage\":\"es\",\"@id\":\"https:\\\/\\\/fuentesfidedignas.com.mx\\\/#\\\/schema\\\/logo\\\/image\\\/\",\"url\":\"https:\\\/\\\/fuentesfidedignas.com.mx\\\/wp-content\\\/uploads\\\/2021\\\/04\\\/logo-retina.png\",\"contentUrl\":\"https:\\\/\\\/fuentesfidedignas.com.mx\\\/wp-content\\\/uploads\\\/2021\\\/04\\\/logo-retina.png\",\"width\":280,\"height\":51,\"caption\":\"Fuentes Fidedignas\"},\"image\":{\"@id\":\"https:\\\/\\\/fuentesfidedignas.com.mx\\\/#\\\/schema\\\/logo\\\/image\\\/\"},\"sameAs\":[\"https:\\\/\\\/www.facebook.com\\\/Fuentes-Fidedignas-368234489921644\",\"https:\\\/\\\/x.com\\\/fidedignas\"]},{\"@type\":\"Person\",\"@id\":\"https:\\\/\\\/fuentesfidedignas.com.mx\\\/#\\\/schema\\\/person\\\/8575896a7c1067d352f6c1cd6582c389\",\"name\":\"Infobae\",\"image\":{\"@type\":\"ImageObject\",\"inLanguage\":\"es\",\"@id\":\"https:\\\/\\\/secure.gravatar.com\\\/avatar\\\/e4ec95706f8d1670343f6526fdcec45474bab17475a851434a64ca12b5acba1c?s=96&d=mm&r=g\",\"url\":\"https:\\\/\\\/secure.gravatar.com\\\/avatar\\\/e4ec95706f8d1670343f6526fdcec45474bab17475a851434a64ca12b5acba1c?s=96&d=mm&r=g\",\"contentUrl\":\"https:\\\/\\\/secure.gravatar.com\\\/avatar\\\/e4ec95706f8d1670343f6526fdcec45474bab17475a851434a64ca12b5acba1c?s=96&d=mm&r=g\",\"caption\":\"Infobae\"},\"url\":\"https:\\\/\\\/fuentesfidedignas.com.mx\\\/index.php\\\/author\\\/infobae\\\/\"}]}<\/script>\n<!-- \/ Yoast SEO plugin. -->","yoast_head_json":{"title":"\u00bfLo viste? La Luna se ti\u00f1\u00f3 de rojo en un espectacular eclipse total lunar - Fuentes Fidedignas","robots":{"index":"index","follow":"follow","max-snippet":"max-snippet:-1","max-image-preview":"max-image-preview:large","max-video-preview":"max-video-preview:-1"},"canonical":"https:\/\/fuentesfidedignas.com.mx\/index.php\/2022\/05\/16\/lo-viste-la-luna-se-tino-de-rojo-en-un-espectacular-eclipse-total-lunar\/","og_locale":"es_MX","og_type":"article","og_title":"\u00bfLo viste? La Luna se ti\u00f1\u00f3 de rojo en un espectacular eclipse total lunar - Fuentes Fidedignas","og_description":"El espect\u00e1culo astron\u00f3mico cautiv\u00f3 a millones personas donde la sombra de la Tierra tap\u00f3 nuestro sat\u00e9lite natural. Se pudo observar en casi toda Am\u00e9rica, parte de Europa y \u00c1frica Ciudad de M\u00e9xico.- El eclipse lunar total asombr\u00f3 a quienes tienen la oportunidad de disfrutarlo desde la mayor parte del continente americano, como as\u00ed tambi\u00e9n en [&hellip;]","og_url":"https:\/\/fuentesfidedignas.com.mx\/index.php\/2022\/05\/16\/lo-viste-la-luna-se-tino-de-rojo-en-un-espectacular-eclipse-total-lunar\/","og_site_name":"Fuentes Fidedignas","article_publisher":"https:\/\/www.facebook.com\/Fuentes-Fidedignas-368234489921644","article_published_time":"2022-05-16T12:23:18+00:00","article_modified_time":"2022-05-16T12:23:19+00:00","og_image":[{"width":1200,"height":900,"url":"https:\/\/fuentesfidedignas.com.mx\/wp-content\/uploads\/2022\/05\/ECLIPSE_LUNA.jpg","type":"image\/jpeg"}],"author":"Infobae","twitter_card":"summary_large_image","twitter_creator":"@fidedignas","twitter_site":"@fidedignas","twitter_misc":{"Escrito por":"Infobae","Tiempo de lectura":"4 minutos"},"schema":{"@context":"https:\/\/schema.org","@graph":[{"@type":"Article","@id":"https:\/\/fuentesfidedignas.com.mx\/index.php\/2022\/05\/16\/lo-viste-la-luna-se-tino-de-rojo-en-un-espectacular-eclipse-total-lunar\/#article","isPartOf":{"@id":"https:\/\/fuentesfidedignas.com.mx\/index.php\/2022\/05\/16\/lo-viste-la-luna-se-tino-de-rojo-en-un-espectacular-eclipse-total-lunar\/"},"author":{"name":"Infobae","@id":"https:\/\/fuentesfidedignas.com.mx\/#\/schema\/person\/8575896a7c1067d352f6c1cd6582c389"},"headline":"\u00bfLo viste? La Luna se ti\u00f1\u00f3 de rojo en un espectacular eclipse total lunar","datePublished":"2022-05-16T12:23:18+00:00","dateModified":"2022-05-16T12:23:19+00:00","mainEntityOfPage":{"@id":"https:\/\/fuentesfidedignas.com.mx\/index.php\/2022\/05\/16\/lo-viste-la-luna-se-tino-de-rojo-en-un-espectacular-eclipse-total-lunar\/"},"wordCount":737,"commentCount":0,"publisher":{"@id":"https:\/\/fuentesfidedignas.com.mx\/#organization"},"image":{"@id":"https:\/\/fuentesfidedignas.com.mx\/index.php\/2022\/05\/16\/lo-viste-la-luna-se-tino-de-rojo-en-un-espectacular-eclipse-total-lunar\/#primaryimage"},"thumbnailUrl":"https:\/\/fuentesfidedignas.com.mx\/wp-content\/uploads\/2022\/05\/ECLIPSE_LUNA.jpg","keywords":["Eclipse","Luna"],"articleSection":["NOTICIAS NACIONALES"],"inLanguage":"es","potentialAction":[{"@type":"CommentAction","name":"Comment","target":["https:\/\/fuentesfidedignas.com.mx\/index.php\/2022\/05\/16\/lo-viste-la-luna-se-tino-de-rojo-en-un-espectacular-eclipse-total-lunar\/#respond"]}]},{"@type":"WebPage","@id":"https:\/\/fuentesfidedignas.com.mx\/index.php\/2022\/05\/16\/lo-viste-la-luna-se-tino-de-rojo-en-un-espectacular-eclipse-total-lunar\/","url":"https:\/\/fuentesfidedignas.com.mx\/index.php\/2022\/05\/16\/lo-viste-la-luna-se-tino-de-rojo-en-un-espectacular-eclipse-total-lunar\/","name":"\u00bfLo viste? La Luna se ti\u00f1\u00f3 de rojo en un espectacular eclipse total lunar - Fuentes Fidedignas","isPartOf":{"@id":"https:\/\/fuentesfidedignas.com.mx\/#website"},"primaryImageOfPage":{"@id":"https:\/\/fuentesfidedignas.com.mx\/index.php\/2022\/05\/16\/lo-viste-la-luna-se-tino-de-rojo-en-un-espectacular-eclipse-total-lunar\/#primaryimage"},"image":{"@id":"https:\/\/fuentesfidedignas.com.mx\/index.php\/2022\/05\/16\/lo-viste-la-luna-se-tino-de-rojo-en-un-espectacular-eclipse-total-lunar\/#primaryimage"},"thumbnailUrl":"https:\/\/fuentesfidedignas.com.mx\/wp-content\/uploads\/2022\/05\/ECLIPSE_LUNA.jpg","datePublished":"2022-05-16T12:23:18+00:00","dateModified":"2022-05-16T12:23:19+00:00","breadcrumb":{"@id":"https:\/\/fuentesfidedignas.com.mx\/index.php\/2022\/05\/16\/lo-viste-la-luna-se-tino-de-rojo-en-un-espectacular-eclipse-total-lunar\/#breadcrumb"},"inLanguage":"es","potentialAction":[{"@type":"ReadAction","target":["https:\/\/fuentesfidedignas.com.mx\/index.php\/2022\/05\/16\/lo-viste-la-luna-se-tino-de-rojo-en-un-espectacular-eclipse-total-lunar\/"]}]},{"@type":"ImageObject","inLanguage":"es","@id":"https:\/\/fuentesfidedignas.com.mx\/index.php\/2022\/05\/16\/lo-viste-la-luna-se-tino-de-rojo-en-un-espectacular-eclipse-total-lunar\/#primaryimage","url":"https:\/\/fuentesfidedignas.com.mx\/wp-content\/uploads\/2022\/05\/ECLIPSE_LUNA.jpg","contentUrl":"https:\/\/fuentesfidedignas.com.mx\/wp-content\/uploads\/2022\/05\/ECLIPSE_LUNA.jpg","width":1200,"height":900},{"@type":"BreadcrumbList","@id":"https:\/\/fuentesfidedignas.com.mx\/index.php\/2022\/05\/16\/lo-viste-la-luna-se-tino-de-rojo-en-un-espectacular-eclipse-total-lunar\/#breadcrumb","itemListElement":[{"@type":"ListItem","position":1,"name":"Inicio","item":"https:\/\/fuentesfidedignas.com.mx\/"},{"@type":"ListItem","position":2,"name":"\u00bfLo viste? La Luna se ti\u00f1\u00f3 de rojo en un espectacular eclipse total lunar"}]},{"@type":"WebSite","@id":"https:\/\/fuentesfidedignas.com.mx\/#website","url":"https:\/\/fuentesfidedignas.com.mx\/","name":"Fuentes Fidedignas","description":"Otro sitio realizado con WordPress","publisher":{"@id":"https:\/\/fuentesfidedignas.com.mx\/#organization"},"potentialAction":[{"@type":"SearchAction","target":{"@type":"EntryPoint","urlTemplate":"https:\/\/fuentesfidedignas.com.mx\/?s={search_term_string}"},"query-input":{"@type":"PropertyValueSpecification","valueRequired":true,"valueName":"search_term_string"}}],"inLanguage":"es"},{"@type":"Organization","@id":"https:\/\/fuentesfidedignas.com.mx\/#organization","name":"Fuentes Fidedignas","url":"https:\/\/fuentesfidedignas.com.mx\/","logo":{"@type":"ImageObject","inLanguage":"es","@id":"https:\/\/fuentesfidedignas.com.mx\/#\/schema\/logo\/image\/","url":"https:\/\/fuentesfidedignas.com.mx\/wp-content\/uploads\/2021\/04\/logo-retina.png","contentUrl":"https:\/\/fuentesfidedignas.com.mx\/wp-content\/uploads\/2021\/04\/logo-retina.png","width":280,"height":51,"caption":"Fuentes Fidedignas"},"image":{"@id":"https:\/\/fuentesfidedignas.com.mx\/#\/schema\/logo\/image\/"},"sameAs":["https:\/\/www.facebook.com\/Fuentes-Fidedignas-368234489921644","https:\/\/x.com\/fidedignas"]},{"@type":"Person","@id":"https:\/\/fuentesfidedignas.com.mx\/#\/schema\/person\/8575896a7c1067d352f6c1cd6582c389","name":"Infobae","image":{"@type":"ImageObject","inLanguage":"es","@id":"https:\/\/secure.gravatar.com\/avatar\/e4ec95706f8d1670343f6526fdcec45474bab17475a851434a64ca12b5acba1c?s=96&d=mm&r=g","url":"https:\/\/secure.gravatar.com\/avatar\/e4ec95706f8d1670343f6526fdcec45474bab17475a851434a64ca12b5acba1c?s=96&d=mm&r=g","contentUrl":"https:\/\/secure.gravatar.com\/avatar\/e4ec95706f8d1670343f6526fdcec45474bab17475a851434a64ca12b5acba1c?s=96&d=mm&r=g","caption":"Infobae"},"url":"https:\/\/fuentesfidedignas.com.mx\/index.php\/author\/infobae\/"}]}},"_links":{"self":[{"href":"https:\/\/fuentesfidedignas.com.mx\/index.php\/wp-json\/wp\/v2\/posts\/31415","targetHints":{"allow":["GET"]}}],"collection":[{"href":"https:\/\/fuentesfidedignas.com.mx\/index.php\/wp-json\/wp\/v2\/posts"}],"about":[{"href":"https:\/\/fuentesfidedignas.com.mx\/index.php\/wp-json\/wp\/v2\/types\/post"}],"author":[{"embeddable":true,"href":"https:\/\/fuentesfidedignas.com.mx\/index.php\/wp-json\/wp\/v2\/users\/41"}],"replies":[{"embeddable":true,"href":"https:\/\/fuentesfidedignas.com.mx\/index.php\/wp-json\/wp\/v2\/comments?post=31415"}],"version-history":[{"count":1,"href":"https:\/\/fuentesfidedignas.com.mx\/index.php\/wp-json\/wp\/v2\/posts\/31415\/revisions"}],"predecessor-version":[{"id":31417,"href":"https:\/\/fuentesfidedignas.com.mx\/index.php\/wp-json\/wp\/v2\/posts\/31415\/revisions\/31417"}],"wp:featuredmedia":[{"embeddable":true,"href":"https:\/\/fuentesfidedignas.com.mx\/index.php\/wp-json\/wp\/v2\/media\/31416"}],"wp:attachment":[{"href":"https:\/\/fuentesfidedignas.com.mx\/index.php\/wp-json\/wp\/v2\/media?parent=31415"}],"wp:term":[{"taxonomy":"category","embeddable":true,"href":"https:\/\/fuentesfidedignas.com.mx\/index.php\/wp-json\/wp\/v2\/categories?post=31415"},{"taxonomy":"post_tag","embeddable":true,"href":"https:\/\/fuentesfidedignas.com.mx\/index.php\/wp-json\/wp\/v2\/tags?post=31415"}],"curies":[{"name":"wp","href":"https:\/\/api.w.org\/{rel}","templated":true}]}}