{"id":31380,"date":"2022-05-15T17:51:15","date_gmt":"2022-05-15T23:51:15","guid":{"rendered":"https:\/\/fuentesfidedignas.com.mx\/?p=31380"},"modified":"2022-05-15T17:51:17","modified_gmt":"2022-05-15T23:51:17","slug":"piden-castigo-para-autor-intelectual-del-asesinato-de-javier-valdez","status":"publish","type":"post","link":"https:\/\/fuentesfidedignas.com.mx\/index.php\/2022\/05\/15\/piden-castigo-para-autor-intelectual-del-asesinato-de-javier-valdez\/","title":{"rendered":"Piden castigo para autor intelectual del asesinato de Javier Valdez"},"content":{"rendered":"\n<p><strong><em>Familiares, organizaciones civiles y comunicadores exigieron que el asesinato del periodista<\/em><\/strong><a href=\"https:\/\/www.facebook.com\/sharer\/sharer.php?u=https%3A\/\/www.jornada.com.mx\/notas\/2022\/05\/15\/politica\/piden-castigo-para-autor-intelectual-del-asesinado-de-javier-valdez\/\" target=\"_blank\" rel=\"noreferrer noopener\"><\/a><a href=\"https:\/\/twitter.com\/intent\/tweet?text=Piden%20castigo%20para%20autor%20intelectual%20del%20asesinato%20de%20Javier%20Valdez&amp;url=https%3A\/\/www.jornada.com.mx\/notas\/2022\/05\/15\/politica\/piden-castigo-para-autor-intelectual-del-asesinado-de-javier-valdez\/&amp;hashtags=#javier#valdez#asesinato#javier#valdez#aniversario#luctuoso\" target=\"_blank\" rel=\"noreferrer noopener\"><\/a><a href=\"https:\/\/sharetodiaspora.github.io\/?title=Piden%20castigo%20para%20autor%20intelectual%20del%20asesinato%20de%20Javier%20Valdez&amp;url=https%3A\/\/www.jornada.com.mx\/notas\/2022\/05\/15\/politica\/piden-castigo-para-autor-intelectual-del-asesinado-de-javier-valdez\/\"><\/a><a href=\"https:\/\/www.reddit.com\/submit?url=https%3A\/\/www.jornada.com.mx\/notas\/2022\/05\/15\/politica\/piden-castigo-para-autor-intelectual-del-asesinado-de-javier-valdez\/&amp;title=Piden%20castigo%20para%20autor%20intelectual%20del%20asesinato%20de%20Javier%20Valdez\"><\/a><a href=\"https:\/\/www.linkedin.com\/shareArticle?mini=true&amp;url=https%3A\/\/www.jornada.com.mx\/notas\/2022\/05\/15\/politica\/piden-castigo-para-autor-intelectual-del-asesinado-de-javier-valdez\/&amp;title=Piden%20castigo%20para%20autor%20intelectual%20del%20asesinato%20de%20Javier%20Valdez&amp;summary=Homenaje%20en%20Culiac%C3%A1n%20al%20corresponsal%20de%20%27La%20Jornada%27%2C%20en%20el%20quinto%20aniversario%20del%20homicidio&amp;source=https%3A\/\/www.jornada.com.mx\/notas\/2022\/05\/15\/politica\/piden-castigo-para-autor-intelectual-del-asesinado-de-javier-valdez\/\"><\/a><a href=\"mailto:?subject=Piden%20castigo%20para%20autor%20intelectual%20del%20asesinato%20de%20Javier%20Valdez&amp;body=https%3A\/\/www.jornada.com.mx\/notas\/2022\/05\/15\/politica\/piden-castigo-para-autor-intelectual-del-asesinado-de-javier-valdez\/\"><\/a><\/p>\n\n\n\n<p>Culiac\u00e1n, Sin<em>.<\/em>&#8211;\u00a0Familiares, organizaciones civiles y comunicadores exigieron que el asesinato del periodista Javier Valdez C\u00e1rdenas sea resuelto totalmente, e hicieron un llamado a las autoridades para que D\u00e1maso L\u00f3pez Serrano, alias\u00a0<em>El Mini Lic<\/em>, identificado como presunto autor intelectual del homicidio, sea presentado ante los tribunales en M\u00e9xico y pueda ser juzgado.<\/p>\n\n\n\n<p>En el quinto aniversario del asesinato de quien fuera corresponsal de&nbsp;<em>La Jornada<\/em>&nbsp;y autor de varios libros como&nbsp;<em>Malayerba<\/em>,&nbsp;<em>Miss Narco<\/em>&nbsp;y&nbsp;<em>Narco Periodismo<\/em>, familiares y amigos se reunieron para llevarle una ofrenda floral a una efigie del periodista, que se ubica a un costado de la catedral de Culiac\u00e1n.<\/p>\n\n\n\n<p>Griselda Triana, viuda de Javier Valdez, dijo que a pesar de que hay dos personas sentenciadas por el asesinato, D\u00e1maso L\u00f3pez, el presunto autor intelectual, tiene altas posibilidades de ser designado como testigo protegido en Estados Unidos, donde actualmente se encuentra recluido en una prisi\u00f3n por delitos relacionados al tr\u00e1fico de drogas.<\/p>\n\n\n\n<p>\u201cEstamos en una etapa muy delicada en el proceso del caso de Javier, que pareciera que el autor intelectual no ser\u00e1 llevado ante la justicia por ordenar el crimen, es un individuo que tiene posibilidades amplias de ser testigo protegido en Estados Unidos, saber que esto puede ocurrir es como si vinieran a escupirme la cara\u201d, dijo Triana.<\/p>\n\n\n\n<p>Durante la protesta por la imparable ola de asesinatos de comunicadores, Griselda estuvo acompa\u00f1ada por Brisa Breach Veld\u00facea, hermana de la periodista Miroslava Breach Velducea, quien tambi\u00e9n era corresponsal de&nbsp;<em>La Jornada<\/em>, asesinada en marzo de 2017.<\/p>\n\n\n\n<p>\u201cHago tambi\u00e9n llegar un abrazo solidario a la familia de Luis Enrique Ram\u00edrez Ramos, ultimado recientemente aqu\u00ed mismo en Culiac\u00e1n. Como familias v\u00edctimas de la violencia contra periodistas, sabemos del dolor, de la impotencia al no comprender la injusticia de asesinar a hombres y mujeres por hacer su trabajo\u201d, dijo Griselda Triana.<\/p>\n\n\n\n<p>En el quinto aniversario del asesinato de quien fuera corresponsal de&nbsp;<em>La Jornada<\/em>&nbsp;y autor de varios libros como&nbsp;<em>Malayerba<\/em>,&nbsp;<em>Miss Narco<\/em>&nbsp;y&nbsp;<em>Narco Periodismo<\/em>, familiares y amigos se reunieron para llevarle una ofrenda floral a una efigie del periodista, que se ubica a un costado de la catedral de Culiac\u00e1n.<\/p>\n\n\n\n<p>Griselda Triana, viuda de Javier Valdez, dijo que a pesar de que hay dos personas sentenciadas por el asesinato, D\u00e1maso L\u00f3pez, el presunto autor intelectual, tiene altas posibilidades de ser designado como testigo protegido en Estados Unidos, donde actualmente se encuentra recluido en una prisi\u00f3n por delitos relacionados al tr\u00e1fico de drogas.<\/p>\n\n\n\n<p>\u201cEstamos en una etapa muy delicada en el proceso del caso de Javier, que pareciera que el autor intelectual no ser\u00e1 llevado ante la justicia por ordenar el crimen, es un individuo que tiene posibilidades amplias de ser testigo protegido en Estados Unidos, saber que esto puede ocurrir es como si vinieran a escupirme la cara\u201d, dijo Triana.<\/p>\n\n\n\n<p>Durante la protesta por la imparable ola de asesinatos de comunicadores, Griselda estuvo acompa\u00f1ada por Brisa Breach Veld\u00facea, hermana de la periodista Miroslava Breach Velducea, quien tambi\u00e9n era corresponsal de&nbsp;<em>La Jornada<\/em>, asesinada en marzo de 2017.<\/p>\n\n\n\n<p>\u201cHago tambi\u00e9n llegar un abrazo solidario a la familia de Luis Enrique Ram\u00edrez Ramos, ultimado recientemente aqu\u00ed mismo en Culiac\u00e1n. Como familias v\u00edctimas de la violencia contra periodistas, sabemos del dolor, de la impotencia al no comprender la injusticia de asesinar a hombres y mujeres por hacer su trabajo\u201d, dijo Griselda Triana.<\/p>\n","protected":false},"excerpt":{"rendered":"<p>Familiares, organizaciones civiles y comunicadores exigieron que el asesinato del periodista Culiac\u00e1n, Sin.&#8211;\u00a0Familiares, organizaciones civiles y comunicadores exigieron que el asesinato del periodista Javier Valdez C\u00e1rdenas sea resuelto totalmente, e hicieron un llamado a las autoridades para que D\u00e1maso L\u00f3pez Serrano, alias\u00a0El Mini Lic, identificado como presunto autor intelectual del homicidio, sea presentado ante los [&hellip;]<\/p>\n","protected":false},"author":45,"featured_media":31381,"comment_status":"open","ping_status":"open","sticky":false,"template":"","format":"standard","meta":{"tdm_status":"","tdm_grid_status":"","footnotes":""},"categories":[38],"tags":[],"class_list":{"0":"post-31380","1":"post","2":"type-post","3":"status-publish","4":"format-standard","5":"has-post-thumbnail","7":"category-noticias-locales"},"yoast_head":"<!-- This site is optimized with the Yoast SEO plugin v27.4 - https:\/\/yoast.com\/product\/yoast-seo-wordpress\/ -->\n<title>Piden castigo para autor intelectual del asesinato de Javier Valdez - Fuentes Fidedignas<\/title>\n<meta name=\"robots\" content=\"index, follow, max-snippet:-1, max-image-preview:large, max-video-preview:-1\" \/>\n<link rel=\"canonical\" href=\"https:\/\/fuentesfidedignas.com.mx\/index.php\/2022\/05\/15\/piden-castigo-para-autor-intelectual-del-asesinato-de-javier-valdez\/\" \/>\n<meta property=\"og:locale\" content=\"es_MX\" \/>\n<meta property=\"og:type\" content=\"article\" \/>\n<meta property=\"og:title\" content=\"Piden castigo para autor intelectual del asesinato de Javier Valdez - Fuentes Fidedignas\" \/>\n<meta property=\"og:description\" content=\"Familiares, organizaciones civiles y comunicadores exigieron que el asesinato del periodista Culiac\u00e1n, Sin.&#8211;\u00a0Familiares, organizaciones civiles y comunicadores exigieron que el asesinato del periodista Javier Valdez C\u00e1rdenas sea resuelto totalmente, e hicieron un llamado a las autoridades para que D\u00e1maso L\u00f3pez Serrano, alias\u00a0El Mini Lic, identificado como presunto autor intelectual del homicidio, sea presentado ante los [&hellip;]\" \/>\n<meta property=\"og:url\" content=\"https:\/\/fuentesfidedignas.com.mx\/index.php\/2022\/05\/15\/piden-castigo-para-autor-intelectual-del-asesinato-de-javier-valdez\/\" \/>\n<meta property=\"og:site_name\" content=\"Fuentes Fidedignas\" \/>\n<meta property=\"article:publisher\" content=\"https:\/\/www.facebook.com\/Fuentes-Fidedignas-368234489921644\" \/>\n<meta property=\"article:published_time\" content=\"2022-05-15T23:51:15+00:00\" \/>\n<meta property=\"article:modified_time\" content=\"2022-05-15T23:51:17+00:00\" \/>\n<meta property=\"og:image\" content=\"https:\/\/fuentesfidedignas.com.mx\/wp-content\/uploads\/2022\/05\/PROTESTA_JAIER.jpg\" \/>\n\t<meta property=\"og:image:width\" content=\"1117\" \/>\n\t<meta property=\"og:image:height\" content=\"837\" \/>\n\t<meta property=\"og:image:type\" content=\"image\/jpeg\" \/>\n<meta name=\"author\" content=\"La Jornada\" \/>\n<meta name=\"twitter:card\" content=\"summary_large_image\" \/>\n<meta name=\"twitter:creator\" content=\"@fidedignas\" \/>\n<meta name=\"twitter:site\" content=\"@fidedignas\" \/>\n<meta name=\"twitter:label1\" content=\"Escrito por\" \/>\n\t<meta name=\"twitter:data1\" content=\"La Jornada\" \/>\n\t<meta name=\"twitter:label2\" content=\"Tiempo de lectura\" \/>\n\t<meta name=\"twitter:data2\" content=\"3 minutos\" \/>\n<script type=\"application\/ld+json\" class=\"yoast-schema-graph\">{\"@context\":\"https:\\\/\\\/schema.org\",\"@graph\":[{\"@type\":\"Article\",\"@id\":\"https:\\\/\\\/fuentesfidedignas.com.mx\\\/index.php\\\/2022\\\/05\\\/15\\\/piden-castigo-para-autor-intelectual-del-asesinato-de-javier-valdez\\\/#article\",\"isPartOf\":{\"@id\":\"https:\\\/\\\/fuentesfidedignas.com.mx\\\/index.php\\\/2022\\\/05\\\/15\\\/piden-castigo-para-autor-intelectual-del-asesinato-de-javier-valdez\\\/\"},\"author\":{\"name\":\"La Jornada\",\"@id\":\"https:\\\/\\\/fuentesfidedignas.com.mx\\\/#\\\/schema\\\/person\\\/87eacee4072e149fccc7de67f9634f35\"},\"headline\":\"Piden castigo para autor intelectual del asesinato de Javier Valdez\",\"datePublished\":\"2022-05-15T23:51:15+00:00\",\"dateModified\":\"2022-05-15T23:51:17+00:00\",\"mainEntityOfPage\":{\"@id\":\"https:\\\/\\\/fuentesfidedignas.com.mx\\\/index.php\\\/2022\\\/05\\\/15\\\/piden-castigo-para-autor-intelectual-del-asesinato-de-javier-valdez\\\/\"},\"wordCount\":616,\"commentCount\":0,\"publisher\":{\"@id\":\"https:\\\/\\\/fuentesfidedignas.com.mx\\\/#organization\"},\"image\":{\"@id\":\"https:\\\/\\\/fuentesfidedignas.com.mx\\\/index.php\\\/2022\\\/05\\\/15\\\/piden-castigo-para-autor-intelectual-del-asesinato-de-javier-valdez\\\/#primaryimage\"},\"thumbnailUrl\":\"https:\\\/\\\/fuentesfidedignas.com.mx\\\/wp-content\\\/uploads\\\/2022\\\/05\\\/PROTESTA_JAIER.jpg\",\"articleSection\":[\"NOTICIAS LOCALES\"],\"inLanguage\":\"es\",\"potentialAction\":[{\"@type\":\"CommentAction\",\"name\":\"Comment\",\"target\":[\"https:\\\/\\\/fuentesfidedignas.com.mx\\\/index.php\\\/2022\\\/05\\\/15\\\/piden-castigo-para-autor-intelectual-del-asesinato-de-javier-valdez\\\/#respond\"]}]},{\"@type\":\"WebPage\",\"@id\":\"https:\\\/\\\/fuentesfidedignas.com.mx\\\/index.php\\\/2022\\\/05\\\/15\\\/piden-castigo-para-autor-intelectual-del-asesinato-de-javier-valdez\\\/\",\"url\":\"https:\\\/\\\/fuentesfidedignas.com.mx\\\/index.php\\\/2022\\\/05\\\/15\\\/piden-castigo-para-autor-intelectual-del-asesinato-de-javier-valdez\\\/\",\"name\":\"Piden castigo para autor intelectual del asesinato de Javier Valdez - Fuentes Fidedignas\",\"isPartOf\":{\"@id\":\"https:\\\/\\\/fuentesfidedignas.com.mx\\\/#website\"},\"primaryImageOfPage\":{\"@id\":\"https:\\\/\\\/fuentesfidedignas.com.mx\\\/index.php\\\/2022\\\/05\\\/15\\\/piden-castigo-para-autor-intelectual-del-asesinato-de-javier-valdez\\\/#primaryimage\"},\"image\":{\"@id\":\"https:\\\/\\\/fuentesfidedignas.com.mx\\\/index.php\\\/2022\\\/05\\\/15\\\/piden-castigo-para-autor-intelectual-del-asesinato-de-javier-valdez\\\/#primaryimage\"},\"thumbnailUrl\":\"https:\\\/\\\/fuentesfidedignas.com.mx\\\/wp-content\\\/uploads\\\/2022\\\/05\\\/PROTESTA_JAIER.jpg\",\"datePublished\":\"2022-05-15T23:51:15+00:00\",\"dateModified\":\"2022-05-15T23:51:17+00:00\",\"breadcrumb\":{\"@id\":\"https:\\\/\\\/fuentesfidedignas.com.mx\\\/index.php\\\/2022\\\/05\\\/15\\\/piden-castigo-para-autor-intelectual-del-asesinato-de-javier-valdez\\\/#breadcrumb\"},\"inLanguage\":\"es\",\"potentialAction\":[{\"@type\":\"ReadAction\",\"target\":[\"https:\\\/\\\/fuentesfidedignas.com.mx\\\/index.php\\\/2022\\\/05\\\/15\\\/piden-castigo-para-autor-intelectual-del-asesinato-de-javier-valdez\\\/\"]}]},{\"@type\":\"ImageObject\",\"inLanguage\":\"es\",\"@id\":\"https:\\\/\\\/fuentesfidedignas.com.mx\\\/index.php\\\/2022\\\/05\\\/15\\\/piden-castigo-para-autor-intelectual-del-asesinato-de-javier-valdez\\\/#primaryimage\",\"url\":\"https:\\\/\\\/fuentesfidedignas.com.mx\\\/wp-content\\\/uploads\\\/2022\\\/05\\\/PROTESTA_JAIER.jpg\",\"contentUrl\":\"https:\\\/\\\/fuentesfidedignas.com.mx\\\/wp-content\\\/uploads\\\/2022\\\/05\\\/PROTESTA_JAIER.jpg\",\"width\":1117,\"height\":837},{\"@type\":\"BreadcrumbList\",\"@id\":\"https:\\\/\\\/fuentesfidedignas.com.mx\\\/index.php\\\/2022\\\/05\\\/15\\\/piden-castigo-para-autor-intelectual-del-asesinato-de-javier-valdez\\\/#breadcrumb\",\"itemListElement\":[{\"@type\":\"ListItem\",\"position\":1,\"name\":\"Inicio\",\"item\":\"https:\\\/\\\/fuentesfidedignas.com.mx\\\/\"},{\"@type\":\"ListItem\",\"position\":2,\"name\":\"Piden castigo para autor intelectual del asesinato de Javier Valdez\"}]},{\"@type\":\"WebSite\",\"@id\":\"https:\\\/\\\/fuentesfidedignas.com.mx\\\/#website\",\"url\":\"https:\\\/\\\/fuentesfidedignas.com.mx\\\/\",\"name\":\"Fuentes Fidedignas\",\"description\":\"Otro sitio realizado con WordPress\",\"publisher\":{\"@id\":\"https:\\\/\\\/fuentesfidedignas.com.mx\\\/#organization\"},\"potentialAction\":[{\"@type\":\"SearchAction\",\"target\":{\"@type\":\"EntryPoint\",\"urlTemplate\":\"https:\\\/\\\/fuentesfidedignas.com.mx\\\/?s={search_term_string}\"},\"query-input\":{\"@type\":\"PropertyValueSpecification\",\"valueRequired\":true,\"valueName\":\"search_term_string\"}}],\"inLanguage\":\"es\"},{\"@type\":\"Organization\",\"@id\":\"https:\\\/\\\/fuentesfidedignas.com.mx\\\/#organization\",\"name\":\"Fuentes Fidedignas\",\"url\":\"https:\\\/\\\/fuentesfidedignas.com.mx\\\/\",\"logo\":{\"@type\":\"ImageObject\",\"inLanguage\":\"es\",\"@id\":\"https:\\\/\\\/fuentesfidedignas.com.mx\\\/#\\\/schema\\\/logo\\\/image\\\/\",\"url\":\"https:\\\/\\\/fuentesfidedignas.com.mx\\\/wp-content\\\/uploads\\\/2021\\\/04\\\/logo-retina.png\",\"contentUrl\":\"https:\\\/\\\/fuentesfidedignas.com.mx\\\/wp-content\\\/uploads\\\/2021\\\/04\\\/logo-retina.png\",\"width\":280,\"height\":51,\"caption\":\"Fuentes Fidedignas\"},\"image\":{\"@id\":\"https:\\\/\\\/fuentesfidedignas.com.mx\\\/#\\\/schema\\\/logo\\\/image\\\/\"},\"sameAs\":[\"https:\\\/\\\/www.facebook.com\\\/Fuentes-Fidedignas-368234489921644\",\"https:\\\/\\\/x.com\\\/fidedignas\"]},{\"@type\":\"Person\",\"@id\":\"https:\\\/\\\/fuentesfidedignas.com.mx\\\/#\\\/schema\\\/person\\\/87eacee4072e149fccc7de67f9634f35\",\"name\":\"La Jornada\",\"image\":{\"@type\":\"ImageObject\",\"inLanguage\":\"es\",\"@id\":\"https:\\\/\\\/secure.gravatar.com\\\/avatar\\\/2b09f15a418e222775ffd645761e3fcecd1fb9d7a38a3ba858adf349aab82c7c?s=96&d=mm&r=g\",\"url\":\"https:\\\/\\\/secure.gravatar.com\\\/avatar\\\/2b09f15a418e222775ffd645761e3fcecd1fb9d7a38a3ba858adf349aab82c7c?s=96&d=mm&r=g\",\"contentUrl\":\"https:\\\/\\\/secure.gravatar.com\\\/avatar\\\/2b09f15a418e222775ffd645761e3fcecd1fb9d7a38a3ba858adf349aab82c7c?s=96&d=mm&r=g\",\"caption\":\"La Jornada\"},\"url\":\"https:\\\/\\\/fuentesfidedignas.com.mx\\\/index.php\\\/author\\\/jornada\\\/\"}]}<\/script>\n<!-- \/ Yoast SEO plugin. -->","yoast_head_json":{"title":"Piden castigo para autor intelectual del asesinato de Javier Valdez - Fuentes Fidedignas","robots":{"index":"index","follow":"follow","max-snippet":"max-snippet:-1","max-image-preview":"max-image-preview:large","max-video-preview":"max-video-preview:-1"},"canonical":"https:\/\/fuentesfidedignas.com.mx\/index.php\/2022\/05\/15\/piden-castigo-para-autor-intelectual-del-asesinato-de-javier-valdez\/","og_locale":"es_MX","og_type":"article","og_title":"Piden castigo para autor intelectual del asesinato de Javier Valdez - Fuentes Fidedignas","og_description":"Familiares, organizaciones civiles y comunicadores exigieron que el asesinato del periodista Culiac\u00e1n, Sin.&#8211;\u00a0Familiares, organizaciones civiles y comunicadores exigieron que el asesinato del periodista Javier Valdez C\u00e1rdenas sea resuelto totalmente, e hicieron un llamado a las autoridades para que D\u00e1maso L\u00f3pez Serrano, alias\u00a0El Mini Lic, identificado como presunto autor intelectual del homicidio, sea presentado ante los [&hellip;]","og_url":"https:\/\/fuentesfidedignas.com.mx\/index.php\/2022\/05\/15\/piden-castigo-para-autor-intelectual-del-asesinato-de-javier-valdez\/","og_site_name":"Fuentes Fidedignas","article_publisher":"https:\/\/www.facebook.com\/Fuentes-Fidedignas-368234489921644","article_published_time":"2022-05-15T23:51:15+00:00","article_modified_time":"2022-05-15T23:51:17+00:00","og_image":[{"width":1117,"height":837,"url":"https:\/\/fuentesfidedignas.com.mx\/wp-content\/uploads\/2022\/05\/PROTESTA_JAIER.jpg","type":"image\/jpeg"}],"author":"La Jornada","twitter_card":"summary_large_image","twitter_creator":"@fidedignas","twitter_site":"@fidedignas","twitter_misc":{"Escrito por":"La Jornada","Tiempo de lectura":"3 minutos"},"schema":{"@context":"https:\/\/schema.org","@graph":[{"@type":"Article","@id":"https:\/\/fuentesfidedignas.com.mx\/index.php\/2022\/05\/15\/piden-castigo-para-autor-intelectual-del-asesinato-de-javier-valdez\/#article","isPartOf":{"@id":"https:\/\/fuentesfidedignas.com.mx\/index.php\/2022\/05\/15\/piden-castigo-para-autor-intelectual-del-asesinato-de-javier-valdez\/"},"author":{"name":"La Jornada","@id":"https:\/\/fuentesfidedignas.com.mx\/#\/schema\/person\/87eacee4072e149fccc7de67f9634f35"},"headline":"Piden castigo para autor intelectual del asesinato de Javier Valdez","datePublished":"2022-05-15T23:51:15+00:00","dateModified":"2022-05-15T23:51:17+00:00","mainEntityOfPage":{"@id":"https:\/\/fuentesfidedignas.com.mx\/index.php\/2022\/05\/15\/piden-castigo-para-autor-intelectual-del-asesinato-de-javier-valdez\/"},"wordCount":616,"commentCount":0,"publisher":{"@id":"https:\/\/fuentesfidedignas.com.mx\/#organization"},"image":{"@id":"https:\/\/fuentesfidedignas.com.mx\/index.php\/2022\/05\/15\/piden-castigo-para-autor-intelectual-del-asesinato-de-javier-valdez\/#primaryimage"},"thumbnailUrl":"https:\/\/fuentesfidedignas.com.mx\/wp-content\/uploads\/2022\/05\/PROTESTA_JAIER.jpg","articleSection":["NOTICIAS LOCALES"],"inLanguage":"es","potentialAction":[{"@type":"CommentAction","name":"Comment","target":["https:\/\/fuentesfidedignas.com.mx\/index.php\/2022\/05\/15\/piden-castigo-para-autor-intelectual-del-asesinato-de-javier-valdez\/#respond"]}]},{"@type":"WebPage","@id":"https:\/\/fuentesfidedignas.com.mx\/index.php\/2022\/05\/15\/piden-castigo-para-autor-intelectual-del-asesinato-de-javier-valdez\/","url":"https:\/\/fuentesfidedignas.com.mx\/index.php\/2022\/05\/15\/piden-castigo-para-autor-intelectual-del-asesinato-de-javier-valdez\/","name":"Piden castigo para autor intelectual del asesinato de Javier Valdez - Fuentes Fidedignas","isPartOf":{"@id":"https:\/\/fuentesfidedignas.com.mx\/#website"},"primaryImageOfPage":{"@id":"https:\/\/fuentesfidedignas.com.mx\/index.php\/2022\/05\/15\/piden-castigo-para-autor-intelectual-del-asesinato-de-javier-valdez\/#primaryimage"},"image":{"@id":"https:\/\/fuentesfidedignas.com.mx\/index.php\/2022\/05\/15\/piden-castigo-para-autor-intelectual-del-asesinato-de-javier-valdez\/#primaryimage"},"thumbnailUrl":"https:\/\/fuentesfidedignas.com.mx\/wp-content\/uploads\/2022\/05\/PROTESTA_JAIER.jpg","datePublished":"2022-05-15T23:51:15+00:00","dateModified":"2022-05-15T23:51:17+00:00","breadcrumb":{"@id":"https:\/\/fuentesfidedignas.com.mx\/index.php\/2022\/05\/15\/piden-castigo-para-autor-intelectual-del-asesinato-de-javier-valdez\/#breadcrumb"},"inLanguage":"es","potentialAction":[{"@type":"ReadAction","target":["https:\/\/fuentesfidedignas.com.mx\/index.php\/2022\/05\/15\/piden-castigo-para-autor-intelectual-del-asesinato-de-javier-valdez\/"]}]},{"@type":"ImageObject","inLanguage":"es","@id":"https:\/\/fuentesfidedignas.com.mx\/index.php\/2022\/05\/15\/piden-castigo-para-autor-intelectual-del-asesinato-de-javier-valdez\/#primaryimage","url":"https:\/\/fuentesfidedignas.com.mx\/wp-content\/uploads\/2022\/05\/PROTESTA_JAIER.jpg","contentUrl":"https:\/\/fuentesfidedignas.com.mx\/wp-content\/uploads\/2022\/05\/PROTESTA_JAIER.jpg","width":1117,"height":837},{"@type":"BreadcrumbList","@id":"https:\/\/fuentesfidedignas.com.mx\/index.php\/2022\/05\/15\/piden-castigo-para-autor-intelectual-del-asesinato-de-javier-valdez\/#breadcrumb","itemListElement":[{"@type":"ListItem","position":1,"name":"Inicio","item":"https:\/\/fuentesfidedignas.com.mx\/"},{"@type":"ListItem","position":2,"name":"Piden castigo para autor intelectual del asesinato de Javier Valdez"}]},{"@type":"WebSite","@id":"https:\/\/fuentesfidedignas.com.mx\/#website","url":"https:\/\/fuentesfidedignas.com.mx\/","name":"Fuentes Fidedignas","description":"Otro sitio realizado con WordPress","publisher":{"@id":"https:\/\/fuentesfidedignas.com.mx\/#organization"},"potentialAction":[{"@type":"SearchAction","target":{"@type":"EntryPoint","urlTemplate":"https:\/\/fuentesfidedignas.com.mx\/?s={search_term_string}"},"query-input":{"@type":"PropertyValueSpecification","valueRequired":true,"valueName":"search_term_string"}}],"inLanguage":"es"},{"@type":"Organization","@id":"https:\/\/fuentesfidedignas.com.mx\/#organization","name":"Fuentes Fidedignas","url":"https:\/\/fuentesfidedignas.com.mx\/","logo":{"@type":"ImageObject","inLanguage":"es","@id":"https:\/\/fuentesfidedignas.com.mx\/#\/schema\/logo\/image\/","url":"https:\/\/fuentesfidedignas.com.mx\/wp-content\/uploads\/2021\/04\/logo-retina.png","contentUrl":"https:\/\/fuentesfidedignas.com.mx\/wp-content\/uploads\/2021\/04\/logo-retina.png","width":280,"height":51,"caption":"Fuentes Fidedignas"},"image":{"@id":"https:\/\/fuentesfidedignas.com.mx\/#\/schema\/logo\/image\/"},"sameAs":["https:\/\/www.facebook.com\/Fuentes-Fidedignas-368234489921644","https:\/\/x.com\/fidedignas"]},{"@type":"Person","@id":"https:\/\/fuentesfidedignas.com.mx\/#\/schema\/person\/87eacee4072e149fccc7de67f9634f35","name":"La Jornada","image":{"@type":"ImageObject","inLanguage":"es","@id":"https:\/\/secure.gravatar.com\/avatar\/2b09f15a418e222775ffd645761e3fcecd1fb9d7a38a3ba858adf349aab82c7c?s=96&d=mm&r=g","url":"https:\/\/secure.gravatar.com\/avatar\/2b09f15a418e222775ffd645761e3fcecd1fb9d7a38a3ba858adf349aab82c7c?s=96&d=mm&r=g","contentUrl":"https:\/\/secure.gravatar.com\/avatar\/2b09f15a418e222775ffd645761e3fcecd1fb9d7a38a3ba858adf349aab82c7c?s=96&d=mm&r=g","caption":"La Jornada"},"url":"https:\/\/fuentesfidedignas.com.mx\/index.php\/author\/jornada\/"}]}},"_links":{"self":[{"href":"https:\/\/fuentesfidedignas.com.mx\/index.php\/wp-json\/wp\/v2\/posts\/31380","targetHints":{"allow":["GET"]}}],"collection":[{"href":"https:\/\/fuentesfidedignas.com.mx\/index.php\/wp-json\/wp\/v2\/posts"}],"about":[{"href":"https:\/\/fuentesfidedignas.com.mx\/index.php\/wp-json\/wp\/v2\/types\/post"}],"author":[{"embeddable":true,"href":"https:\/\/fuentesfidedignas.com.mx\/index.php\/wp-json\/wp\/v2\/users\/45"}],"replies":[{"embeddable":true,"href":"https:\/\/fuentesfidedignas.com.mx\/index.php\/wp-json\/wp\/v2\/comments?post=31380"}],"version-history":[{"count":1,"href":"https:\/\/fuentesfidedignas.com.mx\/index.php\/wp-json\/wp\/v2\/posts\/31380\/revisions"}],"predecessor-version":[{"id":31382,"href":"https:\/\/fuentesfidedignas.com.mx\/index.php\/wp-json\/wp\/v2\/posts\/31380\/revisions\/31382"}],"wp:featuredmedia":[{"embeddable":true,"href":"https:\/\/fuentesfidedignas.com.mx\/index.php\/wp-json\/wp\/v2\/media\/31381"}],"wp:attachment":[{"href":"https:\/\/fuentesfidedignas.com.mx\/index.php\/wp-json\/wp\/v2\/media?parent=31380"}],"wp:term":[{"taxonomy":"category","embeddable":true,"href":"https:\/\/fuentesfidedignas.com.mx\/index.php\/wp-json\/wp\/v2\/categories?post=31380"},{"taxonomy":"post_tag","embeddable":true,"href":"https:\/\/fuentesfidedignas.com.mx\/index.php\/wp-json\/wp\/v2\/tags?post=31380"}],"curies":[{"name":"wp","href":"https:\/\/api.w.org\/{rel}","templated":true}]}}