{"id":31367,"date":"2022-05-15T15:13:59","date_gmt":"2022-05-15T21:13:59","guid":{"rendered":"https:\/\/fuentesfidedignas.com.mx\/?p=31367"},"modified":"2022-05-15T15:14:01","modified_gmt":"2022-05-15T21:14:01","slug":"rocha-acompana-a-amlo-en-la-celebracion-del-dia-de-las-maestras-y-los-maestros","status":"publish","type":"post","link":"https:\/\/fuentesfidedignas.com.mx\/index.php\/2022\/05\/15\/rocha-acompana-a-amlo-en-la-celebracion-del-dia-de-las-maestras-y-los-maestros\/","title":{"rendered":"Rocha acompa\u00f1a a AMLO en la celebraci\u00f3n del D\u00eda de las maestras y los maestros"},"content":{"rendered":"\n<p><strong><em>El presidente Andr\u00e9s Manuel L\u00f3pez Obrador anunci\u00f3 mejores condiciones salariales para quienes ejercen la docencia.<\/em><\/strong><\/p>\n\n\n\n<p>Culiac\u00e1n, Sin.- El gobernador Rub\u00e9n Rocha Moya asisti\u00f3 al evento en conmemoraci\u00f3n del D\u00eda de las maestras y los maestros, evento realizado en la CDMX, en la Sede de la Secretar\u00eda de Educaci\u00f3n P\u00fablica.<\/p>\n\n\n\n<p>En el evento, el presidente de M\u00e9xico Andr\u00e9s Manuel L\u00f3pez Obrador se comprometi\u00f3 a dignificar la vida y trabajo a trav\u00e9s de mejoras salariales de los docentes, en el que asegur\u00f3 que el pr\u00f3ximo lunes anunciar\u00e1 con el secretario de Hacienda y Cr\u00e9dito P\u00fablico, Rogelio Ram\u00edrez de la O, la asignaci\u00f3n de m\u00e1s recursos en beneficio de trabajadoras y trabajadores del sector educativo.<\/p>\n\n\n\n<p>Hizo un llamado a los docentes para que en su labor del d\u00eda a d\u00eda, busquen formar buenos ciudadanos, que practiquen el amor al pr\u00f3jimo, ya que esa es una de las tareas de prioridad en la Cuarta Transformaci\u00f3n; tener una sociedad m\u00e1s justa, humana y fraterna.<\/p>\n\n\n\n<p>L\u00f3pez Obrador, asegur\u00f3 que, a trav\u00e9s del programa La Escuela es Nuestra, cada plantel de educaci\u00f3n b\u00e1sica tendr\u00e1 presupuesto para rehabilitar infraestructura y mobiliario, ampliar horarios y brindar servicio de alimentaci\u00f3n a estudiantes, adem\u00e1s de que buscar\u00e1 que se aumenten las becas desde preescolar hasta el doctorado.<\/p>\n\n\n\n<p>Por su parte la titular de Educaci\u00f3n P\u00fablica, Delfina G\u00f3mez \u00c1lvarez, anunci\u00f3 el plan de aumento salarial para el personal docente, el cual se pondr\u00e1 en funci\u00f3n gracias a la pol\u00edtica de austeridad del gobierno federal y este aumento ser\u00e1 escalonado para los maestros que ganen menos de 20 mil pesos mensuales, quienes tendr\u00e1n un aumento que ir\u00e1 desde el 1 hasta el 7 por ciento.<\/p>\n","protected":false},"excerpt":{"rendered":"<p>El presidente Andr\u00e9s Manuel L\u00f3pez Obrador anunci\u00f3 mejores condiciones salariales para quienes ejercen la docencia. Culiac\u00e1n, Sin.- El gobernador Rub\u00e9n Rocha Moya asisti\u00f3 al evento en conmemoraci\u00f3n del D\u00eda de las maestras y los maestros, evento realizado en la CDMX, en la Sede de la Secretar\u00eda de Educaci\u00f3n P\u00fablica. En el evento, el presidente de [&hellip;]<\/p>\n","protected":false},"author":4,"featured_media":31368,"comment_status":"open","ping_status":"open","sticky":false,"template":"","format":"standard","meta":{"tdm_status":"","tdm_grid_status":"","footnotes":""},"categories":[38],"tags":[],"class_list":{"0":"post-31367","1":"post","2":"type-post","3":"status-publish","4":"format-standard","5":"has-post-thumbnail","7":"category-noticias-locales"},"yoast_head":"<!-- This site is optimized with the Yoast SEO plugin v27.4 - https:\/\/yoast.com\/product\/yoast-seo-wordpress\/ -->\n<title>Rocha acompa\u00f1a a AMLO en la celebraci\u00f3n del D\u00eda de las maestras y los maestros - Fuentes Fidedignas<\/title>\n<meta name=\"robots\" content=\"index, follow, max-snippet:-1, max-image-preview:large, max-video-preview:-1\" \/>\n<link rel=\"canonical\" href=\"https:\/\/fuentesfidedignas.com.mx\/index.php\/2022\/05\/15\/rocha-acompana-a-amlo-en-la-celebracion-del-dia-de-las-maestras-y-los-maestros\/\" \/>\n<meta property=\"og:locale\" content=\"es_MX\" \/>\n<meta property=\"og:type\" content=\"article\" \/>\n<meta property=\"og:title\" content=\"Rocha acompa\u00f1a a AMLO en la celebraci\u00f3n del D\u00eda de las maestras y los maestros - Fuentes Fidedignas\" \/>\n<meta property=\"og:description\" content=\"El presidente Andr\u00e9s Manuel L\u00f3pez Obrador anunci\u00f3 mejores condiciones salariales para quienes ejercen la docencia. Culiac\u00e1n, Sin.- El gobernador Rub\u00e9n Rocha Moya asisti\u00f3 al evento en conmemoraci\u00f3n del D\u00eda de las maestras y los maestros, evento realizado en la CDMX, en la Sede de la Secretar\u00eda de Educaci\u00f3n P\u00fablica. En el evento, el presidente de [&hellip;]\" \/>\n<meta property=\"og:url\" content=\"https:\/\/fuentesfidedignas.com.mx\/index.php\/2022\/05\/15\/rocha-acompana-a-amlo-en-la-celebracion-del-dia-de-las-maestras-y-los-maestros\/\" \/>\n<meta property=\"og:site_name\" content=\"Fuentes Fidedignas\" \/>\n<meta property=\"article:publisher\" content=\"https:\/\/www.facebook.com\/Fuentes-Fidedignas-368234489921644\" \/>\n<meta property=\"article:published_time\" content=\"2022-05-15T21:13:59+00:00\" \/>\n<meta property=\"article:modified_time\" content=\"2022-05-15T21:14:01+00:00\" \/>\n<meta property=\"og:image\" content=\"https:\/\/fuentesfidedignas.com.mx\/wp-content\/uploads\/2022\/05\/6e091b98-1960-4909-bbaf-9f4551add965.jpg\" \/>\n\t<meta property=\"og:image:width\" content=\"1200\" \/>\n\t<meta property=\"og:image:height\" content=\"1200\" \/>\n\t<meta property=\"og:image:type\" content=\"image\/jpeg\" \/>\n<meta name=\"author\" content=\"Redacci\u00f3n\" \/>\n<meta name=\"twitter:card\" content=\"summary_large_image\" \/>\n<meta name=\"twitter:creator\" content=\"@fidedignas\" \/>\n<meta name=\"twitter:site\" content=\"@fidedignas\" \/>\n<meta name=\"twitter:label1\" content=\"Escrito por\" \/>\n\t<meta name=\"twitter:data1\" content=\"Redacci\u00f3n\" \/>\n\t<meta name=\"twitter:label2\" content=\"Tiempo de lectura\" \/>\n\t<meta name=\"twitter:data2\" content=\"2 minutos\" \/>\n<script type=\"application\/ld+json\" class=\"yoast-schema-graph\">{\"@context\":\"https:\\\/\\\/schema.org\",\"@graph\":[{\"@type\":\"Article\",\"@id\":\"https:\\\/\\\/fuentesfidedignas.com.mx\\\/index.php\\\/2022\\\/05\\\/15\\\/rocha-acompana-a-amlo-en-la-celebracion-del-dia-de-las-maestras-y-los-maestros\\\/#article\",\"isPartOf\":{\"@id\":\"https:\\\/\\\/fuentesfidedignas.com.mx\\\/index.php\\\/2022\\\/05\\\/15\\\/rocha-acompana-a-amlo-en-la-celebracion-del-dia-de-las-maestras-y-los-maestros\\\/\"},\"author\":{\"name\":\"Redacci\u00f3n\",\"@id\":\"https:\\\/\\\/fuentesfidedignas.com.mx\\\/#\\\/schema\\\/person\\\/331be9283d37198e2acd5750279085b0\"},\"headline\":\"Rocha acompa\u00f1a a AMLO en la celebraci\u00f3n del D\u00eda de las maestras y los maestros\",\"datePublished\":\"2022-05-15T21:13:59+00:00\",\"dateModified\":\"2022-05-15T21:14:01+00:00\",\"mainEntityOfPage\":{\"@id\":\"https:\\\/\\\/fuentesfidedignas.com.mx\\\/index.php\\\/2022\\\/05\\\/15\\\/rocha-acompana-a-amlo-en-la-celebracion-del-dia-de-las-maestras-y-los-maestros\\\/\"},\"wordCount\":324,\"commentCount\":0,\"publisher\":{\"@id\":\"https:\\\/\\\/fuentesfidedignas.com.mx\\\/#organization\"},\"image\":{\"@id\":\"https:\\\/\\\/fuentesfidedignas.com.mx\\\/index.php\\\/2022\\\/05\\\/15\\\/rocha-acompana-a-amlo-en-la-celebracion-del-dia-de-las-maestras-y-los-maestros\\\/#primaryimage\"},\"thumbnailUrl\":\"https:\\\/\\\/fuentesfidedignas.com.mx\\\/wp-content\\\/uploads\\\/2022\\\/05\\\/6e091b98-1960-4909-bbaf-9f4551add965.jpg\",\"articleSection\":[\"NOTICIAS LOCALES\"],\"inLanguage\":\"es\",\"potentialAction\":[{\"@type\":\"CommentAction\",\"name\":\"Comment\",\"target\":[\"https:\\\/\\\/fuentesfidedignas.com.mx\\\/index.php\\\/2022\\\/05\\\/15\\\/rocha-acompana-a-amlo-en-la-celebracion-del-dia-de-las-maestras-y-los-maestros\\\/#respond\"]}]},{\"@type\":\"WebPage\",\"@id\":\"https:\\\/\\\/fuentesfidedignas.com.mx\\\/index.php\\\/2022\\\/05\\\/15\\\/rocha-acompana-a-amlo-en-la-celebracion-del-dia-de-las-maestras-y-los-maestros\\\/\",\"url\":\"https:\\\/\\\/fuentesfidedignas.com.mx\\\/index.php\\\/2022\\\/05\\\/15\\\/rocha-acompana-a-amlo-en-la-celebracion-del-dia-de-las-maestras-y-los-maestros\\\/\",\"name\":\"Rocha acompa\u00f1a a AMLO en la celebraci\u00f3n del D\u00eda de las maestras y los maestros - Fuentes Fidedignas\",\"isPartOf\":{\"@id\":\"https:\\\/\\\/fuentesfidedignas.com.mx\\\/#website\"},\"primaryImageOfPage\":{\"@id\":\"https:\\\/\\\/fuentesfidedignas.com.mx\\\/index.php\\\/2022\\\/05\\\/15\\\/rocha-acompana-a-amlo-en-la-celebracion-del-dia-de-las-maestras-y-los-maestros\\\/#primaryimage\"},\"image\":{\"@id\":\"https:\\\/\\\/fuentesfidedignas.com.mx\\\/index.php\\\/2022\\\/05\\\/15\\\/rocha-acompana-a-amlo-en-la-celebracion-del-dia-de-las-maestras-y-los-maestros\\\/#primaryimage\"},\"thumbnailUrl\":\"https:\\\/\\\/fuentesfidedignas.com.mx\\\/wp-content\\\/uploads\\\/2022\\\/05\\\/6e091b98-1960-4909-bbaf-9f4551add965.jpg\",\"datePublished\":\"2022-05-15T21:13:59+00:00\",\"dateModified\":\"2022-05-15T21:14:01+00:00\",\"breadcrumb\":{\"@id\":\"https:\\\/\\\/fuentesfidedignas.com.mx\\\/index.php\\\/2022\\\/05\\\/15\\\/rocha-acompana-a-amlo-en-la-celebracion-del-dia-de-las-maestras-y-los-maestros\\\/#breadcrumb\"},\"inLanguage\":\"es\",\"potentialAction\":[{\"@type\":\"ReadAction\",\"target\":[\"https:\\\/\\\/fuentesfidedignas.com.mx\\\/index.php\\\/2022\\\/05\\\/15\\\/rocha-acompana-a-amlo-en-la-celebracion-del-dia-de-las-maestras-y-los-maestros\\\/\"]}]},{\"@type\":\"ImageObject\",\"inLanguage\":\"es\",\"@id\":\"https:\\\/\\\/fuentesfidedignas.com.mx\\\/index.php\\\/2022\\\/05\\\/15\\\/rocha-acompana-a-amlo-en-la-celebracion-del-dia-de-las-maestras-y-los-maestros\\\/#primaryimage\",\"url\":\"https:\\\/\\\/fuentesfidedignas.com.mx\\\/wp-content\\\/uploads\\\/2022\\\/05\\\/6e091b98-1960-4909-bbaf-9f4551add965.jpg\",\"contentUrl\":\"https:\\\/\\\/fuentesfidedignas.com.mx\\\/wp-content\\\/uploads\\\/2022\\\/05\\\/6e091b98-1960-4909-bbaf-9f4551add965.jpg\",\"width\":1200,\"height\":1200},{\"@type\":\"BreadcrumbList\",\"@id\":\"https:\\\/\\\/fuentesfidedignas.com.mx\\\/index.php\\\/2022\\\/05\\\/15\\\/rocha-acompana-a-amlo-en-la-celebracion-del-dia-de-las-maestras-y-los-maestros\\\/#breadcrumb\",\"itemListElement\":[{\"@type\":\"ListItem\",\"position\":1,\"name\":\"Inicio\",\"item\":\"https:\\\/\\\/fuentesfidedignas.com.mx\\\/\"},{\"@type\":\"ListItem\",\"position\":2,\"name\":\"Rocha acompa\u00f1a a AMLO en la celebraci\u00f3n del D\u00eda de las maestras y los maestros\"}]},{\"@type\":\"WebSite\",\"@id\":\"https:\\\/\\\/fuentesfidedignas.com.mx\\\/#website\",\"url\":\"https:\\\/\\\/fuentesfidedignas.com.mx\\\/\",\"name\":\"Fuentes Fidedignas\",\"description\":\"Otro sitio realizado con WordPress\",\"publisher\":{\"@id\":\"https:\\\/\\\/fuentesfidedignas.com.mx\\\/#organization\"},\"potentialAction\":[{\"@type\":\"SearchAction\",\"target\":{\"@type\":\"EntryPoint\",\"urlTemplate\":\"https:\\\/\\\/fuentesfidedignas.com.mx\\\/?s={search_term_string}\"},\"query-input\":{\"@type\":\"PropertyValueSpecification\",\"valueRequired\":true,\"valueName\":\"search_term_string\"}}],\"inLanguage\":\"es\"},{\"@type\":\"Organization\",\"@id\":\"https:\\\/\\\/fuentesfidedignas.com.mx\\\/#organization\",\"name\":\"Fuentes Fidedignas\",\"url\":\"https:\\\/\\\/fuentesfidedignas.com.mx\\\/\",\"logo\":{\"@type\":\"ImageObject\",\"inLanguage\":\"es\",\"@id\":\"https:\\\/\\\/fuentesfidedignas.com.mx\\\/#\\\/schema\\\/logo\\\/image\\\/\",\"url\":\"https:\\\/\\\/fuentesfidedignas.com.mx\\\/wp-content\\\/uploads\\\/2021\\\/04\\\/logo-retina.png\",\"contentUrl\":\"https:\\\/\\\/fuentesfidedignas.com.mx\\\/wp-content\\\/uploads\\\/2021\\\/04\\\/logo-retina.png\",\"width\":280,\"height\":51,\"caption\":\"Fuentes Fidedignas\"},\"image\":{\"@id\":\"https:\\\/\\\/fuentesfidedignas.com.mx\\\/#\\\/schema\\\/logo\\\/image\\\/\"},\"sameAs\":[\"https:\\\/\\\/www.facebook.com\\\/Fuentes-Fidedignas-368234489921644\",\"https:\\\/\\\/x.com\\\/fidedignas\"]},{\"@type\":\"Person\",\"@id\":\"https:\\\/\\\/fuentesfidedignas.com.mx\\\/#\\\/schema\\\/person\\\/331be9283d37198e2acd5750279085b0\",\"name\":\"Redacci\u00f3n\",\"image\":{\"@type\":\"ImageObject\",\"inLanguage\":\"es\",\"@id\":\"https:\\\/\\\/secure.gravatar.com\\\/avatar\\\/f6d8782c11d12b2d4ad3fbb6931aeab5309937a4d6cd2fc9cfaa28a6396a5aec?s=96&d=mm&r=g\",\"url\":\"https:\\\/\\\/secure.gravatar.com\\\/avatar\\\/f6d8782c11d12b2d4ad3fbb6931aeab5309937a4d6cd2fc9cfaa28a6396a5aec?s=96&d=mm&r=g\",\"contentUrl\":\"https:\\\/\\\/secure.gravatar.com\\\/avatar\\\/f6d8782c11d12b2d4ad3fbb6931aeab5309937a4d6cd2fc9cfaa28a6396a5aec?s=96&d=mm&r=g\",\"caption\":\"Redacci\u00f3n\"},\"url\":\"https:\\\/\\\/fuentesfidedignas.com.mx\\\/index.php\\\/author\\\/redaccion\\\/\"}]}<\/script>\n<!-- \/ Yoast SEO plugin. -->","yoast_head_json":{"title":"Rocha acompa\u00f1a a AMLO en la celebraci\u00f3n del D\u00eda de las maestras y los maestros - Fuentes Fidedignas","robots":{"index":"index","follow":"follow","max-snippet":"max-snippet:-1","max-image-preview":"max-image-preview:large","max-video-preview":"max-video-preview:-1"},"canonical":"https:\/\/fuentesfidedignas.com.mx\/index.php\/2022\/05\/15\/rocha-acompana-a-amlo-en-la-celebracion-del-dia-de-las-maestras-y-los-maestros\/","og_locale":"es_MX","og_type":"article","og_title":"Rocha acompa\u00f1a a AMLO en la celebraci\u00f3n del D\u00eda de las maestras y los maestros - Fuentes Fidedignas","og_description":"El presidente Andr\u00e9s Manuel L\u00f3pez Obrador anunci\u00f3 mejores condiciones salariales para quienes ejercen la docencia. Culiac\u00e1n, Sin.- El gobernador Rub\u00e9n Rocha Moya asisti\u00f3 al evento en conmemoraci\u00f3n del D\u00eda de las maestras y los maestros, evento realizado en la CDMX, en la Sede de la Secretar\u00eda de Educaci\u00f3n P\u00fablica. En el evento, el presidente de [&hellip;]","og_url":"https:\/\/fuentesfidedignas.com.mx\/index.php\/2022\/05\/15\/rocha-acompana-a-amlo-en-la-celebracion-del-dia-de-las-maestras-y-los-maestros\/","og_site_name":"Fuentes Fidedignas","article_publisher":"https:\/\/www.facebook.com\/Fuentes-Fidedignas-368234489921644","article_published_time":"2022-05-15T21:13:59+00:00","article_modified_time":"2022-05-15T21:14:01+00:00","og_image":[{"width":1200,"height":1200,"url":"https:\/\/fuentesfidedignas.com.mx\/wp-content\/uploads\/2022\/05\/6e091b98-1960-4909-bbaf-9f4551add965.jpg","type":"image\/jpeg"}],"author":"Redacci\u00f3n","twitter_card":"summary_large_image","twitter_creator":"@fidedignas","twitter_site":"@fidedignas","twitter_misc":{"Escrito por":"Redacci\u00f3n","Tiempo de lectura":"2 minutos"},"schema":{"@context":"https:\/\/schema.org","@graph":[{"@type":"Article","@id":"https:\/\/fuentesfidedignas.com.mx\/index.php\/2022\/05\/15\/rocha-acompana-a-amlo-en-la-celebracion-del-dia-de-las-maestras-y-los-maestros\/#article","isPartOf":{"@id":"https:\/\/fuentesfidedignas.com.mx\/index.php\/2022\/05\/15\/rocha-acompana-a-amlo-en-la-celebracion-del-dia-de-las-maestras-y-los-maestros\/"},"author":{"name":"Redacci\u00f3n","@id":"https:\/\/fuentesfidedignas.com.mx\/#\/schema\/person\/331be9283d37198e2acd5750279085b0"},"headline":"Rocha acompa\u00f1a a AMLO en la celebraci\u00f3n del D\u00eda de las maestras y los maestros","datePublished":"2022-05-15T21:13:59+00:00","dateModified":"2022-05-15T21:14:01+00:00","mainEntityOfPage":{"@id":"https:\/\/fuentesfidedignas.com.mx\/index.php\/2022\/05\/15\/rocha-acompana-a-amlo-en-la-celebracion-del-dia-de-las-maestras-y-los-maestros\/"},"wordCount":324,"commentCount":0,"publisher":{"@id":"https:\/\/fuentesfidedignas.com.mx\/#organization"},"image":{"@id":"https:\/\/fuentesfidedignas.com.mx\/index.php\/2022\/05\/15\/rocha-acompana-a-amlo-en-la-celebracion-del-dia-de-las-maestras-y-los-maestros\/#primaryimage"},"thumbnailUrl":"https:\/\/fuentesfidedignas.com.mx\/wp-content\/uploads\/2022\/05\/6e091b98-1960-4909-bbaf-9f4551add965.jpg","articleSection":["NOTICIAS LOCALES"],"inLanguage":"es","potentialAction":[{"@type":"CommentAction","name":"Comment","target":["https:\/\/fuentesfidedignas.com.mx\/index.php\/2022\/05\/15\/rocha-acompana-a-amlo-en-la-celebracion-del-dia-de-las-maestras-y-los-maestros\/#respond"]}]},{"@type":"WebPage","@id":"https:\/\/fuentesfidedignas.com.mx\/index.php\/2022\/05\/15\/rocha-acompana-a-amlo-en-la-celebracion-del-dia-de-las-maestras-y-los-maestros\/","url":"https:\/\/fuentesfidedignas.com.mx\/index.php\/2022\/05\/15\/rocha-acompana-a-amlo-en-la-celebracion-del-dia-de-las-maestras-y-los-maestros\/","name":"Rocha acompa\u00f1a a AMLO en la celebraci\u00f3n del D\u00eda de las maestras y los maestros - Fuentes Fidedignas","isPartOf":{"@id":"https:\/\/fuentesfidedignas.com.mx\/#website"},"primaryImageOfPage":{"@id":"https:\/\/fuentesfidedignas.com.mx\/index.php\/2022\/05\/15\/rocha-acompana-a-amlo-en-la-celebracion-del-dia-de-las-maestras-y-los-maestros\/#primaryimage"},"image":{"@id":"https:\/\/fuentesfidedignas.com.mx\/index.php\/2022\/05\/15\/rocha-acompana-a-amlo-en-la-celebracion-del-dia-de-las-maestras-y-los-maestros\/#primaryimage"},"thumbnailUrl":"https:\/\/fuentesfidedignas.com.mx\/wp-content\/uploads\/2022\/05\/6e091b98-1960-4909-bbaf-9f4551add965.jpg","datePublished":"2022-05-15T21:13:59+00:00","dateModified":"2022-05-15T21:14:01+00:00","breadcrumb":{"@id":"https:\/\/fuentesfidedignas.com.mx\/index.php\/2022\/05\/15\/rocha-acompana-a-amlo-en-la-celebracion-del-dia-de-las-maestras-y-los-maestros\/#breadcrumb"},"inLanguage":"es","potentialAction":[{"@type":"ReadAction","target":["https:\/\/fuentesfidedignas.com.mx\/index.php\/2022\/05\/15\/rocha-acompana-a-amlo-en-la-celebracion-del-dia-de-las-maestras-y-los-maestros\/"]}]},{"@type":"ImageObject","inLanguage":"es","@id":"https:\/\/fuentesfidedignas.com.mx\/index.php\/2022\/05\/15\/rocha-acompana-a-amlo-en-la-celebracion-del-dia-de-las-maestras-y-los-maestros\/#primaryimage","url":"https:\/\/fuentesfidedignas.com.mx\/wp-content\/uploads\/2022\/05\/6e091b98-1960-4909-bbaf-9f4551add965.jpg","contentUrl":"https:\/\/fuentesfidedignas.com.mx\/wp-content\/uploads\/2022\/05\/6e091b98-1960-4909-bbaf-9f4551add965.jpg","width":1200,"height":1200},{"@type":"BreadcrumbList","@id":"https:\/\/fuentesfidedignas.com.mx\/index.php\/2022\/05\/15\/rocha-acompana-a-amlo-en-la-celebracion-del-dia-de-las-maestras-y-los-maestros\/#breadcrumb","itemListElement":[{"@type":"ListItem","position":1,"name":"Inicio","item":"https:\/\/fuentesfidedignas.com.mx\/"},{"@type":"ListItem","position":2,"name":"Rocha acompa\u00f1a a AMLO en la celebraci\u00f3n del D\u00eda de las maestras y los maestros"}]},{"@type":"WebSite","@id":"https:\/\/fuentesfidedignas.com.mx\/#website","url":"https:\/\/fuentesfidedignas.com.mx\/","name":"Fuentes Fidedignas","description":"Otro sitio realizado con WordPress","publisher":{"@id":"https:\/\/fuentesfidedignas.com.mx\/#organization"},"potentialAction":[{"@type":"SearchAction","target":{"@type":"EntryPoint","urlTemplate":"https:\/\/fuentesfidedignas.com.mx\/?s={search_term_string}"},"query-input":{"@type":"PropertyValueSpecification","valueRequired":true,"valueName":"search_term_string"}}],"inLanguage":"es"},{"@type":"Organization","@id":"https:\/\/fuentesfidedignas.com.mx\/#organization","name":"Fuentes Fidedignas","url":"https:\/\/fuentesfidedignas.com.mx\/","logo":{"@type":"ImageObject","inLanguage":"es","@id":"https:\/\/fuentesfidedignas.com.mx\/#\/schema\/logo\/image\/","url":"https:\/\/fuentesfidedignas.com.mx\/wp-content\/uploads\/2021\/04\/logo-retina.png","contentUrl":"https:\/\/fuentesfidedignas.com.mx\/wp-content\/uploads\/2021\/04\/logo-retina.png","width":280,"height":51,"caption":"Fuentes Fidedignas"},"image":{"@id":"https:\/\/fuentesfidedignas.com.mx\/#\/schema\/logo\/image\/"},"sameAs":["https:\/\/www.facebook.com\/Fuentes-Fidedignas-368234489921644","https:\/\/x.com\/fidedignas"]},{"@type":"Person","@id":"https:\/\/fuentesfidedignas.com.mx\/#\/schema\/person\/331be9283d37198e2acd5750279085b0","name":"Redacci\u00f3n","image":{"@type":"ImageObject","inLanguage":"es","@id":"https:\/\/secure.gravatar.com\/avatar\/f6d8782c11d12b2d4ad3fbb6931aeab5309937a4d6cd2fc9cfaa28a6396a5aec?s=96&d=mm&r=g","url":"https:\/\/secure.gravatar.com\/avatar\/f6d8782c11d12b2d4ad3fbb6931aeab5309937a4d6cd2fc9cfaa28a6396a5aec?s=96&d=mm&r=g","contentUrl":"https:\/\/secure.gravatar.com\/avatar\/f6d8782c11d12b2d4ad3fbb6931aeab5309937a4d6cd2fc9cfaa28a6396a5aec?s=96&d=mm&r=g","caption":"Redacci\u00f3n"},"url":"https:\/\/fuentesfidedignas.com.mx\/index.php\/author\/redaccion\/"}]}},"_links":{"self":[{"href":"https:\/\/fuentesfidedignas.com.mx\/index.php\/wp-json\/wp\/v2\/posts\/31367","targetHints":{"allow":["GET"]}}],"collection":[{"href":"https:\/\/fuentesfidedignas.com.mx\/index.php\/wp-json\/wp\/v2\/posts"}],"about":[{"href":"https:\/\/fuentesfidedignas.com.mx\/index.php\/wp-json\/wp\/v2\/types\/post"}],"author":[{"embeddable":true,"href":"https:\/\/fuentesfidedignas.com.mx\/index.php\/wp-json\/wp\/v2\/users\/4"}],"replies":[{"embeddable":true,"href":"https:\/\/fuentesfidedignas.com.mx\/index.php\/wp-json\/wp\/v2\/comments?post=31367"}],"version-history":[{"count":1,"href":"https:\/\/fuentesfidedignas.com.mx\/index.php\/wp-json\/wp\/v2\/posts\/31367\/revisions"}],"predecessor-version":[{"id":31369,"href":"https:\/\/fuentesfidedignas.com.mx\/index.php\/wp-json\/wp\/v2\/posts\/31367\/revisions\/31369"}],"wp:featuredmedia":[{"embeddable":true,"href":"https:\/\/fuentesfidedignas.com.mx\/index.php\/wp-json\/wp\/v2\/media\/31368"}],"wp:attachment":[{"href":"https:\/\/fuentesfidedignas.com.mx\/index.php\/wp-json\/wp\/v2\/media?parent=31367"}],"wp:term":[{"taxonomy":"category","embeddable":true,"href":"https:\/\/fuentesfidedignas.com.mx\/index.php\/wp-json\/wp\/v2\/categories?post=31367"},{"taxonomy":"post_tag","embeddable":true,"href":"https:\/\/fuentesfidedignas.com.mx\/index.php\/wp-json\/wp\/v2\/tags?post=31367"}],"curies":[{"name":"wp","href":"https:\/\/api.w.org\/{rel}","templated":true}]}}