{"id":31320,"date":"2022-05-14T14:49:15","date_gmt":"2022-05-14T20:49:15","guid":{"rendered":"https:\/\/fuentesfidedignas.com.mx\/?p=31320"},"modified":"2022-05-14T14:52:07","modified_gmt":"2022-05-14T20:52:07","slug":"es-tiempo-de-trabajar-no-de-estar-pensando-en-el-2014-gerardo-vargas","status":"publish","type":"post","link":"https:\/\/fuentesfidedignas.com.mx\/index.php\/2022\/05\/14\/es-tiempo-de-trabajar-no-de-estar-pensando-en-el-2014-gerardo-vargas\/","title":{"rendered":"Es tiempo de trabajar, no de estar pensando en el 2014: Gerardo Vargas"},"content":{"rendered":"\n<p><strong><em>Asegur\u00f3 que la opini\u00f3n m\u00e1s importante es la de la sociedad<\/em><\/strong><\/p>\n\n\n\n<p>Ahome, Sin.- Tras subrayar que la opini\u00f3n de la sociedad es la que m\u00e1s le interesa conocer, no de los partidos pol\u00edticos de oposici\u00f3n, el presidente municipal de Ahome, Gerardo Vargas Landeros puntualiz\u00f3 que no son tiempos de estar pensando en el 2024 para ver que alianza pol\u00edtica se van a hacer.<\/p>\n\n\n\n<p>\u201cCreo que no es momento, pero si insisten en hablar de temas electorales, desde ahorita les digo que les vamos a pegar una pela otra vez en el 2024&#8243;, advirti\u00f3.<\/p>\n\n\n\n<p>En improvisada entrevista efectuada durante la 20 edici\u00f3n de la Feria del Bienestar que se realiz\u00f3 en Bachomobampo 2, el Alcalde de Ahome precis\u00f3 &#8220;No quisiera decir algo incorrecto, pero la opini\u00f3n que m\u00e1s me interesa es lo que diga la sociedad, no los partidos pol\u00edticos y menos quienes son la oposici\u00f3n\u201d.<\/p>\n\n\n\n<p>En este contexto, Gerardo Vargas Landeros exhort\u00f3 a los presidentes de los partidos pol\u00edticos para que sumen esfuerzos con su gobierno municipal y en forma conjunta puedan resolver los problemas que aquejan a los ahomenses, y despu\u00e9s, ya se vendr\u00e1n los tiempos de andar pensando en tiempos electorales.<\/p>\n\n\n\n<p>\u201cAqu\u00ed tenemos que ser propositivos todos, no estar pensando en el 2024 para ver que alianza pol\u00edtica van a hacer, porque creo que no es el momento, pero si insisten en hablar de temas electorales desde ahorita les digo que les vamos a pegar una pela otra vez en el 2024\u201d, advirti\u00f3 a sus adversarios pol\u00edticos.<\/p>\n","protected":false},"excerpt":{"rendered":"<p>Asegur\u00f3 que la opini\u00f3n m\u00e1s importante es la de la sociedad Ahome, Sin.- Tras subrayar que la opini\u00f3n de la sociedad es la que m\u00e1s le interesa conocer, no de los partidos pol\u00edticos de oposici\u00f3n, el presidente municipal de Ahome, Gerardo Vargas Landeros puntualiz\u00f3 que no son tiempos de estar pensando en el 2024 para [&hellip;]<\/p>\n","protected":false},"author":4,"featured_media":31322,"comment_status":"open","ping_status":"open","sticky":false,"template":"","format":"standard","meta":{"tdm_status":"","tdm_grid_status":"","footnotes":""},"categories":[38],"tags":[1715,1654],"class_list":{"0":"post-31320","1":"post","2":"type-post","3":"status-publish","4":"format-standard","5":"has-post-thumbnail","7":"category-noticias-locales","8":"tag-ayuntamiento-de-ahome","9":"tag-gerardo-vargas-landeros"},"yoast_head":"<!-- This site is optimized with the Yoast SEO plugin v27.5 - https:\/\/yoast.com\/product\/yoast-seo-wordpress\/ -->\n<title>Es tiempo de trabajar, no de estar pensando en el 2014: Gerardo Vargas - Fuentes Fidedignas<\/title>\n<meta name=\"robots\" content=\"index, follow, max-snippet:-1, max-image-preview:large, max-video-preview:-1\" \/>\n<link rel=\"canonical\" href=\"https:\/\/fuentesfidedignas.com.mx\/index.php\/2022\/05\/14\/es-tiempo-de-trabajar-no-de-estar-pensando-en-el-2014-gerardo-vargas\/\" \/>\n<meta property=\"og:locale\" content=\"es_MX\" \/>\n<meta property=\"og:type\" content=\"article\" \/>\n<meta property=\"og:title\" content=\"Es tiempo de trabajar, no de estar pensando en el 2014: Gerardo Vargas - Fuentes Fidedignas\" \/>\n<meta property=\"og:description\" content=\"Asegur\u00f3 que la opini\u00f3n m\u00e1s importante es la de la sociedad Ahome, Sin.- Tras subrayar que la opini\u00f3n de la sociedad es la que m\u00e1s le interesa conocer, no de los partidos pol\u00edticos de oposici\u00f3n, el presidente municipal de Ahome, Gerardo Vargas Landeros puntualiz\u00f3 que no son tiempos de estar pensando en el 2024 para [&hellip;]\" \/>\n<meta property=\"og:url\" content=\"https:\/\/fuentesfidedignas.com.mx\/index.php\/2022\/05\/14\/es-tiempo-de-trabajar-no-de-estar-pensando-en-el-2014-gerardo-vargas\/\" \/>\n<meta property=\"og:site_name\" content=\"Fuentes Fidedignas\" \/>\n<meta property=\"article:publisher\" content=\"https:\/\/www.facebook.com\/Fuentes-Fidedignas-368234489921644\" \/>\n<meta property=\"article:published_time\" content=\"2022-05-14T20:49:15+00:00\" \/>\n<meta property=\"article:modified_time\" content=\"2022-05-14T20:52:07+00:00\" \/>\n<meta property=\"og:image\" content=\"https:\/\/fuentesfidedignas.com.mx\/wp-content\/uploads\/2022\/05\/IMG-20220514-WA0008.jpg\" \/>\n\t<meta property=\"og:image:width\" content=\"1599\" \/>\n\t<meta property=\"og:image:height\" content=\"1066\" \/>\n\t<meta property=\"og:image:type\" content=\"image\/jpeg\" \/>\n<meta name=\"author\" content=\"Redacci\u00f3n\" \/>\n<meta name=\"twitter:card\" content=\"summary_large_image\" \/>\n<meta name=\"twitter:creator\" content=\"@fidedignas\" \/>\n<meta name=\"twitter:site\" content=\"@fidedignas\" \/>\n<meta name=\"twitter:label1\" content=\"Escrito por\" \/>\n\t<meta name=\"twitter:data1\" content=\"Redacci\u00f3n\" \/>\n\t<meta name=\"twitter:label2\" content=\"Tiempo de lectura\" \/>\n\t<meta name=\"twitter:data2\" content=\"2 minutos\" \/>\n<script type=\"application\/ld+json\" class=\"yoast-schema-graph\">{\"@context\":\"https:\\\/\\\/schema.org\",\"@graph\":[{\"@type\":\"Article\",\"@id\":\"https:\\\/\\\/fuentesfidedignas.com.mx\\\/index.php\\\/2022\\\/05\\\/14\\\/es-tiempo-de-trabajar-no-de-estar-pensando-en-el-2014-gerardo-vargas\\\/#article\",\"isPartOf\":{\"@id\":\"https:\\\/\\\/fuentesfidedignas.com.mx\\\/index.php\\\/2022\\\/05\\\/14\\\/es-tiempo-de-trabajar-no-de-estar-pensando-en-el-2014-gerardo-vargas\\\/\"},\"author\":{\"name\":\"Redacci\u00f3n\",\"@id\":\"https:\\\/\\\/fuentesfidedignas.com.mx\\\/#\\\/schema\\\/person\\\/331be9283d37198e2acd5750279085b0\"},\"headline\":\"Es tiempo de trabajar, no de estar pensando en el 2014: Gerardo Vargas\",\"datePublished\":\"2022-05-14T20:49:15+00:00\",\"dateModified\":\"2022-05-14T20:52:07+00:00\",\"mainEntityOfPage\":{\"@id\":\"https:\\\/\\\/fuentesfidedignas.com.mx\\\/index.php\\\/2022\\\/05\\\/14\\\/es-tiempo-de-trabajar-no-de-estar-pensando-en-el-2014-gerardo-vargas\\\/\"},\"wordCount\":273,\"commentCount\":0,\"publisher\":{\"@id\":\"https:\\\/\\\/fuentesfidedignas.com.mx\\\/#organization\"},\"image\":{\"@id\":\"https:\\\/\\\/fuentesfidedignas.com.mx\\\/index.php\\\/2022\\\/05\\\/14\\\/es-tiempo-de-trabajar-no-de-estar-pensando-en-el-2014-gerardo-vargas\\\/#primaryimage\"},\"thumbnailUrl\":\"https:\\\/\\\/fuentesfidedignas.com.mx\\\/wp-content\\\/uploads\\\/2022\\\/05\\\/IMG-20220514-WA0008.jpg\",\"keywords\":[\"Ayuntamiento de Ahome\",\"Gerardo Vargas Landeros\"],\"articleSection\":[\"NOTICIAS LOCALES\"],\"inLanguage\":\"es\",\"potentialAction\":[{\"@type\":\"CommentAction\",\"name\":\"Comment\",\"target\":[\"https:\\\/\\\/fuentesfidedignas.com.mx\\\/index.php\\\/2022\\\/05\\\/14\\\/es-tiempo-de-trabajar-no-de-estar-pensando-en-el-2014-gerardo-vargas\\\/#respond\"]}]},{\"@type\":\"WebPage\",\"@id\":\"https:\\\/\\\/fuentesfidedignas.com.mx\\\/index.php\\\/2022\\\/05\\\/14\\\/es-tiempo-de-trabajar-no-de-estar-pensando-en-el-2014-gerardo-vargas\\\/\",\"url\":\"https:\\\/\\\/fuentesfidedignas.com.mx\\\/index.php\\\/2022\\\/05\\\/14\\\/es-tiempo-de-trabajar-no-de-estar-pensando-en-el-2014-gerardo-vargas\\\/\",\"name\":\"Es tiempo de trabajar, no de estar pensando en el 2014: Gerardo Vargas - Fuentes Fidedignas\",\"isPartOf\":{\"@id\":\"https:\\\/\\\/fuentesfidedignas.com.mx\\\/#website\"},\"primaryImageOfPage\":{\"@id\":\"https:\\\/\\\/fuentesfidedignas.com.mx\\\/index.php\\\/2022\\\/05\\\/14\\\/es-tiempo-de-trabajar-no-de-estar-pensando-en-el-2014-gerardo-vargas\\\/#primaryimage\"},\"image\":{\"@id\":\"https:\\\/\\\/fuentesfidedignas.com.mx\\\/index.php\\\/2022\\\/05\\\/14\\\/es-tiempo-de-trabajar-no-de-estar-pensando-en-el-2014-gerardo-vargas\\\/#primaryimage\"},\"thumbnailUrl\":\"https:\\\/\\\/fuentesfidedignas.com.mx\\\/wp-content\\\/uploads\\\/2022\\\/05\\\/IMG-20220514-WA0008.jpg\",\"datePublished\":\"2022-05-14T20:49:15+00:00\",\"dateModified\":\"2022-05-14T20:52:07+00:00\",\"breadcrumb\":{\"@id\":\"https:\\\/\\\/fuentesfidedignas.com.mx\\\/index.php\\\/2022\\\/05\\\/14\\\/es-tiempo-de-trabajar-no-de-estar-pensando-en-el-2014-gerardo-vargas\\\/#breadcrumb\"},\"inLanguage\":\"es\",\"potentialAction\":[{\"@type\":\"ReadAction\",\"target\":[\"https:\\\/\\\/fuentesfidedignas.com.mx\\\/index.php\\\/2022\\\/05\\\/14\\\/es-tiempo-de-trabajar-no-de-estar-pensando-en-el-2014-gerardo-vargas\\\/\"]}]},{\"@type\":\"ImageObject\",\"inLanguage\":\"es\",\"@id\":\"https:\\\/\\\/fuentesfidedignas.com.mx\\\/index.php\\\/2022\\\/05\\\/14\\\/es-tiempo-de-trabajar-no-de-estar-pensando-en-el-2014-gerardo-vargas\\\/#primaryimage\",\"url\":\"https:\\\/\\\/fuentesfidedignas.com.mx\\\/wp-content\\\/uploads\\\/2022\\\/05\\\/IMG-20220514-WA0008.jpg\",\"contentUrl\":\"https:\\\/\\\/fuentesfidedignas.com.mx\\\/wp-content\\\/uploads\\\/2022\\\/05\\\/IMG-20220514-WA0008.jpg\",\"width\":1599,\"height\":1066},{\"@type\":\"BreadcrumbList\",\"@id\":\"https:\\\/\\\/fuentesfidedignas.com.mx\\\/index.php\\\/2022\\\/05\\\/14\\\/es-tiempo-de-trabajar-no-de-estar-pensando-en-el-2014-gerardo-vargas\\\/#breadcrumb\",\"itemListElement\":[{\"@type\":\"ListItem\",\"position\":1,\"name\":\"Inicio\",\"item\":\"https:\\\/\\\/fuentesfidedignas.com.mx\\\/\"},{\"@type\":\"ListItem\",\"position\":2,\"name\":\"Es tiempo de trabajar, no de estar pensando en el 2014: Gerardo Vargas\"}]},{\"@type\":\"WebSite\",\"@id\":\"https:\\\/\\\/fuentesfidedignas.com.mx\\\/#website\",\"url\":\"https:\\\/\\\/fuentesfidedignas.com.mx\\\/\",\"name\":\"Fuentes Fidedignas\",\"description\":\"Otro sitio realizado con WordPress\",\"publisher\":{\"@id\":\"https:\\\/\\\/fuentesfidedignas.com.mx\\\/#organization\"},\"potentialAction\":[{\"@type\":\"SearchAction\",\"target\":{\"@type\":\"EntryPoint\",\"urlTemplate\":\"https:\\\/\\\/fuentesfidedignas.com.mx\\\/?s={search_term_string}\"},\"query-input\":{\"@type\":\"PropertyValueSpecification\",\"valueRequired\":true,\"valueName\":\"search_term_string\"}}],\"inLanguage\":\"es\"},{\"@type\":\"Organization\",\"@id\":\"https:\\\/\\\/fuentesfidedignas.com.mx\\\/#organization\",\"name\":\"Fuentes Fidedignas\",\"url\":\"https:\\\/\\\/fuentesfidedignas.com.mx\\\/\",\"logo\":{\"@type\":\"ImageObject\",\"inLanguage\":\"es\",\"@id\":\"https:\\\/\\\/fuentesfidedignas.com.mx\\\/#\\\/schema\\\/logo\\\/image\\\/\",\"url\":\"https:\\\/\\\/fuentesfidedignas.com.mx\\\/wp-content\\\/uploads\\\/2021\\\/04\\\/logo-retina.png\",\"contentUrl\":\"https:\\\/\\\/fuentesfidedignas.com.mx\\\/wp-content\\\/uploads\\\/2021\\\/04\\\/logo-retina.png\",\"width\":280,\"height\":51,\"caption\":\"Fuentes Fidedignas\"},\"image\":{\"@id\":\"https:\\\/\\\/fuentesfidedignas.com.mx\\\/#\\\/schema\\\/logo\\\/image\\\/\"},\"sameAs\":[\"https:\\\/\\\/www.facebook.com\\\/Fuentes-Fidedignas-368234489921644\",\"https:\\\/\\\/x.com\\\/fidedignas\"]},{\"@type\":\"Person\",\"@id\":\"https:\\\/\\\/fuentesfidedignas.com.mx\\\/#\\\/schema\\\/person\\\/331be9283d37198e2acd5750279085b0\",\"name\":\"Redacci\u00f3n\",\"image\":{\"@type\":\"ImageObject\",\"inLanguage\":\"es\",\"@id\":\"https:\\\/\\\/secure.gravatar.com\\\/avatar\\\/f6d8782c11d12b2d4ad3fbb6931aeab5309937a4d6cd2fc9cfaa28a6396a5aec?s=96&d=mm&r=g\",\"url\":\"https:\\\/\\\/secure.gravatar.com\\\/avatar\\\/f6d8782c11d12b2d4ad3fbb6931aeab5309937a4d6cd2fc9cfaa28a6396a5aec?s=96&d=mm&r=g\",\"contentUrl\":\"https:\\\/\\\/secure.gravatar.com\\\/avatar\\\/f6d8782c11d12b2d4ad3fbb6931aeab5309937a4d6cd2fc9cfaa28a6396a5aec?s=96&d=mm&r=g\",\"caption\":\"Redacci\u00f3n\"},\"url\":\"https:\\\/\\\/fuentesfidedignas.com.mx\\\/index.php\\\/author\\\/redaccion\\\/\"}]}<\/script>\n<!-- \/ Yoast SEO plugin. -->","yoast_head_json":{"title":"Es tiempo de trabajar, no de estar pensando en el 2014: Gerardo Vargas - Fuentes Fidedignas","robots":{"index":"index","follow":"follow","max-snippet":"max-snippet:-1","max-image-preview":"max-image-preview:large","max-video-preview":"max-video-preview:-1"},"canonical":"https:\/\/fuentesfidedignas.com.mx\/index.php\/2022\/05\/14\/es-tiempo-de-trabajar-no-de-estar-pensando-en-el-2014-gerardo-vargas\/","og_locale":"es_MX","og_type":"article","og_title":"Es tiempo de trabajar, no de estar pensando en el 2014: Gerardo Vargas - Fuentes Fidedignas","og_description":"Asegur\u00f3 que la opini\u00f3n m\u00e1s importante es la de la sociedad Ahome, Sin.- Tras subrayar que la opini\u00f3n de la sociedad es la que m\u00e1s le interesa conocer, no de los partidos pol\u00edticos de oposici\u00f3n, el presidente municipal de Ahome, Gerardo Vargas Landeros puntualiz\u00f3 que no son tiempos de estar pensando en el 2024 para [&hellip;]","og_url":"https:\/\/fuentesfidedignas.com.mx\/index.php\/2022\/05\/14\/es-tiempo-de-trabajar-no-de-estar-pensando-en-el-2014-gerardo-vargas\/","og_site_name":"Fuentes Fidedignas","article_publisher":"https:\/\/www.facebook.com\/Fuentes-Fidedignas-368234489921644","article_published_time":"2022-05-14T20:49:15+00:00","article_modified_time":"2022-05-14T20:52:07+00:00","og_image":[{"width":1599,"height":1066,"url":"https:\/\/fuentesfidedignas.com.mx\/wp-content\/uploads\/2022\/05\/IMG-20220514-WA0008.jpg","type":"image\/jpeg"}],"author":"Redacci\u00f3n","twitter_card":"summary_large_image","twitter_creator":"@fidedignas","twitter_site":"@fidedignas","twitter_misc":{"Escrito por":"Redacci\u00f3n","Tiempo de lectura":"2 minutos"},"schema":{"@context":"https:\/\/schema.org","@graph":[{"@type":"Article","@id":"https:\/\/fuentesfidedignas.com.mx\/index.php\/2022\/05\/14\/es-tiempo-de-trabajar-no-de-estar-pensando-en-el-2014-gerardo-vargas\/#article","isPartOf":{"@id":"https:\/\/fuentesfidedignas.com.mx\/index.php\/2022\/05\/14\/es-tiempo-de-trabajar-no-de-estar-pensando-en-el-2014-gerardo-vargas\/"},"author":{"name":"Redacci\u00f3n","@id":"https:\/\/fuentesfidedignas.com.mx\/#\/schema\/person\/331be9283d37198e2acd5750279085b0"},"headline":"Es tiempo de trabajar, no de estar pensando en el 2014: Gerardo Vargas","datePublished":"2022-05-14T20:49:15+00:00","dateModified":"2022-05-14T20:52:07+00:00","mainEntityOfPage":{"@id":"https:\/\/fuentesfidedignas.com.mx\/index.php\/2022\/05\/14\/es-tiempo-de-trabajar-no-de-estar-pensando-en-el-2014-gerardo-vargas\/"},"wordCount":273,"commentCount":0,"publisher":{"@id":"https:\/\/fuentesfidedignas.com.mx\/#organization"},"image":{"@id":"https:\/\/fuentesfidedignas.com.mx\/index.php\/2022\/05\/14\/es-tiempo-de-trabajar-no-de-estar-pensando-en-el-2014-gerardo-vargas\/#primaryimage"},"thumbnailUrl":"https:\/\/fuentesfidedignas.com.mx\/wp-content\/uploads\/2022\/05\/IMG-20220514-WA0008.jpg","keywords":["Ayuntamiento de Ahome","Gerardo Vargas Landeros"],"articleSection":["NOTICIAS LOCALES"],"inLanguage":"es","potentialAction":[{"@type":"CommentAction","name":"Comment","target":["https:\/\/fuentesfidedignas.com.mx\/index.php\/2022\/05\/14\/es-tiempo-de-trabajar-no-de-estar-pensando-en-el-2014-gerardo-vargas\/#respond"]}]},{"@type":"WebPage","@id":"https:\/\/fuentesfidedignas.com.mx\/index.php\/2022\/05\/14\/es-tiempo-de-trabajar-no-de-estar-pensando-en-el-2014-gerardo-vargas\/","url":"https:\/\/fuentesfidedignas.com.mx\/index.php\/2022\/05\/14\/es-tiempo-de-trabajar-no-de-estar-pensando-en-el-2014-gerardo-vargas\/","name":"Es tiempo de trabajar, no de estar pensando en el 2014: Gerardo Vargas - Fuentes Fidedignas","isPartOf":{"@id":"https:\/\/fuentesfidedignas.com.mx\/#website"},"primaryImageOfPage":{"@id":"https:\/\/fuentesfidedignas.com.mx\/index.php\/2022\/05\/14\/es-tiempo-de-trabajar-no-de-estar-pensando-en-el-2014-gerardo-vargas\/#primaryimage"},"image":{"@id":"https:\/\/fuentesfidedignas.com.mx\/index.php\/2022\/05\/14\/es-tiempo-de-trabajar-no-de-estar-pensando-en-el-2014-gerardo-vargas\/#primaryimage"},"thumbnailUrl":"https:\/\/fuentesfidedignas.com.mx\/wp-content\/uploads\/2022\/05\/IMG-20220514-WA0008.jpg","datePublished":"2022-05-14T20:49:15+00:00","dateModified":"2022-05-14T20:52:07+00:00","breadcrumb":{"@id":"https:\/\/fuentesfidedignas.com.mx\/index.php\/2022\/05\/14\/es-tiempo-de-trabajar-no-de-estar-pensando-en-el-2014-gerardo-vargas\/#breadcrumb"},"inLanguage":"es","potentialAction":[{"@type":"ReadAction","target":["https:\/\/fuentesfidedignas.com.mx\/index.php\/2022\/05\/14\/es-tiempo-de-trabajar-no-de-estar-pensando-en-el-2014-gerardo-vargas\/"]}]},{"@type":"ImageObject","inLanguage":"es","@id":"https:\/\/fuentesfidedignas.com.mx\/index.php\/2022\/05\/14\/es-tiempo-de-trabajar-no-de-estar-pensando-en-el-2014-gerardo-vargas\/#primaryimage","url":"https:\/\/fuentesfidedignas.com.mx\/wp-content\/uploads\/2022\/05\/IMG-20220514-WA0008.jpg","contentUrl":"https:\/\/fuentesfidedignas.com.mx\/wp-content\/uploads\/2022\/05\/IMG-20220514-WA0008.jpg","width":1599,"height":1066},{"@type":"BreadcrumbList","@id":"https:\/\/fuentesfidedignas.com.mx\/index.php\/2022\/05\/14\/es-tiempo-de-trabajar-no-de-estar-pensando-en-el-2014-gerardo-vargas\/#breadcrumb","itemListElement":[{"@type":"ListItem","position":1,"name":"Inicio","item":"https:\/\/fuentesfidedignas.com.mx\/"},{"@type":"ListItem","position":2,"name":"Es tiempo de trabajar, no de estar pensando en el 2014: Gerardo Vargas"}]},{"@type":"WebSite","@id":"https:\/\/fuentesfidedignas.com.mx\/#website","url":"https:\/\/fuentesfidedignas.com.mx\/","name":"Fuentes Fidedignas","description":"Otro sitio realizado con WordPress","publisher":{"@id":"https:\/\/fuentesfidedignas.com.mx\/#organization"},"potentialAction":[{"@type":"SearchAction","target":{"@type":"EntryPoint","urlTemplate":"https:\/\/fuentesfidedignas.com.mx\/?s={search_term_string}"},"query-input":{"@type":"PropertyValueSpecification","valueRequired":true,"valueName":"search_term_string"}}],"inLanguage":"es"},{"@type":"Organization","@id":"https:\/\/fuentesfidedignas.com.mx\/#organization","name":"Fuentes Fidedignas","url":"https:\/\/fuentesfidedignas.com.mx\/","logo":{"@type":"ImageObject","inLanguage":"es","@id":"https:\/\/fuentesfidedignas.com.mx\/#\/schema\/logo\/image\/","url":"https:\/\/fuentesfidedignas.com.mx\/wp-content\/uploads\/2021\/04\/logo-retina.png","contentUrl":"https:\/\/fuentesfidedignas.com.mx\/wp-content\/uploads\/2021\/04\/logo-retina.png","width":280,"height":51,"caption":"Fuentes Fidedignas"},"image":{"@id":"https:\/\/fuentesfidedignas.com.mx\/#\/schema\/logo\/image\/"},"sameAs":["https:\/\/www.facebook.com\/Fuentes-Fidedignas-368234489921644","https:\/\/x.com\/fidedignas"]},{"@type":"Person","@id":"https:\/\/fuentesfidedignas.com.mx\/#\/schema\/person\/331be9283d37198e2acd5750279085b0","name":"Redacci\u00f3n","image":{"@type":"ImageObject","inLanguage":"es","@id":"https:\/\/secure.gravatar.com\/avatar\/f6d8782c11d12b2d4ad3fbb6931aeab5309937a4d6cd2fc9cfaa28a6396a5aec?s=96&d=mm&r=g","url":"https:\/\/secure.gravatar.com\/avatar\/f6d8782c11d12b2d4ad3fbb6931aeab5309937a4d6cd2fc9cfaa28a6396a5aec?s=96&d=mm&r=g","contentUrl":"https:\/\/secure.gravatar.com\/avatar\/f6d8782c11d12b2d4ad3fbb6931aeab5309937a4d6cd2fc9cfaa28a6396a5aec?s=96&d=mm&r=g","caption":"Redacci\u00f3n"},"url":"https:\/\/fuentesfidedignas.com.mx\/index.php\/author\/redaccion\/"}]}},"_links":{"self":[{"href":"https:\/\/fuentesfidedignas.com.mx\/index.php\/wp-json\/wp\/v2\/posts\/31320","targetHints":{"allow":["GET"]}}],"collection":[{"href":"https:\/\/fuentesfidedignas.com.mx\/index.php\/wp-json\/wp\/v2\/posts"}],"about":[{"href":"https:\/\/fuentesfidedignas.com.mx\/index.php\/wp-json\/wp\/v2\/types\/post"}],"author":[{"embeddable":true,"href":"https:\/\/fuentesfidedignas.com.mx\/index.php\/wp-json\/wp\/v2\/users\/4"}],"replies":[{"embeddable":true,"href":"https:\/\/fuentesfidedignas.com.mx\/index.php\/wp-json\/wp\/v2\/comments?post=31320"}],"version-history":[{"count":1,"href":"https:\/\/fuentesfidedignas.com.mx\/index.php\/wp-json\/wp\/v2\/posts\/31320\/revisions"}],"predecessor-version":[{"id":31321,"href":"https:\/\/fuentesfidedignas.com.mx\/index.php\/wp-json\/wp\/v2\/posts\/31320\/revisions\/31321"}],"wp:featuredmedia":[{"embeddable":true,"href":"https:\/\/fuentesfidedignas.com.mx\/index.php\/wp-json\/wp\/v2\/media\/31322"}],"wp:attachment":[{"href":"https:\/\/fuentesfidedignas.com.mx\/index.php\/wp-json\/wp\/v2\/media?parent=31320"}],"wp:term":[{"taxonomy":"category","embeddable":true,"href":"https:\/\/fuentesfidedignas.com.mx\/index.php\/wp-json\/wp\/v2\/categories?post=31320"},{"taxonomy":"post_tag","embeddable":true,"href":"https:\/\/fuentesfidedignas.com.mx\/index.php\/wp-json\/wp\/v2\/tags?post=31320"}],"curies":[{"name":"wp","href":"https:\/\/api.w.org\/{rel}","templated":true}]}}