{"id":31110,"date":"2022-05-12T14:09:50","date_gmt":"2022-05-12T20:09:50","guid":{"rendered":"https:\/\/fuentesfidedignas.com.mx\/?p=31110"},"modified":"2022-05-12T14:09:52","modified_gmt":"2022-05-12T20:09:52","slug":"este-viernes-se-pagaran-las-400-nuevas-plazas-en-salud","status":"publish","type":"post","link":"https:\/\/fuentesfidedignas.com.mx\/index.php\/2022\/05\/12\/este-viernes-se-pagaran-las-400-nuevas-plazas-en-salud\/","title":{"rendered":"Este viernes se pagar\u00e1n las 400 nuevas plazas en Salud"},"content":{"rendered":"\n<p><strong><em>El secretario Cuitl\u00e1huac Gonz\u00e1lez inform\u00f3 que el pago ser\u00e1 retroactivo a la primera quincena de enero<\/em><\/strong><\/p>\n\n\n\n<p>Culiac\u00e1n, Sin.- Para cumplir con el compromiso hecho por el gobernador Rub\u00e9n Rocha Moya, este viernes 13 de mayo se pagar\u00e1n las 400 plazas para personal precario del sector salud, las cuales ser\u00e1n retroactivas a la primera quincena de enero, y en un segundo paquete se otorgar\u00e1n otras 100 plazas adicionales para el mes de junio.<\/p>\n\n\n\n<p>As\u00ed lo dio a conocer el secretario de Salud, Cuitl\u00e1huac Gonz\u00e1lez Galindo, al explicar que este jueves por la ma\u00f1ana el propio gobernador Rocha encabez\u00f3 la reuni\u00f3n que se celebr\u00f3 con los representantes del Sindicato de Trabajadores del Sector Salud, donde se acord\u00f3 el pago de esas 400 plazas, una vez que se cotejaron cada uno de los expedientes.<\/p>\n\n\n\n<p>\u201cAhorita las oficinas de Recursos Humanos, de Finanzas, est\u00e1n trabajando bastante fuerte para poder cumplir con ese compromiso, y el d\u00eda de ma\u00f1ana (viernes) estaremos haciendo el pago y es algo que despu\u00e9s de hacer una evaluaci\u00f3n logramos concluir\u201d, dijo.<\/p>\n\n\n\n<p>El secretario a\u00f1adi\u00f3 que la instrucci\u00f3n es que dicho pago sea retroactivo a enero, y adelant\u00f3 que entrando el mes de junio se realizar\u00e1 otra evaluaci\u00f3n de selecci\u00f3n de expedientes para otras 100 plazas m\u00e1s, con lo cual se tendr\u00e1n un total de 500 nuevas bases en Salud.<\/p>\n\n\n\n<p>\u201cEsto fue algo que ya se platic\u00f3 con sus l\u00edderes, llegamos a ese acuerdo, y vamos de la mejor manera, sobre todo, cumpliendo con el compromiso del se\u00f1or gobernador de darles certeza, que vean que hay una gran disposici\u00f3n del gobierno de colaborar con la planta trabajadora, que es importante, puesto que de ah\u00ed se da el servicio a nuestros pacientes, a nuestra poblaci\u00f3n, y es un compromiso que tengan una buena atenci\u00f3n de salud\u201d, concluy\u00f3.<\/p>\n","protected":false},"excerpt":{"rendered":"<p>El secretario Cuitl\u00e1huac Gonz\u00e1lez inform\u00f3 que el pago ser\u00e1 retroactivo a la primera quincena de enero Culiac\u00e1n, Sin.- Para cumplir con el compromiso hecho por el gobernador Rub\u00e9n Rocha Moya, este viernes 13 de mayo se pagar\u00e1n las 400 plazas para personal precario del sector salud, las cuales ser\u00e1n retroactivas a la primera quincena de [&hellip;]<\/p>\n","protected":false},"author":11,"featured_media":31111,"comment_status":"open","ping_status":"open","sticky":false,"template":"","format":"standard","meta":{"tdm_status":"","tdm_grid_status":"","footnotes":""},"categories":[38],"tags":[],"class_list":{"0":"post-31110","1":"post","2":"type-post","3":"status-publish","4":"format-standard","5":"has-post-thumbnail","7":"category-noticias-locales"},"yoast_head":"<!-- This site is optimized with the Yoast SEO plugin v27.5 - https:\/\/yoast.com\/product\/yoast-seo-wordpress\/ -->\n<title>Este viernes se pagar\u00e1n las 400 nuevas plazas en Salud - Fuentes Fidedignas<\/title>\n<meta name=\"robots\" content=\"index, follow, max-snippet:-1, max-image-preview:large, max-video-preview:-1\" \/>\n<link rel=\"canonical\" href=\"https:\/\/fuentesfidedignas.com.mx\/index.php\/2022\/05\/12\/este-viernes-se-pagaran-las-400-nuevas-plazas-en-salud\/\" \/>\n<meta property=\"og:locale\" content=\"es_MX\" \/>\n<meta property=\"og:type\" content=\"article\" \/>\n<meta property=\"og:title\" content=\"Este viernes se pagar\u00e1n las 400 nuevas plazas en Salud - Fuentes Fidedignas\" \/>\n<meta property=\"og:description\" content=\"El secretario Cuitl\u00e1huac Gonz\u00e1lez inform\u00f3 que el pago ser\u00e1 retroactivo a la primera quincena de enero Culiac\u00e1n, Sin.- Para cumplir con el compromiso hecho por el gobernador Rub\u00e9n Rocha Moya, este viernes 13 de mayo se pagar\u00e1n las 400 plazas para personal precario del sector salud, las cuales ser\u00e1n retroactivas a la primera quincena de [&hellip;]\" \/>\n<meta property=\"og:url\" content=\"https:\/\/fuentesfidedignas.com.mx\/index.php\/2022\/05\/12\/este-viernes-se-pagaran-las-400-nuevas-plazas-en-salud\/\" \/>\n<meta property=\"og:site_name\" content=\"Fuentes Fidedignas\" \/>\n<meta property=\"article:publisher\" content=\"https:\/\/www.facebook.com\/Fuentes-Fidedignas-368234489921644\" \/>\n<meta property=\"article:published_time\" content=\"2022-05-12T20:09:50+00:00\" \/>\n<meta property=\"article:modified_time\" content=\"2022-05-12T20:09:52+00:00\" \/>\n<meta property=\"og:image\" content=\"https:\/\/fuentesfidedignas.com.mx\/wp-content\/uploads\/2022\/05\/medicos-preparados-atencion-personas-coronavirus_158_46_847_527.jpeg\" \/>\n\t<meta property=\"og:image:width\" content=\"936\" \/>\n\t<meta property=\"og:image:height\" content=\"566\" \/>\n\t<meta property=\"og:image:type\" content=\"image\/jpeg\" \/>\n<meta name=\"author\" content=\"Marissa Palafox\" \/>\n<meta name=\"twitter:card\" content=\"summary_large_image\" \/>\n<meta name=\"twitter:creator\" content=\"@fidedignas\" \/>\n<meta name=\"twitter:site\" content=\"@fidedignas\" \/>\n<meta name=\"twitter:label1\" content=\"Escrito por\" \/>\n\t<meta name=\"twitter:data1\" content=\"Marissa Palafox\" \/>\n\t<meta name=\"twitter:label2\" content=\"Tiempo de lectura\" \/>\n\t<meta name=\"twitter:data2\" content=\"2 minutos\" \/>\n<script type=\"application\/ld+json\" class=\"yoast-schema-graph\">{\"@context\":\"https:\\\/\\\/schema.org\",\"@graph\":[{\"@type\":\"Article\",\"@id\":\"https:\\\/\\\/fuentesfidedignas.com.mx\\\/index.php\\\/2022\\\/05\\\/12\\\/este-viernes-se-pagaran-las-400-nuevas-plazas-en-salud\\\/#article\",\"isPartOf\":{\"@id\":\"https:\\\/\\\/fuentesfidedignas.com.mx\\\/index.php\\\/2022\\\/05\\\/12\\\/este-viernes-se-pagaran-las-400-nuevas-plazas-en-salud\\\/\"},\"author\":{\"name\":\"Marissa Palafox\",\"@id\":\"https:\\\/\\\/fuentesfidedignas.com.mx\\\/#\\\/schema\\\/person\\\/2c10028b4a30078c05a056a215342ab9\"},\"headline\":\"Este viernes se pagar\u00e1n las 400 nuevas plazas en Salud\",\"datePublished\":\"2022-05-12T20:09:50+00:00\",\"dateModified\":\"2022-05-12T20:09:52+00:00\",\"mainEntityOfPage\":{\"@id\":\"https:\\\/\\\/fuentesfidedignas.com.mx\\\/index.php\\\/2022\\\/05\\\/12\\\/este-viernes-se-pagaran-las-400-nuevas-plazas-en-salud\\\/\"},\"wordCount\":327,\"commentCount\":0,\"publisher\":{\"@id\":\"https:\\\/\\\/fuentesfidedignas.com.mx\\\/#organization\"},\"image\":{\"@id\":\"https:\\\/\\\/fuentesfidedignas.com.mx\\\/index.php\\\/2022\\\/05\\\/12\\\/este-viernes-se-pagaran-las-400-nuevas-plazas-en-salud\\\/#primaryimage\"},\"thumbnailUrl\":\"https:\\\/\\\/fuentesfidedignas.com.mx\\\/wp-content\\\/uploads\\\/2022\\\/05\\\/medicos-preparados-atencion-personas-coronavirus_158_46_847_527.jpeg\",\"articleSection\":[\"NOTICIAS LOCALES\"],\"inLanguage\":\"es\",\"potentialAction\":[{\"@type\":\"CommentAction\",\"name\":\"Comment\",\"target\":[\"https:\\\/\\\/fuentesfidedignas.com.mx\\\/index.php\\\/2022\\\/05\\\/12\\\/este-viernes-se-pagaran-las-400-nuevas-plazas-en-salud\\\/#respond\"]}]},{\"@type\":\"WebPage\",\"@id\":\"https:\\\/\\\/fuentesfidedignas.com.mx\\\/index.php\\\/2022\\\/05\\\/12\\\/este-viernes-se-pagaran-las-400-nuevas-plazas-en-salud\\\/\",\"url\":\"https:\\\/\\\/fuentesfidedignas.com.mx\\\/index.php\\\/2022\\\/05\\\/12\\\/este-viernes-se-pagaran-las-400-nuevas-plazas-en-salud\\\/\",\"name\":\"Este viernes se pagar\u00e1n las 400 nuevas plazas en Salud - Fuentes Fidedignas\",\"isPartOf\":{\"@id\":\"https:\\\/\\\/fuentesfidedignas.com.mx\\\/#website\"},\"primaryImageOfPage\":{\"@id\":\"https:\\\/\\\/fuentesfidedignas.com.mx\\\/index.php\\\/2022\\\/05\\\/12\\\/este-viernes-se-pagaran-las-400-nuevas-plazas-en-salud\\\/#primaryimage\"},\"image\":{\"@id\":\"https:\\\/\\\/fuentesfidedignas.com.mx\\\/index.php\\\/2022\\\/05\\\/12\\\/este-viernes-se-pagaran-las-400-nuevas-plazas-en-salud\\\/#primaryimage\"},\"thumbnailUrl\":\"https:\\\/\\\/fuentesfidedignas.com.mx\\\/wp-content\\\/uploads\\\/2022\\\/05\\\/medicos-preparados-atencion-personas-coronavirus_158_46_847_527.jpeg\",\"datePublished\":\"2022-05-12T20:09:50+00:00\",\"dateModified\":\"2022-05-12T20:09:52+00:00\",\"breadcrumb\":{\"@id\":\"https:\\\/\\\/fuentesfidedignas.com.mx\\\/index.php\\\/2022\\\/05\\\/12\\\/este-viernes-se-pagaran-las-400-nuevas-plazas-en-salud\\\/#breadcrumb\"},\"inLanguage\":\"es\",\"potentialAction\":[{\"@type\":\"ReadAction\",\"target\":[\"https:\\\/\\\/fuentesfidedignas.com.mx\\\/index.php\\\/2022\\\/05\\\/12\\\/este-viernes-se-pagaran-las-400-nuevas-plazas-en-salud\\\/\"]}]},{\"@type\":\"ImageObject\",\"inLanguage\":\"es\",\"@id\":\"https:\\\/\\\/fuentesfidedignas.com.mx\\\/index.php\\\/2022\\\/05\\\/12\\\/este-viernes-se-pagaran-las-400-nuevas-plazas-en-salud\\\/#primaryimage\",\"url\":\"https:\\\/\\\/fuentesfidedignas.com.mx\\\/wp-content\\\/uploads\\\/2022\\\/05\\\/medicos-preparados-atencion-personas-coronavirus_158_46_847_527.jpeg\",\"contentUrl\":\"https:\\\/\\\/fuentesfidedignas.com.mx\\\/wp-content\\\/uploads\\\/2022\\\/05\\\/medicos-preparados-atencion-personas-coronavirus_158_46_847_527.jpeg\",\"width\":936,\"height\":566},{\"@type\":\"BreadcrumbList\",\"@id\":\"https:\\\/\\\/fuentesfidedignas.com.mx\\\/index.php\\\/2022\\\/05\\\/12\\\/este-viernes-se-pagaran-las-400-nuevas-plazas-en-salud\\\/#breadcrumb\",\"itemListElement\":[{\"@type\":\"ListItem\",\"position\":1,\"name\":\"Inicio\",\"item\":\"https:\\\/\\\/fuentesfidedignas.com.mx\\\/\"},{\"@type\":\"ListItem\",\"position\":2,\"name\":\"Este viernes se pagar\u00e1n las 400 nuevas plazas en Salud\"}]},{\"@type\":\"WebSite\",\"@id\":\"https:\\\/\\\/fuentesfidedignas.com.mx\\\/#website\",\"url\":\"https:\\\/\\\/fuentesfidedignas.com.mx\\\/\",\"name\":\"Fuentes Fidedignas\",\"description\":\"Otro sitio realizado con WordPress\",\"publisher\":{\"@id\":\"https:\\\/\\\/fuentesfidedignas.com.mx\\\/#organization\"},\"potentialAction\":[{\"@type\":\"SearchAction\",\"target\":{\"@type\":\"EntryPoint\",\"urlTemplate\":\"https:\\\/\\\/fuentesfidedignas.com.mx\\\/?s={search_term_string}\"},\"query-input\":{\"@type\":\"PropertyValueSpecification\",\"valueRequired\":true,\"valueName\":\"search_term_string\"}}],\"inLanguage\":\"es\"},{\"@type\":\"Organization\",\"@id\":\"https:\\\/\\\/fuentesfidedignas.com.mx\\\/#organization\",\"name\":\"Fuentes Fidedignas\",\"url\":\"https:\\\/\\\/fuentesfidedignas.com.mx\\\/\",\"logo\":{\"@type\":\"ImageObject\",\"inLanguage\":\"es\",\"@id\":\"https:\\\/\\\/fuentesfidedignas.com.mx\\\/#\\\/schema\\\/logo\\\/image\\\/\",\"url\":\"https:\\\/\\\/fuentesfidedignas.com.mx\\\/wp-content\\\/uploads\\\/2021\\\/04\\\/logo-retina.png\",\"contentUrl\":\"https:\\\/\\\/fuentesfidedignas.com.mx\\\/wp-content\\\/uploads\\\/2021\\\/04\\\/logo-retina.png\",\"width\":280,\"height\":51,\"caption\":\"Fuentes Fidedignas\"},\"image\":{\"@id\":\"https:\\\/\\\/fuentesfidedignas.com.mx\\\/#\\\/schema\\\/logo\\\/image\\\/\"},\"sameAs\":[\"https:\\\/\\\/www.facebook.com\\\/Fuentes-Fidedignas-368234489921644\",\"https:\\\/\\\/x.com\\\/fidedignas\"]},{\"@type\":\"Person\",\"@id\":\"https:\\\/\\\/fuentesfidedignas.com.mx\\\/#\\\/schema\\\/person\\\/2c10028b4a30078c05a056a215342ab9\",\"name\":\"Marissa Palafox\",\"image\":{\"@type\":\"ImageObject\",\"inLanguage\":\"es\",\"@id\":\"https:\\\/\\\/secure.gravatar.com\\\/avatar\\\/20a43bdb2f2db10f20b22d4e98b96eb027faf98f7f76d29854dc5fab46d1cf71?s=96&d=mm&r=g\",\"url\":\"https:\\\/\\\/secure.gravatar.com\\\/avatar\\\/20a43bdb2f2db10f20b22d4e98b96eb027faf98f7f76d29854dc5fab46d1cf71?s=96&d=mm&r=g\",\"contentUrl\":\"https:\\\/\\\/secure.gravatar.com\\\/avatar\\\/20a43bdb2f2db10f20b22d4e98b96eb027faf98f7f76d29854dc5fab46d1cf71?s=96&d=mm&r=g\",\"caption\":\"Marissa Palafox\"},\"url\":\"https:\\\/\\\/fuentesfidedignas.com.mx\\\/index.php\\\/author\\\/marissa\\\/\"}]}<\/script>\n<!-- \/ Yoast SEO plugin. -->","yoast_head_json":{"title":"Este viernes se pagar\u00e1n las 400 nuevas plazas en Salud - Fuentes Fidedignas","robots":{"index":"index","follow":"follow","max-snippet":"max-snippet:-1","max-image-preview":"max-image-preview:large","max-video-preview":"max-video-preview:-1"},"canonical":"https:\/\/fuentesfidedignas.com.mx\/index.php\/2022\/05\/12\/este-viernes-se-pagaran-las-400-nuevas-plazas-en-salud\/","og_locale":"es_MX","og_type":"article","og_title":"Este viernes se pagar\u00e1n las 400 nuevas plazas en Salud - Fuentes Fidedignas","og_description":"El secretario Cuitl\u00e1huac Gonz\u00e1lez inform\u00f3 que el pago ser\u00e1 retroactivo a la primera quincena de enero Culiac\u00e1n, Sin.- Para cumplir con el compromiso hecho por el gobernador Rub\u00e9n Rocha Moya, este viernes 13 de mayo se pagar\u00e1n las 400 plazas para personal precario del sector salud, las cuales ser\u00e1n retroactivas a la primera quincena de [&hellip;]","og_url":"https:\/\/fuentesfidedignas.com.mx\/index.php\/2022\/05\/12\/este-viernes-se-pagaran-las-400-nuevas-plazas-en-salud\/","og_site_name":"Fuentes Fidedignas","article_publisher":"https:\/\/www.facebook.com\/Fuentes-Fidedignas-368234489921644","article_published_time":"2022-05-12T20:09:50+00:00","article_modified_time":"2022-05-12T20:09:52+00:00","og_image":[{"width":936,"height":566,"url":"https:\/\/fuentesfidedignas.com.mx\/wp-content\/uploads\/2022\/05\/medicos-preparados-atencion-personas-coronavirus_158_46_847_527.jpeg","type":"image\/jpeg"}],"author":"Marissa Palafox","twitter_card":"summary_large_image","twitter_creator":"@fidedignas","twitter_site":"@fidedignas","twitter_misc":{"Escrito por":"Marissa Palafox","Tiempo de lectura":"2 minutos"},"schema":{"@context":"https:\/\/schema.org","@graph":[{"@type":"Article","@id":"https:\/\/fuentesfidedignas.com.mx\/index.php\/2022\/05\/12\/este-viernes-se-pagaran-las-400-nuevas-plazas-en-salud\/#article","isPartOf":{"@id":"https:\/\/fuentesfidedignas.com.mx\/index.php\/2022\/05\/12\/este-viernes-se-pagaran-las-400-nuevas-plazas-en-salud\/"},"author":{"name":"Marissa Palafox","@id":"https:\/\/fuentesfidedignas.com.mx\/#\/schema\/person\/2c10028b4a30078c05a056a215342ab9"},"headline":"Este viernes se pagar\u00e1n las 400 nuevas plazas en Salud","datePublished":"2022-05-12T20:09:50+00:00","dateModified":"2022-05-12T20:09:52+00:00","mainEntityOfPage":{"@id":"https:\/\/fuentesfidedignas.com.mx\/index.php\/2022\/05\/12\/este-viernes-se-pagaran-las-400-nuevas-plazas-en-salud\/"},"wordCount":327,"commentCount":0,"publisher":{"@id":"https:\/\/fuentesfidedignas.com.mx\/#organization"},"image":{"@id":"https:\/\/fuentesfidedignas.com.mx\/index.php\/2022\/05\/12\/este-viernes-se-pagaran-las-400-nuevas-plazas-en-salud\/#primaryimage"},"thumbnailUrl":"https:\/\/fuentesfidedignas.com.mx\/wp-content\/uploads\/2022\/05\/medicos-preparados-atencion-personas-coronavirus_158_46_847_527.jpeg","articleSection":["NOTICIAS LOCALES"],"inLanguage":"es","potentialAction":[{"@type":"CommentAction","name":"Comment","target":["https:\/\/fuentesfidedignas.com.mx\/index.php\/2022\/05\/12\/este-viernes-se-pagaran-las-400-nuevas-plazas-en-salud\/#respond"]}]},{"@type":"WebPage","@id":"https:\/\/fuentesfidedignas.com.mx\/index.php\/2022\/05\/12\/este-viernes-se-pagaran-las-400-nuevas-plazas-en-salud\/","url":"https:\/\/fuentesfidedignas.com.mx\/index.php\/2022\/05\/12\/este-viernes-se-pagaran-las-400-nuevas-plazas-en-salud\/","name":"Este viernes se pagar\u00e1n las 400 nuevas plazas en Salud - Fuentes Fidedignas","isPartOf":{"@id":"https:\/\/fuentesfidedignas.com.mx\/#website"},"primaryImageOfPage":{"@id":"https:\/\/fuentesfidedignas.com.mx\/index.php\/2022\/05\/12\/este-viernes-se-pagaran-las-400-nuevas-plazas-en-salud\/#primaryimage"},"image":{"@id":"https:\/\/fuentesfidedignas.com.mx\/index.php\/2022\/05\/12\/este-viernes-se-pagaran-las-400-nuevas-plazas-en-salud\/#primaryimage"},"thumbnailUrl":"https:\/\/fuentesfidedignas.com.mx\/wp-content\/uploads\/2022\/05\/medicos-preparados-atencion-personas-coronavirus_158_46_847_527.jpeg","datePublished":"2022-05-12T20:09:50+00:00","dateModified":"2022-05-12T20:09:52+00:00","breadcrumb":{"@id":"https:\/\/fuentesfidedignas.com.mx\/index.php\/2022\/05\/12\/este-viernes-se-pagaran-las-400-nuevas-plazas-en-salud\/#breadcrumb"},"inLanguage":"es","potentialAction":[{"@type":"ReadAction","target":["https:\/\/fuentesfidedignas.com.mx\/index.php\/2022\/05\/12\/este-viernes-se-pagaran-las-400-nuevas-plazas-en-salud\/"]}]},{"@type":"ImageObject","inLanguage":"es","@id":"https:\/\/fuentesfidedignas.com.mx\/index.php\/2022\/05\/12\/este-viernes-se-pagaran-las-400-nuevas-plazas-en-salud\/#primaryimage","url":"https:\/\/fuentesfidedignas.com.mx\/wp-content\/uploads\/2022\/05\/medicos-preparados-atencion-personas-coronavirus_158_46_847_527.jpeg","contentUrl":"https:\/\/fuentesfidedignas.com.mx\/wp-content\/uploads\/2022\/05\/medicos-preparados-atencion-personas-coronavirus_158_46_847_527.jpeg","width":936,"height":566},{"@type":"BreadcrumbList","@id":"https:\/\/fuentesfidedignas.com.mx\/index.php\/2022\/05\/12\/este-viernes-se-pagaran-las-400-nuevas-plazas-en-salud\/#breadcrumb","itemListElement":[{"@type":"ListItem","position":1,"name":"Inicio","item":"https:\/\/fuentesfidedignas.com.mx\/"},{"@type":"ListItem","position":2,"name":"Este viernes se pagar\u00e1n las 400 nuevas plazas en Salud"}]},{"@type":"WebSite","@id":"https:\/\/fuentesfidedignas.com.mx\/#website","url":"https:\/\/fuentesfidedignas.com.mx\/","name":"Fuentes Fidedignas","description":"Otro sitio realizado con WordPress","publisher":{"@id":"https:\/\/fuentesfidedignas.com.mx\/#organization"},"potentialAction":[{"@type":"SearchAction","target":{"@type":"EntryPoint","urlTemplate":"https:\/\/fuentesfidedignas.com.mx\/?s={search_term_string}"},"query-input":{"@type":"PropertyValueSpecification","valueRequired":true,"valueName":"search_term_string"}}],"inLanguage":"es"},{"@type":"Organization","@id":"https:\/\/fuentesfidedignas.com.mx\/#organization","name":"Fuentes Fidedignas","url":"https:\/\/fuentesfidedignas.com.mx\/","logo":{"@type":"ImageObject","inLanguage":"es","@id":"https:\/\/fuentesfidedignas.com.mx\/#\/schema\/logo\/image\/","url":"https:\/\/fuentesfidedignas.com.mx\/wp-content\/uploads\/2021\/04\/logo-retina.png","contentUrl":"https:\/\/fuentesfidedignas.com.mx\/wp-content\/uploads\/2021\/04\/logo-retina.png","width":280,"height":51,"caption":"Fuentes Fidedignas"},"image":{"@id":"https:\/\/fuentesfidedignas.com.mx\/#\/schema\/logo\/image\/"},"sameAs":["https:\/\/www.facebook.com\/Fuentes-Fidedignas-368234489921644","https:\/\/x.com\/fidedignas"]},{"@type":"Person","@id":"https:\/\/fuentesfidedignas.com.mx\/#\/schema\/person\/2c10028b4a30078c05a056a215342ab9","name":"Marissa Palafox","image":{"@type":"ImageObject","inLanguage":"es","@id":"https:\/\/secure.gravatar.com\/avatar\/20a43bdb2f2db10f20b22d4e98b96eb027faf98f7f76d29854dc5fab46d1cf71?s=96&d=mm&r=g","url":"https:\/\/secure.gravatar.com\/avatar\/20a43bdb2f2db10f20b22d4e98b96eb027faf98f7f76d29854dc5fab46d1cf71?s=96&d=mm&r=g","contentUrl":"https:\/\/secure.gravatar.com\/avatar\/20a43bdb2f2db10f20b22d4e98b96eb027faf98f7f76d29854dc5fab46d1cf71?s=96&d=mm&r=g","caption":"Marissa Palafox"},"url":"https:\/\/fuentesfidedignas.com.mx\/index.php\/author\/marissa\/"}]}},"_links":{"self":[{"href":"https:\/\/fuentesfidedignas.com.mx\/index.php\/wp-json\/wp\/v2\/posts\/31110","targetHints":{"allow":["GET"]}}],"collection":[{"href":"https:\/\/fuentesfidedignas.com.mx\/index.php\/wp-json\/wp\/v2\/posts"}],"about":[{"href":"https:\/\/fuentesfidedignas.com.mx\/index.php\/wp-json\/wp\/v2\/types\/post"}],"author":[{"embeddable":true,"href":"https:\/\/fuentesfidedignas.com.mx\/index.php\/wp-json\/wp\/v2\/users\/11"}],"replies":[{"embeddable":true,"href":"https:\/\/fuentesfidedignas.com.mx\/index.php\/wp-json\/wp\/v2\/comments?post=31110"}],"version-history":[{"count":1,"href":"https:\/\/fuentesfidedignas.com.mx\/index.php\/wp-json\/wp\/v2\/posts\/31110\/revisions"}],"predecessor-version":[{"id":31112,"href":"https:\/\/fuentesfidedignas.com.mx\/index.php\/wp-json\/wp\/v2\/posts\/31110\/revisions\/31112"}],"wp:featuredmedia":[{"embeddable":true,"href":"https:\/\/fuentesfidedignas.com.mx\/index.php\/wp-json\/wp\/v2\/media\/31111"}],"wp:attachment":[{"href":"https:\/\/fuentesfidedignas.com.mx\/index.php\/wp-json\/wp\/v2\/media?parent=31110"}],"wp:term":[{"taxonomy":"category","embeddable":true,"href":"https:\/\/fuentesfidedignas.com.mx\/index.php\/wp-json\/wp\/v2\/categories?post=31110"},{"taxonomy":"post_tag","embeddable":true,"href":"https:\/\/fuentesfidedignas.com.mx\/index.php\/wp-json\/wp\/v2\/tags?post=31110"}],"curies":[{"name":"wp","href":"https:\/\/api.w.org\/{rel}","templated":true}]}}