{"id":30962,"date":"2022-05-11T17:29:58","date_gmt":"2022-05-11T23:29:58","guid":{"rendered":"https:\/\/fuentesfidedignas.com.mx\/?p=30962"},"modified":"2022-05-11T18:19:32","modified_gmt":"2022-05-12T00:19:32","slug":"remueven-del-cargo-a-cuen-pordemandas-contra-periodistas","status":"publish","type":"post","link":"https:\/\/fuentesfidedignas.com.mx\/index.php\/2022\/05\/11\/remueven-del-cargo-a-cuen-pordemandas-contra-periodistas\/","title":{"rendered":"Remueven del cargo a Cuen por demandas contra Luis Enrique Ram\u00edrez y FF"},"content":{"rendered":"\n<p><strong><em>El gobernador de Sinaloa daba un plazo de 48 horas para comprobrar que funcionarios no tuvieran proceso legal contra comunicadores por su labor<\/em><\/strong><\/p>\n\n\n\n<p>Culiac\u00e1n,  Sin. Luego de que el gobernador <strong>Rub\u00e9n Rocha Moya <\/strong>diera un ultim\u00e1tum a sus funcionarios para que desestimaran demandas contra periodistas, <strong>H\u00e9ctor Melesio Cu\u00e9n Ojeda<\/strong> fue removido de su cargo como secretario de Salud del Gobierno del Estado.<\/p>\n\n\n\n<p>En una circular para los servidores p\u00fablicos, el gobernador de Sinaloa daba un plazo de 48 horas para comprobrar que funcionarios tuvieran proceso legal contra comunicadores por su labor.<\/p>\n\n\n\n<p style=\"margin-top:3px\">El mandatario estatal inform\u00f3 que recibi\u00f3 una llamada de Cu\u00e9n Ojeda, donde se\u00f1alaba que no ten\u00eda recursos contra periodistas, sin embargo no present\u00f3 la documentaci\u00f3n que acreditara su desistimiento en las demandas interpuestas contra <strong>Luis Enrique Ram\u00edrez<\/strong>, el diario <strong>Fuentes Fidedignas y Mar\u00eda Teresa Guerra Ochoa,<\/strong> hoy titular de la Secretar\u00eda de las Mujeres.<\/p>\n\n\n\n<figure class=\"wp-block-image size-large\"><img decoding=\"async\" width=\"730\" height=\"1024\" src=\"https:\/\/fuentesfidedignas.com.mx\/wp-content\/uploads\/2022\/05\/20220511_173158-730x1024.jpg\" alt=\"\" class=\"wp-image-30966\" srcset=\"https:\/\/fuentesfidedignas.com.mx\/wp-content\/uploads\/2022\/05\/20220511_173158-730x1024.jpg 730w, https:\/\/fuentesfidedignas.com.mx\/wp-content\/uploads\/2022\/05\/20220511_173158-214x300.jpg 214w, https:\/\/fuentesfidedignas.com.mx\/wp-content\/uploads\/2022\/05\/20220511_173158-768x1077.jpg 768w, https:\/\/fuentesfidedignas.com.mx\/wp-content\/uploads\/2022\/05\/20220511_173158-1095x1536.jpg 1095w, https:\/\/fuentesfidedignas.com.mx\/wp-content\/uploads\/2022\/05\/20220511_173158.jpg 1168w\" sizes=\"(max-width: 730px) 100vw, 730px\" \/><\/figure>\n\n\n\n<p>A trav\u00e9s de un comunicado, el Gobierno del Estado confirm\u00f3 la acci\u00f3n. <\/p>\n\n\n\n<p><em>Notifica el gobernador Rocha la remoci\u00f3n de H\u00e9ctor Cu\u00e9n al cargo de secretario de salud<\/em><\/p>\n\n\n\n<p><em>* En la circular 01666\/22, se ordenaba a funcionarios retirar demandas contra periodistas, en caso de tenerlas o renunciar a su cargo<\/em><\/p>\n\n\n\n<p>Culiac\u00e1n, Sinaloa, a 11 de mayo del 2022.- Una vez agotado el plazo de 48 horas que dio el gobernador Rub\u00e9n Rocha Moya a los titulares de las Secretar\u00edas y entidades de la administraci\u00f3n p\u00fablica estatal para desistir de demandas contra las y los periodistas por motivo de su actividad profesional, el mandatario estatal ces\u00f3 como secretario de Salud, a H\u00e9ctor Melesio Cu\u00e9n Ojeda, por no haber acatado tal instrucci\u00f3n.<\/p>\n\n\n\n<p>La tarde de este mi\u00e9rcoles, al vencerse dicho plazo de 48 horas del oficio No. 01666\/22 que inici\u00f3 el pasado lunes, el gobernador Rocha notific\u00f3 de manera formal el cese del ahora ex funcionario, quien no present\u00f3 el desistimiento, ni acredit\u00f3 la legal conclusi\u00f3n de los procedimientos instaurados que a continuaci\u00f3n se indican:<\/p>\n\n\n\n<p>Expediente 43\/2016, radicado en el Juzgado Primero de Distrito del Estado de Sinaloa, en contra del C. <strong>Luis Enrique Ram\u00edrez <\/strong>y Fuentes Peri\u00f3dicas Universales y de Contenidos, S. A. de C. V. (<strong><a href=\"https:\/\/fuentesfidedignas.com.mx\/\">Fuentes Fidedignas<\/a><\/strong>), a quienes demand\u00f3 \u201cpor haber ejercido de manera arbitraria y abusiva la libertad de expresi\u00f3n y el derecho a informar\u201d.<\/p>\n\n\n\n<p>Expediente 797\/2018, radicado ante el Juzgado Cuarto del Ramo Civil del Distrito Judicial de Culiac\u00e1n, Sinaloa, en contra de la C. <strong>Mar\u00eda Teresa Guerra Ochoa<\/strong>, a quien demand\u00f3 \u201cpor haber obrado il\u00edcitamente en el ejercicio de la libertad de expresi\u00f3n y derecho a informar y ha causado al suscrito da\u00f1o moral [sic]\u201d.<\/p>\n\n\n\n<p>\u201cAnte su contundencia, le comunico mi decisi\u00f3n de removerlo de su cargo de Secretario de Salud\u201d, finaliza el oficio enviado por el gobernador Rocha.<\/p>\n","protected":false},"excerpt":{"rendered":"<p>El gobernador de Sinaloa daba un plazo de 48 horas para comprobrar que funcionarios no tuvieran proceso legal contra comunicadores por su labor Culiac\u00e1n, Sin. Luego de que el gobernador Rub\u00e9n Rocha Moya diera un ultim\u00e1tum a sus funcionarios para que desestimaran demandas contra periodistas, H\u00e9ctor Melesio Cu\u00e9n Ojeda fue removido de su cargo como [&hellip;]<\/p>\n","protected":false},"author":11,"featured_media":30975,"comment_status":"open","ping_status":"open","sticky":false,"template":"","format":"standard","meta":{"tdm_status":"","tdm_grid_status":"","footnotes":""},"categories":[37],"tags":[],"class_list":{"0":"post-30962","1":"post","2":"type-post","3":"status-publish","4":"format-standard","5":"has-post-thumbnail","7":"category-nota-principal"},"yoast_head":"<!-- This site is optimized with the Yoast SEO plugin v27.5 - https:\/\/yoast.com\/product\/yoast-seo-wordpress\/ -->\n<title>Remueven del cargo a Cuen por demandas contra Luis Enrique Ram\u00edrez y FF - Fuentes Fidedignas<\/title>\n<meta name=\"robots\" content=\"index, follow, max-snippet:-1, max-image-preview:large, max-video-preview:-1\" \/>\n<link rel=\"canonical\" href=\"https:\/\/fuentesfidedignas.com.mx\/index.php\/2022\/05\/11\/remueven-del-cargo-a-cuen-pordemandas-contra-periodistas\/\" \/>\n<meta property=\"og:locale\" content=\"es_MX\" \/>\n<meta property=\"og:type\" content=\"article\" \/>\n<meta property=\"og:title\" content=\"Remueven del cargo a Cuen por demandas contra Luis Enrique Ram\u00edrez y FF - Fuentes Fidedignas\" \/>\n<meta property=\"og:description\" content=\"El gobernador de Sinaloa daba un plazo de 48 horas para comprobrar que funcionarios no tuvieran proceso legal contra comunicadores por su labor Culiac\u00e1n, Sin. Luego de que el gobernador Rub\u00e9n Rocha Moya diera un ultim\u00e1tum a sus funcionarios para que desestimaran demandas contra periodistas, H\u00e9ctor Melesio Cu\u00e9n Ojeda fue removido de su cargo como [&hellip;]\" \/>\n<meta property=\"og:url\" content=\"https:\/\/fuentesfidedignas.com.mx\/index.php\/2022\/05\/11\/remueven-del-cargo-a-cuen-pordemandas-contra-periodistas\/\" \/>\n<meta property=\"og:site_name\" content=\"Fuentes Fidedignas\" \/>\n<meta property=\"article:publisher\" content=\"https:\/\/www.facebook.com\/Fuentes-Fidedignas-368234489921644\" \/>\n<meta property=\"article:published_time\" content=\"2022-05-11T23:29:58+00:00\" \/>\n<meta property=\"article:modified_time\" content=\"2022-05-12T00:19:32+00:00\" \/>\n<meta property=\"og:image\" content=\"https:\/\/fuentesfidedignas.com.mx\/wp-content\/uploads\/2022\/05\/image_editor_output_image-919121120-1652314747912.jpg\" \/>\n\t<meta property=\"og:image:width\" content=\"848\" \/>\n\t<meta property=\"og:image:height\" content=\"587\" \/>\n\t<meta property=\"og:image:type\" content=\"image\/jpeg\" \/>\n<meta name=\"author\" content=\"Marissa Palafox\" \/>\n<meta name=\"twitter:card\" content=\"summary_large_image\" \/>\n<meta name=\"twitter:creator\" content=\"@fidedignas\" \/>\n<meta name=\"twitter:site\" content=\"@fidedignas\" \/>\n<meta name=\"twitter:label1\" content=\"Escrito por\" \/>\n\t<meta name=\"twitter:data1\" content=\"Marissa Palafox\" \/>\n\t<meta name=\"twitter:label2\" content=\"Tiempo de lectura\" \/>\n\t<meta name=\"twitter:data2\" content=\"3 minutos\" \/>\n<script type=\"application\/ld+json\" class=\"yoast-schema-graph\">{\"@context\":\"https:\\\/\\\/schema.org\",\"@graph\":[{\"@type\":\"Article\",\"@id\":\"https:\\\/\\\/fuentesfidedignas.com.mx\\\/index.php\\\/2022\\\/05\\\/11\\\/remueven-del-cargo-a-cuen-pordemandas-contra-periodistas\\\/#article\",\"isPartOf\":{\"@id\":\"https:\\\/\\\/fuentesfidedignas.com.mx\\\/index.php\\\/2022\\\/05\\\/11\\\/remueven-del-cargo-a-cuen-pordemandas-contra-periodistas\\\/\"},\"author\":{\"name\":\"Marissa Palafox\",\"@id\":\"https:\\\/\\\/fuentesfidedignas.com.mx\\\/#\\\/schema\\\/person\\\/2c10028b4a30078c05a056a215342ab9\"},\"headline\":\"Remueven del cargo a Cuen por demandas contra Luis Enrique Ram\u00edrez y FF\",\"datePublished\":\"2022-05-11T23:29:58+00:00\",\"dateModified\":\"2022-05-12T00:19:32+00:00\",\"mainEntityOfPage\":{\"@id\":\"https:\\\/\\\/fuentesfidedignas.com.mx\\\/index.php\\\/2022\\\/05\\\/11\\\/remueven-del-cargo-a-cuen-pordemandas-contra-periodistas\\\/\"},\"wordCount\":489,\"commentCount\":0,\"publisher\":{\"@id\":\"https:\\\/\\\/fuentesfidedignas.com.mx\\\/#organization\"},\"image\":{\"@id\":\"https:\\\/\\\/fuentesfidedignas.com.mx\\\/index.php\\\/2022\\\/05\\\/11\\\/remueven-del-cargo-a-cuen-pordemandas-contra-periodistas\\\/#primaryimage\"},\"thumbnailUrl\":\"https:\\\/\\\/fuentesfidedignas.com.mx\\\/wp-content\\\/uploads\\\/2022\\\/05\\\/image_editor_output_image-919121120-1652314747912.jpg\",\"articleSection\":[\"NOTA PRINCIPAL\"],\"inLanguage\":\"es\",\"potentialAction\":[{\"@type\":\"CommentAction\",\"name\":\"Comment\",\"target\":[\"https:\\\/\\\/fuentesfidedignas.com.mx\\\/index.php\\\/2022\\\/05\\\/11\\\/remueven-del-cargo-a-cuen-pordemandas-contra-periodistas\\\/#respond\"]}]},{\"@type\":\"WebPage\",\"@id\":\"https:\\\/\\\/fuentesfidedignas.com.mx\\\/index.php\\\/2022\\\/05\\\/11\\\/remueven-del-cargo-a-cuen-pordemandas-contra-periodistas\\\/\",\"url\":\"https:\\\/\\\/fuentesfidedignas.com.mx\\\/index.php\\\/2022\\\/05\\\/11\\\/remueven-del-cargo-a-cuen-pordemandas-contra-periodistas\\\/\",\"name\":\"Remueven del cargo a Cuen por demandas contra Luis Enrique Ram\u00edrez y FF - Fuentes Fidedignas\",\"isPartOf\":{\"@id\":\"https:\\\/\\\/fuentesfidedignas.com.mx\\\/#website\"},\"primaryImageOfPage\":{\"@id\":\"https:\\\/\\\/fuentesfidedignas.com.mx\\\/index.php\\\/2022\\\/05\\\/11\\\/remueven-del-cargo-a-cuen-pordemandas-contra-periodistas\\\/#primaryimage\"},\"image\":{\"@id\":\"https:\\\/\\\/fuentesfidedignas.com.mx\\\/index.php\\\/2022\\\/05\\\/11\\\/remueven-del-cargo-a-cuen-pordemandas-contra-periodistas\\\/#primaryimage\"},\"thumbnailUrl\":\"https:\\\/\\\/fuentesfidedignas.com.mx\\\/wp-content\\\/uploads\\\/2022\\\/05\\\/image_editor_output_image-919121120-1652314747912.jpg\",\"datePublished\":\"2022-05-11T23:29:58+00:00\",\"dateModified\":\"2022-05-12T00:19:32+00:00\",\"breadcrumb\":{\"@id\":\"https:\\\/\\\/fuentesfidedignas.com.mx\\\/index.php\\\/2022\\\/05\\\/11\\\/remueven-del-cargo-a-cuen-pordemandas-contra-periodistas\\\/#breadcrumb\"},\"inLanguage\":\"es\",\"potentialAction\":[{\"@type\":\"ReadAction\",\"target\":[\"https:\\\/\\\/fuentesfidedignas.com.mx\\\/index.php\\\/2022\\\/05\\\/11\\\/remueven-del-cargo-a-cuen-pordemandas-contra-periodistas\\\/\"]}]},{\"@type\":\"ImageObject\",\"inLanguage\":\"es\",\"@id\":\"https:\\\/\\\/fuentesfidedignas.com.mx\\\/index.php\\\/2022\\\/05\\\/11\\\/remueven-del-cargo-a-cuen-pordemandas-contra-periodistas\\\/#primaryimage\",\"url\":\"https:\\\/\\\/fuentesfidedignas.com.mx\\\/wp-content\\\/uploads\\\/2022\\\/05\\\/image_editor_output_image-919121120-1652314747912.jpg\",\"contentUrl\":\"https:\\\/\\\/fuentesfidedignas.com.mx\\\/wp-content\\\/uploads\\\/2022\\\/05\\\/image_editor_output_image-919121120-1652314747912.jpg\",\"width\":848,\"height\":587},{\"@type\":\"BreadcrumbList\",\"@id\":\"https:\\\/\\\/fuentesfidedignas.com.mx\\\/index.php\\\/2022\\\/05\\\/11\\\/remueven-del-cargo-a-cuen-pordemandas-contra-periodistas\\\/#breadcrumb\",\"itemListElement\":[{\"@type\":\"ListItem\",\"position\":1,\"name\":\"Inicio\",\"item\":\"https:\\\/\\\/fuentesfidedignas.com.mx\\\/\"},{\"@type\":\"ListItem\",\"position\":2,\"name\":\"Remueven del cargo a Cuen por demandas contra Luis Enrique Ram\u00edrez y FF\"}]},{\"@type\":\"WebSite\",\"@id\":\"https:\\\/\\\/fuentesfidedignas.com.mx\\\/#website\",\"url\":\"https:\\\/\\\/fuentesfidedignas.com.mx\\\/\",\"name\":\"Fuentes Fidedignas\",\"description\":\"Otro sitio realizado con WordPress\",\"publisher\":{\"@id\":\"https:\\\/\\\/fuentesfidedignas.com.mx\\\/#organization\"},\"potentialAction\":[{\"@type\":\"SearchAction\",\"target\":{\"@type\":\"EntryPoint\",\"urlTemplate\":\"https:\\\/\\\/fuentesfidedignas.com.mx\\\/?s={search_term_string}\"},\"query-input\":{\"@type\":\"PropertyValueSpecification\",\"valueRequired\":true,\"valueName\":\"search_term_string\"}}],\"inLanguage\":\"es\"},{\"@type\":\"Organization\",\"@id\":\"https:\\\/\\\/fuentesfidedignas.com.mx\\\/#organization\",\"name\":\"Fuentes Fidedignas\",\"url\":\"https:\\\/\\\/fuentesfidedignas.com.mx\\\/\",\"logo\":{\"@type\":\"ImageObject\",\"inLanguage\":\"es\",\"@id\":\"https:\\\/\\\/fuentesfidedignas.com.mx\\\/#\\\/schema\\\/logo\\\/image\\\/\",\"url\":\"https:\\\/\\\/fuentesfidedignas.com.mx\\\/wp-content\\\/uploads\\\/2021\\\/04\\\/logo-retina.png\",\"contentUrl\":\"https:\\\/\\\/fuentesfidedignas.com.mx\\\/wp-content\\\/uploads\\\/2021\\\/04\\\/logo-retina.png\",\"width\":280,\"height\":51,\"caption\":\"Fuentes Fidedignas\"},\"image\":{\"@id\":\"https:\\\/\\\/fuentesfidedignas.com.mx\\\/#\\\/schema\\\/logo\\\/image\\\/\"},\"sameAs\":[\"https:\\\/\\\/www.facebook.com\\\/Fuentes-Fidedignas-368234489921644\",\"https:\\\/\\\/x.com\\\/fidedignas\"]},{\"@type\":\"Person\",\"@id\":\"https:\\\/\\\/fuentesfidedignas.com.mx\\\/#\\\/schema\\\/person\\\/2c10028b4a30078c05a056a215342ab9\",\"name\":\"Marissa Palafox\",\"image\":{\"@type\":\"ImageObject\",\"inLanguage\":\"es\",\"@id\":\"https:\\\/\\\/secure.gravatar.com\\\/avatar\\\/20a43bdb2f2db10f20b22d4e98b96eb027faf98f7f76d29854dc5fab46d1cf71?s=96&d=mm&r=g\",\"url\":\"https:\\\/\\\/secure.gravatar.com\\\/avatar\\\/20a43bdb2f2db10f20b22d4e98b96eb027faf98f7f76d29854dc5fab46d1cf71?s=96&d=mm&r=g\",\"contentUrl\":\"https:\\\/\\\/secure.gravatar.com\\\/avatar\\\/20a43bdb2f2db10f20b22d4e98b96eb027faf98f7f76d29854dc5fab46d1cf71?s=96&d=mm&r=g\",\"caption\":\"Marissa Palafox\"},\"url\":\"https:\\\/\\\/fuentesfidedignas.com.mx\\\/index.php\\\/author\\\/marissa\\\/\"}]}<\/script>\n<!-- \/ Yoast SEO plugin. -->","yoast_head_json":{"title":"Remueven del cargo a Cuen por demandas contra Luis Enrique Ram\u00edrez y FF - Fuentes Fidedignas","robots":{"index":"index","follow":"follow","max-snippet":"max-snippet:-1","max-image-preview":"max-image-preview:large","max-video-preview":"max-video-preview:-1"},"canonical":"https:\/\/fuentesfidedignas.com.mx\/index.php\/2022\/05\/11\/remueven-del-cargo-a-cuen-pordemandas-contra-periodistas\/","og_locale":"es_MX","og_type":"article","og_title":"Remueven del cargo a Cuen por demandas contra Luis Enrique Ram\u00edrez y FF - Fuentes Fidedignas","og_description":"El gobernador de Sinaloa daba un plazo de 48 horas para comprobrar que funcionarios no tuvieran proceso legal contra comunicadores por su labor Culiac\u00e1n, Sin. Luego de que el gobernador Rub\u00e9n Rocha Moya diera un ultim\u00e1tum a sus funcionarios para que desestimaran demandas contra periodistas, H\u00e9ctor Melesio Cu\u00e9n Ojeda fue removido de su cargo como [&hellip;]","og_url":"https:\/\/fuentesfidedignas.com.mx\/index.php\/2022\/05\/11\/remueven-del-cargo-a-cuen-pordemandas-contra-periodistas\/","og_site_name":"Fuentes Fidedignas","article_publisher":"https:\/\/www.facebook.com\/Fuentes-Fidedignas-368234489921644","article_published_time":"2022-05-11T23:29:58+00:00","article_modified_time":"2022-05-12T00:19:32+00:00","og_image":[{"width":848,"height":587,"url":"https:\/\/fuentesfidedignas.com.mx\/wp-content\/uploads\/2022\/05\/image_editor_output_image-919121120-1652314747912.jpg","type":"image\/jpeg"}],"author":"Marissa Palafox","twitter_card":"summary_large_image","twitter_creator":"@fidedignas","twitter_site":"@fidedignas","twitter_misc":{"Escrito por":"Marissa Palafox","Tiempo de lectura":"3 minutos"},"schema":{"@context":"https:\/\/schema.org","@graph":[{"@type":"Article","@id":"https:\/\/fuentesfidedignas.com.mx\/index.php\/2022\/05\/11\/remueven-del-cargo-a-cuen-pordemandas-contra-periodistas\/#article","isPartOf":{"@id":"https:\/\/fuentesfidedignas.com.mx\/index.php\/2022\/05\/11\/remueven-del-cargo-a-cuen-pordemandas-contra-periodistas\/"},"author":{"name":"Marissa Palafox","@id":"https:\/\/fuentesfidedignas.com.mx\/#\/schema\/person\/2c10028b4a30078c05a056a215342ab9"},"headline":"Remueven del cargo a Cuen por demandas contra Luis Enrique Ram\u00edrez y FF","datePublished":"2022-05-11T23:29:58+00:00","dateModified":"2022-05-12T00:19:32+00:00","mainEntityOfPage":{"@id":"https:\/\/fuentesfidedignas.com.mx\/index.php\/2022\/05\/11\/remueven-del-cargo-a-cuen-pordemandas-contra-periodistas\/"},"wordCount":489,"commentCount":0,"publisher":{"@id":"https:\/\/fuentesfidedignas.com.mx\/#organization"},"image":{"@id":"https:\/\/fuentesfidedignas.com.mx\/index.php\/2022\/05\/11\/remueven-del-cargo-a-cuen-pordemandas-contra-periodistas\/#primaryimage"},"thumbnailUrl":"https:\/\/fuentesfidedignas.com.mx\/wp-content\/uploads\/2022\/05\/image_editor_output_image-919121120-1652314747912.jpg","articleSection":["NOTA PRINCIPAL"],"inLanguage":"es","potentialAction":[{"@type":"CommentAction","name":"Comment","target":["https:\/\/fuentesfidedignas.com.mx\/index.php\/2022\/05\/11\/remueven-del-cargo-a-cuen-pordemandas-contra-periodistas\/#respond"]}]},{"@type":"WebPage","@id":"https:\/\/fuentesfidedignas.com.mx\/index.php\/2022\/05\/11\/remueven-del-cargo-a-cuen-pordemandas-contra-periodistas\/","url":"https:\/\/fuentesfidedignas.com.mx\/index.php\/2022\/05\/11\/remueven-del-cargo-a-cuen-pordemandas-contra-periodistas\/","name":"Remueven del cargo a Cuen por demandas contra Luis Enrique Ram\u00edrez y FF - Fuentes Fidedignas","isPartOf":{"@id":"https:\/\/fuentesfidedignas.com.mx\/#website"},"primaryImageOfPage":{"@id":"https:\/\/fuentesfidedignas.com.mx\/index.php\/2022\/05\/11\/remueven-del-cargo-a-cuen-pordemandas-contra-periodistas\/#primaryimage"},"image":{"@id":"https:\/\/fuentesfidedignas.com.mx\/index.php\/2022\/05\/11\/remueven-del-cargo-a-cuen-pordemandas-contra-periodistas\/#primaryimage"},"thumbnailUrl":"https:\/\/fuentesfidedignas.com.mx\/wp-content\/uploads\/2022\/05\/image_editor_output_image-919121120-1652314747912.jpg","datePublished":"2022-05-11T23:29:58+00:00","dateModified":"2022-05-12T00:19:32+00:00","breadcrumb":{"@id":"https:\/\/fuentesfidedignas.com.mx\/index.php\/2022\/05\/11\/remueven-del-cargo-a-cuen-pordemandas-contra-periodistas\/#breadcrumb"},"inLanguage":"es","potentialAction":[{"@type":"ReadAction","target":["https:\/\/fuentesfidedignas.com.mx\/index.php\/2022\/05\/11\/remueven-del-cargo-a-cuen-pordemandas-contra-periodistas\/"]}]},{"@type":"ImageObject","inLanguage":"es","@id":"https:\/\/fuentesfidedignas.com.mx\/index.php\/2022\/05\/11\/remueven-del-cargo-a-cuen-pordemandas-contra-periodistas\/#primaryimage","url":"https:\/\/fuentesfidedignas.com.mx\/wp-content\/uploads\/2022\/05\/image_editor_output_image-919121120-1652314747912.jpg","contentUrl":"https:\/\/fuentesfidedignas.com.mx\/wp-content\/uploads\/2022\/05\/image_editor_output_image-919121120-1652314747912.jpg","width":848,"height":587},{"@type":"BreadcrumbList","@id":"https:\/\/fuentesfidedignas.com.mx\/index.php\/2022\/05\/11\/remueven-del-cargo-a-cuen-pordemandas-contra-periodistas\/#breadcrumb","itemListElement":[{"@type":"ListItem","position":1,"name":"Inicio","item":"https:\/\/fuentesfidedignas.com.mx\/"},{"@type":"ListItem","position":2,"name":"Remueven del cargo a Cuen por demandas contra Luis Enrique Ram\u00edrez y FF"}]},{"@type":"WebSite","@id":"https:\/\/fuentesfidedignas.com.mx\/#website","url":"https:\/\/fuentesfidedignas.com.mx\/","name":"Fuentes Fidedignas","description":"Otro sitio realizado con WordPress","publisher":{"@id":"https:\/\/fuentesfidedignas.com.mx\/#organization"},"potentialAction":[{"@type":"SearchAction","target":{"@type":"EntryPoint","urlTemplate":"https:\/\/fuentesfidedignas.com.mx\/?s={search_term_string}"},"query-input":{"@type":"PropertyValueSpecification","valueRequired":true,"valueName":"search_term_string"}}],"inLanguage":"es"},{"@type":"Organization","@id":"https:\/\/fuentesfidedignas.com.mx\/#organization","name":"Fuentes Fidedignas","url":"https:\/\/fuentesfidedignas.com.mx\/","logo":{"@type":"ImageObject","inLanguage":"es","@id":"https:\/\/fuentesfidedignas.com.mx\/#\/schema\/logo\/image\/","url":"https:\/\/fuentesfidedignas.com.mx\/wp-content\/uploads\/2021\/04\/logo-retina.png","contentUrl":"https:\/\/fuentesfidedignas.com.mx\/wp-content\/uploads\/2021\/04\/logo-retina.png","width":280,"height":51,"caption":"Fuentes Fidedignas"},"image":{"@id":"https:\/\/fuentesfidedignas.com.mx\/#\/schema\/logo\/image\/"},"sameAs":["https:\/\/www.facebook.com\/Fuentes-Fidedignas-368234489921644","https:\/\/x.com\/fidedignas"]},{"@type":"Person","@id":"https:\/\/fuentesfidedignas.com.mx\/#\/schema\/person\/2c10028b4a30078c05a056a215342ab9","name":"Marissa Palafox","image":{"@type":"ImageObject","inLanguage":"es","@id":"https:\/\/secure.gravatar.com\/avatar\/20a43bdb2f2db10f20b22d4e98b96eb027faf98f7f76d29854dc5fab46d1cf71?s=96&d=mm&r=g","url":"https:\/\/secure.gravatar.com\/avatar\/20a43bdb2f2db10f20b22d4e98b96eb027faf98f7f76d29854dc5fab46d1cf71?s=96&d=mm&r=g","contentUrl":"https:\/\/secure.gravatar.com\/avatar\/20a43bdb2f2db10f20b22d4e98b96eb027faf98f7f76d29854dc5fab46d1cf71?s=96&d=mm&r=g","caption":"Marissa Palafox"},"url":"https:\/\/fuentesfidedignas.com.mx\/index.php\/author\/marissa\/"}]}},"_links":{"self":[{"href":"https:\/\/fuentesfidedignas.com.mx\/index.php\/wp-json\/wp\/v2\/posts\/30962","targetHints":{"allow":["GET"]}}],"collection":[{"href":"https:\/\/fuentesfidedignas.com.mx\/index.php\/wp-json\/wp\/v2\/posts"}],"about":[{"href":"https:\/\/fuentesfidedignas.com.mx\/index.php\/wp-json\/wp\/v2\/types\/post"}],"author":[{"embeddable":true,"href":"https:\/\/fuentesfidedignas.com.mx\/index.php\/wp-json\/wp\/v2\/users\/11"}],"replies":[{"embeddable":true,"href":"https:\/\/fuentesfidedignas.com.mx\/index.php\/wp-json\/wp\/v2\/comments?post=30962"}],"version-history":[{"count":8,"href":"https:\/\/fuentesfidedignas.com.mx\/index.php\/wp-json\/wp\/v2\/posts\/30962\/revisions"}],"predecessor-version":[{"id":30974,"href":"https:\/\/fuentesfidedignas.com.mx\/index.php\/wp-json\/wp\/v2\/posts\/30962\/revisions\/30974"}],"wp:featuredmedia":[{"embeddable":true,"href":"https:\/\/fuentesfidedignas.com.mx\/index.php\/wp-json\/wp\/v2\/media\/30975"}],"wp:attachment":[{"href":"https:\/\/fuentesfidedignas.com.mx\/index.php\/wp-json\/wp\/v2\/media?parent=30962"}],"wp:term":[{"taxonomy":"category","embeddable":true,"href":"https:\/\/fuentesfidedignas.com.mx\/index.php\/wp-json\/wp\/v2\/categories?post=30962"},{"taxonomy":"post_tag","embeddable":true,"href":"https:\/\/fuentesfidedignas.com.mx\/index.php\/wp-json\/wp\/v2\/tags?post=30962"}],"curies":[{"name":"wp","href":"https:\/\/api.w.org\/{rel}","templated":true}]}}