{"id":30879,"date":"2022-05-11T07:10:26","date_gmt":"2022-05-11T13:10:26","guid":{"rendered":"https:\/\/fuentesfidedignas.com.mx\/?p=30879"},"modified":"2022-05-11T07:12:04","modified_gmt":"2022-05-11T13:12:04","slug":"ruben-rocha-moya-entre-los-gobernadores-mejor-evaluados-segun-el-financiero","status":"publish","type":"post","link":"https:\/\/fuentesfidedignas.com.mx\/index.php\/2022\/05\/11\/ruben-rocha-moya-entre-los-gobernadores-mejor-evaluados-segun-el-financiero\/","title":{"rendered":"Rub\u00e9n Rocha Moya entre los gobernadores mejor evaluados, seg\u00fan El Financiero"},"content":{"rendered":"\n<p><strong><em>Cuauht\u00e9moc Blanco, de Morelos, y David Monreal (Zacatecas) aparecen en el fondo de la tabla, seg\u00fan la encuesta<\/em><\/strong><\/p>\n\n\n\n<p>Ciudad de M\u00e9xico.- Los gobernadores m\u00e1s populares actualmente son el panista Mauricio Vila, de Yucat\u00e1n; el morenista Rub\u00e9n Rocha, de Sinaloa, y el panista Mauricio Kuri, de Quer\u00e9taro, seg\u00fan revela una encuesta de <em>EL FINANCIERO<\/em> realizada v\u00eda telef\u00f3nica en las 32 entidades del pa\u00eds, entre el 20 de abril y el 1 de mayo.<\/p>\n\n\n\n<p>De acuerdo con el estudio, Vila obtiene 62 por ciento de aprobaci\u00f3n a su trabajo; Rocha, 61 por ciento, y Kuri, 57 por ciento.<\/p>\n\n\n\n<p>Con niveles de aprobaci\u00f3n entre 54 y 56 por ciento aparecen Ricardo Gallardo, del PVEM, en San Luis Potos\u00ed; la morenista Evelyn Salgado, en Guerrero; el tambi\u00e9n morenista Miguel \u00c1ngel Navarro, en Nayarit; la panista Mar\u00eda Eugenia Galv\u00e1n, en Chihuahua, y la morenista Lorena Cu\u00e9llar, en Tlaxcala.<\/p>\n\n\n\n<p>En Coahuila, Miguel \u00c1ngel Riquelme obtiene 51 por ciento de aprobaci\u00f3n, mientras que, con 50 por ciento, aparecen Claudia Sheinbaum, en la Ciudad de M\u00e9xico; Alfonso Durazo, en Sonora, y Marina del Pilar, en Baja California.<\/p>\n\n\n\n<p>El morenista V\u00edctor Manuel Castro Cos\u00edo, de Baja California Sur, as\u00ed como el panista Mart\u00edn Orozco Sandoval, de Aguascalientes, cuentan con 49 por ciento de aprobaci\u00f3n cada uno.<\/p>\n\n\n\n<p>En un bloque con aprobaci\u00f3n entre 44 y 46 por ciento se ubican el priista Alejandro Murat, de Oaxaca; el panista Jos\u00e9 Rosas Aispuro, de Durango; el emecista Samuel Garc\u00eda, de Nuevo Le\u00f3n; la morenista Layda Sansores, de Campeche, y el aliancista de PAN-PRD, Carlos Joaqu\u00edn Gonz\u00e1lez, de Quintana Roo.<\/p>\n\n\n\n<p>En Tamaulipas, el panista Francisco Javier Garc\u00eda Cabeza de Vaca obtiene 41 por ciento de aprobaci\u00f3n. Con 40 por ciento aparecen tres gobernadores: los morenistas Rutilio Escand\u00f3n, de Chiapas, y Cuitl\u00e1huac Garc\u00eda, de Veracruz, as\u00ed como el panista Diego Sinhue Rodr\u00edguez, de Guanajuato.<\/p>\n\n\n\n<p>Con 39 por ciento de aprobaci\u00f3n en la encuesta aparecen cuatro gobernadores. Tres de ellos son de afiliaci\u00f3n morenista: Indira Vizca\u00edno, de Colima; Miguel Barbosa, de Puebla, y Carlos Merino, de Tabasco. El otro es el priista Omar Fayad, de Hidalgo.<\/p>\n\n\n\n<p>El morenista Alfredo Ram\u00edrez Bedolla cuenta con 37 por ciento de aprobaci\u00f3n en Michoac\u00e1n, un punto arriba del priista Alfredo del Mazo en Estado de M\u00e9xico, con 36 por ciento, y dos arriba del emecista Enrique Alfaro, en Jalisco.<\/p>\n\n\n\n<p>Los dos gobernadores con menor apoyo popular en sus estados son Cuauht\u00e9moc Blanco, con 30 por ciento en Morelos, y el morenista David Monreal, con 28 por ciento en Zacatecas.<\/p>\n\n\n\n<figure class=\"wp-block-image\"><img decoding=\"async\" src=\"https:\/\/www.elfinanciero.com.mx\/resizer\/UB2XHNNsBwVatQ-s3l3x2HNrqgg=\/1440x0\/filters:format(jpg):quality(70)\/cloudfront-us-east-1.images.arcpublishing.com\/elfinanciero\/LZXGR7RVQJF2JLHR23OAZMUEQU.jpg\" alt=\"\"\/><\/figure>\n\n\n\n<p>El promedio general de aprobaci\u00f3n para los gobernadores en el pa\u00eds es de 46 por ciento. Esto es 12 puntos por debajo del nivel de aprobaci\u00f3n que obtiene el presidente Andr\u00e9s Manuel L\u00f3pez Obrador, si se hace el promedio en las 32 entidades.<\/p>\n\n\n\n<p>Para el mandatario federal, su estado natal, Tabasco, es donde cuenta con el mayor n\u00famero de apoyo, con 78 por ciento, mientras que Aguascalientes es donde menos aprobaci\u00f3n tiene, con 40 por ciento.<\/p>\n\n\n\n<p><strong>Metodolog\u00eda<\/strong>: Encuestas realizadas en las 32 entidades federativas a un total de 13 mil 900 mexicanos adultos del 20 de abril al 1 de mayo de 2022. Las entrevistas se hicieron v\u00eda telef\u00f3nica en dos modalidades, con entrevistas personales (44%) y con llamadas robotizadas (56%). Se emple\u00f3 un muestreo probabil\u00edstico de tel\u00e9fonos residenciales y celulares en cada una de las 32 entidades. El n\u00famero de entrevistas por estado vari\u00f3 de 400 a 600. Con un nivel confianza de 95%, el margen de error estimado var\u00eda en un rango de +\/- 4.0% a +\/- 4.8%.<\/p>\n","protected":false},"excerpt":{"rendered":"<p>Cuauht\u00e9moc Blanco, de Morelos, y David Monreal (Zacatecas) aparecen en el fondo de la tabla, seg\u00fan la encuesta Ciudad de M\u00e9xico.- Los gobernadores m\u00e1s populares actualmente son el panista Mauricio Vila, de Yucat\u00e1n; el morenista Rub\u00e9n Rocha, de Sinaloa, y el panista Mauricio Kuri, de Quer\u00e9taro, seg\u00fan revela una encuesta de EL FINANCIERO realizada v\u00eda [&hellip;]<\/p>\n","protected":false},"author":21,"featured_media":26760,"comment_status":"open","ping_status":"open","sticky":false,"template":"","format":"standard","meta":{"tdm_status":"","tdm_grid_status":"","footnotes":""},"categories":[37],"tags":[2757,2758,52],"class_list":{"0":"post-30879","1":"post","2":"type-post","3":"status-publish","4":"format-standard","5":"has-post-thumbnail","7":"category-nota-principal","8":"tag-el-financiero","9":"tag-gobernadores","10":"tag-ruben-rocha-moya"},"yoast_head":"<!-- This site is optimized with the Yoast SEO plugin v27.5 - https:\/\/yoast.com\/product\/yoast-seo-wordpress\/ -->\n<title>Rub\u00e9n Rocha Moya entre los gobernadores mejor evaluados, seg\u00fan El Financiero - Fuentes Fidedignas<\/title>\n<meta name=\"robots\" content=\"index, follow, max-snippet:-1, max-image-preview:large, max-video-preview:-1\" \/>\n<link rel=\"canonical\" href=\"https:\/\/fuentesfidedignas.com.mx\/index.php\/2022\/05\/11\/ruben-rocha-moya-entre-los-gobernadores-mejor-evaluados-segun-el-financiero\/\" \/>\n<meta property=\"og:locale\" content=\"es_MX\" \/>\n<meta property=\"og:type\" content=\"article\" \/>\n<meta property=\"og:title\" content=\"Rub\u00e9n Rocha Moya entre los gobernadores mejor evaluados, seg\u00fan El Financiero - Fuentes Fidedignas\" \/>\n<meta property=\"og:description\" content=\"Cuauht\u00e9moc Blanco, de Morelos, y David Monreal (Zacatecas) aparecen en el fondo de la tabla, seg\u00fan la encuesta Ciudad de M\u00e9xico.- Los gobernadores m\u00e1s populares actualmente son el panista Mauricio Vila, de Yucat\u00e1n; el morenista Rub\u00e9n Rocha, de Sinaloa, y el panista Mauricio Kuri, de Quer\u00e9taro, seg\u00fan revela una encuesta de EL FINANCIERO realizada v\u00eda [&hellip;]\" \/>\n<meta property=\"og:url\" content=\"https:\/\/fuentesfidedignas.com.mx\/index.php\/2022\/05\/11\/ruben-rocha-moya-entre-los-gobernadores-mejor-evaluados-segun-el-financiero\/\" \/>\n<meta property=\"og:site_name\" content=\"Fuentes Fidedignas\" \/>\n<meta property=\"article:publisher\" content=\"https:\/\/www.facebook.com\/Fuentes-Fidedignas-368234489921644\" \/>\n<meta property=\"article:published_time\" content=\"2022-05-11T13:10:26+00:00\" \/>\n<meta property=\"article:modified_time\" content=\"2022-05-11T13:12:04+00:00\" \/>\n<meta property=\"og:image\" content=\"https:\/\/fuentesfidedignas.com.mx\/wp-content\/uploads\/2022\/03\/ROCHA_MOYa.jpg\" \/>\n\t<meta property=\"og:image:width\" content=\"1280\" \/>\n\t<meta property=\"og:image:height\" content=\"853\" \/>\n\t<meta property=\"og:image:type\" content=\"image\/jpeg\" \/>\n<meta name=\"author\" content=\"El Financiero\" \/>\n<meta name=\"twitter:card\" content=\"summary_large_image\" \/>\n<meta name=\"twitter:creator\" content=\"@fidedignas\" \/>\n<meta name=\"twitter:site\" content=\"@fidedignas\" \/>\n<meta name=\"twitter:label1\" content=\"Escrito por\" \/>\n\t<meta name=\"twitter:data1\" content=\"El Financiero\" \/>\n\t<meta name=\"twitter:label2\" content=\"Tiempo de lectura\" \/>\n\t<meta name=\"twitter:data2\" content=\"3 minutos\" \/>\n<script type=\"application\/ld+json\" class=\"yoast-schema-graph\">{\"@context\":\"https:\\\/\\\/schema.org\",\"@graph\":[{\"@type\":\"Article\",\"@id\":\"https:\\\/\\\/fuentesfidedignas.com.mx\\\/index.php\\\/2022\\\/05\\\/11\\\/ruben-rocha-moya-entre-los-gobernadores-mejor-evaluados-segun-el-financiero\\\/#article\",\"isPartOf\":{\"@id\":\"https:\\\/\\\/fuentesfidedignas.com.mx\\\/index.php\\\/2022\\\/05\\\/11\\\/ruben-rocha-moya-entre-los-gobernadores-mejor-evaluados-segun-el-financiero\\\/\"},\"author\":{\"name\":\"El Financiero\",\"@id\":\"https:\\\/\\\/fuentesfidedignas.com.mx\\\/#\\\/schema\\\/person\\\/494f7e0dce8dfaaec5b64f16615b78e9\"},\"headline\":\"Rub\u00e9n Rocha Moya entre los gobernadores mejor evaluados, seg\u00fan El Financiero\",\"datePublished\":\"2022-05-11T13:10:26+00:00\",\"dateModified\":\"2022-05-11T13:12:04+00:00\",\"mainEntityOfPage\":{\"@id\":\"https:\\\/\\\/fuentesfidedignas.com.mx\\\/index.php\\\/2022\\\/05\\\/11\\\/ruben-rocha-moya-entre-los-gobernadores-mejor-evaluados-segun-el-financiero\\\/\"},\"wordCount\":611,\"commentCount\":0,\"publisher\":{\"@id\":\"https:\\\/\\\/fuentesfidedignas.com.mx\\\/#organization\"},\"image\":{\"@id\":\"https:\\\/\\\/fuentesfidedignas.com.mx\\\/index.php\\\/2022\\\/05\\\/11\\\/ruben-rocha-moya-entre-los-gobernadores-mejor-evaluados-segun-el-financiero\\\/#primaryimage\"},\"thumbnailUrl\":\"https:\\\/\\\/fuentesfidedignas.com.mx\\\/wp-content\\\/uploads\\\/2022\\\/03\\\/ROCHA_MOYa.jpg\",\"keywords\":[\"El Financiero\",\"Gobernadores\",\"Rub\u00e9n Rocha Moya\"],\"articleSection\":[\"NOTA PRINCIPAL\"],\"inLanguage\":\"es\",\"potentialAction\":[{\"@type\":\"CommentAction\",\"name\":\"Comment\",\"target\":[\"https:\\\/\\\/fuentesfidedignas.com.mx\\\/index.php\\\/2022\\\/05\\\/11\\\/ruben-rocha-moya-entre-los-gobernadores-mejor-evaluados-segun-el-financiero\\\/#respond\"]}]},{\"@type\":\"WebPage\",\"@id\":\"https:\\\/\\\/fuentesfidedignas.com.mx\\\/index.php\\\/2022\\\/05\\\/11\\\/ruben-rocha-moya-entre-los-gobernadores-mejor-evaluados-segun-el-financiero\\\/\",\"url\":\"https:\\\/\\\/fuentesfidedignas.com.mx\\\/index.php\\\/2022\\\/05\\\/11\\\/ruben-rocha-moya-entre-los-gobernadores-mejor-evaluados-segun-el-financiero\\\/\",\"name\":\"Rub\u00e9n Rocha Moya entre los gobernadores mejor evaluados, seg\u00fan El Financiero - Fuentes Fidedignas\",\"isPartOf\":{\"@id\":\"https:\\\/\\\/fuentesfidedignas.com.mx\\\/#website\"},\"primaryImageOfPage\":{\"@id\":\"https:\\\/\\\/fuentesfidedignas.com.mx\\\/index.php\\\/2022\\\/05\\\/11\\\/ruben-rocha-moya-entre-los-gobernadores-mejor-evaluados-segun-el-financiero\\\/#primaryimage\"},\"image\":{\"@id\":\"https:\\\/\\\/fuentesfidedignas.com.mx\\\/index.php\\\/2022\\\/05\\\/11\\\/ruben-rocha-moya-entre-los-gobernadores-mejor-evaluados-segun-el-financiero\\\/#primaryimage\"},\"thumbnailUrl\":\"https:\\\/\\\/fuentesfidedignas.com.mx\\\/wp-content\\\/uploads\\\/2022\\\/03\\\/ROCHA_MOYa.jpg\",\"datePublished\":\"2022-05-11T13:10:26+00:00\",\"dateModified\":\"2022-05-11T13:12:04+00:00\",\"breadcrumb\":{\"@id\":\"https:\\\/\\\/fuentesfidedignas.com.mx\\\/index.php\\\/2022\\\/05\\\/11\\\/ruben-rocha-moya-entre-los-gobernadores-mejor-evaluados-segun-el-financiero\\\/#breadcrumb\"},\"inLanguage\":\"es\",\"potentialAction\":[{\"@type\":\"ReadAction\",\"target\":[\"https:\\\/\\\/fuentesfidedignas.com.mx\\\/index.php\\\/2022\\\/05\\\/11\\\/ruben-rocha-moya-entre-los-gobernadores-mejor-evaluados-segun-el-financiero\\\/\"]}]},{\"@type\":\"ImageObject\",\"inLanguage\":\"es\",\"@id\":\"https:\\\/\\\/fuentesfidedignas.com.mx\\\/index.php\\\/2022\\\/05\\\/11\\\/ruben-rocha-moya-entre-los-gobernadores-mejor-evaluados-segun-el-financiero\\\/#primaryimage\",\"url\":\"https:\\\/\\\/fuentesfidedignas.com.mx\\\/wp-content\\\/uploads\\\/2022\\\/03\\\/ROCHA_MOYa.jpg\",\"contentUrl\":\"https:\\\/\\\/fuentesfidedignas.com.mx\\\/wp-content\\\/uploads\\\/2022\\\/03\\\/ROCHA_MOYa.jpg\",\"width\":1280,\"height\":853},{\"@type\":\"BreadcrumbList\",\"@id\":\"https:\\\/\\\/fuentesfidedignas.com.mx\\\/index.php\\\/2022\\\/05\\\/11\\\/ruben-rocha-moya-entre-los-gobernadores-mejor-evaluados-segun-el-financiero\\\/#breadcrumb\",\"itemListElement\":[{\"@type\":\"ListItem\",\"position\":1,\"name\":\"Inicio\",\"item\":\"https:\\\/\\\/fuentesfidedignas.com.mx\\\/\"},{\"@type\":\"ListItem\",\"position\":2,\"name\":\"Rub\u00e9n Rocha Moya entre los gobernadores mejor evaluados, seg\u00fan El Financiero\"}]},{\"@type\":\"WebSite\",\"@id\":\"https:\\\/\\\/fuentesfidedignas.com.mx\\\/#website\",\"url\":\"https:\\\/\\\/fuentesfidedignas.com.mx\\\/\",\"name\":\"Fuentes Fidedignas\",\"description\":\"Otro sitio realizado con WordPress\",\"publisher\":{\"@id\":\"https:\\\/\\\/fuentesfidedignas.com.mx\\\/#organization\"},\"potentialAction\":[{\"@type\":\"SearchAction\",\"target\":{\"@type\":\"EntryPoint\",\"urlTemplate\":\"https:\\\/\\\/fuentesfidedignas.com.mx\\\/?s={search_term_string}\"},\"query-input\":{\"@type\":\"PropertyValueSpecification\",\"valueRequired\":true,\"valueName\":\"search_term_string\"}}],\"inLanguage\":\"es\"},{\"@type\":\"Organization\",\"@id\":\"https:\\\/\\\/fuentesfidedignas.com.mx\\\/#organization\",\"name\":\"Fuentes Fidedignas\",\"url\":\"https:\\\/\\\/fuentesfidedignas.com.mx\\\/\",\"logo\":{\"@type\":\"ImageObject\",\"inLanguage\":\"es\",\"@id\":\"https:\\\/\\\/fuentesfidedignas.com.mx\\\/#\\\/schema\\\/logo\\\/image\\\/\",\"url\":\"https:\\\/\\\/fuentesfidedignas.com.mx\\\/wp-content\\\/uploads\\\/2021\\\/04\\\/logo-retina.png\",\"contentUrl\":\"https:\\\/\\\/fuentesfidedignas.com.mx\\\/wp-content\\\/uploads\\\/2021\\\/04\\\/logo-retina.png\",\"width\":280,\"height\":51,\"caption\":\"Fuentes Fidedignas\"},\"image\":{\"@id\":\"https:\\\/\\\/fuentesfidedignas.com.mx\\\/#\\\/schema\\\/logo\\\/image\\\/\"},\"sameAs\":[\"https:\\\/\\\/www.facebook.com\\\/Fuentes-Fidedignas-368234489921644\",\"https:\\\/\\\/x.com\\\/fidedignas\"]},{\"@type\":\"Person\",\"@id\":\"https:\\\/\\\/fuentesfidedignas.com.mx\\\/#\\\/schema\\\/person\\\/494f7e0dce8dfaaec5b64f16615b78e9\",\"name\":\"El Financiero\",\"image\":{\"@type\":\"ImageObject\",\"inLanguage\":\"es\",\"@id\":\"https:\\\/\\\/secure.gravatar.com\\\/avatar\\\/88c0f3f2079389318ef8dd35c22cb997212aa89646e357ba59b318db26ed91a9?s=96&d=mm&r=g\",\"url\":\"https:\\\/\\\/secure.gravatar.com\\\/avatar\\\/88c0f3f2079389318ef8dd35c22cb997212aa89646e357ba59b318db26ed91a9?s=96&d=mm&r=g\",\"contentUrl\":\"https:\\\/\\\/secure.gravatar.com\\\/avatar\\\/88c0f3f2079389318ef8dd35c22cb997212aa89646e357ba59b318db26ed91a9?s=96&d=mm&r=g\",\"caption\":\"El Financiero\"},\"url\":\"https:\\\/\\\/fuentesfidedignas.com.mx\\\/index.php\\\/author\\\/financiero\\\/\"}]}<\/script>\n<!-- \/ Yoast SEO plugin. -->","yoast_head_json":{"title":"Rub\u00e9n Rocha Moya entre los gobernadores mejor evaluados, seg\u00fan El Financiero - Fuentes Fidedignas","robots":{"index":"index","follow":"follow","max-snippet":"max-snippet:-1","max-image-preview":"max-image-preview:large","max-video-preview":"max-video-preview:-1"},"canonical":"https:\/\/fuentesfidedignas.com.mx\/index.php\/2022\/05\/11\/ruben-rocha-moya-entre-los-gobernadores-mejor-evaluados-segun-el-financiero\/","og_locale":"es_MX","og_type":"article","og_title":"Rub\u00e9n Rocha Moya entre los gobernadores mejor evaluados, seg\u00fan El Financiero - Fuentes Fidedignas","og_description":"Cuauht\u00e9moc Blanco, de Morelos, y David Monreal (Zacatecas) aparecen en el fondo de la tabla, seg\u00fan la encuesta Ciudad de M\u00e9xico.- Los gobernadores m\u00e1s populares actualmente son el panista Mauricio Vila, de Yucat\u00e1n; el morenista Rub\u00e9n Rocha, de Sinaloa, y el panista Mauricio Kuri, de Quer\u00e9taro, seg\u00fan revela una encuesta de EL FINANCIERO realizada v\u00eda [&hellip;]","og_url":"https:\/\/fuentesfidedignas.com.mx\/index.php\/2022\/05\/11\/ruben-rocha-moya-entre-los-gobernadores-mejor-evaluados-segun-el-financiero\/","og_site_name":"Fuentes Fidedignas","article_publisher":"https:\/\/www.facebook.com\/Fuentes-Fidedignas-368234489921644","article_published_time":"2022-05-11T13:10:26+00:00","article_modified_time":"2022-05-11T13:12:04+00:00","og_image":[{"width":1280,"height":853,"url":"https:\/\/fuentesfidedignas.com.mx\/wp-content\/uploads\/2022\/03\/ROCHA_MOYa.jpg","type":"image\/jpeg"}],"author":"El Financiero","twitter_card":"summary_large_image","twitter_creator":"@fidedignas","twitter_site":"@fidedignas","twitter_misc":{"Escrito por":"El Financiero","Tiempo de lectura":"3 minutos"},"schema":{"@context":"https:\/\/schema.org","@graph":[{"@type":"Article","@id":"https:\/\/fuentesfidedignas.com.mx\/index.php\/2022\/05\/11\/ruben-rocha-moya-entre-los-gobernadores-mejor-evaluados-segun-el-financiero\/#article","isPartOf":{"@id":"https:\/\/fuentesfidedignas.com.mx\/index.php\/2022\/05\/11\/ruben-rocha-moya-entre-los-gobernadores-mejor-evaluados-segun-el-financiero\/"},"author":{"name":"El Financiero","@id":"https:\/\/fuentesfidedignas.com.mx\/#\/schema\/person\/494f7e0dce8dfaaec5b64f16615b78e9"},"headline":"Rub\u00e9n Rocha Moya entre los gobernadores mejor evaluados, seg\u00fan El Financiero","datePublished":"2022-05-11T13:10:26+00:00","dateModified":"2022-05-11T13:12:04+00:00","mainEntityOfPage":{"@id":"https:\/\/fuentesfidedignas.com.mx\/index.php\/2022\/05\/11\/ruben-rocha-moya-entre-los-gobernadores-mejor-evaluados-segun-el-financiero\/"},"wordCount":611,"commentCount":0,"publisher":{"@id":"https:\/\/fuentesfidedignas.com.mx\/#organization"},"image":{"@id":"https:\/\/fuentesfidedignas.com.mx\/index.php\/2022\/05\/11\/ruben-rocha-moya-entre-los-gobernadores-mejor-evaluados-segun-el-financiero\/#primaryimage"},"thumbnailUrl":"https:\/\/fuentesfidedignas.com.mx\/wp-content\/uploads\/2022\/03\/ROCHA_MOYa.jpg","keywords":["El Financiero","Gobernadores","Rub\u00e9n Rocha Moya"],"articleSection":["NOTA PRINCIPAL"],"inLanguage":"es","potentialAction":[{"@type":"CommentAction","name":"Comment","target":["https:\/\/fuentesfidedignas.com.mx\/index.php\/2022\/05\/11\/ruben-rocha-moya-entre-los-gobernadores-mejor-evaluados-segun-el-financiero\/#respond"]}]},{"@type":"WebPage","@id":"https:\/\/fuentesfidedignas.com.mx\/index.php\/2022\/05\/11\/ruben-rocha-moya-entre-los-gobernadores-mejor-evaluados-segun-el-financiero\/","url":"https:\/\/fuentesfidedignas.com.mx\/index.php\/2022\/05\/11\/ruben-rocha-moya-entre-los-gobernadores-mejor-evaluados-segun-el-financiero\/","name":"Rub\u00e9n Rocha Moya entre los gobernadores mejor evaluados, seg\u00fan El Financiero - Fuentes Fidedignas","isPartOf":{"@id":"https:\/\/fuentesfidedignas.com.mx\/#website"},"primaryImageOfPage":{"@id":"https:\/\/fuentesfidedignas.com.mx\/index.php\/2022\/05\/11\/ruben-rocha-moya-entre-los-gobernadores-mejor-evaluados-segun-el-financiero\/#primaryimage"},"image":{"@id":"https:\/\/fuentesfidedignas.com.mx\/index.php\/2022\/05\/11\/ruben-rocha-moya-entre-los-gobernadores-mejor-evaluados-segun-el-financiero\/#primaryimage"},"thumbnailUrl":"https:\/\/fuentesfidedignas.com.mx\/wp-content\/uploads\/2022\/03\/ROCHA_MOYa.jpg","datePublished":"2022-05-11T13:10:26+00:00","dateModified":"2022-05-11T13:12:04+00:00","breadcrumb":{"@id":"https:\/\/fuentesfidedignas.com.mx\/index.php\/2022\/05\/11\/ruben-rocha-moya-entre-los-gobernadores-mejor-evaluados-segun-el-financiero\/#breadcrumb"},"inLanguage":"es","potentialAction":[{"@type":"ReadAction","target":["https:\/\/fuentesfidedignas.com.mx\/index.php\/2022\/05\/11\/ruben-rocha-moya-entre-los-gobernadores-mejor-evaluados-segun-el-financiero\/"]}]},{"@type":"ImageObject","inLanguage":"es","@id":"https:\/\/fuentesfidedignas.com.mx\/index.php\/2022\/05\/11\/ruben-rocha-moya-entre-los-gobernadores-mejor-evaluados-segun-el-financiero\/#primaryimage","url":"https:\/\/fuentesfidedignas.com.mx\/wp-content\/uploads\/2022\/03\/ROCHA_MOYa.jpg","contentUrl":"https:\/\/fuentesfidedignas.com.mx\/wp-content\/uploads\/2022\/03\/ROCHA_MOYa.jpg","width":1280,"height":853},{"@type":"BreadcrumbList","@id":"https:\/\/fuentesfidedignas.com.mx\/index.php\/2022\/05\/11\/ruben-rocha-moya-entre-los-gobernadores-mejor-evaluados-segun-el-financiero\/#breadcrumb","itemListElement":[{"@type":"ListItem","position":1,"name":"Inicio","item":"https:\/\/fuentesfidedignas.com.mx\/"},{"@type":"ListItem","position":2,"name":"Rub\u00e9n Rocha Moya entre los gobernadores mejor evaluados, seg\u00fan El Financiero"}]},{"@type":"WebSite","@id":"https:\/\/fuentesfidedignas.com.mx\/#website","url":"https:\/\/fuentesfidedignas.com.mx\/","name":"Fuentes Fidedignas","description":"Otro sitio realizado con WordPress","publisher":{"@id":"https:\/\/fuentesfidedignas.com.mx\/#organization"},"potentialAction":[{"@type":"SearchAction","target":{"@type":"EntryPoint","urlTemplate":"https:\/\/fuentesfidedignas.com.mx\/?s={search_term_string}"},"query-input":{"@type":"PropertyValueSpecification","valueRequired":true,"valueName":"search_term_string"}}],"inLanguage":"es"},{"@type":"Organization","@id":"https:\/\/fuentesfidedignas.com.mx\/#organization","name":"Fuentes Fidedignas","url":"https:\/\/fuentesfidedignas.com.mx\/","logo":{"@type":"ImageObject","inLanguage":"es","@id":"https:\/\/fuentesfidedignas.com.mx\/#\/schema\/logo\/image\/","url":"https:\/\/fuentesfidedignas.com.mx\/wp-content\/uploads\/2021\/04\/logo-retina.png","contentUrl":"https:\/\/fuentesfidedignas.com.mx\/wp-content\/uploads\/2021\/04\/logo-retina.png","width":280,"height":51,"caption":"Fuentes Fidedignas"},"image":{"@id":"https:\/\/fuentesfidedignas.com.mx\/#\/schema\/logo\/image\/"},"sameAs":["https:\/\/www.facebook.com\/Fuentes-Fidedignas-368234489921644","https:\/\/x.com\/fidedignas"]},{"@type":"Person","@id":"https:\/\/fuentesfidedignas.com.mx\/#\/schema\/person\/494f7e0dce8dfaaec5b64f16615b78e9","name":"El Financiero","image":{"@type":"ImageObject","inLanguage":"es","@id":"https:\/\/secure.gravatar.com\/avatar\/88c0f3f2079389318ef8dd35c22cb997212aa89646e357ba59b318db26ed91a9?s=96&d=mm&r=g","url":"https:\/\/secure.gravatar.com\/avatar\/88c0f3f2079389318ef8dd35c22cb997212aa89646e357ba59b318db26ed91a9?s=96&d=mm&r=g","contentUrl":"https:\/\/secure.gravatar.com\/avatar\/88c0f3f2079389318ef8dd35c22cb997212aa89646e357ba59b318db26ed91a9?s=96&d=mm&r=g","caption":"El Financiero"},"url":"https:\/\/fuentesfidedignas.com.mx\/index.php\/author\/financiero\/"}]}},"_links":{"self":[{"href":"https:\/\/fuentesfidedignas.com.mx\/index.php\/wp-json\/wp\/v2\/posts\/30879","targetHints":{"allow":["GET"]}}],"collection":[{"href":"https:\/\/fuentesfidedignas.com.mx\/index.php\/wp-json\/wp\/v2\/posts"}],"about":[{"href":"https:\/\/fuentesfidedignas.com.mx\/index.php\/wp-json\/wp\/v2\/types\/post"}],"author":[{"embeddable":true,"href":"https:\/\/fuentesfidedignas.com.mx\/index.php\/wp-json\/wp\/v2\/users\/21"}],"replies":[{"embeddable":true,"href":"https:\/\/fuentesfidedignas.com.mx\/index.php\/wp-json\/wp\/v2\/comments?post=30879"}],"version-history":[{"count":4,"href":"https:\/\/fuentesfidedignas.com.mx\/index.php\/wp-json\/wp\/v2\/posts\/30879\/revisions"}],"predecessor-version":[{"id":30884,"href":"https:\/\/fuentesfidedignas.com.mx\/index.php\/wp-json\/wp\/v2\/posts\/30879\/revisions\/30884"}],"wp:featuredmedia":[{"embeddable":true,"href":"https:\/\/fuentesfidedignas.com.mx\/index.php\/wp-json\/wp\/v2\/media\/26760"}],"wp:attachment":[{"href":"https:\/\/fuentesfidedignas.com.mx\/index.php\/wp-json\/wp\/v2\/media?parent=30879"}],"wp:term":[{"taxonomy":"category","embeddable":true,"href":"https:\/\/fuentesfidedignas.com.mx\/index.php\/wp-json\/wp\/v2\/categories?post=30879"},{"taxonomy":"post_tag","embeddable":true,"href":"https:\/\/fuentesfidedignas.com.mx\/index.php\/wp-json\/wp\/v2\/tags?post=30879"}],"curies":[{"name":"wp","href":"https:\/\/api.w.org\/{rel}","templated":true}]}}