{"id":30804,"date":"2022-05-10T09:26:12","date_gmt":"2022-05-10T15:26:12","guid":{"rendered":"https:\/\/fuentesfidedignas.com.mx\/?p=30804"},"modified":"2022-05-10T09:37:50","modified_gmt":"2022-05-10T15:37:50","slug":"amlo-felicita-a-las-mamas-y-convierte-mananera-en-festival-por-dia-de-las-madres","status":"publish","type":"post","link":"https:\/\/fuentesfidedignas.com.mx\/index.php\/2022\/05\/10\/amlo-felicita-a-las-mamas-y-convierte-mananera-en-festival-por-dia-de-las-madres\/","title":{"rendered":"AMLO felicita a las mam\u00e1s y convierte ma\u00f1anera en festival por D\u00eda de las Madres"},"content":{"rendered":"\n<p><br><strong><em>L\u00f3pez Obrador dedic\u00f3 unas palabras a todas las madres, a las que a\u00fan viven y a las \u2018que ya se nos adelantaron\u2019 <\/em><\/strong><\/p>\n\n\n\n<p>Ciudad de M\u00e9xico.  El presidente<strong>&nbsp;Andr\u00e9s Manuel L\u00f3pez Obrador (<a href=\"https:\/\/noticieros.televisa.com\/politica\/\" target=\"_blank\" rel=\"noreferrer noopener\">AMLO<\/a>)<\/strong>&nbsp;felicit\u00f3 a todas las mam\u00e1s de M\u00e9xico por el&nbsp;<strong><a href=\"https:\/\/noticieros.televisa.com\/tag\/dia-de-las-madres\/\">D\u00eda de las Madres<\/a>,&nbsp;<\/strong>que se celebra hoy, 10 de mayo de 2022, y convirti\u00f3 la&nbsp;<a href=\"https:\/\/noticieros.televisa.com\/ultimas-noticias\/amlo-hoy-conferencia-mananera-10-mayo-2022\/\" target=\"_blank\" rel=\"noreferrer noopener\"><strong>conferencia ma\u00f1anera<\/strong><\/a>&nbsp;en un festival con m\u00fasica veracruzana.<\/p>\n\n\n\n<p>\u201cAntes que nada nuestras m\u00e1s sinceras y afectuosas, cari\u00f1osas, felicitaciones a las mam\u00e1s, a las que est\u00e1n en nuestro pa\u00eds, a las que est\u00e1n en extranjero, a las que todav\u00eda nos acompa\u00f1an, a las que ya se fueron, se los adelantaron, pero las recordamos siempre con mucho cari\u00f1o\u201d, mencion\u00f3 L\u00f3pez Obrador al iniciar la conferencia ma\u00f1anera.<\/p>\n\n\n\n<figure class=\"wp-block-embed is-type-video is-provider-youtube wp-block-embed-youtube wp-embed-aspect-16-9 wp-has-aspect-ratio\"><div class=\"wp-block-embed__wrapper\">\n<iframe loading=\"lazy\" title=\"Conferencia matutina AMLO \/ 10 de mayo 2022\" width=\"696\" height=\"392\" src=\"https:\/\/www.youtube.com\/embed\/hJJh5telCOY?feature=oembed\" frameborder=\"0\" allow=\"accelerometer; autoplay; clipboard-write; encrypted-media; gyroscope; picture-in-picture\" allowfullscreen><\/iframe>\n<\/div><\/figure>\n\n\n\n<p>El presidente felicit\u00f3 a todas las mam\u00e1s, a las que est\u00e1n sufriendo por sus hijos, por los desaparecidos, a las que est\u00e1n enfermas o preocupadas por familiares enfermos, a las mujeres humildes de todas las comunidades y pueblos, a las mujeres trabajadoras.<\/p>\n\n\n\n<p>Al final de la conferencia ma\u00f1anera, el grupo musical \u201cVeracruz me llena de orgullo\u201d ofreci\u00f3 un festival para las mam\u00e1s de M\u00e9xico.<\/p>\n\n\n\n<p>El festival musical inici\u00f3 con Las Ma\u00f1anitas, seguido de un selecto repertorio de temas y bailables veracruzanos.<\/p>\n\n\n\n<p><\/p>\n","protected":false},"excerpt":{"rendered":"<p>L\u00f3pez Obrador dedic\u00f3 unas palabras a todas las madres, a las que a\u00fan viven y a las \u2018que ya se nos adelantaron\u2019 Ciudad de M\u00e9xico. El presidente&nbsp;Andr\u00e9s Manuel L\u00f3pez Obrador (AMLO)&nbsp;felicit\u00f3 a todas las mam\u00e1s de M\u00e9xico por el&nbsp;D\u00eda de las Madres,&nbsp;que se celebra hoy, 10 de mayo de 2022, y convirti\u00f3 la&nbsp;conferencia ma\u00f1anera&nbsp;en un [&hellip;]<\/p>\n","protected":false},"author":46,"featured_media":30806,"comment_status":"open","ping_status":"open","sticky":false,"template":"","format":"standard","meta":{"tdm_status":"","tdm_grid_status":"","footnotes":""},"categories":[39],"tags":[247,297,300],"class_list":{"0":"post-30804","1":"post","2":"type-post","3":"status-publish","4":"format-standard","5":"has-post-thumbnail","7":"category-noticias-nacionales","8":"tag-amlo","9":"tag-andres-manuel-lopez-obrador","10":"tag-dia-de-las-madres"},"yoast_head":"<!-- This site is optimized with the Yoast SEO plugin v27.5 - https:\/\/yoast.com\/product\/yoast-seo-wordpress\/ -->\n<title>AMLO felicita a las mam\u00e1s y convierte ma\u00f1anera en festival por D\u00eda de las Madres - Fuentes Fidedignas<\/title>\n<meta name=\"robots\" content=\"index, follow, max-snippet:-1, max-image-preview:large, max-video-preview:-1\" \/>\n<link rel=\"canonical\" href=\"https:\/\/fuentesfidedignas.com.mx\/index.php\/2022\/05\/10\/amlo-felicita-a-las-mamas-y-convierte-mananera-en-festival-por-dia-de-las-madres\/\" \/>\n<meta property=\"og:locale\" content=\"es_MX\" \/>\n<meta property=\"og:type\" content=\"article\" \/>\n<meta property=\"og:title\" content=\"AMLO felicita a las mam\u00e1s y convierte ma\u00f1anera en festival por D\u00eda de las Madres - Fuentes Fidedignas\" \/>\n<meta property=\"og:description\" content=\"L\u00f3pez Obrador dedic\u00f3 unas palabras a todas las madres, a las que a\u00fan viven y a las \u2018que ya se nos adelantaron\u2019 Ciudad de M\u00e9xico. El presidente&nbsp;Andr\u00e9s Manuel L\u00f3pez Obrador (AMLO)&nbsp;felicit\u00f3 a todas las mam\u00e1s de M\u00e9xico por el&nbsp;D\u00eda de las Madres,&nbsp;que se celebra hoy, 10 de mayo de 2022, y convirti\u00f3 la&nbsp;conferencia ma\u00f1anera&nbsp;en un [&hellip;]\" \/>\n<meta property=\"og:url\" content=\"https:\/\/fuentesfidedignas.com.mx\/index.php\/2022\/05\/10\/amlo-felicita-a-las-mamas-y-convierte-mananera-en-festival-por-dia-de-las-madres\/\" \/>\n<meta property=\"og:site_name\" content=\"Fuentes Fidedignas\" \/>\n<meta property=\"article:publisher\" content=\"https:\/\/www.facebook.com\/Fuentes-Fidedignas-368234489921644\" \/>\n<meta property=\"article:published_time\" content=\"2022-05-10T15:26:12+00:00\" \/>\n<meta property=\"article:modified_time\" content=\"2022-05-10T15:37:50+00:00\" \/>\n<meta property=\"og:image\" content=\"https:\/\/fuentesfidedignas.com.mx\/wp-content\/uploads\/2022\/05\/HRHXDQ6F7VA2LOVMJARIMK6EJ4.jpeg\" \/>\n\t<meta property=\"og:image:width\" content=\"440\" \/>\n\t<meta property=\"og:image:height\" content=\"248\" \/>\n\t<meta property=\"og:image:type\" content=\"image\/jpeg\" \/>\n<meta name=\"author\" content=\"Noticieros Televisa\" \/>\n<meta name=\"twitter:card\" content=\"summary_large_image\" \/>\n<meta name=\"twitter:creator\" content=\"@fidedignas\" \/>\n<meta name=\"twitter:site\" content=\"@fidedignas\" \/>\n<meta name=\"twitter:label1\" content=\"Escrito por\" \/>\n\t<meta name=\"twitter:data1\" content=\"Noticieros Televisa\" \/>\n\t<meta name=\"twitter:label2\" content=\"Tiempo de lectura\" \/>\n\t<meta name=\"twitter:data2\" content=\"1 minuto\" \/>\n<script type=\"application\/ld+json\" class=\"yoast-schema-graph\">{\"@context\":\"https:\\\/\\\/schema.org\",\"@graph\":[{\"@type\":\"Article\",\"@id\":\"https:\\\/\\\/fuentesfidedignas.com.mx\\\/index.php\\\/2022\\\/05\\\/10\\\/amlo-felicita-a-las-mamas-y-convierte-mananera-en-festival-por-dia-de-las-madres\\\/#article\",\"isPartOf\":{\"@id\":\"https:\\\/\\\/fuentesfidedignas.com.mx\\\/index.php\\\/2022\\\/05\\\/10\\\/amlo-felicita-a-las-mamas-y-convierte-mananera-en-festival-por-dia-de-las-madres\\\/\"},\"author\":{\"name\":\"Noticieros Televisa\",\"@id\":\"https:\\\/\\\/fuentesfidedignas.com.mx\\\/#\\\/schema\\\/person\\\/f030e42657a5a464a8bbd891b1aab6ee\"},\"headline\":\"AMLO felicita a las mam\u00e1s y convierte ma\u00f1anera en festival por D\u00eda de las Madres\",\"datePublished\":\"2022-05-10T15:26:12+00:00\",\"dateModified\":\"2022-05-10T15:37:50+00:00\",\"mainEntityOfPage\":{\"@id\":\"https:\\\/\\\/fuentesfidedignas.com.mx\\\/index.php\\\/2022\\\/05\\\/10\\\/amlo-felicita-a-las-mamas-y-convierte-mananera-en-festival-por-dia-de-las-madres\\\/\"},\"wordCount\":257,\"commentCount\":0,\"publisher\":{\"@id\":\"https:\\\/\\\/fuentesfidedignas.com.mx\\\/#organization\"},\"image\":{\"@id\":\"https:\\\/\\\/fuentesfidedignas.com.mx\\\/index.php\\\/2022\\\/05\\\/10\\\/amlo-felicita-a-las-mamas-y-convierte-mananera-en-festival-por-dia-de-las-madres\\\/#primaryimage\"},\"thumbnailUrl\":\"https:\\\/\\\/fuentesfidedignas.com.mx\\\/wp-content\\\/uploads\\\/2022\\\/05\\\/HRHXDQ6F7VA2LOVMJARIMK6EJ4.jpeg\",\"keywords\":[\"AMLO\",\"Andr\u00e9s Manuel L\u00f3pez Obrador\",\"D\u00eda de las Madres\"],\"articleSection\":[\"NOTICIAS NACIONALES\"],\"inLanguage\":\"es\",\"potentialAction\":[{\"@type\":\"CommentAction\",\"name\":\"Comment\",\"target\":[\"https:\\\/\\\/fuentesfidedignas.com.mx\\\/index.php\\\/2022\\\/05\\\/10\\\/amlo-felicita-a-las-mamas-y-convierte-mananera-en-festival-por-dia-de-las-madres\\\/#respond\"]}]},{\"@type\":\"WebPage\",\"@id\":\"https:\\\/\\\/fuentesfidedignas.com.mx\\\/index.php\\\/2022\\\/05\\\/10\\\/amlo-felicita-a-las-mamas-y-convierte-mananera-en-festival-por-dia-de-las-madres\\\/\",\"url\":\"https:\\\/\\\/fuentesfidedignas.com.mx\\\/index.php\\\/2022\\\/05\\\/10\\\/amlo-felicita-a-las-mamas-y-convierte-mananera-en-festival-por-dia-de-las-madres\\\/\",\"name\":\"AMLO felicita a las mam\u00e1s y convierte ma\u00f1anera en festival por D\u00eda de las Madres - Fuentes Fidedignas\",\"isPartOf\":{\"@id\":\"https:\\\/\\\/fuentesfidedignas.com.mx\\\/#website\"},\"primaryImageOfPage\":{\"@id\":\"https:\\\/\\\/fuentesfidedignas.com.mx\\\/index.php\\\/2022\\\/05\\\/10\\\/amlo-felicita-a-las-mamas-y-convierte-mananera-en-festival-por-dia-de-las-madres\\\/#primaryimage\"},\"image\":{\"@id\":\"https:\\\/\\\/fuentesfidedignas.com.mx\\\/index.php\\\/2022\\\/05\\\/10\\\/amlo-felicita-a-las-mamas-y-convierte-mananera-en-festival-por-dia-de-las-madres\\\/#primaryimage\"},\"thumbnailUrl\":\"https:\\\/\\\/fuentesfidedignas.com.mx\\\/wp-content\\\/uploads\\\/2022\\\/05\\\/HRHXDQ6F7VA2LOVMJARIMK6EJ4.jpeg\",\"datePublished\":\"2022-05-10T15:26:12+00:00\",\"dateModified\":\"2022-05-10T15:37:50+00:00\",\"breadcrumb\":{\"@id\":\"https:\\\/\\\/fuentesfidedignas.com.mx\\\/index.php\\\/2022\\\/05\\\/10\\\/amlo-felicita-a-las-mamas-y-convierte-mananera-en-festival-por-dia-de-las-madres\\\/#breadcrumb\"},\"inLanguage\":\"es\",\"potentialAction\":[{\"@type\":\"ReadAction\",\"target\":[\"https:\\\/\\\/fuentesfidedignas.com.mx\\\/index.php\\\/2022\\\/05\\\/10\\\/amlo-felicita-a-las-mamas-y-convierte-mananera-en-festival-por-dia-de-las-madres\\\/\"]}]},{\"@type\":\"ImageObject\",\"inLanguage\":\"es\",\"@id\":\"https:\\\/\\\/fuentesfidedignas.com.mx\\\/index.php\\\/2022\\\/05\\\/10\\\/amlo-felicita-a-las-mamas-y-convierte-mananera-en-festival-por-dia-de-las-madres\\\/#primaryimage\",\"url\":\"https:\\\/\\\/fuentesfidedignas.com.mx\\\/wp-content\\\/uploads\\\/2022\\\/05\\\/HRHXDQ6F7VA2LOVMJARIMK6EJ4.jpeg\",\"contentUrl\":\"https:\\\/\\\/fuentesfidedignas.com.mx\\\/wp-content\\\/uploads\\\/2022\\\/05\\\/HRHXDQ6F7VA2LOVMJARIMK6EJ4.jpeg\",\"width\":440,\"height\":248},{\"@type\":\"BreadcrumbList\",\"@id\":\"https:\\\/\\\/fuentesfidedignas.com.mx\\\/index.php\\\/2022\\\/05\\\/10\\\/amlo-felicita-a-las-mamas-y-convierte-mananera-en-festival-por-dia-de-las-madres\\\/#breadcrumb\",\"itemListElement\":[{\"@type\":\"ListItem\",\"position\":1,\"name\":\"Inicio\",\"item\":\"https:\\\/\\\/fuentesfidedignas.com.mx\\\/\"},{\"@type\":\"ListItem\",\"position\":2,\"name\":\"AMLO felicita a las mam\u00e1s y convierte ma\u00f1anera en festival por D\u00eda de las Madres\"}]},{\"@type\":\"WebSite\",\"@id\":\"https:\\\/\\\/fuentesfidedignas.com.mx\\\/#website\",\"url\":\"https:\\\/\\\/fuentesfidedignas.com.mx\\\/\",\"name\":\"Fuentes Fidedignas\",\"description\":\"Otro sitio realizado con WordPress\",\"publisher\":{\"@id\":\"https:\\\/\\\/fuentesfidedignas.com.mx\\\/#organization\"},\"potentialAction\":[{\"@type\":\"SearchAction\",\"target\":{\"@type\":\"EntryPoint\",\"urlTemplate\":\"https:\\\/\\\/fuentesfidedignas.com.mx\\\/?s={search_term_string}\"},\"query-input\":{\"@type\":\"PropertyValueSpecification\",\"valueRequired\":true,\"valueName\":\"search_term_string\"}}],\"inLanguage\":\"es\"},{\"@type\":\"Organization\",\"@id\":\"https:\\\/\\\/fuentesfidedignas.com.mx\\\/#organization\",\"name\":\"Fuentes Fidedignas\",\"url\":\"https:\\\/\\\/fuentesfidedignas.com.mx\\\/\",\"logo\":{\"@type\":\"ImageObject\",\"inLanguage\":\"es\",\"@id\":\"https:\\\/\\\/fuentesfidedignas.com.mx\\\/#\\\/schema\\\/logo\\\/image\\\/\",\"url\":\"https:\\\/\\\/fuentesfidedignas.com.mx\\\/wp-content\\\/uploads\\\/2021\\\/04\\\/logo-retina.png\",\"contentUrl\":\"https:\\\/\\\/fuentesfidedignas.com.mx\\\/wp-content\\\/uploads\\\/2021\\\/04\\\/logo-retina.png\",\"width\":280,\"height\":51,\"caption\":\"Fuentes Fidedignas\"},\"image\":{\"@id\":\"https:\\\/\\\/fuentesfidedignas.com.mx\\\/#\\\/schema\\\/logo\\\/image\\\/\"},\"sameAs\":[\"https:\\\/\\\/www.facebook.com\\\/Fuentes-Fidedignas-368234489921644\",\"https:\\\/\\\/x.com\\\/fidedignas\"]},{\"@type\":\"Person\",\"@id\":\"https:\\\/\\\/fuentesfidedignas.com.mx\\\/#\\\/schema\\\/person\\\/f030e42657a5a464a8bbd891b1aab6ee\",\"name\":\"Noticieros Televisa\",\"image\":{\"@type\":\"ImageObject\",\"inLanguage\":\"es\",\"@id\":\"https:\\\/\\\/secure.gravatar.com\\\/avatar\\\/0e47b9e785a628831b8fd9eaf15e090e106760a879abbd4a3306f128ef5d43a9?s=96&d=mm&r=g\",\"url\":\"https:\\\/\\\/secure.gravatar.com\\\/avatar\\\/0e47b9e785a628831b8fd9eaf15e090e106760a879abbd4a3306f128ef5d43a9?s=96&d=mm&r=g\",\"contentUrl\":\"https:\\\/\\\/secure.gravatar.com\\\/avatar\\\/0e47b9e785a628831b8fd9eaf15e090e106760a879abbd4a3306f128ef5d43a9?s=96&d=mm&r=g\",\"caption\":\"Noticieros Televisa\"},\"url\":\"https:\\\/\\\/fuentesfidedignas.com.mx\\\/index.php\\\/author\\\/noticieros-televisa\\\/\"}]}<\/script>\n<!-- \/ Yoast SEO plugin. -->","yoast_head_json":{"title":"AMLO felicita a las mam\u00e1s y convierte ma\u00f1anera en festival por D\u00eda de las Madres - Fuentes Fidedignas","robots":{"index":"index","follow":"follow","max-snippet":"max-snippet:-1","max-image-preview":"max-image-preview:large","max-video-preview":"max-video-preview:-1"},"canonical":"https:\/\/fuentesfidedignas.com.mx\/index.php\/2022\/05\/10\/amlo-felicita-a-las-mamas-y-convierte-mananera-en-festival-por-dia-de-las-madres\/","og_locale":"es_MX","og_type":"article","og_title":"AMLO felicita a las mam\u00e1s y convierte ma\u00f1anera en festival por D\u00eda de las Madres - Fuentes Fidedignas","og_description":"L\u00f3pez Obrador dedic\u00f3 unas palabras a todas las madres, a las que a\u00fan viven y a las \u2018que ya se nos adelantaron\u2019 Ciudad de M\u00e9xico. El presidente&nbsp;Andr\u00e9s Manuel L\u00f3pez Obrador (AMLO)&nbsp;felicit\u00f3 a todas las mam\u00e1s de M\u00e9xico por el&nbsp;D\u00eda de las Madres,&nbsp;que se celebra hoy, 10 de mayo de 2022, y convirti\u00f3 la&nbsp;conferencia ma\u00f1anera&nbsp;en un [&hellip;]","og_url":"https:\/\/fuentesfidedignas.com.mx\/index.php\/2022\/05\/10\/amlo-felicita-a-las-mamas-y-convierte-mananera-en-festival-por-dia-de-las-madres\/","og_site_name":"Fuentes Fidedignas","article_publisher":"https:\/\/www.facebook.com\/Fuentes-Fidedignas-368234489921644","article_published_time":"2022-05-10T15:26:12+00:00","article_modified_time":"2022-05-10T15:37:50+00:00","og_image":[{"width":440,"height":248,"url":"https:\/\/fuentesfidedignas.com.mx\/wp-content\/uploads\/2022\/05\/HRHXDQ6F7VA2LOVMJARIMK6EJ4.jpeg","type":"image\/jpeg"}],"author":"Noticieros Televisa","twitter_card":"summary_large_image","twitter_creator":"@fidedignas","twitter_site":"@fidedignas","twitter_misc":{"Escrito por":"Noticieros Televisa","Tiempo de lectura":"1 minuto"},"schema":{"@context":"https:\/\/schema.org","@graph":[{"@type":"Article","@id":"https:\/\/fuentesfidedignas.com.mx\/index.php\/2022\/05\/10\/amlo-felicita-a-las-mamas-y-convierte-mananera-en-festival-por-dia-de-las-madres\/#article","isPartOf":{"@id":"https:\/\/fuentesfidedignas.com.mx\/index.php\/2022\/05\/10\/amlo-felicita-a-las-mamas-y-convierte-mananera-en-festival-por-dia-de-las-madres\/"},"author":{"name":"Noticieros Televisa","@id":"https:\/\/fuentesfidedignas.com.mx\/#\/schema\/person\/f030e42657a5a464a8bbd891b1aab6ee"},"headline":"AMLO felicita a las mam\u00e1s y convierte ma\u00f1anera en festival por D\u00eda de las Madres","datePublished":"2022-05-10T15:26:12+00:00","dateModified":"2022-05-10T15:37:50+00:00","mainEntityOfPage":{"@id":"https:\/\/fuentesfidedignas.com.mx\/index.php\/2022\/05\/10\/amlo-felicita-a-las-mamas-y-convierte-mananera-en-festival-por-dia-de-las-madres\/"},"wordCount":257,"commentCount":0,"publisher":{"@id":"https:\/\/fuentesfidedignas.com.mx\/#organization"},"image":{"@id":"https:\/\/fuentesfidedignas.com.mx\/index.php\/2022\/05\/10\/amlo-felicita-a-las-mamas-y-convierte-mananera-en-festival-por-dia-de-las-madres\/#primaryimage"},"thumbnailUrl":"https:\/\/fuentesfidedignas.com.mx\/wp-content\/uploads\/2022\/05\/HRHXDQ6F7VA2LOVMJARIMK6EJ4.jpeg","keywords":["AMLO","Andr\u00e9s Manuel L\u00f3pez Obrador","D\u00eda de las Madres"],"articleSection":["NOTICIAS NACIONALES"],"inLanguage":"es","potentialAction":[{"@type":"CommentAction","name":"Comment","target":["https:\/\/fuentesfidedignas.com.mx\/index.php\/2022\/05\/10\/amlo-felicita-a-las-mamas-y-convierte-mananera-en-festival-por-dia-de-las-madres\/#respond"]}]},{"@type":"WebPage","@id":"https:\/\/fuentesfidedignas.com.mx\/index.php\/2022\/05\/10\/amlo-felicita-a-las-mamas-y-convierte-mananera-en-festival-por-dia-de-las-madres\/","url":"https:\/\/fuentesfidedignas.com.mx\/index.php\/2022\/05\/10\/amlo-felicita-a-las-mamas-y-convierte-mananera-en-festival-por-dia-de-las-madres\/","name":"AMLO felicita a las mam\u00e1s y convierte ma\u00f1anera en festival por D\u00eda de las Madres - Fuentes Fidedignas","isPartOf":{"@id":"https:\/\/fuentesfidedignas.com.mx\/#website"},"primaryImageOfPage":{"@id":"https:\/\/fuentesfidedignas.com.mx\/index.php\/2022\/05\/10\/amlo-felicita-a-las-mamas-y-convierte-mananera-en-festival-por-dia-de-las-madres\/#primaryimage"},"image":{"@id":"https:\/\/fuentesfidedignas.com.mx\/index.php\/2022\/05\/10\/amlo-felicita-a-las-mamas-y-convierte-mananera-en-festival-por-dia-de-las-madres\/#primaryimage"},"thumbnailUrl":"https:\/\/fuentesfidedignas.com.mx\/wp-content\/uploads\/2022\/05\/HRHXDQ6F7VA2LOVMJARIMK6EJ4.jpeg","datePublished":"2022-05-10T15:26:12+00:00","dateModified":"2022-05-10T15:37:50+00:00","breadcrumb":{"@id":"https:\/\/fuentesfidedignas.com.mx\/index.php\/2022\/05\/10\/amlo-felicita-a-las-mamas-y-convierte-mananera-en-festival-por-dia-de-las-madres\/#breadcrumb"},"inLanguage":"es","potentialAction":[{"@type":"ReadAction","target":["https:\/\/fuentesfidedignas.com.mx\/index.php\/2022\/05\/10\/amlo-felicita-a-las-mamas-y-convierte-mananera-en-festival-por-dia-de-las-madres\/"]}]},{"@type":"ImageObject","inLanguage":"es","@id":"https:\/\/fuentesfidedignas.com.mx\/index.php\/2022\/05\/10\/amlo-felicita-a-las-mamas-y-convierte-mananera-en-festival-por-dia-de-las-madres\/#primaryimage","url":"https:\/\/fuentesfidedignas.com.mx\/wp-content\/uploads\/2022\/05\/HRHXDQ6F7VA2LOVMJARIMK6EJ4.jpeg","contentUrl":"https:\/\/fuentesfidedignas.com.mx\/wp-content\/uploads\/2022\/05\/HRHXDQ6F7VA2LOVMJARIMK6EJ4.jpeg","width":440,"height":248},{"@type":"BreadcrumbList","@id":"https:\/\/fuentesfidedignas.com.mx\/index.php\/2022\/05\/10\/amlo-felicita-a-las-mamas-y-convierte-mananera-en-festival-por-dia-de-las-madres\/#breadcrumb","itemListElement":[{"@type":"ListItem","position":1,"name":"Inicio","item":"https:\/\/fuentesfidedignas.com.mx\/"},{"@type":"ListItem","position":2,"name":"AMLO felicita a las mam\u00e1s y convierte ma\u00f1anera en festival por D\u00eda de las Madres"}]},{"@type":"WebSite","@id":"https:\/\/fuentesfidedignas.com.mx\/#website","url":"https:\/\/fuentesfidedignas.com.mx\/","name":"Fuentes Fidedignas","description":"Otro sitio realizado con WordPress","publisher":{"@id":"https:\/\/fuentesfidedignas.com.mx\/#organization"},"potentialAction":[{"@type":"SearchAction","target":{"@type":"EntryPoint","urlTemplate":"https:\/\/fuentesfidedignas.com.mx\/?s={search_term_string}"},"query-input":{"@type":"PropertyValueSpecification","valueRequired":true,"valueName":"search_term_string"}}],"inLanguage":"es"},{"@type":"Organization","@id":"https:\/\/fuentesfidedignas.com.mx\/#organization","name":"Fuentes Fidedignas","url":"https:\/\/fuentesfidedignas.com.mx\/","logo":{"@type":"ImageObject","inLanguage":"es","@id":"https:\/\/fuentesfidedignas.com.mx\/#\/schema\/logo\/image\/","url":"https:\/\/fuentesfidedignas.com.mx\/wp-content\/uploads\/2021\/04\/logo-retina.png","contentUrl":"https:\/\/fuentesfidedignas.com.mx\/wp-content\/uploads\/2021\/04\/logo-retina.png","width":280,"height":51,"caption":"Fuentes Fidedignas"},"image":{"@id":"https:\/\/fuentesfidedignas.com.mx\/#\/schema\/logo\/image\/"},"sameAs":["https:\/\/www.facebook.com\/Fuentes-Fidedignas-368234489921644","https:\/\/x.com\/fidedignas"]},{"@type":"Person","@id":"https:\/\/fuentesfidedignas.com.mx\/#\/schema\/person\/f030e42657a5a464a8bbd891b1aab6ee","name":"Noticieros Televisa","image":{"@type":"ImageObject","inLanguage":"es","@id":"https:\/\/secure.gravatar.com\/avatar\/0e47b9e785a628831b8fd9eaf15e090e106760a879abbd4a3306f128ef5d43a9?s=96&d=mm&r=g","url":"https:\/\/secure.gravatar.com\/avatar\/0e47b9e785a628831b8fd9eaf15e090e106760a879abbd4a3306f128ef5d43a9?s=96&d=mm&r=g","contentUrl":"https:\/\/secure.gravatar.com\/avatar\/0e47b9e785a628831b8fd9eaf15e090e106760a879abbd4a3306f128ef5d43a9?s=96&d=mm&r=g","caption":"Noticieros Televisa"},"url":"https:\/\/fuentesfidedignas.com.mx\/index.php\/author\/noticieros-televisa\/"}]}},"_links":{"self":[{"href":"https:\/\/fuentesfidedignas.com.mx\/index.php\/wp-json\/wp\/v2\/posts\/30804","targetHints":{"allow":["GET"]}}],"collection":[{"href":"https:\/\/fuentesfidedignas.com.mx\/index.php\/wp-json\/wp\/v2\/posts"}],"about":[{"href":"https:\/\/fuentesfidedignas.com.mx\/index.php\/wp-json\/wp\/v2\/types\/post"}],"author":[{"embeddable":true,"href":"https:\/\/fuentesfidedignas.com.mx\/index.php\/wp-json\/wp\/v2\/users\/46"}],"replies":[{"embeddable":true,"href":"https:\/\/fuentesfidedignas.com.mx\/index.php\/wp-json\/wp\/v2\/comments?post=30804"}],"version-history":[{"count":2,"href":"https:\/\/fuentesfidedignas.com.mx\/index.php\/wp-json\/wp\/v2\/posts\/30804\/revisions"}],"predecessor-version":[{"id":30807,"href":"https:\/\/fuentesfidedignas.com.mx\/index.php\/wp-json\/wp\/v2\/posts\/30804\/revisions\/30807"}],"wp:featuredmedia":[{"embeddable":true,"href":"https:\/\/fuentesfidedignas.com.mx\/index.php\/wp-json\/wp\/v2\/media\/30806"}],"wp:attachment":[{"href":"https:\/\/fuentesfidedignas.com.mx\/index.php\/wp-json\/wp\/v2\/media?parent=30804"}],"wp:term":[{"taxonomy":"category","embeddable":true,"href":"https:\/\/fuentesfidedignas.com.mx\/index.php\/wp-json\/wp\/v2\/categories?post=30804"},{"taxonomy":"post_tag","embeddable":true,"href":"https:\/\/fuentesfidedignas.com.mx\/index.php\/wp-json\/wp\/v2\/tags?post=30804"}],"curies":[{"name":"wp","href":"https:\/\/api.w.org\/{rel}","templated":true}]}}