{"id":30747,"date":"2022-05-09T16:02:48","date_gmt":"2022-05-09T22:02:48","guid":{"rendered":"https:\/\/fuentesfidedignas.com.mx\/?p=30747"},"modified":"2022-05-09T16:03:02","modified_gmt":"2022-05-09T22:03:02","slug":"asesinan-a-guasavense-para-robarle-a-su-bebe-en-nogales","status":"publish","type":"post","link":"https:\/\/fuentesfidedignas.com.mx\/index.php\/2022\/05\/09\/asesinan-a-guasavense-para-robarle-a-su-bebe-en-nogales\/","title":{"rendered":"Asesinan a guasavense para robarle a su beb\u00e9 en Nogales"},"content":{"rendered":"\n<p><strong><em>Tras un intenso operativo de b\u00fasqueda, la ni\u00f1a fue localizada en el municipio de Agua Prieta, fue trasladada a otra frontera con intenciones de cruzarla a Estados Unidos<\/em><\/strong><\/p>\n\n\n\n<p>Sonora. Tras un operativo coordinado por integrantes de la\u00a0<strong>Mesa de Seguridad en Sonora,<\/strong>\u00a0localizaron y rescataron en Agua Prieta a una ni\u00f1a de 44 d\u00edas de nacida, a cuya madre era originaria de Guasave y fue asesinada en Nogales,\u00a0<a href=\"https:\/\/www.eluniversal.com.mx\/tag\/robo-de-ninos\" target=\"_blank\" rel=\"noreferrer noopener\">para poder rob\u00e1rsela.<\/a><\/p>\n\n\n\n<p>Tras el rescate de Alison Guadalupe, la\u00a0<strong>Fiscal\u00eda General de Justicia del Estado\u00a0<\/strong>(FGJE) inform\u00f3 que<strong>\u00a0tres mujeres fueron detenidas.<\/strong><\/p>\n\n\n\n<p>La Fiscal\u00eda\u00a0\u00a0de Justicia\u00a0\u00a0de Sonora mantiene las investigaciones respecto al feminicidio de Adriana, la madre de la beb\u00e9.<\/p>\n\n\n\n<p>El s\u00e1bado 7 de Mayo, la Fiscal\u00eda de Sonora emiti\u00f3 una&nbsp;<strong>Alerta Amber<\/strong>&nbsp;urgente para la localizaci\u00f3n de una beb\u00e9 de 44 d\u00edas de nacida, sacada de su domicilio en la colonia La Mesa de Nogales, Sonora, frontera con Estados Unidos.<\/p>\n\n\n\n<p>Alison Guadalupe Ayala Leal, nacida el 24 de marzo del 2022,&nbsp;&nbsp;fue robada por dos mujeres.<br>&nbsp;<\/p>\n\n\n\n<h2 class=\"wp-block-heading\">MADRE Y ABUELA FUERON ENGA\u00d1ADAS POR DOS ESTADOUNIDENSES<\/h2>\n\n\n\n<p>En conferencia de prensa, la fiscal de Sonora y el alcalde de Nogales, Juan Francisco Gim, dieron a conocer los detalles de la tragedia donde asesinaron a una madre para robarle a su hija y la abuela de la menor sobrevivi\u00f3 a los golpes recibidos.<\/p>\n\n\n\n<p>En relaci\u00f3n a las pruebas forenses, la autopsia legal de la joven madre que\u00a0\u00a0perdi\u00f3 la vida, indica que fue provocado por asfixia, por sofocaci\u00f3n, tiene golpes,\u00a0\u00a0expres\u00f3 la fiscal\u00a0<strong>Claudia Indira Contreras.<\/strong><\/p>\n\n\n\n<p>Hasta ese momento ten\u00edan como responsables a dos mujeres que abordaron a la madre y a la abuela con la ni\u00f1a en un centro comercial.<\/p>\n\n\n\n<p>Procurando generar confianza se acercaron a ellas con el pretexto de que hac\u00eda calor y despu\u00e9s les dieron \u201craite\u201d a su domicilio.<\/p>\n","protected":false},"excerpt":{"rendered":"<p>Tras un intenso operativo de b\u00fasqueda, la ni\u00f1a fue localizada en el municipio de Agua Prieta, fue trasladada a otra frontera con intenciones de cruzarla a Estados Unidos Sonora. Tras un operativo coordinado por integrantes de la\u00a0Mesa de Seguridad en Sonora,\u00a0localizaron y rescataron en Agua Prieta a una ni\u00f1a de 44 d\u00edas de nacida, a [&hellip;]<\/p>\n","protected":false},"author":39,"featured_media":30749,"comment_status":"open","ping_status":"open","sticky":false,"template":"","format":"standard","meta":{"tdm_status":"","tdm_grid_status":"","footnotes":""},"categories":[39],"tags":[231,154,388,115],"class_list":{"0":"post-30747","1":"post","2":"type-post","3":"status-publish","4":"format-standard","5":"has-post-thumbnail","7":"category-noticias-nacionales","8":"tag-feminicidios","9":"tag-guasave","10":"tag-sonora","11":"tag-violencia"},"yoast_head":"<!-- This site is optimized with the Yoast SEO plugin v27.5 - https:\/\/yoast.com\/product\/yoast-seo-wordpress\/ -->\n<title>Asesinan a guasavense para robarle a su beb\u00e9 en Nogales - Fuentes Fidedignas<\/title>\n<meta name=\"robots\" content=\"index, follow, max-snippet:-1, max-image-preview:large, max-video-preview:-1\" \/>\n<link rel=\"canonical\" href=\"https:\/\/fuentesfidedignas.com.mx\/index.php\/2022\/05\/09\/asesinan-a-guasavense-para-robarle-a-su-bebe-en-nogales\/\" \/>\n<meta property=\"og:locale\" content=\"es_MX\" \/>\n<meta property=\"og:type\" content=\"article\" \/>\n<meta property=\"og:title\" content=\"Asesinan a guasavense para robarle a su beb\u00e9 en Nogales - Fuentes Fidedignas\" \/>\n<meta property=\"og:description\" content=\"Tras un intenso operativo de b\u00fasqueda, la ni\u00f1a fue localizada en el municipio de Agua Prieta, fue trasladada a otra frontera con intenciones de cruzarla a Estados Unidos Sonora. Tras un operativo coordinado por integrantes de la\u00a0Mesa de Seguridad en Sonora,\u00a0localizaron y rescataron en Agua Prieta a una ni\u00f1a de 44 d\u00edas de nacida, a [&hellip;]\" \/>\n<meta property=\"og:url\" content=\"https:\/\/fuentesfidedignas.com.mx\/index.php\/2022\/05\/09\/asesinan-a-guasavense-para-robarle-a-su-bebe-en-nogales\/\" \/>\n<meta property=\"og:site_name\" content=\"Fuentes Fidedignas\" \/>\n<meta property=\"article:publisher\" content=\"https:\/\/www.facebook.com\/Fuentes-Fidedignas-368234489921644\" \/>\n<meta property=\"article:published_time\" content=\"2022-05-09T22:02:48+00:00\" \/>\n<meta property=\"article:modified_time\" content=\"2022-05-09T22:03:02+00:00\" \/>\n<meta property=\"og:image\" content=\"https:\/\/fuentesfidedignas.com.mx\/wp-content\/uploads\/2022\/05\/52477f99-9e77-4cdd-a696-da64391e9bc4.jpg\" \/>\n\t<meta property=\"og:image:width\" content=\"630\" \/>\n\t<meta property=\"og:image:height\" content=\"388\" \/>\n\t<meta property=\"og:image:type\" content=\"image\/jpeg\" \/>\n<meta name=\"author\" content=\"El Universal\" \/>\n<meta name=\"twitter:card\" content=\"summary_large_image\" \/>\n<meta name=\"twitter:creator\" content=\"@fidedignas\" \/>\n<meta name=\"twitter:site\" content=\"@fidedignas\" \/>\n<meta name=\"twitter:label1\" content=\"Escrito por\" \/>\n\t<meta name=\"twitter:data1\" content=\"El Universal\" \/>\n\t<meta name=\"twitter:label2\" content=\"Tiempo de lectura\" \/>\n\t<meta name=\"twitter:data2\" content=\"2 minutos\" \/>\n<script type=\"application\/ld+json\" class=\"yoast-schema-graph\">{\"@context\":\"https:\\\/\\\/schema.org\",\"@graph\":[{\"@type\":\"Article\",\"@id\":\"https:\\\/\\\/fuentesfidedignas.com.mx\\\/index.php\\\/2022\\\/05\\\/09\\\/asesinan-a-guasavense-para-robarle-a-su-bebe-en-nogales\\\/#article\",\"isPartOf\":{\"@id\":\"https:\\\/\\\/fuentesfidedignas.com.mx\\\/index.php\\\/2022\\\/05\\\/09\\\/asesinan-a-guasavense-para-robarle-a-su-bebe-en-nogales\\\/\"},\"author\":{\"name\":\"El Universal\",\"@id\":\"https:\\\/\\\/fuentesfidedignas.com.mx\\\/#\\\/schema\\\/person\\\/fee3882e65fd0510d292c43a346d35d7\"},\"headline\":\"Asesinan a guasavense para robarle a su beb\u00e9 en Nogales\",\"datePublished\":\"2022-05-09T22:02:48+00:00\",\"dateModified\":\"2022-05-09T22:03:02+00:00\",\"mainEntityOfPage\":{\"@id\":\"https:\\\/\\\/fuentesfidedignas.com.mx\\\/index.php\\\/2022\\\/05\\\/09\\\/asesinan-a-guasavense-para-robarle-a-su-bebe-en-nogales\\\/\"},\"wordCount\":328,\"commentCount\":0,\"publisher\":{\"@id\":\"https:\\\/\\\/fuentesfidedignas.com.mx\\\/#organization\"},\"image\":{\"@id\":\"https:\\\/\\\/fuentesfidedignas.com.mx\\\/index.php\\\/2022\\\/05\\\/09\\\/asesinan-a-guasavense-para-robarle-a-su-bebe-en-nogales\\\/#primaryimage\"},\"thumbnailUrl\":\"https:\\\/\\\/fuentesfidedignas.com.mx\\\/wp-content\\\/uploads\\\/2022\\\/05\\\/52477f99-9e77-4cdd-a696-da64391e9bc4.jpg\",\"keywords\":[\"Feminicidios\",\"guasave\",\"Sonora\",\"violencia\"],\"articleSection\":[\"NOTICIAS NACIONALES\"],\"inLanguage\":\"es\",\"potentialAction\":[{\"@type\":\"CommentAction\",\"name\":\"Comment\",\"target\":[\"https:\\\/\\\/fuentesfidedignas.com.mx\\\/index.php\\\/2022\\\/05\\\/09\\\/asesinan-a-guasavense-para-robarle-a-su-bebe-en-nogales\\\/#respond\"]}]},{\"@type\":\"WebPage\",\"@id\":\"https:\\\/\\\/fuentesfidedignas.com.mx\\\/index.php\\\/2022\\\/05\\\/09\\\/asesinan-a-guasavense-para-robarle-a-su-bebe-en-nogales\\\/\",\"url\":\"https:\\\/\\\/fuentesfidedignas.com.mx\\\/index.php\\\/2022\\\/05\\\/09\\\/asesinan-a-guasavense-para-robarle-a-su-bebe-en-nogales\\\/\",\"name\":\"Asesinan a guasavense para robarle a su beb\u00e9 en Nogales - Fuentes Fidedignas\",\"isPartOf\":{\"@id\":\"https:\\\/\\\/fuentesfidedignas.com.mx\\\/#website\"},\"primaryImageOfPage\":{\"@id\":\"https:\\\/\\\/fuentesfidedignas.com.mx\\\/index.php\\\/2022\\\/05\\\/09\\\/asesinan-a-guasavense-para-robarle-a-su-bebe-en-nogales\\\/#primaryimage\"},\"image\":{\"@id\":\"https:\\\/\\\/fuentesfidedignas.com.mx\\\/index.php\\\/2022\\\/05\\\/09\\\/asesinan-a-guasavense-para-robarle-a-su-bebe-en-nogales\\\/#primaryimage\"},\"thumbnailUrl\":\"https:\\\/\\\/fuentesfidedignas.com.mx\\\/wp-content\\\/uploads\\\/2022\\\/05\\\/52477f99-9e77-4cdd-a696-da64391e9bc4.jpg\",\"datePublished\":\"2022-05-09T22:02:48+00:00\",\"dateModified\":\"2022-05-09T22:03:02+00:00\",\"breadcrumb\":{\"@id\":\"https:\\\/\\\/fuentesfidedignas.com.mx\\\/index.php\\\/2022\\\/05\\\/09\\\/asesinan-a-guasavense-para-robarle-a-su-bebe-en-nogales\\\/#breadcrumb\"},\"inLanguage\":\"es\",\"potentialAction\":[{\"@type\":\"ReadAction\",\"target\":[\"https:\\\/\\\/fuentesfidedignas.com.mx\\\/index.php\\\/2022\\\/05\\\/09\\\/asesinan-a-guasavense-para-robarle-a-su-bebe-en-nogales\\\/\"]}]},{\"@type\":\"ImageObject\",\"inLanguage\":\"es\",\"@id\":\"https:\\\/\\\/fuentesfidedignas.com.mx\\\/index.php\\\/2022\\\/05\\\/09\\\/asesinan-a-guasavense-para-robarle-a-su-bebe-en-nogales\\\/#primaryimage\",\"url\":\"https:\\\/\\\/fuentesfidedignas.com.mx\\\/wp-content\\\/uploads\\\/2022\\\/05\\\/52477f99-9e77-4cdd-a696-da64391e9bc4.jpg\",\"contentUrl\":\"https:\\\/\\\/fuentesfidedignas.com.mx\\\/wp-content\\\/uploads\\\/2022\\\/05\\\/52477f99-9e77-4cdd-a696-da64391e9bc4.jpg\",\"width\":630,\"height\":388},{\"@type\":\"BreadcrumbList\",\"@id\":\"https:\\\/\\\/fuentesfidedignas.com.mx\\\/index.php\\\/2022\\\/05\\\/09\\\/asesinan-a-guasavense-para-robarle-a-su-bebe-en-nogales\\\/#breadcrumb\",\"itemListElement\":[{\"@type\":\"ListItem\",\"position\":1,\"name\":\"Inicio\",\"item\":\"https:\\\/\\\/fuentesfidedignas.com.mx\\\/\"},{\"@type\":\"ListItem\",\"position\":2,\"name\":\"Asesinan a guasavense para robarle a su beb\u00e9 en Nogales\"}]},{\"@type\":\"WebSite\",\"@id\":\"https:\\\/\\\/fuentesfidedignas.com.mx\\\/#website\",\"url\":\"https:\\\/\\\/fuentesfidedignas.com.mx\\\/\",\"name\":\"Fuentes Fidedignas\",\"description\":\"Otro sitio realizado con WordPress\",\"publisher\":{\"@id\":\"https:\\\/\\\/fuentesfidedignas.com.mx\\\/#organization\"},\"potentialAction\":[{\"@type\":\"SearchAction\",\"target\":{\"@type\":\"EntryPoint\",\"urlTemplate\":\"https:\\\/\\\/fuentesfidedignas.com.mx\\\/?s={search_term_string}\"},\"query-input\":{\"@type\":\"PropertyValueSpecification\",\"valueRequired\":true,\"valueName\":\"search_term_string\"}}],\"inLanguage\":\"es\"},{\"@type\":\"Organization\",\"@id\":\"https:\\\/\\\/fuentesfidedignas.com.mx\\\/#organization\",\"name\":\"Fuentes Fidedignas\",\"url\":\"https:\\\/\\\/fuentesfidedignas.com.mx\\\/\",\"logo\":{\"@type\":\"ImageObject\",\"inLanguage\":\"es\",\"@id\":\"https:\\\/\\\/fuentesfidedignas.com.mx\\\/#\\\/schema\\\/logo\\\/image\\\/\",\"url\":\"https:\\\/\\\/fuentesfidedignas.com.mx\\\/wp-content\\\/uploads\\\/2021\\\/04\\\/logo-retina.png\",\"contentUrl\":\"https:\\\/\\\/fuentesfidedignas.com.mx\\\/wp-content\\\/uploads\\\/2021\\\/04\\\/logo-retina.png\",\"width\":280,\"height\":51,\"caption\":\"Fuentes Fidedignas\"},\"image\":{\"@id\":\"https:\\\/\\\/fuentesfidedignas.com.mx\\\/#\\\/schema\\\/logo\\\/image\\\/\"},\"sameAs\":[\"https:\\\/\\\/www.facebook.com\\\/Fuentes-Fidedignas-368234489921644\",\"https:\\\/\\\/x.com\\\/fidedignas\"]},{\"@type\":\"Person\",\"@id\":\"https:\\\/\\\/fuentesfidedignas.com.mx\\\/#\\\/schema\\\/person\\\/fee3882e65fd0510d292c43a346d35d7\",\"name\":\"El Universal\",\"image\":{\"@type\":\"ImageObject\",\"inLanguage\":\"es\",\"@id\":\"https:\\\/\\\/secure.gravatar.com\\\/avatar\\\/1ebc94d82b6c3c081781f73e5b76a0d0c1ac7bf8e57426f18802246eeaa2747c?s=96&d=mm&r=g\",\"url\":\"https:\\\/\\\/secure.gravatar.com\\\/avatar\\\/1ebc94d82b6c3c081781f73e5b76a0d0c1ac7bf8e57426f18802246eeaa2747c?s=96&d=mm&r=g\",\"contentUrl\":\"https:\\\/\\\/secure.gravatar.com\\\/avatar\\\/1ebc94d82b6c3c081781f73e5b76a0d0c1ac7bf8e57426f18802246eeaa2747c?s=96&d=mm&r=g\",\"caption\":\"El Universal\"},\"url\":\"https:\\\/\\\/fuentesfidedignas.com.mx\\\/index.php\\\/author\\\/el-universal\\\/\"}]}<\/script>\n<!-- \/ Yoast SEO plugin. -->","yoast_head_json":{"title":"Asesinan a guasavense para robarle a su beb\u00e9 en Nogales - Fuentes Fidedignas","robots":{"index":"index","follow":"follow","max-snippet":"max-snippet:-1","max-image-preview":"max-image-preview:large","max-video-preview":"max-video-preview:-1"},"canonical":"https:\/\/fuentesfidedignas.com.mx\/index.php\/2022\/05\/09\/asesinan-a-guasavense-para-robarle-a-su-bebe-en-nogales\/","og_locale":"es_MX","og_type":"article","og_title":"Asesinan a guasavense para robarle a su beb\u00e9 en Nogales - Fuentes Fidedignas","og_description":"Tras un intenso operativo de b\u00fasqueda, la ni\u00f1a fue localizada en el municipio de Agua Prieta, fue trasladada a otra frontera con intenciones de cruzarla a Estados Unidos Sonora. Tras un operativo coordinado por integrantes de la\u00a0Mesa de Seguridad en Sonora,\u00a0localizaron y rescataron en Agua Prieta a una ni\u00f1a de 44 d\u00edas de nacida, a [&hellip;]","og_url":"https:\/\/fuentesfidedignas.com.mx\/index.php\/2022\/05\/09\/asesinan-a-guasavense-para-robarle-a-su-bebe-en-nogales\/","og_site_name":"Fuentes Fidedignas","article_publisher":"https:\/\/www.facebook.com\/Fuentes-Fidedignas-368234489921644","article_published_time":"2022-05-09T22:02:48+00:00","article_modified_time":"2022-05-09T22:03:02+00:00","og_image":[{"width":630,"height":388,"url":"https:\/\/fuentesfidedignas.com.mx\/wp-content\/uploads\/2022\/05\/52477f99-9e77-4cdd-a696-da64391e9bc4.jpg","type":"image\/jpeg"}],"author":"El Universal","twitter_card":"summary_large_image","twitter_creator":"@fidedignas","twitter_site":"@fidedignas","twitter_misc":{"Escrito por":"El Universal","Tiempo de lectura":"2 minutos"},"schema":{"@context":"https:\/\/schema.org","@graph":[{"@type":"Article","@id":"https:\/\/fuentesfidedignas.com.mx\/index.php\/2022\/05\/09\/asesinan-a-guasavense-para-robarle-a-su-bebe-en-nogales\/#article","isPartOf":{"@id":"https:\/\/fuentesfidedignas.com.mx\/index.php\/2022\/05\/09\/asesinan-a-guasavense-para-robarle-a-su-bebe-en-nogales\/"},"author":{"name":"El Universal","@id":"https:\/\/fuentesfidedignas.com.mx\/#\/schema\/person\/fee3882e65fd0510d292c43a346d35d7"},"headline":"Asesinan a guasavense para robarle a su beb\u00e9 en Nogales","datePublished":"2022-05-09T22:02:48+00:00","dateModified":"2022-05-09T22:03:02+00:00","mainEntityOfPage":{"@id":"https:\/\/fuentesfidedignas.com.mx\/index.php\/2022\/05\/09\/asesinan-a-guasavense-para-robarle-a-su-bebe-en-nogales\/"},"wordCount":328,"commentCount":0,"publisher":{"@id":"https:\/\/fuentesfidedignas.com.mx\/#organization"},"image":{"@id":"https:\/\/fuentesfidedignas.com.mx\/index.php\/2022\/05\/09\/asesinan-a-guasavense-para-robarle-a-su-bebe-en-nogales\/#primaryimage"},"thumbnailUrl":"https:\/\/fuentesfidedignas.com.mx\/wp-content\/uploads\/2022\/05\/52477f99-9e77-4cdd-a696-da64391e9bc4.jpg","keywords":["Feminicidios","guasave","Sonora","violencia"],"articleSection":["NOTICIAS NACIONALES"],"inLanguage":"es","potentialAction":[{"@type":"CommentAction","name":"Comment","target":["https:\/\/fuentesfidedignas.com.mx\/index.php\/2022\/05\/09\/asesinan-a-guasavense-para-robarle-a-su-bebe-en-nogales\/#respond"]}]},{"@type":"WebPage","@id":"https:\/\/fuentesfidedignas.com.mx\/index.php\/2022\/05\/09\/asesinan-a-guasavense-para-robarle-a-su-bebe-en-nogales\/","url":"https:\/\/fuentesfidedignas.com.mx\/index.php\/2022\/05\/09\/asesinan-a-guasavense-para-robarle-a-su-bebe-en-nogales\/","name":"Asesinan a guasavense para robarle a su beb\u00e9 en Nogales - Fuentes Fidedignas","isPartOf":{"@id":"https:\/\/fuentesfidedignas.com.mx\/#website"},"primaryImageOfPage":{"@id":"https:\/\/fuentesfidedignas.com.mx\/index.php\/2022\/05\/09\/asesinan-a-guasavense-para-robarle-a-su-bebe-en-nogales\/#primaryimage"},"image":{"@id":"https:\/\/fuentesfidedignas.com.mx\/index.php\/2022\/05\/09\/asesinan-a-guasavense-para-robarle-a-su-bebe-en-nogales\/#primaryimage"},"thumbnailUrl":"https:\/\/fuentesfidedignas.com.mx\/wp-content\/uploads\/2022\/05\/52477f99-9e77-4cdd-a696-da64391e9bc4.jpg","datePublished":"2022-05-09T22:02:48+00:00","dateModified":"2022-05-09T22:03:02+00:00","breadcrumb":{"@id":"https:\/\/fuentesfidedignas.com.mx\/index.php\/2022\/05\/09\/asesinan-a-guasavense-para-robarle-a-su-bebe-en-nogales\/#breadcrumb"},"inLanguage":"es","potentialAction":[{"@type":"ReadAction","target":["https:\/\/fuentesfidedignas.com.mx\/index.php\/2022\/05\/09\/asesinan-a-guasavense-para-robarle-a-su-bebe-en-nogales\/"]}]},{"@type":"ImageObject","inLanguage":"es","@id":"https:\/\/fuentesfidedignas.com.mx\/index.php\/2022\/05\/09\/asesinan-a-guasavense-para-robarle-a-su-bebe-en-nogales\/#primaryimage","url":"https:\/\/fuentesfidedignas.com.mx\/wp-content\/uploads\/2022\/05\/52477f99-9e77-4cdd-a696-da64391e9bc4.jpg","contentUrl":"https:\/\/fuentesfidedignas.com.mx\/wp-content\/uploads\/2022\/05\/52477f99-9e77-4cdd-a696-da64391e9bc4.jpg","width":630,"height":388},{"@type":"BreadcrumbList","@id":"https:\/\/fuentesfidedignas.com.mx\/index.php\/2022\/05\/09\/asesinan-a-guasavense-para-robarle-a-su-bebe-en-nogales\/#breadcrumb","itemListElement":[{"@type":"ListItem","position":1,"name":"Inicio","item":"https:\/\/fuentesfidedignas.com.mx\/"},{"@type":"ListItem","position":2,"name":"Asesinan a guasavense para robarle a su beb\u00e9 en Nogales"}]},{"@type":"WebSite","@id":"https:\/\/fuentesfidedignas.com.mx\/#website","url":"https:\/\/fuentesfidedignas.com.mx\/","name":"Fuentes Fidedignas","description":"Otro sitio realizado con WordPress","publisher":{"@id":"https:\/\/fuentesfidedignas.com.mx\/#organization"},"potentialAction":[{"@type":"SearchAction","target":{"@type":"EntryPoint","urlTemplate":"https:\/\/fuentesfidedignas.com.mx\/?s={search_term_string}"},"query-input":{"@type":"PropertyValueSpecification","valueRequired":true,"valueName":"search_term_string"}}],"inLanguage":"es"},{"@type":"Organization","@id":"https:\/\/fuentesfidedignas.com.mx\/#organization","name":"Fuentes Fidedignas","url":"https:\/\/fuentesfidedignas.com.mx\/","logo":{"@type":"ImageObject","inLanguage":"es","@id":"https:\/\/fuentesfidedignas.com.mx\/#\/schema\/logo\/image\/","url":"https:\/\/fuentesfidedignas.com.mx\/wp-content\/uploads\/2021\/04\/logo-retina.png","contentUrl":"https:\/\/fuentesfidedignas.com.mx\/wp-content\/uploads\/2021\/04\/logo-retina.png","width":280,"height":51,"caption":"Fuentes Fidedignas"},"image":{"@id":"https:\/\/fuentesfidedignas.com.mx\/#\/schema\/logo\/image\/"},"sameAs":["https:\/\/www.facebook.com\/Fuentes-Fidedignas-368234489921644","https:\/\/x.com\/fidedignas"]},{"@type":"Person","@id":"https:\/\/fuentesfidedignas.com.mx\/#\/schema\/person\/fee3882e65fd0510d292c43a346d35d7","name":"El Universal","image":{"@type":"ImageObject","inLanguage":"es","@id":"https:\/\/secure.gravatar.com\/avatar\/1ebc94d82b6c3c081781f73e5b76a0d0c1ac7bf8e57426f18802246eeaa2747c?s=96&d=mm&r=g","url":"https:\/\/secure.gravatar.com\/avatar\/1ebc94d82b6c3c081781f73e5b76a0d0c1ac7bf8e57426f18802246eeaa2747c?s=96&d=mm&r=g","contentUrl":"https:\/\/secure.gravatar.com\/avatar\/1ebc94d82b6c3c081781f73e5b76a0d0c1ac7bf8e57426f18802246eeaa2747c?s=96&d=mm&r=g","caption":"El Universal"},"url":"https:\/\/fuentesfidedignas.com.mx\/index.php\/author\/el-universal\/"}]}},"_links":{"self":[{"href":"https:\/\/fuentesfidedignas.com.mx\/index.php\/wp-json\/wp\/v2\/posts\/30747","targetHints":{"allow":["GET"]}}],"collection":[{"href":"https:\/\/fuentesfidedignas.com.mx\/index.php\/wp-json\/wp\/v2\/posts"}],"about":[{"href":"https:\/\/fuentesfidedignas.com.mx\/index.php\/wp-json\/wp\/v2\/types\/post"}],"author":[{"embeddable":true,"href":"https:\/\/fuentesfidedignas.com.mx\/index.php\/wp-json\/wp\/v2\/users\/39"}],"replies":[{"embeddable":true,"href":"https:\/\/fuentesfidedignas.com.mx\/index.php\/wp-json\/wp\/v2\/comments?post=30747"}],"version-history":[{"count":1,"href":"https:\/\/fuentesfidedignas.com.mx\/index.php\/wp-json\/wp\/v2\/posts\/30747\/revisions"}],"predecessor-version":[{"id":30748,"href":"https:\/\/fuentesfidedignas.com.mx\/index.php\/wp-json\/wp\/v2\/posts\/30747\/revisions\/30748"}],"wp:featuredmedia":[{"embeddable":true,"href":"https:\/\/fuentesfidedignas.com.mx\/index.php\/wp-json\/wp\/v2\/media\/30749"}],"wp:attachment":[{"href":"https:\/\/fuentesfidedignas.com.mx\/index.php\/wp-json\/wp\/v2\/media?parent=30747"}],"wp:term":[{"taxonomy":"category","embeddable":true,"href":"https:\/\/fuentesfidedignas.com.mx\/index.php\/wp-json\/wp\/v2\/categories?post=30747"},{"taxonomy":"post_tag","embeddable":true,"href":"https:\/\/fuentesfidedignas.com.mx\/index.php\/wp-json\/wp\/v2\/tags?post=30747"}],"curies":[{"name":"wp","href":"https:\/\/api.w.org\/{rel}","templated":true}]}}