{"id":30656,"date":"2022-05-09T08:30:00","date_gmt":"2022-05-09T14:30:00","guid":{"rendered":"https:\/\/fuentesfidedignas.com.mx\/?p=30656"},"modified":"2022-05-09T13:50:52","modified_gmt":"2022-05-09T19:50:52","slug":"inicia-ayuntamiento-de-culiacan-la-celebracion-por-el-dia-de-las-madres","status":"publish","type":"post","link":"https:\/\/fuentesfidedignas.com.mx\/index.php\/2022\/05\/09\/inicia-ayuntamiento-de-culiacan-la-celebracion-por-el-dia-de-las-madres\/","title":{"rendered":"Inicia Ayuntamiento de Culiac\u00e1n la celebraci\u00f3n por el D\u00eda de las Madres"},"content":{"rendered":"\n<p><strong><em>Una emotiva serenata a cargo del Tr\u00edo Azteca en honor a todas las madres del Ayuntamiento de Culiac\u00e1n<\/em><\/strong><\/p>\n\n\n\n<p>Culiac\u00e1n, Sin.- El Gobierno de Culiac\u00e1n a trav\u00e9s del programa \u201cAmor a mi Patria\u201d, realiz\u00f3 el Homenaje Conmemorativo alusivo al D\u00eda de las Madres a celebrarse el d\u00eda de ma\u00f1ana 10 de mayo, acto coordinado por el Departamento de Eventos y Promoci\u00f3n C\u00edvica de la Direcci\u00f3n de Educaci\u00f3n.<\/p>\n\n\n\n<p>Durante el magno evento, se rindieron honores de ordenanza al l\u00e1baro patrio, as\u00ed como una emotiva serenata a cargo del Tr\u00edo Azteca en honor a todas las madres del Ayuntamiento de Culiac\u00e1n, quienes a diario se desarrollan profesionalmente a la par de fungir como un pilar s\u00f3lido en sus hogares.<\/p>\n\n\n\n<p>En las instalaciones del Palacio Municipal en el patio central, se dio lectura a las efem\u00e9rides y d\u00edas conmemorativos correspondientes del 9 al 15 de mayo, reconociendo de forma extendida el papel que tienen las mujeres en la sociedad.<\/p>\n\n\n\n<p>Por su parte, el alcalde Jes\u00fas Estrada Ferreiro, hizo un extenso reconocimiento a todas las madres de familia que integran la comuna y el resto del municipio, esto por ser una gu\u00eda en el cuidado de todos los hijos, lo que se traduce en familias con principios y valores c\u00edvicos s\u00f3lidos.<\/p>\n\n\n\n<p>Finalmente, el mun\u00edcipe exhort\u00f3 a que todos practiquen el respeto a nuestras madres de manera permanente y a su vez al pr\u00f3jimo, por \u00faltimo, destac\u00f3 que este tipo de eventos son muy importantes para honrar siempre a los pr\u00f3ceres a los hombres y mujeres que nos dieron patria.<\/p>\n","protected":false},"excerpt":{"rendered":"<p>Una emotiva serenata a cargo del Tr\u00edo Azteca en honor a todas las madres del Ayuntamiento de Culiac\u00e1n Culiac\u00e1n, Sin.- El Gobierno de Culiac\u00e1n a trav\u00e9s del programa \u201cAmor a mi Patria\u201d, realiz\u00f3 el Homenaje Conmemorativo alusivo al D\u00eda de las Madres a celebrarse el d\u00eda de ma\u00f1ana 10 de mayo, acto coordinado por el [&hellip;]<\/p>\n","protected":false},"author":4,"featured_media":30658,"comment_status":"open","ping_status":"open","sticky":false,"template":"","format":"standard","meta":{"tdm_status":"","tdm_grid_status":"","footnotes":""},"categories":[38],"tags":[1041,120,300,49],"class_list":{"0":"post-30656","1":"post","2":"type-post","3":"status-publish","4":"format-standard","5":"has-post-thumbnail","7":"category-noticias-locales","8":"tag-ayuntamiento-de-culiacan","9":"tag-culiacan","10":"tag-dia-de-las-madres","11":"tag-sinaloa"},"yoast_head":"<!-- This site is optimized with the Yoast SEO plugin v27.5 - https:\/\/yoast.com\/product\/yoast-seo-wordpress\/ -->\n<title>Inicia Ayuntamiento de Culiac\u00e1n la celebraci\u00f3n por el D\u00eda de las Madres - Fuentes Fidedignas<\/title>\n<meta name=\"robots\" content=\"index, follow, max-snippet:-1, max-image-preview:large, max-video-preview:-1\" \/>\n<link rel=\"canonical\" href=\"https:\/\/fuentesfidedignas.com.mx\/index.php\/2022\/05\/09\/inicia-ayuntamiento-de-culiacan-la-celebracion-por-el-dia-de-las-madres\/\" \/>\n<meta property=\"og:locale\" content=\"es_MX\" \/>\n<meta property=\"og:type\" content=\"article\" \/>\n<meta property=\"og:title\" content=\"Inicia Ayuntamiento de Culiac\u00e1n la celebraci\u00f3n por el D\u00eda de las Madres - Fuentes Fidedignas\" \/>\n<meta property=\"og:description\" content=\"Una emotiva serenata a cargo del Tr\u00edo Azteca en honor a todas las madres del Ayuntamiento de Culiac\u00e1n Culiac\u00e1n, Sin.- El Gobierno de Culiac\u00e1n a trav\u00e9s del programa \u201cAmor a mi Patria\u201d, realiz\u00f3 el Homenaje Conmemorativo alusivo al D\u00eda de las Madres a celebrarse el d\u00eda de ma\u00f1ana 10 de mayo, acto coordinado por el [&hellip;]\" \/>\n<meta property=\"og:url\" content=\"https:\/\/fuentesfidedignas.com.mx\/index.php\/2022\/05\/09\/inicia-ayuntamiento-de-culiacan-la-celebracion-por-el-dia-de-las-madres\/\" \/>\n<meta property=\"og:site_name\" content=\"Fuentes Fidedignas\" \/>\n<meta property=\"article:publisher\" content=\"https:\/\/www.facebook.com\/Fuentes-Fidedignas-368234489921644\" \/>\n<meta property=\"article:published_time\" content=\"2022-05-09T14:30:00+00:00\" \/>\n<meta property=\"article:modified_time\" content=\"2022-05-09T19:50:52+00:00\" \/>\n<meta property=\"og:image\" content=\"https:\/\/fuentesfidedignas.com.mx\/wp-content\/uploads\/2022\/05\/WhatsApp-Image-2022-05-09-at-10.06.02-AM.jpeg\" \/>\n\t<meta property=\"og:image:width\" content=\"1280\" \/>\n\t<meta property=\"og:image:height\" content=\"853\" \/>\n\t<meta property=\"og:image:type\" content=\"image\/jpeg\" \/>\n<meta name=\"author\" content=\"Redacci\u00f3n\" \/>\n<meta name=\"twitter:card\" content=\"summary_large_image\" \/>\n<meta name=\"twitter:creator\" content=\"@fidedignas\" \/>\n<meta name=\"twitter:site\" content=\"@fidedignas\" \/>\n<meta name=\"twitter:label1\" content=\"Escrito por\" \/>\n\t<meta name=\"twitter:data1\" content=\"Redacci\u00f3n\" \/>\n\t<meta name=\"twitter:label2\" content=\"Tiempo de lectura\" \/>\n\t<meta name=\"twitter:data2\" content=\"2 minutos\" \/>\n<script type=\"application\/ld+json\" class=\"yoast-schema-graph\">{\"@context\":\"https:\\\/\\\/schema.org\",\"@graph\":[{\"@type\":\"Article\",\"@id\":\"https:\\\/\\\/fuentesfidedignas.com.mx\\\/index.php\\\/2022\\\/05\\\/09\\\/inicia-ayuntamiento-de-culiacan-la-celebracion-por-el-dia-de-las-madres\\\/#article\",\"isPartOf\":{\"@id\":\"https:\\\/\\\/fuentesfidedignas.com.mx\\\/index.php\\\/2022\\\/05\\\/09\\\/inicia-ayuntamiento-de-culiacan-la-celebracion-por-el-dia-de-las-madres\\\/\"},\"author\":{\"name\":\"Redacci\u00f3n\",\"@id\":\"https:\\\/\\\/fuentesfidedignas.com.mx\\\/#\\\/schema\\\/person\\\/331be9283d37198e2acd5750279085b0\"},\"headline\":\"Inicia Ayuntamiento de Culiac\u00e1n la celebraci\u00f3n por el D\u00eda de las Madres\",\"datePublished\":\"2022-05-09T14:30:00+00:00\",\"dateModified\":\"2022-05-09T19:50:52+00:00\",\"mainEntityOfPage\":{\"@id\":\"https:\\\/\\\/fuentesfidedignas.com.mx\\\/index.php\\\/2022\\\/05\\\/09\\\/inicia-ayuntamiento-de-culiacan-la-celebracion-por-el-dia-de-las-madres\\\/\"},\"wordCount\":292,\"commentCount\":0,\"publisher\":{\"@id\":\"https:\\\/\\\/fuentesfidedignas.com.mx\\\/#organization\"},\"image\":{\"@id\":\"https:\\\/\\\/fuentesfidedignas.com.mx\\\/index.php\\\/2022\\\/05\\\/09\\\/inicia-ayuntamiento-de-culiacan-la-celebracion-por-el-dia-de-las-madres\\\/#primaryimage\"},\"thumbnailUrl\":\"https:\\\/\\\/fuentesfidedignas.com.mx\\\/wp-content\\\/uploads\\\/2022\\\/05\\\/WhatsApp-Image-2022-05-09-at-10.06.02-AM.jpeg\",\"keywords\":[\"Ayuntamiento de Culiac\u00e1n\",\"Culiac\u00e1n\",\"D\u00eda de las Madres\",\"sinaloa\"],\"articleSection\":[\"NOTICIAS LOCALES\"],\"inLanguage\":\"es\",\"potentialAction\":[{\"@type\":\"CommentAction\",\"name\":\"Comment\",\"target\":[\"https:\\\/\\\/fuentesfidedignas.com.mx\\\/index.php\\\/2022\\\/05\\\/09\\\/inicia-ayuntamiento-de-culiacan-la-celebracion-por-el-dia-de-las-madres\\\/#respond\"]}]},{\"@type\":\"WebPage\",\"@id\":\"https:\\\/\\\/fuentesfidedignas.com.mx\\\/index.php\\\/2022\\\/05\\\/09\\\/inicia-ayuntamiento-de-culiacan-la-celebracion-por-el-dia-de-las-madres\\\/\",\"url\":\"https:\\\/\\\/fuentesfidedignas.com.mx\\\/index.php\\\/2022\\\/05\\\/09\\\/inicia-ayuntamiento-de-culiacan-la-celebracion-por-el-dia-de-las-madres\\\/\",\"name\":\"Inicia Ayuntamiento de Culiac\u00e1n la celebraci\u00f3n por el D\u00eda de las Madres - Fuentes Fidedignas\",\"isPartOf\":{\"@id\":\"https:\\\/\\\/fuentesfidedignas.com.mx\\\/#website\"},\"primaryImageOfPage\":{\"@id\":\"https:\\\/\\\/fuentesfidedignas.com.mx\\\/index.php\\\/2022\\\/05\\\/09\\\/inicia-ayuntamiento-de-culiacan-la-celebracion-por-el-dia-de-las-madres\\\/#primaryimage\"},\"image\":{\"@id\":\"https:\\\/\\\/fuentesfidedignas.com.mx\\\/index.php\\\/2022\\\/05\\\/09\\\/inicia-ayuntamiento-de-culiacan-la-celebracion-por-el-dia-de-las-madres\\\/#primaryimage\"},\"thumbnailUrl\":\"https:\\\/\\\/fuentesfidedignas.com.mx\\\/wp-content\\\/uploads\\\/2022\\\/05\\\/WhatsApp-Image-2022-05-09-at-10.06.02-AM.jpeg\",\"datePublished\":\"2022-05-09T14:30:00+00:00\",\"dateModified\":\"2022-05-09T19:50:52+00:00\",\"breadcrumb\":{\"@id\":\"https:\\\/\\\/fuentesfidedignas.com.mx\\\/index.php\\\/2022\\\/05\\\/09\\\/inicia-ayuntamiento-de-culiacan-la-celebracion-por-el-dia-de-las-madres\\\/#breadcrumb\"},\"inLanguage\":\"es\",\"potentialAction\":[{\"@type\":\"ReadAction\",\"target\":[\"https:\\\/\\\/fuentesfidedignas.com.mx\\\/index.php\\\/2022\\\/05\\\/09\\\/inicia-ayuntamiento-de-culiacan-la-celebracion-por-el-dia-de-las-madres\\\/\"]}]},{\"@type\":\"ImageObject\",\"inLanguage\":\"es\",\"@id\":\"https:\\\/\\\/fuentesfidedignas.com.mx\\\/index.php\\\/2022\\\/05\\\/09\\\/inicia-ayuntamiento-de-culiacan-la-celebracion-por-el-dia-de-las-madres\\\/#primaryimage\",\"url\":\"https:\\\/\\\/fuentesfidedignas.com.mx\\\/wp-content\\\/uploads\\\/2022\\\/05\\\/WhatsApp-Image-2022-05-09-at-10.06.02-AM.jpeg\",\"contentUrl\":\"https:\\\/\\\/fuentesfidedignas.com.mx\\\/wp-content\\\/uploads\\\/2022\\\/05\\\/WhatsApp-Image-2022-05-09-at-10.06.02-AM.jpeg\",\"width\":1280,\"height\":853},{\"@type\":\"BreadcrumbList\",\"@id\":\"https:\\\/\\\/fuentesfidedignas.com.mx\\\/index.php\\\/2022\\\/05\\\/09\\\/inicia-ayuntamiento-de-culiacan-la-celebracion-por-el-dia-de-las-madres\\\/#breadcrumb\",\"itemListElement\":[{\"@type\":\"ListItem\",\"position\":1,\"name\":\"Inicio\",\"item\":\"https:\\\/\\\/fuentesfidedignas.com.mx\\\/\"},{\"@type\":\"ListItem\",\"position\":2,\"name\":\"Inicia Ayuntamiento de Culiac\u00e1n la celebraci\u00f3n por el D\u00eda de las Madres\"}]},{\"@type\":\"WebSite\",\"@id\":\"https:\\\/\\\/fuentesfidedignas.com.mx\\\/#website\",\"url\":\"https:\\\/\\\/fuentesfidedignas.com.mx\\\/\",\"name\":\"Fuentes Fidedignas\",\"description\":\"Otro sitio realizado con WordPress\",\"publisher\":{\"@id\":\"https:\\\/\\\/fuentesfidedignas.com.mx\\\/#organization\"},\"potentialAction\":[{\"@type\":\"SearchAction\",\"target\":{\"@type\":\"EntryPoint\",\"urlTemplate\":\"https:\\\/\\\/fuentesfidedignas.com.mx\\\/?s={search_term_string}\"},\"query-input\":{\"@type\":\"PropertyValueSpecification\",\"valueRequired\":true,\"valueName\":\"search_term_string\"}}],\"inLanguage\":\"es\"},{\"@type\":\"Organization\",\"@id\":\"https:\\\/\\\/fuentesfidedignas.com.mx\\\/#organization\",\"name\":\"Fuentes Fidedignas\",\"url\":\"https:\\\/\\\/fuentesfidedignas.com.mx\\\/\",\"logo\":{\"@type\":\"ImageObject\",\"inLanguage\":\"es\",\"@id\":\"https:\\\/\\\/fuentesfidedignas.com.mx\\\/#\\\/schema\\\/logo\\\/image\\\/\",\"url\":\"https:\\\/\\\/fuentesfidedignas.com.mx\\\/wp-content\\\/uploads\\\/2021\\\/04\\\/logo-retina.png\",\"contentUrl\":\"https:\\\/\\\/fuentesfidedignas.com.mx\\\/wp-content\\\/uploads\\\/2021\\\/04\\\/logo-retina.png\",\"width\":280,\"height\":51,\"caption\":\"Fuentes Fidedignas\"},\"image\":{\"@id\":\"https:\\\/\\\/fuentesfidedignas.com.mx\\\/#\\\/schema\\\/logo\\\/image\\\/\"},\"sameAs\":[\"https:\\\/\\\/www.facebook.com\\\/Fuentes-Fidedignas-368234489921644\",\"https:\\\/\\\/x.com\\\/fidedignas\"]},{\"@type\":\"Person\",\"@id\":\"https:\\\/\\\/fuentesfidedignas.com.mx\\\/#\\\/schema\\\/person\\\/331be9283d37198e2acd5750279085b0\",\"name\":\"Redacci\u00f3n\",\"image\":{\"@type\":\"ImageObject\",\"inLanguage\":\"es\",\"@id\":\"https:\\\/\\\/secure.gravatar.com\\\/avatar\\\/f6d8782c11d12b2d4ad3fbb6931aeab5309937a4d6cd2fc9cfaa28a6396a5aec?s=96&d=mm&r=g\",\"url\":\"https:\\\/\\\/secure.gravatar.com\\\/avatar\\\/f6d8782c11d12b2d4ad3fbb6931aeab5309937a4d6cd2fc9cfaa28a6396a5aec?s=96&d=mm&r=g\",\"contentUrl\":\"https:\\\/\\\/secure.gravatar.com\\\/avatar\\\/f6d8782c11d12b2d4ad3fbb6931aeab5309937a4d6cd2fc9cfaa28a6396a5aec?s=96&d=mm&r=g\",\"caption\":\"Redacci\u00f3n\"},\"url\":\"https:\\\/\\\/fuentesfidedignas.com.mx\\\/index.php\\\/author\\\/redaccion\\\/\"}]}<\/script>\n<!-- \/ Yoast SEO plugin. -->","yoast_head_json":{"title":"Inicia Ayuntamiento de Culiac\u00e1n la celebraci\u00f3n por el D\u00eda de las Madres - Fuentes Fidedignas","robots":{"index":"index","follow":"follow","max-snippet":"max-snippet:-1","max-image-preview":"max-image-preview:large","max-video-preview":"max-video-preview:-1"},"canonical":"https:\/\/fuentesfidedignas.com.mx\/index.php\/2022\/05\/09\/inicia-ayuntamiento-de-culiacan-la-celebracion-por-el-dia-de-las-madres\/","og_locale":"es_MX","og_type":"article","og_title":"Inicia Ayuntamiento de Culiac\u00e1n la celebraci\u00f3n por el D\u00eda de las Madres - Fuentes Fidedignas","og_description":"Una emotiva serenata a cargo del Tr\u00edo Azteca en honor a todas las madres del Ayuntamiento de Culiac\u00e1n Culiac\u00e1n, Sin.- El Gobierno de Culiac\u00e1n a trav\u00e9s del programa \u201cAmor a mi Patria\u201d, realiz\u00f3 el Homenaje Conmemorativo alusivo al D\u00eda de las Madres a celebrarse el d\u00eda de ma\u00f1ana 10 de mayo, acto coordinado por el [&hellip;]","og_url":"https:\/\/fuentesfidedignas.com.mx\/index.php\/2022\/05\/09\/inicia-ayuntamiento-de-culiacan-la-celebracion-por-el-dia-de-las-madres\/","og_site_name":"Fuentes Fidedignas","article_publisher":"https:\/\/www.facebook.com\/Fuentes-Fidedignas-368234489921644","article_published_time":"2022-05-09T14:30:00+00:00","article_modified_time":"2022-05-09T19:50:52+00:00","og_image":[{"width":1280,"height":853,"url":"https:\/\/fuentesfidedignas.com.mx\/wp-content\/uploads\/2022\/05\/WhatsApp-Image-2022-05-09-at-10.06.02-AM.jpeg","type":"image\/jpeg"}],"author":"Redacci\u00f3n","twitter_card":"summary_large_image","twitter_creator":"@fidedignas","twitter_site":"@fidedignas","twitter_misc":{"Escrito por":"Redacci\u00f3n","Tiempo de lectura":"2 minutos"},"schema":{"@context":"https:\/\/schema.org","@graph":[{"@type":"Article","@id":"https:\/\/fuentesfidedignas.com.mx\/index.php\/2022\/05\/09\/inicia-ayuntamiento-de-culiacan-la-celebracion-por-el-dia-de-las-madres\/#article","isPartOf":{"@id":"https:\/\/fuentesfidedignas.com.mx\/index.php\/2022\/05\/09\/inicia-ayuntamiento-de-culiacan-la-celebracion-por-el-dia-de-las-madres\/"},"author":{"name":"Redacci\u00f3n","@id":"https:\/\/fuentesfidedignas.com.mx\/#\/schema\/person\/331be9283d37198e2acd5750279085b0"},"headline":"Inicia Ayuntamiento de Culiac\u00e1n la celebraci\u00f3n por el D\u00eda de las Madres","datePublished":"2022-05-09T14:30:00+00:00","dateModified":"2022-05-09T19:50:52+00:00","mainEntityOfPage":{"@id":"https:\/\/fuentesfidedignas.com.mx\/index.php\/2022\/05\/09\/inicia-ayuntamiento-de-culiacan-la-celebracion-por-el-dia-de-las-madres\/"},"wordCount":292,"commentCount":0,"publisher":{"@id":"https:\/\/fuentesfidedignas.com.mx\/#organization"},"image":{"@id":"https:\/\/fuentesfidedignas.com.mx\/index.php\/2022\/05\/09\/inicia-ayuntamiento-de-culiacan-la-celebracion-por-el-dia-de-las-madres\/#primaryimage"},"thumbnailUrl":"https:\/\/fuentesfidedignas.com.mx\/wp-content\/uploads\/2022\/05\/WhatsApp-Image-2022-05-09-at-10.06.02-AM.jpeg","keywords":["Ayuntamiento de Culiac\u00e1n","Culiac\u00e1n","D\u00eda de las Madres","sinaloa"],"articleSection":["NOTICIAS LOCALES"],"inLanguage":"es","potentialAction":[{"@type":"CommentAction","name":"Comment","target":["https:\/\/fuentesfidedignas.com.mx\/index.php\/2022\/05\/09\/inicia-ayuntamiento-de-culiacan-la-celebracion-por-el-dia-de-las-madres\/#respond"]}]},{"@type":"WebPage","@id":"https:\/\/fuentesfidedignas.com.mx\/index.php\/2022\/05\/09\/inicia-ayuntamiento-de-culiacan-la-celebracion-por-el-dia-de-las-madres\/","url":"https:\/\/fuentesfidedignas.com.mx\/index.php\/2022\/05\/09\/inicia-ayuntamiento-de-culiacan-la-celebracion-por-el-dia-de-las-madres\/","name":"Inicia Ayuntamiento de Culiac\u00e1n la celebraci\u00f3n por el D\u00eda de las Madres - Fuentes Fidedignas","isPartOf":{"@id":"https:\/\/fuentesfidedignas.com.mx\/#website"},"primaryImageOfPage":{"@id":"https:\/\/fuentesfidedignas.com.mx\/index.php\/2022\/05\/09\/inicia-ayuntamiento-de-culiacan-la-celebracion-por-el-dia-de-las-madres\/#primaryimage"},"image":{"@id":"https:\/\/fuentesfidedignas.com.mx\/index.php\/2022\/05\/09\/inicia-ayuntamiento-de-culiacan-la-celebracion-por-el-dia-de-las-madres\/#primaryimage"},"thumbnailUrl":"https:\/\/fuentesfidedignas.com.mx\/wp-content\/uploads\/2022\/05\/WhatsApp-Image-2022-05-09-at-10.06.02-AM.jpeg","datePublished":"2022-05-09T14:30:00+00:00","dateModified":"2022-05-09T19:50:52+00:00","breadcrumb":{"@id":"https:\/\/fuentesfidedignas.com.mx\/index.php\/2022\/05\/09\/inicia-ayuntamiento-de-culiacan-la-celebracion-por-el-dia-de-las-madres\/#breadcrumb"},"inLanguage":"es","potentialAction":[{"@type":"ReadAction","target":["https:\/\/fuentesfidedignas.com.mx\/index.php\/2022\/05\/09\/inicia-ayuntamiento-de-culiacan-la-celebracion-por-el-dia-de-las-madres\/"]}]},{"@type":"ImageObject","inLanguage":"es","@id":"https:\/\/fuentesfidedignas.com.mx\/index.php\/2022\/05\/09\/inicia-ayuntamiento-de-culiacan-la-celebracion-por-el-dia-de-las-madres\/#primaryimage","url":"https:\/\/fuentesfidedignas.com.mx\/wp-content\/uploads\/2022\/05\/WhatsApp-Image-2022-05-09-at-10.06.02-AM.jpeg","contentUrl":"https:\/\/fuentesfidedignas.com.mx\/wp-content\/uploads\/2022\/05\/WhatsApp-Image-2022-05-09-at-10.06.02-AM.jpeg","width":1280,"height":853},{"@type":"BreadcrumbList","@id":"https:\/\/fuentesfidedignas.com.mx\/index.php\/2022\/05\/09\/inicia-ayuntamiento-de-culiacan-la-celebracion-por-el-dia-de-las-madres\/#breadcrumb","itemListElement":[{"@type":"ListItem","position":1,"name":"Inicio","item":"https:\/\/fuentesfidedignas.com.mx\/"},{"@type":"ListItem","position":2,"name":"Inicia Ayuntamiento de Culiac\u00e1n la celebraci\u00f3n por el D\u00eda de las Madres"}]},{"@type":"WebSite","@id":"https:\/\/fuentesfidedignas.com.mx\/#website","url":"https:\/\/fuentesfidedignas.com.mx\/","name":"Fuentes Fidedignas","description":"Otro sitio realizado con WordPress","publisher":{"@id":"https:\/\/fuentesfidedignas.com.mx\/#organization"},"potentialAction":[{"@type":"SearchAction","target":{"@type":"EntryPoint","urlTemplate":"https:\/\/fuentesfidedignas.com.mx\/?s={search_term_string}"},"query-input":{"@type":"PropertyValueSpecification","valueRequired":true,"valueName":"search_term_string"}}],"inLanguage":"es"},{"@type":"Organization","@id":"https:\/\/fuentesfidedignas.com.mx\/#organization","name":"Fuentes Fidedignas","url":"https:\/\/fuentesfidedignas.com.mx\/","logo":{"@type":"ImageObject","inLanguage":"es","@id":"https:\/\/fuentesfidedignas.com.mx\/#\/schema\/logo\/image\/","url":"https:\/\/fuentesfidedignas.com.mx\/wp-content\/uploads\/2021\/04\/logo-retina.png","contentUrl":"https:\/\/fuentesfidedignas.com.mx\/wp-content\/uploads\/2021\/04\/logo-retina.png","width":280,"height":51,"caption":"Fuentes Fidedignas"},"image":{"@id":"https:\/\/fuentesfidedignas.com.mx\/#\/schema\/logo\/image\/"},"sameAs":["https:\/\/www.facebook.com\/Fuentes-Fidedignas-368234489921644","https:\/\/x.com\/fidedignas"]},{"@type":"Person","@id":"https:\/\/fuentesfidedignas.com.mx\/#\/schema\/person\/331be9283d37198e2acd5750279085b0","name":"Redacci\u00f3n","image":{"@type":"ImageObject","inLanguage":"es","@id":"https:\/\/secure.gravatar.com\/avatar\/f6d8782c11d12b2d4ad3fbb6931aeab5309937a4d6cd2fc9cfaa28a6396a5aec?s=96&d=mm&r=g","url":"https:\/\/secure.gravatar.com\/avatar\/f6d8782c11d12b2d4ad3fbb6931aeab5309937a4d6cd2fc9cfaa28a6396a5aec?s=96&d=mm&r=g","contentUrl":"https:\/\/secure.gravatar.com\/avatar\/f6d8782c11d12b2d4ad3fbb6931aeab5309937a4d6cd2fc9cfaa28a6396a5aec?s=96&d=mm&r=g","caption":"Redacci\u00f3n"},"url":"https:\/\/fuentesfidedignas.com.mx\/index.php\/author\/redaccion\/"}]}},"_links":{"self":[{"href":"https:\/\/fuentesfidedignas.com.mx\/index.php\/wp-json\/wp\/v2\/posts\/30656","targetHints":{"allow":["GET"]}}],"collection":[{"href":"https:\/\/fuentesfidedignas.com.mx\/index.php\/wp-json\/wp\/v2\/posts"}],"about":[{"href":"https:\/\/fuentesfidedignas.com.mx\/index.php\/wp-json\/wp\/v2\/types\/post"}],"author":[{"embeddable":true,"href":"https:\/\/fuentesfidedignas.com.mx\/index.php\/wp-json\/wp\/v2\/users\/4"}],"replies":[{"embeddable":true,"href":"https:\/\/fuentesfidedignas.com.mx\/index.php\/wp-json\/wp\/v2\/comments?post=30656"}],"version-history":[{"count":1,"href":"https:\/\/fuentesfidedignas.com.mx\/index.php\/wp-json\/wp\/v2\/posts\/30656\/revisions"}],"predecessor-version":[{"id":30659,"href":"https:\/\/fuentesfidedignas.com.mx\/index.php\/wp-json\/wp\/v2\/posts\/30656\/revisions\/30659"}],"wp:featuredmedia":[{"embeddable":true,"href":"https:\/\/fuentesfidedignas.com.mx\/index.php\/wp-json\/wp\/v2\/media\/30658"}],"wp:attachment":[{"href":"https:\/\/fuentesfidedignas.com.mx\/index.php\/wp-json\/wp\/v2\/media?parent=30656"}],"wp:term":[{"taxonomy":"category","embeddable":true,"href":"https:\/\/fuentesfidedignas.com.mx\/index.php\/wp-json\/wp\/v2\/categories?post=30656"},{"taxonomy":"post_tag","embeddable":true,"href":"https:\/\/fuentesfidedignas.com.mx\/index.php\/wp-json\/wp\/v2\/tags?post=30656"}],"curies":[{"name":"wp","href":"https:\/\/api.w.org\/{rel}","templated":true}]}}