{"id":30574,"date":"2022-05-08T15:54:25","date_gmt":"2022-05-08T21:54:25","guid":{"rendered":"https:\/\/fuentesfidedignas.com.mx\/?p=30574"},"modified":"2022-05-08T15:54:27","modified_gmt":"2022-05-08T21:54:27","slug":"amlo-propuso-sustituir-a-la-oea-por-un-organismo-autonomo-y-no-lacayo-de-nadie","status":"publish","type":"post","link":"https:\/\/fuentesfidedignas.com.mx\/index.php\/2022\/05\/08\/amlo-propuso-sustituir-a-la-oea-por-un-organismo-autonomo-y-no-lacayo-de-nadie\/","title":{"rendered":"AMLO propuso sustituir a la OEA por un organismo \u201caut\u00f3nomo y no lacayo de nadie\u201d"},"content":{"rendered":"\n<p><strong><em>En su visita a Cuba, el mandatario mexicano coment\u00f3 que se deber\u00eda construir algo semejante a la Uni\u00f3n Europea, pero apegado a nuestra historia y ra\u00edces<\/em><\/strong><\/p>\n\n\n\n<p>Cuba.- Durante su visita a Cuba, el presidente Andr\u00e9s Manuel L\u00f3pez Obrador propuso sustituir a la Organizaci\u00f3n de los Estados Americanos (OEA) por un organismo \u201cverdaderamente aut\u00f3nomo, no lacayo de nadie, sino mediador a petici\u00f3n de las partes en conflictos en asuntos de derechos humanos y de democracia\u201d, asever\u00f3.<\/p>\n\n\n\n<p>En ese sentido, AMLO coment\u00f3 que se deber\u00eda construir algo semejante a la Uni\u00f3n Europea, \u201cpero apegado a nuestra historia, a nuestra realidad y a nuestras identidades\u201d, expres\u00f3 desde la Plaza de la Revoluci\u00f3n frente a medios de comunicaci\u00f3n en su \u00faltimo d\u00eda de gira de trabajo en el extranjero, que comenz\u00f3 desde el pasado 5 de mayo.<\/p>\n\n\n\n<p>Cabe recordar que esas mismas palabras fueron pronunciadas el pasado 24 de julio de 2021 durante la ceremonia del natalicio de Sim\u00f3n Bol\u00edvar, en la que se llev\u00f3 a cabo la reuni\u00f3n de la Comunidad de Estados Latinoamericanos y Caribe\u00f1os (Celac).<\/p>\n\n\n\n<p>\u201cAunque parezca un sue\u00f1o (\u2026) vale la pena intentarlo\u201d, coment\u00f3 el presidente L\u00f3pez Obrador sobre la inclusi\u00f3n de todas las naciones de Am\u00e9rica, y asegur\u00f3 que el tratado para el desarrollo econ\u00f3mico y comercial es algo que conviene a todos frente a la competencia econ\u00f3mica que se acrecentar\u00e1 en un futuro pr\u00f3ximo.<\/p>\n\n\n\n<p>Por lo anterior, el presidente tabasque\u00f1o reiter\u00f3 que solicitar\u00e1 al gobierno estadounidense que considere la inclusi\u00f3n de Cuba en la pr\u00f3xima reuni\u00f3n de la IX Cumbre de las Am\u00e9ricas, que se celebrar\u00e1 del 6 al 10 de junio en Los \u00c1ngeles, Estados Unidos. \u201cQue nadie excluya a nadie\u201d, asever\u00f3 L\u00f3pez Obrador, luego de que el presidente Joe Biden asegur\u00f3 que \u201clas dictaduras de Cuba, Venezuela y Nicaragua no est\u00e1n invitadas\u201d a esta Cumbre.<\/p>\n\n\n\n<p>\u201cUna nueva relaci\u00f3n entre los pa\u00edses de Am\u00e9rica (de toda Am\u00e9rica) es posible. Nuestra propuesta puede parecer ut\u00f3pica y hasta ingenua, pero en vez de cerrarnos, debemos abrirnos al di\u00e1logo (\u2026) Adem\u00e1s no veo otra alternativa ante el crecimiento exponencial de la econom\u00eda de otras regiones del mundo y la decadencia productiva de toda Am\u00e9rica\u201d<br>Previo a su mensaje a medios de comunicaci\u00f3n, el mandatario federal coloc\u00f3 una ofrenda floral en el Monumento al pol\u00edtico y escritor cubano, Jos\u00e9 Mart\u00ed, en la Plaza de la Revoluci\u00f3n en La Habana, en la que tambi\u00e9n particip\u00f3 el vicepresidente del r\u00e9gimen cubano, Salvador Vald\u00e9s Mesa.<\/p>\n\n\n\n<p>Posteriormente, el dictador de Cuba, Manuel D\u00edaz-Canel, lo recibi\u00f3 en el Palacio de la Revoluci\u00f3n para firmar un acuerdo bilateral en materia de salud para la cooperaci\u00f3n ante emergencias sanitarias. Lo anterior, pese a la pol\u00e9mica que se gener\u00f3 por la contrataci\u00f3n de 588 m\u00e9dicos cubanos en 2020 para \u201capoyar\u201d en las labores de atenci\u00f3n por la pandemia de COVID-19.<\/p>\n\n\n\n<p>Acto seguido se procedi\u00f3 a la condecoraci\u00f3n del presidente L\u00f3pez Obrador con la Orden Jos\u00e9 Mart\u00ed, la m\u00e1s alta que el r\u00e9gimen cubano otorga a los ciudadanos cubanos o extranjeros, as\u00ed como a jefes de Estado, por sus \u201cgrandes haza\u00f1as en favor de la humanidad\u201d.<\/p>\n\n\n\n<p>La visita del presidente mexicano a Cuba se realiz\u00f3 luego de que se registrara una explosi\u00f3n en el Hotel Saratoga en La Habana, en el que han fallecido 27 personas y otras 80 han resultado lesionadas hasta el momento; a pesar de ello, la gira de trabajo de AMLO no se cancel\u00f3.<\/p>\n\n\n\n<p>AMLO arrib\u00f3 a la isla caribe\u00f1a el s\u00e1bado 7 de mayo, luego de haberse reunido con su hom\u00f3logo de Belice, John Brice\u00f1o, con quien abord\u00f3 los programas \u201cSembrando Vida\u201d y \u201cJ\u00f3venes Construyendo el Futuro\u201d con el objetivo de controlar los flujos migratorios que pasan por el territorio mexicano en su intento por llegar a la frontera con Estados Unidos.<\/p>\n\n\n\n<p>Previamente, el presidente L\u00f3pez Obrador sostuvo reuniones con los presidentes de Guatemala y El Salvador, Alejandro Giammattei y Nayib Bukele, respectivamente, as\u00ed como con la presidenta de Honduras, Xiomara Castro. Uno de sus principales objetivos en esta gira fue la implementaci\u00f3n de programas sociales en la regi\u00f3n. Se trata de la primera gira de trabajo por Centroam\u00e9rica, pues las otras tres salidas de AMLO al extranjero tuvieron como destino Estados Unidos.<\/p>\n","protected":false},"excerpt":{"rendered":"<p>En su visita a Cuba, el mandatario mexicano coment\u00f3 que se deber\u00eda construir algo semejante a la Uni\u00f3n Europea, pero apegado a nuestra historia y ra\u00edces Cuba.- Durante su visita a Cuba, el presidente Andr\u00e9s Manuel L\u00f3pez Obrador propuso sustituir a la Organizaci\u00f3n de los Estados Americanos (OEA) por un organismo \u201cverdaderamente aut\u00f3nomo, no lacayo [&hellip;]<\/p>\n","protected":false},"author":41,"featured_media":30575,"comment_status":"open","ping_status":"open","sticky":false,"template":"","format":"standard","meta":{"tdm_status":"","tdm_grid_status":"","footnotes":""},"categories":[39],"tags":[247,297,1325,425,424],"class_list":{"0":"post-30574","1":"post","2":"type-post","3":"status-publish","4":"format-standard","5":"has-post-thumbnail","7":"category-noticias-nacionales","8":"tag-amlo","9":"tag-andres-manuel-lopez-obrador","10":"tag-cuba","11":"tag-oea","12":"tag-organizacion-de-los-estados-americanos"},"yoast_head":"<!-- This site is optimized with the Yoast SEO plugin v27.5 - https:\/\/yoast.com\/product\/yoast-seo-wordpress\/ -->\n<title>AMLO propuso sustituir a la OEA por un organismo \u201caut\u00f3nomo y no lacayo de nadie\u201d - Fuentes Fidedignas<\/title>\n<meta name=\"robots\" content=\"index, follow, max-snippet:-1, max-image-preview:large, max-video-preview:-1\" \/>\n<link rel=\"canonical\" href=\"https:\/\/fuentesfidedignas.com.mx\/index.php\/2022\/05\/08\/amlo-propuso-sustituir-a-la-oea-por-un-organismo-autonomo-y-no-lacayo-de-nadie\/\" \/>\n<meta property=\"og:locale\" content=\"es_MX\" \/>\n<meta property=\"og:type\" content=\"article\" \/>\n<meta property=\"og:title\" content=\"AMLO propuso sustituir a la OEA por un organismo \u201caut\u00f3nomo y no lacayo de nadie\u201d - Fuentes Fidedignas\" \/>\n<meta property=\"og:description\" content=\"En su visita a Cuba, el mandatario mexicano coment\u00f3 que se deber\u00eda construir algo semejante a la Uni\u00f3n Europea, pero apegado a nuestra historia y ra\u00edces Cuba.- Durante su visita a Cuba, el presidente Andr\u00e9s Manuel L\u00f3pez Obrador propuso sustituir a la Organizaci\u00f3n de los Estados Americanos (OEA) por un organismo \u201cverdaderamente aut\u00f3nomo, no lacayo [&hellip;]\" \/>\n<meta property=\"og:url\" content=\"https:\/\/fuentesfidedignas.com.mx\/index.php\/2022\/05\/08\/amlo-propuso-sustituir-a-la-oea-por-un-organismo-autonomo-y-no-lacayo-de-nadie\/\" \/>\n<meta property=\"og:site_name\" content=\"Fuentes Fidedignas\" \/>\n<meta property=\"article:publisher\" content=\"https:\/\/www.facebook.com\/Fuentes-Fidedignas-368234489921644\" \/>\n<meta property=\"article:published_time\" content=\"2022-05-08T21:54:25+00:00\" \/>\n<meta property=\"article:modified_time\" content=\"2022-05-08T21:54:27+00:00\" \/>\n<meta property=\"og:image\" content=\"https:\/\/fuentesfidedignas.com.mx\/wp-content\/uploads\/2022\/05\/AMLO_CUBA.jpg\" \/>\n\t<meta property=\"og:image:width\" content=\"1117\" \/>\n\t<meta property=\"og:image:height\" content=\"744\" \/>\n\t<meta property=\"og:image:type\" content=\"image\/jpeg\" \/>\n<meta name=\"author\" content=\"Infobae\" \/>\n<meta name=\"twitter:card\" content=\"summary_large_image\" \/>\n<meta name=\"twitter:creator\" content=\"@fidedignas\" \/>\n<meta name=\"twitter:site\" content=\"@fidedignas\" \/>\n<meta name=\"twitter:label1\" content=\"Escrito por\" \/>\n\t<meta name=\"twitter:data1\" content=\"Infobae\" \/>\n\t<meta name=\"twitter:label2\" content=\"Tiempo de lectura\" \/>\n\t<meta name=\"twitter:data2\" content=\"4 minutos\" \/>\n<script type=\"application\/ld+json\" class=\"yoast-schema-graph\">{\"@context\":\"https:\\\/\\\/schema.org\",\"@graph\":[{\"@type\":\"Article\",\"@id\":\"https:\\\/\\\/fuentesfidedignas.com.mx\\\/index.php\\\/2022\\\/05\\\/08\\\/amlo-propuso-sustituir-a-la-oea-por-un-organismo-autonomo-y-no-lacayo-de-nadie\\\/#article\",\"isPartOf\":{\"@id\":\"https:\\\/\\\/fuentesfidedignas.com.mx\\\/index.php\\\/2022\\\/05\\\/08\\\/amlo-propuso-sustituir-a-la-oea-por-un-organismo-autonomo-y-no-lacayo-de-nadie\\\/\"},\"author\":{\"name\":\"Infobae\",\"@id\":\"https:\\\/\\\/fuentesfidedignas.com.mx\\\/#\\\/schema\\\/person\\\/8575896a7c1067d352f6c1cd6582c389\"},\"headline\":\"AMLO propuso sustituir a la OEA por un organismo \u201caut\u00f3nomo y no lacayo de nadie\u201d\",\"datePublished\":\"2022-05-08T21:54:25+00:00\",\"dateModified\":\"2022-05-08T21:54:27+00:00\",\"mainEntityOfPage\":{\"@id\":\"https:\\\/\\\/fuentesfidedignas.com.mx\\\/index.php\\\/2022\\\/05\\\/08\\\/amlo-propuso-sustituir-a-la-oea-por-un-organismo-autonomo-y-no-lacayo-de-nadie\\\/\"},\"wordCount\":761,\"commentCount\":0,\"publisher\":{\"@id\":\"https:\\\/\\\/fuentesfidedignas.com.mx\\\/#organization\"},\"image\":{\"@id\":\"https:\\\/\\\/fuentesfidedignas.com.mx\\\/index.php\\\/2022\\\/05\\\/08\\\/amlo-propuso-sustituir-a-la-oea-por-un-organismo-autonomo-y-no-lacayo-de-nadie\\\/#primaryimage\"},\"thumbnailUrl\":\"https:\\\/\\\/fuentesfidedignas.com.mx\\\/wp-content\\\/uploads\\\/2022\\\/05\\\/AMLO_CUBA.jpg\",\"keywords\":[\"AMLO\",\"Andr\u00e9s Manuel L\u00f3pez Obrador\",\"Cuba\",\"OEA\",\"Organizaci\u00f3n de los Estados Americanos\"],\"articleSection\":[\"NOTICIAS NACIONALES\"],\"inLanguage\":\"es\",\"potentialAction\":[{\"@type\":\"CommentAction\",\"name\":\"Comment\",\"target\":[\"https:\\\/\\\/fuentesfidedignas.com.mx\\\/index.php\\\/2022\\\/05\\\/08\\\/amlo-propuso-sustituir-a-la-oea-por-un-organismo-autonomo-y-no-lacayo-de-nadie\\\/#respond\"]}]},{\"@type\":\"WebPage\",\"@id\":\"https:\\\/\\\/fuentesfidedignas.com.mx\\\/index.php\\\/2022\\\/05\\\/08\\\/amlo-propuso-sustituir-a-la-oea-por-un-organismo-autonomo-y-no-lacayo-de-nadie\\\/\",\"url\":\"https:\\\/\\\/fuentesfidedignas.com.mx\\\/index.php\\\/2022\\\/05\\\/08\\\/amlo-propuso-sustituir-a-la-oea-por-un-organismo-autonomo-y-no-lacayo-de-nadie\\\/\",\"name\":\"AMLO propuso sustituir a la OEA por un organismo \u201caut\u00f3nomo y no lacayo de nadie\u201d - Fuentes Fidedignas\",\"isPartOf\":{\"@id\":\"https:\\\/\\\/fuentesfidedignas.com.mx\\\/#website\"},\"primaryImageOfPage\":{\"@id\":\"https:\\\/\\\/fuentesfidedignas.com.mx\\\/index.php\\\/2022\\\/05\\\/08\\\/amlo-propuso-sustituir-a-la-oea-por-un-organismo-autonomo-y-no-lacayo-de-nadie\\\/#primaryimage\"},\"image\":{\"@id\":\"https:\\\/\\\/fuentesfidedignas.com.mx\\\/index.php\\\/2022\\\/05\\\/08\\\/amlo-propuso-sustituir-a-la-oea-por-un-organismo-autonomo-y-no-lacayo-de-nadie\\\/#primaryimage\"},\"thumbnailUrl\":\"https:\\\/\\\/fuentesfidedignas.com.mx\\\/wp-content\\\/uploads\\\/2022\\\/05\\\/AMLO_CUBA.jpg\",\"datePublished\":\"2022-05-08T21:54:25+00:00\",\"dateModified\":\"2022-05-08T21:54:27+00:00\",\"breadcrumb\":{\"@id\":\"https:\\\/\\\/fuentesfidedignas.com.mx\\\/index.php\\\/2022\\\/05\\\/08\\\/amlo-propuso-sustituir-a-la-oea-por-un-organismo-autonomo-y-no-lacayo-de-nadie\\\/#breadcrumb\"},\"inLanguage\":\"es\",\"potentialAction\":[{\"@type\":\"ReadAction\",\"target\":[\"https:\\\/\\\/fuentesfidedignas.com.mx\\\/index.php\\\/2022\\\/05\\\/08\\\/amlo-propuso-sustituir-a-la-oea-por-un-organismo-autonomo-y-no-lacayo-de-nadie\\\/\"]}]},{\"@type\":\"ImageObject\",\"inLanguage\":\"es\",\"@id\":\"https:\\\/\\\/fuentesfidedignas.com.mx\\\/index.php\\\/2022\\\/05\\\/08\\\/amlo-propuso-sustituir-a-la-oea-por-un-organismo-autonomo-y-no-lacayo-de-nadie\\\/#primaryimage\",\"url\":\"https:\\\/\\\/fuentesfidedignas.com.mx\\\/wp-content\\\/uploads\\\/2022\\\/05\\\/AMLO_CUBA.jpg\",\"contentUrl\":\"https:\\\/\\\/fuentesfidedignas.com.mx\\\/wp-content\\\/uploads\\\/2022\\\/05\\\/AMLO_CUBA.jpg\",\"width\":1117,\"height\":744},{\"@type\":\"BreadcrumbList\",\"@id\":\"https:\\\/\\\/fuentesfidedignas.com.mx\\\/index.php\\\/2022\\\/05\\\/08\\\/amlo-propuso-sustituir-a-la-oea-por-un-organismo-autonomo-y-no-lacayo-de-nadie\\\/#breadcrumb\",\"itemListElement\":[{\"@type\":\"ListItem\",\"position\":1,\"name\":\"Inicio\",\"item\":\"https:\\\/\\\/fuentesfidedignas.com.mx\\\/\"},{\"@type\":\"ListItem\",\"position\":2,\"name\":\"AMLO propuso sustituir a la OEA por un organismo \u201caut\u00f3nomo y no lacayo de nadie\u201d\"}]},{\"@type\":\"WebSite\",\"@id\":\"https:\\\/\\\/fuentesfidedignas.com.mx\\\/#website\",\"url\":\"https:\\\/\\\/fuentesfidedignas.com.mx\\\/\",\"name\":\"Fuentes Fidedignas\",\"description\":\"Otro sitio realizado con WordPress\",\"publisher\":{\"@id\":\"https:\\\/\\\/fuentesfidedignas.com.mx\\\/#organization\"},\"potentialAction\":[{\"@type\":\"SearchAction\",\"target\":{\"@type\":\"EntryPoint\",\"urlTemplate\":\"https:\\\/\\\/fuentesfidedignas.com.mx\\\/?s={search_term_string}\"},\"query-input\":{\"@type\":\"PropertyValueSpecification\",\"valueRequired\":true,\"valueName\":\"search_term_string\"}}],\"inLanguage\":\"es\"},{\"@type\":\"Organization\",\"@id\":\"https:\\\/\\\/fuentesfidedignas.com.mx\\\/#organization\",\"name\":\"Fuentes Fidedignas\",\"url\":\"https:\\\/\\\/fuentesfidedignas.com.mx\\\/\",\"logo\":{\"@type\":\"ImageObject\",\"inLanguage\":\"es\",\"@id\":\"https:\\\/\\\/fuentesfidedignas.com.mx\\\/#\\\/schema\\\/logo\\\/image\\\/\",\"url\":\"https:\\\/\\\/fuentesfidedignas.com.mx\\\/wp-content\\\/uploads\\\/2021\\\/04\\\/logo-retina.png\",\"contentUrl\":\"https:\\\/\\\/fuentesfidedignas.com.mx\\\/wp-content\\\/uploads\\\/2021\\\/04\\\/logo-retina.png\",\"width\":280,\"height\":51,\"caption\":\"Fuentes Fidedignas\"},\"image\":{\"@id\":\"https:\\\/\\\/fuentesfidedignas.com.mx\\\/#\\\/schema\\\/logo\\\/image\\\/\"},\"sameAs\":[\"https:\\\/\\\/www.facebook.com\\\/Fuentes-Fidedignas-368234489921644\",\"https:\\\/\\\/x.com\\\/fidedignas\"]},{\"@type\":\"Person\",\"@id\":\"https:\\\/\\\/fuentesfidedignas.com.mx\\\/#\\\/schema\\\/person\\\/8575896a7c1067d352f6c1cd6582c389\",\"name\":\"Infobae\",\"image\":{\"@type\":\"ImageObject\",\"inLanguage\":\"es\",\"@id\":\"https:\\\/\\\/secure.gravatar.com\\\/avatar\\\/e4ec95706f8d1670343f6526fdcec45474bab17475a851434a64ca12b5acba1c?s=96&d=mm&r=g\",\"url\":\"https:\\\/\\\/secure.gravatar.com\\\/avatar\\\/e4ec95706f8d1670343f6526fdcec45474bab17475a851434a64ca12b5acba1c?s=96&d=mm&r=g\",\"contentUrl\":\"https:\\\/\\\/secure.gravatar.com\\\/avatar\\\/e4ec95706f8d1670343f6526fdcec45474bab17475a851434a64ca12b5acba1c?s=96&d=mm&r=g\",\"caption\":\"Infobae\"},\"url\":\"https:\\\/\\\/fuentesfidedignas.com.mx\\\/index.php\\\/author\\\/infobae\\\/\"}]}<\/script>\n<!-- \/ Yoast SEO plugin. -->","yoast_head_json":{"title":"AMLO propuso sustituir a la OEA por un organismo \u201caut\u00f3nomo y no lacayo de nadie\u201d - Fuentes Fidedignas","robots":{"index":"index","follow":"follow","max-snippet":"max-snippet:-1","max-image-preview":"max-image-preview:large","max-video-preview":"max-video-preview:-1"},"canonical":"https:\/\/fuentesfidedignas.com.mx\/index.php\/2022\/05\/08\/amlo-propuso-sustituir-a-la-oea-por-un-organismo-autonomo-y-no-lacayo-de-nadie\/","og_locale":"es_MX","og_type":"article","og_title":"AMLO propuso sustituir a la OEA por un organismo \u201caut\u00f3nomo y no lacayo de nadie\u201d - Fuentes Fidedignas","og_description":"En su visita a Cuba, el mandatario mexicano coment\u00f3 que se deber\u00eda construir algo semejante a la Uni\u00f3n Europea, pero apegado a nuestra historia y ra\u00edces Cuba.- Durante su visita a Cuba, el presidente Andr\u00e9s Manuel L\u00f3pez Obrador propuso sustituir a la Organizaci\u00f3n de los Estados Americanos (OEA) por un organismo \u201cverdaderamente aut\u00f3nomo, no lacayo [&hellip;]","og_url":"https:\/\/fuentesfidedignas.com.mx\/index.php\/2022\/05\/08\/amlo-propuso-sustituir-a-la-oea-por-un-organismo-autonomo-y-no-lacayo-de-nadie\/","og_site_name":"Fuentes Fidedignas","article_publisher":"https:\/\/www.facebook.com\/Fuentes-Fidedignas-368234489921644","article_published_time":"2022-05-08T21:54:25+00:00","article_modified_time":"2022-05-08T21:54:27+00:00","og_image":[{"width":1117,"height":744,"url":"https:\/\/fuentesfidedignas.com.mx\/wp-content\/uploads\/2022\/05\/AMLO_CUBA.jpg","type":"image\/jpeg"}],"author":"Infobae","twitter_card":"summary_large_image","twitter_creator":"@fidedignas","twitter_site":"@fidedignas","twitter_misc":{"Escrito por":"Infobae","Tiempo de lectura":"4 minutos"},"schema":{"@context":"https:\/\/schema.org","@graph":[{"@type":"Article","@id":"https:\/\/fuentesfidedignas.com.mx\/index.php\/2022\/05\/08\/amlo-propuso-sustituir-a-la-oea-por-un-organismo-autonomo-y-no-lacayo-de-nadie\/#article","isPartOf":{"@id":"https:\/\/fuentesfidedignas.com.mx\/index.php\/2022\/05\/08\/amlo-propuso-sustituir-a-la-oea-por-un-organismo-autonomo-y-no-lacayo-de-nadie\/"},"author":{"name":"Infobae","@id":"https:\/\/fuentesfidedignas.com.mx\/#\/schema\/person\/8575896a7c1067d352f6c1cd6582c389"},"headline":"AMLO propuso sustituir a la OEA por un organismo \u201caut\u00f3nomo y no lacayo de nadie\u201d","datePublished":"2022-05-08T21:54:25+00:00","dateModified":"2022-05-08T21:54:27+00:00","mainEntityOfPage":{"@id":"https:\/\/fuentesfidedignas.com.mx\/index.php\/2022\/05\/08\/amlo-propuso-sustituir-a-la-oea-por-un-organismo-autonomo-y-no-lacayo-de-nadie\/"},"wordCount":761,"commentCount":0,"publisher":{"@id":"https:\/\/fuentesfidedignas.com.mx\/#organization"},"image":{"@id":"https:\/\/fuentesfidedignas.com.mx\/index.php\/2022\/05\/08\/amlo-propuso-sustituir-a-la-oea-por-un-organismo-autonomo-y-no-lacayo-de-nadie\/#primaryimage"},"thumbnailUrl":"https:\/\/fuentesfidedignas.com.mx\/wp-content\/uploads\/2022\/05\/AMLO_CUBA.jpg","keywords":["AMLO","Andr\u00e9s Manuel L\u00f3pez Obrador","Cuba","OEA","Organizaci\u00f3n de los Estados Americanos"],"articleSection":["NOTICIAS NACIONALES"],"inLanguage":"es","potentialAction":[{"@type":"CommentAction","name":"Comment","target":["https:\/\/fuentesfidedignas.com.mx\/index.php\/2022\/05\/08\/amlo-propuso-sustituir-a-la-oea-por-un-organismo-autonomo-y-no-lacayo-de-nadie\/#respond"]}]},{"@type":"WebPage","@id":"https:\/\/fuentesfidedignas.com.mx\/index.php\/2022\/05\/08\/amlo-propuso-sustituir-a-la-oea-por-un-organismo-autonomo-y-no-lacayo-de-nadie\/","url":"https:\/\/fuentesfidedignas.com.mx\/index.php\/2022\/05\/08\/amlo-propuso-sustituir-a-la-oea-por-un-organismo-autonomo-y-no-lacayo-de-nadie\/","name":"AMLO propuso sustituir a la OEA por un organismo \u201caut\u00f3nomo y no lacayo de nadie\u201d - Fuentes Fidedignas","isPartOf":{"@id":"https:\/\/fuentesfidedignas.com.mx\/#website"},"primaryImageOfPage":{"@id":"https:\/\/fuentesfidedignas.com.mx\/index.php\/2022\/05\/08\/amlo-propuso-sustituir-a-la-oea-por-un-organismo-autonomo-y-no-lacayo-de-nadie\/#primaryimage"},"image":{"@id":"https:\/\/fuentesfidedignas.com.mx\/index.php\/2022\/05\/08\/amlo-propuso-sustituir-a-la-oea-por-un-organismo-autonomo-y-no-lacayo-de-nadie\/#primaryimage"},"thumbnailUrl":"https:\/\/fuentesfidedignas.com.mx\/wp-content\/uploads\/2022\/05\/AMLO_CUBA.jpg","datePublished":"2022-05-08T21:54:25+00:00","dateModified":"2022-05-08T21:54:27+00:00","breadcrumb":{"@id":"https:\/\/fuentesfidedignas.com.mx\/index.php\/2022\/05\/08\/amlo-propuso-sustituir-a-la-oea-por-un-organismo-autonomo-y-no-lacayo-de-nadie\/#breadcrumb"},"inLanguage":"es","potentialAction":[{"@type":"ReadAction","target":["https:\/\/fuentesfidedignas.com.mx\/index.php\/2022\/05\/08\/amlo-propuso-sustituir-a-la-oea-por-un-organismo-autonomo-y-no-lacayo-de-nadie\/"]}]},{"@type":"ImageObject","inLanguage":"es","@id":"https:\/\/fuentesfidedignas.com.mx\/index.php\/2022\/05\/08\/amlo-propuso-sustituir-a-la-oea-por-un-organismo-autonomo-y-no-lacayo-de-nadie\/#primaryimage","url":"https:\/\/fuentesfidedignas.com.mx\/wp-content\/uploads\/2022\/05\/AMLO_CUBA.jpg","contentUrl":"https:\/\/fuentesfidedignas.com.mx\/wp-content\/uploads\/2022\/05\/AMLO_CUBA.jpg","width":1117,"height":744},{"@type":"BreadcrumbList","@id":"https:\/\/fuentesfidedignas.com.mx\/index.php\/2022\/05\/08\/amlo-propuso-sustituir-a-la-oea-por-un-organismo-autonomo-y-no-lacayo-de-nadie\/#breadcrumb","itemListElement":[{"@type":"ListItem","position":1,"name":"Inicio","item":"https:\/\/fuentesfidedignas.com.mx\/"},{"@type":"ListItem","position":2,"name":"AMLO propuso sustituir a la OEA por un organismo \u201caut\u00f3nomo y no lacayo de nadie\u201d"}]},{"@type":"WebSite","@id":"https:\/\/fuentesfidedignas.com.mx\/#website","url":"https:\/\/fuentesfidedignas.com.mx\/","name":"Fuentes Fidedignas","description":"Otro sitio realizado con WordPress","publisher":{"@id":"https:\/\/fuentesfidedignas.com.mx\/#organization"},"potentialAction":[{"@type":"SearchAction","target":{"@type":"EntryPoint","urlTemplate":"https:\/\/fuentesfidedignas.com.mx\/?s={search_term_string}"},"query-input":{"@type":"PropertyValueSpecification","valueRequired":true,"valueName":"search_term_string"}}],"inLanguage":"es"},{"@type":"Organization","@id":"https:\/\/fuentesfidedignas.com.mx\/#organization","name":"Fuentes Fidedignas","url":"https:\/\/fuentesfidedignas.com.mx\/","logo":{"@type":"ImageObject","inLanguage":"es","@id":"https:\/\/fuentesfidedignas.com.mx\/#\/schema\/logo\/image\/","url":"https:\/\/fuentesfidedignas.com.mx\/wp-content\/uploads\/2021\/04\/logo-retina.png","contentUrl":"https:\/\/fuentesfidedignas.com.mx\/wp-content\/uploads\/2021\/04\/logo-retina.png","width":280,"height":51,"caption":"Fuentes Fidedignas"},"image":{"@id":"https:\/\/fuentesfidedignas.com.mx\/#\/schema\/logo\/image\/"},"sameAs":["https:\/\/www.facebook.com\/Fuentes-Fidedignas-368234489921644","https:\/\/x.com\/fidedignas"]},{"@type":"Person","@id":"https:\/\/fuentesfidedignas.com.mx\/#\/schema\/person\/8575896a7c1067d352f6c1cd6582c389","name":"Infobae","image":{"@type":"ImageObject","inLanguage":"es","@id":"https:\/\/secure.gravatar.com\/avatar\/e4ec95706f8d1670343f6526fdcec45474bab17475a851434a64ca12b5acba1c?s=96&d=mm&r=g","url":"https:\/\/secure.gravatar.com\/avatar\/e4ec95706f8d1670343f6526fdcec45474bab17475a851434a64ca12b5acba1c?s=96&d=mm&r=g","contentUrl":"https:\/\/secure.gravatar.com\/avatar\/e4ec95706f8d1670343f6526fdcec45474bab17475a851434a64ca12b5acba1c?s=96&d=mm&r=g","caption":"Infobae"},"url":"https:\/\/fuentesfidedignas.com.mx\/index.php\/author\/infobae\/"}]}},"_links":{"self":[{"href":"https:\/\/fuentesfidedignas.com.mx\/index.php\/wp-json\/wp\/v2\/posts\/30574","targetHints":{"allow":["GET"]}}],"collection":[{"href":"https:\/\/fuentesfidedignas.com.mx\/index.php\/wp-json\/wp\/v2\/posts"}],"about":[{"href":"https:\/\/fuentesfidedignas.com.mx\/index.php\/wp-json\/wp\/v2\/types\/post"}],"author":[{"embeddable":true,"href":"https:\/\/fuentesfidedignas.com.mx\/index.php\/wp-json\/wp\/v2\/users\/41"}],"replies":[{"embeddable":true,"href":"https:\/\/fuentesfidedignas.com.mx\/index.php\/wp-json\/wp\/v2\/comments?post=30574"}],"version-history":[{"count":1,"href":"https:\/\/fuentesfidedignas.com.mx\/index.php\/wp-json\/wp\/v2\/posts\/30574\/revisions"}],"predecessor-version":[{"id":30576,"href":"https:\/\/fuentesfidedignas.com.mx\/index.php\/wp-json\/wp\/v2\/posts\/30574\/revisions\/30576"}],"wp:featuredmedia":[{"embeddable":true,"href":"https:\/\/fuentesfidedignas.com.mx\/index.php\/wp-json\/wp\/v2\/media\/30575"}],"wp:attachment":[{"href":"https:\/\/fuentesfidedignas.com.mx\/index.php\/wp-json\/wp\/v2\/media?parent=30574"}],"wp:term":[{"taxonomy":"category","embeddable":true,"href":"https:\/\/fuentesfidedignas.com.mx\/index.php\/wp-json\/wp\/v2\/categories?post=30574"},{"taxonomy":"post_tag","embeddable":true,"href":"https:\/\/fuentesfidedignas.com.mx\/index.php\/wp-json\/wp\/v2\/tags?post=30574"}],"curies":[{"name":"wp","href":"https:\/\/api.w.org\/{rel}","templated":true}]}}