{"id":30568,"date":"2022-05-08T13:10:00","date_gmt":"2022-05-08T19:10:00","guid":{"rendered":"https:\/\/fuentesfidedignas.com.mx\/?p=30568"},"modified":"2022-05-08T12:31:09","modified_gmt":"2022-05-08T18:31:09","slug":"video-hombre-muere-aplastado-por-un-toro-durante-jaripeo-en-guerrero","status":"publish","type":"post","link":"https:\/\/fuentesfidedignas.com.mx\/index.php\/2022\/05\/08\/video-hombre-muere-aplastado-por-un-toro-durante-jaripeo-en-guerrero\/","title":{"rendered":"VIDEO: Hombre muere aplastado por un toro durante jaripeo en Guerrero"},"content":{"rendered":"\n<p><strong><em>A trav\u00e9s de un v\u00eddeo difundido en redes sociales, se muestra como el animal pasa por encima del hombre de 35 a\u00f1os en varias ocasiones<\/em><\/strong><\/p>\n\n\n\n<p>Chilpancingo, Guerrero.- La noche de ayer, un hombre muri\u00f3 al ser aplastado por un toro, al cu\u00e1l minutos antes montaba durante un jaripeo realizado en la comunidad del Ocotito en el municipio de Chilpancingo, en Guerrero.<\/p>\n\n\n\n<p>A trav\u00e9s de un v\u00eddeo difundido en redes sociales, se muestra como el hombre de unos 35 a\u00f1os de edad, identificado como Eduardo &#8220;N&#8221;, monta al toro durante varios segundos, sin embargo tras el forcejeo con el animal, el jinete cae, lo que provoca que el enorme toro lo pise en varias ocasiones.<\/p>\n\n\n\n<p>Al ver lo sucedido, varios de los compa\u00f1eros de Eduardo distraen al toro, mientras otros lo sacan a rastras del lugar.<\/p>\n\n\n\n<p>A pesar de que en cuesti\u00f3n de minutos el hombre fue atendido por param\u00e9dicos, \u00e9ste ya no contaba con signos vitales.<\/p>\n\n\n\n<p>Las autoridades ya investigan el hecho, para deslindar responsables por la muerte del hombre.<\/p>\n\n\n\n<p>Im\u00e1genes fuertes:<\/p>\n\n\n\n<figure class=\"wp-block-embed is-type-rich is-provider-twitter wp-block-embed-twitter\"><div class=\"wp-block-embed__wrapper\">\n<blockquote class=\"twitter-tweet\" data-width=\"550\" data-dnt=\"true\"><p lang=\"es\" dir=\"ltr\">\u203c\ufe0fIm\u00e1genes sensibles\u203c\ufe0f<br>Un jinete muri\u00f3 tras ser aplastado por un toro en el municipio de Chilpancingo. Guerrero<br><br>El hecho sucedi\u00f3 mientras se realizaba un jaripeo en la comunidad de El Ocotito. Tras la defunci\u00f3n, la v\u00edctima fue identificada como Eduardo \u201cN\u201d. <a href=\"https:\/\/t.co\/Xn1UAMlYf7\">pic.twitter.com\/Xn1UAMlYf7<\/a><\/p>&mdash; Oaxaca Digital (@Oaxaca_Digital) <a href=\"https:\/\/twitter.com\/Oaxaca_Digital\/status\/1523295426358968320?ref_src=twsrc%5Etfw\">May 8, 2022<\/a><\/blockquote><script async src=\"https:\/\/platform.twitter.com\/widgets.js\" charset=\"utf-8\"><\/script>\n<\/div><\/figure>\n\n\n\n<p><\/p>\n","protected":false},"excerpt":{"rendered":"<p>A trav\u00e9s de un v\u00eddeo difundido en redes sociales, se muestra como el animal pasa por encima del hombre de 35 a\u00f1os en varias ocasiones Chilpancingo, Guerrero.- La noche de ayer, un hombre muri\u00f3 al ser aplastado por un toro, al cu\u00e1l minutos antes montaba durante un jaripeo realizado en la comunidad del Ocotito en [&hellip;]<\/p>\n","protected":false},"author":39,"featured_media":30569,"comment_status":"open","ping_status":"open","sticky":false,"template":"","format":"standard","meta":{"tdm_status":"","tdm_grid_status":"","footnotes":""},"categories":[39],"tags":[],"class_list":{"0":"post-30568","1":"post","2":"type-post","3":"status-publish","4":"format-standard","5":"has-post-thumbnail","7":"category-noticias-nacionales"},"yoast_head":"<!-- This site is optimized with the Yoast SEO plugin v27.4 - https:\/\/yoast.com\/product\/yoast-seo-wordpress\/ -->\n<title>VIDEO: Hombre muere aplastado por un toro durante jaripeo en Guerrero - Fuentes Fidedignas<\/title>\n<meta name=\"robots\" content=\"index, follow, max-snippet:-1, max-image-preview:large, max-video-preview:-1\" \/>\n<link rel=\"canonical\" href=\"https:\/\/fuentesfidedignas.com.mx\/index.php\/2022\/05\/08\/video-hombre-muere-aplastado-por-un-toro-durante-jaripeo-en-guerrero\/\" \/>\n<meta property=\"og:locale\" content=\"es_MX\" \/>\n<meta property=\"og:type\" content=\"article\" \/>\n<meta property=\"og:title\" content=\"VIDEO: Hombre muere aplastado por un toro durante jaripeo en Guerrero - Fuentes Fidedignas\" \/>\n<meta property=\"og:description\" content=\"A trav\u00e9s de un v\u00eddeo difundido en redes sociales, se muestra como el animal pasa por encima del hombre de 35 a\u00f1os en varias ocasiones Chilpancingo, Guerrero.- La noche de ayer, un hombre muri\u00f3 al ser aplastado por un toro, al cu\u00e1l minutos antes montaba durante un jaripeo realizado en la comunidad del Ocotito en [&hellip;]\" \/>\n<meta property=\"og:url\" content=\"https:\/\/fuentesfidedignas.com.mx\/index.php\/2022\/05\/08\/video-hombre-muere-aplastado-por-un-toro-durante-jaripeo-en-guerrero\/\" \/>\n<meta property=\"og:site_name\" content=\"Fuentes Fidedignas\" \/>\n<meta property=\"article:publisher\" content=\"https:\/\/www.facebook.com\/Fuentes-Fidedignas-368234489921644\" \/>\n<meta property=\"article:published_time\" content=\"2022-05-08T19:10:00+00:00\" \/>\n<meta property=\"og:image\" content=\"https:\/\/fuentesfidedignas.com.mx\/wp-content\/uploads\/2022\/05\/TORO_APLASTAR.jpg\" \/>\n\t<meta property=\"og:image:width\" content=\"1297\" \/>\n\t<meta property=\"og:image:height\" content=\"689\" \/>\n\t<meta property=\"og:image:type\" content=\"image\/jpeg\" \/>\n<meta name=\"author\" content=\"El Universal\" \/>\n<meta name=\"twitter:card\" content=\"summary_large_image\" \/>\n<meta name=\"twitter:creator\" content=\"@fidedignas\" \/>\n<meta name=\"twitter:site\" content=\"@fidedignas\" \/>\n<meta name=\"twitter:label1\" content=\"Escrito por\" \/>\n\t<meta name=\"twitter:data1\" content=\"El Universal\" \/>\n\t<meta name=\"twitter:label2\" content=\"Tiempo de lectura\" \/>\n\t<meta name=\"twitter:data2\" content=\"1 minuto\" \/>\n<script type=\"application\/ld+json\" class=\"yoast-schema-graph\">{\"@context\":\"https:\\\/\\\/schema.org\",\"@graph\":[{\"@type\":\"Article\",\"@id\":\"https:\\\/\\\/fuentesfidedignas.com.mx\\\/index.php\\\/2022\\\/05\\\/08\\\/video-hombre-muere-aplastado-por-un-toro-durante-jaripeo-en-guerrero\\\/#article\",\"isPartOf\":{\"@id\":\"https:\\\/\\\/fuentesfidedignas.com.mx\\\/index.php\\\/2022\\\/05\\\/08\\\/video-hombre-muere-aplastado-por-un-toro-durante-jaripeo-en-guerrero\\\/\"},\"author\":{\"name\":\"El Universal\",\"@id\":\"https:\\\/\\\/fuentesfidedignas.com.mx\\\/#\\\/schema\\\/person\\\/fee3882e65fd0510d292c43a346d35d7\"},\"headline\":\"VIDEO: Hombre muere aplastado por un toro durante jaripeo en Guerrero\",\"datePublished\":\"2022-05-08T19:10:00+00:00\",\"mainEntityOfPage\":{\"@id\":\"https:\\\/\\\/fuentesfidedignas.com.mx\\\/index.php\\\/2022\\\/05\\\/08\\\/video-hombre-muere-aplastado-por-un-toro-durante-jaripeo-en-guerrero\\\/\"},\"wordCount\":198,\"commentCount\":0,\"publisher\":{\"@id\":\"https:\\\/\\\/fuentesfidedignas.com.mx\\\/#organization\"},\"image\":{\"@id\":\"https:\\\/\\\/fuentesfidedignas.com.mx\\\/index.php\\\/2022\\\/05\\\/08\\\/video-hombre-muere-aplastado-por-un-toro-durante-jaripeo-en-guerrero\\\/#primaryimage\"},\"thumbnailUrl\":\"https:\\\/\\\/fuentesfidedignas.com.mx\\\/wp-content\\\/uploads\\\/2022\\\/05\\\/TORO_APLASTAR.jpg\",\"articleSection\":[\"NOTICIAS NACIONALES\"],\"inLanguage\":\"es\",\"potentialAction\":[{\"@type\":\"CommentAction\",\"name\":\"Comment\",\"target\":[\"https:\\\/\\\/fuentesfidedignas.com.mx\\\/index.php\\\/2022\\\/05\\\/08\\\/video-hombre-muere-aplastado-por-un-toro-durante-jaripeo-en-guerrero\\\/#respond\"]}]},{\"@type\":\"WebPage\",\"@id\":\"https:\\\/\\\/fuentesfidedignas.com.mx\\\/index.php\\\/2022\\\/05\\\/08\\\/video-hombre-muere-aplastado-por-un-toro-durante-jaripeo-en-guerrero\\\/\",\"url\":\"https:\\\/\\\/fuentesfidedignas.com.mx\\\/index.php\\\/2022\\\/05\\\/08\\\/video-hombre-muere-aplastado-por-un-toro-durante-jaripeo-en-guerrero\\\/\",\"name\":\"VIDEO: Hombre muere aplastado por un toro durante jaripeo en Guerrero - Fuentes Fidedignas\",\"isPartOf\":{\"@id\":\"https:\\\/\\\/fuentesfidedignas.com.mx\\\/#website\"},\"primaryImageOfPage\":{\"@id\":\"https:\\\/\\\/fuentesfidedignas.com.mx\\\/index.php\\\/2022\\\/05\\\/08\\\/video-hombre-muere-aplastado-por-un-toro-durante-jaripeo-en-guerrero\\\/#primaryimage\"},\"image\":{\"@id\":\"https:\\\/\\\/fuentesfidedignas.com.mx\\\/index.php\\\/2022\\\/05\\\/08\\\/video-hombre-muere-aplastado-por-un-toro-durante-jaripeo-en-guerrero\\\/#primaryimage\"},\"thumbnailUrl\":\"https:\\\/\\\/fuentesfidedignas.com.mx\\\/wp-content\\\/uploads\\\/2022\\\/05\\\/TORO_APLASTAR.jpg\",\"datePublished\":\"2022-05-08T19:10:00+00:00\",\"breadcrumb\":{\"@id\":\"https:\\\/\\\/fuentesfidedignas.com.mx\\\/index.php\\\/2022\\\/05\\\/08\\\/video-hombre-muere-aplastado-por-un-toro-durante-jaripeo-en-guerrero\\\/#breadcrumb\"},\"inLanguage\":\"es\",\"potentialAction\":[{\"@type\":\"ReadAction\",\"target\":[\"https:\\\/\\\/fuentesfidedignas.com.mx\\\/index.php\\\/2022\\\/05\\\/08\\\/video-hombre-muere-aplastado-por-un-toro-durante-jaripeo-en-guerrero\\\/\"]}]},{\"@type\":\"ImageObject\",\"inLanguage\":\"es\",\"@id\":\"https:\\\/\\\/fuentesfidedignas.com.mx\\\/index.php\\\/2022\\\/05\\\/08\\\/video-hombre-muere-aplastado-por-un-toro-durante-jaripeo-en-guerrero\\\/#primaryimage\",\"url\":\"https:\\\/\\\/fuentesfidedignas.com.mx\\\/wp-content\\\/uploads\\\/2022\\\/05\\\/TORO_APLASTAR.jpg\",\"contentUrl\":\"https:\\\/\\\/fuentesfidedignas.com.mx\\\/wp-content\\\/uploads\\\/2022\\\/05\\\/TORO_APLASTAR.jpg\",\"width\":1297,\"height\":689},{\"@type\":\"BreadcrumbList\",\"@id\":\"https:\\\/\\\/fuentesfidedignas.com.mx\\\/index.php\\\/2022\\\/05\\\/08\\\/video-hombre-muere-aplastado-por-un-toro-durante-jaripeo-en-guerrero\\\/#breadcrumb\",\"itemListElement\":[{\"@type\":\"ListItem\",\"position\":1,\"name\":\"Inicio\",\"item\":\"https:\\\/\\\/fuentesfidedignas.com.mx\\\/\"},{\"@type\":\"ListItem\",\"position\":2,\"name\":\"VIDEO: Hombre muere aplastado por un toro durante jaripeo en Guerrero\"}]},{\"@type\":\"WebSite\",\"@id\":\"https:\\\/\\\/fuentesfidedignas.com.mx\\\/#website\",\"url\":\"https:\\\/\\\/fuentesfidedignas.com.mx\\\/\",\"name\":\"Fuentes Fidedignas\",\"description\":\"Otro sitio realizado con WordPress\",\"publisher\":{\"@id\":\"https:\\\/\\\/fuentesfidedignas.com.mx\\\/#organization\"},\"potentialAction\":[{\"@type\":\"SearchAction\",\"target\":{\"@type\":\"EntryPoint\",\"urlTemplate\":\"https:\\\/\\\/fuentesfidedignas.com.mx\\\/?s={search_term_string}\"},\"query-input\":{\"@type\":\"PropertyValueSpecification\",\"valueRequired\":true,\"valueName\":\"search_term_string\"}}],\"inLanguage\":\"es\"},{\"@type\":\"Organization\",\"@id\":\"https:\\\/\\\/fuentesfidedignas.com.mx\\\/#organization\",\"name\":\"Fuentes Fidedignas\",\"url\":\"https:\\\/\\\/fuentesfidedignas.com.mx\\\/\",\"logo\":{\"@type\":\"ImageObject\",\"inLanguage\":\"es\",\"@id\":\"https:\\\/\\\/fuentesfidedignas.com.mx\\\/#\\\/schema\\\/logo\\\/image\\\/\",\"url\":\"https:\\\/\\\/fuentesfidedignas.com.mx\\\/wp-content\\\/uploads\\\/2021\\\/04\\\/logo-retina.png\",\"contentUrl\":\"https:\\\/\\\/fuentesfidedignas.com.mx\\\/wp-content\\\/uploads\\\/2021\\\/04\\\/logo-retina.png\",\"width\":280,\"height\":51,\"caption\":\"Fuentes Fidedignas\"},\"image\":{\"@id\":\"https:\\\/\\\/fuentesfidedignas.com.mx\\\/#\\\/schema\\\/logo\\\/image\\\/\"},\"sameAs\":[\"https:\\\/\\\/www.facebook.com\\\/Fuentes-Fidedignas-368234489921644\",\"https:\\\/\\\/x.com\\\/fidedignas\"]},{\"@type\":\"Person\",\"@id\":\"https:\\\/\\\/fuentesfidedignas.com.mx\\\/#\\\/schema\\\/person\\\/fee3882e65fd0510d292c43a346d35d7\",\"name\":\"El Universal\",\"image\":{\"@type\":\"ImageObject\",\"inLanguage\":\"es\",\"@id\":\"https:\\\/\\\/secure.gravatar.com\\\/avatar\\\/1ebc94d82b6c3c081781f73e5b76a0d0c1ac7bf8e57426f18802246eeaa2747c?s=96&d=mm&r=g\",\"url\":\"https:\\\/\\\/secure.gravatar.com\\\/avatar\\\/1ebc94d82b6c3c081781f73e5b76a0d0c1ac7bf8e57426f18802246eeaa2747c?s=96&d=mm&r=g\",\"contentUrl\":\"https:\\\/\\\/secure.gravatar.com\\\/avatar\\\/1ebc94d82b6c3c081781f73e5b76a0d0c1ac7bf8e57426f18802246eeaa2747c?s=96&d=mm&r=g\",\"caption\":\"El Universal\"},\"url\":\"https:\\\/\\\/fuentesfidedignas.com.mx\\\/index.php\\\/author\\\/el-universal\\\/\"}]}<\/script>\n<!-- \/ Yoast SEO plugin. -->","yoast_head_json":{"title":"VIDEO: Hombre muere aplastado por un toro durante jaripeo en Guerrero - Fuentes Fidedignas","robots":{"index":"index","follow":"follow","max-snippet":"max-snippet:-1","max-image-preview":"max-image-preview:large","max-video-preview":"max-video-preview:-1"},"canonical":"https:\/\/fuentesfidedignas.com.mx\/index.php\/2022\/05\/08\/video-hombre-muere-aplastado-por-un-toro-durante-jaripeo-en-guerrero\/","og_locale":"es_MX","og_type":"article","og_title":"VIDEO: Hombre muere aplastado por un toro durante jaripeo en Guerrero - Fuentes Fidedignas","og_description":"A trav\u00e9s de un v\u00eddeo difundido en redes sociales, se muestra como el animal pasa por encima del hombre de 35 a\u00f1os en varias ocasiones Chilpancingo, Guerrero.- La noche de ayer, un hombre muri\u00f3 al ser aplastado por un toro, al cu\u00e1l minutos antes montaba durante un jaripeo realizado en la comunidad del Ocotito en [&hellip;]","og_url":"https:\/\/fuentesfidedignas.com.mx\/index.php\/2022\/05\/08\/video-hombre-muere-aplastado-por-un-toro-durante-jaripeo-en-guerrero\/","og_site_name":"Fuentes Fidedignas","article_publisher":"https:\/\/www.facebook.com\/Fuentes-Fidedignas-368234489921644","article_published_time":"2022-05-08T19:10:00+00:00","og_image":[{"width":1297,"height":689,"url":"https:\/\/fuentesfidedignas.com.mx\/wp-content\/uploads\/2022\/05\/TORO_APLASTAR.jpg","type":"image\/jpeg"}],"author":"El Universal","twitter_card":"summary_large_image","twitter_creator":"@fidedignas","twitter_site":"@fidedignas","twitter_misc":{"Escrito por":"El Universal","Tiempo de lectura":"1 minuto"},"schema":{"@context":"https:\/\/schema.org","@graph":[{"@type":"Article","@id":"https:\/\/fuentesfidedignas.com.mx\/index.php\/2022\/05\/08\/video-hombre-muere-aplastado-por-un-toro-durante-jaripeo-en-guerrero\/#article","isPartOf":{"@id":"https:\/\/fuentesfidedignas.com.mx\/index.php\/2022\/05\/08\/video-hombre-muere-aplastado-por-un-toro-durante-jaripeo-en-guerrero\/"},"author":{"name":"El Universal","@id":"https:\/\/fuentesfidedignas.com.mx\/#\/schema\/person\/fee3882e65fd0510d292c43a346d35d7"},"headline":"VIDEO: Hombre muere aplastado por un toro durante jaripeo en Guerrero","datePublished":"2022-05-08T19:10:00+00:00","mainEntityOfPage":{"@id":"https:\/\/fuentesfidedignas.com.mx\/index.php\/2022\/05\/08\/video-hombre-muere-aplastado-por-un-toro-durante-jaripeo-en-guerrero\/"},"wordCount":198,"commentCount":0,"publisher":{"@id":"https:\/\/fuentesfidedignas.com.mx\/#organization"},"image":{"@id":"https:\/\/fuentesfidedignas.com.mx\/index.php\/2022\/05\/08\/video-hombre-muere-aplastado-por-un-toro-durante-jaripeo-en-guerrero\/#primaryimage"},"thumbnailUrl":"https:\/\/fuentesfidedignas.com.mx\/wp-content\/uploads\/2022\/05\/TORO_APLASTAR.jpg","articleSection":["NOTICIAS NACIONALES"],"inLanguage":"es","potentialAction":[{"@type":"CommentAction","name":"Comment","target":["https:\/\/fuentesfidedignas.com.mx\/index.php\/2022\/05\/08\/video-hombre-muere-aplastado-por-un-toro-durante-jaripeo-en-guerrero\/#respond"]}]},{"@type":"WebPage","@id":"https:\/\/fuentesfidedignas.com.mx\/index.php\/2022\/05\/08\/video-hombre-muere-aplastado-por-un-toro-durante-jaripeo-en-guerrero\/","url":"https:\/\/fuentesfidedignas.com.mx\/index.php\/2022\/05\/08\/video-hombre-muere-aplastado-por-un-toro-durante-jaripeo-en-guerrero\/","name":"VIDEO: Hombre muere aplastado por un toro durante jaripeo en Guerrero - Fuentes Fidedignas","isPartOf":{"@id":"https:\/\/fuentesfidedignas.com.mx\/#website"},"primaryImageOfPage":{"@id":"https:\/\/fuentesfidedignas.com.mx\/index.php\/2022\/05\/08\/video-hombre-muere-aplastado-por-un-toro-durante-jaripeo-en-guerrero\/#primaryimage"},"image":{"@id":"https:\/\/fuentesfidedignas.com.mx\/index.php\/2022\/05\/08\/video-hombre-muere-aplastado-por-un-toro-durante-jaripeo-en-guerrero\/#primaryimage"},"thumbnailUrl":"https:\/\/fuentesfidedignas.com.mx\/wp-content\/uploads\/2022\/05\/TORO_APLASTAR.jpg","datePublished":"2022-05-08T19:10:00+00:00","breadcrumb":{"@id":"https:\/\/fuentesfidedignas.com.mx\/index.php\/2022\/05\/08\/video-hombre-muere-aplastado-por-un-toro-durante-jaripeo-en-guerrero\/#breadcrumb"},"inLanguage":"es","potentialAction":[{"@type":"ReadAction","target":["https:\/\/fuentesfidedignas.com.mx\/index.php\/2022\/05\/08\/video-hombre-muere-aplastado-por-un-toro-durante-jaripeo-en-guerrero\/"]}]},{"@type":"ImageObject","inLanguage":"es","@id":"https:\/\/fuentesfidedignas.com.mx\/index.php\/2022\/05\/08\/video-hombre-muere-aplastado-por-un-toro-durante-jaripeo-en-guerrero\/#primaryimage","url":"https:\/\/fuentesfidedignas.com.mx\/wp-content\/uploads\/2022\/05\/TORO_APLASTAR.jpg","contentUrl":"https:\/\/fuentesfidedignas.com.mx\/wp-content\/uploads\/2022\/05\/TORO_APLASTAR.jpg","width":1297,"height":689},{"@type":"BreadcrumbList","@id":"https:\/\/fuentesfidedignas.com.mx\/index.php\/2022\/05\/08\/video-hombre-muere-aplastado-por-un-toro-durante-jaripeo-en-guerrero\/#breadcrumb","itemListElement":[{"@type":"ListItem","position":1,"name":"Inicio","item":"https:\/\/fuentesfidedignas.com.mx\/"},{"@type":"ListItem","position":2,"name":"VIDEO: Hombre muere aplastado por un toro durante jaripeo en Guerrero"}]},{"@type":"WebSite","@id":"https:\/\/fuentesfidedignas.com.mx\/#website","url":"https:\/\/fuentesfidedignas.com.mx\/","name":"Fuentes Fidedignas","description":"Otro sitio realizado con WordPress","publisher":{"@id":"https:\/\/fuentesfidedignas.com.mx\/#organization"},"potentialAction":[{"@type":"SearchAction","target":{"@type":"EntryPoint","urlTemplate":"https:\/\/fuentesfidedignas.com.mx\/?s={search_term_string}"},"query-input":{"@type":"PropertyValueSpecification","valueRequired":true,"valueName":"search_term_string"}}],"inLanguage":"es"},{"@type":"Organization","@id":"https:\/\/fuentesfidedignas.com.mx\/#organization","name":"Fuentes Fidedignas","url":"https:\/\/fuentesfidedignas.com.mx\/","logo":{"@type":"ImageObject","inLanguage":"es","@id":"https:\/\/fuentesfidedignas.com.mx\/#\/schema\/logo\/image\/","url":"https:\/\/fuentesfidedignas.com.mx\/wp-content\/uploads\/2021\/04\/logo-retina.png","contentUrl":"https:\/\/fuentesfidedignas.com.mx\/wp-content\/uploads\/2021\/04\/logo-retina.png","width":280,"height":51,"caption":"Fuentes Fidedignas"},"image":{"@id":"https:\/\/fuentesfidedignas.com.mx\/#\/schema\/logo\/image\/"},"sameAs":["https:\/\/www.facebook.com\/Fuentes-Fidedignas-368234489921644","https:\/\/x.com\/fidedignas"]},{"@type":"Person","@id":"https:\/\/fuentesfidedignas.com.mx\/#\/schema\/person\/fee3882e65fd0510d292c43a346d35d7","name":"El Universal","image":{"@type":"ImageObject","inLanguage":"es","@id":"https:\/\/secure.gravatar.com\/avatar\/1ebc94d82b6c3c081781f73e5b76a0d0c1ac7bf8e57426f18802246eeaa2747c?s=96&d=mm&r=g","url":"https:\/\/secure.gravatar.com\/avatar\/1ebc94d82b6c3c081781f73e5b76a0d0c1ac7bf8e57426f18802246eeaa2747c?s=96&d=mm&r=g","contentUrl":"https:\/\/secure.gravatar.com\/avatar\/1ebc94d82b6c3c081781f73e5b76a0d0c1ac7bf8e57426f18802246eeaa2747c?s=96&d=mm&r=g","caption":"El Universal"},"url":"https:\/\/fuentesfidedignas.com.mx\/index.php\/author\/el-universal\/"}]}},"_links":{"self":[{"href":"https:\/\/fuentesfidedignas.com.mx\/index.php\/wp-json\/wp\/v2\/posts\/30568","targetHints":{"allow":["GET"]}}],"collection":[{"href":"https:\/\/fuentesfidedignas.com.mx\/index.php\/wp-json\/wp\/v2\/posts"}],"about":[{"href":"https:\/\/fuentesfidedignas.com.mx\/index.php\/wp-json\/wp\/v2\/types\/post"}],"author":[{"embeddable":true,"href":"https:\/\/fuentesfidedignas.com.mx\/index.php\/wp-json\/wp\/v2\/users\/39"}],"replies":[{"embeddable":true,"href":"https:\/\/fuentesfidedignas.com.mx\/index.php\/wp-json\/wp\/v2\/comments?post=30568"}],"version-history":[{"count":1,"href":"https:\/\/fuentesfidedignas.com.mx\/index.php\/wp-json\/wp\/v2\/posts\/30568\/revisions"}],"predecessor-version":[{"id":30570,"href":"https:\/\/fuentesfidedignas.com.mx\/index.php\/wp-json\/wp\/v2\/posts\/30568\/revisions\/30570"}],"wp:featuredmedia":[{"embeddable":true,"href":"https:\/\/fuentesfidedignas.com.mx\/index.php\/wp-json\/wp\/v2\/media\/30569"}],"wp:attachment":[{"href":"https:\/\/fuentesfidedignas.com.mx\/index.php\/wp-json\/wp\/v2\/media?parent=30568"}],"wp:term":[{"taxonomy":"category","embeddable":true,"href":"https:\/\/fuentesfidedignas.com.mx\/index.php\/wp-json\/wp\/v2\/categories?post=30568"},{"taxonomy":"post_tag","embeddable":true,"href":"https:\/\/fuentesfidedignas.com.mx\/index.php\/wp-json\/wp\/v2\/tags?post=30568"}],"curies":[{"name":"wp","href":"https:\/\/api.w.org\/{rel}","templated":true}]}}