{"id":30547,"date":"2022-05-08T09:47:55","date_gmt":"2022-05-08T15:47:55","guid":{"rendered":"https:\/\/fuentesfidedignas.com.mx\/?p=30547"},"modified":"2022-05-08T09:47:56","modified_gmt":"2022-05-08T15:47:56","slug":"conmemoran-el-296-aniversario-del-natalicio-de-don-miguel-hidalgo-y-costilla","status":"publish","type":"post","link":"https:\/\/fuentesfidedignas.com.mx\/index.php\/2022\/05\/08\/conmemoran-el-296-aniversario-del-natalicio-de-don-miguel-hidalgo-y-costilla\/","title":{"rendered":"Conmemoran el 296 aniversario del Natalicio de don Miguel Hidalgo y Costilla"},"content":{"rendered":"\n<p><em><strong>Tras concluir el izamiento del l\u00e1baro patrio, las autoridades presentes se desplazaron al monumento a Miguel Hidalgo, donde montaron una Guardia de Honor<\/strong><\/em><\/p>\n\n\n\n<p>Culiac\u00e1n, Sin.- Autoridades civiles y militares conmemoraron el aniversario n\u00famero 296 del Natalicio de don Miguel Hidalgo y Costilla con un izamiento de bandera a toda asta y con los Honores de Ordenanza en la plaza c\u00edvica de Palacio de Gobierno.<\/p>\n\n\n\n<p>Tras concluir el izamiento del l\u00e1baro patrio, las autoridades presentes se desplazaron al monumento a Miguel Hidalgo, donde montaron una Guardia de Honor y se di\u00f3 lectura a una peque\u00f1a semblanza del padre de la Patria.<\/p>\n\n\n\n<p>Dicha ceremonia culmin\u00f3 con el toque tres de diana por parte de la Banda de Guerra del 94 Batall\u00f3n de Infanter\u00eda.<\/p>\n\n\n\n<p>En representaci\u00f3n del gobernador Rub\u00e9n Rocha Moya estuvo el secretario de Obras P\u00fablicas Jos\u00e9 Luis Zavala Cabanillas acompa\u00f1ado de la presidenta de la Comisi\u00f3n de Vivienda del H. Congreso del Estado Mar\u00eda Victoria S\u00e1nchez Pe\u00f1a; el secretario de Acuerdos del Supremo Tribunal de Justicia del Estado Felipe Alberto Valle Niebla en representaci\u00f3n del Poder Judicial; el secretario de Obras P\u00fablicas y Servicios P\u00fablicos del H. Ayuntamiento de Culiac\u00e1n C\u00e9sar Manuel Ochoa Salazar, y el comandante del 94\/o Batall\u00f3n de Infanter\u00eda Alfredo Gonz\u00e1lez Cuevas y el comandante del 5\/o Grupo A\u00e9reo Edgardo Loth Salazar.<\/p>\n","protected":false},"excerpt":{"rendered":"<p>Tras concluir el izamiento del l\u00e1baro patrio, las autoridades presentes se desplazaron al monumento a Miguel Hidalgo, donde montaron una Guardia de Honor Culiac\u00e1n, Sin.- Autoridades civiles y militares conmemoraron el aniversario n\u00famero 296 del Natalicio de don Miguel Hidalgo y Costilla con un izamiento de bandera a toda asta y con los Honores de [&hellip;]<\/p>\n","protected":false},"author":4,"featured_media":30548,"comment_status":"open","ping_status":"open","sticky":false,"template":"","format":"standard","meta":{"tdm_status":"","tdm_grid_status":"","footnotes":""},"categories":[1],"tags":[2720,2719],"class_list":{"0":"post-30547","1":"post","2":"type-post","3":"status-publish","4":"format-standard","5":"has-post-thumbnail","7":"category-sin-categoria","8":"tag-aniversario","9":"tag-miguel-hidalgo-y-costilla"},"yoast_head":"<!-- This site is optimized with the Yoast SEO plugin v27.5 - https:\/\/yoast.com\/product\/yoast-seo-wordpress\/ -->\n<title>Conmemoran el 296 aniversario del Natalicio de don Miguel Hidalgo y Costilla - Fuentes Fidedignas<\/title>\n<meta name=\"robots\" content=\"index, follow, max-snippet:-1, max-image-preview:large, max-video-preview:-1\" \/>\n<link rel=\"canonical\" href=\"https:\/\/fuentesfidedignas.com.mx\/index.php\/2022\/05\/08\/conmemoran-el-296-aniversario-del-natalicio-de-don-miguel-hidalgo-y-costilla\/\" \/>\n<meta property=\"og:locale\" content=\"es_MX\" \/>\n<meta property=\"og:type\" content=\"article\" \/>\n<meta property=\"og:title\" content=\"Conmemoran el 296 aniversario del Natalicio de don Miguel Hidalgo y Costilla - Fuentes Fidedignas\" \/>\n<meta property=\"og:description\" content=\"Tras concluir el izamiento del l\u00e1baro patrio, las autoridades presentes se desplazaron al monumento a Miguel Hidalgo, donde montaron una Guardia de Honor Culiac\u00e1n, Sin.- Autoridades civiles y militares conmemoraron el aniversario n\u00famero 296 del Natalicio de don Miguel Hidalgo y Costilla con un izamiento de bandera a toda asta y con los Honores de [&hellip;]\" \/>\n<meta property=\"og:url\" content=\"https:\/\/fuentesfidedignas.com.mx\/index.php\/2022\/05\/08\/conmemoran-el-296-aniversario-del-natalicio-de-don-miguel-hidalgo-y-costilla\/\" \/>\n<meta property=\"og:site_name\" content=\"Fuentes Fidedignas\" \/>\n<meta property=\"article:publisher\" content=\"https:\/\/www.facebook.com\/Fuentes-Fidedignas-368234489921644\" \/>\n<meta property=\"article:published_time\" content=\"2022-05-08T15:47:55+00:00\" \/>\n<meta property=\"article:modified_time\" content=\"2022-05-08T15:47:56+00:00\" \/>\n<meta property=\"og:image\" content=\"https:\/\/fuentesfidedignas.com.mx\/wp-content\/uploads\/2022\/05\/HONoRES_BAN.jpg\" \/>\n\t<meta property=\"og:image:width\" content=\"1280\" \/>\n\t<meta property=\"og:image:height\" content=\"853\" \/>\n\t<meta property=\"og:image:type\" content=\"image\/jpeg\" \/>\n<meta name=\"author\" content=\"Redacci\u00f3n\" \/>\n<meta name=\"twitter:card\" content=\"summary_large_image\" \/>\n<meta name=\"twitter:creator\" content=\"@fidedignas\" \/>\n<meta name=\"twitter:site\" content=\"@fidedignas\" \/>\n<meta name=\"twitter:label1\" content=\"Escrito por\" \/>\n\t<meta name=\"twitter:data1\" content=\"Redacci\u00f3n\" \/>\n\t<meta name=\"twitter:label2\" content=\"Tiempo de lectura\" \/>\n\t<meta name=\"twitter:data2\" content=\"1 minuto\" \/>\n<script type=\"application\/ld+json\" class=\"yoast-schema-graph\">{\"@context\":\"https:\\\/\\\/schema.org\",\"@graph\":[{\"@type\":\"Article\",\"@id\":\"https:\\\/\\\/fuentesfidedignas.com.mx\\\/index.php\\\/2022\\\/05\\\/08\\\/conmemoran-el-296-aniversario-del-natalicio-de-don-miguel-hidalgo-y-costilla\\\/#article\",\"isPartOf\":{\"@id\":\"https:\\\/\\\/fuentesfidedignas.com.mx\\\/index.php\\\/2022\\\/05\\\/08\\\/conmemoran-el-296-aniversario-del-natalicio-de-don-miguel-hidalgo-y-costilla\\\/\"},\"author\":{\"name\":\"Redacci\u00f3n\",\"@id\":\"https:\\\/\\\/fuentesfidedignas.com.mx\\\/#\\\/schema\\\/person\\\/331be9283d37198e2acd5750279085b0\"},\"headline\":\"Conmemoran el 296 aniversario del Natalicio de don Miguel Hidalgo y Costilla\",\"datePublished\":\"2022-05-08T15:47:55+00:00\",\"dateModified\":\"2022-05-08T15:47:56+00:00\",\"mainEntityOfPage\":{\"@id\":\"https:\\\/\\\/fuentesfidedignas.com.mx\\\/index.php\\\/2022\\\/05\\\/08\\\/conmemoran-el-296-aniversario-del-natalicio-de-don-miguel-hidalgo-y-costilla\\\/\"},\"wordCount\":249,\"commentCount\":0,\"publisher\":{\"@id\":\"https:\\\/\\\/fuentesfidedignas.com.mx\\\/#organization\"},\"image\":{\"@id\":\"https:\\\/\\\/fuentesfidedignas.com.mx\\\/index.php\\\/2022\\\/05\\\/08\\\/conmemoran-el-296-aniversario-del-natalicio-de-don-miguel-hidalgo-y-costilla\\\/#primaryimage\"},\"thumbnailUrl\":\"https:\\\/\\\/fuentesfidedignas.com.mx\\\/wp-content\\\/uploads\\\/2022\\\/05\\\/HONoRES_BAN.jpg\",\"keywords\":[\"Aniversario\",\"Miguel Hidalgo y Costilla\"],\"inLanguage\":\"es\",\"potentialAction\":[{\"@type\":\"CommentAction\",\"name\":\"Comment\",\"target\":[\"https:\\\/\\\/fuentesfidedignas.com.mx\\\/index.php\\\/2022\\\/05\\\/08\\\/conmemoran-el-296-aniversario-del-natalicio-de-don-miguel-hidalgo-y-costilla\\\/#respond\"]}]},{\"@type\":\"WebPage\",\"@id\":\"https:\\\/\\\/fuentesfidedignas.com.mx\\\/index.php\\\/2022\\\/05\\\/08\\\/conmemoran-el-296-aniversario-del-natalicio-de-don-miguel-hidalgo-y-costilla\\\/\",\"url\":\"https:\\\/\\\/fuentesfidedignas.com.mx\\\/index.php\\\/2022\\\/05\\\/08\\\/conmemoran-el-296-aniversario-del-natalicio-de-don-miguel-hidalgo-y-costilla\\\/\",\"name\":\"Conmemoran el 296 aniversario del Natalicio de don Miguel Hidalgo y Costilla - Fuentes Fidedignas\",\"isPartOf\":{\"@id\":\"https:\\\/\\\/fuentesfidedignas.com.mx\\\/#website\"},\"primaryImageOfPage\":{\"@id\":\"https:\\\/\\\/fuentesfidedignas.com.mx\\\/index.php\\\/2022\\\/05\\\/08\\\/conmemoran-el-296-aniversario-del-natalicio-de-don-miguel-hidalgo-y-costilla\\\/#primaryimage\"},\"image\":{\"@id\":\"https:\\\/\\\/fuentesfidedignas.com.mx\\\/index.php\\\/2022\\\/05\\\/08\\\/conmemoran-el-296-aniversario-del-natalicio-de-don-miguel-hidalgo-y-costilla\\\/#primaryimage\"},\"thumbnailUrl\":\"https:\\\/\\\/fuentesfidedignas.com.mx\\\/wp-content\\\/uploads\\\/2022\\\/05\\\/HONoRES_BAN.jpg\",\"datePublished\":\"2022-05-08T15:47:55+00:00\",\"dateModified\":\"2022-05-08T15:47:56+00:00\",\"breadcrumb\":{\"@id\":\"https:\\\/\\\/fuentesfidedignas.com.mx\\\/index.php\\\/2022\\\/05\\\/08\\\/conmemoran-el-296-aniversario-del-natalicio-de-don-miguel-hidalgo-y-costilla\\\/#breadcrumb\"},\"inLanguage\":\"es\",\"potentialAction\":[{\"@type\":\"ReadAction\",\"target\":[\"https:\\\/\\\/fuentesfidedignas.com.mx\\\/index.php\\\/2022\\\/05\\\/08\\\/conmemoran-el-296-aniversario-del-natalicio-de-don-miguel-hidalgo-y-costilla\\\/\"]}]},{\"@type\":\"ImageObject\",\"inLanguage\":\"es\",\"@id\":\"https:\\\/\\\/fuentesfidedignas.com.mx\\\/index.php\\\/2022\\\/05\\\/08\\\/conmemoran-el-296-aniversario-del-natalicio-de-don-miguel-hidalgo-y-costilla\\\/#primaryimage\",\"url\":\"https:\\\/\\\/fuentesfidedignas.com.mx\\\/wp-content\\\/uploads\\\/2022\\\/05\\\/HONoRES_BAN.jpg\",\"contentUrl\":\"https:\\\/\\\/fuentesfidedignas.com.mx\\\/wp-content\\\/uploads\\\/2022\\\/05\\\/HONoRES_BAN.jpg\",\"width\":1280,\"height\":853},{\"@type\":\"BreadcrumbList\",\"@id\":\"https:\\\/\\\/fuentesfidedignas.com.mx\\\/index.php\\\/2022\\\/05\\\/08\\\/conmemoran-el-296-aniversario-del-natalicio-de-don-miguel-hidalgo-y-costilla\\\/#breadcrumb\",\"itemListElement\":[{\"@type\":\"ListItem\",\"position\":1,\"name\":\"Inicio\",\"item\":\"https:\\\/\\\/fuentesfidedignas.com.mx\\\/\"},{\"@type\":\"ListItem\",\"position\":2,\"name\":\"Conmemoran el 296 aniversario del Natalicio de don Miguel Hidalgo y Costilla\"}]},{\"@type\":\"WebSite\",\"@id\":\"https:\\\/\\\/fuentesfidedignas.com.mx\\\/#website\",\"url\":\"https:\\\/\\\/fuentesfidedignas.com.mx\\\/\",\"name\":\"Fuentes Fidedignas\",\"description\":\"Otro sitio realizado con WordPress\",\"publisher\":{\"@id\":\"https:\\\/\\\/fuentesfidedignas.com.mx\\\/#organization\"},\"potentialAction\":[{\"@type\":\"SearchAction\",\"target\":{\"@type\":\"EntryPoint\",\"urlTemplate\":\"https:\\\/\\\/fuentesfidedignas.com.mx\\\/?s={search_term_string}\"},\"query-input\":{\"@type\":\"PropertyValueSpecification\",\"valueRequired\":true,\"valueName\":\"search_term_string\"}}],\"inLanguage\":\"es\"},{\"@type\":\"Organization\",\"@id\":\"https:\\\/\\\/fuentesfidedignas.com.mx\\\/#organization\",\"name\":\"Fuentes Fidedignas\",\"url\":\"https:\\\/\\\/fuentesfidedignas.com.mx\\\/\",\"logo\":{\"@type\":\"ImageObject\",\"inLanguage\":\"es\",\"@id\":\"https:\\\/\\\/fuentesfidedignas.com.mx\\\/#\\\/schema\\\/logo\\\/image\\\/\",\"url\":\"https:\\\/\\\/fuentesfidedignas.com.mx\\\/wp-content\\\/uploads\\\/2021\\\/04\\\/logo-retina.png\",\"contentUrl\":\"https:\\\/\\\/fuentesfidedignas.com.mx\\\/wp-content\\\/uploads\\\/2021\\\/04\\\/logo-retina.png\",\"width\":280,\"height\":51,\"caption\":\"Fuentes Fidedignas\"},\"image\":{\"@id\":\"https:\\\/\\\/fuentesfidedignas.com.mx\\\/#\\\/schema\\\/logo\\\/image\\\/\"},\"sameAs\":[\"https:\\\/\\\/www.facebook.com\\\/Fuentes-Fidedignas-368234489921644\",\"https:\\\/\\\/x.com\\\/fidedignas\"]},{\"@type\":\"Person\",\"@id\":\"https:\\\/\\\/fuentesfidedignas.com.mx\\\/#\\\/schema\\\/person\\\/331be9283d37198e2acd5750279085b0\",\"name\":\"Redacci\u00f3n\",\"image\":{\"@type\":\"ImageObject\",\"inLanguage\":\"es\",\"@id\":\"https:\\\/\\\/secure.gravatar.com\\\/avatar\\\/f6d8782c11d12b2d4ad3fbb6931aeab5309937a4d6cd2fc9cfaa28a6396a5aec?s=96&d=mm&r=g\",\"url\":\"https:\\\/\\\/secure.gravatar.com\\\/avatar\\\/f6d8782c11d12b2d4ad3fbb6931aeab5309937a4d6cd2fc9cfaa28a6396a5aec?s=96&d=mm&r=g\",\"contentUrl\":\"https:\\\/\\\/secure.gravatar.com\\\/avatar\\\/f6d8782c11d12b2d4ad3fbb6931aeab5309937a4d6cd2fc9cfaa28a6396a5aec?s=96&d=mm&r=g\",\"caption\":\"Redacci\u00f3n\"},\"url\":\"https:\\\/\\\/fuentesfidedignas.com.mx\\\/index.php\\\/author\\\/redaccion\\\/\"}]}<\/script>\n<!-- \/ Yoast SEO plugin. -->","yoast_head_json":{"title":"Conmemoran el 296 aniversario del Natalicio de don Miguel Hidalgo y Costilla - Fuentes Fidedignas","robots":{"index":"index","follow":"follow","max-snippet":"max-snippet:-1","max-image-preview":"max-image-preview:large","max-video-preview":"max-video-preview:-1"},"canonical":"https:\/\/fuentesfidedignas.com.mx\/index.php\/2022\/05\/08\/conmemoran-el-296-aniversario-del-natalicio-de-don-miguel-hidalgo-y-costilla\/","og_locale":"es_MX","og_type":"article","og_title":"Conmemoran el 296 aniversario del Natalicio de don Miguel Hidalgo y Costilla - Fuentes Fidedignas","og_description":"Tras concluir el izamiento del l\u00e1baro patrio, las autoridades presentes se desplazaron al monumento a Miguel Hidalgo, donde montaron una Guardia de Honor Culiac\u00e1n, Sin.- Autoridades civiles y militares conmemoraron el aniversario n\u00famero 296 del Natalicio de don Miguel Hidalgo y Costilla con un izamiento de bandera a toda asta y con los Honores de [&hellip;]","og_url":"https:\/\/fuentesfidedignas.com.mx\/index.php\/2022\/05\/08\/conmemoran-el-296-aniversario-del-natalicio-de-don-miguel-hidalgo-y-costilla\/","og_site_name":"Fuentes Fidedignas","article_publisher":"https:\/\/www.facebook.com\/Fuentes-Fidedignas-368234489921644","article_published_time":"2022-05-08T15:47:55+00:00","article_modified_time":"2022-05-08T15:47:56+00:00","og_image":[{"width":1280,"height":853,"url":"https:\/\/fuentesfidedignas.com.mx\/wp-content\/uploads\/2022\/05\/HONoRES_BAN.jpg","type":"image\/jpeg"}],"author":"Redacci\u00f3n","twitter_card":"summary_large_image","twitter_creator":"@fidedignas","twitter_site":"@fidedignas","twitter_misc":{"Escrito por":"Redacci\u00f3n","Tiempo de lectura":"1 minuto"},"schema":{"@context":"https:\/\/schema.org","@graph":[{"@type":"Article","@id":"https:\/\/fuentesfidedignas.com.mx\/index.php\/2022\/05\/08\/conmemoran-el-296-aniversario-del-natalicio-de-don-miguel-hidalgo-y-costilla\/#article","isPartOf":{"@id":"https:\/\/fuentesfidedignas.com.mx\/index.php\/2022\/05\/08\/conmemoran-el-296-aniversario-del-natalicio-de-don-miguel-hidalgo-y-costilla\/"},"author":{"name":"Redacci\u00f3n","@id":"https:\/\/fuentesfidedignas.com.mx\/#\/schema\/person\/331be9283d37198e2acd5750279085b0"},"headline":"Conmemoran el 296 aniversario del Natalicio de don Miguel Hidalgo y Costilla","datePublished":"2022-05-08T15:47:55+00:00","dateModified":"2022-05-08T15:47:56+00:00","mainEntityOfPage":{"@id":"https:\/\/fuentesfidedignas.com.mx\/index.php\/2022\/05\/08\/conmemoran-el-296-aniversario-del-natalicio-de-don-miguel-hidalgo-y-costilla\/"},"wordCount":249,"commentCount":0,"publisher":{"@id":"https:\/\/fuentesfidedignas.com.mx\/#organization"},"image":{"@id":"https:\/\/fuentesfidedignas.com.mx\/index.php\/2022\/05\/08\/conmemoran-el-296-aniversario-del-natalicio-de-don-miguel-hidalgo-y-costilla\/#primaryimage"},"thumbnailUrl":"https:\/\/fuentesfidedignas.com.mx\/wp-content\/uploads\/2022\/05\/HONoRES_BAN.jpg","keywords":["Aniversario","Miguel Hidalgo y Costilla"],"inLanguage":"es","potentialAction":[{"@type":"CommentAction","name":"Comment","target":["https:\/\/fuentesfidedignas.com.mx\/index.php\/2022\/05\/08\/conmemoran-el-296-aniversario-del-natalicio-de-don-miguel-hidalgo-y-costilla\/#respond"]}]},{"@type":"WebPage","@id":"https:\/\/fuentesfidedignas.com.mx\/index.php\/2022\/05\/08\/conmemoran-el-296-aniversario-del-natalicio-de-don-miguel-hidalgo-y-costilla\/","url":"https:\/\/fuentesfidedignas.com.mx\/index.php\/2022\/05\/08\/conmemoran-el-296-aniversario-del-natalicio-de-don-miguel-hidalgo-y-costilla\/","name":"Conmemoran el 296 aniversario del Natalicio de don Miguel Hidalgo y Costilla - Fuentes Fidedignas","isPartOf":{"@id":"https:\/\/fuentesfidedignas.com.mx\/#website"},"primaryImageOfPage":{"@id":"https:\/\/fuentesfidedignas.com.mx\/index.php\/2022\/05\/08\/conmemoran-el-296-aniversario-del-natalicio-de-don-miguel-hidalgo-y-costilla\/#primaryimage"},"image":{"@id":"https:\/\/fuentesfidedignas.com.mx\/index.php\/2022\/05\/08\/conmemoran-el-296-aniversario-del-natalicio-de-don-miguel-hidalgo-y-costilla\/#primaryimage"},"thumbnailUrl":"https:\/\/fuentesfidedignas.com.mx\/wp-content\/uploads\/2022\/05\/HONoRES_BAN.jpg","datePublished":"2022-05-08T15:47:55+00:00","dateModified":"2022-05-08T15:47:56+00:00","breadcrumb":{"@id":"https:\/\/fuentesfidedignas.com.mx\/index.php\/2022\/05\/08\/conmemoran-el-296-aniversario-del-natalicio-de-don-miguel-hidalgo-y-costilla\/#breadcrumb"},"inLanguage":"es","potentialAction":[{"@type":"ReadAction","target":["https:\/\/fuentesfidedignas.com.mx\/index.php\/2022\/05\/08\/conmemoran-el-296-aniversario-del-natalicio-de-don-miguel-hidalgo-y-costilla\/"]}]},{"@type":"ImageObject","inLanguage":"es","@id":"https:\/\/fuentesfidedignas.com.mx\/index.php\/2022\/05\/08\/conmemoran-el-296-aniversario-del-natalicio-de-don-miguel-hidalgo-y-costilla\/#primaryimage","url":"https:\/\/fuentesfidedignas.com.mx\/wp-content\/uploads\/2022\/05\/HONoRES_BAN.jpg","contentUrl":"https:\/\/fuentesfidedignas.com.mx\/wp-content\/uploads\/2022\/05\/HONoRES_BAN.jpg","width":1280,"height":853},{"@type":"BreadcrumbList","@id":"https:\/\/fuentesfidedignas.com.mx\/index.php\/2022\/05\/08\/conmemoran-el-296-aniversario-del-natalicio-de-don-miguel-hidalgo-y-costilla\/#breadcrumb","itemListElement":[{"@type":"ListItem","position":1,"name":"Inicio","item":"https:\/\/fuentesfidedignas.com.mx\/"},{"@type":"ListItem","position":2,"name":"Conmemoran el 296 aniversario del Natalicio de don Miguel Hidalgo y Costilla"}]},{"@type":"WebSite","@id":"https:\/\/fuentesfidedignas.com.mx\/#website","url":"https:\/\/fuentesfidedignas.com.mx\/","name":"Fuentes Fidedignas","description":"Otro sitio realizado con WordPress","publisher":{"@id":"https:\/\/fuentesfidedignas.com.mx\/#organization"},"potentialAction":[{"@type":"SearchAction","target":{"@type":"EntryPoint","urlTemplate":"https:\/\/fuentesfidedignas.com.mx\/?s={search_term_string}"},"query-input":{"@type":"PropertyValueSpecification","valueRequired":true,"valueName":"search_term_string"}}],"inLanguage":"es"},{"@type":"Organization","@id":"https:\/\/fuentesfidedignas.com.mx\/#organization","name":"Fuentes Fidedignas","url":"https:\/\/fuentesfidedignas.com.mx\/","logo":{"@type":"ImageObject","inLanguage":"es","@id":"https:\/\/fuentesfidedignas.com.mx\/#\/schema\/logo\/image\/","url":"https:\/\/fuentesfidedignas.com.mx\/wp-content\/uploads\/2021\/04\/logo-retina.png","contentUrl":"https:\/\/fuentesfidedignas.com.mx\/wp-content\/uploads\/2021\/04\/logo-retina.png","width":280,"height":51,"caption":"Fuentes Fidedignas"},"image":{"@id":"https:\/\/fuentesfidedignas.com.mx\/#\/schema\/logo\/image\/"},"sameAs":["https:\/\/www.facebook.com\/Fuentes-Fidedignas-368234489921644","https:\/\/x.com\/fidedignas"]},{"@type":"Person","@id":"https:\/\/fuentesfidedignas.com.mx\/#\/schema\/person\/331be9283d37198e2acd5750279085b0","name":"Redacci\u00f3n","image":{"@type":"ImageObject","inLanguage":"es","@id":"https:\/\/secure.gravatar.com\/avatar\/f6d8782c11d12b2d4ad3fbb6931aeab5309937a4d6cd2fc9cfaa28a6396a5aec?s=96&d=mm&r=g","url":"https:\/\/secure.gravatar.com\/avatar\/f6d8782c11d12b2d4ad3fbb6931aeab5309937a4d6cd2fc9cfaa28a6396a5aec?s=96&d=mm&r=g","contentUrl":"https:\/\/secure.gravatar.com\/avatar\/f6d8782c11d12b2d4ad3fbb6931aeab5309937a4d6cd2fc9cfaa28a6396a5aec?s=96&d=mm&r=g","caption":"Redacci\u00f3n"},"url":"https:\/\/fuentesfidedignas.com.mx\/index.php\/author\/redaccion\/"}]}},"_links":{"self":[{"href":"https:\/\/fuentesfidedignas.com.mx\/index.php\/wp-json\/wp\/v2\/posts\/30547","targetHints":{"allow":["GET"]}}],"collection":[{"href":"https:\/\/fuentesfidedignas.com.mx\/index.php\/wp-json\/wp\/v2\/posts"}],"about":[{"href":"https:\/\/fuentesfidedignas.com.mx\/index.php\/wp-json\/wp\/v2\/types\/post"}],"author":[{"embeddable":true,"href":"https:\/\/fuentesfidedignas.com.mx\/index.php\/wp-json\/wp\/v2\/users\/4"}],"replies":[{"embeddable":true,"href":"https:\/\/fuentesfidedignas.com.mx\/index.php\/wp-json\/wp\/v2\/comments?post=30547"}],"version-history":[{"count":1,"href":"https:\/\/fuentesfidedignas.com.mx\/index.php\/wp-json\/wp\/v2\/posts\/30547\/revisions"}],"predecessor-version":[{"id":30549,"href":"https:\/\/fuentesfidedignas.com.mx\/index.php\/wp-json\/wp\/v2\/posts\/30547\/revisions\/30549"}],"wp:featuredmedia":[{"embeddable":true,"href":"https:\/\/fuentesfidedignas.com.mx\/index.php\/wp-json\/wp\/v2\/media\/30548"}],"wp:attachment":[{"href":"https:\/\/fuentesfidedignas.com.mx\/index.php\/wp-json\/wp\/v2\/media?parent=30547"}],"wp:term":[{"taxonomy":"category","embeddable":true,"href":"https:\/\/fuentesfidedignas.com.mx\/index.php\/wp-json\/wp\/v2\/categories?post=30547"},{"taxonomy":"post_tag","embeddable":true,"href":"https:\/\/fuentesfidedignas.com.mx\/index.php\/wp-json\/wp\/v2\/tags?post=30547"}],"curies":[{"name":"wp","href":"https:\/\/api.w.org\/{rel}","templated":true}]}}