{"id":30488,"date":"2022-05-07T09:40:39","date_gmt":"2022-05-07T15:40:39","guid":{"rendered":"https:\/\/fuentesfidedignas.com.mx\/?p=30488"},"modified":"2022-05-07T09:41:04","modified_gmt":"2022-05-07T15:41:04","slug":"padre-de-debanhi-abre-su-canal-de-youtube-para-informar-sobre-el-caso","status":"publish","type":"post","link":"https:\/\/fuentesfidedignas.com.mx\/index.php\/2022\/05\/07\/padre-de-debanhi-abre-su-canal-de-youtube-para-informar-sobre-el-caso\/","title":{"rendered":"Padre de Debanhi abre su canal de YouTube para informar sobre el caso"},"content":{"rendered":"\n<p><strong><em><br>Mario Escobar aclar\u00f3 que el canal es para informar sobre los avances del caso y desmentir la informaci\u00f3n falsa que surja <\/em><\/strong><\/p>\n\n\n\n<p>Nuevo Le\u00f3n. Mario Escobar, pap\u00e1 de <strong>Debanhi Escobar<\/strong> Bazald\u00faa, abri\u00f3 un canal en la plataforma YouTube con el fin de comunicar los avances y desmentir la informarci\u00f3n falsa que surja sobre la investigaci\u00f3n de la muerte de su hija.<\/p>\n\n\n\n<p>En su primer video, publicado el 5 de mayo de 2022, agradeci\u00f3 el apoyo de todos los que est\u00e1n pendientes del caso.<\/p>\n\n\n\n<p>&#8220;Les agradezco de todo coraz\u00f3n todo el apoyo que me han dado, a toda la gente, que es infinita y que ser\u00eda imposible decirle a toda esa gente \u2018muchas gracias\u2019; lo que s\u00ed les puedo decir es que no vamos a quitar el dedo del rengl\u00f3n. Muchas bendiciones\u201d, fueron las palabras con las que Mario Escobar public\u00f3 su primer video en YouTube.<\/p>\n\n\n\n<figure class=\"wp-block-embed is-type-video is-provider-youtube wp-block-embed-youtube wp-embed-aspect-16-9 wp-has-aspect-ratio\"><div class=\"wp-block-embed__wrapper\">\n<iframe loading=\"lazy\" title=\"Mensaje Mario Escobar Pap\u00e1 de Debanhi 5 Mayo 2022\" width=\"696\" height=\"392\" src=\"https:\/\/www.youtube.com\/embed\/srOKl_9ix8A?feature=oembed\" frameborder=\"0\" allow=\"accelerometer; autoplay; clipboard-write; encrypted-media; gyroscope; picture-in-picture\" allowfullscreen><\/iframe>\n<\/div><\/figure>\n\n\n\n<p>Ese mismo d\u00eda tambi\u00e9n subi\u00f3 el segundo video hablando del hallazgo de la credencial de su hija en los condominios a 17 kil\u00f3metros de distancia del motel Nueva Castilla, donde fue hallado el cuerpo de&nbsp;<strong>Debanhi<\/strong>.&nbsp;<\/p>\n\n\n\n<p>En el transcurso de la grabaci\u00f3n se hace un espacio para hablar sobre las amenazas de muerte que recibi\u00f3 y explicar la presencia de un guardaespaldas.<\/p>\n\n\n\n<p>Hasta este 07 de mayo el canal con el nombre &#8220;Mario Escobar&#8221; cuenta con 95,400 suscriptores. El padre de Debanhi ha subido cinco videos los cuales cuentan con m\u00e1s de 100 mil vistas cada uno.\u00a0<\/p>\n","protected":false},"excerpt":{"rendered":"<p>Mario Escobar aclar\u00f3 que el canal es para informar sobre los avances del caso y desmentir la informaci\u00f3n falsa que surja Nuevo Le\u00f3n. Mario Escobar, pap\u00e1 de Debanhi Escobar Bazald\u00faa, abri\u00f3 un canal en la plataforma YouTube con el fin de comunicar los avances y desmentir la informarci\u00f3n falsa que surja sobre la investigaci\u00f3n de [&hellip;]<\/p>\n","protected":false},"author":39,"featured_media":30490,"comment_status":"open","ping_status":"open","sticky":false,"template":"","format":"standard","meta":{"tdm_status":"","tdm_grid_status":"","footnotes":""},"categories":[39],"tags":[2634],"class_list":{"0":"post-30488","1":"post","2":"type-post","3":"status-publish","4":"format-standard","5":"has-post-thumbnail","7":"category-noticias-nacionales","8":"tag-caso-debanhi"},"yoast_head":"<!-- This site is optimized with the Yoast SEO plugin v27.4 - https:\/\/yoast.com\/product\/yoast-seo-wordpress\/ -->\n<title>Padre de Debanhi abre su canal de YouTube para informar sobre el caso - Fuentes Fidedignas<\/title>\n<meta name=\"robots\" content=\"index, follow, max-snippet:-1, max-image-preview:large, max-video-preview:-1\" \/>\n<link rel=\"canonical\" href=\"https:\/\/fuentesfidedignas.com.mx\/index.php\/2022\/05\/07\/padre-de-debanhi-abre-su-canal-de-youtube-para-informar-sobre-el-caso\/\" \/>\n<meta property=\"og:locale\" content=\"es_MX\" \/>\n<meta property=\"og:type\" content=\"article\" \/>\n<meta property=\"og:title\" content=\"Padre de Debanhi abre su canal de YouTube para informar sobre el caso - Fuentes Fidedignas\" \/>\n<meta property=\"og:description\" content=\"Mario Escobar aclar\u00f3 que el canal es para informar sobre los avances del caso y desmentir la informaci\u00f3n falsa que surja Nuevo Le\u00f3n. Mario Escobar, pap\u00e1 de Debanhi Escobar Bazald\u00faa, abri\u00f3 un canal en la plataforma YouTube con el fin de comunicar los avances y desmentir la informarci\u00f3n falsa que surja sobre la investigaci\u00f3n de [&hellip;]\" \/>\n<meta property=\"og:url\" content=\"https:\/\/fuentesfidedignas.com.mx\/index.php\/2022\/05\/07\/padre-de-debanhi-abre-su-canal-de-youtube-para-informar-sobre-el-caso\/\" \/>\n<meta property=\"og:site_name\" content=\"Fuentes Fidedignas\" \/>\n<meta property=\"article:publisher\" content=\"https:\/\/www.facebook.com\/Fuentes-Fidedignas-368234489921644\" \/>\n<meta property=\"article:published_time\" content=\"2022-05-07T15:40:39+00:00\" \/>\n<meta property=\"article:modified_time\" content=\"2022-05-07T15:41:04+00:00\" \/>\n<meta property=\"og:image\" content=\"https:\/\/fuentesfidedignas.com.mx\/wp-content\/uploads\/2022\/05\/debanhi_escobar_2.jpg\" \/>\n\t<meta property=\"og:image:width\" content=\"630\" \/>\n\t<meta property=\"og:image:height\" content=\"388\" \/>\n\t<meta property=\"og:image:type\" content=\"image\/jpeg\" \/>\n<meta name=\"author\" content=\"El Universal\" \/>\n<meta name=\"twitter:card\" content=\"summary_large_image\" \/>\n<meta name=\"twitter:creator\" content=\"@fidedignas\" \/>\n<meta name=\"twitter:site\" content=\"@fidedignas\" \/>\n<meta name=\"twitter:label1\" content=\"Escrito por\" \/>\n\t<meta name=\"twitter:data1\" content=\"El Universal\" \/>\n\t<meta name=\"twitter:label2\" content=\"Tiempo de lectura\" \/>\n\t<meta name=\"twitter:data2\" content=\"2 minutos\" \/>\n<script type=\"application\/ld+json\" class=\"yoast-schema-graph\">{\"@context\":\"https:\\\/\\\/schema.org\",\"@graph\":[{\"@type\":\"Article\",\"@id\":\"https:\\\/\\\/fuentesfidedignas.com.mx\\\/index.php\\\/2022\\\/05\\\/07\\\/padre-de-debanhi-abre-su-canal-de-youtube-para-informar-sobre-el-caso\\\/#article\",\"isPartOf\":{\"@id\":\"https:\\\/\\\/fuentesfidedignas.com.mx\\\/index.php\\\/2022\\\/05\\\/07\\\/padre-de-debanhi-abre-su-canal-de-youtube-para-informar-sobre-el-caso\\\/\"},\"author\":{\"name\":\"El Universal\",\"@id\":\"https:\\\/\\\/fuentesfidedignas.com.mx\\\/#\\\/schema\\\/person\\\/fee3882e65fd0510d292c43a346d35d7\"},\"headline\":\"Padre de Debanhi abre su canal de YouTube para informar sobre el caso\",\"datePublished\":\"2022-05-07T15:40:39+00:00\",\"dateModified\":\"2022-05-07T15:41:04+00:00\",\"mainEntityOfPage\":{\"@id\":\"https:\\\/\\\/fuentesfidedignas.com.mx\\\/index.php\\\/2022\\\/05\\\/07\\\/padre-de-debanhi-abre-su-canal-de-youtube-para-informar-sobre-el-caso\\\/\"},\"wordCount\":270,\"commentCount\":0,\"publisher\":{\"@id\":\"https:\\\/\\\/fuentesfidedignas.com.mx\\\/#organization\"},\"image\":{\"@id\":\"https:\\\/\\\/fuentesfidedignas.com.mx\\\/index.php\\\/2022\\\/05\\\/07\\\/padre-de-debanhi-abre-su-canal-de-youtube-para-informar-sobre-el-caso\\\/#primaryimage\"},\"thumbnailUrl\":\"https:\\\/\\\/fuentesfidedignas.com.mx\\\/wp-content\\\/uploads\\\/2022\\\/05\\\/debanhi_escobar_2.jpg\",\"keywords\":[\"Caso Debanhi\"],\"articleSection\":[\"NOTICIAS NACIONALES\"],\"inLanguage\":\"es\",\"potentialAction\":[{\"@type\":\"CommentAction\",\"name\":\"Comment\",\"target\":[\"https:\\\/\\\/fuentesfidedignas.com.mx\\\/index.php\\\/2022\\\/05\\\/07\\\/padre-de-debanhi-abre-su-canal-de-youtube-para-informar-sobre-el-caso\\\/#respond\"]}]},{\"@type\":\"WebPage\",\"@id\":\"https:\\\/\\\/fuentesfidedignas.com.mx\\\/index.php\\\/2022\\\/05\\\/07\\\/padre-de-debanhi-abre-su-canal-de-youtube-para-informar-sobre-el-caso\\\/\",\"url\":\"https:\\\/\\\/fuentesfidedignas.com.mx\\\/index.php\\\/2022\\\/05\\\/07\\\/padre-de-debanhi-abre-su-canal-de-youtube-para-informar-sobre-el-caso\\\/\",\"name\":\"Padre de Debanhi abre su canal de YouTube para informar sobre el caso - Fuentes Fidedignas\",\"isPartOf\":{\"@id\":\"https:\\\/\\\/fuentesfidedignas.com.mx\\\/#website\"},\"primaryImageOfPage\":{\"@id\":\"https:\\\/\\\/fuentesfidedignas.com.mx\\\/index.php\\\/2022\\\/05\\\/07\\\/padre-de-debanhi-abre-su-canal-de-youtube-para-informar-sobre-el-caso\\\/#primaryimage\"},\"image\":{\"@id\":\"https:\\\/\\\/fuentesfidedignas.com.mx\\\/index.php\\\/2022\\\/05\\\/07\\\/padre-de-debanhi-abre-su-canal-de-youtube-para-informar-sobre-el-caso\\\/#primaryimage\"},\"thumbnailUrl\":\"https:\\\/\\\/fuentesfidedignas.com.mx\\\/wp-content\\\/uploads\\\/2022\\\/05\\\/debanhi_escobar_2.jpg\",\"datePublished\":\"2022-05-07T15:40:39+00:00\",\"dateModified\":\"2022-05-07T15:41:04+00:00\",\"breadcrumb\":{\"@id\":\"https:\\\/\\\/fuentesfidedignas.com.mx\\\/index.php\\\/2022\\\/05\\\/07\\\/padre-de-debanhi-abre-su-canal-de-youtube-para-informar-sobre-el-caso\\\/#breadcrumb\"},\"inLanguage\":\"es\",\"potentialAction\":[{\"@type\":\"ReadAction\",\"target\":[\"https:\\\/\\\/fuentesfidedignas.com.mx\\\/index.php\\\/2022\\\/05\\\/07\\\/padre-de-debanhi-abre-su-canal-de-youtube-para-informar-sobre-el-caso\\\/\"]}]},{\"@type\":\"ImageObject\",\"inLanguage\":\"es\",\"@id\":\"https:\\\/\\\/fuentesfidedignas.com.mx\\\/index.php\\\/2022\\\/05\\\/07\\\/padre-de-debanhi-abre-su-canal-de-youtube-para-informar-sobre-el-caso\\\/#primaryimage\",\"url\":\"https:\\\/\\\/fuentesfidedignas.com.mx\\\/wp-content\\\/uploads\\\/2022\\\/05\\\/debanhi_escobar_2.jpg\",\"contentUrl\":\"https:\\\/\\\/fuentesfidedignas.com.mx\\\/wp-content\\\/uploads\\\/2022\\\/05\\\/debanhi_escobar_2.jpg\",\"width\":630,\"height\":388},{\"@type\":\"BreadcrumbList\",\"@id\":\"https:\\\/\\\/fuentesfidedignas.com.mx\\\/index.php\\\/2022\\\/05\\\/07\\\/padre-de-debanhi-abre-su-canal-de-youtube-para-informar-sobre-el-caso\\\/#breadcrumb\",\"itemListElement\":[{\"@type\":\"ListItem\",\"position\":1,\"name\":\"Inicio\",\"item\":\"https:\\\/\\\/fuentesfidedignas.com.mx\\\/\"},{\"@type\":\"ListItem\",\"position\":2,\"name\":\"Padre de Debanhi abre su canal de YouTube para informar sobre el caso\"}]},{\"@type\":\"WebSite\",\"@id\":\"https:\\\/\\\/fuentesfidedignas.com.mx\\\/#website\",\"url\":\"https:\\\/\\\/fuentesfidedignas.com.mx\\\/\",\"name\":\"Fuentes Fidedignas\",\"description\":\"Otro sitio realizado con WordPress\",\"publisher\":{\"@id\":\"https:\\\/\\\/fuentesfidedignas.com.mx\\\/#organization\"},\"potentialAction\":[{\"@type\":\"SearchAction\",\"target\":{\"@type\":\"EntryPoint\",\"urlTemplate\":\"https:\\\/\\\/fuentesfidedignas.com.mx\\\/?s={search_term_string}\"},\"query-input\":{\"@type\":\"PropertyValueSpecification\",\"valueRequired\":true,\"valueName\":\"search_term_string\"}}],\"inLanguage\":\"es\"},{\"@type\":\"Organization\",\"@id\":\"https:\\\/\\\/fuentesfidedignas.com.mx\\\/#organization\",\"name\":\"Fuentes Fidedignas\",\"url\":\"https:\\\/\\\/fuentesfidedignas.com.mx\\\/\",\"logo\":{\"@type\":\"ImageObject\",\"inLanguage\":\"es\",\"@id\":\"https:\\\/\\\/fuentesfidedignas.com.mx\\\/#\\\/schema\\\/logo\\\/image\\\/\",\"url\":\"https:\\\/\\\/fuentesfidedignas.com.mx\\\/wp-content\\\/uploads\\\/2021\\\/04\\\/logo-retina.png\",\"contentUrl\":\"https:\\\/\\\/fuentesfidedignas.com.mx\\\/wp-content\\\/uploads\\\/2021\\\/04\\\/logo-retina.png\",\"width\":280,\"height\":51,\"caption\":\"Fuentes Fidedignas\"},\"image\":{\"@id\":\"https:\\\/\\\/fuentesfidedignas.com.mx\\\/#\\\/schema\\\/logo\\\/image\\\/\"},\"sameAs\":[\"https:\\\/\\\/www.facebook.com\\\/Fuentes-Fidedignas-368234489921644\",\"https:\\\/\\\/x.com\\\/fidedignas\"]},{\"@type\":\"Person\",\"@id\":\"https:\\\/\\\/fuentesfidedignas.com.mx\\\/#\\\/schema\\\/person\\\/fee3882e65fd0510d292c43a346d35d7\",\"name\":\"El Universal\",\"image\":{\"@type\":\"ImageObject\",\"inLanguage\":\"es\",\"@id\":\"https:\\\/\\\/secure.gravatar.com\\\/avatar\\\/1ebc94d82b6c3c081781f73e5b76a0d0c1ac7bf8e57426f18802246eeaa2747c?s=96&d=mm&r=g\",\"url\":\"https:\\\/\\\/secure.gravatar.com\\\/avatar\\\/1ebc94d82b6c3c081781f73e5b76a0d0c1ac7bf8e57426f18802246eeaa2747c?s=96&d=mm&r=g\",\"contentUrl\":\"https:\\\/\\\/secure.gravatar.com\\\/avatar\\\/1ebc94d82b6c3c081781f73e5b76a0d0c1ac7bf8e57426f18802246eeaa2747c?s=96&d=mm&r=g\",\"caption\":\"El Universal\"},\"url\":\"https:\\\/\\\/fuentesfidedignas.com.mx\\\/index.php\\\/author\\\/el-universal\\\/\"}]}<\/script>\n<!-- \/ Yoast SEO plugin. -->","yoast_head_json":{"title":"Padre de Debanhi abre su canal de YouTube para informar sobre el caso - Fuentes Fidedignas","robots":{"index":"index","follow":"follow","max-snippet":"max-snippet:-1","max-image-preview":"max-image-preview:large","max-video-preview":"max-video-preview:-1"},"canonical":"https:\/\/fuentesfidedignas.com.mx\/index.php\/2022\/05\/07\/padre-de-debanhi-abre-su-canal-de-youtube-para-informar-sobre-el-caso\/","og_locale":"es_MX","og_type":"article","og_title":"Padre de Debanhi abre su canal de YouTube para informar sobre el caso - Fuentes Fidedignas","og_description":"Mario Escobar aclar\u00f3 que el canal es para informar sobre los avances del caso y desmentir la informaci\u00f3n falsa que surja Nuevo Le\u00f3n. Mario Escobar, pap\u00e1 de Debanhi Escobar Bazald\u00faa, abri\u00f3 un canal en la plataforma YouTube con el fin de comunicar los avances y desmentir la informarci\u00f3n falsa que surja sobre la investigaci\u00f3n de [&hellip;]","og_url":"https:\/\/fuentesfidedignas.com.mx\/index.php\/2022\/05\/07\/padre-de-debanhi-abre-su-canal-de-youtube-para-informar-sobre-el-caso\/","og_site_name":"Fuentes Fidedignas","article_publisher":"https:\/\/www.facebook.com\/Fuentes-Fidedignas-368234489921644","article_published_time":"2022-05-07T15:40:39+00:00","article_modified_time":"2022-05-07T15:41:04+00:00","og_image":[{"width":630,"height":388,"url":"https:\/\/fuentesfidedignas.com.mx\/wp-content\/uploads\/2022\/05\/debanhi_escobar_2.jpg","type":"image\/jpeg"}],"author":"El Universal","twitter_card":"summary_large_image","twitter_creator":"@fidedignas","twitter_site":"@fidedignas","twitter_misc":{"Escrito por":"El Universal","Tiempo de lectura":"2 minutos"},"schema":{"@context":"https:\/\/schema.org","@graph":[{"@type":"Article","@id":"https:\/\/fuentesfidedignas.com.mx\/index.php\/2022\/05\/07\/padre-de-debanhi-abre-su-canal-de-youtube-para-informar-sobre-el-caso\/#article","isPartOf":{"@id":"https:\/\/fuentesfidedignas.com.mx\/index.php\/2022\/05\/07\/padre-de-debanhi-abre-su-canal-de-youtube-para-informar-sobre-el-caso\/"},"author":{"name":"El Universal","@id":"https:\/\/fuentesfidedignas.com.mx\/#\/schema\/person\/fee3882e65fd0510d292c43a346d35d7"},"headline":"Padre de Debanhi abre su canal de YouTube para informar sobre el caso","datePublished":"2022-05-07T15:40:39+00:00","dateModified":"2022-05-07T15:41:04+00:00","mainEntityOfPage":{"@id":"https:\/\/fuentesfidedignas.com.mx\/index.php\/2022\/05\/07\/padre-de-debanhi-abre-su-canal-de-youtube-para-informar-sobre-el-caso\/"},"wordCount":270,"commentCount":0,"publisher":{"@id":"https:\/\/fuentesfidedignas.com.mx\/#organization"},"image":{"@id":"https:\/\/fuentesfidedignas.com.mx\/index.php\/2022\/05\/07\/padre-de-debanhi-abre-su-canal-de-youtube-para-informar-sobre-el-caso\/#primaryimage"},"thumbnailUrl":"https:\/\/fuentesfidedignas.com.mx\/wp-content\/uploads\/2022\/05\/debanhi_escobar_2.jpg","keywords":["Caso Debanhi"],"articleSection":["NOTICIAS NACIONALES"],"inLanguage":"es","potentialAction":[{"@type":"CommentAction","name":"Comment","target":["https:\/\/fuentesfidedignas.com.mx\/index.php\/2022\/05\/07\/padre-de-debanhi-abre-su-canal-de-youtube-para-informar-sobre-el-caso\/#respond"]}]},{"@type":"WebPage","@id":"https:\/\/fuentesfidedignas.com.mx\/index.php\/2022\/05\/07\/padre-de-debanhi-abre-su-canal-de-youtube-para-informar-sobre-el-caso\/","url":"https:\/\/fuentesfidedignas.com.mx\/index.php\/2022\/05\/07\/padre-de-debanhi-abre-su-canal-de-youtube-para-informar-sobre-el-caso\/","name":"Padre de Debanhi abre su canal de YouTube para informar sobre el caso - Fuentes Fidedignas","isPartOf":{"@id":"https:\/\/fuentesfidedignas.com.mx\/#website"},"primaryImageOfPage":{"@id":"https:\/\/fuentesfidedignas.com.mx\/index.php\/2022\/05\/07\/padre-de-debanhi-abre-su-canal-de-youtube-para-informar-sobre-el-caso\/#primaryimage"},"image":{"@id":"https:\/\/fuentesfidedignas.com.mx\/index.php\/2022\/05\/07\/padre-de-debanhi-abre-su-canal-de-youtube-para-informar-sobre-el-caso\/#primaryimage"},"thumbnailUrl":"https:\/\/fuentesfidedignas.com.mx\/wp-content\/uploads\/2022\/05\/debanhi_escobar_2.jpg","datePublished":"2022-05-07T15:40:39+00:00","dateModified":"2022-05-07T15:41:04+00:00","breadcrumb":{"@id":"https:\/\/fuentesfidedignas.com.mx\/index.php\/2022\/05\/07\/padre-de-debanhi-abre-su-canal-de-youtube-para-informar-sobre-el-caso\/#breadcrumb"},"inLanguage":"es","potentialAction":[{"@type":"ReadAction","target":["https:\/\/fuentesfidedignas.com.mx\/index.php\/2022\/05\/07\/padre-de-debanhi-abre-su-canal-de-youtube-para-informar-sobre-el-caso\/"]}]},{"@type":"ImageObject","inLanguage":"es","@id":"https:\/\/fuentesfidedignas.com.mx\/index.php\/2022\/05\/07\/padre-de-debanhi-abre-su-canal-de-youtube-para-informar-sobre-el-caso\/#primaryimage","url":"https:\/\/fuentesfidedignas.com.mx\/wp-content\/uploads\/2022\/05\/debanhi_escobar_2.jpg","contentUrl":"https:\/\/fuentesfidedignas.com.mx\/wp-content\/uploads\/2022\/05\/debanhi_escobar_2.jpg","width":630,"height":388},{"@type":"BreadcrumbList","@id":"https:\/\/fuentesfidedignas.com.mx\/index.php\/2022\/05\/07\/padre-de-debanhi-abre-su-canal-de-youtube-para-informar-sobre-el-caso\/#breadcrumb","itemListElement":[{"@type":"ListItem","position":1,"name":"Inicio","item":"https:\/\/fuentesfidedignas.com.mx\/"},{"@type":"ListItem","position":2,"name":"Padre de Debanhi abre su canal de YouTube para informar sobre el caso"}]},{"@type":"WebSite","@id":"https:\/\/fuentesfidedignas.com.mx\/#website","url":"https:\/\/fuentesfidedignas.com.mx\/","name":"Fuentes Fidedignas","description":"Otro sitio realizado con WordPress","publisher":{"@id":"https:\/\/fuentesfidedignas.com.mx\/#organization"},"potentialAction":[{"@type":"SearchAction","target":{"@type":"EntryPoint","urlTemplate":"https:\/\/fuentesfidedignas.com.mx\/?s={search_term_string}"},"query-input":{"@type":"PropertyValueSpecification","valueRequired":true,"valueName":"search_term_string"}}],"inLanguage":"es"},{"@type":"Organization","@id":"https:\/\/fuentesfidedignas.com.mx\/#organization","name":"Fuentes Fidedignas","url":"https:\/\/fuentesfidedignas.com.mx\/","logo":{"@type":"ImageObject","inLanguage":"es","@id":"https:\/\/fuentesfidedignas.com.mx\/#\/schema\/logo\/image\/","url":"https:\/\/fuentesfidedignas.com.mx\/wp-content\/uploads\/2021\/04\/logo-retina.png","contentUrl":"https:\/\/fuentesfidedignas.com.mx\/wp-content\/uploads\/2021\/04\/logo-retina.png","width":280,"height":51,"caption":"Fuentes Fidedignas"},"image":{"@id":"https:\/\/fuentesfidedignas.com.mx\/#\/schema\/logo\/image\/"},"sameAs":["https:\/\/www.facebook.com\/Fuentes-Fidedignas-368234489921644","https:\/\/x.com\/fidedignas"]},{"@type":"Person","@id":"https:\/\/fuentesfidedignas.com.mx\/#\/schema\/person\/fee3882e65fd0510d292c43a346d35d7","name":"El Universal","image":{"@type":"ImageObject","inLanguage":"es","@id":"https:\/\/secure.gravatar.com\/avatar\/1ebc94d82b6c3c081781f73e5b76a0d0c1ac7bf8e57426f18802246eeaa2747c?s=96&d=mm&r=g","url":"https:\/\/secure.gravatar.com\/avatar\/1ebc94d82b6c3c081781f73e5b76a0d0c1ac7bf8e57426f18802246eeaa2747c?s=96&d=mm&r=g","contentUrl":"https:\/\/secure.gravatar.com\/avatar\/1ebc94d82b6c3c081781f73e5b76a0d0c1ac7bf8e57426f18802246eeaa2747c?s=96&d=mm&r=g","caption":"El Universal"},"url":"https:\/\/fuentesfidedignas.com.mx\/index.php\/author\/el-universal\/"}]}},"_links":{"self":[{"href":"https:\/\/fuentesfidedignas.com.mx\/index.php\/wp-json\/wp\/v2\/posts\/30488","targetHints":{"allow":["GET"]}}],"collection":[{"href":"https:\/\/fuentesfidedignas.com.mx\/index.php\/wp-json\/wp\/v2\/posts"}],"about":[{"href":"https:\/\/fuentesfidedignas.com.mx\/index.php\/wp-json\/wp\/v2\/types\/post"}],"author":[{"embeddable":true,"href":"https:\/\/fuentesfidedignas.com.mx\/index.php\/wp-json\/wp\/v2\/users\/39"}],"replies":[{"embeddable":true,"href":"https:\/\/fuentesfidedignas.com.mx\/index.php\/wp-json\/wp\/v2\/comments?post=30488"}],"version-history":[{"count":1,"href":"https:\/\/fuentesfidedignas.com.mx\/index.php\/wp-json\/wp\/v2\/posts\/30488\/revisions"}],"predecessor-version":[{"id":30489,"href":"https:\/\/fuentesfidedignas.com.mx\/index.php\/wp-json\/wp\/v2\/posts\/30488\/revisions\/30489"}],"wp:featuredmedia":[{"embeddable":true,"href":"https:\/\/fuentesfidedignas.com.mx\/index.php\/wp-json\/wp\/v2\/media\/30490"}],"wp:attachment":[{"href":"https:\/\/fuentesfidedignas.com.mx\/index.php\/wp-json\/wp\/v2\/media?parent=30488"}],"wp:term":[{"taxonomy":"category","embeddable":true,"href":"https:\/\/fuentesfidedignas.com.mx\/index.php\/wp-json\/wp\/v2\/categories?post=30488"},{"taxonomy":"post_tag","embeddable":true,"href":"https:\/\/fuentesfidedignas.com.mx\/index.php\/wp-json\/wp\/v2\/tags?post=30488"}],"curies":[{"name":"wp","href":"https:\/\/api.w.org\/{rel}","templated":true}]}}