{"id":3039,"date":"2021-05-25T10:56:10","date_gmt":"2021-05-25T17:56:10","guid":{"rendered":"https:\/\/fuentesfidedignas.com.mx\/?p=3039"},"modified":"2021-05-25T10:56:12","modified_gmt":"2021-05-25T17:56:12","slug":"uif-tras-cuentas-de-carlos-salinas-de-gortari-calderon-y-pena-nieto","status":"publish","type":"post","link":"https:\/\/fuentesfidedignas.com.mx\/index.php\/2021\/05\/25\/uif-tras-cuentas-de-carlos-salinas-de-gortari-calderon-y-pena-nieto\/","title":{"rendered":"UIF tras cuentas de Carlos Salinas de Gortari, Calder\u00f3n y Pe\u00f1a Nieto"},"content":{"rendered":"\n<p><strong><em>La dependencia tiene en curso otras indagaciones en contra de otros 70 funcionarios y exfuncionarios de sexenios anteriores<\/em><\/strong><\/p>\n\n\n\n<p>Ciudad de M\u00e9xico.- La Fiscal\u00eda General de la Rep\u00fablica (FGR) investiga a los expresidentes Carlos Salinas de Gortari, Felipe Calder\u00f3n y Enrique Pe\u00f1a Nieto, debido a la denuncia de hechos presentada en agosto de 2020 por Emilio Lozoya Austin, exdirector de Pemex y quien se acogi\u00f3 a una figura de colaboraci\u00f3n con las autoridades.<\/p>\n\n\n\n<p>De acuerdo con El Universal, la Unidad de Inteligencia Financiera (UIF) de la Secretar\u00eda de Hacienda y Cr\u00e9dito P\u00fablico (SHCP), hizo una revisi\u00f3n de \u201clas finanzas de los expresidentes y otros funcionarios y exfuncionarios denunciados por Lozoya, a petici\u00f3n de la FGR, y entreg\u00f3 la informaci\u00f3n obtenida al Ministerio P\u00fablico Federal para ser integrada a la investigaci\u00f3n que est\u00e1 actualmente en curso\u201d.<\/p>\n\n\n\n<p>Tambi\u00e9n sobre Carlos Trevi\u00f1o Medina, David Penchyna Grub, Ernesto Cordero, Francisco Dom\u00ednguez Servi\u00e9n, Francisco Javier Garc\u00eda Cabeza de Vaca y Francisco Olascoaga Rodr\u00edguez. Asimismo, de Guillermo Guti\u00e9rrez Badillo, Jorge Luis Lavalle Maury, Jos\u00e9 Antonio Gonz\u00e1lez Anaya, Rafael Caraveo y Salvador Vega Casillas.<\/p>\n\n\n\n<p>Cabe recordar que el INAI orden\u00f3 a la Fiscal\u00eda que diera a conocer si existen en los \u00faltimos 21 a\u00f1os investigaciones o sentencias judiciales en contra del ex presidente del pa\u00eds, Enrique Pe\u00f1a Nieto (2012-2018).<\/p>\n\n\n\n<p>Como parte de la petici\u00f3n, el INAI determin\u00f3 que la FGR deber\u00e1 dar a conocer esta informaci\u00f3n sobre Pe\u00f1a Nieto para el periodo que comprende del 1 de diciembre del a\u00f1o 2000 hasta el 29 de enero del 2021.<\/p>\n\n\n\n<p>En el informe, la dependencia deber\u00e1 detallar la cantidad de averiguaciones previas y carpetas de investigaci\u00f3n que ha abierto; el n\u00famero de la averiguaci\u00f3n y carpeta de investigaci\u00f3n, el delito denunciado en cada indagatoria, la fecha de inicio de \u00e9sta, el estatus de cada una y la fecha de resoluci\u00f3n de las que concluyeron en no ejercicio de la acci\u00f3n penal, entre otros requerimientos m\u00e1s.<\/p>\n","protected":false},"excerpt":{"rendered":"<p>La dependencia tiene en curso otras indagaciones en contra de otros 70 funcionarios y exfuncionarios de sexenios anteriores Ciudad de M\u00e9xico.- La Fiscal\u00eda General de la Rep\u00fablica (FGR) investiga a los expresidentes Carlos Salinas de Gortari, Felipe Calder\u00f3n y Enrique Pe\u00f1a Nieto, debido a la denuncia de hechos presentada en agosto de 2020 por Emilio [&hellip;]<\/p>\n","protected":false},"author":39,"featured_media":3040,"comment_status":"open","ping_status":"open","sticky":false,"template":"","format":"standard","meta":{"tdm_status":"","tdm_grid_status":"","footnotes":""},"categories":[39],"tags":[530,531,304,533,532],"class_list":{"0":"post-3039","1":"post","2":"type-post","3":"status-publish","4":"format-standard","5":"has-post-thumbnail","7":"category-noticias-nacionales","8":"tag-carlos-salinas-de-gortari","9":"tag-enrique-pena-nieto","10":"tag-felipe-calderon","11":"tag-uif","12":"tag-unidad-de-inteligencia-financiera"},"yoast_head":"<!-- This site is optimized with the Yoast SEO plugin v27.5 - https:\/\/yoast.com\/product\/yoast-seo-wordpress\/ -->\n<title>UIF tras cuentas de Carlos Salinas de Gortari, Calder\u00f3n y Pe\u00f1a Nieto - Fuentes Fidedignas<\/title>\n<meta name=\"robots\" content=\"index, follow, max-snippet:-1, max-image-preview:large, max-video-preview:-1\" \/>\n<link rel=\"canonical\" href=\"https:\/\/fuentesfidedignas.com.mx\/index.php\/2021\/05\/25\/uif-tras-cuentas-de-carlos-salinas-de-gortari-calderon-y-pena-nieto\/\" \/>\n<meta property=\"og:locale\" content=\"es_MX\" \/>\n<meta property=\"og:type\" content=\"article\" \/>\n<meta property=\"og:title\" content=\"UIF tras cuentas de Carlos Salinas de Gortari, Calder\u00f3n y Pe\u00f1a Nieto - Fuentes Fidedignas\" \/>\n<meta property=\"og:description\" content=\"La dependencia tiene en curso otras indagaciones en contra de otros 70 funcionarios y exfuncionarios de sexenios anteriores Ciudad de M\u00e9xico.- La Fiscal\u00eda General de la Rep\u00fablica (FGR) investiga a los expresidentes Carlos Salinas de Gortari, Felipe Calder\u00f3n y Enrique Pe\u00f1a Nieto, debido a la denuncia de hechos presentada en agosto de 2020 por Emilio [&hellip;]\" \/>\n<meta property=\"og:url\" content=\"https:\/\/fuentesfidedignas.com.mx\/index.php\/2021\/05\/25\/uif-tras-cuentas-de-carlos-salinas-de-gortari-calderon-y-pena-nieto\/\" \/>\n<meta property=\"og:site_name\" content=\"Fuentes Fidedignas\" \/>\n<meta property=\"article:publisher\" content=\"https:\/\/www.facebook.com\/Fuentes-Fidedignas-368234489921644\" \/>\n<meta property=\"article:published_time\" content=\"2021-05-25T17:56:10+00:00\" \/>\n<meta property=\"article:modified_time\" content=\"2021-05-25T17:56:12+00:00\" \/>\n<meta property=\"og:image\" content=\"https:\/\/fuentesfidedignas.com.mx\/wp-content\/uploads\/2021\/05\/salinas_calderon_pena.jpg\" \/>\n\t<meta property=\"og:image:width\" content=\"980\" \/>\n\t<meta property=\"og:image:height\" content=\"604\" \/>\n\t<meta property=\"og:image:type\" content=\"image\/jpeg\" \/>\n<meta name=\"author\" content=\"El Universal\" \/>\n<meta name=\"twitter:card\" content=\"summary_large_image\" \/>\n<meta name=\"twitter:creator\" content=\"@fidedignas\" \/>\n<meta name=\"twitter:site\" content=\"@fidedignas\" \/>\n<meta name=\"twitter:label1\" content=\"Escrito por\" \/>\n\t<meta name=\"twitter:data1\" content=\"El Universal\" \/>\n\t<meta name=\"twitter:label2\" content=\"Tiempo de lectura\" \/>\n\t<meta name=\"twitter:data2\" content=\"2 minutos\" \/>\n<script type=\"application\/ld+json\" class=\"yoast-schema-graph\">{\"@context\":\"https:\\\/\\\/schema.org\",\"@graph\":[{\"@type\":\"Article\",\"@id\":\"https:\\\/\\\/fuentesfidedignas.com.mx\\\/index.php\\\/2021\\\/05\\\/25\\\/uif-tras-cuentas-de-carlos-salinas-de-gortari-calderon-y-pena-nieto\\\/#article\",\"isPartOf\":{\"@id\":\"https:\\\/\\\/fuentesfidedignas.com.mx\\\/index.php\\\/2021\\\/05\\\/25\\\/uif-tras-cuentas-de-carlos-salinas-de-gortari-calderon-y-pena-nieto\\\/\"},\"author\":{\"name\":\"El Universal\",\"@id\":\"https:\\\/\\\/fuentesfidedignas.com.mx\\\/#\\\/schema\\\/person\\\/fee3882e65fd0510d292c43a346d35d7\"},\"headline\":\"UIF tras cuentas de Carlos Salinas de Gortari, Calder\u00f3n y Pe\u00f1a Nieto\",\"datePublished\":\"2021-05-25T17:56:10+00:00\",\"dateModified\":\"2021-05-25T17:56:12+00:00\",\"mainEntityOfPage\":{\"@id\":\"https:\\\/\\\/fuentesfidedignas.com.mx\\\/index.php\\\/2021\\\/05\\\/25\\\/uif-tras-cuentas-de-carlos-salinas-de-gortari-calderon-y-pena-nieto\\\/\"},\"wordCount\":360,\"commentCount\":0,\"publisher\":{\"@id\":\"https:\\\/\\\/fuentesfidedignas.com.mx\\\/#organization\"},\"image\":{\"@id\":\"https:\\\/\\\/fuentesfidedignas.com.mx\\\/index.php\\\/2021\\\/05\\\/25\\\/uif-tras-cuentas-de-carlos-salinas-de-gortari-calderon-y-pena-nieto\\\/#primaryimage\"},\"thumbnailUrl\":\"https:\\\/\\\/fuentesfidedignas.com.mx\\\/wp-content\\\/uploads\\\/2021\\\/05\\\/salinas_calderon_pena.jpg\",\"keywords\":[\"Carlos Salinas de Gortari\",\"Enrique Pe\u00f1a Nieto\",\"Felipe Calder\u00f3n\",\"UIF\",\"Unidad de Inteligencia Financiera\"],\"articleSection\":[\"NOTICIAS NACIONALES\"],\"inLanguage\":\"es\",\"potentialAction\":[{\"@type\":\"CommentAction\",\"name\":\"Comment\",\"target\":[\"https:\\\/\\\/fuentesfidedignas.com.mx\\\/index.php\\\/2021\\\/05\\\/25\\\/uif-tras-cuentas-de-carlos-salinas-de-gortari-calderon-y-pena-nieto\\\/#respond\"]}]},{\"@type\":\"WebPage\",\"@id\":\"https:\\\/\\\/fuentesfidedignas.com.mx\\\/index.php\\\/2021\\\/05\\\/25\\\/uif-tras-cuentas-de-carlos-salinas-de-gortari-calderon-y-pena-nieto\\\/\",\"url\":\"https:\\\/\\\/fuentesfidedignas.com.mx\\\/index.php\\\/2021\\\/05\\\/25\\\/uif-tras-cuentas-de-carlos-salinas-de-gortari-calderon-y-pena-nieto\\\/\",\"name\":\"UIF tras cuentas de Carlos Salinas de Gortari, Calder\u00f3n y Pe\u00f1a Nieto - Fuentes Fidedignas\",\"isPartOf\":{\"@id\":\"https:\\\/\\\/fuentesfidedignas.com.mx\\\/#website\"},\"primaryImageOfPage\":{\"@id\":\"https:\\\/\\\/fuentesfidedignas.com.mx\\\/index.php\\\/2021\\\/05\\\/25\\\/uif-tras-cuentas-de-carlos-salinas-de-gortari-calderon-y-pena-nieto\\\/#primaryimage\"},\"image\":{\"@id\":\"https:\\\/\\\/fuentesfidedignas.com.mx\\\/index.php\\\/2021\\\/05\\\/25\\\/uif-tras-cuentas-de-carlos-salinas-de-gortari-calderon-y-pena-nieto\\\/#primaryimage\"},\"thumbnailUrl\":\"https:\\\/\\\/fuentesfidedignas.com.mx\\\/wp-content\\\/uploads\\\/2021\\\/05\\\/salinas_calderon_pena.jpg\",\"datePublished\":\"2021-05-25T17:56:10+00:00\",\"dateModified\":\"2021-05-25T17:56:12+00:00\",\"breadcrumb\":{\"@id\":\"https:\\\/\\\/fuentesfidedignas.com.mx\\\/index.php\\\/2021\\\/05\\\/25\\\/uif-tras-cuentas-de-carlos-salinas-de-gortari-calderon-y-pena-nieto\\\/#breadcrumb\"},\"inLanguage\":\"es\",\"potentialAction\":[{\"@type\":\"ReadAction\",\"target\":[\"https:\\\/\\\/fuentesfidedignas.com.mx\\\/index.php\\\/2021\\\/05\\\/25\\\/uif-tras-cuentas-de-carlos-salinas-de-gortari-calderon-y-pena-nieto\\\/\"]}]},{\"@type\":\"ImageObject\",\"inLanguage\":\"es\",\"@id\":\"https:\\\/\\\/fuentesfidedignas.com.mx\\\/index.php\\\/2021\\\/05\\\/25\\\/uif-tras-cuentas-de-carlos-salinas-de-gortari-calderon-y-pena-nieto\\\/#primaryimage\",\"url\":\"https:\\\/\\\/fuentesfidedignas.com.mx\\\/wp-content\\\/uploads\\\/2021\\\/05\\\/salinas_calderon_pena.jpg\",\"contentUrl\":\"https:\\\/\\\/fuentesfidedignas.com.mx\\\/wp-content\\\/uploads\\\/2021\\\/05\\\/salinas_calderon_pena.jpg\",\"width\":980,\"height\":604},{\"@type\":\"BreadcrumbList\",\"@id\":\"https:\\\/\\\/fuentesfidedignas.com.mx\\\/index.php\\\/2021\\\/05\\\/25\\\/uif-tras-cuentas-de-carlos-salinas-de-gortari-calderon-y-pena-nieto\\\/#breadcrumb\",\"itemListElement\":[{\"@type\":\"ListItem\",\"position\":1,\"name\":\"Inicio\",\"item\":\"https:\\\/\\\/fuentesfidedignas.com.mx\\\/\"},{\"@type\":\"ListItem\",\"position\":2,\"name\":\"UIF tras cuentas de Carlos Salinas de Gortari, Calder\u00f3n y Pe\u00f1a Nieto\"}]},{\"@type\":\"WebSite\",\"@id\":\"https:\\\/\\\/fuentesfidedignas.com.mx\\\/#website\",\"url\":\"https:\\\/\\\/fuentesfidedignas.com.mx\\\/\",\"name\":\"Fuentes Fidedignas\",\"description\":\"Otro sitio realizado con WordPress\",\"publisher\":{\"@id\":\"https:\\\/\\\/fuentesfidedignas.com.mx\\\/#organization\"},\"potentialAction\":[{\"@type\":\"SearchAction\",\"target\":{\"@type\":\"EntryPoint\",\"urlTemplate\":\"https:\\\/\\\/fuentesfidedignas.com.mx\\\/?s={search_term_string}\"},\"query-input\":{\"@type\":\"PropertyValueSpecification\",\"valueRequired\":true,\"valueName\":\"search_term_string\"}}],\"inLanguage\":\"es\"},{\"@type\":\"Organization\",\"@id\":\"https:\\\/\\\/fuentesfidedignas.com.mx\\\/#organization\",\"name\":\"Fuentes Fidedignas\",\"url\":\"https:\\\/\\\/fuentesfidedignas.com.mx\\\/\",\"logo\":{\"@type\":\"ImageObject\",\"inLanguage\":\"es\",\"@id\":\"https:\\\/\\\/fuentesfidedignas.com.mx\\\/#\\\/schema\\\/logo\\\/image\\\/\",\"url\":\"https:\\\/\\\/fuentesfidedignas.com.mx\\\/wp-content\\\/uploads\\\/2021\\\/04\\\/logo-retina.png\",\"contentUrl\":\"https:\\\/\\\/fuentesfidedignas.com.mx\\\/wp-content\\\/uploads\\\/2021\\\/04\\\/logo-retina.png\",\"width\":280,\"height\":51,\"caption\":\"Fuentes Fidedignas\"},\"image\":{\"@id\":\"https:\\\/\\\/fuentesfidedignas.com.mx\\\/#\\\/schema\\\/logo\\\/image\\\/\"},\"sameAs\":[\"https:\\\/\\\/www.facebook.com\\\/Fuentes-Fidedignas-368234489921644\",\"https:\\\/\\\/x.com\\\/fidedignas\"]},{\"@type\":\"Person\",\"@id\":\"https:\\\/\\\/fuentesfidedignas.com.mx\\\/#\\\/schema\\\/person\\\/fee3882e65fd0510d292c43a346d35d7\",\"name\":\"El Universal\",\"image\":{\"@type\":\"ImageObject\",\"inLanguage\":\"es\",\"@id\":\"https:\\\/\\\/secure.gravatar.com\\\/avatar\\\/1ebc94d82b6c3c081781f73e5b76a0d0c1ac7bf8e57426f18802246eeaa2747c?s=96&d=mm&r=g\",\"url\":\"https:\\\/\\\/secure.gravatar.com\\\/avatar\\\/1ebc94d82b6c3c081781f73e5b76a0d0c1ac7bf8e57426f18802246eeaa2747c?s=96&d=mm&r=g\",\"contentUrl\":\"https:\\\/\\\/secure.gravatar.com\\\/avatar\\\/1ebc94d82b6c3c081781f73e5b76a0d0c1ac7bf8e57426f18802246eeaa2747c?s=96&d=mm&r=g\",\"caption\":\"El Universal\"},\"url\":\"https:\\\/\\\/fuentesfidedignas.com.mx\\\/index.php\\\/author\\\/el-universal\\\/\"}]}<\/script>\n<!-- \/ Yoast SEO plugin. -->","yoast_head_json":{"title":"UIF tras cuentas de Carlos Salinas de Gortari, Calder\u00f3n y Pe\u00f1a Nieto - Fuentes Fidedignas","robots":{"index":"index","follow":"follow","max-snippet":"max-snippet:-1","max-image-preview":"max-image-preview:large","max-video-preview":"max-video-preview:-1"},"canonical":"https:\/\/fuentesfidedignas.com.mx\/index.php\/2021\/05\/25\/uif-tras-cuentas-de-carlos-salinas-de-gortari-calderon-y-pena-nieto\/","og_locale":"es_MX","og_type":"article","og_title":"UIF tras cuentas de Carlos Salinas de Gortari, Calder\u00f3n y Pe\u00f1a Nieto - Fuentes Fidedignas","og_description":"La dependencia tiene en curso otras indagaciones en contra de otros 70 funcionarios y exfuncionarios de sexenios anteriores Ciudad de M\u00e9xico.- La Fiscal\u00eda General de la Rep\u00fablica (FGR) investiga a los expresidentes Carlos Salinas de Gortari, Felipe Calder\u00f3n y Enrique Pe\u00f1a Nieto, debido a la denuncia de hechos presentada en agosto de 2020 por Emilio [&hellip;]","og_url":"https:\/\/fuentesfidedignas.com.mx\/index.php\/2021\/05\/25\/uif-tras-cuentas-de-carlos-salinas-de-gortari-calderon-y-pena-nieto\/","og_site_name":"Fuentes Fidedignas","article_publisher":"https:\/\/www.facebook.com\/Fuentes-Fidedignas-368234489921644","article_published_time":"2021-05-25T17:56:10+00:00","article_modified_time":"2021-05-25T17:56:12+00:00","og_image":[{"width":980,"height":604,"url":"https:\/\/fuentesfidedignas.com.mx\/wp-content\/uploads\/2021\/05\/salinas_calderon_pena.jpg","type":"image\/jpeg"}],"author":"El Universal","twitter_card":"summary_large_image","twitter_creator":"@fidedignas","twitter_site":"@fidedignas","twitter_misc":{"Escrito por":"El Universal","Tiempo de lectura":"2 minutos"},"schema":{"@context":"https:\/\/schema.org","@graph":[{"@type":"Article","@id":"https:\/\/fuentesfidedignas.com.mx\/index.php\/2021\/05\/25\/uif-tras-cuentas-de-carlos-salinas-de-gortari-calderon-y-pena-nieto\/#article","isPartOf":{"@id":"https:\/\/fuentesfidedignas.com.mx\/index.php\/2021\/05\/25\/uif-tras-cuentas-de-carlos-salinas-de-gortari-calderon-y-pena-nieto\/"},"author":{"name":"El Universal","@id":"https:\/\/fuentesfidedignas.com.mx\/#\/schema\/person\/fee3882e65fd0510d292c43a346d35d7"},"headline":"UIF tras cuentas de Carlos Salinas de Gortari, Calder\u00f3n y Pe\u00f1a Nieto","datePublished":"2021-05-25T17:56:10+00:00","dateModified":"2021-05-25T17:56:12+00:00","mainEntityOfPage":{"@id":"https:\/\/fuentesfidedignas.com.mx\/index.php\/2021\/05\/25\/uif-tras-cuentas-de-carlos-salinas-de-gortari-calderon-y-pena-nieto\/"},"wordCount":360,"commentCount":0,"publisher":{"@id":"https:\/\/fuentesfidedignas.com.mx\/#organization"},"image":{"@id":"https:\/\/fuentesfidedignas.com.mx\/index.php\/2021\/05\/25\/uif-tras-cuentas-de-carlos-salinas-de-gortari-calderon-y-pena-nieto\/#primaryimage"},"thumbnailUrl":"https:\/\/fuentesfidedignas.com.mx\/wp-content\/uploads\/2021\/05\/salinas_calderon_pena.jpg","keywords":["Carlos Salinas de Gortari","Enrique Pe\u00f1a Nieto","Felipe Calder\u00f3n","UIF","Unidad de Inteligencia Financiera"],"articleSection":["NOTICIAS NACIONALES"],"inLanguage":"es","potentialAction":[{"@type":"CommentAction","name":"Comment","target":["https:\/\/fuentesfidedignas.com.mx\/index.php\/2021\/05\/25\/uif-tras-cuentas-de-carlos-salinas-de-gortari-calderon-y-pena-nieto\/#respond"]}]},{"@type":"WebPage","@id":"https:\/\/fuentesfidedignas.com.mx\/index.php\/2021\/05\/25\/uif-tras-cuentas-de-carlos-salinas-de-gortari-calderon-y-pena-nieto\/","url":"https:\/\/fuentesfidedignas.com.mx\/index.php\/2021\/05\/25\/uif-tras-cuentas-de-carlos-salinas-de-gortari-calderon-y-pena-nieto\/","name":"UIF tras cuentas de Carlos Salinas de Gortari, Calder\u00f3n y Pe\u00f1a Nieto - Fuentes Fidedignas","isPartOf":{"@id":"https:\/\/fuentesfidedignas.com.mx\/#website"},"primaryImageOfPage":{"@id":"https:\/\/fuentesfidedignas.com.mx\/index.php\/2021\/05\/25\/uif-tras-cuentas-de-carlos-salinas-de-gortari-calderon-y-pena-nieto\/#primaryimage"},"image":{"@id":"https:\/\/fuentesfidedignas.com.mx\/index.php\/2021\/05\/25\/uif-tras-cuentas-de-carlos-salinas-de-gortari-calderon-y-pena-nieto\/#primaryimage"},"thumbnailUrl":"https:\/\/fuentesfidedignas.com.mx\/wp-content\/uploads\/2021\/05\/salinas_calderon_pena.jpg","datePublished":"2021-05-25T17:56:10+00:00","dateModified":"2021-05-25T17:56:12+00:00","breadcrumb":{"@id":"https:\/\/fuentesfidedignas.com.mx\/index.php\/2021\/05\/25\/uif-tras-cuentas-de-carlos-salinas-de-gortari-calderon-y-pena-nieto\/#breadcrumb"},"inLanguage":"es","potentialAction":[{"@type":"ReadAction","target":["https:\/\/fuentesfidedignas.com.mx\/index.php\/2021\/05\/25\/uif-tras-cuentas-de-carlos-salinas-de-gortari-calderon-y-pena-nieto\/"]}]},{"@type":"ImageObject","inLanguage":"es","@id":"https:\/\/fuentesfidedignas.com.mx\/index.php\/2021\/05\/25\/uif-tras-cuentas-de-carlos-salinas-de-gortari-calderon-y-pena-nieto\/#primaryimage","url":"https:\/\/fuentesfidedignas.com.mx\/wp-content\/uploads\/2021\/05\/salinas_calderon_pena.jpg","contentUrl":"https:\/\/fuentesfidedignas.com.mx\/wp-content\/uploads\/2021\/05\/salinas_calderon_pena.jpg","width":980,"height":604},{"@type":"BreadcrumbList","@id":"https:\/\/fuentesfidedignas.com.mx\/index.php\/2021\/05\/25\/uif-tras-cuentas-de-carlos-salinas-de-gortari-calderon-y-pena-nieto\/#breadcrumb","itemListElement":[{"@type":"ListItem","position":1,"name":"Inicio","item":"https:\/\/fuentesfidedignas.com.mx\/"},{"@type":"ListItem","position":2,"name":"UIF tras cuentas de Carlos Salinas de Gortari, Calder\u00f3n y Pe\u00f1a Nieto"}]},{"@type":"WebSite","@id":"https:\/\/fuentesfidedignas.com.mx\/#website","url":"https:\/\/fuentesfidedignas.com.mx\/","name":"Fuentes Fidedignas","description":"Otro sitio realizado con WordPress","publisher":{"@id":"https:\/\/fuentesfidedignas.com.mx\/#organization"},"potentialAction":[{"@type":"SearchAction","target":{"@type":"EntryPoint","urlTemplate":"https:\/\/fuentesfidedignas.com.mx\/?s={search_term_string}"},"query-input":{"@type":"PropertyValueSpecification","valueRequired":true,"valueName":"search_term_string"}}],"inLanguage":"es"},{"@type":"Organization","@id":"https:\/\/fuentesfidedignas.com.mx\/#organization","name":"Fuentes Fidedignas","url":"https:\/\/fuentesfidedignas.com.mx\/","logo":{"@type":"ImageObject","inLanguage":"es","@id":"https:\/\/fuentesfidedignas.com.mx\/#\/schema\/logo\/image\/","url":"https:\/\/fuentesfidedignas.com.mx\/wp-content\/uploads\/2021\/04\/logo-retina.png","contentUrl":"https:\/\/fuentesfidedignas.com.mx\/wp-content\/uploads\/2021\/04\/logo-retina.png","width":280,"height":51,"caption":"Fuentes Fidedignas"},"image":{"@id":"https:\/\/fuentesfidedignas.com.mx\/#\/schema\/logo\/image\/"},"sameAs":["https:\/\/www.facebook.com\/Fuentes-Fidedignas-368234489921644","https:\/\/x.com\/fidedignas"]},{"@type":"Person","@id":"https:\/\/fuentesfidedignas.com.mx\/#\/schema\/person\/fee3882e65fd0510d292c43a346d35d7","name":"El Universal","image":{"@type":"ImageObject","inLanguage":"es","@id":"https:\/\/secure.gravatar.com\/avatar\/1ebc94d82b6c3c081781f73e5b76a0d0c1ac7bf8e57426f18802246eeaa2747c?s=96&d=mm&r=g","url":"https:\/\/secure.gravatar.com\/avatar\/1ebc94d82b6c3c081781f73e5b76a0d0c1ac7bf8e57426f18802246eeaa2747c?s=96&d=mm&r=g","contentUrl":"https:\/\/secure.gravatar.com\/avatar\/1ebc94d82b6c3c081781f73e5b76a0d0c1ac7bf8e57426f18802246eeaa2747c?s=96&d=mm&r=g","caption":"El Universal"},"url":"https:\/\/fuentesfidedignas.com.mx\/index.php\/author\/el-universal\/"}]}},"_links":{"self":[{"href":"https:\/\/fuentesfidedignas.com.mx\/index.php\/wp-json\/wp\/v2\/posts\/3039","targetHints":{"allow":["GET"]}}],"collection":[{"href":"https:\/\/fuentesfidedignas.com.mx\/index.php\/wp-json\/wp\/v2\/posts"}],"about":[{"href":"https:\/\/fuentesfidedignas.com.mx\/index.php\/wp-json\/wp\/v2\/types\/post"}],"author":[{"embeddable":true,"href":"https:\/\/fuentesfidedignas.com.mx\/index.php\/wp-json\/wp\/v2\/users\/39"}],"replies":[{"embeddable":true,"href":"https:\/\/fuentesfidedignas.com.mx\/index.php\/wp-json\/wp\/v2\/comments?post=3039"}],"version-history":[{"count":1,"href":"https:\/\/fuentesfidedignas.com.mx\/index.php\/wp-json\/wp\/v2\/posts\/3039\/revisions"}],"predecessor-version":[{"id":3041,"href":"https:\/\/fuentesfidedignas.com.mx\/index.php\/wp-json\/wp\/v2\/posts\/3039\/revisions\/3041"}],"wp:featuredmedia":[{"embeddable":true,"href":"https:\/\/fuentesfidedignas.com.mx\/index.php\/wp-json\/wp\/v2\/media\/3040"}],"wp:attachment":[{"href":"https:\/\/fuentesfidedignas.com.mx\/index.php\/wp-json\/wp\/v2\/media?parent=3039"}],"wp:term":[{"taxonomy":"category","embeddable":true,"href":"https:\/\/fuentesfidedignas.com.mx\/index.php\/wp-json\/wp\/v2\/categories?post=3039"},{"taxonomy":"post_tag","embeddable":true,"href":"https:\/\/fuentesfidedignas.com.mx\/index.php\/wp-json\/wp\/v2\/tags?post=3039"}],"curies":[{"name":"wp","href":"https:\/\/api.w.org\/{rel}","templated":true}]}}