{"id":30354,"date":"2022-05-06T07:39:06","date_gmt":"2022-05-06T13:39:06","guid":{"rendered":"https:\/\/fuentesfidedignas.com.mx\/?p=30354"},"modified":"2022-05-06T16:02:54","modified_gmt":"2022-05-06T22:02:54","slug":"trasciende-en-medios-internacionales-el-asesinato-de-luis-enrique-ramirez","status":"publish","type":"post","link":"https:\/\/fuentesfidedignas.com.mx\/index.php\/2022\/05\/06\/trasciende-en-medios-internacionales-el-asesinato-de-luis-enrique-ramirez\/","title":{"rendered":"Trasciende en medios internacionales el asesinato de Luis Enrique Ram\u00edrez"},"content":{"rendered":"\n<p><strong><em>Comunicadores de Alemania y Estados Unidos comentaron en redes sociales sobre el asesinato del periodista sinaloense, as\u00ed como la alarmante situaci\u00f3n que viven los comunicadores por ejercer su trabajo en M\u00e9xico<\/em><\/strong><\/p>\n\n\n\n<p>Culiac\u00e1n, Sin.- El homicidio de Luis Enrique Ram\u00edrez, director fundador de Fuentes Fidedignas, impact\u00f3 a nivel nacional, incluso internacionalmente, pues la noticia de su muerte trascendi\u00f3 en medio como Reuters, El Pa\u00eds, BBC, CNN, The Guardian, El Comercio y diversos medios franceses. <\/p>\n\n\n\n<figure class=\"wp-block-gallery has-nested-images columns-default is-cropped wp-block-gallery-1 is-layout-flex wp-block-gallery-is-layout-flex\">\n<figure class=\"wp-block-image size-large\"><img decoding=\"async\" width=\"588\" height=\"1024\" data-id=\"30369\" src=\"https:\/\/fuentesfidedignas.com.mx\/wp-content\/uploads\/2022\/05\/Screenshot_20220505_222241-1-588x1024.jpg\" alt=\"\" class=\"wp-image-30369\" srcset=\"https:\/\/fuentesfidedignas.com.mx\/wp-content\/uploads\/2022\/05\/Screenshot_20220505_222241-1-588x1024.jpg 588w, https:\/\/fuentesfidedignas.com.mx\/wp-content\/uploads\/2022\/05\/Screenshot_20220505_222241-1-172x300.jpg 172w, https:\/\/fuentesfidedignas.com.mx\/wp-content\/uploads\/2022\/05\/Screenshot_20220505_222241-1-768x1337.jpg 768w, https:\/\/fuentesfidedignas.com.mx\/wp-content\/uploads\/2022\/05\/Screenshot_20220505_222241-1-882x1536.jpg 882w, https:\/\/fuentesfidedignas.com.mx\/wp-content\/uploads\/2022\/05\/Screenshot_20220505_222241-1.jpg 1073w\" sizes=\"(max-width: 588px) 100vw, 588px\" \/><\/figure>\n\n\n\n<figure class=\"wp-block-image size-large\"><img decoding=\"async\" width=\"596\" height=\"1024\" data-id=\"30368\" src=\"https:\/\/fuentesfidedignas.com.mx\/wp-content\/uploads\/2022\/05\/Screenshot_20220505_222320-2-596x1024.jpg\" alt=\"\" class=\"wp-image-30368\" srcset=\"https:\/\/fuentesfidedignas.com.mx\/wp-content\/uploads\/2022\/05\/Screenshot_20220505_222320-2-596x1024.jpg 596w, https:\/\/fuentesfidedignas.com.mx\/wp-content\/uploads\/2022\/05\/Screenshot_20220505_222320-2-175x300.jpg 175w, https:\/\/fuentesfidedignas.com.mx\/wp-content\/uploads\/2022\/05\/Screenshot_20220505_222320-2-768x1319.jpg 768w, https:\/\/fuentesfidedignas.com.mx\/wp-content\/uploads\/2022\/05\/Screenshot_20220505_222320-2-894x1536.jpg 894w, https:\/\/fuentesfidedignas.com.mx\/wp-content\/uploads\/2022\/05\/Screenshot_20220505_222320-2.jpg 1080w\" sizes=\"(max-width: 596px) 100vw, 596px\" \/><\/figure>\n\n\n\n<figure class=\"wp-block-image size-large\"><img decoding=\"async\" width=\"1024\" height=\"579\" data-id=\"30371\" src=\"https:\/\/fuentesfidedignas.com.mx\/wp-content\/uploads\/2022\/05\/Screenshot_20220505_222655-1024x579.jpg\" alt=\"\" class=\"wp-image-30371\" srcset=\"https:\/\/fuentesfidedignas.com.mx\/wp-content\/uploads\/2022\/05\/Screenshot_20220505_222655-1024x579.jpg 1024w, https:\/\/fuentesfidedignas.com.mx\/wp-content\/uploads\/2022\/05\/Screenshot_20220505_222655-300x170.jpg 300w, https:\/\/fuentesfidedignas.com.mx\/wp-content\/uploads\/2022\/05\/Screenshot_20220505_222655-768x434.jpg 768w, https:\/\/fuentesfidedignas.com.mx\/wp-content\/uploads\/2022\/05\/Screenshot_20220505_222655.jpg 1079w\" sizes=\"(max-width: 1024px) 100vw, 1024px\" \/><\/figure>\n<\/figure>\n\n\n\n<figure class=\"wp-block-image size-large\"><img decoding=\"async\" width=\"473\" height=\"1024\" src=\"https:\/\/fuentesfidedignas.com.mx\/wp-content\/uploads\/2022\/05\/Screenshot_20220506_155802_com.android.chrome-473x1024.jpg\" alt=\"\" class=\"wp-image-30451\" srcset=\"https:\/\/fuentesfidedignas.com.mx\/wp-content\/uploads\/2022\/05\/Screenshot_20220506_155802_com.android.chrome-473x1024.jpg 473w, https:\/\/fuentesfidedignas.com.mx\/wp-content\/uploads\/2022\/05\/Screenshot_20220506_155802_com.android.chrome-138x300.jpg 138w, https:\/\/fuentesfidedignas.com.mx\/wp-content\/uploads\/2022\/05\/Screenshot_20220506_155802_com.android.chrome-768x1664.jpg 768w, https:\/\/fuentesfidedignas.com.mx\/wp-content\/uploads\/2022\/05\/Screenshot_20220506_155802_com.android.chrome-709x1536.jpg 709w, https:\/\/fuentesfidedignas.com.mx\/wp-content\/uploads\/2022\/05\/Screenshot_20220506_155802_com.android.chrome-945x2048.jpg 945w, https:\/\/fuentesfidedignas.com.mx\/wp-content\/uploads\/2022\/05\/Screenshot_20220506_155802_com.android.chrome.jpg 1080w\" sizes=\"(max-width: 473px) 100vw, 473px\" \/><\/figure>\n\n\n\n<p>Comunicadores de Alemania y Estados Unidos comentaron en redes sociales sobre el asesinato del periodista sinaloense, as\u00ed como la alarmante situaci\u00f3n que viven los comunicadores por ejercer su trabajo en M\u00e9xico.<\/p>\n\n\n\n<figure class=\"wp-block-embed is-type-rich is-provider-twitter wp-block-embed-twitter\"><div class=\"wp-block-embed__wrapper\">\n<blockquote class=\"twitter-tweet\" data-width=\"550\" data-dnt=\"true\"><p lang=\"de\" dir=\"ltr\">Gestern wurde Luis Enrique Ram\u00edrez im Bundesstaat Sinaloa ermordet, bereits der neunte Journalist in <a href=\"https:\/\/twitter.com\/hashtag\/Mexiko?src=hash&amp;ref_src=twsrc%5Etfw\">#Mexiko<\/a> in diesem Jahr. Er war u.a. Gr\u00fcnder des Nachrichtenportals <a href=\"https:\/\/twitter.com\/Fidedignas?ref_src=twsrc%5Etfw\">@Fidedignas<\/a>. <a href=\"https:\/\/t.co\/Z9qEdN0czJ\">https:\/\/t.co\/Z9qEdN0czJ<\/a><\/p>&mdash; Michael Kr\u00e4mer (@Kraemer10961) <a href=\"https:\/\/twitter.com\/Kraemer10961\/status\/1522484186958995457?ref_src=twsrc%5Etfw\">May 6, 2022<\/a><\/blockquote><script async src=\"https:\/\/platform.twitter.com\/widgets.js\" charset=\"utf-8\"><\/script>\n<\/div><\/figure>\n\n\n\n<p>Luis Enrique Ram\u00edrez es el noveno periodista asesinado en el pa\u00eds en lo que va del 2022, por lo que el gobernador de Sinaloa, Rub\u00e9n Rocha Moya, lament\u00f3 y habl\u00f3 sobre el hecho: \u201cA los periodistas en general, de Sinaloa y de M\u00e9xico, les expreso mi condolencia y solidaridad, pero adem\u00e1s mi compromiso de esclarecer el crimen\u201d.<\/p>\n\n\n\n<figure class=\"wp-block-video\"><video height=\"320\" style=\"aspect-ratio: 480 \/ 320;\" width=\"480\" controls src=\"https:\/\/fuentesfidedignas.com.mx\/wp-content\/uploads\/2022\/05\/VID-20220506-WA0003.mp4\"><\/video><\/figure>\n","protected":false},"excerpt":{"rendered":"<p>Comunicadores de Alemania y Estados Unidos comentaron en redes sociales sobre el asesinato del periodista sinaloense, as\u00ed como la alarmante situaci\u00f3n que viven los comunicadores por ejercer su trabajo en M\u00e9xico Culiac\u00e1n, Sin.- El homicidio de Luis Enrique Ram\u00edrez, director fundador de Fuentes Fidedignas, impact\u00f3 a nivel nacional, incluso internacionalmente, pues la noticia de su [&hellip;]<\/p>\n","protected":false},"author":11,"featured_media":30360,"comment_status":"open","ping_status":"open","sticky":false,"template":"","format":"standard","meta":{"tdm_status":"","tdm_grid_status":"","footnotes":""},"categories":[39,1],"tags":[],"class_list":{"0":"post-30354","1":"post","2":"type-post","3":"status-publish","4":"format-standard","5":"has-post-thumbnail","7":"category-noticias-nacionales","8":"category-sin-categoria"},"yoast_head":"<!-- This site is optimized with the Yoast SEO plugin v27.5 - https:\/\/yoast.com\/product\/yoast-seo-wordpress\/ -->\n<title>Trasciende en medios internacionales el asesinato de Luis Enrique Ram\u00edrez - Fuentes Fidedignas<\/title>\n<meta name=\"robots\" content=\"index, follow, max-snippet:-1, max-image-preview:large, max-video-preview:-1\" \/>\n<link rel=\"canonical\" href=\"https:\/\/fuentesfidedignas.com.mx\/index.php\/2022\/05\/06\/trasciende-en-medios-internacionales-el-asesinato-de-luis-enrique-ramirez\/\" \/>\n<meta property=\"og:locale\" content=\"es_MX\" \/>\n<meta property=\"og:type\" content=\"article\" \/>\n<meta property=\"og:title\" content=\"Trasciende en medios internacionales el asesinato de Luis Enrique Ram\u00edrez - Fuentes Fidedignas\" \/>\n<meta property=\"og:description\" content=\"Comunicadores de Alemania y Estados Unidos comentaron en redes sociales sobre el asesinato del periodista sinaloense, as\u00ed como la alarmante situaci\u00f3n que viven los comunicadores por ejercer su trabajo en M\u00e9xico Culiac\u00e1n, Sin.- El homicidio de Luis Enrique Ram\u00edrez, director fundador de Fuentes Fidedignas, impact\u00f3 a nivel nacional, incluso internacionalmente, pues la noticia de su [&hellip;]\" \/>\n<meta property=\"og:url\" content=\"https:\/\/fuentesfidedignas.com.mx\/index.php\/2022\/05\/06\/trasciende-en-medios-internacionales-el-asesinato-de-luis-enrique-ramirez\/\" \/>\n<meta property=\"og:site_name\" content=\"Fuentes Fidedignas\" \/>\n<meta property=\"article:publisher\" content=\"https:\/\/www.facebook.com\/Fuentes-Fidedignas-368234489921644\" \/>\n<meta property=\"article:published_time\" content=\"2022-05-06T13:39:06+00:00\" \/>\n<meta property=\"article:modified_time\" content=\"2022-05-06T22:02:54+00:00\" \/>\n<meta property=\"og:image\" content=\"https:\/\/fuentesfidedignas.com.mx\/wp-content\/uploads\/2022\/05\/Screenshot_20220505_222738.jpg\" \/>\n\t<meta property=\"og:image:width\" content=\"1080\" \/>\n\t<meta property=\"og:image:height\" content=\"680\" \/>\n\t<meta property=\"og:image:type\" content=\"image\/jpeg\" \/>\n<meta name=\"author\" content=\"Marissa Palafox\" \/>\n<meta name=\"twitter:card\" content=\"summary_large_image\" \/>\n<meta name=\"twitter:creator\" content=\"@fidedignas\" \/>\n<meta name=\"twitter:site\" content=\"@fidedignas\" \/>\n<meta name=\"twitter:label1\" content=\"Escrito por\" \/>\n\t<meta name=\"twitter:data1\" content=\"Marissa Palafox\" \/>\n\t<meta name=\"twitter:label2\" content=\"Tiempo de lectura\" \/>\n\t<meta name=\"twitter:data2\" content=\"2 minutos\" \/>\n<script type=\"application\/ld+json\" class=\"yoast-schema-graph\">{\"@context\":\"https:\\\/\\\/schema.org\",\"@graph\":[{\"@type\":\"Article\",\"@id\":\"https:\\\/\\\/fuentesfidedignas.com.mx\\\/index.php\\\/2022\\\/05\\\/06\\\/trasciende-en-medios-internacionales-el-asesinato-de-luis-enrique-ramirez\\\/#article\",\"isPartOf\":{\"@id\":\"https:\\\/\\\/fuentesfidedignas.com.mx\\\/index.php\\\/2022\\\/05\\\/06\\\/trasciende-en-medios-internacionales-el-asesinato-de-luis-enrique-ramirez\\\/\"},\"author\":{\"name\":\"Marissa Palafox\",\"@id\":\"https:\\\/\\\/fuentesfidedignas.com.mx\\\/#\\\/schema\\\/person\\\/2c10028b4a30078c05a056a215342ab9\"},\"headline\":\"Trasciende en medios internacionales el asesinato de Luis Enrique Ram\u00edrez\",\"datePublished\":\"2022-05-06T13:39:06+00:00\",\"dateModified\":\"2022-05-06T22:02:54+00:00\",\"mainEntityOfPage\":{\"@id\":\"https:\\\/\\\/fuentesfidedignas.com.mx\\\/index.php\\\/2022\\\/05\\\/06\\\/trasciende-en-medios-internacionales-el-asesinato-de-luis-enrique-ramirez\\\/\"},\"wordCount\":192,\"commentCount\":0,\"publisher\":{\"@id\":\"https:\\\/\\\/fuentesfidedignas.com.mx\\\/#organization\"},\"image\":{\"@id\":\"https:\\\/\\\/fuentesfidedignas.com.mx\\\/index.php\\\/2022\\\/05\\\/06\\\/trasciende-en-medios-internacionales-el-asesinato-de-luis-enrique-ramirez\\\/#primaryimage\"},\"thumbnailUrl\":\"https:\\\/\\\/fuentesfidedignas.com.mx\\\/wp-content\\\/uploads\\\/2022\\\/05\\\/Screenshot_20220505_222738.jpg\",\"articleSection\":[\"NOTICIAS NACIONALES\"],\"inLanguage\":\"es\",\"potentialAction\":[{\"@type\":\"CommentAction\",\"name\":\"Comment\",\"target\":[\"https:\\\/\\\/fuentesfidedignas.com.mx\\\/index.php\\\/2022\\\/05\\\/06\\\/trasciende-en-medios-internacionales-el-asesinato-de-luis-enrique-ramirez\\\/#respond\"]}]},{\"@type\":\"WebPage\",\"@id\":\"https:\\\/\\\/fuentesfidedignas.com.mx\\\/index.php\\\/2022\\\/05\\\/06\\\/trasciende-en-medios-internacionales-el-asesinato-de-luis-enrique-ramirez\\\/\",\"url\":\"https:\\\/\\\/fuentesfidedignas.com.mx\\\/index.php\\\/2022\\\/05\\\/06\\\/trasciende-en-medios-internacionales-el-asesinato-de-luis-enrique-ramirez\\\/\",\"name\":\"Trasciende en medios internacionales el asesinato de Luis Enrique Ram\u00edrez - Fuentes Fidedignas\",\"isPartOf\":{\"@id\":\"https:\\\/\\\/fuentesfidedignas.com.mx\\\/#website\"},\"primaryImageOfPage\":{\"@id\":\"https:\\\/\\\/fuentesfidedignas.com.mx\\\/index.php\\\/2022\\\/05\\\/06\\\/trasciende-en-medios-internacionales-el-asesinato-de-luis-enrique-ramirez\\\/#primaryimage\"},\"image\":{\"@id\":\"https:\\\/\\\/fuentesfidedignas.com.mx\\\/index.php\\\/2022\\\/05\\\/06\\\/trasciende-en-medios-internacionales-el-asesinato-de-luis-enrique-ramirez\\\/#primaryimage\"},\"thumbnailUrl\":\"https:\\\/\\\/fuentesfidedignas.com.mx\\\/wp-content\\\/uploads\\\/2022\\\/05\\\/Screenshot_20220505_222738.jpg\",\"datePublished\":\"2022-05-06T13:39:06+00:00\",\"dateModified\":\"2022-05-06T22:02:54+00:00\",\"breadcrumb\":{\"@id\":\"https:\\\/\\\/fuentesfidedignas.com.mx\\\/index.php\\\/2022\\\/05\\\/06\\\/trasciende-en-medios-internacionales-el-asesinato-de-luis-enrique-ramirez\\\/#breadcrumb\"},\"inLanguage\":\"es\",\"potentialAction\":[{\"@type\":\"ReadAction\",\"target\":[\"https:\\\/\\\/fuentesfidedignas.com.mx\\\/index.php\\\/2022\\\/05\\\/06\\\/trasciende-en-medios-internacionales-el-asesinato-de-luis-enrique-ramirez\\\/\"]}]},{\"@type\":\"ImageObject\",\"inLanguage\":\"es\",\"@id\":\"https:\\\/\\\/fuentesfidedignas.com.mx\\\/index.php\\\/2022\\\/05\\\/06\\\/trasciende-en-medios-internacionales-el-asesinato-de-luis-enrique-ramirez\\\/#primaryimage\",\"url\":\"https:\\\/\\\/fuentesfidedignas.com.mx\\\/wp-content\\\/uploads\\\/2022\\\/05\\\/Screenshot_20220505_222738.jpg\",\"contentUrl\":\"https:\\\/\\\/fuentesfidedignas.com.mx\\\/wp-content\\\/uploads\\\/2022\\\/05\\\/Screenshot_20220505_222738.jpg\",\"width\":1080,\"height\":680},{\"@type\":\"BreadcrumbList\",\"@id\":\"https:\\\/\\\/fuentesfidedignas.com.mx\\\/index.php\\\/2022\\\/05\\\/06\\\/trasciende-en-medios-internacionales-el-asesinato-de-luis-enrique-ramirez\\\/#breadcrumb\",\"itemListElement\":[{\"@type\":\"ListItem\",\"position\":1,\"name\":\"Inicio\",\"item\":\"https:\\\/\\\/fuentesfidedignas.com.mx\\\/\"},{\"@type\":\"ListItem\",\"position\":2,\"name\":\"Trasciende en medios internacionales el asesinato de Luis Enrique Ram\u00edrez\"}]},{\"@type\":\"WebSite\",\"@id\":\"https:\\\/\\\/fuentesfidedignas.com.mx\\\/#website\",\"url\":\"https:\\\/\\\/fuentesfidedignas.com.mx\\\/\",\"name\":\"Fuentes Fidedignas\",\"description\":\"Otro sitio realizado con WordPress\",\"publisher\":{\"@id\":\"https:\\\/\\\/fuentesfidedignas.com.mx\\\/#organization\"},\"potentialAction\":[{\"@type\":\"SearchAction\",\"target\":{\"@type\":\"EntryPoint\",\"urlTemplate\":\"https:\\\/\\\/fuentesfidedignas.com.mx\\\/?s={search_term_string}\"},\"query-input\":{\"@type\":\"PropertyValueSpecification\",\"valueRequired\":true,\"valueName\":\"search_term_string\"}}],\"inLanguage\":\"es\"},{\"@type\":\"Organization\",\"@id\":\"https:\\\/\\\/fuentesfidedignas.com.mx\\\/#organization\",\"name\":\"Fuentes Fidedignas\",\"url\":\"https:\\\/\\\/fuentesfidedignas.com.mx\\\/\",\"logo\":{\"@type\":\"ImageObject\",\"inLanguage\":\"es\",\"@id\":\"https:\\\/\\\/fuentesfidedignas.com.mx\\\/#\\\/schema\\\/logo\\\/image\\\/\",\"url\":\"https:\\\/\\\/fuentesfidedignas.com.mx\\\/wp-content\\\/uploads\\\/2021\\\/04\\\/logo-retina.png\",\"contentUrl\":\"https:\\\/\\\/fuentesfidedignas.com.mx\\\/wp-content\\\/uploads\\\/2021\\\/04\\\/logo-retina.png\",\"width\":280,\"height\":51,\"caption\":\"Fuentes Fidedignas\"},\"image\":{\"@id\":\"https:\\\/\\\/fuentesfidedignas.com.mx\\\/#\\\/schema\\\/logo\\\/image\\\/\"},\"sameAs\":[\"https:\\\/\\\/www.facebook.com\\\/Fuentes-Fidedignas-368234489921644\",\"https:\\\/\\\/x.com\\\/fidedignas\"]},{\"@type\":\"Person\",\"@id\":\"https:\\\/\\\/fuentesfidedignas.com.mx\\\/#\\\/schema\\\/person\\\/2c10028b4a30078c05a056a215342ab9\",\"name\":\"Marissa Palafox\",\"image\":{\"@type\":\"ImageObject\",\"inLanguage\":\"es\",\"@id\":\"https:\\\/\\\/secure.gravatar.com\\\/avatar\\\/20a43bdb2f2db10f20b22d4e98b96eb027faf98f7f76d29854dc5fab46d1cf71?s=96&d=mm&r=g\",\"url\":\"https:\\\/\\\/secure.gravatar.com\\\/avatar\\\/20a43bdb2f2db10f20b22d4e98b96eb027faf98f7f76d29854dc5fab46d1cf71?s=96&d=mm&r=g\",\"contentUrl\":\"https:\\\/\\\/secure.gravatar.com\\\/avatar\\\/20a43bdb2f2db10f20b22d4e98b96eb027faf98f7f76d29854dc5fab46d1cf71?s=96&d=mm&r=g\",\"caption\":\"Marissa Palafox\"},\"url\":\"https:\\\/\\\/fuentesfidedignas.com.mx\\\/index.php\\\/author\\\/marissa\\\/\"}]}<\/script>\n<!-- \/ Yoast SEO plugin. -->","yoast_head_json":{"title":"Trasciende en medios internacionales el asesinato de Luis Enrique Ram\u00edrez - Fuentes Fidedignas","robots":{"index":"index","follow":"follow","max-snippet":"max-snippet:-1","max-image-preview":"max-image-preview:large","max-video-preview":"max-video-preview:-1"},"canonical":"https:\/\/fuentesfidedignas.com.mx\/index.php\/2022\/05\/06\/trasciende-en-medios-internacionales-el-asesinato-de-luis-enrique-ramirez\/","og_locale":"es_MX","og_type":"article","og_title":"Trasciende en medios internacionales el asesinato de Luis Enrique Ram\u00edrez - Fuentes Fidedignas","og_description":"Comunicadores de Alemania y Estados Unidos comentaron en redes sociales sobre el asesinato del periodista sinaloense, as\u00ed como la alarmante situaci\u00f3n que viven los comunicadores por ejercer su trabajo en M\u00e9xico Culiac\u00e1n, Sin.- El homicidio de Luis Enrique Ram\u00edrez, director fundador de Fuentes Fidedignas, impact\u00f3 a nivel nacional, incluso internacionalmente, pues la noticia de su [&hellip;]","og_url":"https:\/\/fuentesfidedignas.com.mx\/index.php\/2022\/05\/06\/trasciende-en-medios-internacionales-el-asesinato-de-luis-enrique-ramirez\/","og_site_name":"Fuentes Fidedignas","article_publisher":"https:\/\/www.facebook.com\/Fuentes-Fidedignas-368234489921644","article_published_time":"2022-05-06T13:39:06+00:00","article_modified_time":"2022-05-06T22:02:54+00:00","og_image":[{"width":1080,"height":680,"url":"https:\/\/fuentesfidedignas.com.mx\/wp-content\/uploads\/2022\/05\/Screenshot_20220505_222738.jpg","type":"image\/jpeg"}],"author":"Marissa Palafox","twitter_card":"summary_large_image","twitter_creator":"@fidedignas","twitter_site":"@fidedignas","twitter_misc":{"Escrito por":"Marissa Palafox","Tiempo de lectura":"2 minutos"},"schema":{"@context":"https:\/\/schema.org","@graph":[{"@type":"Article","@id":"https:\/\/fuentesfidedignas.com.mx\/index.php\/2022\/05\/06\/trasciende-en-medios-internacionales-el-asesinato-de-luis-enrique-ramirez\/#article","isPartOf":{"@id":"https:\/\/fuentesfidedignas.com.mx\/index.php\/2022\/05\/06\/trasciende-en-medios-internacionales-el-asesinato-de-luis-enrique-ramirez\/"},"author":{"name":"Marissa Palafox","@id":"https:\/\/fuentesfidedignas.com.mx\/#\/schema\/person\/2c10028b4a30078c05a056a215342ab9"},"headline":"Trasciende en medios internacionales el asesinato de Luis Enrique Ram\u00edrez","datePublished":"2022-05-06T13:39:06+00:00","dateModified":"2022-05-06T22:02:54+00:00","mainEntityOfPage":{"@id":"https:\/\/fuentesfidedignas.com.mx\/index.php\/2022\/05\/06\/trasciende-en-medios-internacionales-el-asesinato-de-luis-enrique-ramirez\/"},"wordCount":192,"commentCount":0,"publisher":{"@id":"https:\/\/fuentesfidedignas.com.mx\/#organization"},"image":{"@id":"https:\/\/fuentesfidedignas.com.mx\/index.php\/2022\/05\/06\/trasciende-en-medios-internacionales-el-asesinato-de-luis-enrique-ramirez\/#primaryimage"},"thumbnailUrl":"https:\/\/fuentesfidedignas.com.mx\/wp-content\/uploads\/2022\/05\/Screenshot_20220505_222738.jpg","articleSection":["NOTICIAS NACIONALES"],"inLanguage":"es","potentialAction":[{"@type":"CommentAction","name":"Comment","target":["https:\/\/fuentesfidedignas.com.mx\/index.php\/2022\/05\/06\/trasciende-en-medios-internacionales-el-asesinato-de-luis-enrique-ramirez\/#respond"]}]},{"@type":"WebPage","@id":"https:\/\/fuentesfidedignas.com.mx\/index.php\/2022\/05\/06\/trasciende-en-medios-internacionales-el-asesinato-de-luis-enrique-ramirez\/","url":"https:\/\/fuentesfidedignas.com.mx\/index.php\/2022\/05\/06\/trasciende-en-medios-internacionales-el-asesinato-de-luis-enrique-ramirez\/","name":"Trasciende en medios internacionales el asesinato de Luis Enrique Ram\u00edrez - Fuentes Fidedignas","isPartOf":{"@id":"https:\/\/fuentesfidedignas.com.mx\/#website"},"primaryImageOfPage":{"@id":"https:\/\/fuentesfidedignas.com.mx\/index.php\/2022\/05\/06\/trasciende-en-medios-internacionales-el-asesinato-de-luis-enrique-ramirez\/#primaryimage"},"image":{"@id":"https:\/\/fuentesfidedignas.com.mx\/index.php\/2022\/05\/06\/trasciende-en-medios-internacionales-el-asesinato-de-luis-enrique-ramirez\/#primaryimage"},"thumbnailUrl":"https:\/\/fuentesfidedignas.com.mx\/wp-content\/uploads\/2022\/05\/Screenshot_20220505_222738.jpg","datePublished":"2022-05-06T13:39:06+00:00","dateModified":"2022-05-06T22:02:54+00:00","breadcrumb":{"@id":"https:\/\/fuentesfidedignas.com.mx\/index.php\/2022\/05\/06\/trasciende-en-medios-internacionales-el-asesinato-de-luis-enrique-ramirez\/#breadcrumb"},"inLanguage":"es","potentialAction":[{"@type":"ReadAction","target":["https:\/\/fuentesfidedignas.com.mx\/index.php\/2022\/05\/06\/trasciende-en-medios-internacionales-el-asesinato-de-luis-enrique-ramirez\/"]}]},{"@type":"ImageObject","inLanguage":"es","@id":"https:\/\/fuentesfidedignas.com.mx\/index.php\/2022\/05\/06\/trasciende-en-medios-internacionales-el-asesinato-de-luis-enrique-ramirez\/#primaryimage","url":"https:\/\/fuentesfidedignas.com.mx\/wp-content\/uploads\/2022\/05\/Screenshot_20220505_222738.jpg","contentUrl":"https:\/\/fuentesfidedignas.com.mx\/wp-content\/uploads\/2022\/05\/Screenshot_20220505_222738.jpg","width":1080,"height":680},{"@type":"BreadcrumbList","@id":"https:\/\/fuentesfidedignas.com.mx\/index.php\/2022\/05\/06\/trasciende-en-medios-internacionales-el-asesinato-de-luis-enrique-ramirez\/#breadcrumb","itemListElement":[{"@type":"ListItem","position":1,"name":"Inicio","item":"https:\/\/fuentesfidedignas.com.mx\/"},{"@type":"ListItem","position":2,"name":"Trasciende en medios internacionales el asesinato de Luis Enrique Ram\u00edrez"}]},{"@type":"WebSite","@id":"https:\/\/fuentesfidedignas.com.mx\/#website","url":"https:\/\/fuentesfidedignas.com.mx\/","name":"Fuentes Fidedignas","description":"Otro sitio realizado con WordPress","publisher":{"@id":"https:\/\/fuentesfidedignas.com.mx\/#organization"},"potentialAction":[{"@type":"SearchAction","target":{"@type":"EntryPoint","urlTemplate":"https:\/\/fuentesfidedignas.com.mx\/?s={search_term_string}"},"query-input":{"@type":"PropertyValueSpecification","valueRequired":true,"valueName":"search_term_string"}}],"inLanguage":"es"},{"@type":"Organization","@id":"https:\/\/fuentesfidedignas.com.mx\/#organization","name":"Fuentes Fidedignas","url":"https:\/\/fuentesfidedignas.com.mx\/","logo":{"@type":"ImageObject","inLanguage":"es","@id":"https:\/\/fuentesfidedignas.com.mx\/#\/schema\/logo\/image\/","url":"https:\/\/fuentesfidedignas.com.mx\/wp-content\/uploads\/2021\/04\/logo-retina.png","contentUrl":"https:\/\/fuentesfidedignas.com.mx\/wp-content\/uploads\/2021\/04\/logo-retina.png","width":280,"height":51,"caption":"Fuentes Fidedignas"},"image":{"@id":"https:\/\/fuentesfidedignas.com.mx\/#\/schema\/logo\/image\/"},"sameAs":["https:\/\/www.facebook.com\/Fuentes-Fidedignas-368234489921644","https:\/\/x.com\/fidedignas"]},{"@type":"Person","@id":"https:\/\/fuentesfidedignas.com.mx\/#\/schema\/person\/2c10028b4a30078c05a056a215342ab9","name":"Marissa Palafox","image":{"@type":"ImageObject","inLanguage":"es","@id":"https:\/\/secure.gravatar.com\/avatar\/20a43bdb2f2db10f20b22d4e98b96eb027faf98f7f76d29854dc5fab46d1cf71?s=96&d=mm&r=g","url":"https:\/\/secure.gravatar.com\/avatar\/20a43bdb2f2db10f20b22d4e98b96eb027faf98f7f76d29854dc5fab46d1cf71?s=96&d=mm&r=g","contentUrl":"https:\/\/secure.gravatar.com\/avatar\/20a43bdb2f2db10f20b22d4e98b96eb027faf98f7f76d29854dc5fab46d1cf71?s=96&d=mm&r=g","caption":"Marissa Palafox"},"url":"https:\/\/fuentesfidedignas.com.mx\/index.php\/author\/marissa\/"}]}},"_links":{"self":[{"href":"https:\/\/fuentesfidedignas.com.mx\/index.php\/wp-json\/wp\/v2\/posts\/30354","targetHints":{"allow":["GET"]}}],"collection":[{"href":"https:\/\/fuentesfidedignas.com.mx\/index.php\/wp-json\/wp\/v2\/posts"}],"about":[{"href":"https:\/\/fuentesfidedignas.com.mx\/index.php\/wp-json\/wp\/v2\/types\/post"}],"author":[{"embeddable":true,"href":"https:\/\/fuentesfidedignas.com.mx\/index.php\/wp-json\/wp\/v2\/users\/11"}],"replies":[{"embeddable":true,"href":"https:\/\/fuentesfidedignas.com.mx\/index.php\/wp-json\/wp\/v2\/comments?post=30354"}],"version-history":[{"count":6,"href":"https:\/\/fuentesfidedignas.com.mx\/index.php\/wp-json\/wp\/v2\/posts\/30354\/revisions"}],"predecessor-version":[{"id":30452,"href":"https:\/\/fuentesfidedignas.com.mx\/index.php\/wp-json\/wp\/v2\/posts\/30354\/revisions\/30452"}],"wp:featuredmedia":[{"embeddable":true,"href":"https:\/\/fuentesfidedignas.com.mx\/index.php\/wp-json\/wp\/v2\/media\/30360"}],"wp:attachment":[{"href":"https:\/\/fuentesfidedignas.com.mx\/index.php\/wp-json\/wp\/v2\/media?parent=30354"}],"wp:term":[{"taxonomy":"category","embeddable":true,"href":"https:\/\/fuentesfidedignas.com.mx\/index.php\/wp-json\/wp\/v2\/categories?post=30354"},{"taxonomy":"post_tag","embeddable":true,"href":"https:\/\/fuentesfidedignas.com.mx\/index.php\/wp-json\/wp\/v2\/tags?post=30354"}],"curies":[{"name":"wp","href":"https:\/\/api.w.org\/{rel}","templated":true}]}}