{"id":30219,"date":"2022-05-04T17:22:41","date_gmt":"2022-05-04T23:22:41","guid":{"rendered":"https:\/\/fuentesfidedignas.com.mx\/?p=30219"},"modified":"2022-05-04T17:23:53","modified_gmt":"2022-05-04T23:23:53","slug":"crean-mesa-de-busqueda-de-personas-migrantes-desaparecidas","status":"publish","type":"post","link":"https:\/\/fuentesfidedignas.com.mx\/index.php\/2022\/05\/04\/crean-mesa-de-busqueda-de-personas-migrantes-desaparecidas\/","title":{"rendered":"Crean Mesa de B\u00fasqueda de Personas Migrantes Desaparecidas"},"content":{"rendered":"\n<p><\/p>\n\n\n\n<p>Ciudad de M\u00e9xico. La Secretar\u00eda de Gobernaci\u00f3n emiti\u00f3 este mi\u00e9rcoles un decret\u00f3 con el que crea la Mesa de B\u00fasqueda de Personas Migrantes Desaparecidas, instancia que tendr\u00e1 la tarea de coordinar, intercambiar y actualizar de manera constante la informaci\u00f3n, as\u00ed como dar seguimiento de dependencias federales, estatales, organizaciones civiles y colectivos, especializadas en asistir a migrantes en tr\u00e1nsito y buscar migrantes desaparecidos.<\/p>\n\n\n\n<p>La Mesa, que estar\u00e1 encabezada por la Comisi\u00f3n Nacional de B\u00fasqueda de Personas, estar\u00e1 conformada por familiares de migrantes desaparecidos, organizaciones civiles nacionales e internacionales, organismos y colectivos, as\u00ed como peritos y expertos nacionales e internacionales.<\/p>\n\n\n\n<p>Adem\u00e1s, \u201ccualquier instituci\u00f3n del Estado Mexicano podr\u00e1 ser convocada por la Mesa de B\u00fasqueda de Personas Migrantes Desaparecidas, sea para asistir de manera puntual a una de sus sesiones, o bien para integrarse de manera permanente\u201d.<\/p>\n\n\n\n<p>Tiene la meta de \u201cfacilitar la interacci\u00f3n continua, directa y el intercambio de informaci\u00f3n entre actores tanto nacionales, como extranjeros, en los \u00e1mbitos institucionales y civiles\u201d. Tambi\u00e9n tendr\u00e1 la tarea de impulsar acciones en la materia.<\/p>\n\n\n\n<p>En el documento publicado este d\u00eda en el Diario Oficial de la Federaci\u00f3n, se destaca que la colaboraci\u00f3n de dichos organismos e instancias es relevante para la b\u00fasqueda, localizaci\u00f3n e identificaci\u00f3n de migrantes desaparecidas \u201cen el corredor migratorio Centroam\u00e9rica-M\u00e9xico-Estados Unidos, u otros de los que M\u00e9xico forme parte\u201d.<\/p>\n\n\n\n<p>Como parte del decreto, se subraya que a partir de la entrada en vigor de la Ley General en Materia de Desaparici\u00f3n Forzada de Personas, Desaparici\u00f3n Cometida por Particulares y del Sistema Nacional de B\u00fasqueda de Personas en 2018, el Estado mexicano tiene la obligaci\u00f3n en materia de b\u00fasqueda de personas desaparecidas.<\/p>\n","protected":false},"excerpt":{"rendered":"<p>Ciudad de M\u00e9xico. La Secretar\u00eda de Gobernaci\u00f3n emiti\u00f3 este mi\u00e9rcoles un decret\u00f3 con el que crea la Mesa de B\u00fasqueda de Personas Migrantes Desaparecidas, instancia que tendr\u00e1 la tarea de coordinar, intercambiar y actualizar de manera constante la informaci\u00f3n, as\u00ed como dar seguimiento de dependencias federales, estatales, organizaciones civiles y colectivos, especializadas en asistir a [&hellip;]<\/p>\n","protected":false},"author":45,"featured_media":30222,"comment_status":"open","ping_status":"open","sticky":false,"template":"","format":"standard","meta":{"tdm_status":"","tdm_grid_status":"","footnotes":""},"categories":[39],"tags":[],"class_list":{"0":"post-30219","1":"post","2":"type-post","3":"status-publish","4":"format-standard","5":"has-post-thumbnail","7":"category-noticias-nacionales"},"yoast_head":"<!-- This site is optimized with the Yoast SEO plugin v27.4 - https:\/\/yoast.com\/product\/yoast-seo-wordpress\/ -->\n<title>Crean Mesa de B\u00fasqueda de Personas Migrantes Desaparecidas - Fuentes Fidedignas<\/title>\n<meta name=\"robots\" content=\"index, follow, max-snippet:-1, max-image-preview:large, max-video-preview:-1\" \/>\n<link rel=\"canonical\" href=\"https:\/\/fuentesfidedignas.com.mx\/index.php\/2022\/05\/04\/crean-mesa-de-busqueda-de-personas-migrantes-desaparecidas\/\" \/>\n<meta property=\"og:locale\" content=\"es_MX\" \/>\n<meta property=\"og:type\" content=\"article\" \/>\n<meta property=\"og:title\" content=\"Crean Mesa de B\u00fasqueda de Personas Migrantes Desaparecidas - Fuentes Fidedignas\" \/>\n<meta property=\"og:description\" content=\"Ciudad de M\u00e9xico. La Secretar\u00eda de Gobernaci\u00f3n emiti\u00f3 este mi\u00e9rcoles un decret\u00f3 con el que crea la Mesa de B\u00fasqueda de Personas Migrantes Desaparecidas, instancia que tendr\u00e1 la tarea de coordinar, intercambiar y actualizar de manera constante la informaci\u00f3n, as\u00ed como dar seguimiento de dependencias federales, estatales, organizaciones civiles y colectivos, especializadas en asistir a [&hellip;]\" \/>\n<meta property=\"og:url\" content=\"https:\/\/fuentesfidedignas.com.mx\/index.php\/2022\/05\/04\/crean-mesa-de-busqueda-de-personas-migrantes-desaparecidas\/\" \/>\n<meta property=\"og:site_name\" content=\"Fuentes Fidedignas\" \/>\n<meta property=\"article:publisher\" content=\"https:\/\/www.facebook.com\/Fuentes-Fidedignas-368234489921644\" \/>\n<meta property=\"article:published_time\" content=\"2022-05-04T23:22:41+00:00\" \/>\n<meta property=\"article:modified_time\" content=\"2022-05-04T23:23:53+00:00\" \/>\n<meta property=\"og:image\" content=\"https:\/\/fuentesfidedignas.com.mx\/wp-content\/uploads\/2022\/05\/image_editor_output_image1645357042-1651706622849.jpg\" \/>\n\t<meta property=\"og:image:width\" content=\"1077\" \/>\n\t<meta property=\"og:image:height\" content=\"807\" \/>\n\t<meta property=\"og:image:type\" content=\"image\/jpeg\" \/>\n<meta name=\"author\" content=\"La Jornada\" \/>\n<meta name=\"twitter:card\" content=\"summary_large_image\" \/>\n<meta name=\"twitter:creator\" content=\"@fidedignas\" \/>\n<meta name=\"twitter:site\" content=\"@fidedignas\" \/>\n<meta name=\"twitter:label1\" content=\"Escrito por\" \/>\n\t<meta name=\"twitter:data1\" content=\"La Jornada\" \/>\n\t<meta name=\"twitter:label2\" content=\"Tiempo de lectura\" \/>\n\t<meta name=\"twitter:data2\" content=\"2 minutos\" \/>\n<script type=\"application\/ld+json\" class=\"yoast-schema-graph\">{\"@context\":\"https:\\\/\\\/schema.org\",\"@graph\":[{\"@type\":\"Article\",\"@id\":\"https:\\\/\\\/fuentesfidedignas.com.mx\\\/index.php\\\/2022\\\/05\\\/04\\\/crean-mesa-de-busqueda-de-personas-migrantes-desaparecidas\\\/#article\",\"isPartOf\":{\"@id\":\"https:\\\/\\\/fuentesfidedignas.com.mx\\\/index.php\\\/2022\\\/05\\\/04\\\/crean-mesa-de-busqueda-de-personas-migrantes-desaparecidas\\\/\"},\"author\":{\"name\":\"La Jornada\",\"@id\":\"https:\\\/\\\/fuentesfidedignas.com.mx\\\/#\\\/schema\\\/person\\\/87eacee4072e149fccc7de67f9634f35\"},\"headline\":\"Crean Mesa de B\u00fasqueda de Personas Migrantes Desaparecidas\",\"datePublished\":\"2022-05-04T23:22:41+00:00\",\"dateModified\":\"2022-05-04T23:23:53+00:00\",\"mainEntityOfPage\":{\"@id\":\"https:\\\/\\\/fuentesfidedignas.com.mx\\\/index.php\\\/2022\\\/05\\\/04\\\/crean-mesa-de-busqueda-de-personas-migrantes-desaparecidas\\\/\"},\"wordCount\":307,\"commentCount\":0,\"publisher\":{\"@id\":\"https:\\\/\\\/fuentesfidedignas.com.mx\\\/#organization\"},\"image\":{\"@id\":\"https:\\\/\\\/fuentesfidedignas.com.mx\\\/index.php\\\/2022\\\/05\\\/04\\\/crean-mesa-de-busqueda-de-personas-migrantes-desaparecidas\\\/#primaryimage\"},\"thumbnailUrl\":\"https:\\\/\\\/fuentesfidedignas.com.mx\\\/wp-content\\\/uploads\\\/2022\\\/05\\\/image_editor_output_image1645357042-1651706622849.jpg\",\"articleSection\":[\"NOTICIAS NACIONALES\"],\"inLanguage\":\"es\",\"potentialAction\":[{\"@type\":\"CommentAction\",\"name\":\"Comment\",\"target\":[\"https:\\\/\\\/fuentesfidedignas.com.mx\\\/index.php\\\/2022\\\/05\\\/04\\\/crean-mesa-de-busqueda-de-personas-migrantes-desaparecidas\\\/#respond\"]}]},{\"@type\":\"WebPage\",\"@id\":\"https:\\\/\\\/fuentesfidedignas.com.mx\\\/index.php\\\/2022\\\/05\\\/04\\\/crean-mesa-de-busqueda-de-personas-migrantes-desaparecidas\\\/\",\"url\":\"https:\\\/\\\/fuentesfidedignas.com.mx\\\/index.php\\\/2022\\\/05\\\/04\\\/crean-mesa-de-busqueda-de-personas-migrantes-desaparecidas\\\/\",\"name\":\"Crean Mesa de B\u00fasqueda de Personas Migrantes Desaparecidas - Fuentes Fidedignas\",\"isPartOf\":{\"@id\":\"https:\\\/\\\/fuentesfidedignas.com.mx\\\/#website\"},\"primaryImageOfPage\":{\"@id\":\"https:\\\/\\\/fuentesfidedignas.com.mx\\\/index.php\\\/2022\\\/05\\\/04\\\/crean-mesa-de-busqueda-de-personas-migrantes-desaparecidas\\\/#primaryimage\"},\"image\":{\"@id\":\"https:\\\/\\\/fuentesfidedignas.com.mx\\\/index.php\\\/2022\\\/05\\\/04\\\/crean-mesa-de-busqueda-de-personas-migrantes-desaparecidas\\\/#primaryimage\"},\"thumbnailUrl\":\"https:\\\/\\\/fuentesfidedignas.com.mx\\\/wp-content\\\/uploads\\\/2022\\\/05\\\/image_editor_output_image1645357042-1651706622849.jpg\",\"datePublished\":\"2022-05-04T23:22:41+00:00\",\"dateModified\":\"2022-05-04T23:23:53+00:00\",\"breadcrumb\":{\"@id\":\"https:\\\/\\\/fuentesfidedignas.com.mx\\\/index.php\\\/2022\\\/05\\\/04\\\/crean-mesa-de-busqueda-de-personas-migrantes-desaparecidas\\\/#breadcrumb\"},\"inLanguage\":\"es\",\"potentialAction\":[{\"@type\":\"ReadAction\",\"target\":[\"https:\\\/\\\/fuentesfidedignas.com.mx\\\/index.php\\\/2022\\\/05\\\/04\\\/crean-mesa-de-busqueda-de-personas-migrantes-desaparecidas\\\/\"]}]},{\"@type\":\"ImageObject\",\"inLanguage\":\"es\",\"@id\":\"https:\\\/\\\/fuentesfidedignas.com.mx\\\/index.php\\\/2022\\\/05\\\/04\\\/crean-mesa-de-busqueda-de-personas-migrantes-desaparecidas\\\/#primaryimage\",\"url\":\"https:\\\/\\\/fuentesfidedignas.com.mx\\\/wp-content\\\/uploads\\\/2022\\\/05\\\/image_editor_output_image1645357042-1651706622849.jpg\",\"contentUrl\":\"https:\\\/\\\/fuentesfidedignas.com.mx\\\/wp-content\\\/uploads\\\/2022\\\/05\\\/image_editor_output_image1645357042-1651706622849.jpg\",\"width\":1077,\"height\":807},{\"@type\":\"BreadcrumbList\",\"@id\":\"https:\\\/\\\/fuentesfidedignas.com.mx\\\/index.php\\\/2022\\\/05\\\/04\\\/crean-mesa-de-busqueda-de-personas-migrantes-desaparecidas\\\/#breadcrumb\",\"itemListElement\":[{\"@type\":\"ListItem\",\"position\":1,\"name\":\"Inicio\",\"item\":\"https:\\\/\\\/fuentesfidedignas.com.mx\\\/\"},{\"@type\":\"ListItem\",\"position\":2,\"name\":\"Crean Mesa de B\u00fasqueda de Personas Migrantes Desaparecidas\"}]},{\"@type\":\"WebSite\",\"@id\":\"https:\\\/\\\/fuentesfidedignas.com.mx\\\/#website\",\"url\":\"https:\\\/\\\/fuentesfidedignas.com.mx\\\/\",\"name\":\"Fuentes Fidedignas\",\"description\":\"Otro sitio realizado con WordPress\",\"publisher\":{\"@id\":\"https:\\\/\\\/fuentesfidedignas.com.mx\\\/#organization\"},\"potentialAction\":[{\"@type\":\"SearchAction\",\"target\":{\"@type\":\"EntryPoint\",\"urlTemplate\":\"https:\\\/\\\/fuentesfidedignas.com.mx\\\/?s={search_term_string}\"},\"query-input\":{\"@type\":\"PropertyValueSpecification\",\"valueRequired\":true,\"valueName\":\"search_term_string\"}}],\"inLanguage\":\"es\"},{\"@type\":\"Organization\",\"@id\":\"https:\\\/\\\/fuentesfidedignas.com.mx\\\/#organization\",\"name\":\"Fuentes Fidedignas\",\"url\":\"https:\\\/\\\/fuentesfidedignas.com.mx\\\/\",\"logo\":{\"@type\":\"ImageObject\",\"inLanguage\":\"es\",\"@id\":\"https:\\\/\\\/fuentesfidedignas.com.mx\\\/#\\\/schema\\\/logo\\\/image\\\/\",\"url\":\"https:\\\/\\\/fuentesfidedignas.com.mx\\\/wp-content\\\/uploads\\\/2021\\\/04\\\/logo-retina.png\",\"contentUrl\":\"https:\\\/\\\/fuentesfidedignas.com.mx\\\/wp-content\\\/uploads\\\/2021\\\/04\\\/logo-retina.png\",\"width\":280,\"height\":51,\"caption\":\"Fuentes Fidedignas\"},\"image\":{\"@id\":\"https:\\\/\\\/fuentesfidedignas.com.mx\\\/#\\\/schema\\\/logo\\\/image\\\/\"},\"sameAs\":[\"https:\\\/\\\/www.facebook.com\\\/Fuentes-Fidedignas-368234489921644\",\"https:\\\/\\\/x.com\\\/fidedignas\"]},{\"@type\":\"Person\",\"@id\":\"https:\\\/\\\/fuentesfidedignas.com.mx\\\/#\\\/schema\\\/person\\\/87eacee4072e149fccc7de67f9634f35\",\"name\":\"La Jornada\",\"image\":{\"@type\":\"ImageObject\",\"inLanguage\":\"es\",\"@id\":\"https:\\\/\\\/secure.gravatar.com\\\/avatar\\\/2b09f15a418e222775ffd645761e3fcecd1fb9d7a38a3ba858adf349aab82c7c?s=96&d=mm&r=g\",\"url\":\"https:\\\/\\\/secure.gravatar.com\\\/avatar\\\/2b09f15a418e222775ffd645761e3fcecd1fb9d7a38a3ba858adf349aab82c7c?s=96&d=mm&r=g\",\"contentUrl\":\"https:\\\/\\\/secure.gravatar.com\\\/avatar\\\/2b09f15a418e222775ffd645761e3fcecd1fb9d7a38a3ba858adf349aab82c7c?s=96&d=mm&r=g\",\"caption\":\"La Jornada\"},\"url\":\"https:\\\/\\\/fuentesfidedignas.com.mx\\\/index.php\\\/author\\\/jornada\\\/\"}]}<\/script>\n<!-- \/ Yoast SEO plugin. -->","yoast_head_json":{"title":"Crean Mesa de B\u00fasqueda de Personas Migrantes Desaparecidas - Fuentes Fidedignas","robots":{"index":"index","follow":"follow","max-snippet":"max-snippet:-1","max-image-preview":"max-image-preview:large","max-video-preview":"max-video-preview:-1"},"canonical":"https:\/\/fuentesfidedignas.com.mx\/index.php\/2022\/05\/04\/crean-mesa-de-busqueda-de-personas-migrantes-desaparecidas\/","og_locale":"es_MX","og_type":"article","og_title":"Crean Mesa de B\u00fasqueda de Personas Migrantes Desaparecidas - Fuentes Fidedignas","og_description":"Ciudad de M\u00e9xico. La Secretar\u00eda de Gobernaci\u00f3n emiti\u00f3 este mi\u00e9rcoles un decret\u00f3 con el que crea la Mesa de B\u00fasqueda de Personas Migrantes Desaparecidas, instancia que tendr\u00e1 la tarea de coordinar, intercambiar y actualizar de manera constante la informaci\u00f3n, as\u00ed como dar seguimiento de dependencias federales, estatales, organizaciones civiles y colectivos, especializadas en asistir a [&hellip;]","og_url":"https:\/\/fuentesfidedignas.com.mx\/index.php\/2022\/05\/04\/crean-mesa-de-busqueda-de-personas-migrantes-desaparecidas\/","og_site_name":"Fuentes Fidedignas","article_publisher":"https:\/\/www.facebook.com\/Fuentes-Fidedignas-368234489921644","article_published_time":"2022-05-04T23:22:41+00:00","article_modified_time":"2022-05-04T23:23:53+00:00","og_image":[{"width":1077,"height":807,"url":"https:\/\/fuentesfidedignas.com.mx\/wp-content\/uploads\/2022\/05\/image_editor_output_image1645357042-1651706622849.jpg","type":"image\/jpeg"}],"author":"La Jornada","twitter_card":"summary_large_image","twitter_creator":"@fidedignas","twitter_site":"@fidedignas","twitter_misc":{"Escrito por":"La Jornada","Tiempo de lectura":"2 minutos"},"schema":{"@context":"https:\/\/schema.org","@graph":[{"@type":"Article","@id":"https:\/\/fuentesfidedignas.com.mx\/index.php\/2022\/05\/04\/crean-mesa-de-busqueda-de-personas-migrantes-desaparecidas\/#article","isPartOf":{"@id":"https:\/\/fuentesfidedignas.com.mx\/index.php\/2022\/05\/04\/crean-mesa-de-busqueda-de-personas-migrantes-desaparecidas\/"},"author":{"name":"La Jornada","@id":"https:\/\/fuentesfidedignas.com.mx\/#\/schema\/person\/87eacee4072e149fccc7de67f9634f35"},"headline":"Crean Mesa de B\u00fasqueda de Personas Migrantes Desaparecidas","datePublished":"2022-05-04T23:22:41+00:00","dateModified":"2022-05-04T23:23:53+00:00","mainEntityOfPage":{"@id":"https:\/\/fuentesfidedignas.com.mx\/index.php\/2022\/05\/04\/crean-mesa-de-busqueda-de-personas-migrantes-desaparecidas\/"},"wordCount":307,"commentCount":0,"publisher":{"@id":"https:\/\/fuentesfidedignas.com.mx\/#organization"},"image":{"@id":"https:\/\/fuentesfidedignas.com.mx\/index.php\/2022\/05\/04\/crean-mesa-de-busqueda-de-personas-migrantes-desaparecidas\/#primaryimage"},"thumbnailUrl":"https:\/\/fuentesfidedignas.com.mx\/wp-content\/uploads\/2022\/05\/image_editor_output_image1645357042-1651706622849.jpg","articleSection":["NOTICIAS NACIONALES"],"inLanguage":"es","potentialAction":[{"@type":"CommentAction","name":"Comment","target":["https:\/\/fuentesfidedignas.com.mx\/index.php\/2022\/05\/04\/crean-mesa-de-busqueda-de-personas-migrantes-desaparecidas\/#respond"]}]},{"@type":"WebPage","@id":"https:\/\/fuentesfidedignas.com.mx\/index.php\/2022\/05\/04\/crean-mesa-de-busqueda-de-personas-migrantes-desaparecidas\/","url":"https:\/\/fuentesfidedignas.com.mx\/index.php\/2022\/05\/04\/crean-mesa-de-busqueda-de-personas-migrantes-desaparecidas\/","name":"Crean Mesa de B\u00fasqueda de Personas Migrantes Desaparecidas - Fuentes Fidedignas","isPartOf":{"@id":"https:\/\/fuentesfidedignas.com.mx\/#website"},"primaryImageOfPage":{"@id":"https:\/\/fuentesfidedignas.com.mx\/index.php\/2022\/05\/04\/crean-mesa-de-busqueda-de-personas-migrantes-desaparecidas\/#primaryimage"},"image":{"@id":"https:\/\/fuentesfidedignas.com.mx\/index.php\/2022\/05\/04\/crean-mesa-de-busqueda-de-personas-migrantes-desaparecidas\/#primaryimage"},"thumbnailUrl":"https:\/\/fuentesfidedignas.com.mx\/wp-content\/uploads\/2022\/05\/image_editor_output_image1645357042-1651706622849.jpg","datePublished":"2022-05-04T23:22:41+00:00","dateModified":"2022-05-04T23:23:53+00:00","breadcrumb":{"@id":"https:\/\/fuentesfidedignas.com.mx\/index.php\/2022\/05\/04\/crean-mesa-de-busqueda-de-personas-migrantes-desaparecidas\/#breadcrumb"},"inLanguage":"es","potentialAction":[{"@type":"ReadAction","target":["https:\/\/fuentesfidedignas.com.mx\/index.php\/2022\/05\/04\/crean-mesa-de-busqueda-de-personas-migrantes-desaparecidas\/"]}]},{"@type":"ImageObject","inLanguage":"es","@id":"https:\/\/fuentesfidedignas.com.mx\/index.php\/2022\/05\/04\/crean-mesa-de-busqueda-de-personas-migrantes-desaparecidas\/#primaryimage","url":"https:\/\/fuentesfidedignas.com.mx\/wp-content\/uploads\/2022\/05\/image_editor_output_image1645357042-1651706622849.jpg","contentUrl":"https:\/\/fuentesfidedignas.com.mx\/wp-content\/uploads\/2022\/05\/image_editor_output_image1645357042-1651706622849.jpg","width":1077,"height":807},{"@type":"BreadcrumbList","@id":"https:\/\/fuentesfidedignas.com.mx\/index.php\/2022\/05\/04\/crean-mesa-de-busqueda-de-personas-migrantes-desaparecidas\/#breadcrumb","itemListElement":[{"@type":"ListItem","position":1,"name":"Inicio","item":"https:\/\/fuentesfidedignas.com.mx\/"},{"@type":"ListItem","position":2,"name":"Crean Mesa de B\u00fasqueda de Personas Migrantes Desaparecidas"}]},{"@type":"WebSite","@id":"https:\/\/fuentesfidedignas.com.mx\/#website","url":"https:\/\/fuentesfidedignas.com.mx\/","name":"Fuentes Fidedignas","description":"Otro sitio realizado con WordPress","publisher":{"@id":"https:\/\/fuentesfidedignas.com.mx\/#organization"},"potentialAction":[{"@type":"SearchAction","target":{"@type":"EntryPoint","urlTemplate":"https:\/\/fuentesfidedignas.com.mx\/?s={search_term_string}"},"query-input":{"@type":"PropertyValueSpecification","valueRequired":true,"valueName":"search_term_string"}}],"inLanguage":"es"},{"@type":"Organization","@id":"https:\/\/fuentesfidedignas.com.mx\/#organization","name":"Fuentes Fidedignas","url":"https:\/\/fuentesfidedignas.com.mx\/","logo":{"@type":"ImageObject","inLanguage":"es","@id":"https:\/\/fuentesfidedignas.com.mx\/#\/schema\/logo\/image\/","url":"https:\/\/fuentesfidedignas.com.mx\/wp-content\/uploads\/2021\/04\/logo-retina.png","contentUrl":"https:\/\/fuentesfidedignas.com.mx\/wp-content\/uploads\/2021\/04\/logo-retina.png","width":280,"height":51,"caption":"Fuentes Fidedignas"},"image":{"@id":"https:\/\/fuentesfidedignas.com.mx\/#\/schema\/logo\/image\/"},"sameAs":["https:\/\/www.facebook.com\/Fuentes-Fidedignas-368234489921644","https:\/\/x.com\/fidedignas"]},{"@type":"Person","@id":"https:\/\/fuentesfidedignas.com.mx\/#\/schema\/person\/87eacee4072e149fccc7de67f9634f35","name":"La Jornada","image":{"@type":"ImageObject","inLanguage":"es","@id":"https:\/\/secure.gravatar.com\/avatar\/2b09f15a418e222775ffd645761e3fcecd1fb9d7a38a3ba858adf349aab82c7c?s=96&d=mm&r=g","url":"https:\/\/secure.gravatar.com\/avatar\/2b09f15a418e222775ffd645761e3fcecd1fb9d7a38a3ba858adf349aab82c7c?s=96&d=mm&r=g","contentUrl":"https:\/\/secure.gravatar.com\/avatar\/2b09f15a418e222775ffd645761e3fcecd1fb9d7a38a3ba858adf349aab82c7c?s=96&d=mm&r=g","caption":"La Jornada"},"url":"https:\/\/fuentesfidedignas.com.mx\/index.php\/author\/jornada\/"}]}},"_links":{"self":[{"href":"https:\/\/fuentesfidedignas.com.mx\/index.php\/wp-json\/wp\/v2\/posts\/30219","targetHints":{"allow":["GET"]}}],"collection":[{"href":"https:\/\/fuentesfidedignas.com.mx\/index.php\/wp-json\/wp\/v2\/posts"}],"about":[{"href":"https:\/\/fuentesfidedignas.com.mx\/index.php\/wp-json\/wp\/v2\/types\/post"}],"author":[{"embeddable":true,"href":"https:\/\/fuentesfidedignas.com.mx\/index.php\/wp-json\/wp\/v2\/users\/45"}],"replies":[{"embeddable":true,"href":"https:\/\/fuentesfidedignas.com.mx\/index.php\/wp-json\/wp\/v2\/comments?post=30219"}],"version-history":[{"count":1,"href":"https:\/\/fuentesfidedignas.com.mx\/index.php\/wp-json\/wp\/v2\/posts\/30219\/revisions"}],"predecessor-version":[{"id":30220,"href":"https:\/\/fuentesfidedignas.com.mx\/index.php\/wp-json\/wp\/v2\/posts\/30219\/revisions\/30220"}],"wp:featuredmedia":[{"embeddable":true,"href":"https:\/\/fuentesfidedignas.com.mx\/index.php\/wp-json\/wp\/v2\/media\/30222"}],"wp:attachment":[{"href":"https:\/\/fuentesfidedignas.com.mx\/index.php\/wp-json\/wp\/v2\/media?parent=30219"}],"wp:term":[{"taxonomy":"category","embeddable":true,"href":"https:\/\/fuentesfidedignas.com.mx\/index.php\/wp-json\/wp\/v2\/categories?post=30219"},{"taxonomy":"post_tag","embeddable":true,"href":"https:\/\/fuentesfidedignas.com.mx\/index.php\/wp-json\/wp\/v2\/tags?post=30219"}],"curies":[{"name":"wp","href":"https:\/\/api.w.org\/{rel}","templated":true}]}}