{"id":30204,"date":"2022-05-04T15:20:50","date_gmt":"2022-05-04T21:20:50","guid":{"rendered":"https:\/\/fuentesfidedignas.com.mx\/?p=30204"},"modified":"2022-05-04T15:26:13","modified_gmt":"2022-05-04T21:26:13","slug":"ahome-trabaja-para-erradicar-la-violencia-contra-las-mujeres-alcalde","status":"publish","type":"post","link":"https:\/\/fuentesfidedignas.com.mx\/index.php\/2022\/05\/04\/ahome-trabaja-para-erradicar-la-violencia-contra-las-mujeres-alcalde\/","title":{"rendered":"Ahome trabaja para erradicar la violencia contra las mujeres: alcalde"},"content":{"rendered":"\n<p><strong><em>Asisti\u00f3 a la instalaci\u00f3n de la Mesa T\u00e9cnica de Coordinaci\u00f3n Institucional para Promover el Acceso a la Justicia y la Atenci\u00f3n de Mujeres<\/em><\/strong><\/p>\n\n\n\n<p>Culiac\u00e1n, Sin.- Gerardo Vargas Landeros, presidente municipal de Ahome asisti\u00f3 a la instalaci\u00f3n de la Mesa T\u00e9cnica de Coordinaci\u00f3n Institucional para Promover el Acceso a la Justicia y la Atenci\u00f3n de Mujeres y Ni\u00f1as, la cual fue presidida por el gobernador, doctor Rub\u00e9n Rocha Moya y la Comisionada Nacional para Prevenir y Erradicar la Violencia contra la Mujer, Fabiola Alan\u00eds S\u00e1mano.<\/p>\n\n\n\n<p>Esta primera etapa de la Mesa T\u00e9cnica est\u00e1 conformada por los municipios de Ahome, Culiac\u00e1n, Mazatl\u00e1n, Guasave y Navolato, dado que estos cuentan con Declaratoria de Alerta, desde 2017.<\/p>\n\n\n\n<p>Al t\u00e9rmino del evento organizado por la Secretaria de la Mujer, en improvisada entrevista Gerardo Vargas Landeros subray\u00f3 que este tema es muy importante, el cual nos tiene con mucha preocupaci\u00f3n y ocupaci\u00f3n, por lo que debemos de seguir con la prevenci\u00f3n, para que la violencia no siga afectando a nuestras mujeres, a nuestras ni\u00f1as y a nuestras adolescentes.<\/p>\n\n\n\n<p>\u201cParticularmente en Ahome ya estamos trabajando de una manera transversal con la Secretaria de las Mujeres, y como dijo el gobernador, doctor Rub\u00e9n Rocha Moya, durante el evento, independientemente que vamos bajando las estad\u00edsticas, con una mujer que est\u00e9 siendo lastimada nosotros debemos de estar permanentemente atendiendo ese servicio\u201d, destac\u00f3.<\/p>\n\n\n\n<p>El presidente municipal de Ahome a\u00f1adi\u00f3 \u201cno vamos a escatimar recursos, tanto financiero como humanos para que en nuestro municipio podamos tener la tranquilidad de que las mujeres van a estar bien cuidadas\u201d.<\/p>\n","protected":false},"excerpt":{"rendered":"<p>Asisti\u00f3 a la instalaci\u00f3n de la Mesa T\u00e9cnica de Coordinaci\u00f3n Institucional para Promover el Acceso a la Justicia y la Atenci\u00f3n de Mujeres Culiac\u00e1n, Sin.- Gerardo Vargas Landeros, presidente municipal de Ahome asisti\u00f3 a la instalaci\u00f3n de la Mesa T\u00e9cnica de Coordinaci\u00f3n Institucional para Promover el Acceso a la Justicia y la Atenci\u00f3n de Mujeres [&hellip;]<\/p>\n","protected":false},"author":4,"featured_media":30209,"comment_status":"open","ping_status":"open","sticky":false,"template":"","format":"standard","meta":{"tdm_status":"","tdm_grid_status":"","footnotes":""},"categories":[38],"tags":[1715,1654,2114],"class_list":{"0":"post-30204","1":"post","2":"type-post","3":"status-publish","4":"format-standard","5":"has-post-thumbnail","7":"category-noticias-locales","8":"tag-ayuntamiento-de-ahome","9":"tag-gerardo-vargas-landeros","10":"tag-violencia-contra-mujeres"},"yoast_head":"<!-- This site is optimized with the Yoast SEO plugin v27.5 - https:\/\/yoast.com\/product\/yoast-seo-wordpress\/ -->\n<title>Ahome trabaja para erradicar la violencia contra las mujeres: alcalde - Fuentes Fidedignas<\/title>\n<meta name=\"robots\" content=\"index, follow, max-snippet:-1, max-image-preview:large, max-video-preview:-1\" \/>\n<link rel=\"canonical\" href=\"https:\/\/fuentesfidedignas.com.mx\/index.php\/2022\/05\/04\/ahome-trabaja-para-erradicar-la-violencia-contra-las-mujeres-alcalde\/\" \/>\n<meta property=\"og:locale\" content=\"es_MX\" \/>\n<meta property=\"og:type\" content=\"article\" \/>\n<meta property=\"og:title\" content=\"Ahome trabaja para erradicar la violencia contra las mujeres: alcalde - Fuentes Fidedignas\" \/>\n<meta property=\"og:description\" content=\"Asisti\u00f3 a la instalaci\u00f3n de la Mesa T\u00e9cnica de Coordinaci\u00f3n Institucional para Promover el Acceso a la Justicia y la Atenci\u00f3n de Mujeres Culiac\u00e1n, Sin.- Gerardo Vargas Landeros, presidente municipal de Ahome asisti\u00f3 a la instalaci\u00f3n de la Mesa T\u00e9cnica de Coordinaci\u00f3n Institucional para Promover el Acceso a la Justicia y la Atenci\u00f3n de Mujeres [&hellip;]\" \/>\n<meta property=\"og:url\" content=\"https:\/\/fuentesfidedignas.com.mx\/index.php\/2022\/05\/04\/ahome-trabaja-para-erradicar-la-violencia-contra-las-mujeres-alcalde\/\" \/>\n<meta property=\"og:site_name\" content=\"Fuentes Fidedignas\" \/>\n<meta property=\"article:publisher\" content=\"https:\/\/www.facebook.com\/Fuentes-Fidedignas-368234489921644\" \/>\n<meta property=\"article:published_time\" content=\"2022-05-04T21:20:50+00:00\" \/>\n<meta property=\"article:modified_time\" content=\"2022-05-04T21:26:13+00:00\" \/>\n<meta property=\"og:image\" content=\"https:\/\/fuentesfidedignas.com.mx\/wp-content\/uploads\/2022\/05\/image_editor_output_image-1292350-1651699411622-1.jpg\" \/>\n\t<meta property=\"og:image:width\" content=\"1200\" \/>\n\t<meta property=\"og:image:height\" content=\"801\" \/>\n\t<meta property=\"og:image:type\" content=\"image\/jpeg\" \/>\n<meta name=\"author\" content=\"Redacci\u00f3n\" \/>\n<meta name=\"twitter:card\" content=\"summary_large_image\" \/>\n<meta name=\"twitter:creator\" content=\"@fidedignas\" \/>\n<meta name=\"twitter:site\" content=\"@fidedignas\" \/>\n<meta name=\"twitter:label1\" content=\"Escrito por\" \/>\n\t<meta name=\"twitter:data1\" content=\"Redacci\u00f3n\" \/>\n\t<meta name=\"twitter:label2\" content=\"Tiempo de lectura\" \/>\n\t<meta name=\"twitter:data2\" content=\"2 minutos\" \/>\n<script type=\"application\/ld+json\" class=\"yoast-schema-graph\">{\"@context\":\"https:\\\/\\\/schema.org\",\"@graph\":[{\"@type\":\"Article\",\"@id\":\"https:\\\/\\\/fuentesfidedignas.com.mx\\\/index.php\\\/2022\\\/05\\\/04\\\/ahome-trabaja-para-erradicar-la-violencia-contra-las-mujeres-alcalde\\\/#article\",\"isPartOf\":{\"@id\":\"https:\\\/\\\/fuentesfidedignas.com.mx\\\/index.php\\\/2022\\\/05\\\/04\\\/ahome-trabaja-para-erradicar-la-violencia-contra-las-mujeres-alcalde\\\/\"},\"author\":{\"name\":\"Redacci\u00f3n\",\"@id\":\"https:\\\/\\\/fuentesfidedignas.com.mx\\\/#\\\/schema\\\/person\\\/331be9283d37198e2acd5750279085b0\"},\"headline\":\"Ahome trabaja para erradicar la violencia contra las mujeres: alcalde\",\"datePublished\":\"2022-05-04T21:20:50+00:00\",\"dateModified\":\"2022-05-04T21:26:13+00:00\",\"mainEntityOfPage\":{\"@id\":\"https:\\\/\\\/fuentesfidedignas.com.mx\\\/index.php\\\/2022\\\/05\\\/04\\\/ahome-trabaja-para-erradicar-la-violencia-contra-las-mujeres-alcalde\\\/\"},\"wordCount\":289,\"commentCount\":0,\"publisher\":{\"@id\":\"https:\\\/\\\/fuentesfidedignas.com.mx\\\/#organization\"},\"image\":{\"@id\":\"https:\\\/\\\/fuentesfidedignas.com.mx\\\/index.php\\\/2022\\\/05\\\/04\\\/ahome-trabaja-para-erradicar-la-violencia-contra-las-mujeres-alcalde\\\/#primaryimage\"},\"thumbnailUrl\":\"https:\\\/\\\/fuentesfidedignas.com.mx\\\/wp-content\\\/uploads\\\/2022\\\/05\\\/image_editor_output_image-1292350-1651699411622-1.jpg\",\"keywords\":[\"Ayuntamiento de Ahome\",\"Gerardo Vargas Landeros\",\"Violencia contra mujeres\"],\"articleSection\":[\"NOTICIAS LOCALES\"],\"inLanguage\":\"es\",\"potentialAction\":[{\"@type\":\"CommentAction\",\"name\":\"Comment\",\"target\":[\"https:\\\/\\\/fuentesfidedignas.com.mx\\\/index.php\\\/2022\\\/05\\\/04\\\/ahome-trabaja-para-erradicar-la-violencia-contra-las-mujeres-alcalde\\\/#respond\"]}]},{\"@type\":\"WebPage\",\"@id\":\"https:\\\/\\\/fuentesfidedignas.com.mx\\\/index.php\\\/2022\\\/05\\\/04\\\/ahome-trabaja-para-erradicar-la-violencia-contra-las-mujeres-alcalde\\\/\",\"url\":\"https:\\\/\\\/fuentesfidedignas.com.mx\\\/index.php\\\/2022\\\/05\\\/04\\\/ahome-trabaja-para-erradicar-la-violencia-contra-las-mujeres-alcalde\\\/\",\"name\":\"Ahome trabaja para erradicar la violencia contra las mujeres: alcalde - Fuentes Fidedignas\",\"isPartOf\":{\"@id\":\"https:\\\/\\\/fuentesfidedignas.com.mx\\\/#website\"},\"primaryImageOfPage\":{\"@id\":\"https:\\\/\\\/fuentesfidedignas.com.mx\\\/index.php\\\/2022\\\/05\\\/04\\\/ahome-trabaja-para-erradicar-la-violencia-contra-las-mujeres-alcalde\\\/#primaryimage\"},\"image\":{\"@id\":\"https:\\\/\\\/fuentesfidedignas.com.mx\\\/index.php\\\/2022\\\/05\\\/04\\\/ahome-trabaja-para-erradicar-la-violencia-contra-las-mujeres-alcalde\\\/#primaryimage\"},\"thumbnailUrl\":\"https:\\\/\\\/fuentesfidedignas.com.mx\\\/wp-content\\\/uploads\\\/2022\\\/05\\\/image_editor_output_image-1292350-1651699411622-1.jpg\",\"datePublished\":\"2022-05-04T21:20:50+00:00\",\"dateModified\":\"2022-05-04T21:26:13+00:00\",\"breadcrumb\":{\"@id\":\"https:\\\/\\\/fuentesfidedignas.com.mx\\\/index.php\\\/2022\\\/05\\\/04\\\/ahome-trabaja-para-erradicar-la-violencia-contra-las-mujeres-alcalde\\\/#breadcrumb\"},\"inLanguage\":\"es\",\"potentialAction\":[{\"@type\":\"ReadAction\",\"target\":[\"https:\\\/\\\/fuentesfidedignas.com.mx\\\/index.php\\\/2022\\\/05\\\/04\\\/ahome-trabaja-para-erradicar-la-violencia-contra-las-mujeres-alcalde\\\/\"]}]},{\"@type\":\"ImageObject\",\"inLanguage\":\"es\",\"@id\":\"https:\\\/\\\/fuentesfidedignas.com.mx\\\/index.php\\\/2022\\\/05\\\/04\\\/ahome-trabaja-para-erradicar-la-violencia-contra-las-mujeres-alcalde\\\/#primaryimage\",\"url\":\"https:\\\/\\\/fuentesfidedignas.com.mx\\\/wp-content\\\/uploads\\\/2022\\\/05\\\/image_editor_output_image-1292350-1651699411622-1.jpg\",\"contentUrl\":\"https:\\\/\\\/fuentesfidedignas.com.mx\\\/wp-content\\\/uploads\\\/2022\\\/05\\\/image_editor_output_image-1292350-1651699411622-1.jpg\",\"width\":1200,\"height\":801},{\"@type\":\"BreadcrumbList\",\"@id\":\"https:\\\/\\\/fuentesfidedignas.com.mx\\\/index.php\\\/2022\\\/05\\\/04\\\/ahome-trabaja-para-erradicar-la-violencia-contra-las-mujeres-alcalde\\\/#breadcrumb\",\"itemListElement\":[{\"@type\":\"ListItem\",\"position\":1,\"name\":\"Inicio\",\"item\":\"https:\\\/\\\/fuentesfidedignas.com.mx\\\/\"},{\"@type\":\"ListItem\",\"position\":2,\"name\":\"Ahome trabaja para erradicar la violencia contra las mujeres: alcalde\"}]},{\"@type\":\"WebSite\",\"@id\":\"https:\\\/\\\/fuentesfidedignas.com.mx\\\/#website\",\"url\":\"https:\\\/\\\/fuentesfidedignas.com.mx\\\/\",\"name\":\"Fuentes Fidedignas\",\"description\":\"Otro sitio realizado con WordPress\",\"publisher\":{\"@id\":\"https:\\\/\\\/fuentesfidedignas.com.mx\\\/#organization\"},\"potentialAction\":[{\"@type\":\"SearchAction\",\"target\":{\"@type\":\"EntryPoint\",\"urlTemplate\":\"https:\\\/\\\/fuentesfidedignas.com.mx\\\/?s={search_term_string}\"},\"query-input\":{\"@type\":\"PropertyValueSpecification\",\"valueRequired\":true,\"valueName\":\"search_term_string\"}}],\"inLanguage\":\"es\"},{\"@type\":\"Organization\",\"@id\":\"https:\\\/\\\/fuentesfidedignas.com.mx\\\/#organization\",\"name\":\"Fuentes Fidedignas\",\"url\":\"https:\\\/\\\/fuentesfidedignas.com.mx\\\/\",\"logo\":{\"@type\":\"ImageObject\",\"inLanguage\":\"es\",\"@id\":\"https:\\\/\\\/fuentesfidedignas.com.mx\\\/#\\\/schema\\\/logo\\\/image\\\/\",\"url\":\"https:\\\/\\\/fuentesfidedignas.com.mx\\\/wp-content\\\/uploads\\\/2021\\\/04\\\/logo-retina.png\",\"contentUrl\":\"https:\\\/\\\/fuentesfidedignas.com.mx\\\/wp-content\\\/uploads\\\/2021\\\/04\\\/logo-retina.png\",\"width\":280,\"height\":51,\"caption\":\"Fuentes Fidedignas\"},\"image\":{\"@id\":\"https:\\\/\\\/fuentesfidedignas.com.mx\\\/#\\\/schema\\\/logo\\\/image\\\/\"},\"sameAs\":[\"https:\\\/\\\/www.facebook.com\\\/Fuentes-Fidedignas-368234489921644\",\"https:\\\/\\\/x.com\\\/fidedignas\"]},{\"@type\":\"Person\",\"@id\":\"https:\\\/\\\/fuentesfidedignas.com.mx\\\/#\\\/schema\\\/person\\\/331be9283d37198e2acd5750279085b0\",\"name\":\"Redacci\u00f3n\",\"image\":{\"@type\":\"ImageObject\",\"inLanguage\":\"es\",\"@id\":\"https:\\\/\\\/secure.gravatar.com\\\/avatar\\\/f6d8782c11d12b2d4ad3fbb6931aeab5309937a4d6cd2fc9cfaa28a6396a5aec?s=96&d=mm&r=g\",\"url\":\"https:\\\/\\\/secure.gravatar.com\\\/avatar\\\/f6d8782c11d12b2d4ad3fbb6931aeab5309937a4d6cd2fc9cfaa28a6396a5aec?s=96&d=mm&r=g\",\"contentUrl\":\"https:\\\/\\\/secure.gravatar.com\\\/avatar\\\/f6d8782c11d12b2d4ad3fbb6931aeab5309937a4d6cd2fc9cfaa28a6396a5aec?s=96&d=mm&r=g\",\"caption\":\"Redacci\u00f3n\"},\"url\":\"https:\\\/\\\/fuentesfidedignas.com.mx\\\/index.php\\\/author\\\/redaccion\\\/\"}]}<\/script>\n<!-- \/ Yoast SEO plugin. -->","yoast_head_json":{"title":"Ahome trabaja para erradicar la violencia contra las mujeres: alcalde - Fuentes Fidedignas","robots":{"index":"index","follow":"follow","max-snippet":"max-snippet:-1","max-image-preview":"max-image-preview:large","max-video-preview":"max-video-preview:-1"},"canonical":"https:\/\/fuentesfidedignas.com.mx\/index.php\/2022\/05\/04\/ahome-trabaja-para-erradicar-la-violencia-contra-las-mujeres-alcalde\/","og_locale":"es_MX","og_type":"article","og_title":"Ahome trabaja para erradicar la violencia contra las mujeres: alcalde - Fuentes Fidedignas","og_description":"Asisti\u00f3 a la instalaci\u00f3n de la Mesa T\u00e9cnica de Coordinaci\u00f3n Institucional para Promover el Acceso a la Justicia y la Atenci\u00f3n de Mujeres Culiac\u00e1n, Sin.- Gerardo Vargas Landeros, presidente municipal de Ahome asisti\u00f3 a la instalaci\u00f3n de la Mesa T\u00e9cnica de Coordinaci\u00f3n Institucional para Promover el Acceso a la Justicia y la Atenci\u00f3n de Mujeres [&hellip;]","og_url":"https:\/\/fuentesfidedignas.com.mx\/index.php\/2022\/05\/04\/ahome-trabaja-para-erradicar-la-violencia-contra-las-mujeres-alcalde\/","og_site_name":"Fuentes Fidedignas","article_publisher":"https:\/\/www.facebook.com\/Fuentes-Fidedignas-368234489921644","article_published_time":"2022-05-04T21:20:50+00:00","article_modified_time":"2022-05-04T21:26:13+00:00","og_image":[{"width":1200,"height":801,"url":"https:\/\/fuentesfidedignas.com.mx\/wp-content\/uploads\/2022\/05\/image_editor_output_image-1292350-1651699411622-1.jpg","type":"image\/jpeg"}],"author":"Redacci\u00f3n","twitter_card":"summary_large_image","twitter_creator":"@fidedignas","twitter_site":"@fidedignas","twitter_misc":{"Escrito por":"Redacci\u00f3n","Tiempo de lectura":"2 minutos"},"schema":{"@context":"https:\/\/schema.org","@graph":[{"@type":"Article","@id":"https:\/\/fuentesfidedignas.com.mx\/index.php\/2022\/05\/04\/ahome-trabaja-para-erradicar-la-violencia-contra-las-mujeres-alcalde\/#article","isPartOf":{"@id":"https:\/\/fuentesfidedignas.com.mx\/index.php\/2022\/05\/04\/ahome-trabaja-para-erradicar-la-violencia-contra-las-mujeres-alcalde\/"},"author":{"name":"Redacci\u00f3n","@id":"https:\/\/fuentesfidedignas.com.mx\/#\/schema\/person\/331be9283d37198e2acd5750279085b0"},"headline":"Ahome trabaja para erradicar la violencia contra las mujeres: alcalde","datePublished":"2022-05-04T21:20:50+00:00","dateModified":"2022-05-04T21:26:13+00:00","mainEntityOfPage":{"@id":"https:\/\/fuentesfidedignas.com.mx\/index.php\/2022\/05\/04\/ahome-trabaja-para-erradicar-la-violencia-contra-las-mujeres-alcalde\/"},"wordCount":289,"commentCount":0,"publisher":{"@id":"https:\/\/fuentesfidedignas.com.mx\/#organization"},"image":{"@id":"https:\/\/fuentesfidedignas.com.mx\/index.php\/2022\/05\/04\/ahome-trabaja-para-erradicar-la-violencia-contra-las-mujeres-alcalde\/#primaryimage"},"thumbnailUrl":"https:\/\/fuentesfidedignas.com.mx\/wp-content\/uploads\/2022\/05\/image_editor_output_image-1292350-1651699411622-1.jpg","keywords":["Ayuntamiento de Ahome","Gerardo Vargas Landeros","Violencia contra mujeres"],"articleSection":["NOTICIAS LOCALES"],"inLanguage":"es","potentialAction":[{"@type":"CommentAction","name":"Comment","target":["https:\/\/fuentesfidedignas.com.mx\/index.php\/2022\/05\/04\/ahome-trabaja-para-erradicar-la-violencia-contra-las-mujeres-alcalde\/#respond"]}]},{"@type":"WebPage","@id":"https:\/\/fuentesfidedignas.com.mx\/index.php\/2022\/05\/04\/ahome-trabaja-para-erradicar-la-violencia-contra-las-mujeres-alcalde\/","url":"https:\/\/fuentesfidedignas.com.mx\/index.php\/2022\/05\/04\/ahome-trabaja-para-erradicar-la-violencia-contra-las-mujeres-alcalde\/","name":"Ahome trabaja para erradicar la violencia contra las mujeres: alcalde - Fuentes Fidedignas","isPartOf":{"@id":"https:\/\/fuentesfidedignas.com.mx\/#website"},"primaryImageOfPage":{"@id":"https:\/\/fuentesfidedignas.com.mx\/index.php\/2022\/05\/04\/ahome-trabaja-para-erradicar-la-violencia-contra-las-mujeres-alcalde\/#primaryimage"},"image":{"@id":"https:\/\/fuentesfidedignas.com.mx\/index.php\/2022\/05\/04\/ahome-trabaja-para-erradicar-la-violencia-contra-las-mujeres-alcalde\/#primaryimage"},"thumbnailUrl":"https:\/\/fuentesfidedignas.com.mx\/wp-content\/uploads\/2022\/05\/image_editor_output_image-1292350-1651699411622-1.jpg","datePublished":"2022-05-04T21:20:50+00:00","dateModified":"2022-05-04T21:26:13+00:00","breadcrumb":{"@id":"https:\/\/fuentesfidedignas.com.mx\/index.php\/2022\/05\/04\/ahome-trabaja-para-erradicar-la-violencia-contra-las-mujeres-alcalde\/#breadcrumb"},"inLanguage":"es","potentialAction":[{"@type":"ReadAction","target":["https:\/\/fuentesfidedignas.com.mx\/index.php\/2022\/05\/04\/ahome-trabaja-para-erradicar-la-violencia-contra-las-mujeres-alcalde\/"]}]},{"@type":"ImageObject","inLanguage":"es","@id":"https:\/\/fuentesfidedignas.com.mx\/index.php\/2022\/05\/04\/ahome-trabaja-para-erradicar-la-violencia-contra-las-mujeres-alcalde\/#primaryimage","url":"https:\/\/fuentesfidedignas.com.mx\/wp-content\/uploads\/2022\/05\/image_editor_output_image-1292350-1651699411622-1.jpg","contentUrl":"https:\/\/fuentesfidedignas.com.mx\/wp-content\/uploads\/2022\/05\/image_editor_output_image-1292350-1651699411622-1.jpg","width":1200,"height":801},{"@type":"BreadcrumbList","@id":"https:\/\/fuentesfidedignas.com.mx\/index.php\/2022\/05\/04\/ahome-trabaja-para-erradicar-la-violencia-contra-las-mujeres-alcalde\/#breadcrumb","itemListElement":[{"@type":"ListItem","position":1,"name":"Inicio","item":"https:\/\/fuentesfidedignas.com.mx\/"},{"@type":"ListItem","position":2,"name":"Ahome trabaja para erradicar la violencia contra las mujeres: alcalde"}]},{"@type":"WebSite","@id":"https:\/\/fuentesfidedignas.com.mx\/#website","url":"https:\/\/fuentesfidedignas.com.mx\/","name":"Fuentes Fidedignas","description":"Otro sitio realizado con WordPress","publisher":{"@id":"https:\/\/fuentesfidedignas.com.mx\/#organization"},"potentialAction":[{"@type":"SearchAction","target":{"@type":"EntryPoint","urlTemplate":"https:\/\/fuentesfidedignas.com.mx\/?s={search_term_string}"},"query-input":{"@type":"PropertyValueSpecification","valueRequired":true,"valueName":"search_term_string"}}],"inLanguage":"es"},{"@type":"Organization","@id":"https:\/\/fuentesfidedignas.com.mx\/#organization","name":"Fuentes Fidedignas","url":"https:\/\/fuentesfidedignas.com.mx\/","logo":{"@type":"ImageObject","inLanguage":"es","@id":"https:\/\/fuentesfidedignas.com.mx\/#\/schema\/logo\/image\/","url":"https:\/\/fuentesfidedignas.com.mx\/wp-content\/uploads\/2021\/04\/logo-retina.png","contentUrl":"https:\/\/fuentesfidedignas.com.mx\/wp-content\/uploads\/2021\/04\/logo-retina.png","width":280,"height":51,"caption":"Fuentes Fidedignas"},"image":{"@id":"https:\/\/fuentesfidedignas.com.mx\/#\/schema\/logo\/image\/"},"sameAs":["https:\/\/www.facebook.com\/Fuentes-Fidedignas-368234489921644","https:\/\/x.com\/fidedignas"]},{"@type":"Person","@id":"https:\/\/fuentesfidedignas.com.mx\/#\/schema\/person\/331be9283d37198e2acd5750279085b0","name":"Redacci\u00f3n","image":{"@type":"ImageObject","inLanguage":"es","@id":"https:\/\/secure.gravatar.com\/avatar\/f6d8782c11d12b2d4ad3fbb6931aeab5309937a4d6cd2fc9cfaa28a6396a5aec?s=96&d=mm&r=g","url":"https:\/\/secure.gravatar.com\/avatar\/f6d8782c11d12b2d4ad3fbb6931aeab5309937a4d6cd2fc9cfaa28a6396a5aec?s=96&d=mm&r=g","contentUrl":"https:\/\/secure.gravatar.com\/avatar\/f6d8782c11d12b2d4ad3fbb6931aeab5309937a4d6cd2fc9cfaa28a6396a5aec?s=96&d=mm&r=g","caption":"Redacci\u00f3n"},"url":"https:\/\/fuentesfidedignas.com.mx\/index.php\/author\/redaccion\/"}]}},"_links":{"self":[{"href":"https:\/\/fuentesfidedignas.com.mx\/index.php\/wp-json\/wp\/v2\/posts\/30204","targetHints":{"allow":["GET"]}}],"collection":[{"href":"https:\/\/fuentesfidedignas.com.mx\/index.php\/wp-json\/wp\/v2\/posts"}],"about":[{"href":"https:\/\/fuentesfidedignas.com.mx\/index.php\/wp-json\/wp\/v2\/types\/post"}],"author":[{"embeddable":true,"href":"https:\/\/fuentesfidedignas.com.mx\/index.php\/wp-json\/wp\/v2\/users\/4"}],"replies":[{"embeddable":true,"href":"https:\/\/fuentesfidedignas.com.mx\/index.php\/wp-json\/wp\/v2\/comments?post=30204"}],"version-history":[{"count":1,"href":"https:\/\/fuentesfidedignas.com.mx\/index.php\/wp-json\/wp\/v2\/posts\/30204\/revisions"}],"predecessor-version":[{"id":30206,"href":"https:\/\/fuentesfidedignas.com.mx\/index.php\/wp-json\/wp\/v2\/posts\/30204\/revisions\/30206"}],"wp:featuredmedia":[{"embeddable":true,"href":"https:\/\/fuentesfidedignas.com.mx\/index.php\/wp-json\/wp\/v2\/media\/30209"}],"wp:attachment":[{"href":"https:\/\/fuentesfidedignas.com.mx\/index.php\/wp-json\/wp\/v2\/media?parent=30204"}],"wp:term":[{"taxonomy":"category","embeddable":true,"href":"https:\/\/fuentesfidedignas.com.mx\/index.php\/wp-json\/wp\/v2\/categories?post=30204"},{"taxonomy":"post_tag","embeddable":true,"href":"https:\/\/fuentesfidedignas.com.mx\/index.php\/wp-json\/wp\/v2\/tags?post=30204"}],"curies":[{"name":"wp","href":"https:\/\/api.w.org\/{rel}","templated":true}]}}