{"id":30163,"date":"2022-05-04T10:58:23","date_gmt":"2022-05-04T16:58:23","guid":{"rendered":"https:\/\/fuentesfidedignas.com.mx\/?p=30163"},"modified":"2022-05-04T10:58:25","modified_gmt":"2022-05-04T16:58:25","slug":"padre-de-debanhi-escobar-agradecio-cancion-de-eden-munoz-en-memoria-de-su-hija","status":"publish","type":"post","link":"https:\/\/fuentesfidedignas.com.mx\/index.php\/2022\/05\/04\/padre-de-debanhi-escobar-agradecio-cancion-de-eden-munoz-en-memoria-de-su-hija\/","title":{"rendered":"Padre de Debanhi Escobar agradeci\u00f3 canci\u00f3n de Ed\u00e9n Mu\u00f1oz en memoria de su hija"},"content":{"rendered":"\n<p><strong><em>La familia de la joven regiomontana hizo uso de su cuenta de Instagram para agradecer el gesto del ex vocalista de Calibre 50<\/em><\/strong><\/p>\n\n\n\n<iframe loading=\"lazy\" src=\"\/\/content.jwplatform.com\/players\/6eeQJ4zU-NfQOLqBV.html\" width=\"640\" height=\"360\" frameborder=\"0\" scrolling=\"auto\"><\/iframe>\n\n\n\n<p>Nuevo Le\u00f3n.- El se\u00f1or Mario Escobar, padre de Debanhi Escobar, extendi\u00f3 un agradecimiento al ex vocalista de la agrupaci\u00f3n mexicana Calibre 50, Ed\u00e9n Mu\u00f1oz, por la canci\u00f3n de nombre Te voy a encontrar que le dedic\u00f3 a la joven y a los miles de desaparecidos en M\u00e9xico.<\/p>\n\n\n\n<p>Por medio de la cuenta de Instagram de Debanhi Escobar, Mario Escobar, no perdi\u00f3 la oportunidad de agradecer el gesto del int\u00e9rprete de 31 a\u00f1os: \u201cGracias a Ed\u00e9n Mu\u00f1oz por esta bella canci\u00f3n en honor a mi hija y seguimos en busca de la verdad\u201d, redact\u00f3.<\/p>\n\n\n\n<p>El padre de la joven regiomontana de 18 a\u00f1os que estuvo desaparecida desde el pasado 9 de abril hasta que, trece d\u00edas despu\u00e9s, su cuerpo fue encontrado en un pozo de agua aleda\u00f1o a un hotel en la carretera Monterrey-Nuevo Le\u00f3n, respondi\u00f3 con un fragmento del videoclip lanzado por Ed\u00e9n Mu\u00f1oz.<\/p>\n\n\n\n<blockquote class=\"instagram-media\" data-instgrm-captioned data-instgrm-permalink=\"https:\/\/www.instagram.com\/tv\/CdHdEDMF6J2\/?utm_source=ig_embed&amp;utm_campaign=loading\" data-instgrm-version=\"14\" style=\" background:#FFF; border:0; border-radius:3px; box-shadow:0 0 1px 0 rgba(0,0,0,0.5),0 1px 10px 0 rgba(0,0,0,0.15); margin: 1px; max-width:540px; min-width:326px; padding:0; width:99.375%; width:-webkit-calc(100% - 2px); width:calc(100% - 2px);\"><div style=\"padding:16px;\"> <a href=\"https:\/\/www.instagram.com\/tv\/CdHdEDMF6J2\/?utm_source=ig_embed&amp;utm_campaign=loading\" style=\" background:#FFFFFF; line-height:0; padding:0 0; text-align:center; text-decoration:none; width:100%;\" target=\"_blank\" rel=\"noopener\"> <div style=\" display: flex; flex-direction: row; align-items: center;\"> <div style=\"background-color: #F4F4F4; border-radius: 50%; flex-grow: 0; height: 40px; margin-right: 14px; width: 40px;\"><\/div> <div style=\"display: flex; flex-direction: column; flex-grow: 1; justify-content: center;\"> <div style=\" background-color: #F4F4F4; border-radius: 4px; flex-grow: 0; height: 14px; margin-bottom: 6px; width: 100px;\"><\/div> <div style=\" background-color: #F4F4F4; border-radius: 4px; flex-grow: 0; height: 14px; width: 60px;\"><\/div><\/div><\/div><div style=\"padding: 19% 0;\"><\/div> <div style=\"display:block; height:50px; margin:0 auto 12px; width:50px;\"><svg width=\"50px\" height=\"50px\" viewBox=\"0 0 60 60\" version=\"1.1\" xmlns=\"https:\/\/www.w3.org\/2000\/svg\" xmlns:xlink=\"https:\/\/www.w3.org\/1999\/xlink\"><g stroke=\"none\" stroke-width=\"1\" fill=\"none\" fill-rule=\"evenodd\"><g transform=\"translate(-511.000000, -20.000000)\" fill=\"#000000\"><g><path d=\"M556.869,30.41 C554.814,30.41 553.148,32.076 553.148,34.131 C553.148,36.186 554.814,37.852 556.869,37.852 C558.924,37.852 560.59,36.186 560.59,34.131 C560.59,32.076 558.924,30.41 556.869,30.41 M541,60.657 C535.114,60.657 530.342,55.887 530.342,50 C530.342,44.114 535.114,39.342 541,39.342 C546.887,39.342 551.658,44.114 551.658,50 C551.658,55.887 546.887,60.657 541,60.657 M541,33.886 C532.1,33.886 524.886,41.1 524.886,50 C524.886,58.899 532.1,66.113 541,66.113 C549.9,66.113 557.115,58.899 557.115,50 C557.115,41.1 549.9,33.886 541,33.886 M565.378,62.101 C565.244,65.022 564.756,66.606 564.346,67.663 C563.803,69.06 563.154,70.057 562.106,71.106 C561.058,72.155 560.06,72.803 558.662,73.347 C557.607,73.757 556.021,74.244 553.102,74.378 C549.944,74.521 548.997,74.552 541,74.552 C533.003,74.552 532.056,74.521 528.898,74.378 C525.979,74.244 524.393,73.757 523.338,73.347 C521.94,72.803 520.942,72.155 519.894,71.106 C518.846,70.057 518.197,69.06 517.654,67.663 C517.244,66.606 516.755,65.022 516.623,62.101 C516.479,58.943 516.448,57.996 516.448,50 C516.448,42.003 516.479,41.056 516.623,37.899 C516.755,34.978 517.244,33.391 517.654,32.338 C518.197,30.938 518.846,29.942 519.894,28.894 C520.942,27.846 521.94,27.196 523.338,26.654 C524.393,26.244 525.979,25.756 528.898,25.623 C532.057,25.479 533.004,25.448 541,25.448 C548.997,25.448 549.943,25.479 553.102,25.623 C556.021,25.756 557.607,26.244 558.662,26.654 C560.06,27.196 561.058,27.846 562.106,28.894 C563.154,29.942 563.803,30.938 564.346,32.338 C564.756,33.391 565.244,34.978 565.378,37.899 C565.522,41.056 565.552,42.003 565.552,50 C565.552,57.996 565.522,58.943 565.378,62.101 M570.82,37.631 C570.674,34.438 570.167,32.258 569.425,30.349 C568.659,28.377 567.633,26.702 565.965,25.035 C564.297,23.368 562.623,22.342 560.652,21.575 C558.743,20.834 556.562,20.326 553.369,20.18 C550.169,20.033 549.148,20 541,20 C532.853,20 531.831,20.033 528.631,20.18 C525.438,20.326 523.257,20.834 521.349,21.575 C519.376,22.342 517.703,23.368 516.035,25.035 C514.368,26.702 513.342,28.377 512.574,30.349 C511.834,32.258 511.326,34.438 511.181,37.631 C511.035,40.831 511,41.851 511,50 C511,58.147 511.035,59.17 511.181,62.369 C511.326,65.562 511.834,67.743 512.574,69.651 C513.342,71.625 514.368,73.296 516.035,74.965 C517.703,76.634 519.376,77.658 521.349,78.425 C523.257,79.167 525.438,79.673 528.631,79.82 C531.831,79.965 532.853,80.001 541,80.001 C549.148,80.001 550.169,79.965 553.369,79.82 C556.562,79.673 558.743,79.167 560.652,78.425 C562.623,77.658 564.297,76.634 565.965,74.965 C567.633,73.296 568.659,71.625 569.425,69.651 C570.167,67.743 570.674,65.562 570.82,62.369 C570.966,59.17 571,58.147 571,50 C571,41.851 570.966,40.831 570.82,37.631\"><\/path><\/g><\/g><\/g><\/svg><\/div><div style=\"padding-top: 8px;\"> <div style=\" color:#3897f0; font-family:Arial,sans-serif; font-size:14px; font-style:normal; font-weight:550; line-height:18px;\">Ver esta publicaci\u00f3n en Instagram<\/div><\/div><div style=\"padding: 12.5% 0;\"><\/div> <div style=\"display: flex; flex-direction: row; margin-bottom: 14px; align-items: center;\"><div> <div style=\"background-color: #F4F4F4; border-radius: 50%; height: 12.5px; width: 12.5px; transform: translateX(0px) translateY(7px);\"><\/div> <div style=\"background-color: #F4F4F4; height: 12.5px; transform: rotate(-45deg) translateX(3px) translateY(1px); width: 12.5px; flex-grow: 0; margin-right: 14px; margin-left: 2px;\"><\/div> <div style=\"background-color: #F4F4F4; border-radius: 50%; height: 12.5px; width: 12.5px; transform: translateX(9px) translateY(-18px);\"><\/div><\/div><div style=\"margin-left: 8px;\"> <div style=\" background-color: #F4F4F4; border-radius: 50%; flex-grow: 0; height: 20px; width: 20px;\"><\/div> <div style=\" width: 0; height: 0; border-top: 2px solid transparent; border-left: 6px solid #f4f4f4; border-bottom: 2px solid transparent; transform: translateX(16px) translateY(-4px) rotate(30deg)\"><\/div><\/div><div style=\"margin-left: auto;\"> <div style=\" width: 0px; border-top: 8px solid #F4F4F4; border-right: 8px solid transparent; transform: translateY(16px);\"><\/div> <div style=\" background-color: #F4F4F4; flex-grow: 0; height: 12px; width: 16px; transform: translateY(-4px);\"><\/div> <div style=\" width: 0; height: 0; border-top: 8px solid #F4F4F4; border-left: 8px solid transparent; transform: translateY(-4px) translateX(8px);\"><\/div><\/div><\/div> <div style=\"display: flex; flex-direction: column; flex-grow: 1; justify-content: center; margin-bottom: 24px;\"> <div style=\" background-color: #F4F4F4; border-radius: 4px; flex-grow: 0; height: 14px; margin-bottom: 6px; width: 224px;\"><\/div> <div style=\" background-color: #F4F4F4; border-radius: 4px; flex-grow: 0; height: 14px; width: 144px;\"><\/div><\/div><\/a><p style=\" color:#c9c8cd; font-family:Arial,sans-serif; font-size:14px; line-height:17px; margin-bottom:0; margin-top:8px; overflow:hidden; padding:8px 0 7px; text-align:center; text-overflow:ellipsis; white-space:nowrap;\"><a href=\"https:\/\/www.instagram.com\/tv\/CdHdEDMF6J2\/?utm_source=ig_embed&amp;utm_campaign=loading\" style=\" color:#c9c8cd; font-family:Arial,sans-serif; font-size:14px; font-style:normal; font-weight:normal; line-height:17px; text-decoration:none;\" target=\"_blank\" rel=\"noopener\">Una publicaci\u00f3n compartida por Debanhi Escobar (@debanhi.escobar)<\/a><\/p><\/div><\/blockquote> <script async src=\"\/\/www.instagram.com\/embed.js\"><\/script>\n\n\n\n\n<p>La peque\u00f1a fracci\u00f3n de video compartido por el se\u00f1or Mario Escobar hasta el momento, cuenta con poco m\u00e1s de 200 mil visualizaciones y un mar de comentarios haciendo eco al grito de justicia que piden las mujeres de Nuevo Le\u00f3n y todo M\u00e9xico.<\/p>\n\n\n\n<p>\u201cUn abrazo don Mario estoy con usted hasta que se haga justicia por debanhi\u201d. \u201cJUSTICIA para Debanhi Susana Escobar Bazaldua\u201d. \u201cPor Debanhi, por todas las que no regresaron\u201d. \u201cJusticia para debanhi, NI UNA MENOS\u201d y \u201cNunca te olvidaremos Debanhi ! Esta lucha es por ti, por las que ya no est\u00e1n y no descansaremos hasta pedir justicia y que se sepa la verdad\u201d, son algunos de los miles de comentarios que se pueden encontrar en la caja de comentarios.<\/p>\n\n\n\n<p>Fue el pasado 24 de abril cuando el cantautor regional mexicano, al igual que todo el mundo de los espect\u00e1culos, no fue ajeno a la consternaci\u00f3n nacional por la muerte de Debanhi Escobar. Por ello y con una peque\u00f1a composici\u00f3n, el int\u00e9rprete de A la antig\u00fcita rindi\u00f3 homenaje a la joven que fue encontrada muerta el pasado 21 de abril y a todos los desaparecidos en M\u00e9xico.<\/p>\n\n\n\n<p>\u201cMe tiene demasiado sensible el caso de Debanhi Escobar y las miles de personas que sufren lo mismo. De la \u00fanica manera en la que me puedo expresar y sacar todo esto que siento es con mi m\u00fasica y hoy dedico esta canci\u00f3n a todos aquellos que anhelan encontrar a sus seres queridos y tambi\u00e9n a todos aquellos que anhelan ser encontrados, con mucho amor y respeto\u201d, redact\u00f3 Mu\u00f1oz en su cuenta de Instagram.<\/p>\n\n\n\n<p>El trasfondo de la canci\u00f3n Te voy a encontrar se centra en las emociones de tristeza y nostalgia de quienes buscan a las mujeres que diariamente desaparecen en el pa\u00eds.<\/p>\n\n\n\n<p>R\u00e1pidamente el post original se posicion\u00f3 en las tendencias, ocasionando una ola de comentarios divisorios, ya que algunos se\u00f1alaron al int\u00e9rprete nacido en Los Mochis, Sinaloa, como alguien que se quer\u00eda colgar del tema de la joven nuevoleonense.<\/p>\n\n\n\n<p>\u201cEst\u00e1 bonita la canci\u00f3n, pero la hubiera enfocado de manera m\u00e1s general y no s\u00f3lo en un caso, por eso se ve como oportunista, me recuerda a Amiga si lo ves de Jenni Rivera, donde pasan muchas fotos de personas desaparecidas\u201d, \u201cSi quer\u00eda colgarse, al menos hubiera hecho la tarea de ver cu\u00e1ntas desaparecidas y a todas las hubiera puesto, con esto est\u00e1 al mismo nivel que la Moni Vidente, de mal gusto\u201d y \u201cCada quien acarrea agua para su molino\u201d, son algunos comentarios recuperados v\u00eda Twitter donde arremetieron en contra el ex vocalista de Calibre 50.<\/p>\n","protected":false},"excerpt":{"rendered":"<p>La familia de la joven regiomontana hizo uso de su cuenta de Instagram para agradecer el gesto del ex vocalista de Calibre 50 Nuevo Le\u00f3n.- El se\u00f1or Mario Escobar, padre de Debanhi Escobar, extendi\u00f3 un agradecimiento al ex vocalista de la agrupaci\u00f3n mexicana Calibre 50, Ed\u00e9n Mu\u00f1oz, por la canci\u00f3n de nombre Te voy a [&hellip;]<\/p>\n","protected":false},"author":41,"featured_media":30166,"comment_status":"open","ping_status":"open","sticky":false,"template":"","format":"standard","meta":{"tdm_status":"","tdm_grid_status":"","footnotes":""},"categories":[39],"tags":[2630,2474,1576],"class_list":{"0":"post-30163","1":"post","2":"type-post","3":"status-publish","4":"format-standard","5":"has-post-thumbnail","7":"category-noticias-nacionales","8":"tag-debanhi-susana-escobar-bazaldua","9":"tag-feminicidio","10":"tag-nuevo-leon-2"},"yoast_head":"<!-- This site is optimized with the Yoast SEO plugin v27.5 - https:\/\/yoast.com\/product\/yoast-seo-wordpress\/ -->\n<title>Padre de Debanhi Escobar agradeci\u00f3 canci\u00f3n de Ed\u00e9n Mu\u00f1oz en memoria de su hija - Fuentes Fidedignas<\/title>\n<meta name=\"robots\" content=\"index, follow, max-snippet:-1, max-image-preview:large, max-video-preview:-1\" \/>\n<link rel=\"canonical\" href=\"https:\/\/fuentesfidedignas.com.mx\/index.php\/2022\/05\/04\/padre-de-debanhi-escobar-agradecio-cancion-de-eden-munoz-en-memoria-de-su-hija\/\" \/>\n<meta property=\"og:locale\" content=\"es_MX\" \/>\n<meta property=\"og:type\" content=\"article\" \/>\n<meta property=\"og:title\" content=\"Padre de Debanhi Escobar agradeci\u00f3 canci\u00f3n de Ed\u00e9n Mu\u00f1oz en memoria de su hija - Fuentes Fidedignas\" \/>\n<meta property=\"og:description\" content=\"La familia de la joven regiomontana hizo uso de su cuenta de Instagram para agradecer el gesto del ex vocalista de Calibre 50 Nuevo Le\u00f3n.- El se\u00f1or Mario Escobar, padre de Debanhi Escobar, extendi\u00f3 un agradecimiento al ex vocalista de la agrupaci\u00f3n mexicana Calibre 50, Ed\u00e9n Mu\u00f1oz, por la canci\u00f3n de nombre Te voy a [&hellip;]\" \/>\n<meta property=\"og:url\" content=\"https:\/\/fuentesfidedignas.com.mx\/index.php\/2022\/05\/04\/padre-de-debanhi-escobar-agradecio-cancion-de-eden-munoz-en-memoria-de-su-hija\/\" \/>\n<meta property=\"og:site_name\" content=\"Fuentes Fidedignas\" \/>\n<meta property=\"article:publisher\" content=\"https:\/\/www.facebook.com\/Fuentes-Fidedignas-368234489921644\" \/>\n<meta property=\"article:published_time\" content=\"2022-05-04T16:58:23+00:00\" \/>\n<meta property=\"article:modified_time\" content=\"2022-05-04T16:58:25+00:00\" \/>\n<meta property=\"og:image\" content=\"https:\/\/fuentesfidedignas.com.mx\/wp-content\/uploads\/2022\/05\/DEBAHANI.jpg\" \/>\n\t<meta property=\"og:image:width\" content=\"934\" \/>\n\t<meta property=\"og:image:height\" content=\"615\" \/>\n\t<meta property=\"og:image:type\" content=\"image\/jpeg\" \/>\n<meta name=\"author\" content=\"Infobae\" \/>\n<meta name=\"twitter:card\" content=\"summary_large_image\" \/>\n<meta name=\"twitter:creator\" content=\"@fidedignas\" \/>\n<meta name=\"twitter:site\" content=\"@fidedignas\" \/>\n<meta name=\"twitter:label1\" content=\"Escrito por\" \/>\n\t<meta name=\"twitter:data1\" content=\"Infobae\" \/>\n\t<meta name=\"twitter:label2\" content=\"Tiempo de lectura\" \/>\n\t<meta name=\"twitter:data2\" content=\"3 minutos\" \/>\n<script type=\"application\/ld+json\" class=\"yoast-schema-graph\">{\"@context\":\"https:\\\/\\\/schema.org\",\"@graph\":[{\"@type\":\"Article\",\"@id\":\"https:\\\/\\\/fuentesfidedignas.com.mx\\\/index.php\\\/2022\\\/05\\\/04\\\/padre-de-debanhi-escobar-agradecio-cancion-de-eden-munoz-en-memoria-de-su-hija\\\/#article\",\"isPartOf\":{\"@id\":\"https:\\\/\\\/fuentesfidedignas.com.mx\\\/index.php\\\/2022\\\/05\\\/04\\\/padre-de-debanhi-escobar-agradecio-cancion-de-eden-munoz-en-memoria-de-su-hija\\\/\"},\"author\":{\"name\":\"Infobae\",\"@id\":\"https:\\\/\\\/fuentesfidedignas.com.mx\\\/#\\\/schema\\\/person\\\/8575896a7c1067d352f6c1cd6582c389\"},\"headline\":\"Padre de Debanhi Escobar agradeci\u00f3 canci\u00f3n de Ed\u00e9n Mu\u00f1oz en memoria de su hija\",\"datePublished\":\"2022-05-04T16:58:23+00:00\",\"dateModified\":\"2022-05-04T16:58:25+00:00\",\"mainEntityOfPage\":{\"@id\":\"https:\\\/\\\/fuentesfidedignas.com.mx\\\/index.php\\\/2022\\\/05\\\/04\\\/padre-de-debanhi-escobar-agradecio-cancion-de-eden-munoz-en-memoria-de-su-hija\\\/\"},\"wordCount\":667,\"commentCount\":0,\"publisher\":{\"@id\":\"https:\\\/\\\/fuentesfidedignas.com.mx\\\/#organization\"},\"image\":{\"@id\":\"https:\\\/\\\/fuentesfidedignas.com.mx\\\/index.php\\\/2022\\\/05\\\/04\\\/padre-de-debanhi-escobar-agradecio-cancion-de-eden-munoz-en-memoria-de-su-hija\\\/#primaryimage\"},\"thumbnailUrl\":\"https:\\\/\\\/fuentesfidedignas.com.mx\\\/wp-content\\\/uploads\\\/2022\\\/05\\\/DEBAHANI.jpg\",\"keywords\":[\"Debanhi Susana Escobar Bazald\u00faa\",\"Feminicidio\",\"Nuevo Le\u00f3n\"],\"articleSection\":[\"NOTICIAS NACIONALES\"],\"inLanguage\":\"es\",\"potentialAction\":[{\"@type\":\"CommentAction\",\"name\":\"Comment\",\"target\":[\"https:\\\/\\\/fuentesfidedignas.com.mx\\\/index.php\\\/2022\\\/05\\\/04\\\/padre-de-debanhi-escobar-agradecio-cancion-de-eden-munoz-en-memoria-de-su-hija\\\/#respond\"]}]},{\"@type\":\"WebPage\",\"@id\":\"https:\\\/\\\/fuentesfidedignas.com.mx\\\/index.php\\\/2022\\\/05\\\/04\\\/padre-de-debanhi-escobar-agradecio-cancion-de-eden-munoz-en-memoria-de-su-hija\\\/\",\"url\":\"https:\\\/\\\/fuentesfidedignas.com.mx\\\/index.php\\\/2022\\\/05\\\/04\\\/padre-de-debanhi-escobar-agradecio-cancion-de-eden-munoz-en-memoria-de-su-hija\\\/\",\"name\":\"Padre de Debanhi Escobar agradeci\u00f3 canci\u00f3n de Ed\u00e9n Mu\u00f1oz en memoria de su hija - Fuentes Fidedignas\",\"isPartOf\":{\"@id\":\"https:\\\/\\\/fuentesfidedignas.com.mx\\\/#website\"},\"primaryImageOfPage\":{\"@id\":\"https:\\\/\\\/fuentesfidedignas.com.mx\\\/index.php\\\/2022\\\/05\\\/04\\\/padre-de-debanhi-escobar-agradecio-cancion-de-eden-munoz-en-memoria-de-su-hija\\\/#primaryimage\"},\"image\":{\"@id\":\"https:\\\/\\\/fuentesfidedignas.com.mx\\\/index.php\\\/2022\\\/05\\\/04\\\/padre-de-debanhi-escobar-agradecio-cancion-de-eden-munoz-en-memoria-de-su-hija\\\/#primaryimage\"},\"thumbnailUrl\":\"https:\\\/\\\/fuentesfidedignas.com.mx\\\/wp-content\\\/uploads\\\/2022\\\/05\\\/DEBAHANI.jpg\",\"datePublished\":\"2022-05-04T16:58:23+00:00\",\"dateModified\":\"2022-05-04T16:58:25+00:00\",\"breadcrumb\":{\"@id\":\"https:\\\/\\\/fuentesfidedignas.com.mx\\\/index.php\\\/2022\\\/05\\\/04\\\/padre-de-debanhi-escobar-agradecio-cancion-de-eden-munoz-en-memoria-de-su-hija\\\/#breadcrumb\"},\"inLanguage\":\"es\",\"potentialAction\":[{\"@type\":\"ReadAction\",\"target\":[\"https:\\\/\\\/fuentesfidedignas.com.mx\\\/index.php\\\/2022\\\/05\\\/04\\\/padre-de-debanhi-escobar-agradecio-cancion-de-eden-munoz-en-memoria-de-su-hija\\\/\"]}]},{\"@type\":\"ImageObject\",\"inLanguage\":\"es\",\"@id\":\"https:\\\/\\\/fuentesfidedignas.com.mx\\\/index.php\\\/2022\\\/05\\\/04\\\/padre-de-debanhi-escobar-agradecio-cancion-de-eden-munoz-en-memoria-de-su-hija\\\/#primaryimage\",\"url\":\"https:\\\/\\\/fuentesfidedignas.com.mx\\\/wp-content\\\/uploads\\\/2022\\\/05\\\/DEBAHANI.jpg\",\"contentUrl\":\"https:\\\/\\\/fuentesfidedignas.com.mx\\\/wp-content\\\/uploads\\\/2022\\\/05\\\/DEBAHANI.jpg\",\"width\":934,\"height\":615},{\"@type\":\"BreadcrumbList\",\"@id\":\"https:\\\/\\\/fuentesfidedignas.com.mx\\\/index.php\\\/2022\\\/05\\\/04\\\/padre-de-debanhi-escobar-agradecio-cancion-de-eden-munoz-en-memoria-de-su-hija\\\/#breadcrumb\",\"itemListElement\":[{\"@type\":\"ListItem\",\"position\":1,\"name\":\"Inicio\",\"item\":\"https:\\\/\\\/fuentesfidedignas.com.mx\\\/\"},{\"@type\":\"ListItem\",\"position\":2,\"name\":\"Padre de Debanhi Escobar agradeci\u00f3 canci\u00f3n de Ed\u00e9n Mu\u00f1oz en memoria de su hija\"}]},{\"@type\":\"WebSite\",\"@id\":\"https:\\\/\\\/fuentesfidedignas.com.mx\\\/#website\",\"url\":\"https:\\\/\\\/fuentesfidedignas.com.mx\\\/\",\"name\":\"Fuentes Fidedignas\",\"description\":\"Otro sitio realizado con WordPress\",\"publisher\":{\"@id\":\"https:\\\/\\\/fuentesfidedignas.com.mx\\\/#organization\"},\"potentialAction\":[{\"@type\":\"SearchAction\",\"target\":{\"@type\":\"EntryPoint\",\"urlTemplate\":\"https:\\\/\\\/fuentesfidedignas.com.mx\\\/?s={search_term_string}\"},\"query-input\":{\"@type\":\"PropertyValueSpecification\",\"valueRequired\":true,\"valueName\":\"search_term_string\"}}],\"inLanguage\":\"es\"},{\"@type\":\"Organization\",\"@id\":\"https:\\\/\\\/fuentesfidedignas.com.mx\\\/#organization\",\"name\":\"Fuentes Fidedignas\",\"url\":\"https:\\\/\\\/fuentesfidedignas.com.mx\\\/\",\"logo\":{\"@type\":\"ImageObject\",\"inLanguage\":\"es\",\"@id\":\"https:\\\/\\\/fuentesfidedignas.com.mx\\\/#\\\/schema\\\/logo\\\/image\\\/\",\"url\":\"https:\\\/\\\/fuentesfidedignas.com.mx\\\/wp-content\\\/uploads\\\/2021\\\/04\\\/logo-retina.png\",\"contentUrl\":\"https:\\\/\\\/fuentesfidedignas.com.mx\\\/wp-content\\\/uploads\\\/2021\\\/04\\\/logo-retina.png\",\"width\":280,\"height\":51,\"caption\":\"Fuentes Fidedignas\"},\"image\":{\"@id\":\"https:\\\/\\\/fuentesfidedignas.com.mx\\\/#\\\/schema\\\/logo\\\/image\\\/\"},\"sameAs\":[\"https:\\\/\\\/www.facebook.com\\\/Fuentes-Fidedignas-368234489921644\",\"https:\\\/\\\/x.com\\\/fidedignas\"]},{\"@type\":\"Person\",\"@id\":\"https:\\\/\\\/fuentesfidedignas.com.mx\\\/#\\\/schema\\\/person\\\/8575896a7c1067d352f6c1cd6582c389\",\"name\":\"Infobae\",\"image\":{\"@type\":\"ImageObject\",\"inLanguage\":\"es\",\"@id\":\"https:\\\/\\\/secure.gravatar.com\\\/avatar\\\/e4ec95706f8d1670343f6526fdcec45474bab17475a851434a64ca12b5acba1c?s=96&d=mm&r=g\",\"url\":\"https:\\\/\\\/secure.gravatar.com\\\/avatar\\\/e4ec95706f8d1670343f6526fdcec45474bab17475a851434a64ca12b5acba1c?s=96&d=mm&r=g\",\"contentUrl\":\"https:\\\/\\\/secure.gravatar.com\\\/avatar\\\/e4ec95706f8d1670343f6526fdcec45474bab17475a851434a64ca12b5acba1c?s=96&d=mm&r=g\",\"caption\":\"Infobae\"},\"url\":\"https:\\\/\\\/fuentesfidedignas.com.mx\\\/index.php\\\/author\\\/infobae\\\/\"}]}<\/script>\n<!-- \/ Yoast SEO plugin. -->","yoast_head_json":{"title":"Padre de Debanhi Escobar agradeci\u00f3 canci\u00f3n de Ed\u00e9n Mu\u00f1oz en memoria de su hija - Fuentes Fidedignas","robots":{"index":"index","follow":"follow","max-snippet":"max-snippet:-1","max-image-preview":"max-image-preview:large","max-video-preview":"max-video-preview:-1"},"canonical":"https:\/\/fuentesfidedignas.com.mx\/index.php\/2022\/05\/04\/padre-de-debanhi-escobar-agradecio-cancion-de-eden-munoz-en-memoria-de-su-hija\/","og_locale":"es_MX","og_type":"article","og_title":"Padre de Debanhi Escobar agradeci\u00f3 canci\u00f3n de Ed\u00e9n Mu\u00f1oz en memoria de su hija - Fuentes Fidedignas","og_description":"La familia de la joven regiomontana hizo uso de su cuenta de Instagram para agradecer el gesto del ex vocalista de Calibre 50 Nuevo Le\u00f3n.- El se\u00f1or Mario Escobar, padre de Debanhi Escobar, extendi\u00f3 un agradecimiento al ex vocalista de la agrupaci\u00f3n mexicana Calibre 50, Ed\u00e9n Mu\u00f1oz, por la canci\u00f3n de nombre Te voy a [&hellip;]","og_url":"https:\/\/fuentesfidedignas.com.mx\/index.php\/2022\/05\/04\/padre-de-debanhi-escobar-agradecio-cancion-de-eden-munoz-en-memoria-de-su-hija\/","og_site_name":"Fuentes Fidedignas","article_publisher":"https:\/\/www.facebook.com\/Fuentes-Fidedignas-368234489921644","article_published_time":"2022-05-04T16:58:23+00:00","article_modified_time":"2022-05-04T16:58:25+00:00","og_image":[{"width":934,"height":615,"url":"https:\/\/fuentesfidedignas.com.mx\/wp-content\/uploads\/2022\/05\/DEBAHANI.jpg","type":"image\/jpeg"}],"author":"Infobae","twitter_card":"summary_large_image","twitter_creator":"@fidedignas","twitter_site":"@fidedignas","twitter_misc":{"Escrito por":"Infobae","Tiempo de lectura":"3 minutos"},"schema":{"@context":"https:\/\/schema.org","@graph":[{"@type":"Article","@id":"https:\/\/fuentesfidedignas.com.mx\/index.php\/2022\/05\/04\/padre-de-debanhi-escobar-agradecio-cancion-de-eden-munoz-en-memoria-de-su-hija\/#article","isPartOf":{"@id":"https:\/\/fuentesfidedignas.com.mx\/index.php\/2022\/05\/04\/padre-de-debanhi-escobar-agradecio-cancion-de-eden-munoz-en-memoria-de-su-hija\/"},"author":{"name":"Infobae","@id":"https:\/\/fuentesfidedignas.com.mx\/#\/schema\/person\/8575896a7c1067d352f6c1cd6582c389"},"headline":"Padre de Debanhi Escobar agradeci\u00f3 canci\u00f3n de Ed\u00e9n Mu\u00f1oz en memoria de su hija","datePublished":"2022-05-04T16:58:23+00:00","dateModified":"2022-05-04T16:58:25+00:00","mainEntityOfPage":{"@id":"https:\/\/fuentesfidedignas.com.mx\/index.php\/2022\/05\/04\/padre-de-debanhi-escobar-agradecio-cancion-de-eden-munoz-en-memoria-de-su-hija\/"},"wordCount":667,"commentCount":0,"publisher":{"@id":"https:\/\/fuentesfidedignas.com.mx\/#organization"},"image":{"@id":"https:\/\/fuentesfidedignas.com.mx\/index.php\/2022\/05\/04\/padre-de-debanhi-escobar-agradecio-cancion-de-eden-munoz-en-memoria-de-su-hija\/#primaryimage"},"thumbnailUrl":"https:\/\/fuentesfidedignas.com.mx\/wp-content\/uploads\/2022\/05\/DEBAHANI.jpg","keywords":["Debanhi Susana Escobar Bazald\u00faa","Feminicidio","Nuevo Le\u00f3n"],"articleSection":["NOTICIAS NACIONALES"],"inLanguage":"es","potentialAction":[{"@type":"CommentAction","name":"Comment","target":["https:\/\/fuentesfidedignas.com.mx\/index.php\/2022\/05\/04\/padre-de-debanhi-escobar-agradecio-cancion-de-eden-munoz-en-memoria-de-su-hija\/#respond"]}]},{"@type":"WebPage","@id":"https:\/\/fuentesfidedignas.com.mx\/index.php\/2022\/05\/04\/padre-de-debanhi-escobar-agradecio-cancion-de-eden-munoz-en-memoria-de-su-hija\/","url":"https:\/\/fuentesfidedignas.com.mx\/index.php\/2022\/05\/04\/padre-de-debanhi-escobar-agradecio-cancion-de-eden-munoz-en-memoria-de-su-hija\/","name":"Padre de Debanhi Escobar agradeci\u00f3 canci\u00f3n de Ed\u00e9n Mu\u00f1oz en memoria de su hija - Fuentes Fidedignas","isPartOf":{"@id":"https:\/\/fuentesfidedignas.com.mx\/#website"},"primaryImageOfPage":{"@id":"https:\/\/fuentesfidedignas.com.mx\/index.php\/2022\/05\/04\/padre-de-debanhi-escobar-agradecio-cancion-de-eden-munoz-en-memoria-de-su-hija\/#primaryimage"},"image":{"@id":"https:\/\/fuentesfidedignas.com.mx\/index.php\/2022\/05\/04\/padre-de-debanhi-escobar-agradecio-cancion-de-eden-munoz-en-memoria-de-su-hija\/#primaryimage"},"thumbnailUrl":"https:\/\/fuentesfidedignas.com.mx\/wp-content\/uploads\/2022\/05\/DEBAHANI.jpg","datePublished":"2022-05-04T16:58:23+00:00","dateModified":"2022-05-04T16:58:25+00:00","breadcrumb":{"@id":"https:\/\/fuentesfidedignas.com.mx\/index.php\/2022\/05\/04\/padre-de-debanhi-escobar-agradecio-cancion-de-eden-munoz-en-memoria-de-su-hija\/#breadcrumb"},"inLanguage":"es","potentialAction":[{"@type":"ReadAction","target":["https:\/\/fuentesfidedignas.com.mx\/index.php\/2022\/05\/04\/padre-de-debanhi-escobar-agradecio-cancion-de-eden-munoz-en-memoria-de-su-hija\/"]}]},{"@type":"ImageObject","inLanguage":"es","@id":"https:\/\/fuentesfidedignas.com.mx\/index.php\/2022\/05\/04\/padre-de-debanhi-escobar-agradecio-cancion-de-eden-munoz-en-memoria-de-su-hija\/#primaryimage","url":"https:\/\/fuentesfidedignas.com.mx\/wp-content\/uploads\/2022\/05\/DEBAHANI.jpg","contentUrl":"https:\/\/fuentesfidedignas.com.mx\/wp-content\/uploads\/2022\/05\/DEBAHANI.jpg","width":934,"height":615},{"@type":"BreadcrumbList","@id":"https:\/\/fuentesfidedignas.com.mx\/index.php\/2022\/05\/04\/padre-de-debanhi-escobar-agradecio-cancion-de-eden-munoz-en-memoria-de-su-hija\/#breadcrumb","itemListElement":[{"@type":"ListItem","position":1,"name":"Inicio","item":"https:\/\/fuentesfidedignas.com.mx\/"},{"@type":"ListItem","position":2,"name":"Padre de Debanhi Escobar agradeci\u00f3 canci\u00f3n de Ed\u00e9n Mu\u00f1oz en memoria de su hija"}]},{"@type":"WebSite","@id":"https:\/\/fuentesfidedignas.com.mx\/#website","url":"https:\/\/fuentesfidedignas.com.mx\/","name":"Fuentes Fidedignas","description":"Otro sitio realizado con WordPress","publisher":{"@id":"https:\/\/fuentesfidedignas.com.mx\/#organization"},"potentialAction":[{"@type":"SearchAction","target":{"@type":"EntryPoint","urlTemplate":"https:\/\/fuentesfidedignas.com.mx\/?s={search_term_string}"},"query-input":{"@type":"PropertyValueSpecification","valueRequired":true,"valueName":"search_term_string"}}],"inLanguage":"es"},{"@type":"Organization","@id":"https:\/\/fuentesfidedignas.com.mx\/#organization","name":"Fuentes Fidedignas","url":"https:\/\/fuentesfidedignas.com.mx\/","logo":{"@type":"ImageObject","inLanguage":"es","@id":"https:\/\/fuentesfidedignas.com.mx\/#\/schema\/logo\/image\/","url":"https:\/\/fuentesfidedignas.com.mx\/wp-content\/uploads\/2021\/04\/logo-retina.png","contentUrl":"https:\/\/fuentesfidedignas.com.mx\/wp-content\/uploads\/2021\/04\/logo-retina.png","width":280,"height":51,"caption":"Fuentes Fidedignas"},"image":{"@id":"https:\/\/fuentesfidedignas.com.mx\/#\/schema\/logo\/image\/"},"sameAs":["https:\/\/www.facebook.com\/Fuentes-Fidedignas-368234489921644","https:\/\/x.com\/fidedignas"]},{"@type":"Person","@id":"https:\/\/fuentesfidedignas.com.mx\/#\/schema\/person\/8575896a7c1067d352f6c1cd6582c389","name":"Infobae","image":{"@type":"ImageObject","inLanguage":"es","@id":"https:\/\/secure.gravatar.com\/avatar\/e4ec95706f8d1670343f6526fdcec45474bab17475a851434a64ca12b5acba1c?s=96&d=mm&r=g","url":"https:\/\/secure.gravatar.com\/avatar\/e4ec95706f8d1670343f6526fdcec45474bab17475a851434a64ca12b5acba1c?s=96&d=mm&r=g","contentUrl":"https:\/\/secure.gravatar.com\/avatar\/e4ec95706f8d1670343f6526fdcec45474bab17475a851434a64ca12b5acba1c?s=96&d=mm&r=g","caption":"Infobae"},"url":"https:\/\/fuentesfidedignas.com.mx\/index.php\/author\/infobae\/"}]}},"_links":{"self":[{"href":"https:\/\/fuentesfidedignas.com.mx\/index.php\/wp-json\/wp\/v2\/posts\/30163","targetHints":{"allow":["GET"]}}],"collection":[{"href":"https:\/\/fuentesfidedignas.com.mx\/index.php\/wp-json\/wp\/v2\/posts"}],"about":[{"href":"https:\/\/fuentesfidedignas.com.mx\/index.php\/wp-json\/wp\/v2\/types\/post"}],"author":[{"embeddable":true,"href":"https:\/\/fuentesfidedignas.com.mx\/index.php\/wp-json\/wp\/v2\/users\/41"}],"replies":[{"embeddable":true,"href":"https:\/\/fuentesfidedignas.com.mx\/index.php\/wp-json\/wp\/v2\/comments?post=30163"}],"version-history":[{"count":1,"href":"https:\/\/fuentesfidedignas.com.mx\/index.php\/wp-json\/wp\/v2\/posts\/30163\/revisions"}],"predecessor-version":[{"id":30167,"href":"https:\/\/fuentesfidedignas.com.mx\/index.php\/wp-json\/wp\/v2\/posts\/30163\/revisions\/30167"}],"wp:featuredmedia":[{"embeddable":true,"href":"https:\/\/fuentesfidedignas.com.mx\/index.php\/wp-json\/wp\/v2\/media\/30166"}],"wp:attachment":[{"href":"https:\/\/fuentesfidedignas.com.mx\/index.php\/wp-json\/wp\/v2\/media?parent=30163"}],"wp:term":[{"taxonomy":"category","embeddable":true,"href":"https:\/\/fuentesfidedignas.com.mx\/index.php\/wp-json\/wp\/v2\/categories?post=30163"},{"taxonomy":"post_tag","embeddable":true,"href":"https:\/\/fuentesfidedignas.com.mx\/index.php\/wp-json\/wp\/v2\/tags?post=30163"}],"curies":[{"name":"wp","href":"https:\/\/api.w.org\/{rel}","templated":true}]}}