{"id":30055,"date":"2022-05-03T11:24:34","date_gmt":"2022-05-03T17:24:34","guid":{"rendered":"https:\/\/fuentesfidedignas.com.mx\/?p=30055"},"modified":"2022-05-03T11:40:29","modified_gmt":"2022-05-03T17:40:29","slug":"devotos-y-seguidores-de-jesus-malverde-festejan-a-su-santo","status":"publish","type":"post","link":"https:\/\/fuentesfidedignas.com.mx\/index.php\/2022\/05\/03\/devotos-y-seguidores-de-jesus-malverde-festejan-a-su-santo\/","title":{"rendered":"Devotos y seguidores de Jes\u00fas Malverde festejan a su &#8220;santo&#8221;"},"content":{"rendered":"\n<p><strong><em>Jes\u00fas Malverde es reconocido y celebrado cada 3 de mayo en la capital sinaloense como el santo patr\u00f3n de los narcotraficantes<\/em><\/strong><\/p>\n\n\n\n<p>Culiac\u00e1n, Sin.- Desde la madrugada de hoy 3 de mayo, los seguidores de Jes\u00fas Malverde empezaron a llegar a su capilla para celebrar su vida y agradecerle los favores que le han solicitado.<\/p>\n\n\n\n<p>Cabe destarar que a lo largo de todo el a\u00f1o con a\u00f1o miles de creyentes de todos los rincones del pa\u00eds acuden para poner toda su fe ante la figura de Malverde, hacer alguna petici\u00f3n o simplemente a curiosear, pues el recinto incluso se ha convertido en uno de los puntos tur\u00edsticos imperdibles de la capital del estado.<\/p>\n\n\n\n<p><strong>Historia de Malverde<\/strong><\/p>\n\n\n\n<p>A principios de la d\u00e9cada de los 70 en el norte de M\u00e9xico se populariz\u00f3 un singular culto a la figura de un hombre adulto de tez blanca, mirada profunda y cabello negro: Jes\u00fas Malverde. Aunque la leyenda de este curioso personaje se remonta a principios de los a\u00f1os 90, la desolaci\u00f3n econ\u00f3mica y social del pa\u00eds propiciaron que la devoci\u00f3n de este Robin Hodd mexicano traspasara fronteras sociales y geogr\u00e1ficas.<\/p>\n\n\n\n<p>No obstante, con el pasar de los a\u00f1os fueron apareciendo nuevas figuras de bandidos, que al igual que \u00e9l, se movieron en el terreno de la ilegalidad y poco a poco fueron borrando la tenue l\u00ednea entre la caridad y la corrupci\u00f3n, resignificando totalmente el culto a Jes\u00fas Malverde a quien actualmente muchos reconocen como el santo de los narcotraficantes.<\/p>\n\n\n\n<p>Con el intenso sol del norte de M\u00e9xico como testigo, en la ciudad de Culiac\u00e1n, Sinaloa se construy\u00f3 una modesta capilla en honor al bandido, donde a\u00f1o con a\u00f1o miles de creyentes de todos los rincones del pa\u00eds acuden para poner toda su fe en la figura de Malverde, hacer alguna petici\u00f3n o simplemente a curiosear, pues el recinto incluso se ha convertido en uno de los puntos tur\u00edsticos imperdibles de la capital del estado norte\u00f1o.<\/p>\n\n\n\n<p>Veladoras, escapularios, fotograf\u00edas y esculturas de diferentes tama\u00f1os de Jes\u00fas Malverde se observan al interior de la capilla de Cuiliac\u00e1n; sus muros tapizados de d\u00f3lares con mensajes no solo guardan las plegarias de sus fieles seguidores sino tambi\u00e9n uno que otro secreto de importantes capos del narcotr\u00e1fico entre los que destaca Joaqu\u00edn Guazm\u00e1n Loera.<\/p>\n\n\n\n<p>La devoci\u00f3n de El Chapo a Jes\u00fas Malverde se sustenta en una leyenda que cuenta la visita del capo a la capilla de Culiac\u00e1n en donde entre los objetos religiosos que rodean la figura de Malverde se pod\u00eda leer una nota que dec\u00eda: \u201cGracias, patr\u00f3n. Humildemente hoy te pido s\u00f3lo Ju\u00e1rez y Tijuana. Por lo dem\u00e1s, infinitas gracias. Firmado por: JGL, El Chapo\u201d.<\/p>\n\n\n\n<p>A\u00f1os m\u00e1s tarde Joaqu\u00edn Guzm\u00e1n Loera fue capturado y extraditado a Estados Unidos en donde se encuentra privado de su libertad en la c\u00e1rcel de m\u00e1xima seguridad ADX Florence, en Colorado. No obstante, en 2018 mientras se llevaba a cabo su juicio en una corte de Nueva York, una figura de aproximadamente 6 cent\u00edmetros de Jes\u00fas Malverde apareci\u00f3 misteriosamente sobre un armario de metal a la entrada de la sala en donde el narcotraficante ser\u00eda sentenciado a cadena perpetua.<\/p>\n\n\n\n<p>De acuerdo al art\u00edculo Bendito t\u00fa eres entre todos los bandidos: el culto transfronterizo a Jes\u00fas Malverde (2019) del Colegio de M\u00e9xico, la m\u00edtica historia de Jes\u00fas Malverde coincide con el auge de la Revoluci\u00f3n Mexicana. En tiempos de miseria y opresi\u00f3n para las clases sociales olvidadas por Porfirio D\u00edaz, la figura de un bandido que robaba a los ricos para compartir el mot\u00edn con los pobres campesinos cobr\u00f3 gran credibilidad y se fue extendiendo a trav\u00e9s de poemas y canciones hasta moldearlo como una figura religiosa.<\/p>\n\n\n\n<p>Aunque no existe una fuente fidedigna que lo constate, se cree que Jes\u00fas Ju\u00e1rez Mazo era el nombre original de este singular personaje, seg\u00fan la leyenda era hijo de una familia de escasos recursos; tras ver morir a sus padres de hambre y al percatarse de las riquezas de los millonarios due\u00f1os de haciendas pose\u00edan, opt\u00f3 por asaltar y robar sus pertenencias para despu\u00e9s compartirlas con los sectores m\u00e1s vulnerables del estado de Sinaloa.<\/p>\n\n\n\n<p>Con el tiempo, el bandido se gan\u00f3 el cari\u00f1o de todos aquellos a quienes ayudaba pero tambi\u00e9n se convirti\u00f3 en uno de los personajes m\u00e1s buscados por las autoridades. El relato tambi\u00e9n cuenta que el apodo de Malverde se lo gan\u00f3 gracias a que despu\u00e9s de cometer sus atracos, el bandido se escond\u00eda entre los verdes platanales de la regi\u00f3n, hasta perderse de la vista de todo aquel que intentara capturarlo.<\/p>\n\n\n\n<p>Fue hasta el a\u00f1o 1909 que el gobernador Francisco Ca\u00f1edo y el ej\u00e9rcito ofrecieron una jugosa recompensa a quien lograra capturar al bandido, pero fue hasta el 3 de mayo -d\u00eda que es dedicado al \u201csanto\u201d- que la polic\u00eda logr\u00f3 apresar a Jes\u00fas Malverde.<\/p>\n\n\n\n<p>Tras ser capturado por las autoridades a Jes\u00fas Malverde se le conden\u00f3 a muerte; fue ahorcado y su cuerpo qued\u00f3 expuesto durante d\u00edas ante todo el pueblo como ejemplo de lo que le pasar\u00eda a todo aquel que siguiera sus pasos. Aunque la cruda imagen de su cuerpo en descomposici\u00f3n pudiera haber aterrado a cualquiera, fue bajo este contexto que se cree que Jes\u00fas Malverde realiz\u00f3 su primer milagro.<\/p>\n\n\n\n<p>Un campesino que hab\u00eda extraviado su ganado se par\u00f3 a los pies del cuerpo de Malverde y le pidi\u00f3 ayuda para encontrar a sus vacas y toros, a cambio, el humilde hombre le prometi\u00f3 que le dar\u00eda una sepultura digna a su cuerpo. Fue cuesti\u00f3n de tiempo para que el milagro se cumpliera, el hombre recupero sus animales y regres\u00f3 al sitio en donde yac\u00edan a\u00fan colgados los restos del bandido, lo baj\u00f3 y le dio santa sepultura en una fosa del barrio La Redonda, de Culiac\u00e1n, Sinaloa.<\/p>\n\n\n\n<p>De pronto, la fama del milagroso buen ladr\u00f3n se expandi\u00f3 de boca en boca por todo el estado, siendo personas humildes las principales creyentes y testigos de los milagros que Jes\u00fas Malverde ha realizado a lo largo de toda la historia de su culto. Si bien con el paso del tiempo se ha resignificado su figura y se llega a creer que \u00fanicamente narcotraficantes creen en \u00e9l; la realidad es que son miles de creyentes los que acuden a pedirle a la figura de este bandido que les conceda sus m\u00e1s anheladas plegarias, desde narcotraficantes hasta migrantes y desvalidos.<\/p>\n","protected":false},"excerpt":{"rendered":"<p>Jes\u00fas Malverde es reconocido y celebrado cada 3 de mayo en la capital sinaloense como el santo patr\u00f3n de los narcotraficantes Culiac\u00e1n, Sin.- Desde la madrugada de hoy 3 de mayo, los seguidores de Jes\u00fas Malverde empezaron a llegar a su capilla para celebrar su vida y agradecerle los favores que le han solicitado. Cabe [&hellip;]<\/p>\n","protected":false},"author":41,"featured_media":30056,"comment_status":"open","ping_status":"open","sticky":false,"template":"","format":"standard","meta":{"tdm_status":"","tdm_grid_status":"","footnotes":""},"categories":[37],"tags":[],"class_list":{"0":"post-30055","1":"post","2":"type-post","3":"status-publish","4":"format-standard","5":"has-post-thumbnail","7":"category-nota-principal"},"yoast_head":"<!-- This site is optimized with the Yoast SEO plugin v27.5 - https:\/\/yoast.com\/product\/yoast-seo-wordpress\/ -->\n<title>Devotos y seguidores de Jes\u00fas Malverde festejan a su &quot;santo&quot; - Fuentes Fidedignas<\/title>\n<meta name=\"robots\" content=\"index, follow, max-snippet:-1, max-image-preview:large, max-video-preview:-1\" \/>\n<link rel=\"canonical\" href=\"https:\/\/fuentesfidedignas.com.mx\/index.php\/2022\/05\/03\/devotos-y-seguidores-de-jesus-malverde-festejan-a-su-santo\/\" \/>\n<meta property=\"og:locale\" content=\"es_MX\" \/>\n<meta property=\"og:type\" content=\"article\" \/>\n<meta property=\"og:title\" content=\"Devotos y seguidores de Jes\u00fas Malverde festejan a su &quot;santo&quot; - Fuentes Fidedignas\" \/>\n<meta property=\"og:description\" content=\"Jes\u00fas Malverde es reconocido y celebrado cada 3 de mayo en la capital sinaloense como el santo patr\u00f3n de los narcotraficantes Culiac\u00e1n, Sin.- Desde la madrugada de hoy 3 de mayo, los seguidores de Jes\u00fas Malverde empezaron a llegar a su capilla para celebrar su vida y agradecerle los favores que le han solicitado. Cabe [&hellip;]\" \/>\n<meta property=\"og:url\" content=\"https:\/\/fuentesfidedignas.com.mx\/index.php\/2022\/05\/03\/devotos-y-seguidores-de-jesus-malverde-festejan-a-su-santo\/\" \/>\n<meta property=\"og:site_name\" content=\"Fuentes Fidedignas\" \/>\n<meta property=\"article:publisher\" content=\"https:\/\/www.facebook.com\/Fuentes-Fidedignas-368234489921644\" \/>\n<meta property=\"article:published_time\" content=\"2022-05-03T17:24:34+00:00\" \/>\n<meta property=\"article:modified_time\" content=\"2022-05-03T17:40:29+00:00\" \/>\n<meta property=\"og:image\" content=\"https:\/\/fuentesfidedignas.com.mx\/wp-content\/uploads\/2022\/05\/Malverde.jpg\" \/>\n\t<meta property=\"og:image:width\" content=\"820\" \/>\n\t<meta property=\"og:image:height\" content=\"566\" \/>\n\t<meta property=\"og:image:type\" content=\"image\/jpeg\" \/>\n<meta name=\"author\" content=\"Infobae\" \/>\n<meta name=\"twitter:card\" content=\"summary_large_image\" \/>\n<meta name=\"twitter:creator\" content=\"@fidedignas\" \/>\n<meta name=\"twitter:site\" content=\"@fidedignas\" \/>\n<meta name=\"twitter:label1\" content=\"Escrito por\" \/>\n\t<meta name=\"twitter:data1\" content=\"Infobae\" \/>\n\t<meta name=\"twitter:label2\" content=\"Tiempo de lectura\" \/>\n\t<meta name=\"twitter:data2\" content=\"5 minutos\" \/>\n<script type=\"application\/ld+json\" class=\"yoast-schema-graph\">{\"@context\":\"https:\\\/\\\/schema.org\",\"@graph\":[{\"@type\":\"Article\",\"@id\":\"https:\\\/\\\/fuentesfidedignas.com.mx\\\/index.php\\\/2022\\\/05\\\/03\\\/devotos-y-seguidores-de-jesus-malverde-festejan-a-su-santo\\\/#article\",\"isPartOf\":{\"@id\":\"https:\\\/\\\/fuentesfidedignas.com.mx\\\/index.php\\\/2022\\\/05\\\/03\\\/devotos-y-seguidores-de-jesus-malverde-festejan-a-su-santo\\\/\"},\"author\":{\"name\":\"Infobae\",\"@id\":\"https:\\\/\\\/fuentesfidedignas.com.mx\\\/#\\\/schema\\\/person\\\/8575896a7c1067d352f6c1cd6582c389\"},\"headline\":\"Devotos y seguidores de Jes\u00fas Malverde festejan a su &#8220;santo&#8221;\",\"datePublished\":\"2022-05-03T17:24:34+00:00\",\"dateModified\":\"2022-05-03T17:40:29+00:00\",\"mainEntityOfPage\":{\"@id\":\"https:\\\/\\\/fuentesfidedignas.com.mx\\\/index.php\\\/2022\\\/05\\\/03\\\/devotos-y-seguidores-de-jesus-malverde-festejan-a-su-santo\\\/\"},\"wordCount\":1155,\"commentCount\":0,\"publisher\":{\"@id\":\"https:\\\/\\\/fuentesfidedignas.com.mx\\\/#organization\"},\"image\":{\"@id\":\"https:\\\/\\\/fuentesfidedignas.com.mx\\\/index.php\\\/2022\\\/05\\\/03\\\/devotos-y-seguidores-de-jesus-malverde-festejan-a-su-santo\\\/#primaryimage\"},\"thumbnailUrl\":\"https:\\\/\\\/fuentesfidedignas.com.mx\\\/wp-content\\\/uploads\\\/2022\\\/05\\\/Malverde.jpg\",\"articleSection\":[\"NOTA PRINCIPAL\"],\"inLanguage\":\"es\",\"potentialAction\":[{\"@type\":\"CommentAction\",\"name\":\"Comment\",\"target\":[\"https:\\\/\\\/fuentesfidedignas.com.mx\\\/index.php\\\/2022\\\/05\\\/03\\\/devotos-y-seguidores-de-jesus-malverde-festejan-a-su-santo\\\/#respond\"]}]},{\"@type\":\"WebPage\",\"@id\":\"https:\\\/\\\/fuentesfidedignas.com.mx\\\/index.php\\\/2022\\\/05\\\/03\\\/devotos-y-seguidores-de-jesus-malverde-festejan-a-su-santo\\\/\",\"url\":\"https:\\\/\\\/fuentesfidedignas.com.mx\\\/index.php\\\/2022\\\/05\\\/03\\\/devotos-y-seguidores-de-jesus-malverde-festejan-a-su-santo\\\/\",\"name\":\"Devotos y seguidores de Jes\u00fas Malverde festejan a su \\\"santo\\\" - Fuentes Fidedignas\",\"isPartOf\":{\"@id\":\"https:\\\/\\\/fuentesfidedignas.com.mx\\\/#website\"},\"primaryImageOfPage\":{\"@id\":\"https:\\\/\\\/fuentesfidedignas.com.mx\\\/index.php\\\/2022\\\/05\\\/03\\\/devotos-y-seguidores-de-jesus-malverde-festejan-a-su-santo\\\/#primaryimage\"},\"image\":{\"@id\":\"https:\\\/\\\/fuentesfidedignas.com.mx\\\/index.php\\\/2022\\\/05\\\/03\\\/devotos-y-seguidores-de-jesus-malverde-festejan-a-su-santo\\\/#primaryimage\"},\"thumbnailUrl\":\"https:\\\/\\\/fuentesfidedignas.com.mx\\\/wp-content\\\/uploads\\\/2022\\\/05\\\/Malverde.jpg\",\"datePublished\":\"2022-05-03T17:24:34+00:00\",\"dateModified\":\"2022-05-03T17:40:29+00:00\",\"breadcrumb\":{\"@id\":\"https:\\\/\\\/fuentesfidedignas.com.mx\\\/index.php\\\/2022\\\/05\\\/03\\\/devotos-y-seguidores-de-jesus-malverde-festejan-a-su-santo\\\/#breadcrumb\"},\"inLanguage\":\"es\",\"potentialAction\":[{\"@type\":\"ReadAction\",\"target\":[\"https:\\\/\\\/fuentesfidedignas.com.mx\\\/index.php\\\/2022\\\/05\\\/03\\\/devotos-y-seguidores-de-jesus-malverde-festejan-a-su-santo\\\/\"]}]},{\"@type\":\"ImageObject\",\"inLanguage\":\"es\",\"@id\":\"https:\\\/\\\/fuentesfidedignas.com.mx\\\/index.php\\\/2022\\\/05\\\/03\\\/devotos-y-seguidores-de-jesus-malverde-festejan-a-su-santo\\\/#primaryimage\",\"url\":\"https:\\\/\\\/fuentesfidedignas.com.mx\\\/wp-content\\\/uploads\\\/2022\\\/05\\\/Malverde.jpg\",\"contentUrl\":\"https:\\\/\\\/fuentesfidedignas.com.mx\\\/wp-content\\\/uploads\\\/2022\\\/05\\\/Malverde.jpg\",\"width\":820,\"height\":566},{\"@type\":\"BreadcrumbList\",\"@id\":\"https:\\\/\\\/fuentesfidedignas.com.mx\\\/index.php\\\/2022\\\/05\\\/03\\\/devotos-y-seguidores-de-jesus-malverde-festejan-a-su-santo\\\/#breadcrumb\",\"itemListElement\":[{\"@type\":\"ListItem\",\"position\":1,\"name\":\"Inicio\",\"item\":\"https:\\\/\\\/fuentesfidedignas.com.mx\\\/\"},{\"@type\":\"ListItem\",\"position\":2,\"name\":\"Devotos y seguidores de Jes\u00fas Malverde festejan a su &#8220;santo&#8221;\"}]},{\"@type\":\"WebSite\",\"@id\":\"https:\\\/\\\/fuentesfidedignas.com.mx\\\/#website\",\"url\":\"https:\\\/\\\/fuentesfidedignas.com.mx\\\/\",\"name\":\"Fuentes Fidedignas\",\"description\":\"Otro sitio realizado con WordPress\",\"publisher\":{\"@id\":\"https:\\\/\\\/fuentesfidedignas.com.mx\\\/#organization\"},\"potentialAction\":[{\"@type\":\"SearchAction\",\"target\":{\"@type\":\"EntryPoint\",\"urlTemplate\":\"https:\\\/\\\/fuentesfidedignas.com.mx\\\/?s={search_term_string}\"},\"query-input\":{\"@type\":\"PropertyValueSpecification\",\"valueRequired\":true,\"valueName\":\"search_term_string\"}}],\"inLanguage\":\"es\"},{\"@type\":\"Organization\",\"@id\":\"https:\\\/\\\/fuentesfidedignas.com.mx\\\/#organization\",\"name\":\"Fuentes Fidedignas\",\"url\":\"https:\\\/\\\/fuentesfidedignas.com.mx\\\/\",\"logo\":{\"@type\":\"ImageObject\",\"inLanguage\":\"es\",\"@id\":\"https:\\\/\\\/fuentesfidedignas.com.mx\\\/#\\\/schema\\\/logo\\\/image\\\/\",\"url\":\"https:\\\/\\\/fuentesfidedignas.com.mx\\\/wp-content\\\/uploads\\\/2021\\\/04\\\/logo-retina.png\",\"contentUrl\":\"https:\\\/\\\/fuentesfidedignas.com.mx\\\/wp-content\\\/uploads\\\/2021\\\/04\\\/logo-retina.png\",\"width\":280,\"height\":51,\"caption\":\"Fuentes Fidedignas\"},\"image\":{\"@id\":\"https:\\\/\\\/fuentesfidedignas.com.mx\\\/#\\\/schema\\\/logo\\\/image\\\/\"},\"sameAs\":[\"https:\\\/\\\/www.facebook.com\\\/Fuentes-Fidedignas-368234489921644\",\"https:\\\/\\\/x.com\\\/fidedignas\"]},{\"@type\":\"Person\",\"@id\":\"https:\\\/\\\/fuentesfidedignas.com.mx\\\/#\\\/schema\\\/person\\\/8575896a7c1067d352f6c1cd6582c389\",\"name\":\"Infobae\",\"image\":{\"@type\":\"ImageObject\",\"inLanguage\":\"es\",\"@id\":\"https:\\\/\\\/secure.gravatar.com\\\/avatar\\\/e4ec95706f8d1670343f6526fdcec45474bab17475a851434a64ca12b5acba1c?s=96&d=mm&r=g\",\"url\":\"https:\\\/\\\/secure.gravatar.com\\\/avatar\\\/e4ec95706f8d1670343f6526fdcec45474bab17475a851434a64ca12b5acba1c?s=96&d=mm&r=g\",\"contentUrl\":\"https:\\\/\\\/secure.gravatar.com\\\/avatar\\\/e4ec95706f8d1670343f6526fdcec45474bab17475a851434a64ca12b5acba1c?s=96&d=mm&r=g\",\"caption\":\"Infobae\"},\"url\":\"https:\\\/\\\/fuentesfidedignas.com.mx\\\/index.php\\\/author\\\/infobae\\\/\"}]}<\/script>\n<!-- \/ Yoast SEO plugin. -->","yoast_head_json":{"title":"Devotos y seguidores de Jes\u00fas Malverde festejan a su \"santo\" - Fuentes Fidedignas","robots":{"index":"index","follow":"follow","max-snippet":"max-snippet:-1","max-image-preview":"max-image-preview:large","max-video-preview":"max-video-preview:-1"},"canonical":"https:\/\/fuentesfidedignas.com.mx\/index.php\/2022\/05\/03\/devotos-y-seguidores-de-jesus-malverde-festejan-a-su-santo\/","og_locale":"es_MX","og_type":"article","og_title":"Devotos y seguidores de Jes\u00fas Malverde festejan a su \"santo\" - Fuentes Fidedignas","og_description":"Jes\u00fas Malverde es reconocido y celebrado cada 3 de mayo en la capital sinaloense como el santo patr\u00f3n de los narcotraficantes Culiac\u00e1n, Sin.- Desde la madrugada de hoy 3 de mayo, los seguidores de Jes\u00fas Malverde empezaron a llegar a su capilla para celebrar su vida y agradecerle los favores que le han solicitado. Cabe [&hellip;]","og_url":"https:\/\/fuentesfidedignas.com.mx\/index.php\/2022\/05\/03\/devotos-y-seguidores-de-jesus-malverde-festejan-a-su-santo\/","og_site_name":"Fuentes Fidedignas","article_publisher":"https:\/\/www.facebook.com\/Fuentes-Fidedignas-368234489921644","article_published_time":"2022-05-03T17:24:34+00:00","article_modified_time":"2022-05-03T17:40:29+00:00","og_image":[{"width":820,"height":566,"url":"https:\/\/fuentesfidedignas.com.mx\/wp-content\/uploads\/2022\/05\/Malverde.jpg","type":"image\/jpeg"}],"author":"Infobae","twitter_card":"summary_large_image","twitter_creator":"@fidedignas","twitter_site":"@fidedignas","twitter_misc":{"Escrito por":"Infobae","Tiempo de lectura":"5 minutos"},"schema":{"@context":"https:\/\/schema.org","@graph":[{"@type":"Article","@id":"https:\/\/fuentesfidedignas.com.mx\/index.php\/2022\/05\/03\/devotos-y-seguidores-de-jesus-malverde-festejan-a-su-santo\/#article","isPartOf":{"@id":"https:\/\/fuentesfidedignas.com.mx\/index.php\/2022\/05\/03\/devotos-y-seguidores-de-jesus-malverde-festejan-a-su-santo\/"},"author":{"name":"Infobae","@id":"https:\/\/fuentesfidedignas.com.mx\/#\/schema\/person\/8575896a7c1067d352f6c1cd6582c389"},"headline":"Devotos y seguidores de Jes\u00fas Malverde festejan a su &#8220;santo&#8221;","datePublished":"2022-05-03T17:24:34+00:00","dateModified":"2022-05-03T17:40:29+00:00","mainEntityOfPage":{"@id":"https:\/\/fuentesfidedignas.com.mx\/index.php\/2022\/05\/03\/devotos-y-seguidores-de-jesus-malverde-festejan-a-su-santo\/"},"wordCount":1155,"commentCount":0,"publisher":{"@id":"https:\/\/fuentesfidedignas.com.mx\/#organization"},"image":{"@id":"https:\/\/fuentesfidedignas.com.mx\/index.php\/2022\/05\/03\/devotos-y-seguidores-de-jesus-malverde-festejan-a-su-santo\/#primaryimage"},"thumbnailUrl":"https:\/\/fuentesfidedignas.com.mx\/wp-content\/uploads\/2022\/05\/Malverde.jpg","articleSection":["NOTA PRINCIPAL"],"inLanguage":"es","potentialAction":[{"@type":"CommentAction","name":"Comment","target":["https:\/\/fuentesfidedignas.com.mx\/index.php\/2022\/05\/03\/devotos-y-seguidores-de-jesus-malverde-festejan-a-su-santo\/#respond"]}]},{"@type":"WebPage","@id":"https:\/\/fuentesfidedignas.com.mx\/index.php\/2022\/05\/03\/devotos-y-seguidores-de-jesus-malverde-festejan-a-su-santo\/","url":"https:\/\/fuentesfidedignas.com.mx\/index.php\/2022\/05\/03\/devotos-y-seguidores-de-jesus-malverde-festejan-a-su-santo\/","name":"Devotos y seguidores de Jes\u00fas Malverde festejan a su \"santo\" - Fuentes Fidedignas","isPartOf":{"@id":"https:\/\/fuentesfidedignas.com.mx\/#website"},"primaryImageOfPage":{"@id":"https:\/\/fuentesfidedignas.com.mx\/index.php\/2022\/05\/03\/devotos-y-seguidores-de-jesus-malverde-festejan-a-su-santo\/#primaryimage"},"image":{"@id":"https:\/\/fuentesfidedignas.com.mx\/index.php\/2022\/05\/03\/devotos-y-seguidores-de-jesus-malverde-festejan-a-su-santo\/#primaryimage"},"thumbnailUrl":"https:\/\/fuentesfidedignas.com.mx\/wp-content\/uploads\/2022\/05\/Malverde.jpg","datePublished":"2022-05-03T17:24:34+00:00","dateModified":"2022-05-03T17:40:29+00:00","breadcrumb":{"@id":"https:\/\/fuentesfidedignas.com.mx\/index.php\/2022\/05\/03\/devotos-y-seguidores-de-jesus-malverde-festejan-a-su-santo\/#breadcrumb"},"inLanguage":"es","potentialAction":[{"@type":"ReadAction","target":["https:\/\/fuentesfidedignas.com.mx\/index.php\/2022\/05\/03\/devotos-y-seguidores-de-jesus-malverde-festejan-a-su-santo\/"]}]},{"@type":"ImageObject","inLanguage":"es","@id":"https:\/\/fuentesfidedignas.com.mx\/index.php\/2022\/05\/03\/devotos-y-seguidores-de-jesus-malverde-festejan-a-su-santo\/#primaryimage","url":"https:\/\/fuentesfidedignas.com.mx\/wp-content\/uploads\/2022\/05\/Malverde.jpg","contentUrl":"https:\/\/fuentesfidedignas.com.mx\/wp-content\/uploads\/2022\/05\/Malverde.jpg","width":820,"height":566},{"@type":"BreadcrumbList","@id":"https:\/\/fuentesfidedignas.com.mx\/index.php\/2022\/05\/03\/devotos-y-seguidores-de-jesus-malverde-festejan-a-su-santo\/#breadcrumb","itemListElement":[{"@type":"ListItem","position":1,"name":"Inicio","item":"https:\/\/fuentesfidedignas.com.mx\/"},{"@type":"ListItem","position":2,"name":"Devotos y seguidores de Jes\u00fas Malverde festejan a su &#8220;santo&#8221;"}]},{"@type":"WebSite","@id":"https:\/\/fuentesfidedignas.com.mx\/#website","url":"https:\/\/fuentesfidedignas.com.mx\/","name":"Fuentes Fidedignas","description":"Otro sitio realizado con WordPress","publisher":{"@id":"https:\/\/fuentesfidedignas.com.mx\/#organization"},"potentialAction":[{"@type":"SearchAction","target":{"@type":"EntryPoint","urlTemplate":"https:\/\/fuentesfidedignas.com.mx\/?s={search_term_string}"},"query-input":{"@type":"PropertyValueSpecification","valueRequired":true,"valueName":"search_term_string"}}],"inLanguage":"es"},{"@type":"Organization","@id":"https:\/\/fuentesfidedignas.com.mx\/#organization","name":"Fuentes Fidedignas","url":"https:\/\/fuentesfidedignas.com.mx\/","logo":{"@type":"ImageObject","inLanguage":"es","@id":"https:\/\/fuentesfidedignas.com.mx\/#\/schema\/logo\/image\/","url":"https:\/\/fuentesfidedignas.com.mx\/wp-content\/uploads\/2021\/04\/logo-retina.png","contentUrl":"https:\/\/fuentesfidedignas.com.mx\/wp-content\/uploads\/2021\/04\/logo-retina.png","width":280,"height":51,"caption":"Fuentes Fidedignas"},"image":{"@id":"https:\/\/fuentesfidedignas.com.mx\/#\/schema\/logo\/image\/"},"sameAs":["https:\/\/www.facebook.com\/Fuentes-Fidedignas-368234489921644","https:\/\/x.com\/fidedignas"]},{"@type":"Person","@id":"https:\/\/fuentesfidedignas.com.mx\/#\/schema\/person\/8575896a7c1067d352f6c1cd6582c389","name":"Infobae","image":{"@type":"ImageObject","inLanguage":"es","@id":"https:\/\/secure.gravatar.com\/avatar\/e4ec95706f8d1670343f6526fdcec45474bab17475a851434a64ca12b5acba1c?s=96&d=mm&r=g","url":"https:\/\/secure.gravatar.com\/avatar\/e4ec95706f8d1670343f6526fdcec45474bab17475a851434a64ca12b5acba1c?s=96&d=mm&r=g","contentUrl":"https:\/\/secure.gravatar.com\/avatar\/e4ec95706f8d1670343f6526fdcec45474bab17475a851434a64ca12b5acba1c?s=96&d=mm&r=g","caption":"Infobae"},"url":"https:\/\/fuentesfidedignas.com.mx\/index.php\/author\/infobae\/"}]}},"_links":{"self":[{"href":"https:\/\/fuentesfidedignas.com.mx\/index.php\/wp-json\/wp\/v2\/posts\/30055","targetHints":{"allow":["GET"]}}],"collection":[{"href":"https:\/\/fuentesfidedignas.com.mx\/index.php\/wp-json\/wp\/v2\/posts"}],"about":[{"href":"https:\/\/fuentesfidedignas.com.mx\/index.php\/wp-json\/wp\/v2\/types\/post"}],"author":[{"embeddable":true,"href":"https:\/\/fuentesfidedignas.com.mx\/index.php\/wp-json\/wp\/v2\/users\/41"}],"replies":[{"embeddable":true,"href":"https:\/\/fuentesfidedignas.com.mx\/index.php\/wp-json\/wp\/v2\/comments?post=30055"}],"version-history":[{"count":3,"href":"https:\/\/fuentesfidedignas.com.mx\/index.php\/wp-json\/wp\/v2\/posts\/30055\/revisions"}],"predecessor-version":[{"id":30062,"href":"https:\/\/fuentesfidedignas.com.mx\/index.php\/wp-json\/wp\/v2\/posts\/30055\/revisions\/30062"}],"wp:featuredmedia":[{"embeddable":true,"href":"https:\/\/fuentesfidedignas.com.mx\/index.php\/wp-json\/wp\/v2\/media\/30056"}],"wp:attachment":[{"href":"https:\/\/fuentesfidedignas.com.mx\/index.php\/wp-json\/wp\/v2\/media?parent=30055"}],"wp:term":[{"taxonomy":"category","embeddable":true,"href":"https:\/\/fuentesfidedignas.com.mx\/index.php\/wp-json\/wp\/v2\/categories?post=30055"},{"taxonomy":"post_tag","embeddable":true,"href":"https:\/\/fuentesfidedignas.com.mx\/index.php\/wp-json\/wp\/v2\/tags?post=30055"}],"curies":[{"name":"wp","href":"https:\/\/api.w.org\/{rel}","templated":true}]}}