{"id":29903,"date":"2022-05-02T08:21:57","date_gmt":"2022-05-02T14:21:57","guid":{"rendered":"https:\/\/fuentesfidedignas.com.mx\/?p=29903"},"modified":"2022-05-02T09:57:05","modified_gmt":"2022-05-02T15:57:05","slug":"confirman-que-un-hombre-se-bajo-de-un-auto-en-el-motel-donde-desaparecio-debanhi-escobar","status":"publish","type":"post","link":"https:\/\/fuentesfidedignas.com.mx\/index.php\/2022\/05\/02\/confirman-que-un-hombre-se-bajo-de-un-auto-en-el-motel-donde-desaparecio-debanhi-escobar\/","title":{"rendered":"Confirman que un hombre se baj\u00f3 de un auto en el motel donde desapareci\u00f3 Debanhi Escobar"},"content":{"rendered":"\n<p><strong><em>De igual manera, han sido asegurados cinco veh\u00edculos que fueron identificados por los videos analizados de las c\u00e1maras de seguridad<\/em><\/strong><\/p>\n\n\n\n<iframe loading=\"lazy\" src=\"\/\/content.jwplatform.com\/players\/H96EMcgA-NfQOLqBV.html\" width=\"640\" height=\"360\" frameborder=\"0\" scrolling=\"auto\"><\/iframe>\n\n\n\n<p>Nuevo Le\u00f3n.- La titular de la Fiscal\u00eda Especializada en Feminicidios, Griselda N\u00fa\u00f1ez Espinoza, confirm\u00f3 la presencia de un hombre que se baj\u00f3 de un autom\u00f3vil en el Motel Nueva Castilla, lugar donde fue localizado el cuerpo sin vida de Debanhi Susana Escobar Bazald\u00faa el pasado 21 de abril.<\/p>\n\n\n\n<p>A trav\u00e9s de los videos recopilados por las c\u00e1maras de seguridad, se detect\u00f3 la presencia de una persona en la ventana superior derecha del inmueble. Asimismo, se inform\u00f3 que, hasta el momento, han sido asegurados cinco veh\u00edculos que fueron identificados por el material gr\u00e1fico analizado.<\/p>\n\n\n\n<p>\u201cRespecto a la persona que se puede visualizar o se aprecia en el video, debemos compartir la actualizaci\u00f3n que la persona tiene caracter\u00edsticas de hombre\u201d, coment\u00f3 N\u00fa\u00f1ez Espinoza, quien tambi\u00e9n dio a conocer que se han estado haciendo diferentes investigaciones y solicitudes de apoyo a empresas de transporte para verificar el tiempo espec\u00edfico en que alguna persona se pudo haber acercado al inmueble.<\/p>\n\n\n\n<p>Eran alrededor de las 5:47 horas del s\u00e1bado 9 de abril (\u00faltima vez que vieron con vida a Debanhi), cuando la \u201cC\u00e1mara 1\u2033 del restaurante del Motel Nueva Castilla detect\u00f3 la presencia de un autom\u00f3vil frente a la puerta del inmueble, mientras una persona lo abordaba. Momentos antes, se capt\u00f3 a Debanhi caminar sola cerca de la zona de cisternas, seg\u00fan el reporte de la Fiscal\u00eda de Nuevo Le\u00f3n del pasado 27 de abril.<\/p>\n\n\n\n<figure class=\"wp-block-image\"><img decoding=\"async\" src=\"https:\/\/cloudfront-us-east-1.images.arcpublishing.com\/infobae\/QQE3WDOH3RDWNJ3PENA7VQCLOI.jpg\" alt=\"Seg\u00fan la fiscal\u00eda, Debanhi ingres\u00f3 sola y en todo momento camin\u00f3 por lugares alumbrados (Foto: Infobae)\"\/><\/figure>\n\n\n\n<p>Cabe mencionar que esta c\u00e1mara de seguridad mostraba una puerta de cristal que lleva a la zona de cisternas, una mesa de buffette y una entrada que dirige hacia la carretera Federal 86 Monterrey-Nuevo Laredo. Durante el tiempo en que se ve a Debanhi caminando por el \u00e1rea de las cisternas y la presencia del hombre que aborda el veh\u00edculo, no se aprecia a la joven salir del Motel.<\/p>\n\n\n\n<p>Momentos antes, la \u201cC\u00e1mara 2\u2033 del estacionamiento, la cual enfoca la pluma de entrada vehicular del inmueble, registr\u00f3 el momento en que Debanhi entr\u00f3 corriendo al Motel a las 4:35 horas. Despu\u00e9s, la \u201cC\u00e1mara 1\u2033 capt\u00f3 a Escobar en la puerta con vista hacia el jard\u00edn (donde se encuentra la cisterna y una alberca).<\/p>\n\n\n\n<p>La \u00faltima vez que se ve a Debanhi fue alrededor de las 4:56 horas a trav\u00e9s de la \u201cC\u00e1mara 1\u2033, en la que se percibe la figura de la joven en la puerta de cristal que dirige a la zona de cisternas.<\/p>\n\n\n\n<p>Una de las l\u00edneas de investigaci\u00f3n apunta que despu\u00e9s de las 4:56 horas, Debanhi habr\u00eda ca\u00eddo viva a una de las tres cisternas y habr\u00eda muerto por el golpe recibido al momento de incorporarse. Ante la interrogante de por qu\u00e9 no se ahog\u00f3, se se\u00f1al\u00f3 que no ten\u00eda agua en sus pulmones ya que la altura del agua en la cisterna era de 90 cent\u00edmetros.<\/p>\n\n\n\n<figure class=\"wp-block-image\"><img decoding=\"async\" src=\"https:\/\/cloudfront-us-east-1.images.arcpublishing.com\/infobae\/T4IGGNBA2ZDNJP5FK6O6EEGLHI.png\" alt=\"En la zona de cisterna se localizaron diversos art\u00edculos pertenecientes a Debanhi (Foto: FGE)\"\/><\/figure>\n\n\n\n<p>No obstante, los videos recopilados por las c\u00e1maras de seguridad no muestran el momento exacto en que Debanhi habr\u00eda ca\u00eddo al pozo.<\/p>\n\n\n\n<p>En la cisterna n\u00famero 1 (donde fue hallado el cuerpo sin vida de Debanhi) se encontr\u00f3 un par de tenis negro con blanco con la leyenda \u201cConverse\u201d de la talla 5.5 y un fragmento de tejido con fauna cadav\u00e9rica. Asimismo, en los alrededores hallaron una bolsa de dama color negro, un brassiere blanco y un cubrebocas negro.<\/p>\n\n\n\n<p>Por otra parte, respecto a los cinco veh\u00edculos asegurados, N\u00fa\u00f1ez Espinoza inform\u00f3 que las cinco personas que los manejaban ya fueron interrogadas como parte de las investigaciones sobre este caso, las cuales fueron identificadas por las c\u00e1maras de seguridad instaladas en la entrada del Motel Nueva Castilla.<\/p>\n\n\n\n<p>De igual manera, se\u00f1al\u00f3 que a la fiesta celebrada en la Quinta Diamante, a la cual Debanhi asisti\u00f3 acompa\u00f1ada de Sarah\u00ed \u201cN\u201d e Ivonne \u201cN\u201d, fueron invitadas m\u00e1s de 70 personas, por lo que la Fiscal\u00eda se encuentra investigando cu\u00e1ntas y qui\u00e9nes se encontraban en el momento en que arrib\u00f3 la joven estudiante de 18 a\u00f1os.<\/p>\n\n\n\n<p>Por \u00faltimo, la fiscal Griselda N\u00fa\u00f1ez detall\u00f3 que el cuerpo de Debanhi no fue detectado por los binomios caninos debido a que no hay registros que indiquen que se haya revisado esa zona del Motel. \u201cLo que podemos advertir dentro de los informes que encontramos en la carpeta es que ninguna persona revis\u00f3 esa \u00e1rea\u201d, concluy\u00f3.<\/p>\n\n\n\n<p><\/p>\n","protected":false},"excerpt":{"rendered":"<p>De igual manera, han sido asegurados cinco veh\u00edculos que fueron identificados por los videos analizados de las c\u00e1maras de seguridad Nuevo Le\u00f3n.- La titular de la Fiscal\u00eda Especializada en Feminicidios, Griselda N\u00fa\u00f1ez Espinoza, confirm\u00f3 la presencia de un hombre que se baj\u00f3 de un autom\u00f3vil en el Motel Nueva Castilla, lugar donde fue localizado el [&hellip;]<\/p>\n","protected":false},"author":41,"featured_media":29904,"comment_status":"open","ping_status":"open","sticky":false,"template":"","format":"standard","meta":{"tdm_status":"","tdm_grid_status":"","footnotes":""},"categories":[39],"tags":[2630,1576],"class_list":{"0":"post-29903","1":"post","2":"type-post","3":"status-publish","4":"format-standard","5":"has-post-thumbnail","7":"category-noticias-nacionales","8":"tag-debanhi-susana-escobar-bazaldua","9":"tag-nuevo-leon-2"},"yoast_head":"<!-- This site is optimized with the Yoast SEO plugin v27.5 - https:\/\/yoast.com\/product\/yoast-seo-wordpress\/ -->\n<title>Confirman que un hombre se baj\u00f3 de un auto en el motel donde desapareci\u00f3 Debanhi Escobar - Fuentes Fidedignas<\/title>\n<meta name=\"robots\" content=\"index, follow, max-snippet:-1, max-image-preview:large, max-video-preview:-1\" \/>\n<link rel=\"canonical\" href=\"https:\/\/fuentesfidedignas.com.mx\/index.php\/2022\/05\/02\/confirman-que-un-hombre-se-bajo-de-un-auto-en-el-motel-donde-desaparecio-debanhi-escobar\/\" \/>\n<meta property=\"og:locale\" content=\"es_MX\" \/>\n<meta property=\"og:type\" content=\"article\" \/>\n<meta property=\"og:title\" content=\"Confirman que un hombre se baj\u00f3 de un auto en el motel donde desapareci\u00f3 Debanhi Escobar - Fuentes Fidedignas\" \/>\n<meta property=\"og:description\" content=\"De igual manera, han sido asegurados cinco veh\u00edculos que fueron identificados por los videos analizados de las c\u00e1maras de seguridad Nuevo Le\u00f3n.- La titular de la Fiscal\u00eda Especializada en Feminicidios, Griselda N\u00fa\u00f1ez Espinoza, confirm\u00f3 la presencia de un hombre que se baj\u00f3 de un autom\u00f3vil en el Motel Nueva Castilla, lugar donde fue localizado el [&hellip;]\" \/>\n<meta property=\"og:url\" content=\"https:\/\/fuentesfidedignas.com.mx\/index.php\/2022\/05\/02\/confirman-que-un-hombre-se-bajo-de-un-auto-en-el-motel-donde-desaparecio-debanhi-escobar\/\" \/>\n<meta property=\"og:site_name\" content=\"Fuentes Fidedignas\" \/>\n<meta property=\"article:publisher\" content=\"https:\/\/www.facebook.com\/Fuentes-Fidedignas-368234489921644\" \/>\n<meta property=\"article:published_time\" content=\"2022-05-02T14:21:57+00:00\" \/>\n<meta property=\"article:modified_time\" content=\"2022-05-02T15:57:05+00:00\" \/>\n<meta property=\"og:image\" content=\"https:\/\/fuentesfidedignas.com.mx\/wp-content\/uploads\/2022\/05\/MOTEL_DEBAHANI.jpg\" \/>\n\t<meta property=\"og:image:width\" content=\"946\" \/>\n\t<meta property=\"og:image:height\" content=\"528\" \/>\n\t<meta property=\"og:image:type\" content=\"image\/jpeg\" \/>\n<meta name=\"author\" content=\"Infobae\" \/>\n<meta name=\"twitter:card\" content=\"summary_large_image\" \/>\n<meta name=\"twitter:creator\" content=\"@fidedignas\" \/>\n<meta name=\"twitter:site\" content=\"@fidedignas\" \/>\n<meta name=\"twitter:label1\" content=\"Escrito por\" \/>\n\t<meta name=\"twitter:data1\" content=\"Infobae\" \/>\n\t<meta name=\"twitter:label2\" content=\"Tiempo de lectura\" \/>\n\t<meta name=\"twitter:data2\" content=\"4 minutos\" \/>\n<script type=\"application\/ld+json\" class=\"yoast-schema-graph\">{\"@context\":\"https:\\\/\\\/schema.org\",\"@graph\":[{\"@type\":\"Article\",\"@id\":\"https:\\\/\\\/fuentesfidedignas.com.mx\\\/index.php\\\/2022\\\/05\\\/02\\\/confirman-que-un-hombre-se-bajo-de-un-auto-en-el-motel-donde-desaparecio-debanhi-escobar\\\/#article\",\"isPartOf\":{\"@id\":\"https:\\\/\\\/fuentesfidedignas.com.mx\\\/index.php\\\/2022\\\/05\\\/02\\\/confirman-que-un-hombre-se-bajo-de-un-auto-en-el-motel-donde-desaparecio-debanhi-escobar\\\/\"},\"author\":{\"name\":\"Infobae\",\"@id\":\"https:\\\/\\\/fuentesfidedignas.com.mx\\\/#\\\/schema\\\/person\\\/8575896a7c1067d352f6c1cd6582c389\"},\"headline\":\"Confirman que un hombre se baj\u00f3 de un auto en el motel donde desapareci\u00f3 Debanhi Escobar\",\"datePublished\":\"2022-05-02T14:21:57+00:00\",\"dateModified\":\"2022-05-02T15:57:05+00:00\",\"mainEntityOfPage\":{\"@id\":\"https:\\\/\\\/fuentesfidedignas.com.mx\\\/index.php\\\/2022\\\/05\\\/02\\\/confirman-que-un-hombre-se-bajo-de-un-auto-en-el-motel-donde-desaparecio-debanhi-escobar\\\/\"},\"wordCount\":773,\"commentCount\":0,\"publisher\":{\"@id\":\"https:\\\/\\\/fuentesfidedignas.com.mx\\\/#organization\"},\"image\":{\"@id\":\"https:\\\/\\\/fuentesfidedignas.com.mx\\\/index.php\\\/2022\\\/05\\\/02\\\/confirman-que-un-hombre-se-bajo-de-un-auto-en-el-motel-donde-desaparecio-debanhi-escobar\\\/#primaryimage\"},\"thumbnailUrl\":\"https:\\\/\\\/fuentesfidedignas.com.mx\\\/wp-content\\\/uploads\\\/2022\\\/05\\\/MOTEL_DEBAHANI.jpg\",\"keywords\":[\"Debanhi Susana Escobar Bazald\u00faa\",\"Nuevo Le\u00f3n\"],\"articleSection\":[\"NOTICIAS NACIONALES\"],\"inLanguage\":\"es\",\"potentialAction\":[{\"@type\":\"CommentAction\",\"name\":\"Comment\",\"target\":[\"https:\\\/\\\/fuentesfidedignas.com.mx\\\/index.php\\\/2022\\\/05\\\/02\\\/confirman-que-un-hombre-se-bajo-de-un-auto-en-el-motel-donde-desaparecio-debanhi-escobar\\\/#respond\"]}]},{\"@type\":\"WebPage\",\"@id\":\"https:\\\/\\\/fuentesfidedignas.com.mx\\\/index.php\\\/2022\\\/05\\\/02\\\/confirman-que-un-hombre-se-bajo-de-un-auto-en-el-motel-donde-desaparecio-debanhi-escobar\\\/\",\"url\":\"https:\\\/\\\/fuentesfidedignas.com.mx\\\/index.php\\\/2022\\\/05\\\/02\\\/confirman-que-un-hombre-se-bajo-de-un-auto-en-el-motel-donde-desaparecio-debanhi-escobar\\\/\",\"name\":\"Confirman que un hombre se baj\u00f3 de un auto en el motel donde desapareci\u00f3 Debanhi Escobar - Fuentes Fidedignas\",\"isPartOf\":{\"@id\":\"https:\\\/\\\/fuentesfidedignas.com.mx\\\/#website\"},\"primaryImageOfPage\":{\"@id\":\"https:\\\/\\\/fuentesfidedignas.com.mx\\\/index.php\\\/2022\\\/05\\\/02\\\/confirman-que-un-hombre-se-bajo-de-un-auto-en-el-motel-donde-desaparecio-debanhi-escobar\\\/#primaryimage\"},\"image\":{\"@id\":\"https:\\\/\\\/fuentesfidedignas.com.mx\\\/index.php\\\/2022\\\/05\\\/02\\\/confirman-que-un-hombre-se-bajo-de-un-auto-en-el-motel-donde-desaparecio-debanhi-escobar\\\/#primaryimage\"},\"thumbnailUrl\":\"https:\\\/\\\/fuentesfidedignas.com.mx\\\/wp-content\\\/uploads\\\/2022\\\/05\\\/MOTEL_DEBAHANI.jpg\",\"datePublished\":\"2022-05-02T14:21:57+00:00\",\"dateModified\":\"2022-05-02T15:57:05+00:00\",\"breadcrumb\":{\"@id\":\"https:\\\/\\\/fuentesfidedignas.com.mx\\\/index.php\\\/2022\\\/05\\\/02\\\/confirman-que-un-hombre-se-bajo-de-un-auto-en-el-motel-donde-desaparecio-debanhi-escobar\\\/#breadcrumb\"},\"inLanguage\":\"es\",\"potentialAction\":[{\"@type\":\"ReadAction\",\"target\":[\"https:\\\/\\\/fuentesfidedignas.com.mx\\\/index.php\\\/2022\\\/05\\\/02\\\/confirman-que-un-hombre-se-bajo-de-un-auto-en-el-motel-donde-desaparecio-debanhi-escobar\\\/\"]}]},{\"@type\":\"ImageObject\",\"inLanguage\":\"es\",\"@id\":\"https:\\\/\\\/fuentesfidedignas.com.mx\\\/index.php\\\/2022\\\/05\\\/02\\\/confirman-que-un-hombre-se-bajo-de-un-auto-en-el-motel-donde-desaparecio-debanhi-escobar\\\/#primaryimage\",\"url\":\"https:\\\/\\\/fuentesfidedignas.com.mx\\\/wp-content\\\/uploads\\\/2022\\\/05\\\/MOTEL_DEBAHANI.jpg\",\"contentUrl\":\"https:\\\/\\\/fuentesfidedignas.com.mx\\\/wp-content\\\/uploads\\\/2022\\\/05\\\/MOTEL_DEBAHANI.jpg\",\"width\":946,\"height\":528},{\"@type\":\"BreadcrumbList\",\"@id\":\"https:\\\/\\\/fuentesfidedignas.com.mx\\\/index.php\\\/2022\\\/05\\\/02\\\/confirman-que-un-hombre-se-bajo-de-un-auto-en-el-motel-donde-desaparecio-debanhi-escobar\\\/#breadcrumb\",\"itemListElement\":[{\"@type\":\"ListItem\",\"position\":1,\"name\":\"Inicio\",\"item\":\"https:\\\/\\\/fuentesfidedignas.com.mx\\\/\"},{\"@type\":\"ListItem\",\"position\":2,\"name\":\"Confirman que un hombre se baj\u00f3 de un auto en el motel donde desapareci\u00f3 Debanhi Escobar\"}]},{\"@type\":\"WebSite\",\"@id\":\"https:\\\/\\\/fuentesfidedignas.com.mx\\\/#website\",\"url\":\"https:\\\/\\\/fuentesfidedignas.com.mx\\\/\",\"name\":\"Fuentes Fidedignas\",\"description\":\"Otro sitio realizado con WordPress\",\"publisher\":{\"@id\":\"https:\\\/\\\/fuentesfidedignas.com.mx\\\/#organization\"},\"potentialAction\":[{\"@type\":\"SearchAction\",\"target\":{\"@type\":\"EntryPoint\",\"urlTemplate\":\"https:\\\/\\\/fuentesfidedignas.com.mx\\\/?s={search_term_string}\"},\"query-input\":{\"@type\":\"PropertyValueSpecification\",\"valueRequired\":true,\"valueName\":\"search_term_string\"}}],\"inLanguage\":\"es\"},{\"@type\":\"Organization\",\"@id\":\"https:\\\/\\\/fuentesfidedignas.com.mx\\\/#organization\",\"name\":\"Fuentes Fidedignas\",\"url\":\"https:\\\/\\\/fuentesfidedignas.com.mx\\\/\",\"logo\":{\"@type\":\"ImageObject\",\"inLanguage\":\"es\",\"@id\":\"https:\\\/\\\/fuentesfidedignas.com.mx\\\/#\\\/schema\\\/logo\\\/image\\\/\",\"url\":\"https:\\\/\\\/fuentesfidedignas.com.mx\\\/wp-content\\\/uploads\\\/2021\\\/04\\\/logo-retina.png\",\"contentUrl\":\"https:\\\/\\\/fuentesfidedignas.com.mx\\\/wp-content\\\/uploads\\\/2021\\\/04\\\/logo-retina.png\",\"width\":280,\"height\":51,\"caption\":\"Fuentes Fidedignas\"},\"image\":{\"@id\":\"https:\\\/\\\/fuentesfidedignas.com.mx\\\/#\\\/schema\\\/logo\\\/image\\\/\"},\"sameAs\":[\"https:\\\/\\\/www.facebook.com\\\/Fuentes-Fidedignas-368234489921644\",\"https:\\\/\\\/x.com\\\/fidedignas\"]},{\"@type\":\"Person\",\"@id\":\"https:\\\/\\\/fuentesfidedignas.com.mx\\\/#\\\/schema\\\/person\\\/8575896a7c1067d352f6c1cd6582c389\",\"name\":\"Infobae\",\"image\":{\"@type\":\"ImageObject\",\"inLanguage\":\"es\",\"@id\":\"https:\\\/\\\/secure.gravatar.com\\\/avatar\\\/e4ec95706f8d1670343f6526fdcec45474bab17475a851434a64ca12b5acba1c?s=96&d=mm&r=g\",\"url\":\"https:\\\/\\\/secure.gravatar.com\\\/avatar\\\/e4ec95706f8d1670343f6526fdcec45474bab17475a851434a64ca12b5acba1c?s=96&d=mm&r=g\",\"contentUrl\":\"https:\\\/\\\/secure.gravatar.com\\\/avatar\\\/e4ec95706f8d1670343f6526fdcec45474bab17475a851434a64ca12b5acba1c?s=96&d=mm&r=g\",\"caption\":\"Infobae\"},\"url\":\"https:\\\/\\\/fuentesfidedignas.com.mx\\\/index.php\\\/author\\\/infobae\\\/\"}]}<\/script>\n<!-- \/ Yoast SEO plugin. -->","yoast_head_json":{"title":"Confirman que un hombre se baj\u00f3 de un auto en el motel donde desapareci\u00f3 Debanhi Escobar - Fuentes Fidedignas","robots":{"index":"index","follow":"follow","max-snippet":"max-snippet:-1","max-image-preview":"max-image-preview:large","max-video-preview":"max-video-preview:-1"},"canonical":"https:\/\/fuentesfidedignas.com.mx\/index.php\/2022\/05\/02\/confirman-que-un-hombre-se-bajo-de-un-auto-en-el-motel-donde-desaparecio-debanhi-escobar\/","og_locale":"es_MX","og_type":"article","og_title":"Confirman que un hombre se baj\u00f3 de un auto en el motel donde desapareci\u00f3 Debanhi Escobar - Fuentes Fidedignas","og_description":"De igual manera, han sido asegurados cinco veh\u00edculos que fueron identificados por los videos analizados de las c\u00e1maras de seguridad Nuevo Le\u00f3n.- La titular de la Fiscal\u00eda Especializada en Feminicidios, Griselda N\u00fa\u00f1ez Espinoza, confirm\u00f3 la presencia de un hombre que se baj\u00f3 de un autom\u00f3vil en el Motel Nueva Castilla, lugar donde fue localizado el [&hellip;]","og_url":"https:\/\/fuentesfidedignas.com.mx\/index.php\/2022\/05\/02\/confirman-que-un-hombre-se-bajo-de-un-auto-en-el-motel-donde-desaparecio-debanhi-escobar\/","og_site_name":"Fuentes Fidedignas","article_publisher":"https:\/\/www.facebook.com\/Fuentes-Fidedignas-368234489921644","article_published_time":"2022-05-02T14:21:57+00:00","article_modified_time":"2022-05-02T15:57:05+00:00","og_image":[{"width":946,"height":528,"url":"https:\/\/fuentesfidedignas.com.mx\/wp-content\/uploads\/2022\/05\/MOTEL_DEBAHANI.jpg","type":"image\/jpeg"}],"author":"Infobae","twitter_card":"summary_large_image","twitter_creator":"@fidedignas","twitter_site":"@fidedignas","twitter_misc":{"Escrito por":"Infobae","Tiempo de lectura":"4 minutos"},"schema":{"@context":"https:\/\/schema.org","@graph":[{"@type":"Article","@id":"https:\/\/fuentesfidedignas.com.mx\/index.php\/2022\/05\/02\/confirman-que-un-hombre-se-bajo-de-un-auto-en-el-motel-donde-desaparecio-debanhi-escobar\/#article","isPartOf":{"@id":"https:\/\/fuentesfidedignas.com.mx\/index.php\/2022\/05\/02\/confirman-que-un-hombre-se-bajo-de-un-auto-en-el-motel-donde-desaparecio-debanhi-escobar\/"},"author":{"name":"Infobae","@id":"https:\/\/fuentesfidedignas.com.mx\/#\/schema\/person\/8575896a7c1067d352f6c1cd6582c389"},"headline":"Confirman que un hombre se baj\u00f3 de un auto en el motel donde desapareci\u00f3 Debanhi Escobar","datePublished":"2022-05-02T14:21:57+00:00","dateModified":"2022-05-02T15:57:05+00:00","mainEntityOfPage":{"@id":"https:\/\/fuentesfidedignas.com.mx\/index.php\/2022\/05\/02\/confirman-que-un-hombre-se-bajo-de-un-auto-en-el-motel-donde-desaparecio-debanhi-escobar\/"},"wordCount":773,"commentCount":0,"publisher":{"@id":"https:\/\/fuentesfidedignas.com.mx\/#organization"},"image":{"@id":"https:\/\/fuentesfidedignas.com.mx\/index.php\/2022\/05\/02\/confirman-que-un-hombre-se-bajo-de-un-auto-en-el-motel-donde-desaparecio-debanhi-escobar\/#primaryimage"},"thumbnailUrl":"https:\/\/fuentesfidedignas.com.mx\/wp-content\/uploads\/2022\/05\/MOTEL_DEBAHANI.jpg","keywords":["Debanhi Susana Escobar Bazald\u00faa","Nuevo Le\u00f3n"],"articleSection":["NOTICIAS NACIONALES"],"inLanguage":"es","potentialAction":[{"@type":"CommentAction","name":"Comment","target":["https:\/\/fuentesfidedignas.com.mx\/index.php\/2022\/05\/02\/confirman-que-un-hombre-se-bajo-de-un-auto-en-el-motel-donde-desaparecio-debanhi-escobar\/#respond"]}]},{"@type":"WebPage","@id":"https:\/\/fuentesfidedignas.com.mx\/index.php\/2022\/05\/02\/confirman-que-un-hombre-se-bajo-de-un-auto-en-el-motel-donde-desaparecio-debanhi-escobar\/","url":"https:\/\/fuentesfidedignas.com.mx\/index.php\/2022\/05\/02\/confirman-que-un-hombre-se-bajo-de-un-auto-en-el-motel-donde-desaparecio-debanhi-escobar\/","name":"Confirman que un hombre se baj\u00f3 de un auto en el motel donde desapareci\u00f3 Debanhi Escobar - Fuentes Fidedignas","isPartOf":{"@id":"https:\/\/fuentesfidedignas.com.mx\/#website"},"primaryImageOfPage":{"@id":"https:\/\/fuentesfidedignas.com.mx\/index.php\/2022\/05\/02\/confirman-que-un-hombre-se-bajo-de-un-auto-en-el-motel-donde-desaparecio-debanhi-escobar\/#primaryimage"},"image":{"@id":"https:\/\/fuentesfidedignas.com.mx\/index.php\/2022\/05\/02\/confirman-que-un-hombre-se-bajo-de-un-auto-en-el-motel-donde-desaparecio-debanhi-escobar\/#primaryimage"},"thumbnailUrl":"https:\/\/fuentesfidedignas.com.mx\/wp-content\/uploads\/2022\/05\/MOTEL_DEBAHANI.jpg","datePublished":"2022-05-02T14:21:57+00:00","dateModified":"2022-05-02T15:57:05+00:00","breadcrumb":{"@id":"https:\/\/fuentesfidedignas.com.mx\/index.php\/2022\/05\/02\/confirman-que-un-hombre-se-bajo-de-un-auto-en-el-motel-donde-desaparecio-debanhi-escobar\/#breadcrumb"},"inLanguage":"es","potentialAction":[{"@type":"ReadAction","target":["https:\/\/fuentesfidedignas.com.mx\/index.php\/2022\/05\/02\/confirman-que-un-hombre-se-bajo-de-un-auto-en-el-motel-donde-desaparecio-debanhi-escobar\/"]}]},{"@type":"ImageObject","inLanguage":"es","@id":"https:\/\/fuentesfidedignas.com.mx\/index.php\/2022\/05\/02\/confirman-que-un-hombre-se-bajo-de-un-auto-en-el-motel-donde-desaparecio-debanhi-escobar\/#primaryimage","url":"https:\/\/fuentesfidedignas.com.mx\/wp-content\/uploads\/2022\/05\/MOTEL_DEBAHANI.jpg","contentUrl":"https:\/\/fuentesfidedignas.com.mx\/wp-content\/uploads\/2022\/05\/MOTEL_DEBAHANI.jpg","width":946,"height":528},{"@type":"BreadcrumbList","@id":"https:\/\/fuentesfidedignas.com.mx\/index.php\/2022\/05\/02\/confirman-que-un-hombre-se-bajo-de-un-auto-en-el-motel-donde-desaparecio-debanhi-escobar\/#breadcrumb","itemListElement":[{"@type":"ListItem","position":1,"name":"Inicio","item":"https:\/\/fuentesfidedignas.com.mx\/"},{"@type":"ListItem","position":2,"name":"Confirman que un hombre se baj\u00f3 de un auto en el motel donde desapareci\u00f3 Debanhi Escobar"}]},{"@type":"WebSite","@id":"https:\/\/fuentesfidedignas.com.mx\/#website","url":"https:\/\/fuentesfidedignas.com.mx\/","name":"Fuentes Fidedignas","description":"Otro sitio realizado con WordPress","publisher":{"@id":"https:\/\/fuentesfidedignas.com.mx\/#organization"},"potentialAction":[{"@type":"SearchAction","target":{"@type":"EntryPoint","urlTemplate":"https:\/\/fuentesfidedignas.com.mx\/?s={search_term_string}"},"query-input":{"@type":"PropertyValueSpecification","valueRequired":true,"valueName":"search_term_string"}}],"inLanguage":"es"},{"@type":"Organization","@id":"https:\/\/fuentesfidedignas.com.mx\/#organization","name":"Fuentes Fidedignas","url":"https:\/\/fuentesfidedignas.com.mx\/","logo":{"@type":"ImageObject","inLanguage":"es","@id":"https:\/\/fuentesfidedignas.com.mx\/#\/schema\/logo\/image\/","url":"https:\/\/fuentesfidedignas.com.mx\/wp-content\/uploads\/2021\/04\/logo-retina.png","contentUrl":"https:\/\/fuentesfidedignas.com.mx\/wp-content\/uploads\/2021\/04\/logo-retina.png","width":280,"height":51,"caption":"Fuentes Fidedignas"},"image":{"@id":"https:\/\/fuentesfidedignas.com.mx\/#\/schema\/logo\/image\/"},"sameAs":["https:\/\/www.facebook.com\/Fuentes-Fidedignas-368234489921644","https:\/\/x.com\/fidedignas"]},{"@type":"Person","@id":"https:\/\/fuentesfidedignas.com.mx\/#\/schema\/person\/8575896a7c1067d352f6c1cd6582c389","name":"Infobae","image":{"@type":"ImageObject","inLanguage":"es","@id":"https:\/\/secure.gravatar.com\/avatar\/e4ec95706f8d1670343f6526fdcec45474bab17475a851434a64ca12b5acba1c?s=96&d=mm&r=g","url":"https:\/\/secure.gravatar.com\/avatar\/e4ec95706f8d1670343f6526fdcec45474bab17475a851434a64ca12b5acba1c?s=96&d=mm&r=g","contentUrl":"https:\/\/secure.gravatar.com\/avatar\/e4ec95706f8d1670343f6526fdcec45474bab17475a851434a64ca12b5acba1c?s=96&d=mm&r=g","caption":"Infobae"},"url":"https:\/\/fuentesfidedignas.com.mx\/index.php\/author\/infobae\/"}]}},"_links":{"self":[{"href":"https:\/\/fuentesfidedignas.com.mx\/index.php\/wp-json\/wp\/v2\/posts\/29903","targetHints":{"allow":["GET"]}}],"collection":[{"href":"https:\/\/fuentesfidedignas.com.mx\/index.php\/wp-json\/wp\/v2\/posts"}],"about":[{"href":"https:\/\/fuentesfidedignas.com.mx\/index.php\/wp-json\/wp\/v2\/types\/post"}],"author":[{"embeddable":true,"href":"https:\/\/fuentesfidedignas.com.mx\/index.php\/wp-json\/wp\/v2\/users\/41"}],"replies":[{"embeddable":true,"href":"https:\/\/fuentesfidedignas.com.mx\/index.php\/wp-json\/wp\/v2\/comments?post=29903"}],"version-history":[{"count":3,"href":"https:\/\/fuentesfidedignas.com.mx\/index.php\/wp-json\/wp\/v2\/posts\/29903\/revisions"}],"predecessor-version":[{"id":29925,"href":"https:\/\/fuentesfidedignas.com.mx\/index.php\/wp-json\/wp\/v2\/posts\/29903\/revisions\/29925"}],"wp:featuredmedia":[{"embeddable":true,"href":"https:\/\/fuentesfidedignas.com.mx\/index.php\/wp-json\/wp\/v2\/media\/29904"}],"wp:attachment":[{"href":"https:\/\/fuentesfidedignas.com.mx\/index.php\/wp-json\/wp\/v2\/media?parent=29903"}],"wp:term":[{"taxonomy":"category","embeddable":true,"href":"https:\/\/fuentesfidedignas.com.mx\/index.php\/wp-json\/wp\/v2\/categories?post=29903"},{"taxonomy":"post_tag","embeddable":true,"href":"https:\/\/fuentesfidedignas.com.mx\/index.php\/wp-json\/wp\/v2\/tags?post=29903"}],"curies":[{"name":"wp","href":"https:\/\/api.w.org\/{rel}","templated":true}]}}