{"id":29870,"date":"2022-05-01T16:24:44","date_gmt":"2022-05-01T22:24:44","guid":{"rendered":"https:\/\/fuentesfidedignas.com.mx\/?p=29870"},"modified":"2022-05-01T16:24:46","modified_gmt":"2022-05-01T22:24:46","slug":"detienen-en-guatemala-a-dos-presuntos-narcos-mexicanos-requeridos-por-eu","status":"publish","type":"post","link":"https:\/\/fuentesfidedignas.com.mx\/index.php\/2022\/05\/01\/detienen-en-guatemala-a-dos-presuntos-narcos-mexicanos-requeridos-por-eu\/","title":{"rendered":"Detienen en Guatemala a dos presuntos narcos mexicanos requeridos por EU"},"content":{"rendered":"\n<p><em><strong>Los mexicanos Melecio Rodr\u00edguez y Mario Castro, acusados del trasiego de coca\u00edna y otras drogas a EU, fueron detenidos en la Ciudad de Guatemala luego de su arribo en un vuelo desde M\u00e9xico.<\/strong><\/em><\/p>\n\n\n\n<p>Guatemala.- Dos supuestos narcotraficantes mexicanos fueron arrestados este domingo en el aeropuerto internacional de la capital de Guatemala por pedido de extradici\u00f3n desde Estados Unidos, donde se los acusa del trasiego de coca\u00edna y otras drogas, informaron las autoridades locales.<\/p>\n\n\n\n<p>Los mexicanos Melecio Rodr\u00edguez y Mario Castro fueron capturados por agentes antinarc\u00f3ticos en la terminal a\u00e9rea, en el sur de Ciudad de Guatemala, luego de su arribo en un vuelo desde M\u00e9xico, dijo a periodistas Edwin Monroy, vocero de la Polic\u00eda Nacional Civil.<\/p>\n\n\n\n<p>&#8220;Se les sindica por los delitos de asociaci\u00f3n il\u00edcita para manufacturar coca\u00edna y distribuirla en Estados Unidos&#8221;, agreg\u00f3 el funcionario.<\/p>\n\n\n\n<p>Por su lado, el Ministerio P\u00fablico (MP, Fiscal\u00eda), se\u00f1al\u00f3 en un comunicado que los detenidos est\u00e1n vinculados a &#8220;una organizaci\u00f3n de tr\u00e1fico de drogas con base&#8221; en la ciudad estadunidense de Sioux Falls, en el estado de Dakota del Sur, que oper\u00f3 entre 2019 y febrero pasado.<\/p>\n\n\n\n<p>&#8220;Ambos detenidos fueron responsables de traficar grandes cantidades de metanfetamina, mariguana, coca\u00edna y fentanilo desde M\u00e9xico hacia los Estados Unidos para su distribuci\u00f3n y transportar las ganancias de las drogas desde los Estados Unidos hacia M\u00e9xico&#8221;, precis\u00f3 el MP.<\/p>\n\n\n\n<figure class=\"wp-block-embed is-type-rich is-provider-twitter wp-block-embed-twitter\"><div class=\"wp-block-embed__wrapper\">\n<blockquote class=\"twitter-tweet\" data-width=\"550\" data-dnt=\"true\"><p lang=\"es\" dir=\"ltr\"><a href=\"https:\/\/twitter.com\/hashtag\/Extraditable?src=hash&amp;ref_src=twsrc%5Etfw\">#Extraditable<\/a> <a href=\"https:\/\/twitter.com\/hashtag\/ULTIMAHORA?src=hash&amp;ref_src=twsrc%5Etfw\">#ULTIMAHORA<\/a><br><br>El Ministerio P\u00fablico coordina con la <a href=\"https:\/\/twitter.com\/hashtag\/PNC?src=hash&amp;ref_src=twsrc%5Etfw\">#PNC<\/a> la aprehensi\u00f3n de dos extraditables<a href=\"https:\/\/twitter.com\/hashtag\/Ampliaremos?src=hash&amp;ref_src=twsrc%5Etfw\">#Ampliaremos<\/a><a href=\"https:\/\/twitter.com\/PNCdeGuatemala?ref_src=twsrc%5Etfw\">@PNCdeGuatemala<\/a> <a href=\"https:\/\/t.co\/80E6fWcnMD\">pic.twitter.com\/80E6fWcnMD<\/a><\/p>&mdash; MP de Guatemala (@MPguatemala) <a href=\"https:\/\/twitter.com\/MPguatemala\/status\/1520810863959191553?ref_src=twsrc%5Etfw\">May 1, 2022<\/a><\/blockquote><script async src=\"https:\/\/platform.twitter.com\/widgets.js\" charset=\"utf-8\"><\/script>\n<\/div><figcaption>Con la detenci\u00f3n de los dos ciudadanos mexicanos, Guatemala elev\u00f3 a 12 las personas arrestadas en lo que va del a\u00f1o por \u00f3rdenes de captura con fines de extradici\u00f3n a Estados Unidos bajo cargos de narcotr\u00e1fico.<br><br>Cifras de Estados Unidos indican que el 90% de la coca\u00edna que llega a ese pa\u00eds pasa por M\u00e9xico y Centroam\u00e9rica en avionetas, lanchas y submarinos, entre otras v\u00edas.<\/figcaption><\/figure>\n","protected":false},"excerpt":{"rendered":"<p>Los mexicanos Melecio Rodr\u00edguez y Mario Castro, acusados del trasiego de coca\u00edna y otras drogas a EU, fueron detenidos en la Ciudad de Guatemala luego de su arribo en un vuelo desde M\u00e9xico. Guatemala.- Dos supuestos narcotraficantes mexicanos fueron arrestados este domingo en el aeropuerto internacional de la capital de Guatemala por pedido de extradici\u00f3n [&hellip;]<\/p>\n","protected":false},"author":7,"featured_media":29871,"comment_status":"open","ping_status":"open","sticky":false,"template":"","format":"standard","meta":{"tdm_status":"","tdm_grid_status":"","footnotes":""},"categories":[39],"tags":[1091,2294],"class_list":{"0":"post-29870","1":"post","2":"type-post","3":"status-publish","4":"format-standard","5":"has-post-thumbnail","7":"category-noticias-nacionales","8":"tag-guatemala","9":"tag-narcos"},"yoast_head":"<!-- This site is optimized with the Yoast SEO plugin v27.4 - https:\/\/yoast.com\/product\/yoast-seo-wordpress\/ -->\n<title>Detienen en Guatemala a dos presuntos narcos mexicanos requeridos por EU - Fuentes Fidedignas<\/title>\n<meta name=\"robots\" content=\"index, follow, max-snippet:-1, max-image-preview:large, max-video-preview:-1\" \/>\n<link rel=\"canonical\" href=\"https:\/\/fuentesfidedignas.com.mx\/index.php\/2022\/05\/01\/detienen-en-guatemala-a-dos-presuntos-narcos-mexicanos-requeridos-por-eu\/\" \/>\n<meta property=\"og:locale\" content=\"es_MX\" \/>\n<meta property=\"og:type\" content=\"article\" \/>\n<meta property=\"og:title\" content=\"Detienen en Guatemala a dos presuntos narcos mexicanos requeridos por EU - Fuentes Fidedignas\" \/>\n<meta property=\"og:description\" content=\"Los mexicanos Melecio Rodr\u00edguez y Mario Castro, acusados del trasiego de coca\u00edna y otras drogas a EU, fueron detenidos en la Ciudad de Guatemala luego de su arribo en un vuelo desde M\u00e9xico. Guatemala.- Dos supuestos narcotraficantes mexicanos fueron arrestados este domingo en el aeropuerto internacional de la capital de Guatemala por pedido de extradici\u00f3n [&hellip;]\" \/>\n<meta property=\"og:url\" content=\"https:\/\/fuentesfidedignas.com.mx\/index.php\/2022\/05\/01\/detienen-en-guatemala-a-dos-presuntos-narcos-mexicanos-requeridos-por-eu\/\" \/>\n<meta property=\"og:site_name\" content=\"Fuentes Fidedignas\" \/>\n<meta property=\"article:publisher\" content=\"https:\/\/www.facebook.com\/Fuentes-Fidedignas-368234489921644\" \/>\n<meta property=\"article:published_time\" content=\"2022-05-01T22:24:44+00:00\" \/>\n<meta property=\"article:modified_time\" content=\"2022-05-01T22:24:46+00:00\" \/>\n<meta property=\"og:image\" content=\"https:\/\/fuentesfidedignas.com.mx\/wp-content\/uploads\/2022\/05\/NARCOS_GTMLA.jpg\" \/>\n\t<meta property=\"og:image:width\" content=\"800\" \/>\n\t<meta property=\"og:image:height\" content=\"600\" \/>\n\t<meta property=\"og:image:type\" content=\"image\/jpeg\" \/>\n<meta name=\"author\" content=\"Exc\u00e9lsior\" \/>\n<meta name=\"twitter:card\" content=\"summary_large_image\" \/>\n<meta name=\"twitter:creator\" content=\"@fidedignas\" \/>\n<meta name=\"twitter:site\" content=\"@fidedignas\" \/>\n<meta name=\"twitter:label1\" content=\"Escrito por\" \/>\n\t<meta name=\"twitter:data1\" content=\"Exc\u00e9lsior\" \/>\n\t<meta name=\"twitter:label2\" content=\"Tiempo de lectura\" \/>\n\t<meta name=\"twitter:data2\" content=\"2 minutos\" \/>\n<script type=\"application\/ld+json\" class=\"yoast-schema-graph\">{\"@context\":\"https:\\\/\\\/schema.org\",\"@graph\":[{\"@type\":\"Article\",\"@id\":\"https:\\\/\\\/fuentesfidedignas.com.mx\\\/index.php\\\/2022\\\/05\\\/01\\\/detienen-en-guatemala-a-dos-presuntos-narcos-mexicanos-requeridos-por-eu\\\/#article\",\"isPartOf\":{\"@id\":\"https:\\\/\\\/fuentesfidedignas.com.mx\\\/index.php\\\/2022\\\/05\\\/01\\\/detienen-en-guatemala-a-dos-presuntos-narcos-mexicanos-requeridos-por-eu\\\/\"},\"author\":{\"name\":\"Exc\u00e9lsior\",\"@id\":\"https:\\\/\\\/fuentesfidedignas.com.mx\\\/#\\\/schema\\\/person\\\/ec4edd1fbf5efa3e44fce34fe2787780\"},\"headline\":\"Detienen en Guatemala a dos presuntos narcos mexicanos requeridos por EU\",\"datePublished\":\"2022-05-01T22:24:44+00:00\",\"dateModified\":\"2022-05-01T22:24:46+00:00\",\"mainEntityOfPage\":{\"@id\":\"https:\\\/\\\/fuentesfidedignas.com.mx\\\/index.php\\\/2022\\\/05\\\/01\\\/detienen-en-guatemala-a-dos-presuntos-narcos-mexicanos-requeridos-por-eu\\\/\"},\"wordCount\":358,\"commentCount\":0,\"publisher\":{\"@id\":\"https:\\\/\\\/fuentesfidedignas.com.mx\\\/#organization\"},\"image\":{\"@id\":\"https:\\\/\\\/fuentesfidedignas.com.mx\\\/index.php\\\/2022\\\/05\\\/01\\\/detienen-en-guatemala-a-dos-presuntos-narcos-mexicanos-requeridos-por-eu\\\/#primaryimage\"},\"thumbnailUrl\":\"https:\\\/\\\/fuentesfidedignas.com.mx\\\/wp-content\\\/uploads\\\/2022\\\/05\\\/NARCOS_GTMLA.jpg\",\"keywords\":[\"Guatemala\",\"Narcos\"],\"articleSection\":[\"NOTICIAS NACIONALES\"],\"inLanguage\":\"es\",\"potentialAction\":[{\"@type\":\"CommentAction\",\"name\":\"Comment\",\"target\":[\"https:\\\/\\\/fuentesfidedignas.com.mx\\\/index.php\\\/2022\\\/05\\\/01\\\/detienen-en-guatemala-a-dos-presuntos-narcos-mexicanos-requeridos-por-eu\\\/#respond\"]}]},{\"@type\":\"WebPage\",\"@id\":\"https:\\\/\\\/fuentesfidedignas.com.mx\\\/index.php\\\/2022\\\/05\\\/01\\\/detienen-en-guatemala-a-dos-presuntos-narcos-mexicanos-requeridos-por-eu\\\/\",\"url\":\"https:\\\/\\\/fuentesfidedignas.com.mx\\\/index.php\\\/2022\\\/05\\\/01\\\/detienen-en-guatemala-a-dos-presuntos-narcos-mexicanos-requeridos-por-eu\\\/\",\"name\":\"Detienen en Guatemala a dos presuntos narcos mexicanos requeridos por EU - Fuentes Fidedignas\",\"isPartOf\":{\"@id\":\"https:\\\/\\\/fuentesfidedignas.com.mx\\\/#website\"},\"primaryImageOfPage\":{\"@id\":\"https:\\\/\\\/fuentesfidedignas.com.mx\\\/index.php\\\/2022\\\/05\\\/01\\\/detienen-en-guatemala-a-dos-presuntos-narcos-mexicanos-requeridos-por-eu\\\/#primaryimage\"},\"image\":{\"@id\":\"https:\\\/\\\/fuentesfidedignas.com.mx\\\/index.php\\\/2022\\\/05\\\/01\\\/detienen-en-guatemala-a-dos-presuntos-narcos-mexicanos-requeridos-por-eu\\\/#primaryimage\"},\"thumbnailUrl\":\"https:\\\/\\\/fuentesfidedignas.com.mx\\\/wp-content\\\/uploads\\\/2022\\\/05\\\/NARCOS_GTMLA.jpg\",\"datePublished\":\"2022-05-01T22:24:44+00:00\",\"dateModified\":\"2022-05-01T22:24:46+00:00\",\"breadcrumb\":{\"@id\":\"https:\\\/\\\/fuentesfidedignas.com.mx\\\/index.php\\\/2022\\\/05\\\/01\\\/detienen-en-guatemala-a-dos-presuntos-narcos-mexicanos-requeridos-por-eu\\\/#breadcrumb\"},\"inLanguage\":\"es\",\"potentialAction\":[{\"@type\":\"ReadAction\",\"target\":[\"https:\\\/\\\/fuentesfidedignas.com.mx\\\/index.php\\\/2022\\\/05\\\/01\\\/detienen-en-guatemala-a-dos-presuntos-narcos-mexicanos-requeridos-por-eu\\\/\"]}]},{\"@type\":\"ImageObject\",\"inLanguage\":\"es\",\"@id\":\"https:\\\/\\\/fuentesfidedignas.com.mx\\\/index.php\\\/2022\\\/05\\\/01\\\/detienen-en-guatemala-a-dos-presuntos-narcos-mexicanos-requeridos-por-eu\\\/#primaryimage\",\"url\":\"https:\\\/\\\/fuentesfidedignas.com.mx\\\/wp-content\\\/uploads\\\/2022\\\/05\\\/NARCOS_GTMLA.jpg\",\"contentUrl\":\"https:\\\/\\\/fuentesfidedignas.com.mx\\\/wp-content\\\/uploads\\\/2022\\\/05\\\/NARCOS_GTMLA.jpg\",\"width\":800,\"height\":600},{\"@type\":\"BreadcrumbList\",\"@id\":\"https:\\\/\\\/fuentesfidedignas.com.mx\\\/index.php\\\/2022\\\/05\\\/01\\\/detienen-en-guatemala-a-dos-presuntos-narcos-mexicanos-requeridos-por-eu\\\/#breadcrumb\",\"itemListElement\":[{\"@type\":\"ListItem\",\"position\":1,\"name\":\"Inicio\",\"item\":\"https:\\\/\\\/fuentesfidedignas.com.mx\\\/\"},{\"@type\":\"ListItem\",\"position\":2,\"name\":\"Detienen en Guatemala a dos presuntos narcos mexicanos requeridos por EU\"}]},{\"@type\":\"WebSite\",\"@id\":\"https:\\\/\\\/fuentesfidedignas.com.mx\\\/#website\",\"url\":\"https:\\\/\\\/fuentesfidedignas.com.mx\\\/\",\"name\":\"Fuentes Fidedignas\",\"description\":\"Otro sitio realizado con WordPress\",\"publisher\":{\"@id\":\"https:\\\/\\\/fuentesfidedignas.com.mx\\\/#organization\"},\"potentialAction\":[{\"@type\":\"SearchAction\",\"target\":{\"@type\":\"EntryPoint\",\"urlTemplate\":\"https:\\\/\\\/fuentesfidedignas.com.mx\\\/?s={search_term_string}\"},\"query-input\":{\"@type\":\"PropertyValueSpecification\",\"valueRequired\":true,\"valueName\":\"search_term_string\"}}],\"inLanguage\":\"es\"},{\"@type\":\"Organization\",\"@id\":\"https:\\\/\\\/fuentesfidedignas.com.mx\\\/#organization\",\"name\":\"Fuentes Fidedignas\",\"url\":\"https:\\\/\\\/fuentesfidedignas.com.mx\\\/\",\"logo\":{\"@type\":\"ImageObject\",\"inLanguage\":\"es\",\"@id\":\"https:\\\/\\\/fuentesfidedignas.com.mx\\\/#\\\/schema\\\/logo\\\/image\\\/\",\"url\":\"https:\\\/\\\/fuentesfidedignas.com.mx\\\/wp-content\\\/uploads\\\/2021\\\/04\\\/logo-retina.png\",\"contentUrl\":\"https:\\\/\\\/fuentesfidedignas.com.mx\\\/wp-content\\\/uploads\\\/2021\\\/04\\\/logo-retina.png\",\"width\":280,\"height\":51,\"caption\":\"Fuentes Fidedignas\"},\"image\":{\"@id\":\"https:\\\/\\\/fuentesfidedignas.com.mx\\\/#\\\/schema\\\/logo\\\/image\\\/\"},\"sameAs\":[\"https:\\\/\\\/www.facebook.com\\\/Fuentes-Fidedignas-368234489921644\",\"https:\\\/\\\/x.com\\\/fidedignas\"]},{\"@type\":\"Person\",\"@id\":\"https:\\\/\\\/fuentesfidedignas.com.mx\\\/#\\\/schema\\\/person\\\/ec4edd1fbf5efa3e44fce34fe2787780\",\"name\":\"Exc\u00e9lsior\",\"image\":{\"@type\":\"ImageObject\",\"inLanguage\":\"es\",\"@id\":\"https:\\\/\\\/secure.gravatar.com\\\/avatar\\\/4b7ee9206b48be08447852b3f0814dbc7c0f3b51541b164f1464a2725614020b?s=96&d=mm&r=g\",\"url\":\"https:\\\/\\\/secure.gravatar.com\\\/avatar\\\/4b7ee9206b48be08447852b3f0814dbc7c0f3b51541b164f1464a2725614020b?s=96&d=mm&r=g\",\"contentUrl\":\"https:\\\/\\\/secure.gravatar.com\\\/avatar\\\/4b7ee9206b48be08447852b3f0814dbc7c0f3b51541b164f1464a2725614020b?s=96&d=mm&r=g\",\"caption\":\"Exc\u00e9lsior\"},\"url\":\"https:\\\/\\\/fuentesfidedignas.com.mx\\\/index.php\\\/author\\\/excelsior\\\/\"}]}<\/script>\n<!-- \/ Yoast SEO plugin. -->","yoast_head_json":{"title":"Detienen en Guatemala a dos presuntos narcos mexicanos requeridos por EU - Fuentes Fidedignas","robots":{"index":"index","follow":"follow","max-snippet":"max-snippet:-1","max-image-preview":"max-image-preview:large","max-video-preview":"max-video-preview:-1"},"canonical":"https:\/\/fuentesfidedignas.com.mx\/index.php\/2022\/05\/01\/detienen-en-guatemala-a-dos-presuntos-narcos-mexicanos-requeridos-por-eu\/","og_locale":"es_MX","og_type":"article","og_title":"Detienen en Guatemala a dos presuntos narcos mexicanos requeridos por EU - Fuentes Fidedignas","og_description":"Los mexicanos Melecio Rodr\u00edguez y Mario Castro, acusados del trasiego de coca\u00edna y otras drogas a EU, fueron detenidos en la Ciudad de Guatemala luego de su arribo en un vuelo desde M\u00e9xico. Guatemala.- Dos supuestos narcotraficantes mexicanos fueron arrestados este domingo en el aeropuerto internacional de la capital de Guatemala por pedido de extradici\u00f3n [&hellip;]","og_url":"https:\/\/fuentesfidedignas.com.mx\/index.php\/2022\/05\/01\/detienen-en-guatemala-a-dos-presuntos-narcos-mexicanos-requeridos-por-eu\/","og_site_name":"Fuentes Fidedignas","article_publisher":"https:\/\/www.facebook.com\/Fuentes-Fidedignas-368234489921644","article_published_time":"2022-05-01T22:24:44+00:00","article_modified_time":"2022-05-01T22:24:46+00:00","og_image":[{"width":800,"height":600,"url":"https:\/\/fuentesfidedignas.com.mx\/wp-content\/uploads\/2022\/05\/NARCOS_GTMLA.jpg","type":"image\/jpeg"}],"author":"Exc\u00e9lsior","twitter_card":"summary_large_image","twitter_creator":"@fidedignas","twitter_site":"@fidedignas","twitter_misc":{"Escrito por":"Exc\u00e9lsior","Tiempo de lectura":"2 minutos"},"schema":{"@context":"https:\/\/schema.org","@graph":[{"@type":"Article","@id":"https:\/\/fuentesfidedignas.com.mx\/index.php\/2022\/05\/01\/detienen-en-guatemala-a-dos-presuntos-narcos-mexicanos-requeridos-por-eu\/#article","isPartOf":{"@id":"https:\/\/fuentesfidedignas.com.mx\/index.php\/2022\/05\/01\/detienen-en-guatemala-a-dos-presuntos-narcos-mexicanos-requeridos-por-eu\/"},"author":{"name":"Exc\u00e9lsior","@id":"https:\/\/fuentesfidedignas.com.mx\/#\/schema\/person\/ec4edd1fbf5efa3e44fce34fe2787780"},"headline":"Detienen en Guatemala a dos presuntos narcos mexicanos requeridos por EU","datePublished":"2022-05-01T22:24:44+00:00","dateModified":"2022-05-01T22:24:46+00:00","mainEntityOfPage":{"@id":"https:\/\/fuentesfidedignas.com.mx\/index.php\/2022\/05\/01\/detienen-en-guatemala-a-dos-presuntos-narcos-mexicanos-requeridos-por-eu\/"},"wordCount":358,"commentCount":0,"publisher":{"@id":"https:\/\/fuentesfidedignas.com.mx\/#organization"},"image":{"@id":"https:\/\/fuentesfidedignas.com.mx\/index.php\/2022\/05\/01\/detienen-en-guatemala-a-dos-presuntos-narcos-mexicanos-requeridos-por-eu\/#primaryimage"},"thumbnailUrl":"https:\/\/fuentesfidedignas.com.mx\/wp-content\/uploads\/2022\/05\/NARCOS_GTMLA.jpg","keywords":["Guatemala","Narcos"],"articleSection":["NOTICIAS NACIONALES"],"inLanguage":"es","potentialAction":[{"@type":"CommentAction","name":"Comment","target":["https:\/\/fuentesfidedignas.com.mx\/index.php\/2022\/05\/01\/detienen-en-guatemala-a-dos-presuntos-narcos-mexicanos-requeridos-por-eu\/#respond"]}]},{"@type":"WebPage","@id":"https:\/\/fuentesfidedignas.com.mx\/index.php\/2022\/05\/01\/detienen-en-guatemala-a-dos-presuntos-narcos-mexicanos-requeridos-por-eu\/","url":"https:\/\/fuentesfidedignas.com.mx\/index.php\/2022\/05\/01\/detienen-en-guatemala-a-dos-presuntos-narcos-mexicanos-requeridos-por-eu\/","name":"Detienen en Guatemala a dos presuntos narcos mexicanos requeridos por EU - Fuentes Fidedignas","isPartOf":{"@id":"https:\/\/fuentesfidedignas.com.mx\/#website"},"primaryImageOfPage":{"@id":"https:\/\/fuentesfidedignas.com.mx\/index.php\/2022\/05\/01\/detienen-en-guatemala-a-dos-presuntos-narcos-mexicanos-requeridos-por-eu\/#primaryimage"},"image":{"@id":"https:\/\/fuentesfidedignas.com.mx\/index.php\/2022\/05\/01\/detienen-en-guatemala-a-dos-presuntos-narcos-mexicanos-requeridos-por-eu\/#primaryimage"},"thumbnailUrl":"https:\/\/fuentesfidedignas.com.mx\/wp-content\/uploads\/2022\/05\/NARCOS_GTMLA.jpg","datePublished":"2022-05-01T22:24:44+00:00","dateModified":"2022-05-01T22:24:46+00:00","breadcrumb":{"@id":"https:\/\/fuentesfidedignas.com.mx\/index.php\/2022\/05\/01\/detienen-en-guatemala-a-dos-presuntos-narcos-mexicanos-requeridos-por-eu\/#breadcrumb"},"inLanguage":"es","potentialAction":[{"@type":"ReadAction","target":["https:\/\/fuentesfidedignas.com.mx\/index.php\/2022\/05\/01\/detienen-en-guatemala-a-dos-presuntos-narcos-mexicanos-requeridos-por-eu\/"]}]},{"@type":"ImageObject","inLanguage":"es","@id":"https:\/\/fuentesfidedignas.com.mx\/index.php\/2022\/05\/01\/detienen-en-guatemala-a-dos-presuntos-narcos-mexicanos-requeridos-por-eu\/#primaryimage","url":"https:\/\/fuentesfidedignas.com.mx\/wp-content\/uploads\/2022\/05\/NARCOS_GTMLA.jpg","contentUrl":"https:\/\/fuentesfidedignas.com.mx\/wp-content\/uploads\/2022\/05\/NARCOS_GTMLA.jpg","width":800,"height":600},{"@type":"BreadcrumbList","@id":"https:\/\/fuentesfidedignas.com.mx\/index.php\/2022\/05\/01\/detienen-en-guatemala-a-dos-presuntos-narcos-mexicanos-requeridos-por-eu\/#breadcrumb","itemListElement":[{"@type":"ListItem","position":1,"name":"Inicio","item":"https:\/\/fuentesfidedignas.com.mx\/"},{"@type":"ListItem","position":2,"name":"Detienen en Guatemala a dos presuntos narcos mexicanos requeridos por EU"}]},{"@type":"WebSite","@id":"https:\/\/fuentesfidedignas.com.mx\/#website","url":"https:\/\/fuentesfidedignas.com.mx\/","name":"Fuentes Fidedignas","description":"Otro sitio realizado con WordPress","publisher":{"@id":"https:\/\/fuentesfidedignas.com.mx\/#organization"},"potentialAction":[{"@type":"SearchAction","target":{"@type":"EntryPoint","urlTemplate":"https:\/\/fuentesfidedignas.com.mx\/?s={search_term_string}"},"query-input":{"@type":"PropertyValueSpecification","valueRequired":true,"valueName":"search_term_string"}}],"inLanguage":"es"},{"@type":"Organization","@id":"https:\/\/fuentesfidedignas.com.mx\/#organization","name":"Fuentes Fidedignas","url":"https:\/\/fuentesfidedignas.com.mx\/","logo":{"@type":"ImageObject","inLanguage":"es","@id":"https:\/\/fuentesfidedignas.com.mx\/#\/schema\/logo\/image\/","url":"https:\/\/fuentesfidedignas.com.mx\/wp-content\/uploads\/2021\/04\/logo-retina.png","contentUrl":"https:\/\/fuentesfidedignas.com.mx\/wp-content\/uploads\/2021\/04\/logo-retina.png","width":280,"height":51,"caption":"Fuentes Fidedignas"},"image":{"@id":"https:\/\/fuentesfidedignas.com.mx\/#\/schema\/logo\/image\/"},"sameAs":["https:\/\/www.facebook.com\/Fuentes-Fidedignas-368234489921644","https:\/\/x.com\/fidedignas"]},{"@type":"Person","@id":"https:\/\/fuentesfidedignas.com.mx\/#\/schema\/person\/ec4edd1fbf5efa3e44fce34fe2787780","name":"Exc\u00e9lsior","image":{"@type":"ImageObject","inLanguage":"es","@id":"https:\/\/secure.gravatar.com\/avatar\/4b7ee9206b48be08447852b3f0814dbc7c0f3b51541b164f1464a2725614020b?s=96&d=mm&r=g","url":"https:\/\/secure.gravatar.com\/avatar\/4b7ee9206b48be08447852b3f0814dbc7c0f3b51541b164f1464a2725614020b?s=96&d=mm&r=g","contentUrl":"https:\/\/secure.gravatar.com\/avatar\/4b7ee9206b48be08447852b3f0814dbc7c0f3b51541b164f1464a2725614020b?s=96&d=mm&r=g","caption":"Exc\u00e9lsior"},"url":"https:\/\/fuentesfidedignas.com.mx\/index.php\/author\/excelsior\/"}]}},"_links":{"self":[{"href":"https:\/\/fuentesfidedignas.com.mx\/index.php\/wp-json\/wp\/v2\/posts\/29870","targetHints":{"allow":["GET"]}}],"collection":[{"href":"https:\/\/fuentesfidedignas.com.mx\/index.php\/wp-json\/wp\/v2\/posts"}],"about":[{"href":"https:\/\/fuentesfidedignas.com.mx\/index.php\/wp-json\/wp\/v2\/types\/post"}],"author":[{"embeddable":true,"href":"https:\/\/fuentesfidedignas.com.mx\/index.php\/wp-json\/wp\/v2\/users\/7"}],"replies":[{"embeddable":true,"href":"https:\/\/fuentesfidedignas.com.mx\/index.php\/wp-json\/wp\/v2\/comments?post=29870"}],"version-history":[{"count":1,"href":"https:\/\/fuentesfidedignas.com.mx\/index.php\/wp-json\/wp\/v2\/posts\/29870\/revisions"}],"predecessor-version":[{"id":29872,"href":"https:\/\/fuentesfidedignas.com.mx\/index.php\/wp-json\/wp\/v2\/posts\/29870\/revisions\/29872"}],"wp:featuredmedia":[{"embeddable":true,"href":"https:\/\/fuentesfidedignas.com.mx\/index.php\/wp-json\/wp\/v2\/media\/29871"}],"wp:attachment":[{"href":"https:\/\/fuentesfidedignas.com.mx\/index.php\/wp-json\/wp\/v2\/media?parent=29870"}],"wp:term":[{"taxonomy":"category","embeddable":true,"href":"https:\/\/fuentesfidedignas.com.mx\/index.php\/wp-json\/wp\/v2\/categories?post=29870"},{"taxonomy":"post_tag","embeddable":true,"href":"https:\/\/fuentesfidedignas.com.mx\/index.php\/wp-json\/wp\/v2\/tags?post=29870"}],"curies":[{"name":"wp","href":"https:\/\/api.w.org\/{rel}","templated":true}]}}