{"id":29824,"date":"2022-04-30T09:39:00","date_gmt":"2022-04-30T15:39:00","guid":{"rendered":"https:\/\/fuentesfidedignas.com.mx\/?p=29824"},"modified":"2022-05-01T12:06:42","modified_gmt":"2022-05-01T18:06:42","slug":"cabildo-de-el-fuerte-lleva-mas-de-dos-meses-sin-sesionar-se-violenta-la-ley-regidor","status":"publish","type":"post","link":"https:\/\/fuentesfidedignas.com.mx\/index.php\/2022\/04\/30\/cabildo-de-el-fuerte-lleva-mas-de-dos-meses-sin-sesionar-se-violenta-la-ley-regidor\/","title":{"rendered":"Cabildo de El Fuerte lleva m\u00e1s de dos meses sin sesionar; se violenta la ley: Regidor"},"content":{"rendered":"\n<p><strong><em>Se estar\u00eda violentando la Ley de Gobierno Municipal del Estado de Sinaloa y el reglamento interno del Ayuntamiento <\/em><\/strong><\/p>\n\n\n\n<p>El Fuerte, Sin.- El Cabildo de El Fuerte lleva m\u00e1s de dos meses sin sesiones ordinarias, siendo que la ley establece que deben realizarse cuando menos en dos ocasiones cada mes.<\/p>\n\n\n\n<p>Fue el Regidor por la v\u00eda independiente, Jairo Leyva, quien se\u00f1al\u00f3 la falta que convocatoria, puesto que afirma hay temas importantes para tratar y es una clara violaci\u00f3n a la Ley de Gobierno Municipal del Estado de Sinaloa y al reglamento interno del Ayuntamiento de El Fuerte. <\/p>\n\n\n\n<p>&#8220;Ya van mas de dos meses que no se cita a una sesi\u00f3n ordinaria de Cabildo para tratar asuntos importantes concernientes al desarrollo y bienestar de los habitantes de nuestro bello municipio&#8221;, indic\u00f3 el edil en una publicaci\u00f3n en sus redes sociales. <\/p>\n\n\n\n<p>Cabe destacar que la actual administraci\u00f3n lleva seis meses en funciones y fue el pasado 1 de abril cuando se convoc\u00f3 a la \u00faltima sesi\u00f3n, que fue de manera extraordinaria para asignar a un nuevo Tesorero, luego de la renuncia de Fabi\u00e1n C\u00e1zarez.<\/p>\n\n\n\n<p>En dicha sesi\u00f3n, tambi\u00e9n se violent\u00f3 la ley al no entregar el orden del d\u00eda en tiempo y forma, indic\u00f3 Jairo Leyva. &#8220;El reglamento interior del H. Ayuntamiento dice que en una sesi\u00f3n extraordinaria se debe de entregar con anticipaci\u00f3n el orden del d\u00eda por lo menos con una hora de anticipaci\u00f3n y se nos hizo saber con 35 minutos, por lo que lo hice constar en el acta de Cabildo&#8221;. <\/p>\n\n\n\n<figure class=\"wp-block-image size-full\"><img decoding=\"async\" width=\"1080\" height=\"1676\" src=\"https:\/\/fuentesfidedignas.com.mx\/wp-content\/uploads\/2022\/05\/Screenshot_20220501_111443-1.jpg\" alt=\"\" class=\"wp-image-29828\"\/><\/figure>\n\n\n\n<figure class=\"wp-block-image size-full\"><img decoding=\"async\" width=\"1080\" height=\"1127\" src=\"https:\/\/fuentesfidedignas.com.mx\/wp-content\/uploads\/2022\/05\/FB_IMG_1651426037541-2.jpg\" alt=\"\" class=\"wp-image-29829\"\/><\/figure>\n","protected":false},"excerpt":{"rendered":"<p>Se estar\u00eda violentando la Ley de Gobierno Municipal del Estado de Sinaloa y el reglamento interno del Ayuntamiento El Fuerte, Sin.- El Cabildo de El Fuerte lleva m\u00e1s de dos meses sin sesiones ordinarias, siendo que la ley establece que deben realizarse cuando menos en dos ocasiones cada mes. Fue el Regidor por la v\u00eda [&hellip;]<\/p>\n","protected":false},"author":11,"featured_media":29831,"comment_status":"open","ping_status":"open","sticky":false,"template":"","format":"standard","meta":{"tdm_status":"","tdm_grid_status":"","footnotes":""},"categories":[38],"tags":[1823],"class_list":{"0":"post-29824","1":"post","2":"type-post","3":"status-publish","4":"format-standard","5":"has-post-thumbnail","7":"category-noticias-locales","8":"tag-ayuntamiento-de-el-fuerte"},"yoast_head":"<!-- This site is optimized with the Yoast SEO plugin v27.5 - https:\/\/yoast.com\/product\/yoast-seo-wordpress\/ -->\n<title>Cabildo de El Fuerte lleva m\u00e1s de dos meses sin sesionar; se violenta la ley: Regidor - Fuentes Fidedignas<\/title>\n<meta name=\"robots\" content=\"index, follow, max-snippet:-1, max-image-preview:large, max-video-preview:-1\" \/>\n<link rel=\"canonical\" href=\"https:\/\/fuentesfidedignas.com.mx\/index.php\/2022\/04\/30\/cabildo-de-el-fuerte-lleva-mas-de-dos-meses-sin-sesionar-se-violenta-la-ley-regidor\/\" \/>\n<meta property=\"og:locale\" content=\"es_MX\" \/>\n<meta property=\"og:type\" content=\"article\" \/>\n<meta property=\"og:title\" content=\"Cabildo de El Fuerte lleva m\u00e1s de dos meses sin sesionar; se violenta la ley: Regidor - Fuentes Fidedignas\" \/>\n<meta property=\"og:description\" content=\"Se estar\u00eda violentando la Ley de Gobierno Municipal del Estado de Sinaloa y el reglamento interno del Ayuntamiento El Fuerte, Sin.- El Cabildo de El Fuerte lleva m\u00e1s de dos meses sin sesiones ordinarias, siendo que la ley establece que deben realizarse cuando menos en dos ocasiones cada mes. Fue el Regidor por la v\u00eda [&hellip;]\" \/>\n<meta property=\"og:url\" content=\"https:\/\/fuentesfidedignas.com.mx\/index.php\/2022\/04\/30\/cabildo-de-el-fuerte-lleva-mas-de-dos-meses-sin-sesionar-se-violenta-la-ley-regidor\/\" \/>\n<meta property=\"og:site_name\" content=\"Fuentes Fidedignas\" \/>\n<meta property=\"article:publisher\" content=\"https:\/\/www.facebook.com\/Fuentes-Fidedignas-368234489921644\" \/>\n<meta property=\"article:published_time\" content=\"2022-04-30T15:39:00+00:00\" \/>\n<meta property=\"article:modified_time\" content=\"2022-05-01T18:06:42+00:00\" \/>\n<meta property=\"og:image\" content=\"https:\/\/fuentesfidedignas.com.mx\/wp-content\/uploads\/2022\/05\/images-2022-05-01T112632.025.jpeg\" \/>\n\t<meta property=\"og:image:width\" content=\"640\" \/>\n\t<meta property=\"og:image:height\" content=\"480\" \/>\n\t<meta property=\"og:image:type\" content=\"image\/jpeg\" \/>\n<meta name=\"author\" content=\"Marissa Palafox\" \/>\n<meta name=\"twitter:card\" content=\"summary_large_image\" \/>\n<meta name=\"twitter:creator\" content=\"@fidedignas\" \/>\n<meta name=\"twitter:site\" content=\"@fidedignas\" \/>\n<meta name=\"twitter:label1\" content=\"Escrito por\" \/>\n\t<meta name=\"twitter:data1\" content=\"Marissa Palafox\" \/>\n\t<meta name=\"twitter:label2\" content=\"Tiempo de lectura\" \/>\n\t<meta name=\"twitter:data2\" content=\"2 minutos\" \/>\n<script type=\"application\/ld+json\" class=\"yoast-schema-graph\">{\"@context\":\"https:\\\/\\\/schema.org\",\"@graph\":[{\"@type\":\"Article\",\"@id\":\"https:\\\/\\\/fuentesfidedignas.com.mx\\\/index.php\\\/2022\\\/04\\\/30\\\/cabildo-de-el-fuerte-lleva-mas-de-dos-meses-sin-sesionar-se-violenta-la-ley-regidor\\\/#article\",\"isPartOf\":{\"@id\":\"https:\\\/\\\/fuentesfidedignas.com.mx\\\/index.php\\\/2022\\\/04\\\/30\\\/cabildo-de-el-fuerte-lleva-mas-de-dos-meses-sin-sesionar-se-violenta-la-ley-regidor\\\/\"},\"author\":{\"name\":\"Marissa Palafox\",\"@id\":\"https:\\\/\\\/fuentesfidedignas.com.mx\\\/#\\\/schema\\\/person\\\/2c10028b4a30078c05a056a215342ab9\"},\"headline\":\"Cabildo de El Fuerte lleva m\u00e1s de dos meses sin sesionar; se violenta la ley: Regidor\",\"datePublished\":\"2022-04-30T15:39:00+00:00\",\"dateModified\":\"2022-05-01T18:06:42+00:00\",\"mainEntityOfPage\":{\"@id\":\"https:\\\/\\\/fuentesfidedignas.com.mx\\\/index.php\\\/2022\\\/04\\\/30\\\/cabildo-de-el-fuerte-lleva-mas-de-dos-meses-sin-sesionar-se-violenta-la-ley-regidor\\\/\"},\"wordCount\":286,\"commentCount\":0,\"publisher\":{\"@id\":\"https:\\\/\\\/fuentesfidedignas.com.mx\\\/#organization\"},\"image\":{\"@id\":\"https:\\\/\\\/fuentesfidedignas.com.mx\\\/index.php\\\/2022\\\/04\\\/30\\\/cabildo-de-el-fuerte-lleva-mas-de-dos-meses-sin-sesionar-se-violenta-la-ley-regidor\\\/#primaryimage\"},\"thumbnailUrl\":\"https:\\\/\\\/fuentesfidedignas.com.mx\\\/wp-content\\\/uploads\\\/2022\\\/05\\\/images-2022-05-01T112632.025.jpeg\",\"keywords\":[\"Ayuntamiento de El Fuerte\"],\"articleSection\":[\"NOTICIAS LOCALES\"],\"inLanguage\":\"es\",\"potentialAction\":[{\"@type\":\"CommentAction\",\"name\":\"Comment\",\"target\":[\"https:\\\/\\\/fuentesfidedignas.com.mx\\\/index.php\\\/2022\\\/04\\\/30\\\/cabildo-de-el-fuerte-lleva-mas-de-dos-meses-sin-sesionar-se-violenta-la-ley-regidor\\\/#respond\"]}]},{\"@type\":\"WebPage\",\"@id\":\"https:\\\/\\\/fuentesfidedignas.com.mx\\\/index.php\\\/2022\\\/04\\\/30\\\/cabildo-de-el-fuerte-lleva-mas-de-dos-meses-sin-sesionar-se-violenta-la-ley-regidor\\\/\",\"url\":\"https:\\\/\\\/fuentesfidedignas.com.mx\\\/index.php\\\/2022\\\/04\\\/30\\\/cabildo-de-el-fuerte-lleva-mas-de-dos-meses-sin-sesionar-se-violenta-la-ley-regidor\\\/\",\"name\":\"Cabildo de El Fuerte lleva m\u00e1s de dos meses sin sesionar; se violenta la ley: Regidor - Fuentes Fidedignas\",\"isPartOf\":{\"@id\":\"https:\\\/\\\/fuentesfidedignas.com.mx\\\/#website\"},\"primaryImageOfPage\":{\"@id\":\"https:\\\/\\\/fuentesfidedignas.com.mx\\\/index.php\\\/2022\\\/04\\\/30\\\/cabildo-de-el-fuerte-lleva-mas-de-dos-meses-sin-sesionar-se-violenta-la-ley-regidor\\\/#primaryimage\"},\"image\":{\"@id\":\"https:\\\/\\\/fuentesfidedignas.com.mx\\\/index.php\\\/2022\\\/04\\\/30\\\/cabildo-de-el-fuerte-lleva-mas-de-dos-meses-sin-sesionar-se-violenta-la-ley-regidor\\\/#primaryimage\"},\"thumbnailUrl\":\"https:\\\/\\\/fuentesfidedignas.com.mx\\\/wp-content\\\/uploads\\\/2022\\\/05\\\/images-2022-05-01T112632.025.jpeg\",\"datePublished\":\"2022-04-30T15:39:00+00:00\",\"dateModified\":\"2022-05-01T18:06:42+00:00\",\"breadcrumb\":{\"@id\":\"https:\\\/\\\/fuentesfidedignas.com.mx\\\/index.php\\\/2022\\\/04\\\/30\\\/cabildo-de-el-fuerte-lleva-mas-de-dos-meses-sin-sesionar-se-violenta-la-ley-regidor\\\/#breadcrumb\"},\"inLanguage\":\"es\",\"potentialAction\":[{\"@type\":\"ReadAction\",\"target\":[\"https:\\\/\\\/fuentesfidedignas.com.mx\\\/index.php\\\/2022\\\/04\\\/30\\\/cabildo-de-el-fuerte-lleva-mas-de-dos-meses-sin-sesionar-se-violenta-la-ley-regidor\\\/\"]}]},{\"@type\":\"ImageObject\",\"inLanguage\":\"es\",\"@id\":\"https:\\\/\\\/fuentesfidedignas.com.mx\\\/index.php\\\/2022\\\/04\\\/30\\\/cabildo-de-el-fuerte-lleva-mas-de-dos-meses-sin-sesionar-se-violenta-la-ley-regidor\\\/#primaryimage\",\"url\":\"https:\\\/\\\/fuentesfidedignas.com.mx\\\/wp-content\\\/uploads\\\/2022\\\/05\\\/images-2022-05-01T112632.025.jpeg\",\"contentUrl\":\"https:\\\/\\\/fuentesfidedignas.com.mx\\\/wp-content\\\/uploads\\\/2022\\\/05\\\/images-2022-05-01T112632.025.jpeg\",\"width\":640,\"height\":480},{\"@type\":\"BreadcrumbList\",\"@id\":\"https:\\\/\\\/fuentesfidedignas.com.mx\\\/index.php\\\/2022\\\/04\\\/30\\\/cabildo-de-el-fuerte-lleva-mas-de-dos-meses-sin-sesionar-se-violenta-la-ley-regidor\\\/#breadcrumb\",\"itemListElement\":[{\"@type\":\"ListItem\",\"position\":1,\"name\":\"Inicio\",\"item\":\"https:\\\/\\\/fuentesfidedignas.com.mx\\\/\"},{\"@type\":\"ListItem\",\"position\":2,\"name\":\"Cabildo de El Fuerte lleva m\u00e1s de dos meses sin sesionar; se violenta la ley: Regidor\"}]},{\"@type\":\"WebSite\",\"@id\":\"https:\\\/\\\/fuentesfidedignas.com.mx\\\/#website\",\"url\":\"https:\\\/\\\/fuentesfidedignas.com.mx\\\/\",\"name\":\"Fuentes Fidedignas\",\"description\":\"Otro sitio realizado con WordPress\",\"publisher\":{\"@id\":\"https:\\\/\\\/fuentesfidedignas.com.mx\\\/#organization\"},\"potentialAction\":[{\"@type\":\"SearchAction\",\"target\":{\"@type\":\"EntryPoint\",\"urlTemplate\":\"https:\\\/\\\/fuentesfidedignas.com.mx\\\/?s={search_term_string}\"},\"query-input\":{\"@type\":\"PropertyValueSpecification\",\"valueRequired\":true,\"valueName\":\"search_term_string\"}}],\"inLanguage\":\"es\"},{\"@type\":\"Organization\",\"@id\":\"https:\\\/\\\/fuentesfidedignas.com.mx\\\/#organization\",\"name\":\"Fuentes Fidedignas\",\"url\":\"https:\\\/\\\/fuentesfidedignas.com.mx\\\/\",\"logo\":{\"@type\":\"ImageObject\",\"inLanguage\":\"es\",\"@id\":\"https:\\\/\\\/fuentesfidedignas.com.mx\\\/#\\\/schema\\\/logo\\\/image\\\/\",\"url\":\"https:\\\/\\\/fuentesfidedignas.com.mx\\\/wp-content\\\/uploads\\\/2021\\\/04\\\/logo-retina.png\",\"contentUrl\":\"https:\\\/\\\/fuentesfidedignas.com.mx\\\/wp-content\\\/uploads\\\/2021\\\/04\\\/logo-retina.png\",\"width\":280,\"height\":51,\"caption\":\"Fuentes Fidedignas\"},\"image\":{\"@id\":\"https:\\\/\\\/fuentesfidedignas.com.mx\\\/#\\\/schema\\\/logo\\\/image\\\/\"},\"sameAs\":[\"https:\\\/\\\/www.facebook.com\\\/Fuentes-Fidedignas-368234489921644\",\"https:\\\/\\\/x.com\\\/fidedignas\"]},{\"@type\":\"Person\",\"@id\":\"https:\\\/\\\/fuentesfidedignas.com.mx\\\/#\\\/schema\\\/person\\\/2c10028b4a30078c05a056a215342ab9\",\"name\":\"Marissa Palafox\",\"image\":{\"@type\":\"ImageObject\",\"inLanguage\":\"es\",\"@id\":\"https:\\\/\\\/secure.gravatar.com\\\/avatar\\\/20a43bdb2f2db10f20b22d4e98b96eb027faf98f7f76d29854dc5fab46d1cf71?s=96&d=mm&r=g\",\"url\":\"https:\\\/\\\/secure.gravatar.com\\\/avatar\\\/20a43bdb2f2db10f20b22d4e98b96eb027faf98f7f76d29854dc5fab46d1cf71?s=96&d=mm&r=g\",\"contentUrl\":\"https:\\\/\\\/secure.gravatar.com\\\/avatar\\\/20a43bdb2f2db10f20b22d4e98b96eb027faf98f7f76d29854dc5fab46d1cf71?s=96&d=mm&r=g\",\"caption\":\"Marissa Palafox\"},\"url\":\"https:\\\/\\\/fuentesfidedignas.com.mx\\\/index.php\\\/author\\\/marissa\\\/\"}]}<\/script>\n<!-- \/ Yoast SEO plugin. -->","yoast_head_json":{"title":"Cabildo de El Fuerte lleva m\u00e1s de dos meses sin sesionar; se violenta la ley: Regidor - Fuentes Fidedignas","robots":{"index":"index","follow":"follow","max-snippet":"max-snippet:-1","max-image-preview":"max-image-preview:large","max-video-preview":"max-video-preview:-1"},"canonical":"https:\/\/fuentesfidedignas.com.mx\/index.php\/2022\/04\/30\/cabildo-de-el-fuerte-lleva-mas-de-dos-meses-sin-sesionar-se-violenta-la-ley-regidor\/","og_locale":"es_MX","og_type":"article","og_title":"Cabildo de El Fuerte lleva m\u00e1s de dos meses sin sesionar; se violenta la ley: Regidor - Fuentes Fidedignas","og_description":"Se estar\u00eda violentando la Ley de Gobierno Municipal del Estado de Sinaloa y el reglamento interno del Ayuntamiento El Fuerte, Sin.- El Cabildo de El Fuerte lleva m\u00e1s de dos meses sin sesiones ordinarias, siendo que la ley establece que deben realizarse cuando menos en dos ocasiones cada mes. Fue el Regidor por la v\u00eda [&hellip;]","og_url":"https:\/\/fuentesfidedignas.com.mx\/index.php\/2022\/04\/30\/cabildo-de-el-fuerte-lleva-mas-de-dos-meses-sin-sesionar-se-violenta-la-ley-regidor\/","og_site_name":"Fuentes Fidedignas","article_publisher":"https:\/\/www.facebook.com\/Fuentes-Fidedignas-368234489921644","article_published_time":"2022-04-30T15:39:00+00:00","article_modified_time":"2022-05-01T18:06:42+00:00","og_image":[{"width":640,"height":480,"url":"https:\/\/fuentesfidedignas.com.mx\/wp-content\/uploads\/2022\/05\/images-2022-05-01T112632.025.jpeg","type":"image\/jpeg"}],"author":"Marissa Palafox","twitter_card":"summary_large_image","twitter_creator":"@fidedignas","twitter_site":"@fidedignas","twitter_misc":{"Escrito por":"Marissa Palafox","Tiempo de lectura":"2 minutos"},"schema":{"@context":"https:\/\/schema.org","@graph":[{"@type":"Article","@id":"https:\/\/fuentesfidedignas.com.mx\/index.php\/2022\/04\/30\/cabildo-de-el-fuerte-lleva-mas-de-dos-meses-sin-sesionar-se-violenta-la-ley-regidor\/#article","isPartOf":{"@id":"https:\/\/fuentesfidedignas.com.mx\/index.php\/2022\/04\/30\/cabildo-de-el-fuerte-lleva-mas-de-dos-meses-sin-sesionar-se-violenta-la-ley-regidor\/"},"author":{"name":"Marissa Palafox","@id":"https:\/\/fuentesfidedignas.com.mx\/#\/schema\/person\/2c10028b4a30078c05a056a215342ab9"},"headline":"Cabildo de El Fuerte lleva m\u00e1s de dos meses sin sesionar; se violenta la ley: Regidor","datePublished":"2022-04-30T15:39:00+00:00","dateModified":"2022-05-01T18:06:42+00:00","mainEntityOfPage":{"@id":"https:\/\/fuentesfidedignas.com.mx\/index.php\/2022\/04\/30\/cabildo-de-el-fuerte-lleva-mas-de-dos-meses-sin-sesionar-se-violenta-la-ley-regidor\/"},"wordCount":286,"commentCount":0,"publisher":{"@id":"https:\/\/fuentesfidedignas.com.mx\/#organization"},"image":{"@id":"https:\/\/fuentesfidedignas.com.mx\/index.php\/2022\/04\/30\/cabildo-de-el-fuerte-lleva-mas-de-dos-meses-sin-sesionar-se-violenta-la-ley-regidor\/#primaryimage"},"thumbnailUrl":"https:\/\/fuentesfidedignas.com.mx\/wp-content\/uploads\/2022\/05\/images-2022-05-01T112632.025.jpeg","keywords":["Ayuntamiento de El Fuerte"],"articleSection":["NOTICIAS LOCALES"],"inLanguage":"es","potentialAction":[{"@type":"CommentAction","name":"Comment","target":["https:\/\/fuentesfidedignas.com.mx\/index.php\/2022\/04\/30\/cabildo-de-el-fuerte-lleva-mas-de-dos-meses-sin-sesionar-se-violenta-la-ley-regidor\/#respond"]}]},{"@type":"WebPage","@id":"https:\/\/fuentesfidedignas.com.mx\/index.php\/2022\/04\/30\/cabildo-de-el-fuerte-lleva-mas-de-dos-meses-sin-sesionar-se-violenta-la-ley-regidor\/","url":"https:\/\/fuentesfidedignas.com.mx\/index.php\/2022\/04\/30\/cabildo-de-el-fuerte-lleva-mas-de-dos-meses-sin-sesionar-se-violenta-la-ley-regidor\/","name":"Cabildo de El Fuerte lleva m\u00e1s de dos meses sin sesionar; se violenta la ley: Regidor - Fuentes Fidedignas","isPartOf":{"@id":"https:\/\/fuentesfidedignas.com.mx\/#website"},"primaryImageOfPage":{"@id":"https:\/\/fuentesfidedignas.com.mx\/index.php\/2022\/04\/30\/cabildo-de-el-fuerte-lleva-mas-de-dos-meses-sin-sesionar-se-violenta-la-ley-regidor\/#primaryimage"},"image":{"@id":"https:\/\/fuentesfidedignas.com.mx\/index.php\/2022\/04\/30\/cabildo-de-el-fuerte-lleva-mas-de-dos-meses-sin-sesionar-se-violenta-la-ley-regidor\/#primaryimage"},"thumbnailUrl":"https:\/\/fuentesfidedignas.com.mx\/wp-content\/uploads\/2022\/05\/images-2022-05-01T112632.025.jpeg","datePublished":"2022-04-30T15:39:00+00:00","dateModified":"2022-05-01T18:06:42+00:00","breadcrumb":{"@id":"https:\/\/fuentesfidedignas.com.mx\/index.php\/2022\/04\/30\/cabildo-de-el-fuerte-lleva-mas-de-dos-meses-sin-sesionar-se-violenta-la-ley-regidor\/#breadcrumb"},"inLanguage":"es","potentialAction":[{"@type":"ReadAction","target":["https:\/\/fuentesfidedignas.com.mx\/index.php\/2022\/04\/30\/cabildo-de-el-fuerte-lleva-mas-de-dos-meses-sin-sesionar-se-violenta-la-ley-regidor\/"]}]},{"@type":"ImageObject","inLanguage":"es","@id":"https:\/\/fuentesfidedignas.com.mx\/index.php\/2022\/04\/30\/cabildo-de-el-fuerte-lleva-mas-de-dos-meses-sin-sesionar-se-violenta-la-ley-regidor\/#primaryimage","url":"https:\/\/fuentesfidedignas.com.mx\/wp-content\/uploads\/2022\/05\/images-2022-05-01T112632.025.jpeg","contentUrl":"https:\/\/fuentesfidedignas.com.mx\/wp-content\/uploads\/2022\/05\/images-2022-05-01T112632.025.jpeg","width":640,"height":480},{"@type":"BreadcrumbList","@id":"https:\/\/fuentesfidedignas.com.mx\/index.php\/2022\/04\/30\/cabildo-de-el-fuerte-lleva-mas-de-dos-meses-sin-sesionar-se-violenta-la-ley-regidor\/#breadcrumb","itemListElement":[{"@type":"ListItem","position":1,"name":"Inicio","item":"https:\/\/fuentesfidedignas.com.mx\/"},{"@type":"ListItem","position":2,"name":"Cabildo de El Fuerte lleva m\u00e1s de dos meses sin sesionar; se violenta la ley: Regidor"}]},{"@type":"WebSite","@id":"https:\/\/fuentesfidedignas.com.mx\/#website","url":"https:\/\/fuentesfidedignas.com.mx\/","name":"Fuentes Fidedignas","description":"Otro sitio realizado con WordPress","publisher":{"@id":"https:\/\/fuentesfidedignas.com.mx\/#organization"},"potentialAction":[{"@type":"SearchAction","target":{"@type":"EntryPoint","urlTemplate":"https:\/\/fuentesfidedignas.com.mx\/?s={search_term_string}"},"query-input":{"@type":"PropertyValueSpecification","valueRequired":true,"valueName":"search_term_string"}}],"inLanguage":"es"},{"@type":"Organization","@id":"https:\/\/fuentesfidedignas.com.mx\/#organization","name":"Fuentes Fidedignas","url":"https:\/\/fuentesfidedignas.com.mx\/","logo":{"@type":"ImageObject","inLanguage":"es","@id":"https:\/\/fuentesfidedignas.com.mx\/#\/schema\/logo\/image\/","url":"https:\/\/fuentesfidedignas.com.mx\/wp-content\/uploads\/2021\/04\/logo-retina.png","contentUrl":"https:\/\/fuentesfidedignas.com.mx\/wp-content\/uploads\/2021\/04\/logo-retina.png","width":280,"height":51,"caption":"Fuentes Fidedignas"},"image":{"@id":"https:\/\/fuentesfidedignas.com.mx\/#\/schema\/logo\/image\/"},"sameAs":["https:\/\/www.facebook.com\/Fuentes-Fidedignas-368234489921644","https:\/\/x.com\/fidedignas"]},{"@type":"Person","@id":"https:\/\/fuentesfidedignas.com.mx\/#\/schema\/person\/2c10028b4a30078c05a056a215342ab9","name":"Marissa Palafox","image":{"@type":"ImageObject","inLanguage":"es","@id":"https:\/\/secure.gravatar.com\/avatar\/20a43bdb2f2db10f20b22d4e98b96eb027faf98f7f76d29854dc5fab46d1cf71?s=96&d=mm&r=g","url":"https:\/\/secure.gravatar.com\/avatar\/20a43bdb2f2db10f20b22d4e98b96eb027faf98f7f76d29854dc5fab46d1cf71?s=96&d=mm&r=g","contentUrl":"https:\/\/secure.gravatar.com\/avatar\/20a43bdb2f2db10f20b22d4e98b96eb027faf98f7f76d29854dc5fab46d1cf71?s=96&d=mm&r=g","caption":"Marissa Palafox"},"url":"https:\/\/fuentesfidedignas.com.mx\/index.php\/author\/marissa\/"}]}},"_links":{"self":[{"href":"https:\/\/fuentesfidedignas.com.mx\/index.php\/wp-json\/wp\/v2\/posts\/29824","targetHints":{"allow":["GET"]}}],"collection":[{"href":"https:\/\/fuentesfidedignas.com.mx\/index.php\/wp-json\/wp\/v2\/posts"}],"about":[{"href":"https:\/\/fuentesfidedignas.com.mx\/index.php\/wp-json\/wp\/v2\/types\/post"}],"author":[{"embeddable":true,"href":"https:\/\/fuentesfidedignas.com.mx\/index.php\/wp-json\/wp\/v2\/users\/11"}],"replies":[{"embeddable":true,"href":"https:\/\/fuentesfidedignas.com.mx\/index.php\/wp-json\/wp\/v2\/comments?post=29824"}],"version-history":[{"count":3,"href":"https:\/\/fuentesfidedignas.com.mx\/index.php\/wp-json\/wp\/v2\/posts\/29824\/revisions"}],"predecessor-version":[{"id":29833,"href":"https:\/\/fuentesfidedignas.com.mx\/index.php\/wp-json\/wp\/v2\/posts\/29824\/revisions\/29833"}],"wp:featuredmedia":[{"embeddable":true,"href":"https:\/\/fuentesfidedignas.com.mx\/index.php\/wp-json\/wp\/v2\/media\/29831"}],"wp:attachment":[{"href":"https:\/\/fuentesfidedignas.com.mx\/index.php\/wp-json\/wp\/v2\/media?parent=29824"}],"wp:term":[{"taxonomy":"category","embeddable":true,"href":"https:\/\/fuentesfidedignas.com.mx\/index.php\/wp-json\/wp\/v2\/categories?post=29824"},{"taxonomy":"post_tag","embeddable":true,"href":"https:\/\/fuentesfidedignas.com.mx\/index.php\/wp-json\/wp\/v2\/tags?post=29824"}],"curies":[{"name":"wp","href":"https:\/\/api.w.org\/{rel}","templated":true}]}}