{"id":29815,"date":"2022-05-01T10:22:29","date_gmt":"2022-05-01T16:22:29","guid":{"rendered":"https:\/\/fuentesfidedignas.com.mx\/?p=29815"},"modified":"2022-05-01T10:22:30","modified_gmt":"2022-05-01T16:22:30","slug":"cuanto-te-deben-pagar-por-trabajar-el-1-de-mayo","status":"publish","type":"post","link":"https:\/\/fuentesfidedignas.com.mx\/index.php\/2022\/05\/01\/cuanto-te-deben-pagar-por-trabajar-el-1-de-mayo\/","title":{"rendered":"\u00bfCu\u00e1nto te deben pagar por trabajar el 1 de mayo?"},"content":{"rendered":"\n<p><strong><em>El D\u00eda del Trabajo se conmemora por los m\u00e1rtires de Chicago, un grupo de empleados que fueron asesinados en 1886 por reclamar sus derechos laborales.<\/em><\/strong><\/p>\n\n\n\n<p>Ciudad de M\u00e9xico.- Aunque este a\u00f1o el 1 de mayo cae en domingo, d\u00eda en el que muchos trabajadores descansan, algunos empleados s\u00ed tienen que presentarse a sus labores, por ello, te decimos \u00bfcu\u00e1nto te deben pagar?<\/p>\n\n\n\n<p>Lo primero que debes de saber es que el 1 de mayo se conmemora el D\u00eda del Trabajo y en M\u00e9xico, est\u00e1 estipulado como un d\u00eda de descanso obligatorio.<\/p>\n\n\n\n<p>En el art\u00edculo 75 de la LFT se establece lo siguiente:<\/p>\n\n\n\n<p>&#8220;Las y los trabajadores quedar\u00e1n obligados a prestar los servicios y tendr\u00e1n derecho a que se les pague, independientemente del salario que les corresponda por el descanso obligatorio, un salario doble por el servicio prestado&#8221;.<\/p>\n\n\n\n<p>De acuerdo con el art\u00edculo 75 de la Ley Federal del Trabajo (LFT), si se trabaja un d\u00eda de descanso obligatorio, se debe pagar doble independientemente del salario que te corresponda.<\/p>\n\n\n\n<p>En ese sentido, si prestas tus servicios este 1 de mayo, la empresa o patr\u00f3n tendr\u00e1 que pagarte el triple. Por ejemplo, si ganas 200 pesos diarios se te pagar\u00e1n los 200 pesos, pero adem\u00e1s recibir\u00e1s 400 adicionales, lo que dar\u00e1 un total de 600 pesos.<\/p>\n\n\n\n<p>De igual manera, si el descanso obligatorio coincide con el d\u00eda de descanso semanal (en este caso que el 1 de mayo cae en domingo), el patr\u00f3n o empresa tendr\u00e1 que pagarte una prima salarial de por lo menos 25 por ciento, pues as\u00ed lo indica el art\u00edculo 71 de la LFT.<\/p>\n\n\n\n<p>Por ello, si tu patr\u00f3n o empresa te pide que vayas a trabajar este domingo 1 de mayo, tendr\u00e1s que recibir un pago triple por ese d\u00eda m\u00e1s la prima dominical que te corresponde<\/p>\n\n\n\n<p>Finalmente, el D\u00eda del Trabajo se conmemora por los m\u00e1rtires de Chicago, un grupo de empleados que fueron asesinados en 1886 por reclamar sus derechos laborales.<\/p>\n\n\n\n<p>Con informaci\u00f3n de <strong><em> www.dineroenimagen.com<\/em><\/strong><\/p>\n","protected":false},"excerpt":{"rendered":"<p>El D\u00eda del Trabajo se conmemora por los m\u00e1rtires de Chicago, un grupo de empleados que fueron asesinados en 1886 por reclamar sus derechos laborales. Ciudad de M\u00e9xico.- Aunque este a\u00f1o el 1 de mayo cae en domingo, d\u00eda en el que muchos trabajadores descansan, algunos empleados s\u00ed tienen que presentarse a sus labores, por [&hellip;]<\/p>\n","protected":false},"author":4,"featured_media":29816,"comment_status":"open","ping_status":"open","sticky":false,"template":"","format":"standard","meta":{"tdm_status":"","tdm_grid_status":"","footnotes":""},"categories":[37],"tags":[2677,2676,485,2678],"class_list":{"0":"post-29815","1":"post","2":"type-post","3":"status-publish","4":"format-standard","5":"has-post-thumbnail","7":"category-nota-principal","8":"tag-1-de-mayo","9":"tag-dia-del-trabajo","10":"tag-economia","11":"tag-trabajo"},"yoast_head":"<!-- This site is optimized with the Yoast SEO plugin v27.5 - https:\/\/yoast.com\/product\/yoast-seo-wordpress\/ -->\n<title>\u00bfCu\u00e1nto te deben pagar por trabajar el 1 de mayo? - Fuentes Fidedignas<\/title>\n<meta name=\"robots\" content=\"index, follow, max-snippet:-1, max-image-preview:large, max-video-preview:-1\" \/>\n<link rel=\"canonical\" href=\"https:\/\/fuentesfidedignas.com.mx\/index.php\/2022\/05\/01\/cuanto-te-deben-pagar-por-trabajar-el-1-de-mayo\/\" \/>\n<meta property=\"og:locale\" content=\"es_MX\" \/>\n<meta property=\"og:type\" content=\"article\" \/>\n<meta property=\"og:title\" content=\"\u00bfCu\u00e1nto te deben pagar por trabajar el 1 de mayo? - Fuentes Fidedignas\" \/>\n<meta property=\"og:description\" content=\"El D\u00eda del Trabajo se conmemora por los m\u00e1rtires de Chicago, un grupo de empleados que fueron asesinados en 1886 por reclamar sus derechos laborales. Ciudad de M\u00e9xico.- Aunque este a\u00f1o el 1 de mayo cae en domingo, d\u00eda en el que muchos trabajadores descansan, algunos empleados s\u00ed tienen que presentarse a sus labores, por [&hellip;]\" \/>\n<meta property=\"og:url\" content=\"https:\/\/fuentesfidedignas.com.mx\/index.php\/2022\/05\/01\/cuanto-te-deben-pagar-por-trabajar-el-1-de-mayo\/\" \/>\n<meta property=\"og:site_name\" content=\"Fuentes Fidedignas\" \/>\n<meta property=\"article:publisher\" content=\"https:\/\/www.facebook.com\/Fuentes-Fidedignas-368234489921644\" \/>\n<meta property=\"article:published_time\" content=\"2022-05-01T16:22:29+00:00\" \/>\n<meta property=\"article:modified_time\" content=\"2022-05-01T16:22:30+00:00\" \/>\n<meta property=\"og:image\" content=\"https:\/\/fuentesfidedignas.com.mx\/wp-content\/uploads\/2022\/05\/DIA_TRABAJO.jpg\" \/>\n\t<meta property=\"og:image:width\" content=\"736\" \/>\n\t<meta property=\"og:image:height\" content=\"414\" \/>\n\t<meta property=\"og:image:type\" content=\"image\/jpeg\" \/>\n<meta name=\"author\" content=\"Redacci\u00f3n\" \/>\n<meta name=\"twitter:card\" content=\"summary_large_image\" \/>\n<meta name=\"twitter:creator\" content=\"@fidedignas\" \/>\n<meta name=\"twitter:site\" content=\"@fidedignas\" \/>\n<meta name=\"twitter:label1\" content=\"Escrito por\" \/>\n\t<meta name=\"twitter:data1\" content=\"Redacci\u00f3n\" \/>\n\t<meta name=\"twitter:label2\" content=\"Tiempo de lectura\" \/>\n\t<meta name=\"twitter:data2\" content=\"2 minutos\" \/>\n<script type=\"application\/ld+json\" class=\"yoast-schema-graph\">{\"@context\":\"https:\\\/\\\/schema.org\",\"@graph\":[{\"@type\":\"Article\",\"@id\":\"https:\\\/\\\/fuentesfidedignas.com.mx\\\/index.php\\\/2022\\\/05\\\/01\\\/cuanto-te-deben-pagar-por-trabajar-el-1-de-mayo\\\/#article\",\"isPartOf\":{\"@id\":\"https:\\\/\\\/fuentesfidedignas.com.mx\\\/index.php\\\/2022\\\/05\\\/01\\\/cuanto-te-deben-pagar-por-trabajar-el-1-de-mayo\\\/\"},\"author\":{\"name\":\"Redacci\u00f3n\",\"@id\":\"https:\\\/\\\/fuentesfidedignas.com.mx\\\/#\\\/schema\\\/person\\\/331be9283d37198e2acd5750279085b0\"},\"headline\":\"\u00bfCu\u00e1nto te deben pagar por trabajar el 1 de mayo?\",\"datePublished\":\"2022-05-01T16:22:29+00:00\",\"dateModified\":\"2022-05-01T16:22:30+00:00\",\"mainEntityOfPage\":{\"@id\":\"https:\\\/\\\/fuentesfidedignas.com.mx\\\/index.php\\\/2022\\\/05\\\/01\\\/cuanto-te-deben-pagar-por-trabajar-el-1-de-mayo\\\/\"},\"wordCount\":356,\"commentCount\":0,\"publisher\":{\"@id\":\"https:\\\/\\\/fuentesfidedignas.com.mx\\\/#organization\"},\"image\":{\"@id\":\"https:\\\/\\\/fuentesfidedignas.com.mx\\\/index.php\\\/2022\\\/05\\\/01\\\/cuanto-te-deben-pagar-por-trabajar-el-1-de-mayo\\\/#primaryimage\"},\"thumbnailUrl\":\"https:\\\/\\\/fuentesfidedignas.com.mx\\\/wp-content\\\/uploads\\\/2022\\\/05\\\/DIA_TRABAJO.jpg\",\"keywords\":[\"1 de mayo\",\"D\u00eda del Trabajo\",\"Econom\u00eda\",\"Trabajo\"],\"articleSection\":[\"NOTA PRINCIPAL\"],\"inLanguage\":\"es\",\"potentialAction\":[{\"@type\":\"CommentAction\",\"name\":\"Comment\",\"target\":[\"https:\\\/\\\/fuentesfidedignas.com.mx\\\/index.php\\\/2022\\\/05\\\/01\\\/cuanto-te-deben-pagar-por-trabajar-el-1-de-mayo\\\/#respond\"]}]},{\"@type\":\"WebPage\",\"@id\":\"https:\\\/\\\/fuentesfidedignas.com.mx\\\/index.php\\\/2022\\\/05\\\/01\\\/cuanto-te-deben-pagar-por-trabajar-el-1-de-mayo\\\/\",\"url\":\"https:\\\/\\\/fuentesfidedignas.com.mx\\\/index.php\\\/2022\\\/05\\\/01\\\/cuanto-te-deben-pagar-por-trabajar-el-1-de-mayo\\\/\",\"name\":\"\u00bfCu\u00e1nto te deben pagar por trabajar el 1 de mayo? - Fuentes Fidedignas\",\"isPartOf\":{\"@id\":\"https:\\\/\\\/fuentesfidedignas.com.mx\\\/#website\"},\"primaryImageOfPage\":{\"@id\":\"https:\\\/\\\/fuentesfidedignas.com.mx\\\/index.php\\\/2022\\\/05\\\/01\\\/cuanto-te-deben-pagar-por-trabajar-el-1-de-mayo\\\/#primaryimage\"},\"image\":{\"@id\":\"https:\\\/\\\/fuentesfidedignas.com.mx\\\/index.php\\\/2022\\\/05\\\/01\\\/cuanto-te-deben-pagar-por-trabajar-el-1-de-mayo\\\/#primaryimage\"},\"thumbnailUrl\":\"https:\\\/\\\/fuentesfidedignas.com.mx\\\/wp-content\\\/uploads\\\/2022\\\/05\\\/DIA_TRABAJO.jpg\",\"datePublished\":\"2022-05-01T16:22:29+00:00\",\"dateModified\":\"2022-05-01T16:22:30+00:00\",\"breadcrumb\":{\"@id\":\"https:\\\/\\\/fuentesfidedignas.com.mx\\\/index.php\\\/2022\\\/05\\\/01\\\/cuanto-te-deben-pagar-por-trabajar-el-1-de-mayo\\\/#breadcrumb\"},\"inLanguage\":\"es\",\"potentialAction\":[{\"@type\":\"ReadAction\",\"target\":[\"https:\\\/\\\/fuentesfidedignas.com.mx\\\/index.php\\\/2022\\\/05\\\/01\\\/cuanto-te-deben-pagar-por-trabajar-el-1-de-mayo\\\/\"]}]},{\"@type\":\"ImageObject\",\"inLanguage\":\"es\",\"@id\":\"https:\\\/\\\/fuentesfidedignas.com.mx\\\/index.php\\\/2022\\\/05\\\/01\\\/cuanto-te-deben-pagar-por-trabajar-el-1-de-mayo\\\/#primaryimage\",\"url\":\"https:\\\/\\\/fuentesfidedignas.com.mx\\\/wp-content\\\/uploads\\\/2022\\\/05\\\/DIA_TRABAJO.jpg\",\"contentUrl\":\"https:\\\/\\\/fuentesfidedignas.com.mx\\\/wp-content\\\/uploads\\\/2022\\\/05\\\/DIA_TRABAJO.jpg\",\"width\":736,\"height\":414},{\"@type\":\"BreadcrumbList\",\"@id\":\"https:\\\/\\\/fuentesfidedignas.com.mx\\\/index.php\\\/2022\\\/05\\\/01\\\/cuanto-te-deben-pagar-por-trabajar-el-1-de-mayo\\\/#breadcrumb\",\"itemListElement\":[{\"@type\":\"ListItem\",\"position\":1,\"name\":\"Inicio\",\"item\":\"https:\\\/\\\/fuentesfidedignas.com.mx\\\/\"},{\"@type\":\"ListItem\",\"position\":2,\"name\":\"\u00bfCu\u00e1nto te deben pagar por trabajar el 1 de mayo?\"}]},{\"@type\":\"WebSite\",\"@id\":\"https:\\\/\\\/fuentesfidedignas.com.mx\\\/#website\",\"url\":\"https:\\\/\\\/fuentesfidedignas.com.mx\\\/\",\"name\":\"Fuentes Fidedignas\",\"description\":\"Otro sitio realizado con WordPress\",\"publisher\":{\"@id\":\"https:\\\/\\\/fuentesfidedignas.com.mx\\\/#organization\"},\"potentialAction\":[{\"@type\":\"SearchAction\",\"target\":{\"@type\":\"EntryPoint\",\"urlTemplate\":\"https:\\\/\\\/fuentesfidedignas.com.mx\\\/?s={search_term_string}\"},\"query-input\":{\"@type\":\"PropertyValueSpecification\",\"valueRequired\":true,\"valueName\":\"search_term_string\"}}],\"inLanguage\":\"es\"},{\"@type\":\"Organization\",\"@id\":\"https:\\\/\\\/fuentesfidedignas.com.mx\\\/#organization\",\"name\":\"Fuentes Fidedignas\",\"url\":\"https:\\\/\\\/fuentesfidedignas.com.mx\\\/\",\"logo\":{\"@type\":\"ImageObject\",\"inLanguage\":\"es\",\"@id\":\"https:\\\/\\\/fuentesfidedignas.com.mx\\\/#\\\/schema\\\/logo\\\/image\\\/\",\"url\":\"https:\\\/\\\/fuentesfidedignas.com.mx\\\/wp-content\\\/uploads\\\/2021\\\/04\\\/logo-retina.png\",\"contentUrl\":\"https:\\\/\\\/fuentesfidedignas.com.mx\\\/wp-content\\\/uploads\\\/2021\\\/04\\\/logo-retina.png\",\"width\":280,\"height\":51,\"caption\":\"Fuentes Fidedignas\"},\"image\":{\"@id\":\"https:\\\/\\\/fuentesfidedignas.com.mx\\\/#\\\/schema\\\/logo\\\/image\\\/\"},\"sameAs\":[\"https:\\\/\\\/www.facebook.com\\\/Fuentes-Fidedignas-368234489921644\",\"https:\\\/\\\/x.com\\\/fidedignas\"]},{\"@type\":\"Person\",\"@id\":\"https:\\\/\\\/fuentesfidedignas.com.mx\\\/#\\\/schema\\\/person\\\/331be9283d37198e2acd5750279085b0\",\"name\":\"Redacci\u00f3n\",\"image\":{\"@type\":\"ImageObject\",\"inLanguage\":\"es\",\"@id\":\"https:\\\/\\\/secure.gravatar.com\\\/avatar\\\/f6d8782c11d12b2d4ad3fbb6931aeab5309937a4d6cd2fc9cfaa28a6396a5aec?s=96&d=mm&r=g\",\"url\":\"https:\\\/\\\/secure.gravatar.com\\\/avatar\\\/f6d8782c11d12b2d4ad3fbb6931aeab5309937a4d6cd2fc9cfaa28a6396a5aec?s=96&d=mm&r=g\",\"contentUrl\":\"https:\\\/\\\/secure.gravatar.com\\\/avatar\\\/f6d8782c11d12b2d4ad3fbb6931aeab5309937a4d6cd2fc9cfaa28a6396a5aec?s=96&d=mm&r=g\",\"caption\":\"Redacci\u00f3n\"},\"url\":\"https:\\\/\\\/fuentesfidedignas.com.mx\\\/index.php\\\/author\\\/redaccion\\\/\"}]}<\/script>\n<!-- \/ Yoast SEO plugin. -->","yoast_head_json":{"title":"\u00bfCu\u00e1nto te deben pagar por trabajar el 1 de mayo? - Fuentes Fidedignas","robots":{"index":"index","follow":"follow","max-snippet":"max-snippet:-1","max-image-preview":"max-image-preview:large","max-video-preview":"max-video-preview:-1"},"canonical":"https:\/\/fuentesfidedignas.com.mx\/index.php\/2022\/05\/01\/cuanto-te-deben-pagar-por-trabajar-el-1-de-mayo\/","og_locale":"es_MX","og_type":"article","og_title":"\u00bfCu\u00e1nto te deben pagar por trabajar el 1 de mayo? - Fuentes Fidedignas","og_description":"El D\u00eda del Trabajo se conmemora por los m\u00e1rtires de Chicago, un grupo de empleados que fueron asesinados en 1886 por reclamar sus derechos laborales. Ciudad de M\u00e9xico.- Aunque este a\u00f1o el 1 de mayo cae en domingo, d\u00eda en el que muchos trabajadores descansan, algunos empleados s\u00ed tienen que presentarse a sus labores, por [&hellip;]","og_url":"https:\/\/fuentesfidedignas.com.mx\/index.php\/2022\/05\/01\/cuanto-te-deben-pagar-por-trabajar-el-1-de-mayo\/","og_site_name":"Fuentes Fidedignas","article_publisher":"https:\/\/www.facebook.com\/Fuentes-Fidedignas-368234489921644","article_published_time":"2022-05-01T16:22:29+00:00","article_modified_time":"2022-05-01T16:22:30+00:00","og_image":[{"width":736,"height":414,"url":"https:\/\/fuentesfidedignas.com.mx\/wp-content\/uploads\/2022\/05\/DIA_TRABAJO.jpg","type":"image\/jpeg"}],"author":"Redacci\u00f3n","twitter_card":"summary_large_image","twitter_creator":"@fidedignas","twitter_site":"@fidedignas","twitter_misc":{"Escrito por":"Redacci\u00f3n","Tiempo de lectura":"2 minutos"},"schema":{"@context":"https:\/\/schema.org","@graph":[{"@type":"Article","@id":"https:\/\/fuentesfidedignas.com.mx\/index.php\/2022\/05\/01\/cuanto-te-deben-pagar-por-trabajar-el-1-de-mayo\/#article","isPartOf":{"@id":"https:\/\/fuentesfidedignas.com.mx\/index.php\/2022\/05\/01\/cuanto-te-deben-pagar-por-trabajar-el-1-de-mayo\/"},"author":{"name":"Redacci\u00f3n","@id":"https:\/\/fuentesfidedignas.com.mx\/#\/schema\/person\/331be9283d37198e2acd5750279085b0"},"headline":"\u00bfCu\u00e1nto te deben pagar por trabajar el 1 de mayo?","datePublished":"2022-05-01T16:22:29+00:00","dateModified":"2022-05-01T16:22:30+00:00","mainEntityOfPage":{"@id":"https:\/\/fuentesfidedignas.com.mx\/index.php\/2022\/05\/01\/cuanto-te-deben-pagar-por-trabajar-el-1-de-mayo\/"},"wordCount":356,"commentCount":0,"publisher":{"@id":"https:\/\/fuentesfidedignas.com.mx\/#organization"},"image":{"@id":"https:\/\/fuentesfidedignas.com.mx\/index.php\/2022\/05\/01\/cuanto-te-deben-pagar-por-trabajar-el-1-de-mayo\/#primaryimage"},"thumbnailUrl":"https:\/\/fuentesfidedignas.com.mx\/wp-content\/uploads\/2022\/05\/DIA_TRABAJO.jpg","keywords":["1 de mayo","D\u00eda del Trabajo","Econom\u00eda","Trabajo"],"articleSection":["NOTA PRINCIPAL"],"inLanguage":"es","potentialAction":[{"@type":"CommentAction","name":"Comment","target":["https:\/\/fuentesfidedignas.com.mx\/index.php\/2022\/05\/01\/cuanto-te-deben-pagar-por-trabajar-el-1-de-mayo\/#respond"]}]},{"@type":"WebPage","@id":"https:\/\/fuentesfidedignas.com.mx\/index.php\/2022\/05\/01\/cuanto-te-deben-pagar-por-trabajar-el-1-de-mayo\/","url":"https:\/\/fuentesfidedignas.com.mx\/index.php\/2022\/05\/01\/cuanto-te-deben-pagar-por-trabajar-el-1-de-mayo\/","name":"\u00bfCu\u00e1nto te deben pagar por trabajar el 1 de mayo? - Fuentes Fidedignas","isPartOf":{"@id":"https:\/\/fuentesfidedignas.com.mx\/#website"},"primaryImageOfPage":{"@id":"https:\/\/fuentesfidedignas.com.mx\/index.php\/2022\/05\/01\/cuanto-te-deben-pagar-por-trabajar-el-1-de-mayo\/#primaryimage"},"image":{"@id":"https:\/\/fuentesfidedignas.com.mx\/index.php\/2022\/05\/01\/cuanto-te-deben-pagar-por-trabajar-el-1-de-mayo\/#primaryimage"},"thumbnailUrl":"https:\/\/fuentesfidedignas.com.mx\/wp-content\/uploads\/2022\/05\/DIA_TRABAJO.jpg","datePublished":"2022-05-01T16:22:29+00:00","dateModified":"2022-05-01T16:22:30+00:00","breadcrumb":{"@id":"https:\/\/fuentesfidedignas.com.mx\/index.php\/2022\/05\/01\/cuanto-te-deben-pagar-por-trabajar-el-1-de-mayo\/#breadcrumb"},"inLanguage":"es","potentialAction":[{"@type":"ReadAction","target":["https:\/\/fuentesfidedignas.com.mx\/index.php\/2022\/05\/01\/cuanto-te-deben-pagar-por-trabajar-el-1-de-mayo\/"]}]},{"@type":"ImageObject","inLanguage":"es","@id":"https:\/\/fuentesfidedignas.com.mx\/index.php\/2022\/05\/01\/cuanto-te-deben-pagar-por-trabajar-el-1-de-mayo\/#primaryimage","url":"https:\/\/fuentesfidedignas.com.mx\/wp-content\/uploads\/2022\/05\/DIA_TRABAJO.jpg","contentUrl":"https:\/\/fuentesfidedignas.com.mx\/wp-content\/uploads\/2022\/05\/DIA_TRABAJO.jpg","width":736,"height":414},{"@type":"BreadcrumbList","@id":"https:\/\/fuentesfidedignas.com.mx\/index.php\/2022\/05\/01\/cuanto-te-deben-pagar-por-trabajar-el-1-de-mayo\/#breadcrumb","itemListElement":[{"@type":"ListItem","position":1,"name":"Inicio","item":"https:\/\/fuentesfidedignas.com.mx\/"},{"@type":"ListItem","position":2,"name":"\u00bfCu\u00e1nto te deben pagar por trabajar el 1 de mayo?"}]},{"@type":"WebSite","@id":"https:\/\/fuentesfidedignas.com.mx\/#website","url":"https:\/\/fuentesfidedignas.com.mx\/","name":"Fuentes Fidedignas","description":"Otro sitio realizado con WordPress","publisher":{"@id":"https:\/\/fuentesfidedignas.com.mx\/#organization"},"potentialAction":[{"@type":"SearchAction","target":{"@type":"EntryPoint","urlTemplate":"https:\/\/fuentesfidedignas.com.mx\/?s={search_term_string}"},"query-input":{"@type":"PropertyValueSpecification","valueRequired":true,"valueName":"search_term_string"}}],"inLanguage":"es"},{"@type":"Organization","@id":"https:\/\/fuentesfidedignas.com.mx\/#organization","name":"Fuentes Fidedignas","url":"https:\/\/fuentesfidedignas.com.mx\/","logo":{"@type":"ImageObject","inLanguage":"es","@id":"https:\/\/fuentesfidedignas.com.mx\/#\/schema\/logo\/image\/","url":"https:\/\/fuentesfidedignas.com.mx\/wp-content\/uploads\/2021\/04\/logo-retina.png","contentUrl":"https:\/\/fuentesfidedignas.com.mx\/wp-content\/uploads\/2021\/04\/logo-retina.png","width":280,"height":51,"caption":"Fuentes Fidedignas"},"image":{"@id":"https:\/\/fuentesfidedignas.com.mx\/#\/schema\/logo\/image\/"},"sameAs":["https:\/\/www.facebook.com\/Fuentes-Fidedignas-368234489921644","https:\/\/x.com\/fidedignas"]},{"@type":"Person","@id":"https:\/\/fuentesfidedignas.com.mx\/#\/schema\/person\/331be9283d37198e2acd5750279085b0","name":"Redacci\u00f3n","image":{"@type":"ImageObject","inLanguage":"es","@id":"https:\/\/secure.gravatar.com\/avatar\/f6d8782c11d12b2d4ad3fbb6931aeab5309937a4d6cd2fc9cfaa28a6396a5aec?s=96&d=mm&r=g","url":"https:\/\/secure.gravatar.com\/avatar\/f6d8782c11d12b2d4ad3fbb6931aeab5309937a4d6cd2fc9cfaa28a6396a5aec?s=96&d=mm&r=g","contentUrl":"https:\/\/secure.gravatar.com\/avatar\/f6d8782c11d12b2d4ad3fbb6931aeab5309937a4d6cd2fc9cfaa28a6396a5aec?s=96&d=mm&r=g","caption":"Redacci\u00f3n"},"url":"https:\/\/fuentesfidedignas.com.mx\/index.php\/author\/redaccion\/"}]}},"_links":{"self":[{"href":"https:\/\/fuentesfidedignas.com.mx\/index.php\/wp-json\/wp\/v2\/posts\/29815","targetHints":{"allow":["GET"]}}],"collection":[{"href":"https:\/\/fuentesfidedignas.com.mx\/index.php\/wp-json\/wp\/v2\/posts"}],"about":[{"href":"https:\/\/fuentesfidedignas.com.mx\/index.php\/wp-json\/wp\/v2\/types\/post"}],"author":[{"embeddable":true,"href":"https:\/\/fuentesfidedignas.com.mx\/index.php\/wp-json\/wp\/v2\/users\/4"}],"replies":[{"embeddable":true,"href":"https:\/\/fuentesfidedignas.com.mx\/index.php\/wp-json\/wp\/v2\/comments?post=29815"}],"version-history":[{"count":1,"href":"https:\/\/fuentesfidedignas.com.mx\/index.php\/wp-json\/wp\/v2\/posts\/29815\/revisions"}],"predecessor-version":[{"id":29817,"href":"https:\/\/fuentesfidedignas.com.mx\/index.php\/wp-json\/wp\/v2\/posts\/29815\/revisions\/29817"}],"wp:featuredmedia":[{"embeddable":true,"href":"https:\/\/fuentesfidedignas.com.mx\/index.php\/wp-json\/wp\/v2\/media\/29816"}],"wp:attachment":[{"href":"https:\/\/fuentesfidedignas.com.mx\/index.php\/wp-json\/wp\/v2\/media?parent=29815"}],"wp:term":[{"taxonomy":"category","embeddable":true,"href":"https:\/\/fuentesfidedignas.com.mx\/index.php\/wp-json\/wp\/v2\/categories?post=29815"},{"taxonomy":"post_tag","embeddable":true,"href":"https:\/\/fuentesfidedignas.com.mx\/index.php\/wp-json\/wp\/v2\/tags?post=29815"}],"curies":[{"name":"wp","href":"https:\/\/api.w.org\/{rel}","templated":true}]}}