{"id":29802,"date":"2022-05-01T08:29:49","date_gmt":"2022-05-01T14:29:49","guid":{"rendered":"https:\/\/fuentesfidedignas.com.mx\/?p=29802"},"modified":"2022-05-01T08:32:31","modified_gmt":"2022-05-01T14:32:31","slug":"cae-en-mazatlan-el-senoron-jefe-del-cjng-en-morelos","status":"publish","type":"post","link":"https:\/\/fuentesfidedignas.com.mx\/index.php\/2022\/05\/01\/cae-en-mazatlan-el-senoron-jefe-del-cjng-en-morelos\/","title":{"rendered":"Cae en Mazatl\u00e1n el \u201cSe\u00f1or\u00f3n\u201d, jefe del CJNG en Morelos"},"content":{"rendered":"\n<p><strong><em>El detenido cuenta con diversas carpetas de investigaci\u00f3n en su contra relacionadas con delitos de homicidio calificado<\/em><\/strong><\/p>\n\n\n\n<p>Mazatl\u00e1n, Sin.- Las autoridades de la Fiscal\u00eda General del Estado de Morelos anunci\u00f3 la detenci\u00f3n de Francisco Javier Rodr\u00edguez Hern\u00e1ndez, conocido como El Se\u00f1or\u00f3n o El XL, identificado como principal generador de violencia en la entidad y uno de los objetivos prioritarios del gobernador Cuauht\u00e9moc Blanco.<\/p>\n\n\n\n<p>De acuerdo con la Secretar\u00eda de Marina-Armada de M\u00e9xico, se inform\u00f3 que en operaci\u00f3n coordinadas con la Fiscal\u00eda Especializada en Materia de Delincuencia Organizada (FEMDO), la detenci\u00f3n se llev\u00f3 a cabo el pasado 29 de abril.<\/p>\n\n\n\n<p>El Se\u00f1or\u00f3n fue detenido en el municipio de Mazatl\u00e1n en el estado de Sinaloa por efectivos de la Marina por su presunta responsabilidad en diversos delitos.<\/p>\n\n\n\n<p>Adem\u00e1s de contar con varios laboratorios para la elaboraci\u00f3n de droga sint\u00e9tica, supuestamente distribuida en los municipios de Cuernavaca, Jiutepec, Puente de Ixtla, Amacuzac, Emiliano Zapata, Cuautla, y Cocoyoc, en el estado de Morelos.<\/p>\n\n\n\n<p>En junio del 2021 la FGE emiti\u00f3 una ficha de b\u00fasqueda en la que ofreci\u00f3 una recompensa de 500 mil pesos para quien aportara informaci\u00f3n para su localizaci\u00f3n y ulterior aprehensi\u00f3n.<\/p>\n\n\n\n<p>Javier Rodr\u00edguez Hern\u00e1ndez cuenta con varias carpetas de investigaci\u00f3n en su contra por delitos de homicidio calificado dentro de Morelos, seg\u00fan inform\u00f3 la fiscal\u00eda de la entidad; entre ellos, el de tres m\u00e9dicos que fueron asesinados el 10 de abril del 2020 en la localidad de Tilzapotla, municipio de Puente de Ixtla.<\/p>\n\n\n\n<p>Las v\u00edctimas fueron identificadas como \u00d3scar \u201cN\u201d, Gerardo \u201cN\u201d y Luis \u201cN\u201d, quienes laboraban en el Hospital General Regional 1 del IMSS en Cuernavaca. De acuerdo con los informes de la Fiscal\u00eda, fueron asesinados a balazos por el robo de una camioneta de uno de ellos.<\/p>\n\n\n\n<p>Adem\u00e1s es se\u00f1alado por el delito de asociaci\u00f3n delictuosa con distintas actividades en la zona metropolitana y sur de la entidad.<\/p>\n\n\n\n<p>La detenci\u00f3n pudo llevarse a cabo gracias a la relaci\u00f3n con las autoridades de la FGR e instancias federales, que llev\u00f3 a la localizaci\u00f3n del Se\u00f1or\u00f3n al exterior de la Torre Veleros ubicada en calle Pez Vela, S\u00e1balo Country en el municipio de Mazatl\u00e1n.<\/p>\n\n\n\n<p>Fue puesto a disposici\u00f3n de la FGR, delegaci\u00f3n Mazatl\u00e1n, para la integraci\u00f3n de la carpeta de investigaci\u00f3n correspondiente.<\/p>\n\n\n\n<p><strong>\u00bfQui\u00e9n es el \u201cSe\u00f1or\u00f3n\u201d?<\/strong><br>Su sobrenombre comenz\u00f3 a hacerse de fama a mediados del a\u00f1o 2020, a trav\u00e9s de distintos actos de violencia cometidos en la entidad as\u00ed como por la entrega de despensas durante el inicio de la pandemia por COVID-19 a comerciantes.<\/p>\n\n\n\n<p>Francisco Javier Rodr\u00edguez Hern\u00e1ndez apareci\u00f3 en el radar de la polic\u00eda tras la detenci\u00f3n en agosto de 2019 de Santiago Mazari Miranda, alias el Carrete, l\u00edder del grupo criminal Los Rojos, que manten\u00eda su base operativa en Guerrero y Morelos.<\/p>\n\n\n\n<p>La ca\u00edda del Carrete dej\u00f3 en Morelos un vac\u00edo que el CJNG intent\u00f3 ocupar a trav\u00e9s de alianzas con peque\u00f1os mafiosos locales. Entonces el Se\u00f1or\u00f3n ya era conocido como jefe de la extorsi\u00f3n y la venta de droga en diversos municipios de Morelos.<\/p>\n\n\n\n<p>El CJNG se disput\u00f3 con la Familia Michoacana el control del municipio en Cuernavaca generando una ola de violencia y el Se\u00f1or\u00f3n fue se\u00f1alado como el responsable de la masacre de 8 j\u00f3venes en un funeral en la colonia Antonio Barona.<\/p>\n\n\n\n<p>Posteriormente, en videos difundidos por la red a mediados del 2021, se pudo apreciar a hombres con los rostros cubiertos y chalecos antibalas repartiendo bolsas con \u00fatiles escolares a ni\u00f1os en el estado.<\/p>\n\n\n\n<p>Ante la prioridad que el estado dio a su captura emitiendo la recompensa en su contra, desat\u00f3 la furia del grupo delincuencial quienes comenzaron a prender fuego a los espectaculares con su imagen colocados en la autopista M\u00e9xico-Acapulco.<\/p>\n","protected":false},"excerpt":{"rendered":"<p>El detenido cuenta con diversas carpetas de investigaci\u00f3n en su contra relacionadas con delitos de homicidio calificado Mazatl\u00e1n, Sin.- Las autoridades de la Fiscal\u00eda General del Estado de Morelos anunci\u00f3 la detenci\u00f3n de Francisco Javier Rodr\u00edguez Hern\u00e1ndez, conocido como El Se\u00f1or\u00f3n o El XL, identificado como principal generador de violencia en la entidad y uno [&hellip;]<\/p>\n","protected":false},"author":41,"featured_media":29805,"comment_status":"open","ping_status":"open","sticky":false,"template":"","format":"standard","meta":{"tdm_status":"","tdm_grid_status":"","footnotes":""},"categories":[37],"tags":[204,203,2616],"class_list":{"0":"post-29802","1":"post","2":"type-post","3":"status-publish","4":"format-standard","5":"has-post-thumbnail","7":"category-nota-principal","8":"tag-cartel-jalisco-nueva-generacion","9":"tag-cjng","10":"tag-morelos"},"yoast_head":"<!-- This site is optimized with the Yoast SEO plugin v27.5 - https:\/\/yoast.com\/product\/yoast-seo-wordpress\/ -->\n<title>Cae en Mazatl\u00e1n el \u201cSe\u00f1or\u00f3n\u201d, jefe del CJNG en Morelos - Fuentes Fidedignas<\/title>\n<meta name=\"robots\" content=\"index, follow, max-snippet:-1, max-image-preview:large, max-video-preview:-1\" \/>\n<link rel=\"canonical\" href=\"https:\/\/fuentesfidedignas.com.mx\/index.php\/2022\/05\/01\/cae-en-mazatlan-el-senoron-jefe-del-cjng-en-morelos\/\" \/>\n<meta property=\"og:locale\" content=\"es_MX\" \/>\n<meta property=\"og:type\" content=\"article\" \/>\n<meta property=\"og:title\" content=\"Cae en Mazatl\u00e1n el \u201cSe\u00f1or\u00f3n\u201d, jefe del CJNG en Morelos - Fuentes Fidedignas\" \/>\n<meta property=\"og:description\" content=\"El detenido cuenta con diversas carpetas de investigaci\u00f3n en su contra relacionadas con delitos de homicidio calificado Mazatl\u00e1n, Sin.- Las autoridades de la Fiscal\u00eda General del Estado de Morelos anunci\u00f3 la detenci\u00f3n de Francisco Javier Rodr\u00edguez Hern\u00e1ndez, conocido como El Se\u00f1or\u00f3n o El XL, identificado como principal generador de violencia en la entidad y uno [&hellip;]\" \/>\n<meta property=\"og:url\" content=\"https:\/\/fuentesfidedignas.com.mx\/index.php\/2022\/05\/01\/cae-en-mazatlan-el-senoron-jefe-del-cjng-en-morelos\/\" \/>\n<meta property=\"og:site_name\" content=\"Fuentes Fidedignas\" \/>\n<meta property=\"article:publisher\" content=\"https:\/\/www.facebook.com\/Fuentes-Fidedignas-368234489921644\" \/>\n<meta property=\"article:published_time\" content=\"2022-05-01T14:29:49+00:00\" \/>\n<meta property=\"article:modified_time\" content=\"2022-05-01T14:32:31+00:00\" \/>\n<meta property=\"og:image\" content=\"https:\/\/fuentesfidedignas.com.mx\/wp-content\/uploads\/2022\/05\/SENORON_1.jpg\" \/>\n\t<meta property=\"og:image:width\" content=\"1176\" \/>\n\t<meta property=\"og:image:height\" content=\"600\" \/>\n\t<meta property=\"og:image:type\" content=\"image\/jpeg\" \/>\n<meta name=\"author\" content=\"Infobae\" \/>\n<meta name=\"twitter:card\" content=\"summary_large_image\" \/>\n<meta name=\"twitter:creator\" content=\"@fidedignas\" \/>\n<meta name=\"twitter:site\" content=\"@fidedignas\" \/>\n<meta name=\"twitter:label1\" content=\"Escrito por\" \/>\n\t<meta name=\"twitter:data1\" content=\"Infobae\" \/>\n\t<meta name=\"twitter:label2\" content=\"Tiempo de lectura\" \/>\n\t<meta name=\"twitter:data2\" content=\"3 minutos\" \/>\n<script type=\"application\/ld+json\" class=\"yoast-schema-graph\">{\"@context\":\"https:\\\/\\\/schema.org\",\"@graph\":[{\"@type\":\"Article\",\"@id\":\"https:\\\/\\\/fuentesfidedignas.com.mx\\\/index.php\\\/2022\\\/05\\\/01\\\/cae-en-mazatlan-el-senoron-jefe-del-cjng-en-morelos\\\/#article\",\"isPartOf\":{\"@id\":\"https:\\\/\\\/fuentesfidedignas.com.mx\\\/index.php\\\/2022\\\/05\\\/01\\\/cae-en-mazatlan-el-senoron-jefe-del-cjng-en-morelos\\\/\"},\"author\":{\"name\":\"Infobae\",\"@id\":\"https:\\\/\\\/fuentesfidedignas.com.mx\\\/#\\\/schema\\\/person\\\/8575896a7c1067d352f6c1cd6582c389\"},\"headline\":\"Cae en Mazatl\u00e1n el \u201cSe\u00f1or\u00f3n\u201d, jefe del CJNG en Morelos\",\"datePublished\":\"2022-05-01T14:29:49+00:00\",\"dateModified\":\"2022-05-01T14:32:31+00:00\",\"mainEntityOfPage\":{\"@id\":\"https:\\\/\\\/fuentesfidedignas.com.mx\\\/index.php\\\/2022\\\/05\\\/01\\\/cae-en-mazatlan-el-senoron-jefe-del-cjng-en-morelos\\\/\"},\"wordCount\":685,\"commentCount\":0,\"publisher\":{\"@id\":\"https:\\\/\\\/fuentesfidedignas.com.mx\\\/#organization\"},\"image\":{\"@id\":\"https:\\\/\\\/fuentesfidedignas.com.mx\\\/index.php\\\/2022\\\/05\\\/01\\\/cae-en-mazatlan-el-senoron-jefe-del-cjng-en-morelos\\\/#primaryimage\"},\"thumbnailUrl\":\"https:\\\/\\\/fuentesfidedignas.com.mx\\\/wp-content\\\/uploads\\\/2022\\\/05\\\/SENORON_1.jpg\",\"keywords\":[\"C\u00e1rtel Jalisco Nueva Generaci\u00f3n\",\"CJNG\",\"Morelos\"],\"articleSection\":[\"NOTA PRINCIPAL\"],\"inLanguage\":\"es\",\"potentialAction\":[{\"@type\":\"CommentAction\",\"name\":\"Comment\",\"target\":[\"https:\\\/\\\/fuentesfidedignas.com.mx\\\/index.php\\\/2022\\\/05\\\/01\\\/cae-en-mazatlan-el-senoron-jefe-del-cjng-en-morelos\\\/#respond\"]}]},{\"@type\":\"WebPage\",\"@id\":\"https:\\\/\\\/fuentesfidedignas.com.mx\\\/index.php\\\/2022\\\/05\\\/01\\\/cae-en-mazatlan-el-senoron-jefe-del-cjng-en-morelos\\\/\",\"url\":\"https:\\\/\\\/fuentesfidedignas.com.mx\\\/index.php\\\/2022\\\/05\\\/01\\\/cae-en-mazatlan-el-senoron-jefe-del-cjng-en-morelos\\\/\",\"name\":\"Cae en Mazatl\u00e1n el \u201cSe\u00f1or\u00f3n\u201d, jefe del CJNG en Morelos - Fuentes Fidedignas\",\"isPartOf\":{\"@id\":\"https:\\\/\\\/fuentesfidedignas.com.mx\\\/#website\"},\"primaryImageOfPage\":{\"@id\":\"https:\\\/\\\/fuentesfidedignas.com.mx\\\/index.php\\\/2022\\\/05\\\/01\\\/cae-en-mazatlan-el-senoron-jefe-del-cjng-en-morelos\\\/#primaryimage\"},\"image\":{\"@id\":\"https:\\\/\\\/fuentesfidedignas.com.mx\\\/index.php\\\/2022\\\/05\\\/01\\\/cae-en-mazatlan-el-senoron-jefe-del-cjng-en-morelos\\\/#primaryimage\"},\"thumbnailUrl\":\"https:\\\/\\\/fuentesfidedignas.com.mx\\\/wp-content\\\/uploads\\\/2022\\\/05\\\/SENORON_1.jpg\",\"datePublished\":\"2022-05-01T14:29:49+00:00\",\"dateModified\":\"2022-05-01T14:32:31+00:00\",\"breadcrumb\":{\"@id\":\"https:\\\/\\\/fuentesfidedignas.com.mx\\\/index.php\\\/2022\\\/05\\\/01\\\/cae-en-mazatlan-el-senoron-jefe-del-cjng-en-morelos\\\/#breadcrumb\"},\"inLanguage\":\"es\",\"potentialAction\":[{\"@type\":\"ReadAction\",\"target\":[\"https:\\\/\\\/fuentesfidedignas.com.mx\\\/index.php\\\/2022\\\/05\\\/01\\\/cae-en-mazatlan-el-senoron-jefe-del-cjng-en-morelos\\\/\"]}]},{\"@type\":\"ImageObject\",\"inLanguage\":\"es\",\"@id\":\"https:\\\/\\\/fuentesfidedignas.com.mx\\\/index.php\\\/2022\\\/05\\\/01\\\/cae-en-mazatlan-el-senoron-jefe-del-cjng-en-morelos\\\/#primaryimage\",\"url\":\"https:\\\/\\\/fuentesfidedignas.com.mx\\\/wp-content\\\/uploads\\\/2022\\\/05\\\/SENORON_1.jpg\",\"contentUrl\":\"https:\\\/\\\/fuentesfidedignas.com.mx\\\/wp-content\\\/uploads\\\/2022\\\/05\\\/SENORON_1.jpg\",\"width\":1176,\"height\":600},{\"@type\":\"BreadcrumbList\",\"@id\":\"https:\\\/\\\/fuentesfidedignas.com.mx\\\/index.php\\\/2022\\\/05\\\/01\\\/cae-en-mazatlan-el-senoron-jefe-del-cjng-en-morelos\\\/#breadcrumb\",\"itemListElement\":[{\"@type\":\"ListItem\",\"position\":1,\"name\":\"Inicio\",\"item\":\"https:\\\/\\\/fuentesfidedignas.com.mx\\\/\"},{\"@type\":\"ListItem\",\"position\":2,\"name\":\"Cae en Mazatl\u00e1n el \u201cSe\u00f1or\u00f3n\u201d, jefe del CJNG en Morelos\"}]},{\"@type\":\"WebSite\",\"@id\":\"https:\\\/\\\/fuentesfidedignas.com.mx\\\/#website\",\"url\":\"https:\\\/\\\/fuentesfidedignas.com.mx\\\/\",\"name\":\"Fuentes Fidedignas\",\"description\":\"Otro sitio realizado con WordPress\",\"publisher\":{\"@id\":\"https:\\\/\\\/fuentesfidedignas.com.mx\\\/#organization\"},\"potentialAction\":[{\"@type\":\"SearchAction\",\"target\":{\"@type\":\"EntryPoint\",\"urlTemplate\":\"https:\\\/\\\/fuentesfidedignas.com.mx\\\/?s={search_term_string}\"},\"query-input\":{\"@type\":\"PropertyValueSpecification\",\"valueRequired\":true,\"valueName\":\"search_term_string\"}}],\"inLanguage\":\"es\"},{\"@type\":\"Organization\",\"@id\":\"https:\\\/\\\/fuentesfidedignas.com.mx\\\/#organization\",\"name\":\"Fuentes Fidedignas\",\"url\":\"https:\\\/\\\/fuentesfidedignas.com.mx\\\/\",\"logo\":{\"@type\":\"ImageObject\",\"inLanguage\":\"es\",\"@id\":\"https:\\\/\\\/fuentesfidedignas.com.mx\\\/#\\\/schema\\\/logo\\\/image\\\/\",\"url\":\"https:\\\/\\\/fuentesfidedignas.com.mx\\\/wp-content\\\/uploads\\\/2021\\\/04\\\/logo-retina.png\",\"contentUrl\":\"https:\\\/\\\/fuentesfidedignas.com.mx\\\/wp-content\\\/uploads\\\/2021\\\/04\\\/logo-retina.png\",\"width\":280,\"height\":51,\"caption\":\"Fuentes Fidedignas\"},\"image\":{\"@id\":\"https:\\\/\\\/fuentesfidedignas.com.mx\\\/#\\\/schema\\\/logo\\\/image\\\/\"},\"sameAs\":[\"https:\\\/\\\/www.facebook.com\\\/Fuentes-Fidedignas-368234489921644\",\"https:\\\/\\\/x.com\\\/fidedignas\"]},{\"@type\":\"Person\",\"@id\":\"https:\\\/\\\/fuentesfidedignas.com.mx\\\/#\\\/schema\\\/person\\\/8575896a7c1067d352f6c1cd6582c389\",\"name\":\"Infobae\",\"image\":{\"@type\":\"ImageObject\",\"inLanguage\":\"es\",\"@id\":\"https:\\\/\\\/secure.gravatar.com\\\/avatar\\\/e4ec95706f8d1670343f6526fdcec45474bab17475a851434a64ca12b5acba1c?s=96&d=mm&r=g\",\"url\":\"https:\\\/\\\/secure.gravatar.com\\\/avatar\\\/e4ec95706f8d1670343f6526fdcec45474bab17475a851434a64ca12b5acba1c?s=96&d=mm&r=g\",\"contentUrl\":\"https:\\\/\\\/secure.gravatar.com\\\/avatar\\\/e4ec95706f8d1670343f6526fdcec45474bab17475a851434a64ca12b5acba1c?s=96&d=mm&r=g\",\"caption\":\"Infobae\"},\"url\":\"https:\\\/\\\/fuentesfidedignas.com.mx\\\/index.php\\\/author\\\/infobae\\\/\"}]}<\/script>\n<!-- \/ Yoast SEO plugin. -->","yoast_head_json":{"title":"Cae en Mazatl\u00e1n el \u201cSe\u00f1or\u00f3n\u201d, jefe del CJNG en Morelos - Fuentes Fidedignas","robots":{"index":"index","follow":"follow","max-snippet":"max-snippet:-1","max-image-preview":"max-image-preview:large","max-video-preview":"max-video-preview:-1"},"canonical":"https:\/\/fuentesfidedignas.com.mx\/index.php\/2022\/05\/01\/cae-en-mazatlan-el-senoron-jefe-del-cjng-en-morelos\/","og_locale":"es_MX","og_type":"article","og_title":"Cae en Mazatl\u00e1n el \u201cSe\u00f1or\u00f3n\u201d, jefe del CJNG en Morelos - Fuentes Fidedignas","og_description":"El detenido cuenta con diversas carpetas de investigaci\u00f3n en su contra relacionadas con delitos de homicidio calificado Mazatl\u00e1n, Sin.- Las autoridades de la Fiscal\u00eda General del Estado de Morelos anunci\u00f3 la detenci\u00f3n de Francisco Javier Rodr\u00edguez Hern\u00e1ndez, conocido como El Se\u00f1or\u00f3n o El XL, identificado como principal generador de violencia en la entidad y uno [&hellip;]","og_url":"https:\/\/fuentesfidedignas.com.mx\/index.php\/2022\/05\/01\/cae-en-mazatlan-el-senoron-jefe-del-cjng-en-morelos\/","og_site_name":"Fuentes Fidedignas","article_publisher":"https:\/\/www.facebook.com\/Fuentes-Fidedignas-368234489921644","article_published_time":"2022-05-01T14:29:49+00:00","article_modified_time":"2022-05-01T14:32:31+00:00","og_image":[{"width":1176,"height":600,"url":"https:\/\/fuentesfidedignas.com.mx\/wp-content\/uploads\/2022\/05\/SENORON_1.jpg","type":"image\/jpeg"}],"author":"Infobae","twitter_card":"summary_large_image","twitter_creator":"@fidedignas","twitter_site":"@fidedignas","twitter_misc":{"Escrito por":"Infobae","Tiempo de lectura":"3 minutos"},"schema":{"@context":"https:\/\/schema.org","@graph":[{"@type":"Article","@id":"https:\/\/fuentesfidedignas.com.mx\/index.php\/2022\/05\/01\/cae-en-mazatlan-el-senoron-jefe-del-cjng-en-morelos\/#article","isPartOf":{"@id":"https:\/\/fuentesfidedignas.com.mx\/index.php\/2022\/05\/01\/cae-en-mazatlan-el-senoron-jefe-del-cjng-en-morelos\/"},"author":{"name":"Infobae","@id":"https:\/\/fuentesfidedignas.com.mx\/#\/schema\/person\/8575896a7c1067d352f6c1cd6582c389"},"headline":"Cae en Mazatl\u00e1n el \u201cSe\u00f1or\u00f3n\u201d, jefe del CJNG en Morelos","datePublished":"2022-05-01T14:29:49+00:00","dateModified":"2022-05-01T14:32:31+00:00","mainEntityOfPage":{"@id":"https:\/\/fuentesfidedignas.com.mx\/index.php\/2022\/05\/01\/cae-en-mazatlan-el-senoron-jefe-del-cjng-en-morelos\/"},"wordCount":685,"commentCount":0,"publisher":{"@id":"https:\/\/fuentesfidedignas.com.mx\/#organization"},"image":{"@id":"https:\/\/fuentesfidedignas.com.mx\/index.php\/2022\/05\/01\/cae-en-mazatlan-el-senoron-jefe-del-cjng-en-morelos\/#primaryimage"},"thumbnailUrl":"https:\/\/fuentesfidedignas.com.mx\/wp-content\/uploads\/2022\/05\/SENORON_1.jpg","keywords":["C\u00e1rtel Jalisco Nueva Generaci\u00f3n","CJNG","Morelos"],"articleSection":["NOTA PRINCIPAL"],"inLanguage":"es","potentialAction":[{"@type":"CommentAction","name":"Comment","target":["https:\/\/fuentesfidedignas.com.mx\/index.php\/2022\/05\/01\/cae-en-mazatlan-el-senoron-jefe-del-cjng-en-morelos\/#respond"]}]},{"@type":"WebPage","@id":"https:\/\/fuentesfidedignas.com.mx\/index.php\/2022\/05\/01\/cae-en-mazatlan-el-senoron-jefe-del-cjng-en-morelos\/","url":"https:\/\/fuentesfidedignas.com.mx\/index.php\/2022\/05\/01\/cae-en-mazatlan-el-senoron-jefe-del-cjng-en-morelos\/","name":"Cae en Mazatl\u00e1n el \u201cSe\u00f1or\u00f3n\u201d, jefe del CJNG en Morelos - Fuentes Fidedignas","isPartOf":{"@id":"https:\/\/fuentesfidedignas.com.mx\/#website"},"primaryImageOfPage":{"@id":"https:\/\/fuentesfidedignas.com.mx\/index.php\/2022\/05\/01\/cae-en-mazatlan-el-senoron-jefe-del-cjng-en-morelos\/#primaryimage"},"image":{"@id":"https:\/\/fuentesfidedignas.com.mx\/index.php\/2022\/05\/01\/cae-en-mazatlan-el-senoron-jefe-del-cjng-en-morelos\/#primaryimage"},"thumbnailUrl":"https:\/\/fuentesfidedignas.com.mx\/wp-content\/uploads\/2022\/05\/SENORON_1.jpg","datePublished":"2022-05-01T14:29:49+00:00","dateModified":"2022-05-01T14:32:31+00:00","breadcrumb":{"@id":"https:\/\/fuentesfidedignas.com.mx\/index.php\/2022\/05\/01\/cae-en-mazatlan-el-senoron-jefe-del-cjng-en-morelos\/#breadcrumb"},"inLanguage":"es","potentialAction":[{"@type":"ReadAction","target":["https:\/\/fuentesfidedignas.com.mx\/index.php\/2022\/05\/01\/cae-en-mazatlan-el-senoron-jefe-del-cjng-en-morelos\/"]}]},{"@type":"ImageObject","inLanguage":"es","@id":"https:\/\/fuentesfidedignas.com.mx\/index.php\/2022\/05\/01\/cae-en-mazatlan-el-senoron-jefe-del-cjng-en-morelos\/#primaryimage","url":"https:\/\/fuentesfidedignas.com.mx\/wp-content\/uploads\/2022\/05\/SENORON_1.jpg","contentUrl":"https:\/\/fuentesfidedignas.com.mx\/wp-content\/uploads\/2022\/05\/SENORON_1.jpg","width":1176,"height":600},{"@type":"BreadcrumbList","@id":"https:\/\/fuentesfidedignas.com.mx\/index.php\/2022\/05\/01\/cae-en-mazatlan-el-senoron-jefe-del-cjng-en-morelos\/#breadcrumb","itemListElement":[{"@type":"ListItem","position":1,"name":"Inicio","item":"https:\/\/fuentesfidedignas.com.mx\/"},{"@type":"ListItem","position":2,"name":"Cae en Mazatl\u00e1n el \u201cSe\u00f1or\u00f3n\u201d, jefe del CJNG en Morelos"}]},{"@type":"WebSite","@id":"https:\/\/fuentesfidedignas.com.mx\/#website","url":"https:\/\/fuentesfidedignas.com.mx\/","name":"Fuentes Fidedignas","description":"Otro sitio realizado con WordPress","publisher":{"@id":"https:\/\/fuentesfidedignas.com.mx\/#organization"},"potentialAction":[{"@type":"SearchAction","target":{"@type":"EntryPoint","urlTemplate":"https:\/\/fuentesfidedignas.com.mx\/?s={search_term_string}"},"query-input":{"@type":"PropertyValueSpecification","valueRequired":true,"valueName":"search_term_string"}}],"inLanguage":"es"},{"@type":"Organization","@id":"https:\/\/fuentesfidedignas.com.mx\/#organization","name":"Fuentes Fidedignas","url":"https:\/\/fuentesfidedignas.com.mx\/","logo":{"@type":"ImageObject","inLanguage":"es","@id":"https:\/\/fuentesfidedignas.com.mx\/#\/schema\/logo\/image\/","url":"https:\/\/fuentesfidedignas.com.mx\/wp-content\/uploads\/2021\/04\/logo-retina.png","contentUrl":"https:\/\/fuentesfidedignas.com.mx\/wp-content\/uploads\/2021\/04\/logo-retina.png","width":280,"height":51,"caption":"Fuentes Fidedignas"},"image":{"@id":"https:\/\/fuentesfidedignas.com.mx\/#\/schema\/logo\/image\/"},"sameAs":["https:\/\/www.facebook.com\/Fuentes-Fidedignas-368234489921644","https:\/\/x.com\/fidedignas"]},{"@type":"Person","@id":"https:\/\/fuentesfidedignas.com.mx\/#\/schema\/person\/8575896a7c1067d352f6c1cd6582c389","name":"Infobae","image":{"@type":"ImageObject","inLanguage":"es","@id":"https:\/\/secure.gravatar.com\/avatar\/e4ec95706f8d1670343f6526fdcec45474bab17475a851434a64ca12b5acba1c?s=96&d=mm&r=g","url":"https:\/\/secure.gravatar.com\/avatar\/e4ec95706f8d1670343f6526fdcec45474bab17475a851434a64ca12b5acba1c?s=96&d=mm&r=g","contentUrl":"https:\/\/secure.gravatar.com\/avatar\/e4ec95706f8d1670343f6526fdcec45474bab17475a851434a64ca12b5acba1c?s=96&d=mm&r=g","caption":"Infobae"},"url":"https:\/\/fuentesfidedignas.com.mx\/index.php\/author\/infobae\/"}]}},"_links":{"self":[{"href":"https:\/\/fuentesfidedignas.com.mx\/index.php\/wp-json\/wp\/v2\/posts\/29802","targetHints":{"allow":["GET"]}}],"collection":[{"href":"https:\/\/fuentesfidedignas.com.mx\/index.php\/wp-json\/wp\/v2\/posts"}],"about":[{"href":"https:\/\/fuentesfidedignas.com.mx\/index.php\/wp-json\/wp\/v2\/types\/post"}],"author":[{"embeddable":true,"href":"https:\/\/fuentesfidedignas.com.mx\/index.php\/wp-json\/wp\/v2\/users\/41"}],"replies":[{"embeddable":true,"href":"https:\/\/fuentesfidedignas.com.mx\/index.php\/wp-json\/wp\/v2\/comments?post=29802"}],"version-history":[{"count":1,"href":"https:\/\/fuentesfidedignas.com.mx\/index.php\/wp-json\/wp\/v2\/posts\/29802\/revisions"}],"predecessor-version":[{"id":29804,"href":"https:\/\/fuentesfidedignas.com.mx\/index.php\/wp-json\/wp\/v2\/posts\/29802\/revisions\/29804"}],"wp:featuredmedia":[{"embeddable":true,"href":"https:\/\/fuentesfidedignas.com.mx\/index.php\/wp-json\/wp\/v2\/media\/29805"}],"wp:attachment":[{"href":"https:\/\/fuentesfidedignas.com.mx\/index.php\/wp-json\/wp\/v2\/media?parent=29802"}],"wp:term":[{"taxonomy":"category","embeddable":true,"href":"https:\/\/fuentesfidedignas.com.mx\/index.php\/wp-json\/wp\/v2\/categories?post=29802"},{"taxonomy":"post_tag","embeddable":true,"href":"https:\/\/fuentesfidedignas.com.mx\/index.php\/wp-json\/wp\/v2\/tags?post=29802"}],"curies":[{"name":"wp","href":"https:\/\/api.w.org\/{rel}","templated":true}]}}