{"id":29797,"date":"2022-05-01T01:11:00","date_gmt":"2022-05-01T07:11:00","guid":{"rendered":"https:\/\/fuentesfidedignas.com.mx\/?p=29797"},"modified":"2022-04-30T20:17:28","modified_gmt":"2022-05-01T02:17:28","slug":"feliz-dia-del-nino-balacera-interrumpe-festejo-con-decenas-de-pequenos","status":"publish","type":"post","link":"https:\/\/fuentesfidedignas.com.mx\/index.php\/2022\/05\/01\/feliz-dia-del-nino-balacera-interrumpe-festejo-con-decenas-de-pequenos\/","title":{"rendered":"\u00bfFeliz D\u00eda del Ni\u00f1o? Balacera interrumpe festejo con decenas de peque\u00f1os"},"content":{"rendered":"\n<p>\u00bf<strong>Feliz\u00a0<a href=\"https:\/\/www.unotv.com\/entretenimiento\/dia-del-nino-2022-de-natalie-portman-a-tom-holland-asi-se-veian-de-ninos\/\">D\u00eda del Ni\u00f1o<\/a><\/strong>? En\u00a0<strong><a href=\"https:\/\/www.unotv.com\/virales\/espuma-toxica-invade-rio-y-afecta-pueblo-en-colombia\/\">Colombia\u00a0<\/a><\/strong>se registr\u00f3 una balacera en medio de una celebraci\u00f3n dedicada a peque\u00f1os del municipio de\u00a0<strong>El Tarra<\/strong>, al norte de\u00a0<strong>Santander<\/strong>.<\/p>\n\n\n\n<p>A continuaci\u00f3n te mostramos un video en el que se observan los&nbsp;<strong>momentos de p\u00e1nico que se vivieron y como ni\u00f1os corrieron en busca de un lugar seguro&nbsp;<\/strong>para resguardarse mientras se escuchaban detonaciones por armas de fuego.<\/p>\n\n\n\n<p>De acuerdo con las primeras versiones de los hechos, un comando abri\u00f3 fuego de manera indiscriminada en contra de las personas que se encontraban en un patio festejando el\u00a0<strong><a href=\"https:\/\/www.unotv.com\/deportes\/deportistas-de-ninos-como-se-veian-los-cracks-en-su-infancia\/\">D\u00eda del Ni\u00f1o<\/a><\/strong>\u00a0en las instalaciones de una base a\u00e9rea militar.<\/p>\n\n\n\n<figure class=\"wp-block-embed is-type-rich is-provider-twitter wp-block-embed-twitter\"><div class=\"wp-block-embed__wrapper\">\n<blockquote class=\"twitter-tweet\" data-width=\"550\" data-dnt=\"true\"><p lang=\"es\" dir=\"ltr\">Hoy mientras se celebraba el d\u00eda de los ni\u00f1os en una base militar en el municipio de El Tarra en Norte de Santander los terroristas dispararon contra los ni\u00f1os y soldados.<br><br>Las im\u00e1genes son indignantes.<br><br> <a href=\"https:\/\/t.co\/4nwtVkRfDq\">pic.twitter.com\/4nwtVkRfDq<\/a><\/p>&mdash; Daniel F. Brice\u00f1o (@Danielbricen) <a href=\"https:\/\/twitter.com\/Danielbricen\/status\/1519511878912860161?ref_src=twsrc%5Etfw\">April 28, 2022<\/a><\/blockquote><script async src=\"https:\/\/platform.twitter.com\/widgets.js\" charset=\"utf-8\"><\/script>\n<\/div><\/figure>\n\n\n\n<blockquote class=\"wp-block-quote is-layout-flow wp-block-quote-is-layout-flow\"><p>\u201cNo disparen, dios mio, aqu\u00ed hay ni\u00f1os (\u2026) ag\u00e1chense. Les digo que no disparen m\u00e1s, piensen en los ni\u00f1os, por favor\u201d<\/p><cite>Se escucha decir a una anfitriona a trav\u00e9s de un micr\u00f3fono.<\/cite><\/blockquote>\n\n\n\n<p>El ejercito de&nbsp;<strong>Colombia&nbsp;<\/strong>confirm\u00f3 que un grupo de guerrilleros atacaron con<strong>&nbsp;\u201cr\u00e1fagas de fusil y explosivos a la poblaci\u00f3n civil, sin importar la presencia de ni\u00f1os\u201d.<\/strong><\/p>\n","protected":false},"excerpt":{"rendered":"<p>\u00bfFeliz\u00a0D\u00eda del Ni\u00f1o? En\u00a0Colombia\u00a0se registr\u00f3 una balacera en medio de una celebraci\u00f3n dedicada a peque\u00f1os del municipio de\u00a0El Tarra, al norte de\u00a0Santander. A continuaci\u00f3n te mostramos un video en el que se observan los&nbsp;momentos de p\u00e1nico que se vivieron y como ni\u00f1os corrieron en busca de un lugar seguro&nbsp;para resguardarse mientras se escuchaban detonaciones por [&hellip;]<\/p>\n","protected":false},"author":33,"featured_media":29801,"comment_status":"open","ping_status":"open","sticky":false,"template":"","format":"standard","meta":{"tdm_status":"","tdm_grid_status":"","footnotes":""},"categories":[40],"tags":[290,193],"class_list":{"0":"post-29797","1":"post","2":"type-post","3":"status-publish","4":"format-standard","5":"has-post-thumbnail","7":"category-las-asombrosas","8":"tag-asombrosa","9":"tag-viral"},"yoast_head":"<!-- This site is optimized with the Yoast SEO plugin v27.4 - https:\/\/yoast.com\/product\/yoast-seo-wordpress\/ -->\n<title>\u00bfFeliz D\u00eda del Ni\u00f1o? Balacera interrumpe festejo con decenas de peque\u00f1os - Fuentes Fidedignas<\/title>\n<meta name=\"robots\" content=\"index, follow, max-snippet:-1, max-image-preview:large, max-video-preview:-1\" \/>\n<link rel=\"canonical\" href=\"https:\/\/fuentesfidedignas.com.mx\/index.php\/2022\/05\/01\/feliz-dia-del-nino-balacera-interrumpe-festejo-con-decenas-de-pequenos\/\" \/>\n<meta property=\"og:locale\" content=\"es_MX\" \/>\n<meta property=\"og:type\" content=\"article\" \/>\n<meta property=\"og:title\" content=\"\u00bfFeliz D\u00eda del Ni\u00f1o? Balacera interrumpe festejo con decenas de peque\u00f1os - Fuentes Fidedignas\" \/>\n<meta property=\"og:description\" content=\"\u00bfFeliz\u00a0D\u00eda del Ni\u00f1o? En\u00a0Colombia\u00a0se registr\u00f3 una balacera en medio de una celebraci\u00f3n dedicada a peque\u00f1os del municipio de\u00a0El Tarra, al norte de\u00a0Santander. A continuaci\u00f3n te mostramos un video en el que se observan los&nbsp;momentos de p\u00e1nico que se vivieron y como ni\u00f1os corrieron en busca de un lugar seguro&nbsp;para resguardarse mientras se escuchaban detonaciones por [&hellip;]\" \/>\n<meta property=\"og:url\" content=\"https:\/\/fuentesfidedignas.com.mx\/index.php\/2022\/05\/01\/feliz-dia-del-nino-balacera-interrumpe-festejo-con-decenas-de-pequenos\/\" \/>\n<meta property=\"og:site_name\" content=\"Fuentes Fidedignas\" \/>\n<meta property=\"article:publisher\" content=\"https:\/\/www.facebook.com\/Fuentes-Fidedignas-368234489921644\" \/>\n<meta property=\"article:published_time\" content=\"2022-05-01T07:11:00+00:00\" \/>\n<meta property=\"og:image\" content=\"https:\/\/fuentesfidedignas.com.mx\/wp-content\/uploads\/2022\/04\/dia-del-nino-123251.jpg\" \/>\n\t<meta property=\"og:image:width\" content=\"1200\" \/>\n\t<meta property=\"og:image:height\" content=\"675\" \/>\n\t<meta property=\"og:image:type\" content=\"image\/jpeg\" \/>\n<meta name=\"author\" content=\"UNO TV\" \/>\n<meta name=\"twitter:card\" content=\"summary_large_image\" \/>\n<meta name=\"twitter:creator\" content=\"@fidedignas\" \/>\n<meta name=\"twitter:site\" content=\"@fidedignas\" \/>\n<meta name=\"twitter:label1\" content=\"Escrito por\" \/>\n\t<meta name=\"twitter:data1\" content=\"UNO TV\" \/>\n\t<meta name=\"twitter:label2\" content=\"Tiempo de lectura\" \/>\n\t<meta name=\"twitter:data2\" content=\"1 minuto\" \/>\n<script type=\"application\/ld+json\" class=\"yoast-schema-graph\">{\"@context\":\"https:\\\/\\\/schema.org\",\"@graph\":[{\"@type\":\"Article\",\"@id\":\"https:\\\/\\\/fuentesfidedignas.com.mx\\\/index.php\\\/2022\\\/05\\\/01\\\/feliz-dia-del-nino-balacera-interrumpe-festejo-con-decenas-de-pequenos\\\/#article\",\"isPartOf\":{\"@id\":\"https:\\\/\\\/fuentesfidedignas.com.mx\\\/index.php\\\/2022\\\/05\\\/01\\\/feliz-dia-del-nino-balacera-interrumpe-festejo-con-decenas-de-pequenos\\\/\"},\"author\":{\"name\":\"UNO TV\",\"@id\":\"https:\\\/\\\/fuentesfidedignas.com.mx\\\/#\\\/schema\\\/person\\\/d121cdb5b05da85078ff634900eb8b43\"},\"headline\":\"\u00bfFeliz D\u00eda del Ni\u00f1o? Balacera interrumpe festejo con decenas de peque\u00f1os\",\"datePublished\":\"2022-05-01T07:11:00+00:00\",\"mainEntityOfPage\":{\"@id\":\"https:\\\/\\\/fuentesfidedignas.com.mx\\\/index.php\\\/2022\\\/05\\\/01\\\/feliz-dia-del-nino-balacera-interrumpe-festejo-con-decenas-de-pequenos\\\/\"},\"wordCount\":231,\"commentCount\":0,\"publisher\":{\"@id\":\"https:\\\/\\\/fuentesfidedignas.com.mx\\\/#organization\"},\"image\":{\"@id\":\"https:\\\/\\\/fuentesfidedignas.com.mx\\\/index.php\\\/2022\\\/05\\\/01\\\/feliz-dia-del-nino-balacera-interrumpe-festejo-con-decenas-de-pequenos\\\/#primaryimage\"},\"thumbnailUrl\":\"https:\\\/\\\/fuentesfidedignas.com.mx\\\/wp-content\\\/uploads\\\/2022\\\/04\\\/dia-del-nino-123251.jpg\",\"keywords\":[\"Asombrosa\",\"Viral\"],\"articleSection\":[\"LAS ASOMBROSAS\"],\"inLanguage\":\"es\",\"potentialAction\":[{\"@type\":\"CommentAction\",\"name\":\"Comment\",\"target\":[\"https:\\\/\\\/fuentesfidedignas.com.mx\\\/index.php\\\/2022\\\/05\\\/01\\\/feliz-dia-del-nino-balacera-interrumpe-festejo-con-decenas-de-pequenos\\\/#respond\"]}]},{\"@type\":\"WebPage\",\"@id\":\"https:\\\/\\\/fuentesfidedignas.com.mx\\\/index.php\\\/2022\\\/05\\\/01\\\/feliz-dia-del-nino-balacera-interrumpe-festejo-con-decenas-de-pequenos\\\/\",\"url\":\"https:\\\/\\\/fuentesfidedignas.com.mx\\\/index.php\\\/2022\\\/05\\\/01\\\/feliz-dia-del-nino-balacera-interrumpe-festejo-con-decenas-de-pequenos\\\/\",\"name\":\"\u00bfFeliz D\u00eda del Ni\u00f1o? Balacera interrumpe festejo con decenas de peque\u00f1os - Fuentes Fidedignas\",\"isPartOf\":{\"@id\":\"https:\\\/\\\/fuentesfidedignas.com.mx\\\/#website\"},\"primaryImageOfPage\":{\"@id\":\"https:\\\/\\\/fuentesfidedignas.com.mx\\\/index.php\\\/2022\\\/05\\\/01\\\/feliz-dia-del-nino-balacera-interrumpe-festejo-con-decenas-de-pequenos\\\/#primaryimage\"},\"image\":{\"@id\":\"https:\\\/\\\/fuentesfidedignas.com.mx\\\/index.php\\\/2022\\\/05\\\/01\\\/feliz-dia-del-nino-balacera-interrumpe-festejo-con-decenas-de-pequenos\\\/#primaryimage\"},\"thumbnailUrl\":\"https:\\\/\\\/fuentesfidedignas.com.mx\\\/wp-content\\\/uploads\\\/2022\\\/04\\\/dia-del-nino-123251.jpg\",\"datePublished\":\"2022-05-01T07:11:00+00:00\",\"breadcrumb\":{\"@id\":\"https:\\\/\\\/fuentesfidedignas.com.mx\\\/index.php\\\/2022\\\/05\\\/01\\\/feliz-dia-del-nino-balacera-interrumpe-festejo-con-decenas-de-pequenos\\\/#breadcrumb\"},\"inLanguage\":\"es\",\"potentialAction\":[{\"@type\":\"ReadAction\",\"target\":[\"https:\\\/\\\/fuentesfidedignas.com.mx\\\/index.php\\\/2022\\\/05\\\/01\\\/feliz-dia-del-nino-balacera-interrumpe-festejo-con-decenas-de-pequenos\\\/\"]}]},{\"@type\":\"ImageObject\",\"inLanguage\":\"es\",\"@id\":\"https:\\\/\\\/fuentesfidedignas.com.mx\\\/index.php\\\/2022\\\/05\\\/01\\\/feliz-dia-del-nino-balacera-interrumpe-festejo-con-decenas-de-pequenos\\\/#primaryimage\",\"url\":\"https:\\\/\\\/fuentesfidedignas.com.mx\\\/wp-content\\\/uploads\\\/2022\\\/04\\\/dia-del-nino-123251.jpg\",\"contentUrl\":\"https:\\\/\\\/fuentesfidedignas.com.mx\\\/wp-content\\\/uploads\\\/2022\\\/04\\\/dia-del-nino-123251.jpg\",\"width\":1200,\"height\":675},{\"@type\":\"BreadcrumbList\",\"@id\":\"https:\\\/\\\/fuentesfidedignas.com.mx\\\/index.php\\\/2022\\\/05\\\/01\\\/feliz-dia-del-nino-balacera-interrumpe-festejo-con-decenas-de-pequenos\\\/#breadcrumb\",\"itemListElement\":[{\"@type\":\"ListItem\",\"position\":1,\"name\":\"Inicio\",\"item\":\"https:\\\/\\\/fuentesfidedignas.com.mx\\\/\"},{\"@type\":\"ListItem\",\"position\":2,\"name\":\"\u00bfFeliz D\u00eda del Ni\u00f1o? Balacera interrumpe festejo con decenas de peque\u00f1os\"}]},{\"@type\":\"WebSite\",\"@id\":\"https:\\\/\\\/fuentesfidedignas.com.mx\\\/#website\",\"url\":\"https:\\\/\\\/fuentesfidedignas.com.mx\\\/\",\"name\":\"Fuentes Fidedignas\",\"description\":\"Otro sitio realizado con WordPress\",\"publisher\":{\"@id\":\"https:\\\/\\\/fuentesfidedignas.com.mx\\\/#organization\"},\"potentialAction\":[{\"@type\":\"SearchAction\",\"target\":{\"@type\":\"EntryPoint\",\"urlTemplate\":\"https:\\\/\\\/fuentesfidedignas.com.mx\\\/?s={search_term_string}\"},\"query-input\":{\"@type\":\"PropertyValueSpecification\",\"valueRequired\":true,\"valueName\":\"search_term_string\"}}],\"inLanguage\":\"es\"},{\"@type\":\"Organization\",\"@id\":\"https:\\\/\\\/fuentesfidedignas.com.mx\\\/#organization\",\"name\":\"Fuentes Fidedignas\",\"url\":\"https:\\\/\\\/fuentesfidedignas.com.mx\\\/\",\"logo\":{\"@type\":\"ImageObject\",\"inLanguage\":\"es\",\"@id\":\"https:\\\/\\\/fuentesfidedignas.com.mx\\\/#\\\/schema\\\/logo\\\/image\\\/\",\"url\":\"https:\\\/\\\/fuentesfidedignas.com.mx\\\/wp-content\\\/uploads\\\/2021\\\/04\\\/logo-retina.png\",\"contentUrl\":\"https:\\\/\\\/fuentesfidedignas.com.mx\\\/wp-content\\\/uploads\\\/2021\\\/04\\\/logo-retina.png\",\"width\":280,\"height\":51,\"caption\":\"Fuentes Fidedignas\"},\"image\":{\"@id\":\"https:\\\/\\\/fuentesfidedignas.com.mx\\\/#\\\/schema\\\/logo\\\/image\\\/\"},\"sameAs\":[\"https:\\\/\\\/www.facebook.com\\\/Fuentes-Fidedignas-368234489921644\",\"https:\\\/\\\/x.com\\\/fidedignas\"]},{\"@type\":\"Person\",\"@id\":\"https:\\\/\\\/fuentesfidedignas.com.mx\\\/#\\\/schema\\\/person\\\/d121cdb5b05da85078ff634900eb8b43\",\"name\":\"UNO TV\",\"image\":{\"@type\":\"ImageObject\",\"inLanguage\":\"es\",\"@id\":\"https:\\\/\\\/secure.gravatar.com\\\/avatar\\\/6b329c442e2a611d9019175d0dc7f1d31dc6459a87e1652726f26e209691b32c?s=96&d=mm&r=g\",\"url\":\"https:\\\/\\\/secure.gravatar.com\\\/avatar\\\/6b329c442e2a611d9019175d0dc7f1d31dc6459a87e1652726f26e209691b32c?s=96&d=mm&r=g\",\"contentUrl\":\"https:\\\/\\\/secure.gravatar.com\\\/avatar\\\/6b329c442e2a611d9019175d0dc7f1d31dc6459a87e1652726f26e209691b32c?s=96&d=mm&r=g\",\"caption\":\"UNO TV\"},\"url\":\"https:\\\/\\\/fuentesfidedignas.com.mx\\\/index.php\\\/author\\\/unotv\\\/\"}]}<\/script>\n<!-- \/ Yoast SEO plugin. -->","yoast_head_json":{"title":"\u00bfFeliz D\u00eda del Ni\u00f1o? Balacera interrumpe festejo con decenas de peque\u00f1os - Fuentes Fidedignas","robots":{"index":"index","follow":"follow","max-snippet":"max-snippet:-1","max-image-preview":"max-image-preview:large","max-video-preview":"max-video-preview:-1"},"canonical":"https:\/\/fuentesfidedignas.com.mx\/index.php\/2022\/05\/01\/feliz-dia-del-nino-balacera-interrumpe-festejo-con-decenas-de-pequenos\/","og_locale":"es_MX","og_type":"article","og_title":"\u00bfFeliz D\u00eda del Ni\u00f1o? Balacera interrumpe festejo con decenas de peque\u00f1os - Fuentes Fidedignas","og_description":"\u00bfFeliz\u00a0D\u00eda del Ni\u00f1o? En\u00a0Colombia\u00a0se registr\u00f3 una balacera en medio de una celebraci\u00f3n dedicada a peque\u00f1os del municipio de\u00a0El Tarra, al norte de\u00a0Santander. A continuaci\u00f3n te mostramos un video en el que se observan los&nbsp;momentos de p\u00e1nico que se vivieron y como ni\u00f1os corrieron en busca de un lugar seguro&nbsp;para resguardarse mientras se escuchaban detonaciones por [&hellip;]","og_url":"https:\/\/fuentesfidedignas.com.mx\/index.php\/2022\/05\/01\/feliz-dia-del-nino-balacera-interrumpe-festejo-con-decenas-de-pequenos\/","og_site_name":"Fuentes Fidedignas","article_publisher":"https:\/\/www.facebook.com\/Fuentes-Fidedignas-368234489921644","article_published_time":"2022-05-01T07:11:00+00:00","og_image":[{"width":1200,"height":675,"url":"https:\/\/fuentesfidedignas.com.mx\/wp-content\/uploads\/2022\/04\/dia-del-nino-123251.jpg","type":"image\/jpeg"}],"author":"UNO TV","twitter_card":"summary_large_image","twitter_creator":"@fidedignas","twitter_site":"@fidedignas","twitter_misc":{"Escrito por":"UNO TV","Tiempo de lectura":"1 minuto"},"schema":{"@context":"https:\/\/schema.org","@graph":[{"@type":"Article","@id":"https:\/\/fuentesfidedignas.com.mx\/index.php\/2022\/05\/01\/feliz-dia-del-nino-balacera-interrumpe-festejo-con-decenas-de-pequenos\/#article","isPartOf":{"@id":"https:\/\/fuentesfidedignas.com.mx\/index.php\/2022\/05\/01\/feliz-dia-del-nino-balacera-interrumpe-festejo-con-decenas-de-pequenos\/"},"author":{"name":"UNO TV","@id":"https:\/\/fuentesfidedignas.com.mx\/#\/schema\/person\/d121cdb5b05da85078ff634900eb8b43"},"headline":"\u00bfFeliz D\u00eda del Ni\u00f1o? Balacera interrumpe festejo con decenas de peque\u00f1os","datePublished":"2022-05-01T07:11:00+00:00","mainEntityOfPage":{"@id":"https:\/\/fuentesfidedignas.com.mx\/index.php\/2022\/05\/01\/feliz-dia-del-nino-balacera-interrumpe-festejo-con-decenas-de-pequenos\/"},"wordCount":231,"commentCount":0,"publisher":{"@id":"https:\/\/fuentesfidedignas.com.mx\/#organization"},"image":{"@id":"https:\/\/fuentesfidedignas.com.mx\/index.php\/2022\/05\/01\/feliz-dia-del-nino-balacera-interrumpe-festejo-con-decenas-de-pequenos\/#primaryimage"},"thumbnailUrl":"https:\/\/fuentesfidedignas.com.mx\/wp-content\/uploads\/2022\/04\/dia-del-nino-123251.jpg","keywords":["Asombrosa","Viral"],"articleSection":["LAS ASOMBROSAS"],"inLanguage":"es","potentialAction":[{"@type":"CommentAction","name":"Comment","target":["https:\/\/fuentesfidedignas.com.mx\/index.php\/2022\/05\/01\/feliz-dia-del-nino-balacera-interrumpe-festejo-con-decenas-de-pequenos\/#respond"]}]},{"@type":"WebPage","@id":"https:\/\/fuentesfidedignas.com.mx\/index.php\/2022\/05\/01\/feliz-dia-del-nino-balacera-interrumpe-festejo-con-decenas-de-pequenos\/","url":"https:\/\/fuentesfidedignas.com.mx\/index.php\/2022\/05\/01\/feliz-dia-del-nino-balacera-interrumpe-festejo-con-decenas-de-pequenos\/","name":"\u00bfFeliz D\u00eda del Ni\u00f1o? Balacera interrumpe festejo con decenas de peque\u00f1os - Fuentes Fidedignas","isPartOf":{"@id":"https:\/\/fuentesfidedignas.com.mx\/#website"},"primaryImageOfPage":{"@id":"https:\/\/fuentesfidedignas.com.mx\/index.php\/2022\/05\/01\/feliz-dia-del-nino-balacera-interrumpe-festejo-con-decenas-de-pequenos\/#primaryimage"},"image":{"@id":"https:\/\/fuentesfidedignas.com.mx\/index.php\/2022\/05\/01\/feliz-dia-del-nino-balacera-interrumpe-festejo-con-decenas-de-pequenos\/#primaryimage"},"thumbnailUrl":"https:\/\/fuentesfidedignas.com.mx\/wp-content\/uploads\/2022\/04\/dia-del-nino-123251.jpg","datePublished":"2022-05-01T07:11:00+00:00","breadcrumb":{"@id":"https:\/\/fuentesfidedignas.com.mx\/index.php\/2022\/05\/01\/feliz-dia-del-nino-balacera-interrumpe-festejo-con-decenas-de-pequenos\/#breadcrumb"},"inLanguage":"es","potentialAction":[{"@type":"ReadAction","target":["https:\/\/fuentesfidedignas.com.mx\/index.php\/2022\/05\/01\/feliz-dia-del-nino-balacera-interrumpe-festejo-con-decenas-de-pequenos\/"]}]},{"@type":"ImageObject","inLanguage":"es","@id":"https:\/\/fuentesfidedignas.com.mx\/index.php\/2022\/05\/01\/feliz-dia-del-nino-balacera-interrumpe-festejo-con-decenas-de-pequenos\/#primaryimage","url":"https:\/\/fuentesfidedignas.com.mx\/wp-content\/uploads\/2022\/04\/dia-del-nino-123251.jpg","contentUrl":"https:\/\/fuentesfidedignas.com.mx\/wp-content\/uploads\/2022\/04\/dia-del-nino-123251.jpg","width":1200,"height":675},{"@type":"BreadcrumbList","@id":"https:\/\/fuentesfidedignas.com.mx\/index.php\/2022\/05\/01\/feliz-dia-del-nino-balacera-interrumpe-festejo-con-decenas-de-pequenos\/#breadcrumb","itemListElement":[{"@type":"ListItem","position":1,"name":"Inicio","item":"https:\/\/fuentesfidedignas.com.mx\/"},{"@type":"ListItem","position":2,"name":"\u00bfFeliz D\u00eda del Ni\u00f1o? Balacera interrumpe festejo con decenas de peque\u00f1os"}]},{"@type":"WebSite","@id":"https:\/\/fuentesfidedignas.com.mx\/#website","url":"https:\/\/fuentesfidedignas.com.mx\/","name":"Fuentes Fidedignas","description":"Otro sitio realizado con WordPress","publisher":{"@id":"https:\/\/fuentesfidedignas.com.mx\/#organization"},"potentialAction":[{"@type":"SearchAction","target":{"@type":"EntryPoint","urlTemplate":"https:\/\/fuentesfidedignas.com.mx\/?s={search_term_string}"},"query-input":{"@type":"PropertyValueSpecification","valueRequired":true,"valueName":"search_term_string"}}],"inLanguage":"es"},{"@type":"Organization","@id":"https:\/\/fuentesfidedignas.com.mx\/#organization","name":"Fuentes Fidedignas","url":"https:\/\/fuentesfidedignas.com.mx\/","logo":{"@type":"ImageObject","inLanguage":"es","@id":"https:\/\/fuentesfidedignas.com.mx\/#\/schema\/logo\/image\/","url":"https:\/\/fuentesfidedignas.com.mx\/wp-content\/uploads\/2021\/04\/logo-retina.png","contentUrl":"https:\/\/fuentesfidedignas.com.mx\/wp-content\/uploads\/2021\/04\/logo-retina.png","width":280,"height":51,"caption":"Fuentes Fidedignas"},"image":{"@id":"https:\/\/fuentesfidedignas.com.mx\/#\/schema\/logo\/image\/"},"sameAs":["https:\/\/www.facebook.com\/Fuentes-Fidedignas-368234489921644","https:\/\/x.com\/fidedignas"]},{"@type":"Person","@id":"https:\/\/fuentesfidedignas.com.mx\/#\/schema\/person\/d121cdb5b05da85078ff634900eb8b43","name":"UNO TV","image":{"@type":"ImageObject","inLanguage":"es","@id":"https:\/\/secure.gravatar.com\/avatar\/6b329c442e2a611d9019175d0dc7f1d31dc6459a87e1652726f26e209691b32c?s=96&d=mm&r=g","url":"https:\/\/secure.gravatar.com\/avatar\/6b329c442e2a611d9019175d0dc7f1d31dc6459a87e1652726f26e209691b32c?s=96&d=mm&r=g","contentUrl":"https:\/\/secure.gravatar.com\/avatar\/6b329c442e2a611d9019175d0dc7f1d31dc6459a87e1652726f26e209691b32c?s=96&d=mm&r=g","caption":"UNO TV"},"url":"https:\/\/fuentesfidedignas.com.mx\/index.php\/author\/unotv\/"}]}},"_links":{"self":[{"href":"https:\/\/fuentesfidedignas.com.mx\/index.php\/wp-json\/wp\/v2\/posts\/29797","targetHints":{"allow":["GET"]}}],"collection":[{"href":"https:\/\/fuentesfidedignas.com.mx\/index.php\/wp-json\/wp\/v2\/posts"}],"about":[{"href":"https:\/\/fuentesfidedignas.com.mx\/index.php\/wp-json\/wp\/v2\/types\/post"}],"author":[{"embeddable":true,"href":"https:\/\/fuentesfidedignas.com.mx\/index.php\/wp-json\/wp\/v2\/users\/33"}],"replies":[{"embeddable":true,"href":"https:\/\/fuentesfidedignas.com.mx\/index.php\/wp-json\/wp\/v2\/comments?post=29797"}],"version-history":[{"count":1,"href":"https:\/\/fuentesfidedignas.com.mx\/index.php\/wp-json\/wp\/v2\/posts\/29797\/revisions"}],"predecessor-version":[{"id":29798,"href":"https:\/\/fuentesfidedignas.com.mx\/index.php\/wp-json\/wp\/v2\/posts\/29797\/revisions\/29798"}],"wp:featuredmedia":[{"embeddable":true,"href":"https:\/\/fuentesfidedignas.com.mx\/index.php\/wp-json\/wp\/v2\/media\/29801"}],"wp:attachment":[{"href":"https:\/\/fuentesfidedignas.com.mx\/index.php\/wp-json\/wp\/v2\/media?parent=29797"}],"wp:term":[{"taxonomy":"category","embeddable":true,"href":"https:\/\/fuentesfidedignas.com.mx\/index.php\/wp-json\/wp\/v2\/categories?post=29797"},{"taxonomy":"post_tag","embeddable":true,"href":"https:\/\/fuentesfidedignas.com.mx\/index.php\/wp-json\/wp\/v2\/tags?post=29797"}],"curies":[{"name":"wp","href":"https:\/\/api.w.org\/{rel}","templated":true}]}}