{"id":29763,"date":"2022-04-30T13:39:12","date_gmt":"2022-04-30T19:39:12","guid":{"rendered":"https:\/\/fuentesfidedignas.com.mx\/?p=29763"},"modified":"2022-04-30T13:40:00","modified_gmt":"2022-04-30T19:40:00","slug":"invitan-a-familias-de-el-fuerte-a-aprovechar-servicios-de-los-medicos-voladores","status":"publish","type":"post","link":"https:\/\/fuentesfidedignas.com.mx\/index.php\/2022\/04\/30\/invitan-a-familias-de-el-fuerte-a-aprovechar-servicios-de-los-medicos-voladores\/","title":{"rendered":"Invitan a familias de El Fuerte a aprovechar servicios de los m\u00e9dicos voladores"},"content":{"rendered":"\n<p><strong><em>Estar\u00e1n en la cabecera municipal y en la sindicatura de San Blas del 5 al 7 de mayo<\/em><\/strong><\/p>\n\n\n\n<p>El Fuerte, Sin.- El ayuntamiento de El Fuerte a trav\u00e9s del DIF Municipal, a cargo de la presidenta Laura Ledezma, hacen una invitaci\u00f3n a todas las familias fortenses, para aprovechar los diferentes servicios que estar\u00e1n ofreciendo los m\u00e9dicos voladores en el mes de mayo.<\/p>\n\n\n\n<p>Laura Ledezma, quien representa el Sistema Integral para el Desarrollo en el municipio, invita a los ciudadanos aprovechar los diferentes servicios m\u00e9dicos gratuitos que podr\u00e1n encontrar en esta visita de los M\u00e9dicos Voladores.<\/p>\n\n\n\n<p>\u201cContenta de que est\u00e9n ya de regreso con sus atenciones los m\u00e9dicos voladores, y lo m\u00e1s importante que la gente que lo necesita pueda aprovechar y sean atendidos por especialistas\u201d, manifest\u00f3. <\/p>\n\n\n\n<p>Los m\u00e9dicos voladores consultar\u00e1n el d\u00eda jueves 5, viernes 6 y s\u00e1bado 7 de mayo, en la cabecera estar\u00e1n ubicados sobre el Boulevard Miguel Hidalgo s\/n colonia centro y en San Blas sobre la calle Jacqueline Hanson s\/n colonia L. C\u00e1rdenas.<\/p>\n\n\n\n<p>Los servicios que ofrecer\u00e1n son los siguientes: M\u00e9dico General, m\u00e9dico pediatra, m\u00e9dicos dentistas, m\u00e9dico podiatra, ortopedista, cirujanos pl\u00e1sticos, laboratorista cl\u00ednico, nutri\u00f3loga, iridiologa, fisioterapeuta, oftalm\u00f3logos y dentista.<\/p>\n","protected":false},"excerpt":{"rendered":"<p>Estar\u00e1n en la cabecera municipal y en la sindicatura de San Blas del 5 al 7 de mayo El Fuerte, Sin.- El ayuntamiento de El Fuerte a trav\u00e9s del DIF Municipal, a cargo de la presidenta Laura Ledezma, hacen una invitaci\u00f3n a todas las familias fortenses, para aprovechar los diferentes servicios que estar\u00e1n ofreciendo los [&hellip;]<\/p>\n","protected":false},"author":4,"featured_media":29765,"comment_status":"open","ping_status":"open","sticky":false,"template":"","format":"standard","meta":{"tdm_status":"","tdm_grid_status":"","footnotes":""},"categories":[38],"tags":[1823,322],"class_list":{"0":"post-29763","1":"post","2":"type-post","3":"status-publish","4":"format-standard","5":"has-post-thumbnail","7":"category-noticias-locales","8":"tag-ayuntamiento-de-el-fuerte","9":"tag-el-fuerte"},"yoast_head":"<!-- This site is optimized with the Yoast SEO plugin v27.4 - https:\/\/yoast.com\/product\/yoast-seo-wordpress\/ -->\n<title>Invitan a familias de El Fuerte a aprovechar servicios de los m\u00e9dicos voladores - Fuentes Fidedignas<\/title>\n<meta name=\"robots\" content=\"index, follow, max-snippet:-1, max-image-preview:large, max-video-preview:-1\" \/>\n<link rel=\"canonical\" href=\"https:\/\/fuentesfidedignas.com.mx\/index.php\/2022\/04\/30\/invitan-a-familias-de-el-fuerte-a-aprovechar-servicios-de-los-medicos-voladores\/\" \/>\n<meta property=\"og:locale\" content=\"es_MX\" \/>\n<meta property=\"og:type\" content=\"article\" \/>\n<meta property=\"og:title\" content=\"Invitan a familias de El Fuerte a aprovechar servicios de los m\u00e9dicos voladores - Fuentes Fidedignas\" \/>\n<meta property=\"og:description\" content=\"Estar\u00e1n en la cabecera municipal y en la sindicatura de San Blas del 5 al 7 de mayo El Fuerte, Sin.- El ayuntamiento de El Fuerte a trav\u00e9s del DIF Municipal, a cargo de la presidenta Laura Ledezma, hacen una invitaci\u00f3n a todas las familias fortenses, para aprovechar los diferentes servicios que estar\u00e1n ofreciendo los [&hellip;]\" \/>\n<meta property=\"og:url\" content=\"https:\/\/fuentesfidedignas.com.mx\/index.php\/2022\/04\/30\/invitan-a-familias-de-el-fuerte-a-aprovechar-servicios-de-los-medicos-voladores\/\" \/>\n<meta property=\"og:site_name\" content=\"Fuentes Fidedignas\" \/>\n<meta property=\"article:publisher\" content=\"https:\/\/www.facebook.com\/Fuentes-Fidedignas-368234489921644\" \/>\n<meta property=\"article:published_time\" content=\"2022-04-30T19:39:12+00:00\" \/>\n<meta property=\"article:modified_time\" content=\"2022-04-30T19:40:00+00:00\" \/>\n<meta property=\"og:image\" content=\"https:\/\/fuentesfidedignas.com.mx\/wp-content\/uploads\/2022\/04\/IMG-20220430-WA0019.jpg\" \/>\n\t<meta property=\"og:image:width\" content=\"1280\" \/>\n\t<meta property=\"og:image:height\" content=\"669\" \/>\n\t<meta property=\"og:image:type\" content=\"image\/jpeg\" \/>\n<meta name=\"author\" content=\"Redacci\u00f3n\" \/>\n<meta name=\"twitter:card\" content=\"summary_large_image\" \/>\n<meta name=\"twitter:creator\" content=\"@fidedignas\" \/>\n<meta name=\"twitter:site\" content=\"@fidedignas\" \/>\n<meta name=\"twitter:label1\" content=\"Escrito por\" \/>\n\t<meta name=\"twitter:data1\" content=\"Redacci\u00f3n\" \/>\n\t<meta name=\"twitter:label2\" content=\"Tiempo de lectura\" \/>\n\t<meta name=\"twitter:data2\" content=\"1 minuto\" \/>\n<script type=\"application\/ld+json\" class=\"yoast-schema-graph\">{\"@context\":\"https:\\\/\\\/schema.org\",\"@graph\":[{\"@type\":\"Article\",\"@id\":\"https:\\\/\\\/fuentesfidedignas.com.mx\\\/index.php\\\/2022\\\/04\\\/30\\\/invitan-a-familias-de-el-fuerte-a-aprovechar-servicios-de-los-medicos-voladores\\\/#article\",\"isPartOf\":{\"@id\":\"https:\\\/\\\/fuentesfidedignas.com.mx\\\/index.php\\\/2022\\\/04\\\/30\\\/invitan-a-familias-de-el-fuerte-a-aprovechar-servicios-de-los-medicos-voladores\\\/\"},\"author\":{\"name\":\"Redacci\u00f3n\",\"@id\":\"https:\\\/\\\/fuentesfidedignas.com.mx\\\/#\\\/schema\\\/person\\\/331be9283d37198e2acd5750279085b0\"},\"headline\":\"Invitan a familias de El Fuerte a aprovechar servicios de los m\u00e9dicos voladores\",\"datePublished\":\"2022-04-30T19:39:12+00:00\",\"dateModified\":\"2022-04-30T19:40:00+00:00\",\"mainEntityOfPage\":{\"@id\":\"https:\\\/\\\/fuentesfidedignas.com.mx\\\/index.php\\\/2022\\\/04\\\/30\\\/invitan-a-familias-de-el-fuerte-a-aprovechar-servicios-de-los-medicos-voladores\\\/\"},\"wordCount\":231,\"commentCount\":0,\"publisher\":{\"@id\":\"https:\\\/\\\/fuentesfidedignas.com.mx\\\/#organization\"},\"image\":{\"@id\":\"https:\\\/\\\/fuentesfidedignas.com.mx\\\/index.php\\\/2022\\\/04\\\/30\\\/invitan-a-familias-de-el-fuerte-a-aprovechar-servicios-de-los-medicos-voladores\\\/#primaryimage\"},\"thumbnailUrl\":\"https:\\\/\\\/fuentesfidedignas.com.mx\\\/wp-content\\\/uploads\\\/2022\\\/04\\\/IMG-20220430-WA0019.jpg\",\"keywords\":[\"Ayuntamiento de El Fuerte\",\"El Fuerte\"],\"articleSection\":[\"NOTICIAS LOCALES\"],\"inLanguage\":\"es\",\"potentialAction\":[{\"@type\":\"CommentAction\",\"name\":\"Comment\",\"target\":[\"https:\\\/\\\/fuentesfidedignas.com.mx\\\/index.php\\\/2022\\\/04\\\/30\\\/invitan-a-familias-de-el-fuerte-a-aprovechar-servicios-de-los-medicos-voladores\\\/#respond\"]}]},{\"@type\":\"WebPage\",\"@id\":\"https:\\\/\\\/fuentesfidedignas.com.mx\\\/index.php\\\/2022\\\/04\\\/30\\\/invitan-a-familias-de-el-fuerte-a-aprovechar-servicios-de-los-medicos-voladores\\\/\",\"url\":\"https:\\\/\\\/fuentesfidedignas.com.mx\\\/index.php\\\/2022\\\/04\\\/30\\\/invitan-a-familias-de-el-fuerte-a-aprovechar-servicios-de-los-medicos-voladores\\\/\",\"name\":\"Invitan a familias de El Fuerte a aprovechar servicios de los m\u00e9dicos voladores - Fuentes Fidedignas\",\"isPartOf\":{\"@id\":\"https:\\\/\\\/fuentesfidedignas.com.mx\\\/#website\"},\"primaryImageOfPage\":{\"@id\":\"https:\\\/\\\/fuentesfidedignas.com.mx\\\/index.php\\\/2022\\\/04\\\/30\\\/invitan-a-familias-de-el-fuerte-a-aprovechar-servicios-de-los-medicos-voladores\\\/#primaryimage\"},\"image\":{\"@id\":\"https:\\\/\\\/fuentesfidedignas.com.mx\\\/index.php\\\/2022\\\/04\\\/30\\\/invitan-a-familias-de-el-fuerte-a-aprovechar-servicios-de-los-medicos-voladores\\\/#primaryimage\"},\"thumbnailUrl\":\"https:\\\/\\\/fuentesfidedignas.com.mx\\\/wp-content\\\/uploads\\\/2022\\\/04\\\/IMG-20220430-WA0019.jpg\",\"datePublished\":\"2022-04-30T19:39:12+00:00\",\"dateModified\":\"2022-04-30T19:40:00+00:00\",\"breadcrumb\":{\"@id\":\"https:\\\/\\\/fuentesfidedignas.com.mx\\\/index.php\\\/2022\\\/04\\\/30\\\/invitan-a-familias-de-el-fuerte-a-aprovechar-servicios-de-los-medicos-voladores\\\/#breadcrumb\"},\"inLanguage\":\"es\",\"potentialAction\":[{\"@type\":\"ReadAction\",\"target\":[\"https:\\\/\\\/fuentesfidedignas.com.mx\\\/index.php\\\/2022\\\/04\\\/30\\\/invitan-a-familias-de-el-fuerte-a-aprovechar-servicios-de-los-medicos-voladores\\\/\"]}]},{\"@type\":\"ImageObject\",\"inLanguage\":\"es\",\"@id\":\"https:\\\/\\\/fuentesfidedignas.com.mx\\\/index.php\\\/2022\\\/04\\\/30\\\/invitan-a-familias-de-el-fuerte-a-aprovechar-servicios-de-los-medicos-voladores\\\/#primaryimage\",\"url\":\"https:\\\/\\\/fuentesfidedignas.com.mx\\\/wp-content\\\/uploads\\\/2022\\\/04\\\/IMG-20220430-WA0019.jpg\",\"contentUrl\":\"https:\\\/\\\/fuentesfidedignas.com.mx\\\/wp-content\\\/uploads\\\/2022\\\/04\\\/IMG-20220430-WA0019.jpg\",\"width\":1280,\"height\":669},{\"@type\":\"BreadcrumbList\",\"@id\":\"https:\\\/\\\/fuentesfidedignas.com.mx\\\/index.php\\\/2022\\\/04\\\/30\\\/invitan-a-familias-de-el-fuerte-a-aprovechar-servicios-de-los-medicos-voladores\\\/#breadcrumb\",\"itemListElement\":[{\"@type\":\"ListItem\",\"position\":1,\"name\":\"Inicio\",\"item\":\"https:\\\/\\\/fuentesfidedignas.com.mx\\\/\"},{\"@type\":\"ListItem\",\"position\":2,\"name\":\"Invitan a familias de El Fuerte a aprovechar servicios de los m\u00e9dicos voladores\"}]},{\"@type\":\"WebSite\",\"@id\":\"https:\\\/\\\/fuentesfidedignas.com.mx\\\/#website\",\"url\":\"https:\\\/\\\/fuentesfidedignas.com.mx\\\/\",\"name\":\"Fuentes Fidedignas\",\"description\":\"Otro sitio realizado con WordPress\",\"publisher\":{\"@id\":\"https:\\\/\\\/fuentesfidedignas.com.mx\\\/#organization\"},\"potentialAction\":[{\"@type\":\"SearchAction\",\"target\":{\"@type\":\"EntryPoint\",\"urlTemplate\":\"https:\\\/\\\/fuentesfidedignas.com.mx\\\/?s={search_term_string}\"},\"query-input\":{\"@type\":\"PropertyValueSpecification\",\"valueRequired\":true,\"valueName\":\"search_term_string\"}}],\"inLanguage\":\"es\"},{\"@type\":\"Organization\",\"@id\":\"https:\\\/\\\/fuentesfidedignas.com.mx\\\/#organization\",\"name\":\"Fuentes Fidedignas\",\"url\":\"https:\\\/\\\/fuentesfidedignas.com.mx\\\/\",\"logo\":{\"@type\":\"ImageObject\",\"inLanguage\":\"es\",\"@id\":\"https:\\\/\\\/fuentesfidedignas.com.mx\\\/#\\\/schema\\\/logo\\\/image\\\/\",\"url\":\"https:\\\/\\\/fuentesfidedignas.com.mx\\\/wp-content\\\/uploads\\\/2021\\\/04\\\/logo-retina.png\",\"contentUrl\":\"https:\\\/\\\/fuentesfidedignas.com.mx\\\/wp-content\\\/uploads\\\/2021\\\/04\\\/logo-retina.png\",\"width\":280,\"height\":51,\"caption\":\"Fuentes Fidedignas\"},\"image\":{\"@id\":\"https:\\\/\\\/fuentesfidedignas.com.mx\\\/#\\\/schema\\\/logo\\\/image\\\/\"},\"sameAs\":[\"https:\\\/\\\/www.facebook.com\\\/Fuentes-Fidedignas-368234489921644\",\"https:\\\/\\\/x.com\\\/fidedignas\"]},{\"@type\":\"Person\",\"@id\":\"https:\\\/\\\/fuentesfidedignas.com.mx\\\/#\\\/schema\\\/person\\\/331be9283d37198e2acd5750279085b0\",\"name\":\"Redacci\u00f3n\",\"image\":{\"@type\":\"ImageObject\",\"inLanguage\":\"es\",\"@id\":\"https:\\\/\\\/secure.gravatar.com\\\/avatar\\\/f6d8782c11d12b2d4ad3fbb6931aeab5309937a4d6cd2fc9cfaa28a6396a5aec?s=96&d=mm&r=g\",\"url\":\"https:\\\/\\\/secure.gravatar.com\\\/avatar\\\/f6d8782c11d12b2d4ad3fbb6931aeab5309937a4d6cd2fc9cfaa28a6396a5aec?s=96&d=mm&r=g\",\"contentUrl\":\"https:\\\/\\\/secure.gravatar.com\\\/avatar\\\/f6d8782c11d12b2d4ad3fbb6931aeab5309937a4d6cd2fc9cfaa28a6396a5aec?s=96&d=mm&r=g\",\"caption\":\"Redacci\u00f3n\"},\"url\":\"https:\\\/\\\/fuentesfidedignas.com.mx\\\/index.php\\\/author\\\/redaccion\\\/\"}]}<\/script>\n<!-- \/ Yoast SEO plugin. -->","yoast_head_json":{"title":"Invitan a familias de El Fuerte a aprovechar servicios de los m\u00e9dicos voladores - Fuentes Fidedignas","robots":{"index":"index","follow":"follow","max-snippet":"max-snippet:-1","max-image-preview":"max-image-preview:large","max-video-preview":"max-video-preview:-1"},"canonical":"https:\/\/fuentesfidedignas.com.mx\/index.php\/2022\/04\/30\/invitan-a-familias-de-el-fuerte-a-aprovechar-servicios-de-los-medicos-voladores\/","og_locale":"es_MX","og_type":"article","og_title":"Invitan a familias de El Fuerte a aprovechar servicios de los m\u00e9dicos voladores - Fuentes Fidedignas","og_description":"Estar\u00e1n en la cabecera municipal y en la sindicatura de San Blas del 5 al 7 de mayo El Fuerte, Sin.- El ayuntamiento de El Fuerte a trav\u00e9s del DIF Municipal, a cargo de la presidenta Laura Ledezma, hacen una invitaci\u00f3n a todas las familias fortenses, para aprovechar los diferentes servicios que estar\u00e1n ofreciendo los [&hellip;]","og_url":"https:\/\/fuentesfidedignas.com.mx\/index.php\/2022\/04\/30\/invitan-a-familias-de-el-fuerte-a-aprovechar-servicios-de-los-medicos-voladores\/","og_site_name":"Fuentes Fidedignas","article_publisher":"https:\/\/www.facebook.com\/Fuentes-Fidedignas-368234489921644","article_published_time":"2022-04-30T19:39:12+00:00","article_modified_time":"2022-04-30T19:40:00+00:00","og_image":[{"width":1280,"height":669,"url":"https:\/\/fuentesfidedignas.com.mx\/wp-content\/uploads\/2022\/04\/IMG-20220430-WA0019.jpg","type":"image\/jpeg"}],"author":"Redacci\u00f3n","twitter_card":"summary_large_image","twitter_creator":"@fidedignas","twitter_site":"@fidedignas","twitter_misc":{"Escrito por":"Redacci\u00f3n","Tiempo de lectura":"1 minuto"},"schema":{"@context":"https:\/\/schema.org","@graph":[{"@type":"Article","@id":"https:\/\/fuentesfidedignas.com.mx\/index.php\/2022\/04\/30\/invitan-a-familias-de-el-fuerte-a-aprovechar-servicios-de-los-medicos-voladores\/#article","isPartOf":{"@id":"https:\/\/fuentesfidedignas.com.mx\/index.php\/2022\/04\/30\/invitan-a-familias-de-el-fuerte-a-aprovechar-servicios-de-los-medicos-voladores\/"},"author":{"name":"Redacci\u00f3n","@id":"https:\/\/fuentesfidedignas.com.mx\/#\/schema\/person\/331be9283d37198e2acd5750279085b0"},"headline":"Invitan a familias de El Fuerte a aprovechar servicios de los m\u00e9dicos voladores","datePublished":"2022-04-30T19:39:12+00:00","dateModified":"2022-04-30T19:40:00+00:00","mainEntityOfPage":{"@id":"https:\/\/fuentesfidedignas.com.mx\/index.php\/2022\/04\/30\/invitan-a-familias-de-el-fuerte-a-aprovechar-servicios-de-los-medicos-voladores\/"},"wordCount":231,"commentCount":0,"publisher":{"@id":"https:\/\/fuentesfidedignas.com.mx\/#organization"},"image":{"@id":"https:\/\/fuentesfidedignas.com.mx\/index.php\/2022\/04\/30\/invitan-a-familias-de-el-fuerte-a-aprovechar-servicios-de-los-medicos-voladores\/#primaryimage"},"thumbnailUrl":"https:\/\/fuentesfidedignas.com.mx\/wp-content\/uploads\/2022\/04\/IMG-20220430-WA0019.jpg","keywords":["Ayuntamiento de El Fuerte","El Fuerte"],"articleSection":["NOTICIAS LOCALES"],"inLanguage":"es","potentialAction":[{"@type":"CommentAction","name":"Comment","target":["https:\/\/fuentesfidedignas.com.mx\/index.php\/2022\/04\/30\/invitan-a-familias-de-el-fuerte-a-aprovechar-servicios-de-los-medicos-voladores\/#respond"]}]},{"@type":"WebPage","@id":"https:\/\/fuentesfidedignas.com.mx\/index.php\/2022\/04\/30\/invitan-a-familias-de-el-fuerte-a-aprovechar-servicios-de-los-medicos-voladores\/","url":"https:\/\/fuentesfidedignas.com.mx\/index.php\/2022\/04\/30\/invitan-a-familias-de-el-fuerte-a-aprovechar-servicios-de-los-medicos-voladores\/","name":"Invitan a familias de El Fuerte a aprovechar servicios de los m\u00e9dicos voladores - Fuentes Fidedignas","isPartOf":{"@id":"https:\/\/fuentesfidedignas.com.mx\/#website"},"primaryImageOfPage":{"@id":"https:\/\/fuentesfidedignas.com.mx\/index.php\/2022\/04\/30\/invitan-a-familias-de-el-fuerte-a-aprovechar-servicios-de-los-medicos-voladores\/#primaryimage"},"image":{"@id":"https:\/\/fuentesfidedignas.com.mx\/index.php\/2022\/04\/30\/invitan-a-familias-de-el-fuerte-a-aprovechar-servicios-de-los-medicos-voladores\/#primaryimage"},"thumbnailUrl":"https:\/\/fuentesfidedignas.com.mx\/wp-content\/uploads\/2022\/04\/IMG-20220430-WA0019.jpg","datePublished":"2022-04-30T19:39:12+00:00","dateModified":"2022-04-30T19:40:00+00:00","breadcrumb":{"@id":"https:\/\/fuentesfidedignas.com.mx\/index.php\/2022\/04\/30\/invitan-a-familias-de-el-fuerte-a-aprovechar-servicios-de-los-medicos-voladores\/#breadcrumb"},"inLanguage":"es","potentialAction":[{"@type":"ReadAction","target":["https:\/\/fuentesfidedignas.com.mx\/index.php\/2022\/04\/30\/invitan-a-familias-de-el-fuerte-a-aprovechar-servicios-de-los-medicos-voladores\/"]}]},{"@type":"ImageObject","inLanguage":"es","@id":"https:\/\/fuentesfidedignas.com.mx\/index.php\/2022\/04\/30\/invitan-a-familias-de-el-fuerte-a-aprovechar-servicios-de-los-medicos-voladores\/#primaryimage","url":"https:\/\/fuentesfidedignas.com.mx\/wp-content\/uploads\/2022\/04\/IMG-20220430-WA0019.jpg","contentUrl":"https:\/\/fuentesfidedignas.com.mx\/wp-content\/uploads\/2022\/04\/IMG-20220430-WA0019.jpg","width":1280,"height":669},{"@type":"BreadcrumbList","@id":"https:\/\/fuentesfidedignas.com.mx\/index.php\/2022\/04\/30\/invitan-a-familias-de-el-fuerte-a-aprovechar-servicios-de-los-medicos-voladores\/#breadcrumb","itemListElement":[{"@type":"ListItem","position":1,"name":"Inicio","item":"https:\/\/fuentesfidedignas.com.mx\/"},{"@type":"ListItem","position":2,"name":"Invitan a familias de El Fuerte a aprovechar servicios de los m\u00e9dicos voladores"}]},{"@type":"WebSite","@id":"https:\/\/fuentesfidedignas.com.mx\/#website","url":"https:\/\/fuentesfidedignas.com.mx\/","name":"Fuentes Fidedignas","description":"Otro sitio realizado con WordPress","publisher":{"@id":"https:\/\/fuentesfidedignas.com.mx\/#organization"},"potentialAction":[{"@type":"SearchAction","target":{"@type":"EntryPoint","urlTemplate":"https:\/\/fuentesfidedignas.com.mx\/?s={search_term_string}"},"query-input":{"@type":"PropertyValueSpecification","valueRequired":true,"valueName":"search_term_string"}}],"inLanguage":"es"},{"@type":"Organization","@id":"https:\/\/fuentesfidedignas.com.mx\/#organization","name":"Fuentes Fidedignas","url":"https:\/\/fuentesfidedignas.com.mx\/","logo":{"@type":"ImageObject","inLanguage":"es","@id":"https:\/\/fuentesfidedignas.com.mx\/#\/schema\/logo\/image\/","url":"https:\/\/fuentesfidedignas.com.mx\/wp-content\/uploads\/2021\/04\/logo-retina.png","contentUrl":"https:\/\/fuentesfidedignas.com.mx\/wp-content\/uploads\/2021\/04\/logo-retina.png","width":280,"height":51,"caption":"Fuentes Fidedignas"},"image":{"@id":"https:\/\/fuentesfidedignas.com.mx\/#\/schema\/logo\/image\/"},"sameAs":["https:\/\/www.facebook.com\/Fuentes-Fidedignas-368234489921644","https:\/\/x.com\/fidedignas"]},{"@type":"Person","@id":"https:\/\/fuentesfidedignas.com.mx\/#\/schema\/person\/331be9283d37198e2acd5750279085b0","name":"Redacci\u00f3n","image":{"@type":"ImageObject","inLanguage":"es","@id":"https:\/\/secure.gravatar.com\/avatar\/f6d8782c11d12b2d4ad3fbb6931aeab5309937a4d6cd2fc9cfaa28a6396a5aec?s=96&d=mm&r=g","url":"https:\/\/secure.gravatar.com\/avatar\/f6d8782c11d12b2d4ad3fbb6931aeab5309937a4d6cd2fc9cfaa28a6396a5aec?s=96&d=mm&r=g","contentUrl":"https:\/\/secure.gravatar.com\/avatar\/f6d8782c11d12b2d4ad3fbb6931aeab5309937a4d6cd2fc9cfaa28a6396a5aec?s=96&d=mm&r=g","caption":"Redacci\u00f3n"},"url":"https:\/\/fuentesfidedignas.com.mx\/index.php\/author\/redaccion\/"}]}},"_links":{"self":[{"href":"https:\/\/fuentesfidedignas.com.mx\/index.php\/wp-json\/wp\/v2\/posts\/29763","targetHints":{"allow":["GET"]}}],"collection":[{"href":"https:\/\/fuentesfidedignas.com.mx\/index.php\/wp-json\/wp\/v2\/posts"}],"about":[{"href":"https:\/\/fuentesfidedignas.com.mx\/index.php\/wp-json\/wp\/v2\/types\/post"}],"author":[{"embeddable":true,"href":"https:\/\/fuentesfidedignas.com.mx\/index.php\/wp-json\/wp\/v2\/users\/4"}],"replies":[{"embeddable":true,"href":"https:\/\/fuentesfidedignas.com.mx\/index.php\/wp-json\/wp\/v2\/comments?post=29763"}],"version-history":[{"count":1,"href":"https:\/\/fuentesfidedignas.com.mx\/index.php\/wp-json\/wp\/v2\/posts\/29763\/revisions"}],"predecessor-version":[{"id":29764,"href":"https:\/\/fuentesfidedignas.com.mx\/index.php\/wp-json\/wp\/v2\/posts\/29763\/revisions\/29764"}],"wp:featuredmedia":[{"embeddable":true,"href":"https:\/\/fuentesfidedignas.com.mx\/index.php\/wp-json\/wp\/v2\/media\/29765"}],"wp:attachment":[{"href":"https:\/\/fuentesfidedignas.com.mx\/index.php\/wp-json\/wp\/v2\/media?parent=29763"}],"wp:term":[{"taxonomy":"category","embeddable":true,"href":"https:\/\/fuentesfidedignas.com.mx\/index.php\/wp-json\/wp\/v2\/categories?post=29763"},{"taxonomy":"post_tag","embeddable":true,"href":"https:\/\/fuentesfidedignas.com.mx\/index.php\/wp-json\/wp\/v2\/tags?post=29763"}],"curies":[{"name":"wp","href":"https:\/\/api.w.org\/{rel}","templated":true}]}}