{"id":29671,"date":"2022-04-29T14:41:49","date_gmt":"2022-04-29T20:41:49","guid":{"rendered":"https:\/\/fuentesfidedignas.com.mx\/?p=29671"},"modified":"2022-04-29T14:42:16","modified_gmt":"2022-04-29T20:42:16","slug":"tuvimos-una-cordial-conversacion-informa-amlo-tras-llamada-con-biden","status":"publish","type":"post","link":"https:\/\/fuentesfidedignas.com.mx\/index.php\/2022\/04\/29\/tuvimos-una-cordial-conversacion-informa-amlo-tras-llamada-con-biden\/","title":{"rendered":"\u201cTuvimos una cordial conversaci\u00f3n\u201d, informa AMLO tras llamada con Biden"},"content":{"rendered":"\n<p><strong><em><br>El presidente Andr\u00e9s Manuel L\u00f3pez Obrador comparti\u00f3, por medio de sus redes sociales, que convers\u00f3 telef\u00f3nicamente con Joe Biden sobre temas de inter\u00e9s en la relaci\u00f3n bilateral<\/em><\/strong><\/p>\n\n\n\n<p>Ciudad de M\u00e9xico. El presidente\u00a0<a href=\"https:\/\/noticieros.televisa.com\/tema\/amlo-gobierno-mexico-noticias\/\" target=\"_blank\" rel=\"noreferrer noopener\"><strong>Andr\u00e9s Manuel L\u00f3pez Obrador<\/strong><\/a>\u00a0comparti\u00f3, la tarde del viernes 29 de abril de 2022, que convers\u00f3 telef\u00f3nicamente con\u00a0<a href=\"https:\/\/noticieros.televisa.com\/tag\/joe-biden\/\" target=\"_blank\" rel=\"noreferrer noopener\"><strong>Joe Biden<\/strong><\/a>\u00a0sobre diversos temas de inter\u00e9s en la relaci\u00f3n bilateral.<\/p>\n\n\n\n<p>Por medio de una publicaci\u00f3n, realizada a trav\u00e9s de sus redes sociales, el madatario celebr\u00f3 la cordialidad de la llamada.<\/p>\n\n\n\n<p>\u201cTuvimos una cordial conversaci\u00f3n con el presidente Biden. Tratamos temas de inter\u00e9s en la relaci\u00f3n bilateral y acordamos que el secretario Marcelo Ebrard visitar\u00e1 Washington el lunes para avanzar en temas de cooperaci\u00f3n para el desarrollo y sobre la Cumbre de las Am\u00e9ricas\u201d, escribi\u00f3 AMLO en su cuenta de Twitter.<\/p>\n\n\n\n<p>La publicaci\u00f3n estuvo acompa\u00f1ada de una fotograf\u00eda en la que se observa al presidente Andr\u00e9s Manuel L\u00f3pez Obrador sentado en compa\u00f1\u00eda de Marcelo Ebrard.<\/p>\n\n\n\n<figure class=\"wp-block-embed is-type-rich is-provider-twitter wp-block-embed-twitter\"><div class=\"wp-block-embed__wrapper\">\n<blockquote class=\"twitter-tweet\" data-width=\"550\" data-dnt=\"true\"><p lang=\"es\" dir=\"ltr\">Tuvimos una cordial conversaci\u00f3n con el presidente Biden. Tratamos temas de inter\u00e9s en la relaci\u00f3n bilateral y acordamos que el secretario Marcelo Ebrard visitar\u00e1 Washington el lunes para avanzar en temas de cooperaci\u00f3n para el desarrollo y sobre la Cumbre de las Am\u00e9ricas. <a href=\"https:\/\/t.co\/IIWeLii7S7\">pic.twitter.com\/IIWeLii7S7<\/a><\/p>&mdash; Andr\u00e9s Manuel (@lopezobrador_) <a href=\"https:\/\/twitter.com\/lopezobrador_\/status\/1520118648555380736?ref_src=twsrc%5Etfw\">April 29, 2022<\/a><\/blockquote><script async src=\"https:\/\/platform.twitter.com\/widgets.js\" charset=\"utf-8\"><\/script>\n<\/div><\/figure>\n\n\n\n<h2 class=\"wp-block-heading\">Estados Unidos tambi\u00e9n destaca conversaci\u00f3n<\/h2>\n\n\n\n<p>La reuni\u00f3n virtual entre Biden y L\u00f3pez Obrador dur\u00f3 52 minutos y \u201cla mayor parte de la conversaci\u00f3n fue sobre migraci\u00f3n\u201d, sobre c\u00f3mo coordinar una estrategia para \u201creducir la migraci\u00f3n a la frontera\u201d com\u00fan.<\/p>\n\n\n\n<p>El presidente&nbsp;<strong>Andr\u00e9s Manuel L\u00f3pez Obrador<\/strong>&nbsp;habl\u00f3 desde Quintana Roo con<strong>&nbsp;Joe Biden<\/strong>, debido a la gira de trabajo que realiza por el estado.<\/p>\n\n\n\n<p>La portavoz de la Casa Blanca, Jen Psaki, inform\u00f3 en una conferencia de prensa que la conversaci\u00f3n entre los presidentes fue constructiva centrada principalmente en migraci\u00f3n .<\/p>\n\n\n\n<blockquote class=\"wp-block-quote is-layout-flow wp-block-quote-is-layout-flow\"><p>\u201cEl tono de la llamada fue muy constructivo\u201d, a\u00f1adi\u00f3 la portavoz.<\/p><\/blockquote>\n","protected":false},"excerpt":{"rendered":"<p>El presidente Andr\u00e9s Manuel L\u00f3pez Obrador comparti\u00f3, por medio de sus redes sociales, que convers\u00f3 telef\u00f3nicamente con Joe Biden sobre temas de inter\u00e9s en la relaci\u00f3n bilateral Ciudad de M\u00e9xico. El presidente\u00a0Andr\u00e9s Manuel L\u00f3pez Obrador\u00a0comparti\u00f3, la tarde del viernes 29 de abril de 2022, que convers\u00f3 telef\u00f3nicamente con\u00a0Joe Biden\u00a0sobre diversos temas de inter\u00e9s en la [&hellip;]<\/p>\n","protected":false},"author":46,"featured_media":29673,"comment_status":"open","ping_status":"open","sticky":false,"template":"","format":"standard","meta":{"tdm_status":"","tdm_grid_status":"","footnotes":""},"categories":[39],"tags":[297,90],"class_list":{"0":"post-29671","1":"post","2":"type-post","3":"status-publish","4":"format-standard","5":"has-post-thumbnail","7":"category-noticias-nacionales","8":"tag-andres-manuel-lopez-obrador","9":"tag-joe-biden"},"yoast_head":"<!-- This site is optimized with the Yoast SEO plugin v27.5 - https:\/\/yoast.com\/product\/yoast-seo-wordpress\/ -->\n<title>\u201cTuvimos una cordial conversaci\u00f3n\u201d, informa AMLO tras llamada con Biden - Fuentes Fidedignas<\/title>\n<meta name=\"robots\" content=\"index, follow, max-snippet:-1, max-image-preview:large, max-video-preview:-1\" \/>\n<link rel=\"canonical\" href=\"https:\/\/fuentesfidedignas.com.mx\/index.php\/2022\/04\/29\/tuvimos-una-cordial-conversacion-informa-amlo-tras-llamada-con-biden\/\" \/>\n<meta property=\"og:locale\" content=\"es_MX\" \/>\n<meta property=\"og:type\" content=\"article\" \/>\n<meta property=\"og:title\" content=\"\u201cTuvimos una cordial conversaci\u00f3n\u201d, informa AMLO tras llamada con Biden - Fuentes Fidedignas\" \/>\n<meta property=\"og:description\" content=\"El presidente Andr\u00e9s Manuel L\u00f3pez Obrador comparti\u00f3, por medio de sus redes sociales, que convers\u00f3 telef\u00f3nicamente con Joe Biden sobre temas de inter\u00e9s en la relaci\u00f3n bilateral Ciudad de M\u00e9xico. El presidente\u00a0Andr\u00e9s Manuel L\u00f3pez Obrador\u00a0comparti\u00f3, la tarde del viernes 29 de abril de 2022, que convers\u00f3 telef\u00f3nicamente con\u00a0Joe Biden\u00a0sobre diversos temas de inter\u00e9s en la [&hellip;]\" \/>\n<meta property=\"og:url\" content=\"https:\/\/fuentesfidedignas.com.mx\/index.php\/2022\/04\/29\/tuvimos-una-cordial-conversacion-informa-amlo-tras-llamada-con-biden\/\" \/>\n<meta property=\"og:site_name\" content=\"Fuentes Fidedignas\" \/>\n<meta property=\"article:publisher\" content=\"https:\/\/www.facebook.com\/Fuentes-Fidedignas-368234489921644\" \/>\n<meta property=\"article:published_time\" content=\"2022-04-29T20:41:49+00:00\" \/>\n<meta property=\"article:modified_time\" content=\"2022-04-29T20:42:16+00:00\" \/>\n<meta property=\"og:image\" content=\"https:\/\/fuentesfidedignas.com.mx\/wp-content\/uploads\/2022\/04\/279268438-298303479145203-7546034788429543633-n.jpg\" \/>\n\t<meta property=\"og:image:width\" content=\"1536\" \/>\n\t<meta property=\"og:image:height\" content=\"1152\" \/>\n\t<meta property=\"og:image:type\" content=\"image\/jpeg\" \/>\n<meta name=\"author\" content=\"Noticieros Televisa\" \/>\n<meta name=\"twitter:card\" content=\"summary_large_image\" \/>\n<meta name=\"twitter:creator\" content=\"@fidedignas\" \/>\n<meta name=\"twitter:site\" content=\"@fidedignas\" \/>\n<meta name=\"twitter:label1\" content=\"Escrito por\" \/>\n\t<meta name=\"twitter:data1\" content=\"Noticieros Televisa\" \/>\n\t<meta name=\"twitter:label2\" content=\"Tiempo de lectura\" \/>\n\t<meta name=\"twitter:data2\" content=\"2 minutos\" \/>\n<script type=\"application\/ld+json\" class=\"yoast-schema-graph\">{\"@context\":\"https:\\\/\\\/schema.org\",\"@graph\":[{\"@type\":\"Article\",\"@id\":\"https:\\\/\\\/fuentesfidedignas.com.mx\\\/index.php\\\/2022\\\/04\\\/29\\\/tuvimos-una-cordial-conversacion-informa-amlo-tras-llamada-con-biden\\\/#article\",\"isPartOf\":{\"@id\":\"https:\\\/\\\/fuentesfidedignas.com.mx\\\/index.php\\\/2022\\\/04\\\/29\\\/tuvimos-una-cordial-conversacion-informa-amlo-tras-llamada-con-biden\\\/\"},\"author\":{\"name\":\"Noticieros Televisa\",\"@id\":\"https:\\\/\\\/fuentesfidedignas.com.mx\\\/#\\\/schema\\\/person\\\/f030e42657a5a464a8bbd891b1aab6ee\"},\"headline\":\"\u201cTuvimos una cordial conversaci\u00f3n\u201d, informa AMLO tras llamada con Biden\",\"datePublished\":\"2022-04-29T20:41:49+00:00\",\"dateModified\":\"2022-04-29T20:42:16+00:00\",\"mainEntityOfPage\":{\"@id\":\"https:\\\/\\\/fuentesfidedignas.com.mx\\\/index.php\\\/2022\\\/04\\\/29\\\/tuvimos-una-cordial-conversacion-informa-amlo-tras-llamada-con-biden\\\/\"},\"wordCount\":334,\"commentCount\":0,\"publisher\":{\"@id\":\"https:\\\/\\\/fuentesfidedignas.com.mx\\\/#organization\"},\"image\":{\"@id\":\"https:\\\/\\\/fuentesfidedignas.com.mx\\\/index.php\\\/2022\\\/04\\\/29\\\/tuvimos-una-cordial-conversacion-informa-amlo-tras-llamada-con-biden\\\/#primaryimage\"},\"thumbnailUrl\":\"https:\\\/\\\/fuentesfidedignas.com.mx\\\/wp-content\\\/uploads\\\/2022\\\/04\\\/279268438-298303479145203-7546034788429543633-n.jpg\",\"keywords\":[\"Andr\u00e9s Manuel L\u00f3pez Obrador\",\"Joe Biden\"],\"articleSection\":[\"NOTICIAS NACIONALES\"],\"inLanguage\":\"es\",\"potentialAction\":[{\"@type\":\"CommentAction\",\"name\":\"Comment\",\"target\":[\"https:\\\/\\\/fuentesfidedignas.com.mx\\\/index.php\\\/2022\\\/04\\\/29\\\/tuvimos-una-cordial-conversacion-informa-amlo-tras-llamada-con-biden\\\/#respond\"]}]},{\"@type\":\"WebPage\",\"@id\":\"https:\\\/\\\/fuentesfidedignas.com.mx\\\/index.php\\\/2022\\\/04\\\/29\\\/tuvimos-una-cordial-conversacion-informa-amlo-tras-llamada-con-biden\\\/\",\"url\":\"https:\\\/\\\/fuentesfidedignas.com.mx\\\/index.php\\\/2022\\\/04\\\/29\\\/tuvimos-una-cordial-conversacion-informa-amlo-tras-llamada-con-biden\\\/\",\"name\":\"\u201cTuvimos una cordial conversaci\u00f3n\u201d, informa AMLO tras llamada con Biden - Fuentes Fidedignas\",\"isPartOf\":{\"@id\":\"https:\\\/\\\/fuentesfidedignas.com.mx\\\/#website\"},\"primaryImageOfPage\":{\"@id\":\"https:\\\/\\\/fuentesfidedignas.com.mx\\\/index.php\\\/2022\\\/04\\\/29\\\/tuvimos-una-cordial-conversacion-informa-amlo-tras-llamada-con-biden\\\/#primaryimage\"},\"image\":{\"@id\":\"https:\\\/\\\/fuentesfidedignas.com.mx\\\/index.php\\\/2022\\\/04\\\/29\\\/tuvimos-una-cordial-conversacion-informa-amlo-tras-llamada-con-biden\\\/#primaryimage\"},\"thumbnailUrl\":\"https:\\\/\\\/fuentesfidedignas.com.mx\\\/wp-content\\\/uploads\\\/2022\\\/04\\\/279268438-298303479145203-7546034788429543633-n.jpg\",\"datePublished\":\"2022-04-29T20:41:49+00:00\",\"dateModified\":\"2022-04-29T20:42:16+00:00\",\"breadcrumb\":{\"@id\":\"https:\\\/\\\/fuentesfidedignas.com.mx\\\/index.php\\\/2022\\\/04\\\/29\\\/tuvimos-una-cordial-conversacion-informa-amlo-tras-llamada-con-biden\\\/#breadcrumb\"},\"inLanguage\":\"es\",\"potentialAction\":[{\"@type\":\"ReadAction\",\"target\":[\"https:\\\/\\\/fuentesfidedignas.com.mx\\\/index.php\\\/2022\\\/04\\\/29\\\/tuvimos-una-cordial-conversacion-informa-amlo-tras-llamada-con-biden\\\/\"]}]},{\"@type\":\"ImageObject\",\"inLanguage\":\"es\",\"@id\":\"https:\\\/\\\/fuentesfidedignas.com.mx\\\/index.php\\\/2022\\\/04\\\/29\\\/tuvimos-una-cordial-conversacion-informa-amlo-tras-llamada-con-biden\\\/#primaryimage\",\"url\":\"https:\\\/\\\/fuentesfidedignas.com.mx\\\/wp-content\\\/uploads\\\/2022\\\/04\\\/279268438-298303479145203-7546034788429543633-n.jpg\",\"contentUrl\":\"https:\\\/\\\/fuentesfidedignas.com.mx\\\/wp-content\\\/uploads\\\/2022\\\/04\\\/279268438-298303479145203-7546034788429543633-n.jpg\",\"width\":1536,\"height\":1152},{\"@type\":\"BreadcrumbList\",\"@id\":\"https:\\\/\\\/fuentesfidedignas.com.mx\\\/index.php\\\/2022\\\/04\\\/29\\\/tuvimos-una-cordial-conversacion-informa-amlo-tras-llamada-con-biden\\\/#breadcrumb\",\"itemListElement\":[{\"@type\":\"ListItem\",\"position\":1,\"name\":\"Inicio\",\"item\":\"https:\\\/\\\/fuentesfidedignas.com.mx\\\/\"},{\"@type\":\"ListItem\",\"position\":2,\"name\":\"\u201cTuvimos una cordial conversaci\u00f3n\u201d, informa AMLO tras llamada con Biden\"}]},{\"@type\":\"WebSite\",\"@id\":\"https:\\\/\\\/fuentesfidedignas.com.mx\\\/#website\",\"url\":\"https:\\\/\\\/fuentesfidedignas.com.mx\\\/\",\"name\":\"Fuentes Fidedignas\",\"description\":\"Otro sitio realizado con WordPress\",\"publisher\":{\"@id\":\"https:\\\/\\\/fuentesfidedignas.com.mx\\\/#organization\"},\"potentialAction\":[{\"@type\":\"SearchAction\",\"target\":{\"@type\":\"EntryPoint\",\"urlTemplate\":\"https:\\\/\\\/fuentesfidedignas.com.mx\\\/?s={search_term_string}\"},\"query-input\":{\"@type\":\"PropertyValueSpecification\",\"valueRequired\":true,\"valueName\":\"search_term_string\"}}],\"inLanguage\":\"es\"},{\"@type\":\"Organization\",\"@id\":\"https:\\\/\\\/fuentesfidedignas.com.mx\\\/#organization\",\"name\":\"Fuentes Fidedignas\",\"url\":\"https:\\\/\\\/fuentesfidedignas.com.mx\\\/\",\"logo\":{\"@type\":\"ImageObject\",\"inLanguage\":\"es\",\"@id\":\"https:\\\/\\\/fuentesfidedignas.com.mx\\\/#\\\/schema\\\/logo\\\/image\\\/\",\"url\":\"https:\\\/\\\/fuentesfidedignas.com.mx\\\/wp-content\\\/uploads\\\/2021\\\/04\\\/logo-retina.png\",\"contentUrl\":\"https:\\\/\\\/fuentesfidedignas.com.mx\\\/wp-content\\\/uploads\\\/2021\\\/04\\\/logo-retina.png\",\"width\":280,\"height\":51,\"caption\":\"Fuentes Fidedignas\"},\"image\":{\"@id\":\"https:\\\/\\\/fuentesfidedignas.com.mx\\\/#\\\/schema\\\/logo\\\/image\\\/\"},\"sameAs\":[\"https:\\\/\\\/www.facebook.com\\\/Fuentes-Fidedignas-368234489921644\",\"https:\\\/\\\/x.com\\\/fidedignas\"]},{\"@type\":\"Person\",\"@id\":\"https:\\\/\\\/fuentesfidedignas.com.mx\\\/#\\\/schema\\\/person\\\/f030e42657a5a464a8bbd891b1aab6ee\",\"name\":\"Noticieros Televisa\",\"image\":{\"@type\":\"ImageObject\",\"inLanguage\":\"es\",\"@id\":\"https:\\\/\\\/secure.gravatar.com\\\/avatar\\\/0e47b9e785a628831b8fd9eaf15e090e106760a879abbd4a3306f128ef5d43a9?s=96&d=mm&r=g\",\"url\":\"https:\\\/\\\/secure.gravatar.com\\\/avatar\\\/0e47b9e785a628831b8fd9eaf15e090e106760a879abbd4a3306f128ef5d43a9?s=96&d=mm&r=g\",\"contentUrl\":\"https:\\\/\\\/secure.gravatar.com\\\/avatar\\\/0e47b9e785a628831b8fd9eaf15e090e106760a879abbd4a3306f128ef5d43a9?s=96&d=mm&r=g\",\"caption\":\"Noticieros Televisa\"},\"url\":\"https:\\\/\\\/fuentesfidedignas.com.mx\\\/index.php\\\/author\\\/noticieros-televisa\\\/\"}]}<\/script>\n<!-- \/ Yoast SEO plugin. -->","yoast_head_json":{"title":"\u201cTuvimos una cordial conversaci\u00f3n\u201d, informa AMLO tras llamada con Biden - Fuentes Fidedignas","robots":{"index":"index","follow":"follow","max-snippet":"max-snippet:-1","max-image-preview":"max-image-preview:large","max-video-preview":"max-video-preview:-1"},"canonical":"https:\/\/fuentesfidedignas.com.mx\/index.php\/2022\/04\/29\/tuvimos-una-cordial-conversacion-informa-amlo-tras-llamada-con-biden\/","og_locale":"es_MX","og_type":"article","og_title":"\u201cTuvimos una cordial conversaci\u00f3n\u201d, informa AMLO tras llamada con Biden - Fuentes Fidedignas","og_description":"El presidente Andr\u00e9s Manuel L\u00f3pez Obrador comparti\u00f3, por medio de sus redes sociales, que convers\u00f3 telef\u00f3nicamente con Joe Biden sobre temas de inter\u00e9s en la relaci\u00f3n bilateral Ciudad de M\u00e9xico. El presidente\u00a0Andr\u00e9s Manuel L\u00f3pez Obrador\u00a0comparti\u00f3, la tarde del viernes 29 de abril de 2022, que convers\u00f3 telef\u00f3nicamente con\u00a0Joe Biden\u00a0sobre diversos temas de inter\u00e9s en la [&hellip;]","og_url":"https:\/\/fuentesfidedignas.com.mx\/index.php\/2022\/04\/29\/tuvimos-una-cordial-conversacion-informa-amlo-tras-llamada-con-biden\/","og_site_name":"Fuentes Fidedignas","article_publisher":"https:\/\/www.facebook.com\/Fuentes-Fidedignas-368234489921644","article_published_time":"2022-04-29T20:41:49+00:00","article_modified_time":"2022-04-29T20:42:16+00:00","og_image":[{"width":1536,"height":1152,"url":"https:\/\/fuentesfidedignas.com.mx\/wp-content\/uploads\/2022\/04\/279268438-298303479145203-7546034788429543633-n.jpg","type":"image\/jpeg"}],"author":"Noticieros Televisa","twitter_card":"summary_large_image","twitter_creator":"@fidedignas","twitter_site":"@fidedignas","twitter_misc":{"Escrito por":"Noticieros Televisa","Tiempo de lectura":"2 minutos"},"schema":{"@context":"https:\/\/schema.org","@graph":[{"@type":"Article","@id":"https:\/\/fuentesfidedignas.com.mx\/index.php\/2022\/04\/29\/tuvimos-una-cordial-conversacion-informa-amlo-tras-llamada-con-biden\/#article","isPartOf":{"@id":"https:\/\/fuentesfidedignas.com.mx\/index.php\/2022\/04\/29\/tuvimos-una-cordial-conversacion-informa-amlo-tras-llamada-con-biden\/"},"author":{"name":"Noticieros Televisa","@id":"https:\/\/fuentesfidedignas.com.mx\/#\/schema\/person\/f030e42657a5a464a8bbd891b1aab6ee"},"headline":"\u201cTuvimos una cordial conversaci\u00f3n\u201d, informa AMLO tras llamada con Biden","datePublished":"2022-04-29T20:41:49+00:00","dateModified":"2022-04-29T20:42:16+00:00","mainEntityOfPage":{"@id":"https:\/\/fuentesfidedignas.com.mx\/index.php\/2022\/04\/29\/tuvimos-una-cordial-conversacion-informa-amlo-tras-llamada-con-biden\/"},"wordCount":334,"commentCount":0,"publisher":{"@id":"https:\/\/fuentesfidedignas.com.mx\/#organization"},"image":{"@id":"https:\/\/fuentesfidedignas.com.mx\/index.php\/2022\/04\/29\/tuvimos-una-cordial-conversacion-informa-amlo-tras-llamada-con-biden\/#primaryimage"},"thumbnailUrl":"https:\/\/fuentesfidedignas.com.mx\/wp-content\/uploads\/2022\/04\/279268438-298303479145203-7546034788429543633-n.jpg","keywords":["Andr\u00e9s Manuel L\u00f3pez Obrador","Joe Biden"],"articleSection":["NOTICIAS NACIONALES"],"inLanguage":"es","potentialAction":[{"@type":"CommentAction","name":"Comment","target":["https:\/\/fuentesfidedignas.com.mx\/index.php\/2022\/04\/29\/tuvimos-una-cordial-conversacion-informa-amlo-tras-llamada-con-biden\/#respond"]}]},{"@type":"WebPage","@id":"https:\/\/fuentesfidedignas.com.mx\/index.php\/2022\/04\/29\/tuvimos-una-cordial-conversacion-informa-amlo-tras-llamada-con-biden\/","url":"https:\/\/fuentesfidedignas.com.mx\/index.php\/2022\/04\/29\/tuvimos-una-cordial-conversacion-informa-amlo-tras-llamada-con-biden\/","name":"\u201cTuvimos una cordial conversaci\u00f3n\u201d, informa AMLO tras llamada con Biden - Fuentes Fidedignas","isPartOf":{"@id":"https:\/\/fuentesfidedignas.com.mx\/#website"},"primaryImageOfPage":{"@id":"https:\/\/fuentesfidedignas.com.mx\/index.php\/2022\/04\/29\/tuvimos-una-cordial-conversacion-informa-amlo-tras-llamada-con-biden\/#primaryimage"},"image":{"@id":"https:\/\/fuentesfidedignas.com.mx\/index.php\/2022\/04\/29\/tuvimos-una-cordial-conversacion-informa-amlo-tras-llamada-con-biden\/#primaryimage"},"thumbnailUrl":"https:\/\/fuentesfidedignas.com.mx\/wp-content\/uploads\/2022\/04\/279268438-298303479145203-7546034788429543633-n.jpg","datePublished":"2022-04-29T20:41:49+00:00","dateModified":"2022-04-29T20:42:16+00:00","breadcrumb":{"@id":"https:\/\/fuentesfidedignas.com.mx\/index.php\/2022\/04\/29\/tuvimos-una-cordial-conversacion-informa-amlo-tras-llamada-con-biden\/#breadcrumb"},"inLanguage":"es","potentialAction":[{"@type":"ReadAction","target":["https:\/\/fuentesfidedignas.com.mx\/index.php\/2022\/04\/29\/tuvimos-una-cordial-conversacion-informa-amlo-tras-llamada-con-biden\/"]}]},{"@type":"ImageObject","inLanguage":"es","@id":"https:\/\/fuentesfidedignas.com.mx\/index.php\/2022\/04\/29\/tuvimos-una-cordial-conversacion-informa-amlo-tras-llamada-con-biden\/#primaryimage","url":"https:\/\/fuentesfidedignas.com.mx\/wp-content\/uploads\/2022\/04\/279268438-298303479145203-7546034788429543633-n.jpg","contentUrl":"https:\/\/fuentesfidedignas.com.mx\/wp-content\/uploads\/2022\/04\/279268438-298303479145203-7546034788429543633-n.jpg","width":1536,"height":1152},{"@type":"BreadcrumbList","@id":"https:\/\/fuentesfidedignas.com.mx\/index.php\/2022\/04\/29\/tuvimos-una-cordial-conversacion-informa-amlo-tras-llamada-con-biden\/#breadcrumb","itemListElement":[{"@type":"ListItem","position":1,"name":"Inicio","item":"https:\/\/fuentesfidedignas.com.mx\/"},{"@type":"ListItem","position":2,"name":"\u201cTuvimos una cordial conversaci\u00f3n\u201d, informa AMLO tras llamada con Biden"}]},{"@type":"WebSite","@id":"https:\/\/fuentesfidedignas.com.mx\/#website","url":"https:\/\/fuentesfidedignas.com.mx\/","name":"Fuentes Fidedignas","description":"Otro sitio realizado con WordPress","publisher":{"@id":"https:\/\/fuentesfidedignas.com.mx\/#organization"},"potentialAction":[{"@type":"SearchAction","target":{"@type":"EntryPoint","urlTemplate":"https:\/\/fuentesfidedignas.com.mx\/?s={search_term_string}"},"query-input":{"@type":"PropertyValueSpecification","valueRequired":true,"valueName":"search_term_string"}}],"inLanguage":"es"},{"@type":"Organization","@id":"https:\/\/fuentesfidedignas.com.mx\/#organization","name":"Fuentes Fidedignas","url":"https:\/\/fuentesfidedignas.com.mx\/","logo":{"@type":"ImageObject","inLanguage":"es","@id":"https:\/\/fuentesfidedignas.com.mx\/#\/schema\/logo\/image\/","url":"https:\/\/fuentesfidedignas.com.mx\/wp-content\/uploads\/2021\/04\/logo-retina.png","contentUrl":"https:\/\/fuentesfidedignas.com.mx\/wp-content\/uploads\/2021\/04\/logo-retina.png","width":280,"height":51,"caption":"Fuentes Fidedignas"},"image":{"@id":"https:\/\/fuentesfidedignas.com.mx\/#\/schema\/logo\/image\/"},"sameAs":["https:\/\/www.facebook.com\/Fuentes-Fidedignas-368234489921644","https:\/\/x.com\/fidedignas"]},{"@type":"Person","@id":"https:\/\/fuentesfidedignas.com.mx\/#\/schema\/person\/f030e42657a5a464a8bbd891b1aab6ee","name":"Noticieros Televisa","image":{"@type":"ImageObject","inLanguage":"es","@id":"https:\/\/secure.gravatar.com\/avatar\/0e47b9e785a628831b8fd9eaf15e090e106760a879abbd4a3306f128ef5d43a9?s=96&d=mm&r=g","url":"https:\/\/secure.gravatar.com\/avatar\/0e47b9e785a628831b8fd9eaf15e090e106760a879abbd4a3306f128ef5d43a9?s=96&d=mm&r=g","contentUrl":"https:\/\/secure.gravatar.com\/avatar\/0e47b9e785a628831b8fd9eaf15e090e106760a879abbd4a3306f128ef5d43a9?s=96&d=mm&r=g","caption":"Noticieros Televisa"},"url":"https:\/\/fuentesfidedignas.com.mx\/index.php\/author\/noticieros-televisa\/"}]}},"_links":{"self":[{"href":"https:\/\/fuentesfidedignas.com.mx\/index.php\/wp-json\/wp\/v2\/posts\/29671","targetHints":{"allow":["GET"]}}],"collection":[{"href":"https:\/\/fuentesfidedignas.com.mx\/index.php\/wp-json\/wp\/v2\/posts"}],"about":[{"href":"https:\/\/fuentesfidedignas.com.mx\/index.php\/wp-json\/wp\/v2\/types\/post"}],"author":[{"embeddable":true,"href":"https:\/\/fuentesfidedignas.com.mx\/index.php\/wp-json\/wp\/v2\/users\/46"}],"replies":[{"embeddable":true,"href":"https:\/\/fuentesfidedignas.com.mx\/index.php\/wp-json\/wp\/v2\/comments?post=29671"}],"version-history":[{"count":1,"href":"https:\/\/fuentesfidedignas.com.mx\/index.php\/wp-json\/wp\/v2\/posts\/29671\/revisions"}],"predecessor-version":[{"id":29672,"href":"https:\/\/fuentesfidedignas.com.mx\/index.php\/wp-json\/wp\/v2\/posts\/29671\/revisions\/29672"}],"wp:featuredmedia":[{"embeddable":true,"href":"https:\/\/fuentesfidedignas.com.mx\/index.php\/wp-json\/wp\/v2\/media\/29673"}],"wp:attachment":[{"href":"https:\/\/fuentesfidedignas.com.mx\/index.php\/wp-json\/wp\/v2\/media?parent=29671"}],"wp:term":[{"taxonomy":"category","embeddable":true,"href":"https:\/\/fuentesfidedignas.com.mx\/index.php\/wp-json\/wp\/v2\/categories?post=29671"},{"taxonomy":"post_tag","embeddable":true,"href":"https:\/\/fuentesfidedignas.com.mx\/index.php\/wp-json\/wp\/v2\/tags?post=29671"}],"curies":[{"name":"wp","href":"https:\/\/api.w.org\/{rel}","templated":true}]}}