{"id":29564,"date":"2022-04-28T14:17:00","date_gmt":"2022-04-28T20:17:00","guid":{"rendered":"https:\/\/fuentesfidedignas.com.mx\/?p=29564"},"modified":"2022-04-28T21:01:03","modified_gmt":"2022-04-29T03:01:03","slug":"impulsan-talento-artistico-de-jovenes-fortenses-con-clase-magistral-de-guitarra","status":"publish","type":"post","link":"https:\/\/fuentesfidedignas.com.mx\/index.php\/2022\/04\/28\/impulsan-talento-artistico-de-jovenes-fortenses-con-clase-magistral-de-guitarra\/","title":{"rendered":"Impulsan talento art\u00edstico de j\u00f3venes fortenses con clase magistral de guitarra"},"content":{"rendered":"\n<p><strong><em>Se lleva a cabo el primer encuentro de guitarra con el concertista Francisco Bibriesca <\/em><\/strong><\/p>\n\n\n\n<p>Culiac\u00e1n, Sin.- J\u00f3venes estudiantes de El Fuerte recibieron un impulso en su quehacer art\u00edstico, al recibir clases de guitarra del concertista internacional Francisco Bibriesca.<\/p>\n\n\n\n<p>Fue a trav\u00e9s del Ayuntamiento de El Fuerte que se impartieron dos d\u00edas de curso y clase muestra a los alumnos de diversas instituciones del municipio este jueves y viernes. Mismas que son impartidas por unos de mejores guitarristas de M\u00e9xico, seg\u00fan el <em>Washington Post<\/em>.<\/p>\n\n\n\n<figure class=\"wp-block-image size-large\"><img decoding=\"async\" width=\"1280\" height=\"778\" src=\"https:\/\/fuentesfidedignas.com.mx\/wp-content\/uploads\/2022\/04\/IMG_20220428_181702.jpg\" alt=\"\" class=\"wp-image-29583\"\/><\/figure>\n\n\n\n<p>Al iniciar los trabajos, estuvieron presentes el secretario del Ayuntamiento, Edgar Espinoza; la directora de Educaci\u00f3n y Cultura, Miriam Hern\u00e1ndez; y el jefe de Servicios Regionales El Fuerte -Choix, Mart\u00edn Palafox, quienes coincidieron en qu\u00e9 la actual administraci\u00f3n busca dar el impulso necesario a las nuevas generaciones para explotar y desarrollar sus talentos art\u00edsticos, deportivos y acad\u00e9micos.<\/p>\n\n\n\n<p>Las clases se desarrollan en la Sala de Exhibiciones del Museo-Fuerte-Mirador, de 8:00 de la ma\u00f1ana a las 3:00 de la tarde.<\/p>\n\n\n\n<figure class=\"wp-block-image size-full\"><img decoding=\"async\" width=\"1280\" height=\"1104\" src=\"https:\/\/fuentesfidedignas.com.mx\/wp-content\/uploads\/2022\/04\/IMG-20220428-WA0070.jpg\" alt=\"\" class=\"wp-image-29580\"\/><\/figure>\n\n\n\n<figure class=\"wp-block-image size-large\"><img decoding=\"async\" width=\"1600\" height=\"1197\" src=\"https:\/\/fuentesfidedignas.com.mx\/wp-content\/uploads\/2022\/04\/IMG-20220428-WA0073-1.jpg\" alt=\"\" class=\"wp-image-29584\"\/><\/figure>\n","protected":false},"excerpt":{"rendered":"<p>Se lleva a cabo el primer encuentro de guitarra con el concertista Francisco Bibriesca Culiac\u00e1n, Sin.- J\u00f3venes estudiantes de El Fuerte recibieron un impulso en su quehacer art\u00edstico, al recibir clases de guitarra del concertista internacional Francisco Bibriesca. Fue a trav\u00e9s del Ayuntamiento de El Fuerte que se impartieron dos d\u00edas de curso y clase [&hellip;]<\/p>\n","protected":false},"author":11,"featured_media":29582,"comment_status":"open","ping_status":"open","sticky":false,"template":"","format":"standard","meta":{"tdm_status":"","tdm_grid_status":"","footnotes":""},"categories":[38],"tags":[],"class_list":{"0":"post-29564","1":"post","2":"type-post","3":"status-publish","4":"format-standard","5":"has-post-thumbnail","7":"category-noticias-locales"},"yoast_head":"<!-- This site is optimized with the Yoast SEO plugin v27.5 - https:\/\/yoast.com\/product\/yoast-seo-wordpress\/ -->\n<title>Impulsan talento art\u00edstico de j\u00f3venes fortenses con clase magistral de guitarra - Fuentes Fidedignas<\/title>\n<meta name=\"robots\" content=\"index, follow, max-snippet:-1, max-image-preview:large, max-video-preview:-1\" \/>\n<link rel=\"canonical\" href=\"https:\/\/fuentesfidedignas.com.mx\/index.php\/2022\/04\/28\/impulsan-talento-artistico-de-jovenes-fortenses-con-clase-magistral-de-guitarra\/\" \/>\n<meta property=\"og:locale\" content=\"es_MX\" \/>\n<meta property=\"og:type\" content=\"article\" \/>\n<meta property=\"og:title\" content=\"Impulsan talento art\u00edstico de j\u00f3venes fortenses con clase magistral de guitarra - Fuentes Fidedignas\" \/>\n<meta property=\"og:description\" content=\"Se lleva a cabo el primer encuentro de guitarra con el concertista Francisco Bibriesca Culiac\u00e1n, Sin.- J\u00f3venes estudiantes de El Fuerte recibieron un impulso en su quehacer art\u00edstico, al recibir clases de guitarra del concertista internacional Francisco Bibriesca. Fue a trav\u00e9s del Ayuntamiento de El Fuerte que se impartieron dos d\u00edas de curso y clase [&hellip;]\" \/>\n<meta property=\"og:url\" content=\"https:\/\/fuentesfidedignas.com.mx\/index.php\/2022\/04\/28\/impulsan-talento-artistico-de-jovenes-fortenses-con-clase-magistral-de-guitarra\/\" \/>\n<meta property=\"og:site_name\" content=\"Fuentes Fidedignas\" \/>\n<meta property=\"article:publisher\" content=\"https:\/\/www.facebook.com\/Fuentes-Fidedignas-368234489921644\" \/>\n<meta property=\"article:published_time\" content=\"2022-04-28T20:17:00+00:00\" \/>\n<meta property=\"article:modified_time\" content=\"2022-04-29T03:01:03+00:00\" \/>\n<meta property=\"og:image\" content=\"https:\/\/fuentesfidedignas.com.mx\/wp-content\/uploads\/2022\/04\/IMG-20220428-WA0076.jpg\" \/>\n\t<meta property=\"og:image:width\" content=\"1600\" \/>\n\t<meta property=\"og:image:height\" content=\"1197\" \/>\n\t<meta property=\"og:image:type\" content=\"image\/jpeg\" \/>\n<meta name=\"author\" content=\"Marissa Palafox\" \/>\n<meta name=\"twitter:card\" content=\"summary_large_image\" \/>\n<meta name=\"twitter:creator\" content=\"@fidedignas\" \/>\n<meta name=\"twitter:site\" content=\"@fidedignas\" \/>\n<meta name=\"twitter:label1\" content=\"Escrito por\" \/>\n\t<meta name=\"twitter:data1\" content=\"Marissa Palafox\" \/>\n\t<meta name=\"twitter:label2\" content=\"Tiempo de lectura\" \/>\n\t<meta name=\"twitter:data2\" content=\"2 minutos\" \/>\n<script type=\"application\/ld+json\" class=\"yoast-schema-graph\">{\"@context\":\"https:\\\/\\\/schema.org\",\"@graph\":[{\"@type\":\"Article\",\"@id\":\"https:\\\/\\\/fuentesfidedignas.com.mx\\\/index.php\\\/2022\\\/04\\\/28\\\/impulsan-talento-artistico-de-jovenes-fortenses-con-clase-magistral-de-guitarra\\\/#article\",\"isPartOf\":{\"@id\":\"https:\\\/\\\/fuentesfidedignas.com.mx\\\/index.php\\\/2022\\\/04\\\/28\\\/impulsan-talento-artistico-de-jovenes-fortenses-con-clase-magistral-de-guitarra\\\/\"},\"author\":{\"name\":\"Marissa Palafox\",\"@id\":\"https:\\\/\\\/fuentesfidedignas.com.mx\\\/#\\\/schema\\\/person\\\/2c10028b4a30078c05a056a215342ab9\"},\"headline\":\"Impulsan talento art\u00edstico de j\u00f3venes fortenses con clase magistral de guitarra\",\"datePublished\":\"2022-04-28T20:17:00+00:00\",\"dateModified\":\"2022-04-29T03:01:03+00:00\",\"mainEntityOfPage\":{\"@id\":\"https:\\\/\\\/fuentesfidedignas.com.mx\\\/index.php\\\/2022\\\/04\\\/28\\\/impulsan-talento-artistico-de-jovenes-fortenses-con-clase-magistral-de-guitarra\\\/\"},\"wordCount\":188,\"commentCount\":0,\"publisher\":{\"@id\":\"https:\\\/\\\/fuentesfidedignas.com.mx\\\/#organization\"},\"image\":{\"@id\":\"https:\\\/\\\/fuentesfidedignas.com.mx\\\/index.php\\\/2022\\\/04\\\/28\\\/impulsan-talento-artistico-de-jovenes-fortenses-con-clase-magistral-de-guitarra\\\/#primaryimage\"},\"thumbnailUrl\":\"https:\\\/\\\/fuentesfidedignas.com.mx\\\/wp-content\\\/uploads\\\/2022\\\/04\\\/IMG-20220428-WA0076.jpg\",\"articleSection\":[\"NOTICIAS LOCALES\"],\"inLanguage\":\"es\",\"potentialAction\":[{\"@type\":\"CommentAction\",\"name\":\"Comment\",\"target\":[\"https:\\\/\\\/fuentesfidedignas.com.mx\\\/index.php\\\/2022\\\/04\\\/28\\\/impulsan-talento-artistico-de-jovenes-fortenses-con-clase-magistral-de-guitarra\\\/#respond\"]}]},{\"@type\":\"WebPage\",\"@id\":\"https:\\\/\\\/fuentesfidedignas.com.mx\\\/index.php\\\/2022\\\/04\\\/28\\\/impulsan-talento-artistico-de-jovenes-fortenses-con-clase-magistral-de-guitarra\\\/\",\"url\":\"https:\\\/\\\/fuentesfidedignas.com.mx\\\/index.php\\\/2022\\\/04\\\/28\\\/impulsan-talento-artistico-de-jovenes-fortenses-con-clase-magistral-de-guitarra\\\/\",\"name\":\"Impulsan talento art\u00edstico de j\u00f3venes fortenses con clase magistral de guitarra - Fuentes Fidedignas\",\"isPartOf\":{\"@id\":\"https:\\\/\\\/fuentesfidedignas.com.mx\\\/#website\"},\"primaryImageOfPage\":{\"@id\":\"https:\\\/\\\/fuentesfidedignas.com.mx\\\/index.php\\\/2022\\\/04\\\/28\\\/impulsan-talento-artistico-de-jovenes-fortenses-con-clase-magistral-de-guitarra\\\/#primaryimage\"},\"image\":{\"@id\":\"https:\\\/\\\/fuentesfidedignas.com.mx\\\/index.php\\\/2022\\\/04\\\/28\\\/impulsan-talento-artistico-de-jovenes-fortenses-con-clase-magistral-de-guitarra\\\/#primaryimage\"},\"thumbnailUrl\":\"https:\\\/\\\/fuentesfidedignas.com.mx\\\/wp-content\\\/uploads\\\/2022\\\/04\\\/IMG-20220428-WA0076.jpg\",\"datePublished\":\"2022-04-28T20:17:00+00:00\",\"dateModified\":\"2022-04-29T03:01:03+00:00\",\"breadcrumb\":{\"@id\":\"https:\\\/\\\/fuentesfidedignas.com.mx\\\/index.php\\\/2022\\\/04\\\/28\\\/impulsan-talento-artistico-de-jovenes-fortenses-con-clase-magistral-de-guitarra\\\/#breadcrumb\"},\"inLanguage\":\"es\",\"potentialAction\":[{\"@type\":\"ReadAction\",\"target\":[\"https:\\\/\\\/fuentesfidedignas.com.mx\\\/index.php\\\/2022\\\/04\\\/28\\\/impulsan-talento-artistico-de-jovenes-fortenses-con-clase-magistral-de-guitarra\\\/\"]}]},{\"@type\":\"ImageObject\",\"inLanguage\":\"es\",\"@id\":\"https:\\\/\\\/fuentesfidedignas.com.mx\\\/index.php\\\/2022\\\/04\\\/28\\\/impulsan-talento-artistico-de-jovenes-fortenses-con-clase-magistral-de-guitarra\\\/#primaryimage\",\"url\":\"https:\\\/\\\/fuentesfidedignas.com.mx\\\/wp-content\\\/uploads\\\/2022\\\/04\\\/IMG-20220428-WA0076.jpg\",\"contentUrl\":\"https:\\\/\\\/fuentesfidedignas.com.mx\\\/wp-content\\\/uploads\\\/2022\\\/04\\\/IMG-20220428-WA0076.jpg\",\"width\":1600,\"height\":1197},{\"@type\":\"BreadcrumbList\",\"@id\":\"https:\\\/\\\/fuentesfidedignas.com.mx\\\/index.php\\\/2022\\\/04\\\/28\\\/impulsan-talento-artistico-de-jovenes-fortenses-con-clase-magistral-de-guitarra\\\/#breadcrumb\",\"itemListElement\":[{\"@type\":\"ListItem\",\"position\":1,\"name\":\"Inicio\",\"item\":\"https:\\\/\\\/fuentesfidedignas.com.mx\\\/\"},{\"@type\":\"ListItem\",\"position\":2,\"name\":\"Impulsan talento art\u00edstico de j\u00f3venes fortenses con clase magistral de guitarra\"}]},{\"@type\":\"WebSite\",\"@id\":\"https:\\\/\\\/fuentesfidedignas.com.mx\\\/#website\",\"url\":\"https:\\\/\\\/fuentesfidedignas.com.mx\\\/\",\"name\":\"Fuentes Fidedignas\",\"description\":\"Otro sitio realizado con WordPress\",\"publisher\":{\"@id\":\"https:\\\/\\\/fuentesfidedignas.com.mx\\\/#organization\"},\"potentialAction\":[{\"@type\":\"SearchAction\",\"target\":{\"@type\":\"EntryPoint\",\"urlTemplate\":\"https:\\\/\\\/fuentesfidedignas.com.mx\\\/?s={search_term_string}\"},\"query-input\":{\"@type\":\"PropertyValueSpecification\",\"valueRequired\":true,\"valueName\":\"search_term_string\"}}],\"inLanguage\":\"es\"},{\"@type\":\"Organization\",\"@id\":\"https:\\\/\\\/fuentesfidedignas.com.mx\\\/#organization\",\"name\":\"Fuentes Fidedignas\",\"url\":\"https:\\\/\\\/fuentesfidedignas.com.mx\\\/\",\"logo\":{\"@type\":\"ImageObject\",\"inLanguage\":\"es\",\"@id\":\"https:\\\/\\\/fuentesfidedignas.com.mx\\\/#\\\/schema\\\/logo\\\/image\\\/\",\"url\":\"https:\\\/\\\/fuentesfidedignas.com.mx\\\/wp-content\\\/uploads\\\/2021\\\/04\\\/logo-retina.png\",\"contentUrl\":\"https:\\\/\\\/fuentesfidedignas.com.mx\\\/wp-content\\\/uploads\\\/2021\\\/04\\\/logo-retina.png\",\"width\":280,\"height\":51,\"caption\":\"Fuentes Fidedignas\"},\"image\":{\"@id\":\"https:\\\/\\\/fuentesfidedignas.com.mx\\\/#\\\/schema\\\/logo\\\/image\\\/\"},\"sameAs\":[\"https:\\\/\\\/www.facebook.com\\\/Fuentes-Fidedignas-368234489921644\",\"https:\\\/\\\/x.com\\\/fidedignas\"]},{\"@type\":\"Person\",\"@id\":\"https:\\\/\\\/fuentesfidedignas.com.mx\\\/#\\\/schema\\\/person\\\/2c10028b4a30078c05a056a215342ab9\",\"name\":\"Marissa Palafox\",\"image\":{\"@type\":\"ImageObject\",\"inLanguage\":\"es\",\"@id\":\"https:\\\/\\\/secure.gravatar.com\\\/avatar\\\/20a43bdb2f2db10f20b22d4e98b96eb027faf98f7f76d29854dc5fab46d1cf71?s=96&d=mm&r=g\",\"url\":\"https:\\\/\\\/secure.gravatar.com\\\/avatar\\\/20a43bdb2f2db10f20b22d4e98b96eb027faf98f7f76d29854dc5fab46d1cf71?s=96&d=mm&r=g\",\"contentUrl\":\"https:\\\/\\\/secure.gravatar.com\\\/avatar\\\/20a43bdb2f2db10f20b22d4e98b96eb027faf98f7f76d29854dc5fab46d1cf71?s=96&d=mm&r=g\",\"caption\":\"Marissa Palafox\"},\"url\":\"https:\\\/\\\/fuentesfidedignas.com.mx\\\/index.php\\\/author\\\/marissa\\\/\"}]}<\/script>\n<!-- \/ Yoast SEO plugin. -->","yoast_head_json":{"title":"Impulsan talento art\u00edstico de j\u00f3venes fortenses con clase magistral de guitarra - Fuentes Fidedignas","robots":{"index":"index","follow":"follow","max-snippet":"max-snippet:-1","max-image-preview":"max-image-preview:large","max-video-preview":"max-video-preview:-1"},"canonical":"https:\/\/fuentesfidedignas.com.mx\/index.php\/2022\/04\/28\/impulsan-talento-artistico-de-jovenes-fortenses-con-clase-magistral-de-guitarra\/","og_locale":"es_MX","og_type":"article","og_title":"Impulsan talento art\u00edstico de j\u00f3venes fortenses con clase magistral de guitarra - Fuentes Fidedignas","og_description":"Se lleva a cabo el primer encuentro de guitarra con el concertista Francisco Bibriesca Culiac\u00e1n, Sin.- J\u00f3venes estudiantes de El Fuerte recibieron un impulso en su quehacer art\u00edstico, al recibir clases de guitarra del concertista internacional Francisco Bibriesca. Fue a trav\u00e9s del Ayuntamiento de El Fuerte que se impartieron dos d\u00edas de curso y clase [&hellip;]","og_url":"https:\/\/fuentesfidedignas.com.mx\/index.php\/2022\/04\/28\/impulsan-talento-artistico-de-jovenes-fortenses-con-clase-magistral-de-guitarra\/","og_site_name":"Fuentes Fidedignas","article_publisher":"https:\/\/www.facebook.com\/Fuentes-Fidedignas-368234489921644","article_published_time":"2022-04-28T20:17:00+00:00","article_modified_time":"2022-04-29T03:01:03+00:00","og_image":[{"width":1600,"height":1197,"url":"https:\/\/fuentesfidedignas.com.mx\/wp-content\/uploads\/2022\/04\/IMG-20220428-WA0076.jpg","type":"image\/jpeg"}],"author":"Marissa Palafox","twitter_card":"summary_large_image","twitter_creator":"@fidedignas","twitter_site":"@fidedignas","twitter_misc":{"Escrito por":"Marissa Palafox","Tiempo de lectura":"2 minutos"},"schema":{"@context":"https:\/\/schema.org","@graph":[{"@type":"Article","@id":"https:\/\/fuentesfidedignas.com.mx\/index.php\/2022\/04\/28\/impulsan-talento-artistico-de-jovenes-fortenses-con-clase-magistral-de-guitarra\/#article","isPartOf":{"@id":"https:\/\/fuentesfidedignas.com.mx\/index.php\/2022\/04\/28\/impulsan-talento-artistico-de-jovenes-fortenses-con-clase-magistral-de-guitarra\/"},"author":{"name":"Marissa Palafox","@id":"https:\/\/fuentesfidedignas.com.mx\/#\/schema\/person\/2c10028b4a30078c05a056a215342ab9"},"headline":"Impulsan talento art\u00edstico de j\u00f3venes fortenses con clase magistral de guitarra","datePublished":"2022-04-28T20:17:00+00:00","dateModified":"2022-04-29T03:01:03+00:00","mainEntityOfPage":{"@id":"https:\/\/fuentesfidedignas.com.mx\/index.php\/2022\/04\/28\/impulsan-talento-artistico-de-jovenes-fortenses-con-clase-magistral-de-guitarra\/"},"wordCount":188,"commentCount":0,"publisher":{"@id":"https:\/\/fuentesfidedignas.com.mx\/#organization"},"image":{"@id":"https:\/\/fuentesfidedignas.com.mx\/index.php\/2022\/04\/28\/impulsan-talento-artistico-de-jovenes-fortenses-con-clase-magistral-de-guitarra\/#primaryimage"},"thumbnailUrl":"https:\/\/fuentesfidedignas.com.mx\/wp-content\/uploads\/2022\/04\/IMG-20220428-WA0076.jpg","articleSection":["NOTICIAS LOCALES"],"inLanguage":"es","potentialAction":[{"@type":"CommentAction","name":"Comment","target":["https:\/\/fuentesfidedignas.com.mx\/index.php\/2022\/04\/28\/impulsan-talento-artistico-de-jovenes-fortenses-con-clase-magistral-de-guitarra\/#respond"]}]},{"@type":"WebPage","@id":"https:\/\/fuentesfidedignas.com.mx\/index.php\/2022\/04\/28\/impulsan-talento-artistico-de-jovenes-fortenses-con-clase-magistral-de-guitarra\/","url":"https:\/\/fuentesfidedignas.com.mx\/index.php\/2022\/04\/28\/impulsan-talento-artistico-de-jovenes-fortenses-con-clase-magistral-de-guitarra\/","name":"Impulsan talento art\u00edstico de j\u00f3venes fortenses con clase magistral de guitarra - Fuentes Fidedignas","isPartOf":{"@id":"https:\/\/fuentesfidedignas.com.mx\/#website"},"primaryImageOfPage":{"@id":"https:\/\/fuentesfidedignas.com.mx\/index.php\/2022\/04\/28\/impulsan-talento-artistico-de-jovenes-fortenses-con-clase-magistral-de-guitarra\/#primaryimage"},"image":{"@id":"https:\/\/fuentesfidedignas.com.mx\/index.php\/2022\/04\/28\/impulsan-talento-artistico-de-jovenes-fortenses-con-clase-magistral-de-guitarra\/#primaryimage"},"thumbnailUrl":"https:\/\/fuentesfidedignas.com.mx\/wp-content\/uploads\/2022\/04\/IMG-20220428-WA0076.jpg","datePublished":"2022-04-28T20:17:00+00:00","dateModified":"2022-04-29T03:01:03+00:00","breadcrumb":{"@id":"https:\/\/fuentesfidedignas.com.mx\/index.php\/2022\/04\/28\/impulsan-talento-artistico-de-jovenes-fortenses-con-clase-magistral-de-guitarra\/#breadcrumb"},"inLanguage":"es","potentialAction":[{"@type":"ReadAction","target":["https:\/\/fuentesfidedignas.com.mx\/index.php\/2022\/04\/28\/impulsan-talento-artistico-de-jovenes-fortenses-con-clase-magistral-de-guitarra\/"]}]},{"@type":"ImageObject","inLanguage":"es","@id":"https:\/\/fuentesfidedignas.com.mx\/index.php\/2022\/04\/28\/impulsan-talento-artistico-de-jovenes-fortenses-con-clase-magistral-de-guitarra\/#primaryimage","url":"https:\/\/fuentesfidedignas.com.mx\/wp-content\/uploads\/2022\/04\/IMG-20220428-WA0076.jpg","contentUrl":"https:\/\/fuentesfidedignas.com.mx\/wp-content\/uploads\/2022\/04\/IMG-20220428-WA0076.jpg","width":1600,"height":1197},{"@type":"BreadcrumbList","@id":"https:\/\/fuentesfidedignas.com.mx\/index.php\/2022\/04\/28\/impulsan-talento-artistico-de-jovenes-fortenses-con-clase-magistral-de-guitarra\/#breadcrumb","itemListElement":[{"@type":"ListItem","position":1,"name":"Inicio","item":"https:\/\/fuentesfidedignas.com.mx\/"},{"@type":"ListItem","position":2,"name":"Impulsan talento art\u00edstico de j\u00f3venes fortenses con clase magistral de guitarra"}]},{"@type":"WebSite","@id":"https:\/\/fuentesfidedignas.com.mx\/#website","url":"https:\/\/fuentesfidedignas.com.mx\/","name":"Fuentes Fidedignas","description":"Otro sitio realizado con WordPress","publisher":{"@id":"https:\/\/fuentesfidedignas.com.mx\/#organization"},"potentialAction":[{"@type":"SearchAction","target":{"@type":"EntryPoint","urlTemplate":"https:\/\/fuentesfidedignas.com.mx\/?s={search_term_string}"},"query-input":{"@type":"PropertyValueSpecification","valueRequired":true,"valueName":"search_term_string"}}],"inLanguage":"es"},{"@type":"Organization","@id":"https:\/\/fuentesfidedignas.com.mx\/#organization","name":"Fuentes Fidedignas","url":"https:\/\/fuentesfidedignas.com.mx\/","logo":{"@type":"ImageObject","inLanguage":"es","@id":"https:\/\/fuentesfidedignas.com.mx\/#\/schema\/logo\/image\/","url":"https:\/\/fuentesfidedignas.com.mx\/wp-content\/uploads\/2021\/04\/logo-retina.png","contentUrl":"https:\/\/fuentesfidedignas.com.mx\/wp-content\/uploads\/2021\/04\/logo-retina.png","width":280,"height":51,"caption":"Fuentes Fidedignas"},"image":{"@id":"https:\/\/fuentesfidedignas.com.mx\/#\/schema\/logo\/image\/"},"sameAs":["https:\/\/www.facebook.com\/Fuentes-Fidedignas-368234489921644","https:\/\/x.com\/fidedignas"]},{"@type":"Person","@id":"https:\/\/fuentesfidedignas.com.mx\/#\/schema\/person\/2c10028b4a30078c05a056a215342ab9","name":"Marissa Palafox","image":{"@type":"ImageObject","inLanguage":"es","@id":"https:\/\/secure.gravatar.com\/avatar\/20a43bdb2f2db10f20b22d4e98b96eb027faf98f7f76d29854dc5fab46d1cf71?s=96&d=mm&r=g","url":"https:\/\/secure.gravatar.com\/avatar\/20a43bdb2f2db10f20b22d4e98b96eb027faf98f7f76d29854dc5fab46d1cf71?s=96&d=mm&r=g","contentUrl":"https:\/\/secure.gravatar.com\/avatar\/20a43bdb2f2db10f20b22d4e98b96eb027faf98f7f76d29854dc5fab46d1cf71?s=96&d=mm&r=g","caption":"Marissa Palafox"},"url":"https:\/\/fuentesfidedignas.com.mx\/index.php\/author\/marissa\/"}]}},"_links":{"self":[{"href":"https:\/\/fuentesfidedignas.com.mx\/index.php\/wp-json\/wp\/v2\/posts\/29564","targetHints":{"allow":["GET"]}}],"collection":[{"href":"https:\/\/fuentesfidedignas.com.mx\/index.php\/wp-json\/wp\/v2\/posts"}],"about":[{"href":"https:\/\/fuentesfidedignas.com.mx\/index.php\/wp-json\/wp\/v2\/types\/post"}],"author":[{"embeddable":true,"href":"https:\/\/fuentesfidedignas.com.mx\/index.php\/wp-json\/wp\/v2\/users\/11"}],"replies":[{"embeddable":true,"href":"https:\/\/fuentesfidedignas.com.mx\/index.php\/wp-json\/wp\/v2\/comments?post=29564"}],"version-history":[{"count":3,"href":"https:\/\/fuentesfidedignas.com.mx\/index.php\/wp-json\/wp\/v2\/posts\/29564\/revisions"}],"predecessor-version":[{"id":29586,"href":"https:\/\/fuentesfidedignas.com.mx\/index.php\/wp-json\/wp\/v2\/posts\/29564\/revisions\/29586"}],"wp:featuredmedia":[{"embeddable":true,"href":"https:\/\/fuentesfidedignas.com.mx\/index.php\/wp-json\/wp\/v2\/media\/29582"}],"wp:attachment":[{"href":"https:\/\/fuentesfidedignas.com.mx\/index.php\/wp-json\/wp\/v2\/media?parent=29564"}],"wp:term":[{"taxonomy":"category","embeddable":true,"href":"https:\/\/fuentesfidedignas.com.mx\/index.php\/wp-json\/wp\/v2\/categories?post=29564"},{"taxonomy":"post_tag","embeddable":true,"href":"https:\/\/fuentesfidedignas.com.mx\/index.php\/wp-json\/wp\/v2\/tags?post=29564"}],"curies":[{"name":"wp","href":"https:\/\/api.w.org\/{rel}","templated":true}]}}